{"id":11546,"date":"2025-10-04T12:09:02","date_gmt":"2025-10-04T11:09:02","guid":{"rendered":"https:\/\/fundacioncajaruraldelsur.com\/?p=11546"},"modified":"2025-10-04T12:09:02","modified_gmt":"2025-10-04T11:09:02","slug":"presentacion-en-la-fundacion-caja-rural-del-sur-de-los-libros-ganadores-del-iii-premio-de-ecopoesia-puente-del-guadiana","status":"publish","type":"post","link":"https:\/\/fundacioncajaruraldelsur.com\/pt\/presentacion-en-la-fundacion-caja-rural-del-sur-de-los-libros-ganadores-del-iii-premio-de-ecopoesia-puente-del-guadiana\/","title":{"rendered":"Presentaci\u00f3n en la Fundaci\u00f3n Caja Rural del Sur de los libros ganadores del III Premio de Ecopoes\u00eda \u2018Puente del Guadiana\u2019"},"content":{"rendered":"<p><strong>Los tres autores ganadores del III Premio de Ecopoes\u00eda \u2018Puente del Guadiana\u2019, que patrocina la Fundaci\u00f3n Caja Rural del Sur y convoca la Asociaci\u00f3n Cultural \u2018Santiago Aguaded Landero\u2019<\/strong>, han presentado sus respectivas obras en el Centro Cultural \u2018Jos\u00e9 Luis Garc\u00eda Palacios\u2019 de Huelva y le\u00eddo los poemas elegidos que tambi\u00e9n aparecen en los libros editados con las dos lenguas, en castellano y en portugu\u00e9s.<\/p>\n<p>La responsable de la Gesti\u00f3n Cultural en la Fundaci\u00f3n Caja Rural de Sur, Mar\u00eda Luisa Garc\u00eda-Palacios \u00c1lvarez, fue la encargada de abrir el acto dando la bienvenida a los miembros de la Asociaci\u00f3n Cultural \u2018Santiago Aguaded Landero\u2019 y a los tres autores premiados, Jorge Fern\u00e1ndez Gonzalo y Alba Lobera, de Espa\u00f1a, y Jos\u00e9 Carlos Barros, de Portugal. Explic\u00f3 la representante de la Fundaci\u00f3n el porqu\u00e9 del apoyo dado a estos premios literarios que une a las lenguas de los dos pa\u00edses en los que Caja Rural del Sur est\u00e1 implantada como entidad financiera, anunciado que tambi\u00e9n se va a patrocinar el IV Certamen ya convocado y que abri\u00f3 el plazo de presentaci\u00f3n de obras desde el d\u00eda 1 de octubre.<\/p>\n<p>El presidente de la Asociaci\u00f3n Cultural \u2018Santiago Aguaded Landero\u2019 agradeci\u00f3 la colaboraci\u00f3n recibida desde la Fundaci\u00f3n Caja Rural del Sur y destac\u00f3 el aumento importante de obras presentadas en esta III edici\u00f3n, que \u201cvamos a superar con creces en la convocatoria que acabamos de abrir lo que acredita el inter\u00e9s de los autores por estos premios\u201d.<\/p>\n<p>Algo que tambi\u00e9n elogiaron Jorge Fern\u00e1ndez Gonzalo y Alba Lobera y Jos\u00e9 Carlos Barros al subir al estrado para leer sus respectivos poemas con frases tan significativas, en referencia a la desembocadura del Guadiana, como que \u201cen el estuario se mezclan las innumerables aguas de las dos orillas, del vasto mar, de todos los arroyos de las laderas, y que, por tanto, en todo el mundo s\u00f3lo hay\/una \u00fanica agua\/ y un \u00fanico r\u00edo\u201d (poema del portugu\u00e9s Jos\u00e9 Carlos Barros).<\/p>\n<p>El escritor madrile\u00f1o Jorge Fern\u00e1ndez Gonzalo, ganador del III Premio de Ecopoes\u00eda Puente de Guadiana, en su modalidad en lengua espa\u00f1ola, con el t\u00edtulo de \u2018Canci\u00f3n oculta\u2019, es profesor de Filosof\u00eda en la Universidad Complutense de Madrid, ha desarrollado una importante labor como traductor de autores extranjeros y obtuvo el Premio Hiperi\u00f3n de Poes\u00eda Joven en el 2004. Alba Lobera, a la que se le concedi\u00f3 la menci\u00f3n especial por la obra \u201cFragmentos del ser\u201d, ha realizado estudios de periodismo y filolog\u00eda hisp\u00e1nica es fundadora y directora de la revista \u2018Rasgando la penumbra\u2019. Y Jos\u00e9 Carlos Barros, premio con la lengua del vecino pa\u00eds con el t\u00edtulo: \u2018Los artificios del nombre\u201d, es licenciado en Arquitectura Paisaj\u00edstica por la Universidad de \u00c9vora y ha sido director del Parque Natural de la Ria Formosa y la Reserva Natural do Sapal de Castro Mar\u00edn y Villa Real de Santo Antonio. Autor de tres novelas habiendo ganado los premios \u2018Le Ya\u2019 (abril de 2022) y el Premio Nacional de Poes\u00eda Sebasti\u00e0o da Gama en el 2009.<\/p>\n<p>&nbsp;<\/p>\n<p>&nbsp;<\/p>","protected":false},"excerpt":{"rendered":"<p>Los tres autores ganadores del III Premio de Ecopoes\u00eda \u2018Puente del Guadiana\u2019, que patrocina la Fundaci\u00f3n Caja Rural del Sur y convoca la Asociaci\u00f3n Cultural \u2018Santiago Aguaded Landero\u2019, han presentado [&hellip;]<\/p>\n","protected":false},"author":6,"featured_media":11547,"comment_status":"closed","ping_status":"closed","sticky":false,"template":"","format":"standard","meta":{"footnotes":""},"categories":[84],"tags":[],"class_list":["post-11546","post","type-post","status-publish","format-standard","has-post-thumbnail","hentry","category-presentaciones"],"yoast_head":"<!-- This site is optimized with the Yoast SEO plugin v27.3 - https:\/\/yoast.com\/product\/yoast-seo-wordpress\/ -->\n<title>Presentaci\u00f3n en la Fundaci\u00f3n Caja Rural del Sur de los libros ganadores del III Premio de Ecopoes\u00eda \u2018Puente del Guadiana\u2019 - Fundaci\u00f3n Caja Rural del Sur<\/title>\n<meta name=\"robots\" content=\"index, follow, max-snippet:-1, max-image-preview:large, max-video-preview:-1\" \/>\n<link rel=\"canonical\" href=\"https:\/\/fundacioncajaruraldelsur.com\/pt\/presentacion-en-la-fundacion-caja-rural-del-sur-de-los-libros-ganadores-del-iii-premio-de-ecopoesia-puente-del-guadiana\/\" \/>\n<meta property=\"og:locale\" content=\"pt_PT\" \/>\n<meta property=\"og:type\" content=\"article\" \/>\n<meta property=\"og:title\" content=\"Presentaci\u00f3n en la Fundaci\u00f3n Caja Rural del Sur de los libros ganadores del III Premio de Ecopoes\u00eda \u2018Puente del Guadiana\u2019 - Fundaci\u00f3n Caja Rural del Sur\" \/>\n<meta property=\"og:description\" content=\"Los tres autores ganadores del III Premio de Ecopoes\u00eda \u2018Puente del Guadiana\u2019, que patrocina la Fundaci\u00f3n Caja Rural del Sur y convoca la Asociaci\u00f3n Cultural \u2018Santiago Aguaded Landero\u2019, han presentado [&hellip;]\" \/>\n<meta property=\"og:url\" content=\"https:\/\/fundacioncajaruraldelsur.com\/pt\/presentacion-en-la-fundacion-caja-rural-del-sur-de-los-libros-ganadores-del-iii-premio-de-ecopoesia-puente-del-guadiana\/\" \/>\n<meta property=\"og:site_name\" content=\"Fundaci\u00f3n Caja Rural del Sur\" \/>\n<meta property=\"article:published_time\" content=\"2025-10-04T11:09:02+00:00\" \/>\n<meta property=\"og:image\" content=\"https:\/\/fundacioncajaruraldelsur.com\/wp-content\/uploads\/2025\/10\/251004.-Presentacion-en-la-Fundacion-Caja-Rural-del-Sur-de-los-libros-de-los-ganadores-del-Certamen-1.jpg\" \/>\n\t<meta property=\"og:image:width\" content=\"2410\" \/>\n\t<meta property=\"og:image:height\" content=\"1808\" \/>\n\t<meta property=\"og:image:type\" content=\"image\/jpeg\" \/>\n<meta name=\"author\" content=\"Comunicaci\u00f3n\" \/>\n<meta name=\"twitter:card\" content=\"summary_large_image\" \/>\n<meta name=\"twitter:label1\" content=\"Written by\" \/>\n\t<meta name=\"twitter:data1\" content=\"Comunicaci\u00f3n\" \/>\n\t<meta name=\"twitter:label2\" content=\"Est. reading time\" \/>\n\t<meta name=\"twitter:data2\" content=\"3 minutes\" \/>\n<script type=\"application\/ld+json\" class=\"yoast-schema-graph\">{\"@context\":\"https:\\\/\\\/schema.org\",\"@graph\":[{\"@type\":\"Article\",\"@id\":\"https:\\\/\\\/fundacioncajaruraldelsur.com\\\/presentacion-en-la-fundacion-caja-rural-del-sur-de-los-libros-ganadores-del-iii-premio-de-ecopoesia-puente-del-guadiana\\\/#article\",\"isPartOf\":{\"@id\":\"https:\\\/\\\/fundacioncajaruraldelsur.com\\\/presentacion-en-la-fundacion-caja-rural-del-sur-de-los-libros-ganadores-del-iii-premio-de-ecopoesia-puente-del-guadiana\\\/\"},\"author\":{\"name\":\"Comunicaci\u00f3n\",\"@id\":\"https:\\\/\\\/fundacioncajaruraldelsur.com\\\/#\\\/schema\\\/person\\\/f430da9fb783d505ff061ad8b3d44577\"},\"headline\":\"Presentaci\u00f3n en la Fundaci\u00f3n Caja Rural del Sur de los libros ganadores del III Premio de Ecopoes\u00eda \u2018Puente del Guadiana\u2019\",\"datePublished\":\"2025-10-04T11:09:02+00:00\",\"mainEntityOfPage\":{\"@id\":\"https:\\\/\\\/fundacioncajaruraldelsur.com\\\/presentacion-en-la-fundacion-caja-rural-del-sur-de-los-libros-ganadores-del-iii-premio-de-ecopoesia-puente-del-guadiana\\\/\"},\"wordCount\":561,\"image\":{\"@id\":\"https:\\\/\\\/fundacioncajaruraldelsur.com\\\/presentacion-en-la-fundacion-caja-rural-del-sur-de-los-libros-ganadores-del-iii-premio-de-ecopoesia-puente-del-guadiana\\\/#primaryimage\"},\"thumbnailUrl\":\"https:\\\/\\\/fundacioncajaruraldelsur.com\\\/wp-content\\\/uploads\\\/2025\\\/10\\\/251004.-Presentacion-en-la-Fundacion-Caja-Rural-del-Sur-de-los-libros-de-los-ganadores-del-Certamen-1.jpg\",\"articleSection\":[\"Presentaciones\"],\"inLanguage\":\"pt-PT\"},{\"@type\":\"WebPage\",\"@id\":\"https:\\\/\\\/fundacioncajaruraldelsur.com\\\/presentacion-en-la-fundacion-caja-rural-del-sur-de-los-libros-ganadores-del-iii-premio-de-ecopoesia-puente-del-guadiana\\\/\",\"url\":\"https:\\\/\\\/fundacioncajaruraldelsur.com\\\/presentacion-en-la-fundacion-caja-rural-del-sur-de-los-libros-ganadores-del-iii-premio-de-ecopoesia-puente-del-guadiana\\\/\",\"name\":\"Presentaci\u00f3n en la Fundaci\u00f3n Caja Rural del Sur de los libros ganadores del III Premio de Ecopoes\u00eda \u2018Puente del Guadiana\u2019 - Fundaci\u00f3n Caja Rural del Sur\",\"isPartOf\":{\"@id\":\"https:\\\/\\\/fundacioncajaruraldelsur.com\\\/#website\"},\"primaryImageOfPage\":{\"@id\":\"https:\\\/\\\/fundacioncajaruraldelsur.com\\\/presentacion-en-la-fundacion-caja-rural-del-sur-de-los-libros-ganadores-del-iii-premio-de-ecopoesia-puente-del-guadiana\\\/#primaryimage\"},\"image\":{\"@id\":\"https:\\\/\\\/fundacioncajaruraldelsur.com\\\/presentacion-en-la-fundacion-caja-rural-del-sur-de-los-libros-ganadores-del-iii-premio-de-ecopoesia-puente-del-guadiana\\\/#primaryimage\"},\"thumbnailUrl\":\"https:\\\/\\\/fundacioncajaruraldelsur.com\\\/wp-content\\\/uploads\\\/2025\\\/10\\\/251004.-Presentacion-en-la-Fundacion-Caja-Rural-del-Sur-de-los-libros-de-los-ganadores-del-Certamen-1.jpg\",\"datePublished\":\"2025-10-04T11:09:02+00:00\",\"author\":{\"@id\":\"https:\\\/\\\/fundacioncajaruraldelsur.com\\\/#\\\/schema\\\/person\\\/f430da9fb783d505ff061ad8b3d44577\"},\"breadcrumb\":{\"@id\":\"https:\\\/\\\/fundacioncajaruraldelsur.com\\\/presentacion-en-la-fundacion-caja-rural-del-sur-de-los-libros-ganadores-del-iii-premio-de-ecopoesia-puente-del-guadiana\\\/#breadcrumb\"},\"inLanguage\":\"pt-PT\",\"potentialAction\":[{\"@type\":\"ReadAction\",\"target\":[\"https:\\\/\\\/fundacioncajaruraldelsur.com\\\/presentacion-en-la-fundacion-caja-rural-del-sur-de-los-libros-ganadores-del-iii-premio-de-ecopoesia-puente-del-guadiana\\\/\"]}]},{\"@type\":\"ImageObject\",\"inLanguage\":\"pt-PT\",\"@id\":\"https:\\\/\\\/fundacioncajaruraldelsur.com\\\/presentacion-en-la-fundacion-caja-rural-del-sur-de-los-libros-ganadores-del-iii-premio-de-ecopoesia-puente-del-guadiana\\\/#primaryimage\",\"url\":\"https:\\\/\\\/fundacioncajaruraldelsur.com\\\/wp-content\\\/uploads\\\/2025\\\/10\\\/251004.-Presentacion-en-la-Fundacion-Caja-Rural-del-Sur-de-los-libros-de-los-ganadores-del-Certamen-1.jpg\",\"contentUrl\":\"https:\\\/\\\/fundacioncajaruraldelsur.com\\\/wp-content\\\/uploads\\\/2025\\\/10\\\/251004.-Presentacion-en-la-Fundacion-Caja-Rural-del-Sur-de-los-libros-de-los-ganadores-del-Certamen-1.jpg\",\"width\":2410,\"height\":1808},{\"@type\":\"BreadcrumbList\",\"@id\":\"https:\\\/\\\/fundacioncajaruraldelsur.com\\\/presentacion-en-la-fundacion-caja-rural-del-sur-de-los-libros-ganadores-del-iii-premio-de-ecopoesia-puente-del-guadiana\\\/#breadcrumb\",\"itemListElement\":[{\"@type\":\"ListItem\",\"position\":1,\"name\":\"Portada\",\"item\":\"https:\\\/\\\/fundacioncajaruraldelsur.com\\\/\"},{\"@type\":\"ListItem\",\"position\":2,\"name\":\"Presentaci\u00f3n en la Fundaci\u00f3n Caja Rural del Sur de los libros ganadores del III Premio de Ecopoes\u00eda \u2018Puente del Guadiana\u2019\"}]},{\"@type\":\"WebSite\",\"@id\":\"https:\\\/\\\/fundacioncajaruraldelsur.com\\\/#website\",\"url\":\"https:\\\/\\\/fundacioncajaruraldelsur.com\\\/\",\"name\":\"Fundaci\u00f3n Caja Rural del Sur\",\"description\":\"\",\"potentialAction\":[{\"@type\":\"SearchAction\",\"target\":{\"@type\":\"EntryPoint\",\"urlTemplate\":\"https:\\\/\\\/fundacioncajaruraldelsur.com\\\/?s={search_term_string}\"},\"query-input\":{\"@type\":\"PropertyValueSpecification\",\"valueRequired\":true,\"valueName\":\"search_term_string\"}}],\"inLanguage\":\"pt-PT\"},{\"@type\":\"Person\",\"@id\":\"https:\\\/\\\/fundacioncajaruraldelsur.com\\\/#\\\/schema\\\/person\\\/f430da9fb783d505ff061ad8b3d44577\",\"name\":\"Comunicaci\u00f3n\",\"image\":{\"@type\":\"ImageObject\",\"inLanguage\":\"pt-PT\",\"@id\":\"https:\\\/\\\/secure.gravatar.com\\\/avatar\\\/0dca239875993680bac4603ad2de7942da018f52cc3a244578e0b3b09314a8d8?s=96&d=blank&r=g\",\"url\":\"https:\\\/\\\/secure.gravatar.com\\\/avatar\\\/0dca239875993680bac4603ad2de7942da018f52cc3a244578e0b3b09314a8d8?s=96&d=blank&r=g\",\"contentUrl\":\"https:\\\/\\\/secure.gravatar.com\\\/avatar\\\/0dca239875993680bac4603ad2de7942da018f52cc3a244578e0b3b09314a8d8?s=96&d=blank&r=g\",\"caption\":\"Comunicaci\u00f3n\"}}]}<\/script>\n<!-- \/ Yoast SEO plugin. -->","yoast_head_json":{"title":"Presentaci\u00f3n en la Fundaci\u00f3n Caja Rural del Sur de los libros ganadores del III Premio de Ecopoes\u00eda \u2018Puente del Guadiana\u2019 - Fundaci\u00f3n Caja Rural del Sur","robots":{"index":"index","follow":"follow","max-snippet":"max-snippet:-1","max-image-preview":"max-image-preview:large","max-video-preview":"max-video-preview:-1"},"canonical":"https:\/\/fundacioncajaruraldelsur.com\/pt\/presentacion-en-la-fundacion-caja-rural-del-sur-de-los-libros-ganadores-del-iii-premio-de-ecopoesia-puente-del-guadiana\/","og_locale":"pt_PT","og_type":"article","og_title":"Presentaci\u00f3n en la Fundaci\u00f3n Caja Rural del Sur de los libros ganadores del III Premio de Ecopoes\u00eda \u2018Puente del Guadiana\u2019 - Fundaci\u00f3n Caja Rural del Sur","og_description":"Los tres autores ganadores del III Premio de Ecopoes\u00eda \u2018Puente del Guadiana\u2019, que patrocina la Fundaci\u00f3n Caja Rural del Sur y convoca la Asociaci\u00f3n Cultural \u2018Santiago Aguaded Landero\u2019, han presentado [&hellip;]","og_url":"https:\/\/fundacioncajaruraldelsur.com\/pt\/presentacion-en-la-fundacion-caja-rural-del-sur-de-los-libros-ganadores-del-iii-premio-de-ecopoesia-puente-del-guadiana\/","og_site_name":"Fundaci\u00f3n Caja Rural del Sur","article_published_time":"2025-10-04T11:09:02+00:00","og_image":[{"width":2410,"height":1808,"url":"https:\/\/fundacioncajaruraldelsur.com\/wp-content\/uploads\/2025\/10\/251004.-Presentacion-en-la-Fundacion-Caja-Rural-del-Sur-de-los-libros-de-los-ganadores-del-Certamen-1.jpg","type":"image\/jpeg"}],"author":"Comunicaci\u00f3n","twitter_card":"summary_large_image","twitter_misc":{"Written by":"Comunicaci\u00f3n","Est. reading time":"3 minutes"},"schema":{"@context":"https:\/\/schema.org","@graph":[{"@type":"Article","@id":"https:\/\/fundacioncajaruraldelsur.com\/presentacion-en-la-fundacion-caja-rural-del-sur-de-los-libros-ganadores-del-iii-premio-de-ecopoesia-puente-del-guadiana\/#article","isPartOf":{"@id":"https:\/\/fundacioncajaruraldelsur.com\/presentacion-en-la-fundacion-caja-rural-del-sur-de-los-libros-ganadores-del-iii-premio-de-ecopoesia-puente-del-guadiana\/"},"author":{"name":"Comunicaci\u00f3n","@id":"https:\/\/fundacioncajaruraldelsur.com\/#\/schema\/person\/f430da9fb783d505ff061ad8b3d44577"},"headline":"Presentaci\u00f3n en la Fundaci\u00f3n Caja Rural del Sur de los libros ganadores del III Premio de Ecopoes\u00eda \u2018Puente del Guadiana\u2019","datePublished":"2025-10-04T11:09:02+00:00","mainEntityOfPage":{"@id":"https:\/\/fundacioncajaruraldelsur.com\/presentacion-en-la-fundacion-caja-rural-del-sur-de-los-libros-ganadores-del-iii-premio-de-ecopoesia-puente-del-guadiana\/"},"wordCount":561,"image":{"@id":"https:\/\/fundacioncajaruraldelsur.com\/presentacion-en-la-fundacion-caja-rural-del-sur-de-los-libros-ganadores-del-iii-premio-de-ecopoesia-puente-del-guadiana\/#primaryimage"},"thumbnailUrl":"https:\/\/fundacioncajaruraldelsur.com\/wp-content\/uploads\/2025\/10\/251004.-Presentacion-en-la-Fundacion-Caja-Rural-del-Sur-de-los-libros-de-los-ganadores-del-Certamen-1.jpg","articleSection":["Presentaciones"],"inLanguage":"pt-PT"},{"@type":"WebPage","@id":"https:\/\/fundacioncajaruraldelsur.com\/presentacion-en-la-fundacion-caja-rural-del-sur-de-los-libros-ganadores-del-iii-premio-de-ecopoesia-puente-del-guadiana\/","url":"https:\/\/fundacioncajaruraldelsur.com\/presentacion-en-la-fundacion-caja-rural-del-sur-de-los-libros-ganadores-del-iii-premio-de-ecopoesia-puente-del-guadiana\/","name":"Presentaci\u00f3n en la Fundaci\u00f3n Caja Rural del Sur de los libros ganadores del III Premio de Ecopoes\u00eda \u2018Puente del Guadiana\u2019 - Fundaci\u00f3n Caja Rural del Sur","isPartOf":{"@id":"https:\/\/fundacioncajaruraldelsur.com\/#website"},"primaryImageOfPage":{"@id":"https:\/\/fundacioncajaruraldelsur.com\/presentacion-en-la-fundacion-caja-rural-del-sur-de-los-libros-ganadores-del-iii-premio-de-ecopoesia-puente-del-guadiana\/#primaryimage"},"image":{"@id":"https:\/\/fundacioncajaruraldelsur.com\/presentacion-en-la-fundacion-caja-rural-del-sur-de-los-libros-ganadores-del-iii-premio-de-ecopoesia-puente-del-guadiana\/#primaryimage"},"thumbnailUrl":"https:\/\/fundacioncajaruraldelsur.com\/wp-content\/uploads\/2025\/10\/251004.-Presentacion-en-la-Fundacion-Caja-Rural-del-Sur-de-los-libros-de-los-ganadores-del-Certamen-1.jpg","datePublished":"2025-10-04T11:09:02+00:00","author":{"@id":"https:\/\/fundacioncajaruraldelsur.com\/#\/schema\/person\/f430da9fb783d505ff061ad8b3d44577"},"breadcrumb":{"@id":"https:\/\/fundacioncajaruraldelsur.com\/presentacion-en-la-fundacion-caja-rural-del-sur-de-los-libros-ganadores-del-iii-premio-de-ecopoesia-puente-del-guadiana\/#breadcrumb"},"inLanguage":"pt-PT","potentialAction":[{"@type":"ReadAction","target":["https:\/\/fundacioncajaruraldelsur.com\/presentacion-en-la-fundacion-caja-rural-del-sur-de-los-libros-ganadores-del-iii-premio-de-ecopoesia-puente-del-guadiana\/"]}]},{"@type":"ImageObject","inLanguage":"pt-PT","@id":"https:\/\/fundacioncajaruraldelsur.com\/presentacion-en-la-fundacion-caja-rural-del-sur-de-los-libros-ganadores-del-iii-premio-de-ecopoesia-puente-del-guadiana\/#primaryimage","url":"https:\/\/fundacioncajaruraldelsur.com\/wp-content\/uploads\/2025\/10\/251004.-Presentacion-en-la-Fundacion-Caja-Rural-del-Sur-de-los-libros-de-los-ganadores-del-Certamen-1.jpg","contentUrl":"https:\/\/fundacioncajaruraldelsur.com\/wp-content\/uploads\/2025\/10\/251004.-Presentacion-en-la-Fundacion-Caja-Rural-del-Sur-de-los-libros-de-los-ganadores-del-Certamen-1.jpg","width":2410,"height":1808},{"@type":"BreadcrumbList","@id":"https:\/\/fundacioncajaruraldelsur.com\/presentacion-en-la-fundacion-caja-rural-del-sur-de-los-libros-ganadores-del-iii-premio-de-ecopoesia-puente-del-guadiana\/#breadcrumb","itemListElement":[{"@type":"ListItem","position":1,"name":"Portada","item":"https:\/\/fundacioncajaruraldelsur.com\/"},{"@type":"ListItem","position":2,"name":"Presentaci\u00f3n en la Fundaci\u00f3n Caja Rural del Sur de los libros ganadores del III Premio de Ecopoes\u00eda \u2018Puente del Guadiana\u2019"}]},{"@type":"WebSite","@id":"https:\/\/fundacioncajaruraldelsur.com\/#website","url":"https:\/\/fundacioncajaruraldelsur.com\/","name":"Funda\u00e7\u00e3o Caja Rural del Sur","description":"","potentialAction":[{"@type":"SearchAction","target":{"@type":"EntryPoint","urlTemplate":"https:\/\/fundacioncajaruraldelsur.com\/?s={search_term_string}"},"query-input":{"@type":"PropertyValueSpecification","valueRequired":true,"valueName":"search_term_string"}}],"inLanguage":"pt-PT"},{"@type":"Person","@id":"https:\/\/fundacioncajaruraldelsur.com\/#\/schema\/person\/f430da9fb783d505ff061ad8b3d44577","name":"Comunicaci\u00f3n","image":{"@type":"ImageObject","inLanguage":"pt-PT","@id":"https:\/\/secure.gravatar.com\/avatar\/0dca239875993680bac4603ad2de7942da018f52cc3a244578e0b3b09314a8d8?s=96&d=blank&r=g","url":"https:\/\/secure.gravatar.com\/avatar\/0dca239875993680bac4603ad2de7942da018f52cc3a244578e0b3b09314a8d8?s=96&d=blank&r=g","contentUrl":"https:\/\/secure.gravatar.com\/avatar\/0dca239875993680bac4603ad2de7942da018f52cc3a244578e0b3b09314a8d8?s=96&d=blank&r=g","caption":"Comunicaci\u00f3n"}}]}},"rttpg_featured_image_url":{"full":["https:\/\/fundacioncajaruraldelsur.com\/wp-content\/uploads\/2025\/10\/251004.-Presentacion-en-la-Fundacion-Caja-Rural-del-Sur-de-los-libros-de-los-ganadores-del-Certamen-1.jpg",2410,1808,false],"landscape":["https:\/\/fundacioncajaruraldelsur.com\/wp-content\/uploads\/2025\/10\/251004.-Presentacion-en-la-Fundacion-Caja-Rural-del-Sur-de-los-libros-de-los-ganadores-del-Certamen-1.jpg",2410,1808,false],"portraits":["https:\/\/fundacioncajaruraldelsur.com\/wp-content\/uploads\/2025\/10\/251004.-Presentacion-en-la-Fundacion-Caja-Rural-del-Sur-de-los-libros-de-los-ganadores-del-Certamen-1.jpg",2410,1808,false],"thumbnail":["https:\/\/fundacioncajaruraldelsur.com\/wp-content\/uploads\/2025\/10\/251004.-Presentacion-en-la-Fundacion-Caja-Rural-del-Sur-de-los-libros-de-los-ganadores-del-Certamen-1-150x150.jpg",150,150,true],"medium":["https:\/\/fundacioncajaruraldelsur.com\/wp-content\/uploads\/2025\/10\/251004.-Presentacion-en-la-Fundacion-Caja-Rural-del-Sur-de-los-libros-de-los-ganadores-del-Certamen-1-300x225.jpg",300,225,true],"large":["https:\/\/fundacioncajaruraldelsur.com\/wp-content\/uploads\/2025\/10\/251004.-Presentacion-en-la-Fundacion-Caja-Rural-del-Sur-de-los-libros-de-los-ganadores-del-Certamen-1-1024x768.jpg",960,720,true],"1536x1536":["https:\/\/fundacioncajaruraldelsur.com\/wp-content\/uploads\/2025\/10\/251004.-Presentacion-en-la-Fundacion-Caja-Rural-del-Sur-de-los-libros-de-los-ganadores-del-Certamen-1-1536x1152.jpg",1536,1152,true],"2048x2048":["https:\/\/fundacioncajaruraldelsur.com\/wp-content\/uploads\/2025\/10\/251004.-Presentacion-en-la-Fundacion-Caja-Rural-del-Sur-de-los-libros-de-los-ganadores-del-Certamen-1-2048x1536.jpg",2048,1536,true],"trp-custom-language-flag":["https:\/\/fundacioncajaruraldelsur.com\/wp-content\/uploads\/2025\/10\/251004.-Presentacion-en-la-Fundacion-Caja-Rural-del-Sur-de-los-libros-de-los-ganadores-del-Certamen-1.jpg",16,12,false],"blog-thumbnail":["https:\/\/fundacioncajaruraldelsur.com\/wp-content\/uploads\/2025\/10\/251004.-Presentacion-en-la-Fundacion-Caja-Rural-del-Sur-de-los-libros-de-los-ganadores-del-Certamen-1-400x200.jpg",400,200,true]},"rttpg_author":{"display_name":"Comunicaci\u00f3n","author_link":"https:\/\/fundacioncajaruraldelsur.com\/pt\/author\/sevillaadmin\/"},"rttpg_comment":0,"rttpg_category":"<a href=\"https:\/\/fundacioncajaruraldelsur.com\/pt\/category\/presentaciones\/\" rel=\"category tag\">Presentaciones<\/a>","rttpg_excerpt":"Los tres autores ganadores del III Premio de Ecopoes\u00eda \u2018Puente del Guadiana\u2019, que patrocina la Fundaci\u00f3n Caja Rural del Sur y convoca la Asociaci\u00f3n Cultural \u2018Santiago Aguaded Landero\u2019, han presentado [&hellip;]","_links":{"self":[{"href":"https:\/\/fundacioncajaruraldelsur.com\/pt\/wp-json\/wp\/v2\/posts\/11546","targetHints":{"allow":["GET"]}}],"collection":[{"href":"https:\/\/fundacioncajaruraldelsur.com\/pt\/wp-json\/wp\/v2\/posts"}],"about":[{"href":"https:\/\/fundacioncajaruraldelsur.com\/pt\/wp-json\/wp\/v2\/types\/post"}],"author":[{"embeddable":true,"href":"https:\/\/fundacioncajaruraldelsur.com\/pt\/wp-json\/wp\/v2\/users\/6"}],"replies":[{"embeddable":true,"href":"https:\/\/fundacioncajaruraldelsur.com\/pt\/wp-json\/wp\/v2\/comments?post=11546"}],"version-history":[{"count":1,"href":"https:\/\/fundacioncajaruraldelsur.com\/pt\/wp-json\/wp\/v2\/posts\/11546\/revisions"}],"predecessor-version":[{"id":11548,"href":"https:\/\/fundacioncajaruraldelsur.com\/pt\/wp-json\/wp\/v2\/posts\/11546\/revisions\/11548"}],"wp:featuredmedia":[{"embeddable":true,"href":"https:\/\/fundacioncajaruraldelsur.com\/pt\/wp-json\/wp\/v2\/media\/11547"}],"wp:attachment":[{"href":"https:\/\/fundacioncajaruraldelsur.com\/pt\/wp-json\/wp\/v2\/media?parent=11546"}],"wp:term":[{"taxonomy":"category","embeddable":true,"href":"https:\/\/fundacioncajaruraldelsur.com\/pt\/wp-json\/wp\/v2\/categories?post=11546"},{"taxonomy":"post_tag","embeddable":true,"href":"https:\/\/fundacioncajaruraldelsur.com\/pt\/wp-json\/wp\/v2\/tags?post=11546"}],"curies":[{"name":"wp","href":"https:\/\/api.w.org\/{rel}","templated":true}]}}