{"id":11536,"date":"2025-10-02T16:13:38","date_gmt":"2025-10-02T15:13:38","guid":{"rendered":"https:\/\/fundacioncajaruraldelsur.com\/?p=11536"},"modified":"2025-10-02T16:13:38","modified_gmt":"2025-10-02T15:13:38","slug":"la-fundacion-caja-rural-del-sur-y-la-fundacion-sebastian-almagro-colaboran-en-la-formacion-de-pilotos-y-mecanicos-de-aviones-y-helicopteros","status":"publish","type":"post","link":"https:\/\/fundacioncajaruraldelsur.com\/pt\/la-fundacion-caja-rural-del-sur-y-la-fundacion-sebastian-almagro-colaboran-en-la-formacion-de-pilotos-y-mecanicos-de-aviones-y-helicopteros\/","title":{"rendered":"La Fundaci\u00f3n Caja Rural del Sur y la Fundaci\u00f3n Sebasti\u00e1n Almagro colaboran en la formaci\u00f3n de pilotos y mec\u00e1nicos de aviones y helic\u00f3pteros"},"content":{"rendered":"<p>A <strong>Funda\u00e7\u00e3o Caja Rural del Sur<\/strong> y la <strong>Fundaci\u00f3n Sebasti\u00e1n Almagro<\/strong> han alcanzado un acuerdo que estrecha los lazos de colaboraci\u00f3n que mantienen ambas entidades en la provincia de C\u00f3rdoba y en Andaluc\u00eda, con objeto de potenciar el crecimiento econ\u00f3mico y social, mediante el fomento de la formaci\u00f3n y la capacitaci\u00f3n especializada de los j\u00f3venes.<\/p>\n<p>La firma del convenio tuvo lugar en C\u00f3rdoba con la participaci\u00f3n del <strong>presidente de la entidad, Jos\u00e9 Luis Garc\u00eda-Palacios \u00c1lvarez, y el presidente de la Fundaci\u00f3n Sebasti\u00e1n Almagro, Miguel \u00c1ngel Tamarit Campuzano.<\/strong><\/p>\n<p>As\u00ed, ambas Fundaciones muestran su disposici\u00f3n a <strong>colaborar en fines que contribuyan al progreso de la comunidad<\/strong> con un impacto positivo y duradero, mediante la promoci\u00f3n del desarrollo empresarial, la innovaci\u00f3n y la responsabilidad social, hacia un futuro m\u00e1s pr\u00f3spero y sostenible.<\/p>\n<p>En el nuevo convenio se incluye facilitar el acceso a las familias a una <strong>formaci\u00f3n aeron\u00e1utica<\/strong> costosa para obtener la titulaci\u00f3n del <strong>curso Integrado de Piloto de Transporte de L\u00edneas A\u00e9reas con Habilitaci\u00f3n Instrumental de Helic\u00f3ptero\u00a0 y de T\u00e9cnico en Mantenimiento de Aeronaves<\/strong> <strong>en un centro homologado por la Agencia Espa\u00f1ola de Seguridad A\u00e9rea<\/strong>, lo que va a permitir disponer de pilotos y mec\u00e1nicos especializados en tareas relacionadas con la seguridad, emergencias y defensa en cualquier pa\u00eds miembro de la Uni\u00f3n Europea de forma oficial.<\/p>\n<p>A <strong>Fundaci\u00f3n \u2018Sebasti\u00e1n Almagro\u2019, constituida por la empresa cordobesa Pegasus Aviaci\u00f3n en 2007<\/strong>, rinde homenaje al insigne aviador y m\u00faltiple campe\u00f3n mundial de vuelo acrob\u00e1tico, Sebasti\u00e1n Almagro, fundador del grupo empresarial en 1966, dejando un legado que ha inspirado a la Fundaci\u00f3n a lo largo de los a\u00f1os.<\/p>","protected":false},"excerpt":{"rendered":"<p>La Fundaci\u00f3n Caja Rural del Sur y la Fundaci\u00f3n Sebasti\u00e1n Almagro han alcanzado un acuerdo que estrecha los lazos de colaboraci\u00f3n que mantienen ambas entidades en la provincia de C\u00f3rdoba [&hellip;]<\/p>\n","protected":false},"author":6,"featured_media":11537,"comment_status":"closed","ping_status":"closed","sticky":false,"template":"","format":"standard","meta":{"footnotes":""},"categories":[67],"tags":[],"class_list":["post-11536","post","type-post","status-publish","format-standard","has-post-thumbnail","hentry","category-convenios"],"yoast_head":"<!-- This site is optimized with the Yoast SEO plugin v27.3 - https:\/\/yoast.com\/product\/yoast-seo-wordpress\/ -->\n<title>La Fundaci\u00f3n Caja Rural del Sur y la Fundaci\u00f3n Sebasti\u00e1n Almagro colaboran en la formaci\u00f3n de pilotos y mec\u00e1nicos de aviones y helic\u00f3pteros - Fundaci\u00f3n Caja Rural del Sur<\/title>\n<meta name=\"robots\" content=\"index, follow, max-snippet:-1, max-image-preview:large, max-video-preview:-1\" \/>\n<link rel=\"canonical\" href=\"https:\/\/fundacioncajaruraldelsur.com\/pt\/la-fundacion-caja-rural-del-sur-y-la-fundacion-sebastian-almagro-colaboran-en-la-formacion-de-pilotos-y-mecanicos-de-aviones-y-helicopteros\/\" \/>\n<meta property=\"og:locale\" content=\"pt_PT\" \/>\n<meta property=\"og:type\" content=\"article\" \/>\n<meta property=\"og:title\" content=\"La Fundaci\u00f3n Caja Rural del Sur y la Fundaci\u00f3n Sebasti\u00e1n Almagro colaboran en la formaci\u00f3n de pilotos y mec\u00e1nicos de aviones y helic\u00f3pteros - Fundaci\u00f3n Caja Rural del Sur\" \/>\n<meta property=\"og:description\" content=\"La Fundaci\u00f3n Caja Rural del Sur y la Fundaci\u00f3n Sebasti\u00e1n Almagro han alcanzado un acuerdo que estrecha los lazos de colaboraci\u00f3n que mantienen ambas entidades en la provincia de C\u00f3rdoba [&hellip;]\" \/>\n<meta property=\"og:url\" content=\"https:\/\/fundacioncajaruraldelsur.com\/pt\/la-fundacion-caja-rural-del-sur-y-la-fundacion-sebastian-almagro-colaboran-en-la-formacion-de-pilotos-y-mecanicos-de-aviones-y-helicopteros\/\" \/>\n<meta property=\"og:site_name\" content=\"Fundaci\u00f3n Caja Rural del Sur\" \/>\n<meta property=\"article:published_time\" content=\"2025-10-02T15:13:38+00:00\" \/>\n<meta property=\"og:image\" content=\"https:\/\/fundacioncajaruraldelsur.com\/wp-content\/uploads\/2025\/10\/251002.-Acuerdo-de-colaboracion-entre-la-Fundacion-Caja-Rural-del-Sur-y-la-de-Sebastian-Almagro-scaled.jpg\" \/>\n\t<meta property=\"og:image:width\" content=\"2560\" \/>\n\t<meta property=\"og:image:height\" content=\"2223\" \/>\n\t<meta property=\"og:image:type\" content=\"image\/jpeg\" \/>\n<meta name=\"author\" content=\"Comunicaci\u00f3n\" \/>\n<meta name=\"twitter:card\" content=\"summary_large_image\" \/>\n<meta name=\"twitter:label1\" content=\"Written by\" \/>\n\t<meta name=\"twitter:data1\" content=\"Comunicaci\u00f3n\" \/>\n\t<meta name=\"twitter:label2\" content=\"Est. reading time\" \/>\n\t<meta name=\"twitter:data2\" content=\"2 minutes\" \/>\n<script type=\"application\/ld+json\" class=\"yoast-schema-graph\">{\"@context\":\"https:\\\/\\\/schema.org\",\"@graph\":[{\"@type\":\"Article\",\"@id\":\"https:\\\/\\\/fundacioncajaruraldelsur.com\\\/la-fundacion-caja-rural-del-sur-y-la-fundacion-sebastian-almagro-colaboran-en-la-formacion-de-pilotos-y-mecanicos-de-aviones-y-helicopteros\\\/#article\",\"isPartOf\":{\"@id\":\"https:\\\/\\\/fundacioncajaruraldelsur.com\\\/la-fundacion-caja-rural-del-sur-y-la-fundacion-sebastian-almagro-colaboran-en-la-formacion-de-pilotos-y-mecanicos-de-aviones-y-helicopteros\\\/\"},\"author\":{\"name\":\"Comunicaci\u00f3n\",\"@id\":\"https:\\\/\\\/fundacioncajaruraldelsur.com\\\/#\\\/schema\\\/person\\\/f430da9fb783d505ff061ad8b3d44577\"},\"headline\":\"La Fundaci\u00f3n Caja Rural del Sur y la Fundaci\u00f3n Sebasti\u00e1n Almagro colaboran en la formaci\u00f3n de pilotos y mec\u00e1nicos de aviones y helic\u00f3pteros\",\"datePublished\":\"2025-10-02T15:13:38+00:00\",\"mainEntityOfPage\":{\"@id\":\"https:\\\/\\\/fundacioncajaruraldelsur.com\\\/la-fundacion-caja-rural-del-sur-y-la-fundacion-sebastian-almagro-colaboran-en-la-formacion-de-pilotos-y-mecanicos-de-aviones-y-helicopteros\\\/\"},\"wordCount\":331,\"image\":{\"@id\":\"https:\\\/\\\/fundacioncajaruraldelsur.com\\\/la-fundacion-caja-rural-del-sur-y-la-fundacion-sebastian-almagro-colaboran-en-la-formacion-de-pilotos-y-mecanicos-de-aviones-y-helicopteros\\\/#primaryimage\"},\"thumbnailUrl\":\"https:\\\/\\\/fundacioncajaruraldelsur.com\\\/wp-content\\\/uploads\\\/2025\\\/10\\\/251002.-Acuerdo-de-colaboracion-entre-la-Fundacion-Caja-Rural-del-Sur-y-la-de-Sebastian-Almagro-scaled.jpg\",\"articleSection\":[\"Convenios\"],\"inLanguage\":\"pt-PT\"},{\"@type\":\"WebPage\",\"@id\":\"https:\\\/\\\/fundacioncajaruraldelsur.com\\\/la-fundacion-caja-rural-del-sur-y-la-fundacion-sebastian-almagro-colaboran-en-la-formacion-de-pilotos-y-mecanicos-de-aviones-y-helicopteros\\\/\",\"url\":\"https:\\\/\\\/fundacioncajaruraldelsur.com\\\/la-fundacion-caja-rural-del-sur-y-la-fundacion-sebastian-almagro-colaboran-en-la-formacion-de-pilotos-y-mecanicos-de-aviones-y-helicopteros\\\/\",\"name\":\"La Fundaci\u00f3n Caja Rural del Sur y la Fundaci\u00f3n Sebasti\u00e1n Almagro colaboran en la formaci\u00f3n de pilotos y mec\u00e1nicos de aviones y helic\u00f3pteros - Fundaci\u00f3n Caja Rural del Sur\",\"isPartOf\":{\"@id\":\"https:\\\/\\\/fundacioncajaruraldelsur.com\\\/#website\"},\"primaryImageOfPage\":{\"@id\":\"https:\\\/\\\/fundacioncajaruraldelsur.com\\\/la-fundacion-caja-rural-del-sur-y-la-fundacion-sebastian-almagro-colaboran-en-la-formacion-de-pilotos-y-mecanicos-de-aviones-y-helicopteros\\\/#primaryimage\"},\"image\":{\"@id\":\"https:\\\/\\\/fundacioncajaruraldelsur.com\\\/la-fundacion-caja-rural-del-sur-y-la-fundacion-sebastian-almagro-colaboran-en-la-formacion-de-pilotos-y-mecanicos-de-aviones-y-helicopteros\\\/#primaryimage\"},\"thumbnailUrl\":\"https:\\\/\\\/fundacioncajaruraldelsur.com\\\/wp-content\\\/uploads\\\/2025\\\/10\\\/251002.-Acuerdo-de-colaboracion-entre-la-Fundacion-Caja-Rural-del-Sur-y-la-de-Sebastian-Almagro-scaled.jpg\",\"datePublished\":\"2025-10-02T15:13:38+00:00\",\"author\":{\"@id\":\"https:\\\/\\\/fundacioncajaruraldelsur.com\\\/#\\\/schema\\\/person\\\/f430da9fb783d505ff061ad8b3d44577\"},\"breadcrumb\":{\"@id\":\"https:\\\/\\\/fundacioncajaruraldelsur.com\\\/la-fundacion-caja-rural-del-sur-y-la-fundacion-sebastian-almagro-colaboran-en-la-formacion-de-pilotos-y-mecanicos-de-aviones-y-helicopteros\\\/#breadcrumb\"},\"inLanguage\":\"pt-PT\",\"potentialAction\":[{\"@type\":\"ReadAction\",\"target\":[\"https:\\\/\\\/fundacioncajaruraldelsur.com\\\/la-fundacion-caja-rural-del-sur-y-la-fundacion-sebastian-almagro-colaboran-en-la-formacion-de-pilotos-y-mecanicos-de-aviones-y-helicopteros\\\/\"]}]},{\"@type\":\"ImageObject\",\"inLanguage\":\"pt-PT\",\"@id\":\"https:\\\/\\\/fundacioncajaruraldelsur.com\\\/la-fundacion-caja-rural-del-sur-y-la-fundacion-sebastian-almagro-colaboran-en-la-formacion-de-pilotos-y-mecanicos-de-aviones-y-helicopteros\\\/#primaryimage\",\"url\":\"https:\\\/\\\/fundacioncajaruraldelsur.com\\\/wp-content\\\/uploads\\\/2025\\\/10\\\/251002.-Acuerdo-de-colaboracion-entre-la-Fundacion-Caja-Rural-del-Sur-y-la-de-Sebastian-Almagro-scaled.jpg\",\"contentUrl\":\"https:\\\/\\\/fundacioncajaruraldelsur.com\\\/wp-content\\\/uploads\\\/2025\\\/10\\\/251002.-Acuerdo-de-colaboracion-entre-la-Fundacion-Caja-Rural-del-Sur-y-la-de-Sebastian-Almagro-scaled.jpg\",\"width\":2560,\"height\":2223},{\"@type\":\"BreadcrumbList\",\"@id\":\"https:\\\/\\\/fundacioncajaruraldelsur.com\\\/la-fundacion-caja-rural-del-sur-y-la-fundacion-sebastian-almagro-colaboran-en-la-formacion-de-pilotos-y-mecanicos-de-aviones-y-helicopteros\\\/#breadcrumb\",\"itemListElement\":[{\"@type\":\"ListItem\",\"position\":1,\"name\":\"Portada\",\"item\":\"https:\\\/\\\/fundacioncajaruraldelsur.com\\\/\"},{\"@type\":\"ListItem\",\"position\":2,\"name\":\"La Fundaci\u00f3n Caja Rural del Sur y la Fundaci\u00f3n Sebasti\u00e1n Almagro colaboran en la formaci\u00f3n de pilotos y mec\u00e1nicos de aviones y helic\u00f3pteros\"}]},{\"@type\":\"WebSite\",\"@id\":\"https:\\\/\\\/fundacioncajaruraldelsur.com\\\/#website\",\"url\":\"https:\\\/\\\/fundacioncajaruraldelsur.com\\\/\",\"name\":\"Fundaci\u00f3n Caja Rural del Sur\",\"description\":\"\",\"potentialAction\":[{\"@type\":\"SearchAction\",\"target\":{\"@type\":\"EntryPoint\",\"urlTemplate\":\"https:\\\/\\\/fundacioncajaruraldelsur.com\\\/?s={search_term_string}\"},\"query-input\":{\"@type\":\"PropertyValueSpecification\",\"valueRequired\":true,\"valueName\":\"search_term_string\"}}],\"inLanguage\":\"pt-PT\"},{\"@type\":\"Person\",\"@id\":\"https:\\\/\\\/fundacioncajaruraldelsur.com\\\/#\\\/schema\\\/person\\\/f430da9fb783d505ff061ad8b3d44577\",\"name\":\"Comunicaci\u00f3n\",\"image\":{\"@type\":\"ImageObject\",\"inLanguage\":\"pt-PT\",\"@id\":\"https:\\\/\\\/secure.gravatar.com\\\/avatar\\\/0dca239875993680bac4603ad2de7942da018f52cc3a244578e0b3b09314a8d8?s=96&d=blank&r=g\",\"url\":\"https:\\\/\\\/secure.gravatar.com\\\/avatar\\\/0dca239875993680bac4603ad2de7942da018f52cc3a244578e0b3b09314a8d8?s=96&d=blank&r=g\",\"contentUrl\":\"https:\\\/\\\/secure.gravatar.com\\\/avatar\\\/0dca239875993680bac4603ad2de7942da018f52cc3a244578e0b3b09314a8d8?s=96&d=blank&r=g\",\"caption\":\"Comunicaci\u00f3n\"}}]}<\/script>\n<!-- \/ Yoast SEO plugin. -->","yoast_head_json":{"title":"La Fundaci\u00f3n Caja Rural del Sur y la Fundaci\u00f3n Sebasti\u00e1n Almagro colaboran en la formaci\u00f3n de pilotos y mec\u00e1nicos de aviones y helic\u00f3pteros - Fundaci\u00f3n Caja Rural del Sur","robots":{"index":"index","follow":"follow","max-snippet":"max-snippet:-1","max-image-preview":"max-image-preview:large","max-video-preview":"max-video-preview:-1"},"canonical":"https:\/\/fundacioncajaruraldelsur.com\/pt\/la-fundacion-caja-rural-del-sur-y-la-fundacion-sebastian-almagro-colaboran-en-la-formacion-de-pilotos-y-mecanicos-de-aviones-y-helicopteros\/","og_locale":"pt_PT","og_type":"article","og_title":"La Fundaci\u00f3n Caja Rural del Sur y la Fundaci\u00f3n Sebasti\u00e1n Almagro colaboran en la formaci\u00f3n de pilotos y mec\u00e1nicos de aviones y helic\u00f3pteros - Fundaci\u00f3n Caja Rural del Sur","og_description":"La Fundaci\u00f3n Caja Rural del Sur y la Fundaci\u00f3n Sebasti\u00e1n Almagro han alcanzado un acuerdo que estrecha los lazos de colaboraci\u00f3n que mantienen ambas entidades en la provincia de C\u00f3rdoba [&hellip;]","og_url":"https:\/\/fundacioncajaruraldelsur.com\/pt\/la-fundacion-caja-rural-del-sur-y-la-fundacion-sebastian-almagro-colaboran-en-la-formacion-de-pilotos-y-mecanicos-de-aviones-y-helicopteros\/","og_site_name":"Fundaci\u00f3n Caja Rural del Sur","article_published_time":"2025-10-02T15:13:38+00:00","og_image":[{"width":2560,"height":2223,"url":"https:\/\/fundacioncajaruraldelsur.com\/wp-content\/uploads\/2025\/10\/251002.-Acuerdo-de-colaboracion-entre-la-Fundacion-Caja-Rural-del-Sur-y-la-de-Sebastian-Almagro-scaled.jpg","type":"image\/jpeg"}],"author":"Comunicaci\u00f3n","twitter_card":"summary_large_image","twitter_misc":{"Written by":"Comunicaci\u00f3n","Est. reading time":"2 minutes"},"schema":{"@context":"https:\/\/schema.org","@graph":[{"@type":"Article","@id":"https:\/\/fundacioncajaruraldelsur.com\/la-fundacion-caja-rural-del-sur-y-la-fundacion-sebastian-almagro-colaboran-en-la-formacion-de-pilotos-y-mecanicos-de-aviones-y-helicopteros\/#article","isPartOf":{"@id":"https:\/\/fundacioncajaruraldelsur.com\/la-fundacion-caja-rural-del-sur-y-la-fundacion-sebastian-almagro-colaboran-en-la-formacion-de-pilotos-y-mecanicos-de-aviones-y-helicopteros\/"},"author":{"name":"Comunicaci\u00f3n","@id":"https:\/\/fundacioncajaruraldelsur.com\/#\/schema\/person\/f430da9fb783d505ff061ad8b3d44577"},"headline":"La Fundaci\u00f3n Caja Rural del Sur y la Fundaci\u00f3n Sebasti\u00e1n Almagro colaboran en la formaci\u00f3n de pilotos y mec\u00e1nicos de aviones y helic\u00f3pteros","datePublished":"2025-10-02T15:13:38+00:00","mainEntityOfPage":{"@id":"https:\/\/fundacioncajaruraldelsur.com\/la-fundacion-caja-rural-del-sur-y-la-fundacion-sebastian-almagro-colaboran-en-la-formacion-de-pilotos-y-mecanicos-de-aviones-y-helicopteros\/"},"wordCount":331,"image":{"@id":"https:\/\/fundacioncajaruraldelsur.com\/la-fundacion-caja-rural-del-sur-y-la-fundacion-sebastian-almagro-colaboran-en-la-formacion-de-pilotos-y-mecanicos-de-aviones-y-helicopteros\/#primaryimage"},"thumbnailUrl":"https:\/\/fundacioncajaruraldelsur.com\/wp-content\/uploads\/2025\/10\/251002.-Acuerdo-de-colaboracion-entre-la-Fundacion-Caja-Rural-del-Sur-y-la-de-Sebastian-Almagro-scaled.jpg","articleSection":["Convenios"],"inLanguage":"pt-PT"},{"@type":"WebPage","@id":"https:\/\/fundacioncajaruraldelsur.com\/la-fundacion-caja-rural-del-sur-y-la-fundacion-sebastian-almagro-colaboran-en-la-formacion-de-pilotos-y-mecanicos-de-aviones-y-helicopteros\/","url":"https:\/\/fundacioncajaruraldelsur.com\/la-fundacion-caja-rural-del-sur-y-la-fundacion-sebastian-almagro-colaboran-en-la-formacion-de-pilotos-y-mecanicos-de-aviones-y-helicopteros\/","name":"La Fundaci\u00f3n Caja Rural del Sur y la Fundaci\u00f3n Sebasti\u00e1n Almagro colaboran en la formaci\u00f3n de pilotos y mec\u00e1nicos de aviones y helic\u00f3pteros - Fundaci\u00f3n Caja Rural del Sur","isPartOf":{"@id":"https:\/\/fundacioncajaruraldelsur.com\/#website"},"primaryImageOfPage":{"@id":"https:\/\/fundacioncajaruraldelsur.com\/la-fundacion-caja-rural-del-sur-y-la-fundacion-sebastian-almagro-colaboran-en-la-formacion-de-pilotos-y-mecanicos-de-aviones-y-helicopteros\/#primaryimage"},"image":{"@id":"https:\/\/fundacioncajaruraldelsur.com\/la-fundacion-caja-rural-del-sur-y-la-fundacion-sebastian-almagro-colaboran-en-la-formacion-de-pilotos-y-mecanicos-de-aviones-y-helicopteros\/#primaryimage"},"thumbnailUrl":"https:\/\/fundacioncajaruraldelsur.com\/wp-content\/uploads\/2025\/10\/251002.-Acuerdo-de-colaboracion-entre-la-Fundacion-Caja-Rural-del-Sur-y-la-de-Sebastian-Almagro-scaled.jpg","datePublished":"2025-10-02T15:13:38+00:00","author":{"@id":"https:\/\/fundacioncajaruraldelsur.com\/#\/schema\/person\/f430da9fb783d505ff061ad8b3d44577"},"breadcrumb":{"@id":"https:\/\/fundacioncajaruraldelsur.com\/la-fundacion-caja-rural-del-sur-y-la-fundacion-sebastian-almagro-colaboran-en-la-formacion-de-pilotos-y-mecanicos-de-aviones-y-helicopteros\/#breadcrumb"},"inLanguage":"pt-PT","potentialAction":[{"@type":"ReadAction","target":["https:\/\/fundacioncajaruraldelsur.com\/la-fundacion-caja-rural-del-sur-y-la-fundacion-sebastian-almagro-colaboran-en-la-formacion-de-pilotos-y-mecanicos-de-aviones-y-helicopteros\/"]}]},{"@type":"ImageObject","inLanguage":"pt-PT","@id":"https:\/\/fundacioncajaruraldelsur.com\/la-fundacion-caja-rural-del-sur-y-la-fundacion-sebastian-almagro-colaboran-en-la-formacion-de-pilotos-y-mecanicos-de-aviones-y-helicopteros\/#primaryimage","url":"https:\/\/fundacioncajaruraldelsur.com\/wp-content\/uploads\/2025\/10\/251002.-Acuerdo-de-colaboracion-entre-la-Fundacion-Caja-Rural-del-Sur-y-la-de-Sebastian-Almagro-scaled.jpg","contentUrl":"https:\/\/fundacioncajaruraldelsur.com\/wp-content\/uploads\/2025\/10\/251002.-Acuerdo-de-colaboracion-entre-la-Fundacion-Caja-Rural-del-Sur-y-la-de-Sebastian-Almagro-scaled.jpg","width":2560,"height":2223},{"@type":"BreadcrumbList","@id":"https:\/\/fundacioncajaruraldelsur.com\/la-fundacion-caja-rural-del-sur-y-la-fundacion-sebastian-almagro-colaboran-en-la-formacion-de-pilotos-y-mecanicos-de-aviones-y-helicopteros\/#breadcrumb","itemListElement":[{"@type":"ListItem","position":1,"name":"Portada","item":"https:\/\/fundacioncajaruraldelsur.com\/"},{"@type":"ListItem","position":2,"name":"La Fundaci\u00f3n Caja Rural del Sur y la Fundaci\u00f3n Sebasti\u00e1n Almagro colaboran en la formaci\u00f3n de pilotos y mec\u00e1nicos de aviones y helic\u00f3pteros"}]},{"@type":"WebSite","@id":"https:\/\/fundacioncajaruraldelsur.com\/#website","url":"https:\/\/fundacioncajaruraldelsur.com\/","name":"Funda\u00e7\u00e3o Caja Rural del Sur","description":"","potentialAction":[{"@type":"SearchAction","target":{"@type":"EntryPoint","urlTemplate":"https:\/\/fundacioncajaruraldelsur.com\/?s={search_term_string}"},"query-input":{"@type":"PropertyValueSpecification","valueRequired":true,"valueName":"search_term_string"}}],"inLanguage":"pt-PT"},{"@type":"Person","@id":"https:\/\/fundacioncajaruraldelsur.com\/#\/schema\/person\/f430da9fb783d505ff061ad8b3d44577","name":"Comunicaci\u00f3n","image":{"@type":"ImageObject","inLanguage":"pt-PT","@id":"https:\/\/secure.gravatar.com\/avatar\/0dca239875993680bac4603ad2de7942da018f52cc3a244578e0b3b09314a8d8?s=96&d=blank&r=g","url":"https:\/\/secure.gravatar.com\/avatar\/0dca239875993680bac4603ad2de7942da018f52cc3a244578e0b3b09314a8d8?s=96&d=blank&r=g","contentUrl":"https:\/\/secure.gravatar.com\/avatar\/0dca239875993680bac4603ad2de7942da018f52cc3a244578e0b3b09314a8d8?s=96&d=blank&r=g","caption":"Comunicaci\u00f3n"}}]}},"rttpg_featured_image_url":{"full":["https:\/\/fundacioncajaruraldelsur.com\/wp-content\/uploads\/2025\/10\/251002.-Acuerdo-de-colaboracion-entre-la-Fundacion-Caja-Rural-del-Sur-y-la-de-Sebastian-Almagro-scaled.jpg",2560,2223,false],"landscape":["https:\/\/fundacioncajaruraldelsur.com\/wp-content\/uploads\/2025\/10\/251002.-Acuerdo-de-colaboracion-entre-la-Fundacion-Caja-Rural-del-Sur-y-la-de-Sebastian-Almagro-scaled.jpg",2560,2223,false],"portraits":["https:\/\/fundacioncajaruraldelsur.com\/wp-content\/uploads\/2025\/10\/251002.-Acuerdo-de-colaboracion-entre-la-Fundacion-Caja-Rural-del-Sur-y-la-de-Sebastian-Almagro-scaled.jpg",2560,2223,false],"thumbnail":["https:\/\/fundacioncajaruraldelsur.com\/wp-content\/uploads\/2025\/10\/251002.-Acuerdo-de-colaboracion-entre-la-Fundacion-Caja-Rural-del-Sur-y-la-de-Sebastian-Almagro-150x150.jpg",150,150,true],"medium":["https:\/\/fundacioncajaruraldelsur.com\/wp-content\/uploads\/2025\/10\/251002.-Acuerdo-de-colaboracion-entre-la-Fundacion-Caja-Rural-del-Sur-y-la-de-Sebastian-Almagro-300x260.jpg",300,260,true],"large":["https:\/\/fundacioncajaruraldelsur.com\/wp-content\/uploads\/2025\/10\/251002.-Acuerdo-de-colaboracion-entre-la-Fundacion-Caja-Rural-del-Sur-y-la-de-Sebastian-Almagro-1024x889.jpg",960,833,true],"1536x1536":["https:\/\/fundacioncajaruraldelsur.com\/wp-content\/uploads\/2025\/10\/251002.-Acuerdo-de-colaboracion-entre-la-Fundacion-Caja-Rural-del-Sur-y-la-de-Sebastian-Almagro-1536x1334.jpg",1536,1334,true],"2048x2048":["https:\/\/fundacioncajaruraldelsur.com\/wp-content\/uploads\/2025\/10\/251002.-Acuerdo-de-colaboracion-entre-la-Fundacion-Caja-Rural-del-Sur-y-la-de-Sebastian-Almagro-2048x1778.jpg",2048,1778,true],"trp-custom-language-flag":["https:\/\/fundacioncajaruraldelsur.com\/wp-content\/uploads\/2025\/10\/251002.-Acuerdo-de-colaboracion-entre-la-Fundacion-Caja-Rural-del-Sur-y-la-de-Sebastian-Almagro-scaled.jpg",14,12,false],"blog-thumbnail":["https:\/\/fundacioncajaruraldelsur.com\/wp-content\/uploads\/2025\/10\/251002.-Acuerdo-de-colaboracion-entre-la-Fundacion-Caja-Rural-del-Sur-y-la-de-Sebastian-Almagro-400x200.jpg",400,200,true]},"rttpg_author":{"display_name":"Comunicaci\u00f3n","author_link":"https:\/\/fundacioncajaruraldelsur.com\/pt\/author\/sevillaadmin\/"},"rttpg_comment":0,"rttpg_category":"<a href=\"https:\/\/fundacioncajaruraldelsur.com\/pt\/category\/convenios\/\" rel=\"category tag\">Convenios<\/a>","rttpg_excerpt":"La Fundaci\u00f3n Caja Rural del Sur y la Fundaci\u00f3n Sebasti\u00e1n Almagro han alcanzado un acuerdo que estrecha los lazos de colaboraci\u00f3n que mantienen ambas entidades en la provincia de C\u00f3rdoba [&hellip;]","_links":{"self":[{"href":"https:\/\/fundacioncajaruraldelsur.com\/pt\/wp-json\/wp\/v2\/posts\/11536","targetHints":{"allow":["GET"]}}],"collection":[{"href":"https:\/\/fundacioncajaruraldelsur.com\/pt\/wp-json\/wp\/v2\/posts"}],"about":[{"href":"https:\/\/fundacioncajaruraldelsur.com\/pt\/wp-json\/wp\/v2\/types\/post"}],"author":[{"embeddable":true,"href":"https:\/\/fundacioncajaruraldelsur.com\/pt\/wp-json\/wp\/v2\/users\/6"}],"replies":[{"embeddable":true,"href":"https:\/\/fundacioncajaruraldelsur.com\/pt\/wp-json\/wp\/v2\/comments?post=11536"}],"version-history":[{"count":1,"href":"https:\/\/fundacioncajaruraldelsur.com\/pt\/wp-json\/wp\/v2\/posts\/11536\/revisions"}],"predecessor-version":[{"id":11538,"href":"https:\/\/fundacioncajaruraldelsur.com\/pt\/wp-json\/wp\/v2\/posts\/11536\/revisions\/11538"}],"wp:featuredmedia":[{"embeddable":true,"href":"https:\/\/fundacioncajaruraldelsur.com\/pt\/wp-json\/wp\/v2\/media\/11537"}],"wp:attachment":[{"href":"https:\/\/fundacioncajaruraldelsur.com\/pt\/wp-json\/wp\/v2\/media?parent=11536"}],"wp:term":[{"taxonomy":"category","embeddable":true,"href":"https:\/\/fundacioncajaruraldelsur.com\/pt\/wp-json\/wp\/v2\/categories?post=11536"},{"taxonomy":"post_tag","embeddable":true,"href":"https:\/\/fundacioncajaruraldelsur.com\/pt\/wp-json\/wp\/v2\/tags?post=11536"}],"curies":[{"name":"wp","href":"https:\/\/api.w.org\/{rel}","templated":true}]}}