{"id":11527,"date":"2025-09-26T07:52:20","date_gmt":"2025-09-26T06:52:20","guid":{"rendered":"https:\/\/fundacioncajaruraldelsur.com\/?p=11527"},"modified":"2025-09-26T07:52:20","modified_gmt":"2025-09-26T06:52:20","slug":"caja-rural-del-sur-distinguida-en-los-viii-premios-felipe-gonzalez-de-canales-al-sector-agrario-y-al-mundo-rural","status":"publish","type":"post","link":"https:\/\/fundacioncajaruraldelsur.com\/pt\/caja-rural-del-sur-distinguida-en-los-viii-premios-felipe-gonzalez-de-canales-al-sector-agrario-y-al-mundo-rural\/","title":{"rendered":"Caja Rural del Sur distinguida en los VIII Premios Felipe Gonz\u00e1lez de Canales al Sector Agrario y al Mundo Rural"},"content":{"rendered":"<p data-start=\"218\" data-end=\"743\">Los VIII Premios Felipe Gonz\u00e1lez de Canales al Sector Agrario y al Mundo Rural, entregados este jueves 25 de septiembre en C\u00f3rdoba, tuvieron un momento especialmente emotivo con la <strong data-start=\"506\" data-end=\"569\">menci\u00f3n especial a Caja Rural del Sur en su 25\u00ba aniversario<\/strong>, una distinci\u00f3n que subray\u00f3 el papel de la entidad como referente cooperativo en Andaluc\u00eda y Portugal, consolidada en un modelo de banca de proximidad y compromiso social. <b>El presidente de la entidad, Jos\u00e9 Luis Garc\u00eda-Palacios, recogi\u00f3 la distinci\u00f3n en estos premios anuales.<\/b><\/p>\n<p data-start=\"745\" data-end=\"1009\">La ceremonia, organizada por Asaja C\u00f3rdoba, La Voz de C\u00f3rdoba, El Debate, el Cabildo Catedral, la Fundaci\u00f3n Caja Rural del Sur y Covap, reuni\u00f3 a representantes del \u00e1mbito agrario, acad\u00e9mico e institucional en un escenario tan simb\u00f3lico como la Mezquita-Catedral.<\/p>\n<p data-start=\"1011\" data-end=\"1481\">El can\u00f3nigo Tom\u00e1s Pajuelo abri\u00f3 el acto recordando con contundencia que \u00absin agro no hay vida\u00bb y defendiendo la sencillez, la perseverancia y la tradici\u00f3n como valores que definen al sector. A su vez, Felipe Gonz\u00e1lez de Canales, presidente del comit\u00e9 de honor y pionero en el asociacionismo agrario, aprovech\u00f3 su intervenci\u00f3n para alertar del \u00abmomento complicad\u00edsimo\u00bb que vive la sociedad y para reclamar un plan hidrol\u00f3gico nacional que garantice el futuro del campo.<\/p>\n<p data-start=\"1483\" data-end=\"1968\">Los premiados de esta octava edici\u00f3n reflejaron la diversidad y el potencial del sector agroalimentario espa\u00f1ol. La mallorquina <strong data-start=\"1611\" data-end=\"1628\">Mar\u00eda Company<\/strong> recibi\u00f3 el galard\u00f3n al Joven Emprendedor; la <strong data-start=\"1674\" data-end=\"1725\">Fundaci\u00f3n ETEA para la Cooperaci\u00f3n y Desarrollo<\/strong>, el premio a la Innovaci\u00f3n e Investigaci\u00f3n; el <strong data-start=\"1773\" data-end=\"1785\">Grupo AN<\/strong>, el reconocimiento a los Valores del Cooperativismo; el investigador <strong data-start=\"1855\" data-end=\"1879\">Jos\u00e9 Antonio Barroso<\/strong>, la distinci\u00f3n en Gastronom\u00eda y Salud; y <strong data-start=\"1921\" data-end=\"1940\">GIS Alimentario<\/strong>, el de Econom\u00eda Circular.<\/p>\n<p data-start=\"1970\" data-end=\"2442\">El acto de clausura estuvo marcado por reflexiones sobre los grandes retos que afronta el campo. El presidente de la Diputaci\u00f3n de C\u00f3rdoba, <strong data-start=\"2110\" data-end=\"2130\">Salvador Fuentes<\/strong>, insisti\u00f3 en la necesidad de rentabilidad y desregulaci\u00f3n, as\u00ed como de garantizar recursos h\u00eddricos e impulsar energ\u00edas limpias y conectividad. El consejero de Justicia, <strong data-start=\"2301\" data-end=\"2323\">Jos\u00e9 Antonio Nieto<\/strong>, destac\u00f3 la inversi\u00f3n hidr\u00e1ulica de la Junta y anunci\u00f3 nuevas ayudas para paliar plagas y enfermedades en el ganado.<\/p>\n<p data-start=\"2444\" data-end=\"2814\">Finalmente, el obispo de C\u00f3rdoba, <strong data-start=\"2478\" data-end=\"2497\">Jes\u00fas Fern\u00e1ndez<\/strong>, cerr\u00f3 la cita evocando la enc\u00edclica <em data-start=\"2535\" data-end=\"2548\">Laudato Si\u2019<\/em> del papa Francisco, donde se recuerda que agricultores y ganaderos son \u00abcuidadores del mundo\u00bb. En su mensaje, llam\u00f3 a un consumo responsable y a valorar la labor de los peque\u00f1os productores como garantes de una vida sostenible y de la esperanza en el medio rural.<\/p>\n<p data-start=\"2816\" data-end=\"3134\">Con este esp\u00edritu, los VIII Premios Felipe Gonz\u00e1lez de Canales dejaron patente que el futuro del campo pasa por reconocer el esfuerzo de quienes, como los galardonados \u2014y especialmente Caja Rural del Sur en su 25\u00ba aniversario\u2014, han sabido mantener viva la esencia del mundo rural y proyectarla hacia nuevos desaf\u00edos.<\/p>","protected":false},"excerpt":{"rendered":"<p>Los VIII Premios Felipe Gonz\u00e1lez de Canales al Sector Agrario y al Mundo Rural, entregados este jueves 25 de septiembre en C\u00f3rdoba, tuvieron un momento especialmente emotivo con la menci\u00f3n [&hellip;]<\/p>\n","protected":false},"author":6,"featured_media":11528,"comment_status":"closed","ping_status":"closed","sticky":false,"template":"","format":"standard","meta":{"footnotes":""},"categories":[64],"tags":[],"class_list":["post-11527","post","type-post","status-publish","format-standard","has-post-thumbnail","hentry","category-premios"],"yoast_head":"<!-- This site is optimized with the Yoast SEO plugin v27.3 - https:\/\/yoast.com\/product\/yoast-seo-wordpress\/ -->\n<title>Caja Rural del Sur distinguida en los VIII Premios Felipe Gonz\u00e1lez de Canales al Sector Agrario y al Mundo Rural - Fundaci\u00f3n Caja Rural del Sur<\/title>\n<meta name=\"robots\" content=\"index, follow, max-snippet:-1, max-image-preview:large, max-video-preview:-1\" \/>\n<link rel=\"canonical\" href=\"https:\/\/fundacioncajaruraldelsur.com\/pt\/caja-rural-del-sur-distinguida-en-los-viii-premios-felipe-gonzalez-de-canales-al-sector-agrario-y-al-mundo-rural\/\" \/>\n<meta property=\"og:locale\" content=\"pt_PT\" \/>\n<meta property=\"og:type\" content=\"article\" \/>\n<meta property=\"og:title\" content=\"Caja Rural del Sur distinguida en los VIII Premios Felipe Gonz\u00e1lez de Canales al Sector Agrario y al Mundo Rural - Fundaci\u00f3n Caja Rural del Sur\" \/>\n<meta property=\"og:description\" content=\"Los VIII Premios Felipe Gonz\u00e1lez de Canales al Sector Agrario y al Mundo Rural, entregados este jueves 25 de septiembre en C\u00f3rdoba, tuvieron un momento especialmente emotivo con la menci\u00f3n [&hellip;]\" \/>\n<meta property=\"og:url\" content=\"https:\/\/fundacioncajaruraldelsur.com\/pt\/caja-rural-del-sur-distinguida-en-los-viii-premios-felipe-gonzalez-de-canales-al-sector-agrario-y-al-mundo-rural\/\" \/>\n<meta property=\"og:site_name\" content=\"Fundaci\u00f3n Caja Rural del Sur\" \/>\n<meta property=\"article:published_time\" content=\"2025-09-26T06:52:20+00:00\" \/>\n<meta property=\"og:image\" content=\"https:\/\/fundacioncajaruraldelsur.com\/wp-content\/uploads\/2025\/09\/Captura-de-pantalla-2025-09-26-084617.png\" \/>\n\t<meta property=\"og:image:width\" content=\"914\" \/>\n\t<meta property=\"og:image:height\" content=\"397\" \/>\n\t<meta property=\"og:image:type\" content=\"image\/png\" \/>\n<meta name=\"author\" content=\"Comunicaci\u00f3n\" \/>\n<meta name=\"twitter:card\" content=\"summary_large_image\" \/>\n<meta name=\"twitter:label1\" content=\"Written by\" \/>\n\t<meta name=\"twitter:data1\" content=\"Comunicaci\u00f3n\" \/>\n\t<meta name=\"twitter:label2\" content=\"Est. reading time\" \/>\n\t<meta name=\"twitter:data2\" content=\"3 minutes\" \/>\n<script type=\"application\/ld+json\" class=\"yoast-schema-graph\">{\"@context\":\"https:\\\/\\\/schema.org\",\"@graph\":[{\"@type\":\"Article\",\"@id\":\"https:\\\/\\\/fundacioncajaruraldelsur.com\\\/caja-rural-del-sur-distinguida-en-los-viii-premios-felipe-gonzalez-de-canales-al-sector-agrario-y-al-mundo-rural\\\/#article\",\"isPartOf\":{\"@id\":\"https:\\\/\\\/fundacioncajaruraldelsur.com\\\/caja-rural-del-sur-distinguida-en-los-viii-premios-felipe-gonzalez-de-canales-al-sector-agrario-y-al-mundo-rural\\\/\"},\"author\":{\"name\":\"Comunicaci\u00f3n\",\"@id\":\"https:\\\/\\\/fundacioncajaruraldelsur.com\\\/#\\\/schema\\\/person\\\/f430da9fb783d505ff061ad8b3d44577\"},\"headline\":\"Caja Rural del Sur distinguida en los VIII Premios Felipe Gonz\u00e1lez de Canales al Sector Agrario y al Mundo Rural\",\"datePublished\":\"2025-09-26T06:52:20+00:00\",\"mainEntityOfPage\":{\"@id\":\"https:\\\/\\\/fundacioncajaruraldelsur.com\\\/caja-rural-del-sur-distinguida-en-los-viii-premios-felipe-gonzalez-de-canales-al-sector-agrario-y-al-mundo-rural\\\/\"},\"wordCount\":510,\"image\":{\"@id\":\"https:\\\/\\\/fundacioncajaruraldelsur.com\\\/caja-rural-del-sur-distinguida-en-los-viii-premios-felipe-gonzalez-de-canales-al-sector-agrario-y-al-mundo-rural\\\/#primaryimage\"},\"thumbnailUrl\":\"https:\\\/\\\/fundacioncajaruraldelsur.com\\\/wp-content\\\/uploads\\\/2025\\\/09\\\/Captura-de-pantalla-2025-09-26-084617.png\",\"articleSection\":[\"Premios\"],\"inLanguage\":\"pt-PT\"},{\"@type\":\"WebPage\",\"@id\":\"https:\\\/\\\/fundacioncajaruraldelsur.com\\\/caja-rural-del-sur-distinguida-en-los-viii-premios-felipe-gonzalez-de-canales-al-sector-agrario-y-al-mundo-rural\\\/\",\"url\":\"https:\\\/\\\/fundacioncajaruraldelsur.com\\\/caja-rural-del-sur-distinguida-en-los-viii-premios-felipe-gonzalez-de-canales-al-sector-agrario-y-al-mundo-rural\\\/\",\"name\":\"Caja Rural del Sur distinguida en los VIII Premios Felipe Gonz\u00e1lez de Canales al Sector Agrario y al Mundo Rural - Fundaci\u00f3n Caja Rural del Sur\",\"isPartOf\":{\"@id\":\"https:\\\/\\\/fundacioncajaruraldelsur.com\\\/#website\"},\"primaryImageOfPage\":{\"@id\":\"https:\\\/\\\/fundacioncajaruraldelsur.com\\\/caja-rural-del-sur-distinguida-en-los-viii-premios-felipe-gonzalez-de-canales-al-sector-agrario-y-al-mundo-rural\\\/#primaryimage\"},\"image\":{\"@id\":\"https:\\\/\\\/fundacioncajaruraldelsur.com\\\/caja-rural-del-sur-distinguida-en-los-viii-premios-felipe-gonzalez-de-canales-al-sector-agrario-y-al-mundo-rural\\\/#primaryimage\"},\"thumbnailUrl\":\"https:\\\/\\\/fundacioncajaruraldelsur.com\\\/wp-content\\\/uploads\\\/2025\\\/09\\\/Captura-de-pantalla-2025-09-26-084617.png\",\"datePublished\":\"2025-09-26T06:52:20+00:00\",\"author\":{\"@id\":\"https:\\\/\\\/fundacioncajaruraldelsur.com\\\/#\\\/schema\\\/person\\\/f430da9fb783d505ff061ad8b3d44577\"},\"breadcrumb\":{\"@id\":\"https:\\\/\\\/fundacioncajaruraldelsur.com\\\/caja-rural-del-sur-distinguida-en-los-viii-premios-felipe-gonzalez-de-canales-al-sector-agrario-y-al-mundo-rural\\\/#breadcrumb\"},\"inLanguage\":\"pt-PT\",\"potentialAction\":[{\"@type\":\"ReadAction\",\"target\":[\"https:\\\/\\\/fundacioncajaruraldelsur.com\\\/caja-rural-del-sur-distinguida-en-los-viii-premios-felipe-gonzalez-de-canales-al-sector-agrario-y-al-mundo-rural\\\/\"]}]},{\"@type\":\"ImageObject\",\"inLanguage\":\"pt-PT\",\"@id\":\"https:\\\/\\\/fundacioncajaruraldelsur.com\\\/caja-rural-del-sur-distinguida-en-los-viii-premios-felipe-gonzalez-de-canales-al-sector-agrario-y-al-mundo-rural\\\/#primaryimage\",\"url\":\"https:\\\/\\\/fundacioncajaruraldelsur.com\\\/wp-content\\\/uploads\\\/2025\\\/09\\\/Captura-de-pantalla-2025-09-26-084617.png\",\"contentUrl\":\"https:\\\/\\\/fundacioncajaruraldelsur.com\\\/wp-content\\\/uploads\\\/2025\\\/09\\\/Captura-de-pantalla-2025-09-26-084617.png\",\"width\":914,\"height\":397},{\"@type\":\"BreadcrumbList\",\"@id\":\"https:\\\/\\\/fundacioncajaruraldelsur.com\\\/caja-rural-del-sur-distinguida-en-los-viii-premios-felipe-gonzalez-de-canales-al-sector-agrario-y-al-mundo-rural\\\/#breadcrumb\",\"itemListElement\":[{\"@type\":\"ListItem\",\"position\":1,\"name\":\"Portada\",\"item\":\"https:\\\/\\\/fundacioncajaruraldelsur.com\\\/\"},{\"@type\":\"ListItem\",\"position\":2,\"name\":\"Caja Rural del Sur distinguida en los VIII Premios Felipe Gonz\u00e1lez de Canales al Sector Agrario y al Mundo Rural\"}]},{\"@type\":\"WebSite\",\"@id\":\"https:\\\/\\\/fundacioncajaruraldelsur.com\\\/#website\",\"url\":\"https:\\\/\\\/fundacioncajaruraldelsur.com\\\/\",\"name\":\"Fundaci\u00f3n Caja Rural del Sur\",\"description\":\"\",\"potentialAction\":[{\"@type\":\"SearchAction\",\"target\":{\"@type\":\"EntryPoint\",\"urlTemplate\":\"https:\\\/\\\/fundacioncajaruraldelsur.com\\\/?s={search_term_string}\"},\"query-input\":{\"@type\":\"PropertyValueSpecification\",\"valueRequired\":true,\"valueName\":\"search_term_string\"}}],\"inLanguage\":\"pt-PT\"},{\"@type\":\"Person\",\"@id\":\"https:\\\/\\\/fundacioncajaruraldelsur.com\\\/#\\\/schema\\\/person\\\/f430da9fb783d505ff061ad8b3d44577\",\"name\":\"Comunicaci\u00f3n\",\"image\":{\"@type\":\"ImageObject\",\"inLanguage\":\"pt-PT\",\"@id\":\"https:\\\/\\\/secure.gravatar.com\\\/avatar\\\/0dca239875993680bac4603ad2de7942da018f52cc3a244578e0b3b09314a8d8?s=96&d=blank&r=g\",\"url\":\"https:\\\/\\\/secure.gravatar.com\\\/avatar\\\/0dca239875993680bac4603ad2de7942da018f52cc3a244578e0b3b09314a8d8?s=96&d=blank&r=g\",\"contentUrl\":\"https:\\\/\\\/secure.gravatar.com\\\/avatar\\\/0dca239875993680bac4603ad2de7942da018f52cc3a244578e0b3b09314a8d8?s=96&d=blank&r=g\",\"caption\":\"Comunicaci\u00f3n\"}}]}<\/script>\n<!-- \/ Yoast SEO plugin. -->","yoast_head_json":{"title":"Caja Rural del Sur distinguida en los VIII Premios Felipe Gonz\u00e1lez de Canales al Sector Agrario y al Mundo Rural - Fundaci\u00f3n Caja Rural del Sur","robots":{"index":"index","follow":"follow","max-snippet":"max-snippet:-1","max-image-preview":"max-image-preview:large","max-video-preview":"max-video-preview:-1"},"canonical":"https:\/\/fundacioncajaruraldelsur.com\/pt\/caja-rural-del-sur-distinguida-en-los-viii-premios-felipe-gonzalez-de-canales-al-sector-agrario-y-al-mundo-rural\/","og_locale":"pt_PT","og_type":"article","og_title":"Caja Rural del Sur distinguida en los VIII Premios Felipe Gonz\u00e1lez de Canales al Sector Agrario y al Mundo Rural - Fundaci\u00f3n Caja Rural del Sur","og_description":"Los VIII Premios Felipe Gonz\u00e1lez de Canales al Sector Agrario y al Mundo Rural, entregados este jueves 25 de septiembre en C\u00f3rdoba, tuvieron un momento especialmente emotivo con la menci\u00f3n [&hellip;]","og_url":"https:\/\/fundacioncajaruraldelsur.com\/pt\/caja-rural-del-sur-distinguida-en-los-viii-premios-felipe-gonzalez-de-canales-al-sector-agrario-y-al-mundo-rural\/","og_site_name":"Fundaci\u00f3n Caja Rural del Sur","article_published_time":"2025-09-26T06:52:20+00:00","og_image":[{"width":914,"height":397,"url":"https:\/\/fundacioncajaruraldelsur.com\/wp-content\/uploads\/2025\/09\/Captura-de-pantalla-2025-09-26-084617.png","type":"image\/png"}],"author":"Comunicaci\u00f3n","twitter_card":"summary_large_image","twitter_misc":{"Written by":"Comunicaci\u00f3n","Est. reading time":"3 minutes"},"schema":{"@context":"https:\/\/schema.org","@graph":[{"@type":"Article","@id":"https:\/\/fundacioncajaruraldelsur.com\/caja-rural-del-sur-distinguida-en-los-viii-premios-felipe-gonzalez-de-canales-al-sector-agrario-y-al-mundo-rural\/#article","isPartOf":{"@id":"https:\/\/fundacioncajaruraldelsur.com\/caja-rural-del-sur-distinguida-en-los-viii-premios-felipe-gonzalez-de-canales-al-sector-agrario-y-al-mundo-rural\/"},"author":{"name":"Comunicaci\u00f3n","@id":"https:\/\/fundacioncajaruraldelsur.com\/#\/schema\/person\/f430da9fb783d505ff061ad8b3d44577"},"headline":"Caja Rural del Sur distinguida en los VIII Premios Felipe Gonz\u00e1lez de Canales al Sector Agrario y al Mundo Rural","datePublished":"2025-09-26T06:52:20+00:00","mainEntityOfPage":{"@id":"https:\/\/fundacioncajaruraldelsur.com\/caja-rural-del-sur-distinguida-en-los-viii-premios-felipe-gonzalez-de-canales-al-sector-agrario-y-al-mundo-rural\/"},"wordCount":510,"image":{"@id":"https:\/\/fundacioncajaruraldelsur.com\/caja-rural-del-sur-distinguida-en-los-viii-premios-felipe-gonzalez-de-canales-al-sector-agrario-y-al-mundo-rural\/#primaryimage"},"thumbnailUrl":"https:\/\/fundacioncajaruraldelsur.com\/wp-content\/uploads\/2025\/09\/Captura-de-pantalla-2025-09-26-084617.png","articleSection":["Premios"],"inLanguage":"pt-PT"},{"@type":"WebPage","@id":"https:\/\/fundacioncajaruraldelsur.com\/caja-rural-del-sur-distinguida-en-los-viii-premios-felipe-gonzalez-de-canales-al-sector-agrario-y-al-mundo-rural\/","url":"https:\/\/fundacioncajaruraldelsur.com\/caja-rural-del-sur-distinguida-en-los-viii-premios-felipe-gonzalez-de-canales-al-sector-agrario-y-al-mundo-rural\/","name":"Caja Rural del Sur distinguida en los VIII Premios Felipe Gonz\u00e1lez de Canales al Sector Agrario y al Mundo Rural - Fundaci\u00f3n Caja Rural del Sur","isPartOf":{"@id":"https:\/\/fundacioncajaruraldelsur.com\/#website"},"primaryImageOfPage":{"@id":"https:\/\/fundacioncajaruraldelsur.com\/caja-rural-del-sur-distinguida-en-los-viii-premios-felipe-gonzalez-de-canales-al-sector-agrario-y-al-mundo-rural\/#primaryimage"},"image":{"@id":"https:\/\/fundacioncajaruraldelsur.com\/caja-rural-del-sur-distinguida-en-los-viii-premios-felipe-gonzalez-de-canales-al-sector-agrario-y-al-mundo-rural\/#primaryimage"},"thumbnailUrl":"https:\/\/fundacioncajaruraldelsur.com\/wp-content\/uploads\/2025\/09\/Captura-de-pantalla-2025-09-26-084617.png","datePublished":"2025-09-26T06:52:20+00:00","author":{"@id":"https:\/\/fundacioncajaruraldelsur.com\/#\/schema\/person\/f430da9fb783d505ff061ad8b3d44577"},"breadcrumb":{"@id":"https:\/\/fundacioncajaruraldelsur.com\/caja-rural-del-sur-distinguida-en-los-viii-premios-felipe-gonzalez-de-canales-al-sector-agrario-y-al-mundo-rural\/#breadcrumb"},"inLanguage":"pt-PT","potentialAction":[{"@type":"ReadAction","target":["https:\/\/fundacioncajaruraldelsur.com\/caja-rural-del-sur-distinguida-en-los-viii-premios-felipe-gonzalez-de-canales-al-sector-agrario-y-al-mundo-rural\/"]}]},{"@type":"ImageObject","inLanguage":"pt-PT","@id":"https:\/\/fundacioncajaruraldelsur.com\/caja-rural-del-sur-distinguida-en-los-viii-premios-felipe-gonzalez-de-canales-al-sector-agrario-y-al-mundo-rural\/#primaryimage","url":"https:\/\/fundacioncajaruraldelsur.com\/wp-content\/uploads\/2025\/09\/Captura-de-pantalla-2025-09-26-084617.png","contentUrl":"https:\/\/fundacioncajaruraldelsur.com\/wp-content\/uploads\/2025\/09\/Captura-de-pantalla-2025-09-26-084617.png","width":914,"height":397},{"@type":"BreadcrumbList","@id":"https:\/\/fundacioncajaruraldelsur.com\/caja-rural-del-sur-distinguida-en-los-viii-premios-felipe-gonzalez-de-canales-al-sector-agrario-y-al-mundo-rural\/#breadcrumb","itemListElement":[{"@type":"ListItem","position":1,"name":"Portada","item":"https:\/\/fundacioncajaruraldelsur.com\/"},{"@type":"ListItem","position":2,"name":"Caja Rural del Sur distinguida en los VIII Premios Felipe Gonz\u00e1lez de Canales al Sector Agrario y al Mundo Rural"}]},{"@type":"WebSite","@id":"https:\/\/fundacioncajaruraldelsur.com\/#website","url":"https:\/\/fundacioncajaruraldelsur.com\/","name":"Funda\u00e7\u00e3o Caja Rural del Sur","description":"","potentialAction":[{"@type":"SearchAction","target":{"@type":"EntryPoint","urlTemplate":"https:\/\/fundacioncajaruraldelsur.com\/?s={search_term_string}"},"query-input":{"@type":"PropertyValueSpecification","valueRequired":true,"valueName":"search_term_string"}}],"inLanguage":"pt-PT"},{"@type":"Person","@id":"https:\/\/fundacioncajaruraldelsur.com\/#\/schema\/person\/f430da9fb783d505ff061ad8b3d44577","name":"Comunicaci\u00f3n","image":{"@type":"ImageObject","inLanguage":"pt-PT","@id":"https:\/\/secure.gravatar.com\/avatar\/0dca239875993680bac4603ad2de7942da018f52cc3a244578e0b3b09314a8d8?s=96&d=blank&r=g","url":"https:\/\/secure.gravatar.com\/avatar\/0dca239875993680bac4603ad2de7942da018f52cc3a244578e0b3b09314a8d8?s=96&d=blank&r=g","contentUrl":"https:\/\/secure.gravatar.com\/avatar\/0dca239875993680bac4603ad2de7942da018f52cc3a244578e0b3b09314a8d8?s=96&d=blank&r=g","caption":"Comunicaci\u00f3n"}}]}},"rttpg_featured_image_url":{"full":["https:\/\/fundacioncajaruraldelsur.com\/wp-content\/uploads\/2025\/09\/Captura-de-pantalla-2025-09-26-084617.png",914,397,false],"landscape":["https:\/\/fundacioncajaruraldelsur.com\/wp-content\/uploads\/2025\/09\/Captura-de-pantalla-2025-09-26-084617.png",914,397,false],"portraits":["https:\/\/fundacioncajaruraldelsur.com\/wp-content\/uploads\/2025\/09\/Captura-de-pantalla-2025-09-26-084617.png",914,397,false],"thumbnail":["https:\/\/fundacioncajaruraldelsur.com\/wp-content\/uploads\/2025\/09\/Captura-de-pantalla-2025-09-26-084617-150x150.png",150,150,true],"medium":["https:\/\/fundacioncajaruraldelsur.com\/wp-content\/uploads\/2025\/09\/Captura-de-pantalla-2025-09-26-084617-300x130.png",300,130,true],"large":["https:\/\/fundacioncajaruraldelsur.com\/wp-content\/uploads\/2025\/09\/Captura-de-pantalla-2025-09-26-084617.png",914,397,false],"1536x1536":["https:\/\/fundacioncajaruraldelsur.com\/wp-content\/uploads\/2025\/09\/Captura-de-pantalla-2025-09-26-084617.png",914,397,false],"2048x2048":["https:\/\/fundacioncajaruraldelsur.com\/wp-content\/uploads\/2025\/09\/Captura-de-pantalla-2025-09-26-084617.png",914,397,false],"trp-custom-language-flag":["https:\/\/fundacioncajaruraldelsur.com\/wp-content\/uploads\/2025\/09\/Captura-de-pantalla-2025-09-26-084617.png",18,8,false],"blog-thumbnail":["https:\/\/fundacioncajaruraldelsur.com\/wp-content\/uploads\/2025\/09\/Captura-de-pantalla-2025-09-26-084617-400x200.png",400,200,true]},"rttpg_author":{"display_name":"Comunicaci\u00f3n","author_link":"https:\/\/fundacioncajaruraldelsur.com\/pt\/author\/sevillaadmin\/"},"rttpg_comment":0,"rttpg_category":"<a href=\"https:\/\/fundacioncajaruraldelsur.com\/pt\/category\/premios\/\" rel=\"category tag\">Premios<\/a>","rttpg_excerpt":"Los VIII Premios Felipe Gonz\u00e1lez de Canales al Sector Agrario y al Mundo Rural, entregados este jueves 25 de septiembre en C\u00f3rdoba, tuvieron un momento especialmente emotivo con la menci\u00f3n [&hellip;]","_links":{"self":[{"href":"https:\/\/fundacioncajaruraldelsur.com\/pt\/wp-json\/wp\/v2\/posts\/11527","targetHints":{"allow":["GET"]}}],"collection":[{"href":"https:\/\/fundacioncajaruraldelsur.com\/pt\/wp-json\/wp\/v2\/posts"}],"about":[{"href":"https:\/\/fundacioncajaruraldelsur.com\/pt\/wp-json\/wp\/v2\/types\/post"}],"author":[{"embeddable":true,"href":"https:\/\/fundacioncajaruraldelsur.com\/pt\/wp-json\/wp\/v2\/users\/6"}],"replies":[{"embeddable":true,"href":"https:\/\/fundacioncajaruraldelsur.com\/pt\/wp-json\/wp\/v2\/comments?post=11527"}],"version-history":[{"count":1,"href":"https:\/\/fundacioncajaruraldelsur.com\/pt\/wp-json\/wp\/v2\/posts\/11527\/revisions"}],"predecessor-version":[{"id":11529,"href":"https:\/\/fundacioncajaruraldelsur.com\/pt\/wp-json\/wp\/v2\/posts\/11527\/revisions\/11529"}],"wp:featuredmedia":[{"embeddable":true,"href":"https:\/\/fundacioncajaruraldelsur.com\/pt\/wp-json\/wp\/v2\/media\/11528"}],"wp:attachment":[{"href":"https:\/\/fundacioncajaruraldelsur.com\/pt\/wp-json\/wp\/v2\/media?parent=11527"}],"wp:term":[{"taxonomy":"category","embeddable":true,"href":"https:\/\/fundacioncajaruraldelsur.com\/pt\/wp-json\/wp\/v2\/categories?post=11527"},{"taxonomy":"post_tag","embeddable":true,"href":"https:\/\/fundacioncajaruraldelsur.com\/pt\/wp-json\/wp\/v2\/tags?post=11527"}],"curies":[{"name":"wp","href":"https:\/\/api.w.org\/{rel}","templated":true}]}}