{"id":11489,"date":"2025-09-15T20:10:54","date_gmt":"2025-09-15T19:10:54","guid":{"rendered":"https:\/\/fundacioncajaruraldelsur.com\/?p=11489"},"modified":"2025-09-15T20:10:54","modified_gmt":"2025-09-15T19:10:54","slug":"inauguracion-de-la-exposicion-capas-de-olvido-de-angeles-alcantara-en-la-fundacion-caja-rural-del-sur-en-sevilla","status":"publish","type":"post","link":"https:\/\/fundacioncajaruraldelsur.com\/pt\/inauguracion-de-la-exposicion-capas-de-olvido-de-angeles-alcantara-en-la-fundacion-caja-rural-del-sur-en-sevilla\/","title":{"rendered":"Inauguraci\u00f3n de la exposici\u00f3n \u201cCapas de Olvido\u201d de \u00c1ngeles Alc\u00e1ntara en la Fundaci\u00f3n Caja Rural del Sur en Sevilla"},"content":{"rendered":"<p>A <strong>Fundaci\u00f3n Caja Rural del Sur, en colaboraci\u00f3n con ARTSevilla, han inaugurado la exposici\u00f3n \u201cCapas de Olvido\u201d<\/strong>, de la artista \u00c1ngeles Alc\u00e1ntara, un proyecto que establece un di\u00e1logo entre tradici\u00f3n y contemporaneidad mediante el dibujo y el collage.<\/p>\n<p>La inauguraci\u00f3n tuvo lugar este lunes, 15 de septiembre, en el Centro Cultural \u201cJos\u00e9 Luis Garc\u00eda Palacios\u201d de la Fundaci\u00f3n Caja Rural del Sur (Calle Murillo, 2, Sevilla), y <strong>permanecer\u00e1 abierta al p\u00fablico hasta el 3 de octubre de 2025, con horario de lunes a viernes de 10:00 a 14:00 h y de 19:00 a 21:00 h.<\/strong><\/p>\n<p>El acto cont\u00f3 con la presencia de la artista <strong>\u00c1ngeles Alc\u00e1ntara, de la directora de ARTSevilla, Eva Morales, y de la responsable de Centros Culturales de la Fundaci\u00f3n Caja Rural del Sur, Mar\u00eda Luisa Garc\u00eda-Palacios \u00c1lvarez<\/strong>. Adem\u00e1s asistieron a la inauguraci\u00f3n los pintores Chema Rodr\u00edguez y Layla Halc\u00f3n, asesores art\u00edsticos de la Fundaci\u00f3n Caja Rural del Sur.<\/p>\n<p>\u201cCapas de Olvido\u201d se configura como un proyecto art\u00edstico que trasciende lo biogr\u00e1fico para adentrarse en los territorios de la memoria, la identidad y la transformaci\u00f3n personal.<\/p>\n<p><strong>La muestra tiene su origen en el libro autobiogr\u00e1fico \u201cCapas de Olvido\u201d del torero estadounidense Robert Ryan<\/strong>, activo en las d\u00e9cadas de los a\u00f1os sesenta y setenta. A partir \u00a0de la figura del torero y de los pasajes de su vida, la artista construye un discurso visual que utiliza la pintura, el grabado, y el collage como lenguajes de exploraci\u00f3n.<\/p>\n<p>\u00c1ngeles Alc\u00e1ntara transforma esta narrativa en lenguaje visual.<strong> Cada cap\u00edtulo del libro se ha convertido en la muestra expositiva a trav\u00e9s de las obras presentadas.<\/strong> El resultado es una colecci\u00f3n de veinte dibujos que ofrecen una mirada pl\u00e1stica y contempor\u00e1nea sobre la cultura taurina, entrelazando memoria, emoci\u00f3n y simbolismo.<\/p>\n<p>La artista cordobesa, reconocida por su experimentaci\u00f3n t\u00e9cnica y su investigaci\u00f3n en collage y decollage, propone un viaje compartido que va m\u00e1s all\u00e1 del retrato: cada obra se convierte en met\u00e1fora de la lucha interior y de las capas que dejamos atr\u00e1s en nuestro recorrido vital. <strong>Su trabajo transita entre lo mat\u00e9rico y lo po\u00e9tico<\/strong>, conectando gesto, t\u00e9cnica y simbolismo. Con enorme potencia simb\u00f3lica, cada pieza muestra las capas que todas las personas van dejando atr\u00e1s en su propio recorrido vital.<\/p>\n<p>La muestra \u201cCapas de olvido\u201d es tambi\u00e9n un homenaje al arte entendido como un espacio de resistencia y de belleza, donde lo individual adquiere dimensi\u00f3n colectiva. En cada obra late la b\u00fasqueda de sentido, el cruce entre lo \u00edntimo y lo universal, y esa <strong>capacidad que tiene la creaci\u00f3n art\u00edstica de revelar lo invisible.<\/strong><\/p>\n<p>Eva Morales, directora de ARTSevilla, destaca la importancia del <strong>apoyo de la Fundaci\u00f3n Caja Rural del Sur<\/strong>, \u201cque permite que proyectos como el de \u00c1ngeles Alc\u00e1ntara puedan abrir caminos de di\u00e1logo y sensibilidad a trav\u00e9s del arte contempor\u00e1neo\u201d.<\/p>\n<p>&nbsp;<\/p>\n<p><a href=\"https:\/\/fundacioncajaruraldelsur.com\/wp-content\/uploads\/2025\/09\/image1-scaled.jpeg\" rel=\"lightbox-0\"><img loading=\"lazy\" decoding=\"async\" class=\"alignnone wp-image-11502 size-full\" src=\"https:\/\/fundacioncajaruraldelsur.com\/wp-content\/uploads\/2025\/09\/image1-scaled.jpeg\" alt=\"\" width=\"2560\" height=\"1920\" srcset=\"https:\/\/fundacioncajaruraldelsur.com\/wp-content\/uploads\/2025\/09\/image1-scaled.jpeg 2560w, https:\/\/fundacioncajaruraldelsur.com\/wp-content\/uploads\/2025\/09\/image1-300x225.jpeg 300w, https:\/\/fundacioncajaruraldelsur.com\/wp-content\/uploads\/2025\/09\/image1-1024x768.jpeg 1024w, https:\/\/fundacioncajaruraldelsur.com\/wp-content\/uploads\/2025\/09\/image1-768x576.jpeg 768w, https:\/\/fundacioncajaruraldelsur.com\/wp-content\/uploads\/2025\/09\/image1-1536x1152.jpeg 1536w, https:\/\/fundacioncajaruraldelsur.com\/wp-content\/uploads\/2025\/09\/image1-2048x1536.jpeg 2048w\" sizes=\"auto, (max-width: 2560px) 100vw, 2560px\" \/><\/a> <a href=\"https:\/\/fundacioncajaruraldelsur.com\/wp-content\/uploads\/2025\/09\/image0-scaled.jpeg\" rel=\"lightbox-1\"><img loading=\"lazy\" decoding=\"async\" class=\"alignnone wp-image-11501 size-full\" src=\"https:\/\/fundacioncajaruraldelsur.com\/wp-content\/uploads\/2025\/09\/image0-scaled.jpeg\" alt=\"\" width=\"2560\" height=\"1920\" srcset=\"https:\/\/fundacioncajaruraldelsur.com\/wp-content\/uploads\/2025\/09\/image0-scaled.jpeg 2560w, https:\/\/fundacioncajaruraldelsur.com\/wp-content\/uploads\/2025\/09\/image0-300x225.jpeg 300w, https:\/\/fundacioncajaruraldelsur.com\/wp-content\/uploads\/2025\/09\/image0-1024x768.jpeg 1024w, https:\/\/fundacioncajaruraldelsur.com\/wp-content\/uploads\/2025\/09\/image0-768x576.jpeg 768w, https:\/\/fundacioncajaruraldelsur.com\/wp-content\/uploads\/2025\/09\/image0-1536x1152.jpeg 1536w, https:\/\/fundacioncajaruraldelsur.com\/wp-content\/uploads\/2025\/09\/image0-2048x1536.jpeg 2048w\" sizes=\"auto, (max-width: 2560px) 100vw, 2560px\" \/><\/a> <a href=\"https:\/\/fundacioncajaruraldelsur.com\/wp-content\/uploads\/2025\/09\/image5-scaled.jpeg\" rel=\"lightbox-2\"><img loading=\"lazy\" decoding=\"async\" class=\"alignnone wp-image-11499 size-full\" src=\"https:\/\/fundacioncajaruraldelsur.com\/wp-content\/uploads\/2025\/09\/image5-scaled.jpeg\" alt=\"\" width=\"2560\" height=\"1920\" srcset=\"https:\/\/fundacioncajaruraldelsur.com\/wp-content\/uploads\/2025\/09\/image5-scaled.jpeg 2560w, https:\/\/fundacioncajaruraldelsur.com\/wp-content\/uploads\/2025\/09\/image5-300x225.jpeg 300w, https:\/\/fundacioncajaruraldelsur.com\/wp-content\/uploads\/2025\/09\/image5-1024x768.jpeg 1024w, https:\/\/fundacioncajaruraldelsur.com\/wp-content\/uploads\/2025\/09\/image5-768x576.jpeg 768w, https:\/\/fundacioncajaruraldelsur.com\/wp-content\/uploads\/2025\/09\/image5-1536x1152.jpeg 1536w, https:\/\/fundacioncajaruraldelsur.com\/wp-content\/uploads\/2025\/09\/image5-2048x1536.jpeg 2048w\" sizes=\"auto, (max-width: 2560px) 100vw, 2560px\" \/><\/a> <a href=\"https:\/\/fundacioncajaruraldelsur.com\/wp-content\/uploads\/2025\/09\/image6-scaled.jpeg\" rel=\"lightbox-3\"><img loading=\"lazy\" decoding=\"async\" class=\"alignnone wp-image-11498 size-full\" src=\"https:\/\/fundacioncajaruraldelsur.com\/wp-content\/uploads\/2025\/09\/image6-scaled.jpeg\" alt=\"\" width=\"2560\" height=\"1790\" srcset=\"https:\/\/fundacioncajaruraldelsur.com\/wp-content\/uploads\/2025\/09\/image6-scaled.jpeg 2560w, https:\/\/fundacioncajaruraldelsur.com\/wp-content\/uploads\/2025\/09\/image6-300x210.jpeg 300w, https:\/\/fundacioncajaruraldelsur.com\/wp-content\/uploads\/2025\/09\/image6-1024x716.jpeg 1024w, https:\/\/fundacioncajaruraldelsur.com\/wp-content\/uploads\/2025\/09\/image6-768x537.jpeg 768w, https:\/\/fundacioncajaruraldelsur.com\/wp-content\/uploads\/2025\/09\/image6-1536x1074.jpeg 1536w, https:\/\/fundacioncajaruraldelsur.com\/wp-content\/uploads\/2025\/09\/image6-2048x1432.jpeg 2048w\" sizes=\"auto, (max-width: 2560px) 100vw, 2560px\" \/><\/a> <a href=\"https:\/\/fundacioncajaruraldelsur.com\/wp-content\/uploads\/2025\/09\/image7-scaled.jpeg\" rel=\"lightbox-4\"><img loading=\"lazy\" decoding=\"async\" class=\"alignnone wp-image-11497 size-full\" src=\"https:\/\/fundacioncajaruraldelsur.com\/wp-content\/uploads\/2025\/09\/image7-scaled.jpeg\" alt=\"\" width=\"2560\" height=\"1920\" srcset=\"https:\/\/fundacioncajaruraldelsur.com\/wp-content\/uploads\/2025\/09\/image7-scaled.jpeg 2560w, https:\/\/fundacioncajaruraldelsur.com\/wp-content\/uploads\/2025\/09\/image7-300x225.jpeg 300w, https:\/\/fundacioncajaruraldelsur.com\/wp-content\/uploads\/2025\/09\/image7-1024x768.jpeg 1024w, https:\/\/fundacioncajaruraldelsur.com\/wp-content\/uploads\/2025\/09\/image7-768x576.jpeg 768w, https:\/\/fundacioncajaruraldelsur.com\/wp-content\/uploads\/2025\/09\/image7-1536x1152.jpeg 1536w, https:\/\/fundacioncajaruraldelsur.com\/wp-content\/uploads\/2025\/09\/image7-2048x1536.jpeg 2048w\" sizes=\"auto, (max-width: 2560px) 100vw, 2560px\" \/><\/a><\/p>\n<p><a href=\"https:\/\/fundacioncajaruraldelsur.com\/wp-content\/uploads\/2025\/09\/image4-scaled.jpeg\" rel=\"lightbox-5\"><img loading=\"lazy\" decoding=\"async\" class=\"alignnone wp-image-11500 size-full\" src=\"https:\/\/fundacioncajaruraldelsur.com\/wp-content\/uploads\/2025\/09\/image4-scaled.jpeg\" alt=\"\" width=\"2560\" height=\"1920\" srcset=\"https:\/\/fundacioncajaruraldelsur.com\/wp-content\/uploads\/2025\/09\/image4-scaled.jpeg 2560w, https:\/\/fundacioncajaruraldelsur.com\/wp-content\/uploads\/2025\/09\/image4-300x225.jpeg 300w, https:\/\/fundacioncajaruraldelsur.com\/wp-content\/uploads\/2025\/09\/image4-1024x768.jpeg 1024w, https:\/\/fundacioncajaruraldelsur.com\/wp-content\/uploads\/2025\/09\/image4-768x576.jpeg 768w, https:\/\/fundacioncajaruraldelsur.com\/wp-content\/uploads\/2025\/09\/image4-1536x1152.jpeg 1536w, https:\/\/fundacioncajaruraldelsur.com\/wp-content\/uploads\/2025\/09\/image4-2048x1536.jpeg 2048w\" sizes=\"auto, (max-width: 2560px) 100vw, 2560px\" \/><\/a><\/p>","protected":false},"excerpt":{"rendered":"<p>La Fundaci\u00f3n Caja Rural del Sur, en colaboraci\u00f3n con ARTSevilla, han inaugurado la exposici\u00f3n \u201cCapas de Olvido\u201d, de la artista \u00c1ngeles Alc\u00e1ntara, un proyecto que establece un di\u00e1logo entre tradici\u00f3n [&hellip;]<\/p>\n","protected":false},"author":6,"featured_media":11500,"comment_status":"closed","ping_status":"closed","sticky":false,"template":"","format":"standard","meta":{"footnotes":""},"categories":[82],"tags":[],"class_list":["post-11489","post","type-post","status-publish","format-standard","has-post-thumbnail","hentry","category-exposiciones"],"yoast_head":"<!-- This site is optimized with the Yoast SEO plugin v27.3 - https:\/\/yoast.com\/product\/yoast-seo-wordpress\/ -->\n<title>Inauguraci\u00f3n de la exposici\u00f3n \u201cCapas de Olvido\u201d de \u00c1ngeles Alc\u00e1ntara en la Fundaci\u00f3n Caja Rural del Sur en Sevilla - Fundaci\u00f3n Caja Rural del Sur<\/title>\n<meta name=\"robots\" content=\"index, follow, max-snippet:-1, max-image-preview:large, max-video-preview:-1\" \/>\n<link rel=\"canonical\" href=\"https:\/\/fundacioncajaruraldelsur.com\/pt\/inauguracion-de-la-exposicion-capas-de-olvido-de-angeles-alcantara-en-la-fundacion-caja-rural-del-sur-en-sevilla\/\" \/>\n<meta property=\"og:locale\" content=\"pt_PT\" \/>\n<meta property=\"og:type\" content=\"article\" \/>\n<meta property=\"og:title\" content=\"Inauguraci\u00f3n de la exposici\u00f3n \u201cCapas de Olvido\u201d de \u00c1ngeles Alc\u00e1ntara en la Fundaci\u00f3n Caja Rural del Sur en Sevilla - Fundaci\u00f3n Caja Rural del Sur\" \/>\n<meta property=\"og:description\" content=\"La Fundaci\u00f3n Caja Rural del Sur, en colaboraci\u00f3n con ARTSevilla, han inaugurado la exposici\u00f3n \u201cCapas de Olvido\u201d, de la artista \u00c1ngeles Alc\u00e1ntara, un proyecto que establece un di\u00e1logo entre tradici\u00f3n [&hellip;]\" \/>\n<meta property=\"og:url\" content=\"https:\/\/fundacioncajaruraldelsur.com\/pt\/inauguracion-de-la-exposicion-capas-de-olvido-de-angeles-alcantara-en-la-fundacion-caja-rural-del-sur-en-sevilla\/\" \/>\n<meta property=\"og:site_name\" content=\"Fundaci\u00f3n Caja Rural del Sur\" \/>\n<meta property=\"article:published_time\" content=\"2025-09-15T19:10:54+00:00\" \/>\n<meta property=\"og:image\" content=\"https:\/\/fundacioncajaruraldelsur.com\/wp-content\/uploads\/2025\/09\/image4-scaled.jpeg\" \/>\n\t<meta property=\"og:image:width\" content=\"2560\" \/>\n\t<meta property=\"og:image:height\" content=\"1920\" \/>\n\t<meta property=\"og:image:type\" content=\"image\/jpeg\" \/>\n<meta name=\"author\" content=\"Comunicaci\u00f3n\" \/>\n<meta name=\"twitter:card\" content=\"summary_large_image\" \/>\n<meta name=\"twitter:label1\" content=\"Written by\" \/>\n\t<meta name=\"twitter:data1\" content=\"Comunicaci\u00f3n\" \/>\n\t<meta name=\"twitter:label2\" content=\"Est. reading time\" \/>\n\t<meta name=\"twitter:data2\" content=\"4 minutes\" \/>\n<script type=\"application\/ld+json\" class=\"yoast-schema-graph\">{\"@context\":\"https:\\\/\\\/schema.org\",\"@graph\":[{\"@type\":\"Article\",\"@id\":\"https:\\\/\\\/fundacioncajaruraldelsur.com\\\/inauguracion-de-la-exposicion-capas-de-olvido-de-angeles-alcantara-en-la-fundacion-caja-rural-del-sur-en-sevilla\\\/#article\",\"isPartOf\":{\"@id\":\"https:\\\/\\\/fundacioncajaruraldelsur.com\\\/inauguracion-de-la-exposicion-capas-de-olvido-de-angeles-alcantara-en-la-fundacion-caja-rural-del-sur-en-sevilla\\\/\"},\"author\":{\"name\":\"Comunicaci\u00f3n\",\"@id\":\"https:\\\/\\\/fundacioncajaruraldelsur.com\\\/#\\\/schema\\\/person\\\/f430da9fb783d505ff061ad8b3d44577\"},\"headline\":\"Inauguraci\u00f3n de la exposici\u00f3n \u201cCapas de Olvido\u201d de \u00c1ngeles Alc\u00e1ntara en la Fundaci\u00f3n Caja Rural del Sur en Sevilla\",\"datePublished\":\"2025-09-15T19:10:54+00:00\",\"mainEntityOfPage\":{\"@id\":\"https:\\\/\\\/fundacioncajaruraldelsur.com\\\/inauguracion-de-la-exposicion-capas-de-olvido-de-angeles-alcantara-en-la-fundacion-caja-rural-del-sur-en-sevilla\\\/\"},\"wordCount\":532,\"image\":{\"@id\":\"https:\\\/\\\/fundacioncajaruraldelsur.com\\\/inauguracion-de-la-exposicion-capas-de-olvido-de-angeles-alcantara-en-la-fundacion-caja-rural-del-sur-en-sevilla\\\/#primaryimage\"},\"thumbnailUrl\":\"https:\\\/\\\/fundacioncajaruraldelsur.com\\\/wp-content\\\/uploads\\\/2025\\\/09\\\/image4-scaled.jpeg\",\"articleSection\":[\"Exposiciones\"],\"inLanguage\":\"pt-PT\"},{\"@type\":\"WebPage\",\"@id\":\"https:\\\/\\\/fundacioncajaruraldelsur.com\\\/inauguracion-de-la-exposicion-capas-de-olvido-de-angeles-alcantara-en-la-fundacion-caja-rural-del-sur-en-sevilla\\\/\",\"url\":\"https:\\\/\\\/fundacioncajaruraldelsur.com\\\/inauguracion-de-la-exposicion-capas-de-olvido-de-angeles-alcantara-en-la-fundacion-caja-rural-del-sur-en-sevilla\\\/\",\"name\":\"Inauguraci\u00f3n de la exposici\u00f3n \u201cCapas de Olvido\u201d de \u00c1ngeles Alc\u00e1ntara en la Fundaci\u00f3n Caja Rural del Sur en Sevilla - Fundaci\u00f3n Caja Rural del Sur\",\"isPartOf\":{\"@id\":\"https:\\\/\\\/fundacioncajaruraldelsur.com\\\/#website\"},\"primaryImageOfPage\":{\"@id\":\"https:\\\/\\\/fundacioncajaruraldelsur.com\\\/inauguracion-de-la-exposicion-capas-de-olvido-de-angeles-alcantara-en-la-fundacion-caja-rural-del-sur-en-sevilla\\\/#primaryimage\"},\"image\":{\"@id\":\"https:\\\/\\\/fundacioncajaruraldelsur.com\\\/inauguracion-de-la-exposicion-capas-de-olvido-de-angeles-alcantara-en-la-fundacion-caja-rural-del-sur-en-sevilla\\\/#primaryimage\"},\"thumbnailUrl\":\"https:\\\/\\\/fundacioncajaruraldelsur.com\\\/wp-content\\\/uploads\\\/2025\\\/09\\\/image4-scaled.jpeg\",\"datePublished\":\"2025-09-15T19:10:54+00:00\",\"author\":{\"@id\":\"https:\\\/\\\/fundacioncajaruraldelsur.com\\\/#\\\/schema\\\/person\\\/f430da9fb783d505ff061ad8b3d44577\"},\"breadcrumb\":{\"@id\":\"https:\\\/\\\/fundacioncajaruraldelsur.com\\\/inauguracion-de-la-exposicion-capas-de-olvido-de-angeles-alcantara-en-la-fundacion-caja-rural-del-sur-en-sevilla\\\/#breadcrumb\"},\"inLanguage\":\"pt-PT\",\"potentialAction\":[{\"@type\":\"ReadAction\",\"target\":[\"https:\\\/\\\/fundacioncajaruraldelsur.com\\\/inauguracion-de-la-exposicion-capas-de-olvido-de-angeles-alcantara-en-la-fundacion-caja-rural-del-sur-en-sevilla\\\/\"]}]},{\"@type\":\"ImageObject\",\"inLanguage\":\"pt-PT\",\"@id\":\"https:\\\/\\\/fundacioncajaruraldelsur.com\\\/inauguracion-de-la-exposicion-capas-de-olvido-de-angeles-alcantara-en-la-fundacion-caja-rural-del-sur-en-sevilla\\\/#primaryimage\",\"url\":\"https:\\\/\\\/fundacioncajaruraldelsur.com\\\/wp-content\\\/uploads\\\/2025\\\/09\\\/image4-scaled.jpeg\",\"contentUrl\":\"https:\\\/\\\/fundacioncajaruraldelsur.com\\\/wp-content\\\/uploads\\\/2025\\\/09\\\/image4-scaled.jpeg\",\"width\":2560,\"height\":1920},{\"@type\":\"BreadcrumbList\",\"@id\":\"https:\\\/\\\/fundacioncajaruraldelsur.com\\\/inauguracion-de-la-exposicion-capas-de-olvido-de-angeles-alcantara-en-la-fundacion-caja-rural-del-sur-en-sevilla\\\/#breadcrumb\",\"itemListElement\":[{\"@type\":\"ListItem\",\"position\":1,\"name\":\"Portada\",\"item\":\"https:\\\/\\\/fundacioncajaruraldelsur.com\\\/\"},{\"@type\":\"ListItem\",\"position\":2,\"name\":\"Inauguraci\u00f3n de la exposici\u00f3n \u201cCapas de Olvido\u201d de \u00c1ngeles Alc\u00e1ntara en la Fundaci\u00f3n Caja Rural del Sur en Sevilla\"}]},{\"@type\":\"WebSite\",\"@id\":\"https:\\\/\\\/fundacioncajaruraldelsur.com\\\/#website\",\"url\":\"https:\\\/\\\/fundacioncajaruraldelsur.com\\\/\",\"name\":\"Fundaci\u00f3n Caja Rural del Sur\",\"description\":\"\",\"potentialAction\":[{\"@type\":\"SearchAction\",\"target\":{\"@type\":\"EntryPoint\",\"urlTemplate\":\"https:\\\/\\\/fundacioncajaruraldelsur.com\\\/?s={search_term_string}\"},\"query-input\":{\"@type\":\"PropertyValueSpecification\",\"valueRequired\":true,\"valueName\":\"search_term_string\"}}],\"inLanguage\":\"pt-PT\"},{\"@type\":\"Person\",\"@id\":\"https:\\\/\\\/fundacioncajaruraldelsur.com\\\/#\\\/schema\\\/person\\\/f430da9fb783d505ff061ad8b3d44577\",\"name\":\"Comunicaci\u00f3n\",\"image\":{\"@type\":\"ImageObject\",\"inLanguage\":\"pt-PT\",\"@id\":\"https:\\\/\\\/secure.gravatar.com\\\/avatar\\\/0dca239875993680bac4603ad2de7942da018f52cc3a244578e0b3b09314a8d8?s=96&d=blank&r=g\",\"url\":\"https:\\\/\\\/secure.gravatar.com\\\/avatar\\\/0dca239875993680bac4603ad2de7942da018f52cc3a244578e0b3b09314a8d8?s=96&d=blank&r=g\",\"contentUrl\":\"https:\\\/\\\/secure.gravatar.com\\\/avatar\\\/0dca239875993680bac4603ad2de7942da018f52cc3a244578e0b3b09314a8d8?s=96&d=blank&r=g\",\"caption\":\"Comunicaci\u00f3n\"}}]}<\/script>\n<!-- \/ Yoast SEO plugin. -->","yoast_head_json":{"title":"Inauguraci\u00f3n de la exposici\u00f3n \u201cCapas de Olvido\u201d de \u00c1ngeles Alc\u00e1ntara en la Fundaci\u00f3n Caja Rural del Sur en Sevilla - Fundaci\u00f3n Caja Rural del Sur","robots":{"index":"index","follow":"follow","max-snippet":"max-snippet:-1","max-image-preview":"max-image-preview:large","max-video-preview":"max-video-preview:-1"},"canonical":"https:\/\/fundacioncajaruraldelsur.com\/pt\/inauguracion-de-la-exposicion-capas-de-olvido-de-angeles-alcantara-en-la-fundacion-caja-rural-del-sur-en-sevilla\/","og_locale":"pt_PT","og_type":"article","og_title":"Inauguraci\u00f3n de la exposici\u00f3n \u201cCapas de Olvido\u201d de \u00c1ngeles Alc\u00e1ntara en la Fundaci\u00f3n Caja Rural del Sur en Sevilla - Fundaci\u00f3n Caja Rural del Sur","og_description":"La Fundaci\u00f3n Caja Rural del Sur, en colaboraci\u00f3n con ARTSevilla, han inaugurado la exposici\u00f3n \u201cCapas de Olvido\u201d, de la artista \u00c1ngeles Alc\u00e1ntara, un proyecto que establece un di\u00e1logo entre tradici\u00f3n [&hellip;]","og_url":"https:\/\/fundacioncajaruraldelsur.com\/pt\/inauguracion-de-la-exposicion-capas-de-olvido-de-angeles-alcantara-en-la-fundacion-caja-rural-del-sur-en-sevilla\/","og_site_name":"Fundaci\u00f3n Caja Rural del Sur","article_published_time":"2025-09-15T19:10:54+00:00","og_image":[{"width":2560,"height":1920,"url":"https:\/\/fundacioncajaruraldelsur.com\/wp-content\/uploads\/2025\/09\/image4-scaled.jpeg","type":"image\/jpeg"}],"author":"Comunicaci\u00f3n","twitter_card":"summary_large_image","twitter_misc":{"Written by":"Comunicaci\u00f3n","Est. reading time":"4 minutes"},"schema":{"@context":"https:\/\/schema.org","@graph":[{"@type":"Article","@id":"https:\/\/fundacioncajaruraldelsur.com\/inauguracion-de-la-exposicion-capas-de-olvido-de-angeles-alcantara-en-la-fundacion-caja-rural-del-sur-en-sevilla\/#article","isPartOf":{"@id":"https:\/\/fundacioncajaruraldelsur.com\/inauguracion-de-la-exposicion-capas-de-olvido-de-angeles-alcantara-en-la-fundacion-caja-rural-del-sur-en-sevilla\/"},"author":{"name":"Comunicaci\u00f3n","@id":"https:\/\/fundacioncajaruraldelsur.com\/#\/schema\/person\/f430da9fb783d505ff061ad8b3d44577"},"headline":"Inauguraci\u00f3n de la exposici\u00f3n \u201cCapas de Olvido\u201d de \u00c1ngeles Alc\u00e1ntara en la Fundaci\u00f3n Caja Rural del Sur en Sevilla","datePublished":"2025-09-15T19:10:54+00:00","mainEntityOfPage":{"@id":"https:\/\/fundacioncajaruraldelsur.com\/inauguracion-de-la-exposicion-capas-de-olvido-de-angeles-alcantara-en-la-fundacion-caja-rural-del-sur-en-sevilla\/"},"wordCount":532,"image":{"@id":"https:\/\/fundacioncajaruraldelsur.com\/inauguracion-de-la-exposicion-capas-de-olvido-de-angeles-alcantara-en-la-fundacion-caja-rural-del-sur-en-sevilla\/#primaryimage"},"thumbnailUrl":"https:\/\/fundacioncajaruraldelsur.com\/wp-content\/uploads\/2025\/09\/image4-scaled.jpeg","articleSection":["Exposiciones"],"inLanguage":"pt-PT"},{"@type":"WebPage","@id":"https:\/\/fundacioncajaruraldelsur.com\/inauguracion-de-la-exposicion-capas-de-olvido-de-angeles-alcantara-en-la-fundacion-caja-rural-del-sur-en-sevilla\/","url":"https:\/\/fundacioncajaruraldelsur.com\/inauguracion-de-la-exposicion-capas-de-olvido-de-angeles-alcantara-en-la-fundacion-caja-rural-del-sur-en-sevilla\/","name":"Inauguraci\u00f3n de la exposici\u00f3n \u201cCapas de Olvido\u201d de \u00c1ngeles Alc\u00e1ntara en la Fundaci\u00f3n Caja Rural del Sur en Sevilla - Fundaci\u00f3n Caja Rural del Sur","isPartOf":{"@id":"https:\/\/fundacioncajaruraldelsur.com\/#website"},"primaryImageOfPage":{"@id":"https:\/\/fundacioncajaruraldelsur.com\/inauguracion-de-la-exposicion-capas-de-olvido-de-angeles-alcantara-en-la-fundacion-caja-rural-del-sur-en-sevilla\/#primaryimage"},"image":{"@id":"https:\/\/fundacioncajaruraldelsur.com\/inauguracion-de-la-exposicion-capas-de-olvido-de-angeles-alcantara-en-la-fundacion-caja-rural-del-sur-en-sevilla\/#primaryimage"},"thumbnailUrl":"https:\/\/fundacioncajaruraldelsur.com\/wp-content\/uploads\/2025\/09\/image4-scaled.jpeg","datePublished":"2025-09-15T19:10:54+00:00","author":{"@id":"https:\/\/fundacioncajaruraldelsur.com\/#\/schema\/person\/f430da9fb783d505ff061ad8b3d44577"},"breadcrumb":{"@id":"https:\/\/fundacioncajaruraldelsur.com\/inauguracion-de-la-exposicion-capas-de-olvido-de-angeles-alcantara-en-la-fundacion-caja-rural-del-sur-en-sevilla\/#breadcrumb"},"inLanguage":"pt-PT","potentialAction":[{"@type":"ReadAction","target":["https:\/\/fundacioncajaruraldelsur.com\/inauguracion-de-la-exposicion-capas-de-olvido-de-angeles-alcantara-en-la-fundacion-caja-rural-del-sur-en-sevilla\/"]}]},{"@type":"ImageObject","inLanguage":"pt-PT","@id":"https:\/\/fundacioncajaruraldelsur.com\/inauguracion-de-la-exposicion-capas-de-olvido-de-angeles-alcantara-en-la-fundacion-caja-rural-del-sur-en-sevilla\/#primaryimage","url":"https:\/\/fundacioncajaruraldelsur.com\/wp-content\/uploads\/2025\/09\/image4-scaled.jpeg","contentUrl":"https:\/\/fundacioncajaruraldelsur.com\/wp-content\/uploads\/2025\/09\/image4-scaled.jpeg","width":2560,"height":1920},{"@type":"BreadcrumbList","@id":"https:\/\/fundacioncajaruraldelsur.com\/inauguracion-de-la-exposicion-capas-de-olvido-de-angeles-alcantara-en-la-fundacion-caja-rural-del-sur-en-sevilla\/#breadcrumb","itemListElement":[{"@type":"ListItem","position":1,"name":"Portada","item":"https:\/\/fundacioncajaruraldelsur.com\/"},{"@type":"ListItem","position":2,"name":"Inauguraci\u00f3n de la exposici\u00f3n \u201cCapas de Olvido\u201d de \u00c1ngeles Alc\u00e1ntara en la Fundaci\u00f3n Caja Rural del Sur en Sevilla"}]},{"@type":"WebSite","@id":"https:\/\/fundacioncajaruraldelsur.com\/#website","url":"https:\/\/fundacioncajaruraldelsur.com\/","name":"Funda\u00e7\u00e3o Caja Rural del Sur","description":"","potentialAction":[{"@type":"SearchAction","target":{"@type":"EntryPoint","urlTemplate":"https:\/\/fundacioncajaruraldelsur.com\/?s={search_term_string}"},"query-input":{"@type":"PropertyValueSpecification","valueRequired":true,"valueName":"search_term_string"}}],"inLanguage":"pt-PT"},{"@type":"Person","@id":"https:\/\/fundacioncajaruraldelsur.com\/#\/schema\/person\/f430da9fb783d505ff061ad8b3d44577","name":"Comunicaci\u00f3n","image":{"@type":"ImageObject","inLanguage":"pt-PT","@id":"https:\/\/secure.gravatar.com\/avatar\/0dca239875993680bac4603ad2de7942da018f52cc3a244578e0b3b09314a8d8?s=96&d=blank&r=g","url":"https:\/\/secure.gravatar.com\/avatar\/0dca239875993680bac4603ad2de7942da018f52cc3a244578e0b3b09314a8d8?s=96&d=blank&r=g","contentUrl":"https:\/\/secure.gravatar.com\/avatar\/0dca239875993680bac4603ad2de7942da018f52cc3a244578e0b3b09314a8d8?s=96&d=blank&r=g","caption":"Comunicaci\u00f3n"}}]}},"rttpg_featured_image_url":{"full":["https:\/\/fundacioncajaruraldelsur.com\/wp-content\/uploads\/2025\/09\/image4-scaled.jpeg",2560,1920,false],"landscape":["https:\/\/fundacioncajaruraldelsur.com\/wp-content\/uploads\/2025\/09\/image4-scaled.jpeg",2560,1920,false],"portraits":["https:\/\/fundacioncajaruraldelsur.com\/wp-content\/uploads\/2025\/09\/image4-scaled.jpeg",2560,1920,false],"thumbnail":["https:\/\/fundacioncajaruraldelsur.com\/wp-content\/uploads\/2025\/09\/image4-150x150.jpeg",150,150,true],"medium":["https:\/\/fundacioncajaruraldelsur.com\/wp-content\/uploads\/2025\/09\/image4-300x225.jpeg",300,225,true],"large":["https:\/\/fundacioncajaruraldelsur.com\/wp-content\/uploads\/2025\/09\/image4-1024x768.jpeg",960,720,true],"1536x1536":["https:\/\/fundacioncajaruraldelsur.com\/wp-content\/uploads\/2025\/09\/image4-1536x1152.jpeg",1536,1152,true],"2048x2048":["https:\/\/fundacioncajaruraldelsur.com\/wp-content\/uploads\/2025\/09\/image4-2048x1536.jpeg",2048,1536,true],"trp-custom-language-flag":["https:\/\/fundacioncajaruraldelsur.com\/wp-content\/uploads\/2025\/09\/image4-scaled.jpeg",16,12,false],"blog-thumbnail":["https:\/\/fundacioncajaruraldelsur.com\/wp-content\/uploads\/2025\/09\/image4-400x200.jpeg",400,200,true]},"rttpg_author":{"display_name":"Comunicaci\u00f3n","author_link":"https:\/\/fundacioncajaruraldelsur.com\/pt\/author\/sevillaadmin\/"},"rttpg_comment":0,"rttpg_category":"<a href=\"https:\/\/fundacioncajaruraldelsur.com\/pt\/category\/exposiciones\/\" rel=\"category tag\">Exposiciones<\/a>","rttpg_excerpt":"La Fundaci\u00f3n Caja Rural del Sur, en colaboraci\u00f3n con ARTSevilla, han inaugurado la exposici\u00f3n \u201cCapas de Olvido\u201d, de la artista \u00c1ngeles Alc\u00e1ntara, un proyecto que establece un di\u00e1logo entre tradici\u00f3n [&hellip;]","_links":{"self":[{"href":"https:\/\/fundacioncajaruraldelsur.com\/pt\/wp-json\/wp\/v2\/posts\/11489","targetHints":{"allow":["GET"]}}],"collection":[{"href":"https:\/\/fundacioncajaruraldelsur.com\/pt\/wp-json\/wp\/v2\/posts"}],"about":[{"href":"https:\/\/fundacioncajaruraldelsur.com\/pt\/wp-json\/wp\/v2\/types\/post"}],"author":[{"embeddable":true,"href":"https:\/\/fundacioncajaruraldelsur.com\/pt\/wp-json\/wp\/v2\/users\/6"}],"replies":[{"embeddable":true,"href":"https:\/\/fundacioncajaruraldelsur.com\/pt\/wp-json\/wp\/v2\/comments?post=11489"}],"version-history":[{"count":3,"href":"https:\/\/fundacioncajaruraldelsur.com\/pt\/wp-json\/wp\/v2\/posts\/11489\/revisions"}],"predecessor-version":[{"id":11504,"href":"https:\/\/fundacioncajaruraldelsur.com\/pt\/wp-json\/wp\/v2\/posts\/11489\/revisions\/11504"}],"wp:featuredmedia":[{"embeddable":true,"href":"https:\/\/fundacioncajaruraldelsur.com\/pt\/wp-json\/wp\/v2\/media\/11500"}],"wp:attachment":[{"href":"https:\/\/fundacioncajaruraldelsur.com\/pt\/wp-json\/wp\/v2\/media?parent=11489"}],"wp:term":[{"taxonomy":"category","embeddable":true,"href":"https:\/\/fundacioncajaruraldelsur.com\/pt\/wp-json\/wp\/v2\/categories?post=11489"},{"taxonomy":"post_tag","embeddable":true,"href":"https:\/\/fundacioncajaruraldelsur.com\/pt\/wp-json\/wp\/v2\/tags?post=11489"}],"curies":[{"name":"wp","href":"https:\/\/api.w.org\/{rel}","templated":true}]}}