{"id":11483,"date":"2025-09-13T08:42:51","date_gmt":"2025-09-13T07:42:51","guid":{"rendered":"https:\/\/fundacioncajaruraldelsur.com\/?p=11483"},"modified":"2025-09-13T08:43:54","modified_gmt":"2025-09-13T07:43:54","slug":"coloquio-de-diario-cordoba-con-motivo-del-25o-aniversario-de-caja-rural-del-sur","status":"publish","type":"post","link":"https:\/\/fundacioncajaruraldelsur.com\/pt\/coloquio-de-diario-cordoba-con-motivo-del-25o-aniversario-de-caja-rural-del-sur\/","title":{"rendered":"Coloquio de Diario C\u00f3rdoba con motivo del 25\u00ba aniversario de Caja Rural del Sur"},"content":{"rendered":"<p data-start=\"78\" data-end=\"318\">El presidente de <strong data-start=\"95\" data-end=\"117\">Caja Rural del Sur<\/strong>, <strong data-start=\"119\" data-end=\"156\">Jos\u00e9 Luis Garc\u00eda-Palacios \u00c1lvarez<\/strong>, particip\u00f3 este viernes <strong data-start=\"181\" data-end=\"201\">12 de septiembre<\/strong> en un coloquio organizado por <strong data-start=\"232\" data-end=\"250\">Diario C\u00d3RDOBA<\/strong> con motivo del <strong data-start=\"266\" data-end=\"285\">25\u00ba aniversario<\/strong> de la entidad en la provincia. Tras su intervenci\u00f3n se celebr\u00f3 el coloquio \u00ab25 a\u00f1os cultivando futuro: di\u00e1logo por la innovaci\u00f3n, la cultura y el desarrollo en C\u00f3rdoba\u00bb. Manuel Torralbo, rector de la UCO; Fernando Adell, presidente de Asaja; Miguel \u00c1ngel Tamarit, presidente de Asfaco; Mar\u00eda Dolores Jim\u00e9nez, presidenta de Construcor; y Eva Delgado, directora de Cultura del Ayuntamiento de C\u00f3rdoba. Cerr\u00f3 el acto el presidente del Parlamento, Jes\u00fas Aguirre.<\/p>\n<p data-start=\"320\" data-end=\"679\">Durante el encuentro se abordaron cuestiones clave sobre la <strong data-start=\"380\" data-end=\"417\">situaci\u00f3n de la econom\u00eda andaluza<\/strong>, con especial atenci\u00f3n a la provincia de <strong data-start=\"459\" data-end=\"470\">C\u00f3rdoba<\/strong>, as\u00ed como un <strong data-start=\"484\" data-end=\"544\">balance de la trayectoria de la entidad en estos 25 a\u00f1os<\/strong>. Garc\u00eda-Palacios destac\u00f3 el crecimiento sostenido de la caja y su papel como motor de apoyo al tejido empresarial y social cordob\u00e9s.<\/p>\n<p data-start=\"681\" data-end=\"935\">Asimismo, el presidente comparti\u00f3 las <strong data-start=\"719\" data-end=\"771\">previsiones de desarrollo para los pr\u00f3ximos a\u00f1os<\/strong>, subrayando la importancia de la digitalizaci\u00f3n, la cercan\u00eda al cliente y la inversi\u00f3n en sectores estrat\u00e9gicos que contribuyan al desarrollo econ\u00f3mico regional.<\/p>\n<p data-start=\"681\" data-end=\"935\">El presidente de Caja Rural del Sur puso en valor que \u00absomos 100% privados y eso nos permite eludir la volatilidad de los mercados\u00bb. As\u00ed, manifest\u00f3 que \u00abnos limitamos, escrupulosamente, a lo que nos dicta nuestro socio a trav\u00e9s de las asambleas generales\u00bb. En la actualidad, la entidad emplea a m\u00e1s de mil profesionales, cuenta con m\u00e1s de 151.000 socios (propietarios) y con unos 800.000 clientes. Desarrolla su actividad en Andaluc\u00eda, Madrid y Portugal.<\/p>\n<p class=\"ft-text\">Jos\u00e9 Luis Garc\u00eda-Palacios record\u00f3 que \u00absomos la primera cooperativa de cr\u00e9dito en la historia de Espa\u00f1a que sale fuera\u00bb. En 2022, inaugur\u00f3 sus servicios centrales en Lisboa (Portugal), aunque previamente abri\u00f3 una oficina de representaci\u00f3n en Faro \u00aby, posteriormente, se abri\u00f3 una oficina tambi\u00e9n en Oporto\u00bb, indic\u00f3. Hoy la entidad presta servicio en todo el pa\u00eds luso de la mano de la asociaci\u00f3n de cooperativas de cr\u00e9dito Agrimutuo.<\/p>\n<p class=\"ft-text\">En cuanto al territorio nacional, Jos\u00e9 Luis Garc\u00eda-Palacios ha hecho referencia \u00aba dos socios que tenemos en Andaluc\u00eda\u00bb, aludiendo a Caja Rural de Ja\u00e9n y Caja Rural de Granada. \u00abEl grupo Caja Rural, en el que estamos tres andaluzas, Sur, Ja\u00e9n y Granada,\u00a0<strong>somos el quinto grupo financiero de Espa\u00f1a<\/strong>\u00bb, ha destacado. En esta l\u00ednea, ha manifestado que \u00abjuntos, con otras 27 cooperativas de cr\u00e9dito, conformamos el primer grupo cooperativo de cr\u00e9dito de Espa\u00f1a. Representamos, aproximadamente, casi el 60% del cooperativismo de cr\u00e9dito de Espa\u00f1a\u00bb, ha reivindicado.<\/p>\n<p class=\"ft-text\">Ante un centenar de representantes institucionales y de la econom\u00eda y la sociedad cordobesas, el presidente de Caja Rural del Sur ha afirmado que \u00abnuestro principal objetivo es mejorar la sociedad a trav\u00e9s de herramientas financieras\u00bb.<\/p>\n<p data-start=\"681\" data-end=\"935\">Jos\u00e9 Luis Garc\u00eda-Palacios record\u00f3 que la Caja Rural del Sur fue fruto de la uni\u00f3n de dos cajas rurales, la Caja Rural de Huelva y la Caja Rural de Sevilla, a cuyo proyecto se incorpor\u00f3, en el a\u00f1o 2013, la Caja Rural de C\u00f3rdoba.<\/p>\n<p class=\"ft-text\">En cuanto a la actividad financiera, Caja Rural del Sur\u00a0espera finalizar 2025 con un volumen de negocio de alrededor de 19.000 millones de euros, seg\u00fan ha informado este viernes su presidente, Jos\u00e9 Luis Garc\u00eda-Palacios, durante el desayuno y coloquio celebrado con motivo del 25\u00ba aniversario de la entidad andaluza, que ha sido organizado por Diario C\u00d3RDOBA en el hotel\u00a0Mezquita\u00a0Center.<\/p>\n<p class=\"ft-text\">\u00abEste a\u00f1o prevemos cerrar un ejercicio en torno a 19.000 millones de euros de volumen de negocio\u00bb, ha afirmado Jos\u00e9 Luis Garc\u00eda-Palacios en las palabras dirigidas a los asistentes al acto. La cifra representa un crecimiento aproximado del 17% respecto a los 16.300 millones de euros de 2023.<\/p>\n<p data-start=\"681\" data-end=\"935\"><a class=\"decorated-link\" href=\"https:\/\/www.diariocordoba.com\/cordoba-ciudad\/2025\/09\/12\/caja-rural-sur-espera-19-121516727.html\" target=\"_new\" rel=\"noopener\" data-start=\"940\" data-end=\"1080\">Ver la noticia completa en Diario C\u00d3RDOBA<\/a><\/p>\n<p><a href=\"https:\/\/fundacioncajaruraldelsur.com\/wp-content\/uploads\/2025\/09\/55bec94e-5a4a-4869-a8ca-a9eda63f7da2_source-aspect-ratio_default_0.jpg\" rel=\"lightbox-0\"><img loading=\"lazy\" decoding=\"async\" class=\"wp-image-11485 size-full\" src=\"https:\/\/fundacioncajaruraldelsur.com\/wp-content\/uploads\/2025\/09\/55bec94e-5a4a-4869-a8ca-a9eda63f7da2_source-aspect-ratio_default_0.jpg\" alt=\"\" width=\"2000\" height=\"1333\" srcset=\"https:\/\/fundacioncajaruraldelsur.com\/wp-content\/uploads\/2025\/09\/55bec94e-5a4a-4869-a8ca-a9eda63f7da2_source-aspect-ratio_default_0.jpg 2000w, https:\/\/fundacioncajaruraldelsur.com\/wp-content\/uploads\/2025\/09\/55bec94e-5a4a-4869-a8ca-a9eda63f7da2_source-aspect-ratio_default_0-300x200.jpg 300w, https:\/\/fundacioncajaruraldelsur.com\/wp-content\/uploads\/2025\/09\/55bec94e-5a4a-4869-a8ca-a9eda63f7da2_source-aspect-ratio_default_0-1024x682.jpg 1024w, https:\/\/fundacioncajaruraldelsur.com\/wp-content\/uploads\/2025\/09\/55bec94e-5a4a-4869-a8ca-a9eda63f7da2_source-aspect-ratio_default_0-768x512.jpg 768w, https:\/\/fundacioncajaruraldelsur.com\/wp-content\/uploads\/2025\/09\/55bec94e-5a4a-4869-a8ca-a9eda63f7da2_source-aspect-ratio_default_0-1536x1024.jpg 1536w\" sizes=\"auto, (max-width: 2000px) 100vw, 2000px\" \/><\/a><\/p>\n<p><a href=\"https:\/\/fundacioncajaruraldelsur.com\/wp-content\/uploads\/2025\/09\/8f23f77b-8513-4fbb-913c-d884825ebf65_source-aspect-ratio_default_0.jpg\" rel=\"lightbox-1\"><img loading=\"lazy\" decoding=\"async\" class=\"wp-image-11486 size-full\" src=\"https:\/\/fundacioncajaruraldelsur.com\/wp-content\/uploads\/2025\/09\/8f23f77b-8513-4fbb-913c-d884825ebf65_source-aspect-ratio_default_0.jpg\" alt=\"\" width=\"2000\" height=\"1331\" srcset=\"https:\/\/fundacioncajaruraldelsur.com\/wp-content\/uploads\/2025\/09\/8f23f77b-8513-4fbb-913c-d884825ebf65_source-aspect-ratio_default_0.jpg 2000w, https:\/\/fundacioncajaruraldelsur.com\/wp-content\/uploads\/2025\/09\/8f23f77b-8513-4fbb-913c-d884825ebf65_source-aspect-ratio_default_0-300x200.jpg 300w, https:\/\/fundacioncajaruraldelsur.com\/wp-content\/uploads\/2025\/09\/8f23f77b-8513-4fbb-913c-d884825ebf65_source-aspect-ratio_default_0-1024x681.jpg 1024w, https:\/\/fundacioncajaruraldelsur.com\/wp-content\/uploads\/2025\/09\/8f23f77b-8513-4fbb-913c-d884825ebf65_source-aspect-ratio_default_0-768x511.jpg 768w, https:\/\/fundacioncajaruraldelsur.com\/wp-content\/uploads\/2025\/09\/8f23f77b-8513-4fbb-913c-d884825ebf65_source-aspect-ratio_default_0-1536x1022.jpg 1536w\" sizes=\"auto, (max-width: 2000px) 100vw, 2000px\" \/><\/a><\/p>","protected":false},"excerpt":{"rendered":"<p>El presidente de Caja Rural del Sur, Jos\u00e9 Luis Garc\u00eda-Palacios \u00c1lvarez, particip\u00f3 este viernes 12 de septiembre en un coloquio organizado por Diario C\u00d3RDOBA con motivo del 25\u00ba aniversario de [&hellip;]<\/p>\n","protected":false},"author":6,"featured_media":11484,"comment_status":"closed","ping_status":"closed","sticky":false,"template":"","format":"standard","meta":{"footnotes":""},"categories":[84],"tags":[],"class_list":["post-11483","post","type-post","status-publish","format-standard","has-post-thumbnail","hentry","category-presentaciones"],"yoast_head":"<!-- This site is optimized with the Yoast SEO plugin v27.3 - https:\/\/yoast.com\/product\/yoast-seo-wordpress\/ -->\n<title>Coloquio de Diario C\u00f3rdoba con motivo del 25\u00ba aniversario de Caja Rural del Sur - Fundaci\u00f3n Caja Rural del Sur<\/title>\n<meta name=\"robots\" content=\"index, follow, max-snippet:-1, max-image-preview:large, max-video-preview:-1\" \/>\n<link rel=\"canonical\" href=\"https:\/\/fundacioncajaruraldelsur.com\/pt\/coloquio-de-diario-cordoba-con-motivo-del-25o-aniversario-de-caja-rural-del-sur\/\" \/>\n<meta property=\"og:locale\" content=\"pt_PT\" \/>\n<meta property=\"og:type\" content=\"article\" \/>\n<meta property=\"og:title\" content=\"Coloquio de Diario C\u00f3rdoba con motivo del 25\u00ba aniversario de Caja Rural del Sur - Fundaci\u00f3n Caja Rural del Sur\" \/>\n<meta property=\"og:description\" content=\"El presidente de Caja Rural del Sur, Jos\u00e9 Luis Garc\u00eda-Palacios \u00c1lvarez, particip\u00f3 este viernes 12 de septiembre en un coloquio organizado por Diario C\u00d3RDOBA con motivo del 25\u00ba aniversario de [&hellip;]\" \/>\n<meta property=\"og:url\" content=\"https:\/\/fundacioncajaruraldelsur.com\/pt\/coloquio-de-diario-cordoba-con-motivo-del-25o-aniversario-de-caja-rural-del-sur\/\" \/>\n<meta property=\"og:site_name\" content=\"Fundaci\u00f3n Caja Rural del Sur\" \/>\n<meta property=\"article:published_time\" content=\"2025-09-13T07:42:51+00:00\" \/>\n<meta property=\"article:modified_time\" content=\"2025-09-13T07:43:54+00:00\" \/>\n<meta property=\"og:image\" content=\"https:\/\/fundacioncajaruraldelsur.com\/wp-content\/uploads\/2025\/09\/1cc5c34a-d3b3-4e5c-8af0-746ede38cf7c_source-aspect-ratio_default_0.jpg\" \/>\n\t<meta property=\"og:image:width\" content=\"2000\" \/>\n\t<meta property=\"og:image:height\" content=\"1333\" \/>\n\t<meta property=\"og:image:type\" content=\"image\/jpeg\" \/>\n<meta name=\"author\" content=\"Comunicaci\u00f3n\" \/>\n<meta name=\"twitter:card\" content=\"summary_large_image\" \/>\n<meta name=\"twitter:label1\" content=\"Written by\" \/>\n\t<meta name=\"twitter:data1\" content=\"Comunicaci\u00f3n\" \/>\n\t<meta name=\"twitter:label2\" content=\"Est. reading time\" \/>\n\t<meta name=\"twitter:data2\" content=\"4 minutes\" \/>\n<script type=\"application\/ld+json\" class=\"yoast-schema-graph\">{\"@context\":\"https:\\\/\\\/schema.org\",\"@graph\":[{\"@type\":\"Article\",\"@id\":\"https:\\\/\\\/fundacioncajaruraldelsur.com\\\/coloquio-de-diario-cordoba-con-motivo-del-25o-aniversario-de-caja-rural-del-sur\\\/#article\",\"isPartOf\":{\"@id\":\"https:\\\/\\\/fundacioncajaruraldelsur.com\\\/coloquio-de-diario-cordoba-con-motivo-del-25o-aniversario-de-caja-rural-del-sur\\\/\"},\"author\":{\"name\":\"Comunicaci\u00f3n\",\"@id\":\"https:\\\/\\\/fundacioncajaruraldelsur.com\\\/#\\\/schema\\\/person\\\/f430da9fb783d505ff061ad8b3d44577\"},\"headline\":\"Coloquio de Diario C\u00f3rdoba con motivo del 25\u00ba aniversario de Caja Rural del Sur\",\"datePublished\":\"2025-09-13T07:42:51+00:00\",\"dateModified\":\"2025-09-13T07:43:54+00:00\",\"mainEntityOfPage\":{\"@id\":\"https:\\\/\\\/fundacioncajaruraldelsur.com\\\/coloquio-de-diario-cordoba-con-motivo-del-25o-aniversario-de-caja-rural-del-sur\\\/\"},\"wordCount\":672,\"image\":{\"@id\":\"https:\\\/\\\/fundacioncajaruraldelsur.com\\\/coloquio-de-diario-cordoba-con-motivo-del-25o-aniversario-de-caja-rural-del-sur\\\/#primaryimage\"},\"thumbnailUrl\":\"https:\\\/\\\/fundacioncajaruraldelsur.com\\\/wp-content\\\/uploads\\\/2025\\\/09\\\/1cc5c34a-d3b3-4e5c-8af0-746ede38cf7c_source-aspect-ratio_default_0.jpg\",\"articleSection\":[\"Presentaciones\"],\"inLanguage\":\"pt-PT\"},{\"@type\":\"WebPage\",\"@id\":\"https:\\\/\\\/fundacioncajaruraldelsur.com\\\/coloquio-de-diario-cordoba-con-motivo-del-25o-aniversario-de-caja-rural-del-sur\\\/\",\"url\":\"https:\\\/\\\/fundacioncajaruraldelsur.com\\\/coloquio-de-diario-cordoba-con-motivo-del-25o-aniversario-de-caja-rural-del-sur\\\/\",\"name\":\"Coloquio de Diario C\u00f3rdoba con motivo del 25\u00ba aniversario de Caja Rural del Sur - Fundaci\u00f3n Caja Rural del Sur\",\"isPartOf\":{\"@id\":\"https:\\\/\\\/fundacioncajaruraldelsur.com\\\/#website\"},\"primaryImageOfPage\":{\"@id\":\"https:\\\/\\\/fundacioncajaruraldelsur.com\\\/coloquio-de-diario-cordoba-con-motivo-del-25o-aniversario-de-caja-rural-del-sur\\\/#primaryimage\"},\"image\":{\"@id\":\"https:\\\/\\\/fundacioncajaruraldelsur.com\\\/coloquio-de-diario-cordoba-con-motivo-del-25o-aniversario-de-caja-rural-del-sur\\\/#primaryimage\"},\"thumbnailUrl\":\"https:\\\/\\\/fundacioncajaruraldelsur.com\\\/wp-content\\\/uploads\\\/2025\\\/09\\\/1cc5c34a-d3b3-4e5c-8af0-746ede38cf7c_source-aspect-ratio_default_0.jpg\",\"datePublished\":\"2025-09-13T07:42:51+00:00\",\"dateModified\":\"2025-09-13T07:43:54+00:00\",\"author\":{\"@id\":\"https:\\\/\\\/fundacioncajaruraldelsur.com\\\/#\\\/schema\\\/person\\\/f430da9fb783d505ff061ad8b3d44577\"},\"breadcrumb\":{\"@id\":\"https:\\\/\\\/fundacioncajaruraldelsur.com\\\/coloquio-de-diario-cordoba-con-motivo-del-25o-aniversario-de-caja-rural-del-sur\\\/#breadcrumb\"},\"inLanguage\":\"pt-PT\",\"potentialAction\":[{\"@type\":\"ReadAction\",\"target\":[\"https:\\\/\\\/fundacioncajaruraldelsur.com\\\/coloquio-de-diario-cordoba-con-motivo-del-25o-aniversario-de-caja-rural-del-sur\\\/\"]}]},{\"@type\":\"ImageObject\",\"inLanguage\":\"pt-PT\",\"@id\":\"https:\\\/\\\/fundacioncajaruraldelsur.com\\\/coloquio-de-diario-cordoba-con-motivo-del-25o-aniversario-de-caja-rural-del-sur\\\/#primaryimage\",\"url\":\"https:\\\/\\\/fundacioncajaruraldelsur.com\\\/wp-content\\\/uploads\\\/2025\\\/09\\\/1cc5c34a-d3b3-4e5c-8af0-746ede38cf7c_source-aspect-ratio_default_0.jpg\",\"contentUrl\":\"https:\\\/\\\/fundacioncajaruraldelsur.com\\\/wp-content\\\/uploads\\\/2025\\\/09\\\/1cc5c34a-d3b3-4e5c-8af0-746ede38cf7c_source-aspect-ratio_default_0.jpg\",\"width\":2000,\"height\":1333,\"caption\":\"C\u00f3rdoba Desayuno por el 25\u00ba Aniversario de Caja Rural del Sur. Interviene el presidente de Caja Rural del Sur, Jos\u00e9 Luis Garc\u00eda-Palacios. Despu\u00e9s habr\u00e1 un coloquio \\\"25 a\u00f1os cultivando futuro: di\u00e1logo por la innovaci\u00f3n, la cultura y el desarrollo en C\u00f3rdoba\\\". Manuel Torralbo, rector de la UCO; Fernando Adell, presidente de Asaja; Miguel \u00c1ngel Tamarit, presidente de Asfaco; Mar\u00eda Dolores Jim\u00e9nez, presidenta de Construcor; y Eva Delgado, directora de Cultura del Ayuntamiento de C\u00f3rdoba. Cierra el acto el presidente del Parlamento, Jes\u00fas Aguirre.\"},{\"@type\":\"BreadcrumbList\",\"@id\":\"https:\\\/\\\/fundacioncajaruraldelsur.com\\\/coloquio-de-diario-cordoba-con-motivo-del-25o-aniversario-de-caja-rural-del-sur\\\/#breadcrumb\",\"itemListElement\":[{\"@type\":\"ListItem\",\"position\":1,\"name\":\"Portada\",\"item\":\"https:\\\/\\\/fundacioncajaruraldelsur.com\\\/\"},{\"@type\":\"ListItem\",\"position\":2,\"name\":\"Coloquio de Diario C\u00f3rdoba con motivo del 25\u00ba aniversario de Caja Rural del Sur\"}]},{\"@type\":\"WebSite\",\"@id\":\"https:\\\/\\\/fundacioncajaruraldelsur.com\\\/#website\",\"url\":\"https:\\\/\\\/fundacioncajaruraldelsur.com\\\/\",\"name\":\"Fundaci\u00f3n Caja Rural del Sur\",\"description\":\"\",\"potentialAction\":[{\"@type\":\"SearchAction\",\"target\":{\"@type\":\"EntryPoint\",\"urlTemplate\":\"https:\\\/\\\/fundacioncajaruraldelsur.com\\\/?s={search_term_string}\"},\"query-input\":{\"@type\":\"PropertyValueSpecification\",\"valueRequired\":true,\"valueName\":\"search_term_string\"}}],\"inLanguage\":\"pt-PT\"},{\"@type\":\"Person\",\"@id\":\"https:\\\/\\\/fundacioncajaruraldelsur.com\\\/#\\\/schema\\\/person\\\/f430da9fb783d505ff061ad8b3d44577\",\"name\":\"Comunicaci\u00f3n\",\"image\":{\"@type\":\"ImageObject\",\"inLanguage\":\"pt-PT\",\"@id\":\"https:\\\/\\\/secure.gravatar.com\\\/avatar\\\/0dca239875993680bac4603ad2de7942da018f52cc3a244578e0b3b09314a8d8?s=96&d=blank&r=g\",\"url\":\"https:\\\/\\\/secure.gravatar.com\\\/avatar\\\/0dca239875993680bac4603ad2de7942da018f52cc3a244578e0b3b09314a8d8?s=96&d=blank&r=g\",\"contentUrl\":\"https:\\\/\\\/secure.gravatar.com\\\/avatar\\\/0dca239875993680bac4603ad2de7942da018f52cc3a244578e0b3b09314a8d8?s=96&d=blank&r=g\",\"caption\":\"Comunicaci\u00f3n\"}}]}<\/script>\n<!-- \/ Yoast SEO plugin. -->","yoast_head_json":{"title":"Coloquio de Diario C\u00f3rdoba con motivo del 25\u00ba aniversario de Caja Rural del Sur - Fundaci\u00f3n Caja Rural del Sur","robots":{"index":"index","follow":"follow","max-snippet":"max-snippet:-1","max-image-preview":"max-image-preview:large","max-video-preview":"max-video-preview:-1"},"canonical":"https:\/\/fundacioncajaruraldelsur.com\/pt\/coloquio-de-diario-cordoba-con-motivo-del-25o-aniversario-de-caja-rural-del-sur\/","og_locale":"pt_PT","og_type":"article","og_title":"Coloquio de Diario C\u00f3rdoba con motivo del 25\u00ba aniversario de Caja Rural del Sur - Fundaci\u00f3n Caja Rural del Sur","og_description":"El presidente de Caja Rural del Sur, Jos\u00e9 Luis Garc\u00eda-Palacios \u00c1lvarez, particip\u00f3 este viernes 12 de septiembre en un coloquio organizado por Diario C\u00d3RDOBA con motivo del 25\u00ba aniversario de [&hellip;]","og_url":"https:\/\/fundacioncajaruraldelsur.com\/pt\/coloquio-de-diario-cordoba-con-motivo-del-25o-aniversario-de-caja-rural-del-sur\/","og_site_name":"Fundaci\u00f3n Caja Rural del Sur","article_published_time":"2025-09-13T07:42:51+00:00","article_modified_time":"2025-09-13T07:43:54+00:00","og_image":[{"width":2000,"height":1333,"url":"https:\/\/fundacioncajaruraldelsur.com\/wp-content\/uploads\/2025\/09\/1cc5c34a-d3b3-4e5c-8af0-746ede38cf7c_source-aspect-ratio_default_0.jpg","type":"image\/jpeg"}],"author":"Comunicaci\u00f3n","twitter_card":"summary_large_image","twitter_misc":{"Written by":"Comunicaci\u00f3n","Est. reading time":"4 minutes"},"schema":{"@context":"https:\/\/schema.org","@graph":[{"@type":"Article","@id":"https:\/\/fundacioncajaruraldelsur.com\/coloquio-de-diario-cordoba-con-motivo-del-25o-aniversario-de-caja-rural-del-sur\/#article","isPartOf":{"@id":"https:\/\/fundacioncajaruraldelsur.com\/coloquio-de-diario-cordoba-con-motivo-del-25o-aniversario-de-caja-rural-del-sur\/"},"author":{"name":"Comunicaci\u00f3n","@id":"https:\/\/fundacioncajaruraldelsur.com\/#\/schema\/person\/f430da9fb783d505ff061ad8b3d44577"},"headline":"Coloquio de Diario C\u00f3rdoba con motivo del 25\u00ba aniversario de Caja Rural del Sur","datePublished":"2025-09-13T07:42:51+00:00","dateModified":"2025-09-13T07:43:54+00:00","mainEntityOfPage":{"@id":"https:\/\/fundacioncajaruraldelsur.com\/coloquio-de-diario-cordoba-con-motivo-del-25o-aniversario-de-caja-rural-del-sur\/"},"wordCount":672,"image":{"@id":"https:\/\/fundacioncajaruraldelsur.com\/coloquio-de-diario-cordoba-con-motivo-del-25o-aniversario-de-caja-rural-del-sur\/#primaryimage"},"thumbnailUrl":"https:\/\/fundacioncajaruraldelsur.com\/wp-content\/uploads\/2025\/09\/1cc5c34a-d3b3-4e5c-8af0-746ede38cf7c_source-aspect-ratio_default_0.jpg","articleSection":["Presentaciones"],"inLanguage":"pt-PT"},{"@type":"WebPage","@id":"https:\/\/fundacioncajaruraldelsur.com\/coloquio-de-diario-cordoba-con-motivo-del-25o-aniversario-de-caja-rural-del-sur\/","url":"https:\/\/fundacioncajaruraldelsur.com\/coloquio-de-diario-cordoba-con-motivo-del-25o-aniversario-de-caja-rural-del-sur\/","name":"Coloquio de Diario C\u00f3rdoba con motivo del 25\u00ba aniversario de Caja Rural del Sur - Fundaci\u00f3n Caja Rural del Sur","isPartOf":{"@id":"https:\/\/fundacioncajaruraldelsur.com\/#website"},"primaryImageOfPage":{"@id":"https:\/\/fundacioncajaruraldelsur.com\/coloquio-de-diario-cordoba-con-motivo-del-25o-aniversario-de-caja-rural-del-sur\/#primaryimage"},"image":{"@id":"https:\/\/fundacioncajaruraldelsur.com\/coloquio-de-diario-cordoba-con-motivo-del-25o-aniversario-de-caja-rural-del-sur\/#primaryimage"},"thumbnailUrl":"https:\/\/fundacioncajaruraldelsur.com\/wp-content\/uploads\/2025\/09\/1cc5c34a-d3b3-4e5c-8af0-746ede38cf7c_source-aspect-ratio_default_0.jpg","datePublished":"2025-09-13T07:42:51+00:00","dateModified":"2025-09-13T07:43:54+00:00","author":{"@id":"https:\/\/fundacioncajaruraldelsur.com\/#\/schema\/person\/f430da9fb783d505ff061ad8b3d44577"},"breadcrumb":{"@id":"https:\/\/fundacioncajaruraldelsur.com\/coloquio-de-diario-cordoba-con-motivo-del-25o-aniversario-de-caja-rural-del-sur\/#breadcrumb"},"inLanguage":"pt-PT","potentialAction":[{"@type":"ReadAction","target":["https:\/\/fundacioncajaruraldelsur.com\/coloquio-de-diario-cordoba-con-motivo-del-25o-aniversario-de-caja-rural-del-sur\/"]}]},{"@type":"ImageObject","inLanguage":"pt-PT","@id":"https:\/\/fundacioncajaruraldelsur.com\/coloquio-de-diario-cordoba-con-motivo-del-25o-aniversario-de-caja-rural-del-sur\/#primaryimage","url":"https:\/\/fundacioncajaruraldelsur.com\/wp-content\/uploads\/2025\/09\/1cc5c34a-d3b3-4e5c-8af0-746ede38cf7c_source-aspect-ratio_default_0.jpg","contentUrl":"https:\/\/fundacioncajaruraldelsur.com\/wp-content\/uploads\/2025\/09\/1cc5c34a-d3b3-4e5c-8af0-746ede38cf7c_source-aspect-ratio_default_0.jpg","width":2000,"height":1333,"caption":"C\u00f3rdoba Desayuno por el 25\u00ba Aniversario de Caja Rural del Sur. Interviene el presidente de Caja Rural del Sur, Jos\u00e9 Luis Garc\u00eda-Palacios. Despu\u00e9s habr\u00e1 un coloquio \"25 a\u00f1os cultivando futuro: di\u00e1logo por la innovaci\u00f3n, la cultura y el desarrollo en C\u00f3rdoba\". Manuel Torralbo, rector de la UCO; Fernando Adell, presidente de Asaja; Miguel \u00c1ngel Tamarit, presidente de Asfaco; Mar\u00eda Dolores Jim\u00e9nez, presidenta de Construcor; y Eva Delgado, directora de Cultura del Ayuntamiento de C\u00f3rdoba. Cierra el acto el presidente del Parlamento, Jes\u00fas Aguirre."},{"@type":"BreadcrumbList","@id":"https:\/\/fundacioncajaruraldelsur.com\/coloquio-de-diario-cordoba-con-motivo-del-25o-aniversario-de-caja-rural-del-sur\/#breadcrumb","itemListElement":[{"@type":"ListItem","position":1,"name":"Portada","item":"https:\/\/fundacioncajaruraldelsur.com\/"},{"@type":"ListItem","position":2,"name":"Coloquio de Diario C\u00f3rdoba con motivo del 25\u00ba aniversario de Caja Rural del Sur"}]},{"@type":"WebSite","@id":"https:\/\/fundacioncajaruraldelsur.com\/#website","url":"https:\/\/fundacioncajaruraldelsur.com\/","name":"Funda\u00e7\u00e3o Caja Rural del Sur","description":"","potentialAction":[{"@type":"SearchAction","target":{"@type":"EntryPoint","urlTemplate":"https:\/\/fundacioncajaruraldelsur.com\/?s={search_term_string}"},"query-input":{"@type":"PropertyValueSpecification","valueRequired":true,"valueName":"search_term_string"}}],"inLanguage":"pt-PT"},{"@type":"Person","@id":"https:\/\/fundacioncajaruraldelsur.com\/#\/schema\/person\/f430da9fb783d505ff061ad8b3d44577","name":"Comunicaci\u00f3n","image":{"@type":"ImageObject","inLanguage":"pt-PT","@id":"https:\/\/secure.gravatar.com\/avatar\/0dca239875993680bac4603ad2de7942da018f52cc3a244578e0b3b09314a8d8?s=96&d=blank&r=g","url":"https:\/\/secure.gravatar.com\/avatar\/0dca239875993680bac4603ad2de7942da018f52cc3a244578e0b3b09314a8d8?s=96&d=blank&r=g","contentUrl":"https:\/\/secure.gravatar.com\/avatar\/0dca239875993680bac4603ad2de7942da018f52cc3a244578e0b3b09314a8d8?s=96&d=blank&r=g","caption":"Comunicaci\u00f3n"}}]}},"rttpg_featured_image_url":{"full":["https:\/\/fundacioncajaruraldelsur.com\/wp-content\/uploads\/2025\/09\/1cc5c34a-d3b3-4e5c-8af0-746ede38cf7c_source-aspect-ratio_default_0.jpg",2000,1333,false],"landscape":["https:\/\/fundacioncajaruraldelsur.com\/wp-content\/uploads\/2025\/09\/1cc5c34a-d3b3-4e5c-8af0-746ede38cf7c_source-aspect-ratio_default_0.jpg",2000,1333,false],"portraits":["https:\/\/fundacioncajaruraldelsur.com\/wp-content\/uploads\/2025\/09\/1cc5c34a-d3b3-4e5c-8af0-746ede38cf7c_source-aspect-ratio_default_0.jpg",2000,1333,false],"thumbnail":["https:\/\/fundacioncajaruraldelsur.com\/wp-content\/uploads\/2025\/09\/1cc5c34a-d3b3-4e5c-8af0-746ede38cf7c_source-aspect-ratio_default_0-150x150.jpg",150,150,true],"medium":["https:\/\/fundacioncajaruraldelsur.com\/wp-content\/uploads\/2025\/09\/1cc5c34a-d3b3-4e5c-8af0-746ede38cf7c_source-aspect-ratio_default_0-300x200.jpg",300,200,true],"large":["https:\/\/fundacioncajaruraldelsur.com\/wp-content\/uploads\/2025\/09\/1cc5c34a-d3b3-4e5c-8af0-746ede38cf7c_source-aspect-ratio_default_0-1024x682.jpg",960,639,true],"1536x1536":["https:\/\/fundacioncajaruraldelsur.com\/wp-content\/uploads\/2025\/09\/1cc5c34a-d3b3-4e5c-8af0-746ede38cf7c_source-aspect-ratio_default_0-1536x1024.jpg",1536,1024,true],"2048x2048":["https:\/\/fundacioncajaruraldelsur.com\/wp-content\/uploads\/2025\/09\/1cc5c34a-d3b3-4e5c-8af0-746ede38cf7c_source-aspect-ratio_default_0.jpg",2000,1333,false],"trp-custom-language-flag":["https:\/\/fundacioncajaruraldelsur.com\/wp-content\/uploads\/2025\/09\/1cc5c34a-d3b3-4e5c-8af0-746ede38cf7c_source-aspect-ratio_default_0.jpg",18,12,false],"blog-thumbnail":["https:\/\/fundacioncajaruraldelsur.com\/wp-content\/uploads\/2025\/09\/1cc5c34a-d3b3-4e5c-8af0-746ede38cf7c_source-aspect-ratio_default_0-400x200.jpg",400,200,true]},"rttpg_author":{"display_name":"Comunicaci\u00f3n","author_link":"https:\/\/fundacioncajaruraldelsur.com\/pt\/author\/sevillaadmin\/"},"rttpg_comment":0,"rttpg_category":"<a href=\"https:\/\/fundacioncajaruraldelsur.com\/pt\/category\/presentaciones\/\" rel=\"category tag\">Presentaciones<\/a>","rttpg_excerpt":"El presidente de Caja Rural del Sur, Jos\u00e9 Luis Garc\u00eda-Palacios \u00c1lvarez, particip\u00f3 este viernes 12 de septiembre en un coloquio organizado por Diario C\u00d3RDOBA con motivo del 25\u00ba aniversario de [&hellip;]","_links":{"self":[{"href":"https:\/\/fundacioncajaruraldelsur.com\/pt\/wp-json\/wp\/v2\/posts\/11483","targetHints":{"allow":["GET"]}}],"collection":[{"href":"https:\/\/fundacioncajaruraldelsur.com\/pt\/wp-json\/wp\/v2\/posts"}],"about":[{"href":"https:\/\/fundacioncajaruraldelsur.com\/pt\/wp-json\/wp\/v2\/types\/post"}],"author":[{"embeddable":true,"href":"https:\/\/fundacioncajaruraldelsur.com\/pt\/wp-json\/wp\/v2\/users\/6"}],"replies":[{"embeddable":true,"href":"https:\/\/fundacioncajaruraldelsur.com\/pt\/wp-json\/wp\/v2\/comments?post=11483"}],"version-history":[{"count":2,"href":"https:\/\/fundacioncajaruraldelsur.com\/pt\/wp-json\/wp\/v2\/posts\/11483\/revisions"}],"predecessor-version":[{"id":11488,"href":"https:\/\/fundacioncajaruraldelsur.com\/pt\/wp-json\/wp\/v2\/posts\/11483\/revisions\/11488"}],"wp:featuredmedia":[{"embeddable":true,"href":"https:\/\/fundacioncajaruraldelsur.com\/pt\/wp-json\/wp\/v2\/media\/11484"}],"wp:attachment":[{"href":"https:\/\/fundacioncajaruraldelsur.com\/pt\/wp-json\/wp\/v2\/media?parent=11483"}],"wp:term":[{"taxonomy":"category","embeddable":true,"href":"https:\/\/fundacioncajaruraldelsur.com\/pt\/wp-json\/wp\/v2\/categories?post=11483"},{"taxonomy":"post_tag","embeddable":true,"href":"https:\/\/fundacioncajaruraldelsur.com\/pt\/wp-json\/wp\/v2\/tags?post=11483"}],"curies":[{"name":"wp","href":"https:\/\/api.w.org\/{rel}","templated":true}]}}