{"id":11410,"date":"2025-08-26T16:20:24","date_gmt":"2025-08-26T15:20:24","guid":{"rendered":"https:\/\/fundacioncajaruraldelsur.com\/?p=11410"},"modified":"2025-08-26T16:20:24","modified_gmt":"2025-08-26T15:20:24","slug":"caja-rural-del-sur-en-la-54a-semana-nautica-de-el-puerto-de-santa-maria","status":"publish","type":"post","link":"https:\/\/fundacioncajaruraldelsur.com\/pt\/caja-rural-del-sur-en-la-54a-semana-nautica-de-el-puerto-de-santa-maria\/","title":{"rendered":"Caja Rural del Sur en la 54\u00aa Semana N\u00e1utica de El Puerto de Santa Mar\u00eda"},"content":{"rendered":"<p data-start=\"339\" data-end=\"795\">A <strong data-start=\"342\" data-end=\"374\">Funda\u00e7\u00e3o Caja Rural del Sur<\/strong> ha patrocinado la celebraci\u00f3n de la <strong data-start=\"413\" data-end=\"463\">54\u00aa Semana N\u00e1utica de El Puerto de Santa Mar\u00eda<\/strong>, una de las competiciones de vela m\u00e1s emblem\u00e1ticas del calendario andaluz. En representaci\u00f3n de la entidad. a la ceremonia de entrega de premios, asisti\u00f3 <strong data-start=\"620\" data-end=\"678\">Manuel Ruiz Rojas, director financiero de la Fundaci\u00f3n<\/strong>, quien subray\u00f3 el compromiso de Caja Rural del Sur con el deporte y el desarrollo social de la provincia de C\u00e1diz.<\/p>\n<p data-start=\"797\" data-end=\"1047\">La cita culmin\u00f3 este domingo, 24 de agosto, con la entrega de premios celebrada en La Caba\u00f1a de Pablo Grosso, en El Puerto de Santa Mar\u00eda, donde la tripulaci\u00f3n del <strong data-start=\"930\" data-end=\"941\">\u2018Brujo\u2019<\/strong>, de <strong data-start=\"946\" data-end=\"966\">Federico Linares<\/strong>, conquist\u00f3 su <strong data-start=\"981\" data-end=\"1009\">und\u00e9cimo Catavino de Oro<\/strong> como campe\u00f3n absoluto de la regata.<\/p>\n<p data-start=\"1049\" data-end=\"1869\">El acto estuvo presidido por <strong data-start=\"1078\" data-end=\"1100\">Santiago Villagr\u00e1n<\/strong>, presidente del RCN El Puerto de Santa Mar\u00eda, acompa\u00f1ado de <strong data-start=\"1161\" data-end=\"1187\">Ignacio Gonz\u00e1lez Nieto<\/strong>, concejal de Deportes y parlamentario andaluz. Junto a ellos, se dieron cita numerosas autoridades y representantes del mundo n\u00e1utico, entre ellos <strong data-start=\"1335\" data-end=\"1348\">Paco Coro<\/strong>, presidente de la Federaci\u00f3n Andaluza de Vela; <strong data-start=\"1396\" data-end=\"1415\">Enrique Flethes<\/strong>, presidente de la Comisi\u00f3n Naval de Regatas; <strong data-start=\"1461\" data-end=\"1474\">Toto Le\u00f3n<\/strong>, vocal de Vela de Vistahermosa Club de Golf; <strong data-start=\"1520\" data-end=\"1538\">Jos\u00e9 Dom\u00ednguez<\/strong>, directivo del RCN de El Puerto; <strong data-start=\"1572\" data-end=\"1589\">Eric Perignat<\/strong>, comodoro del club; <strong data-start=\"1610\" data-end=\"1624\">\u00c1ngel Ruiz<\/strong>, miembro del comit\u00e9 organizador; <strong data-start=\"1658\" data-end=\"1684\">Carlos Mu\u00f1oz Villareal<\/strong>, presidente del CN El Trocadero y oficial primero de la Semana N\u00e1utica; <strong data-start=\"1757\" data-end=\"1775\">Margarita Luna<\/strong>, presidenta del RCN de C\u00e1diz; y <strong data-start=\"1808\" data-end=\"1830\">Rafael Mart\u00edn Prat<\/strong>, en representaci\u00f3n de Puerto Sherry.<\/p>\n<p data-start=\"1871\" data-end=\"2190\">La ceremonia tambi\u00e9n sirvi\u00f3 para rendir homenaje a dos de los grandes impulsores de esta cita hist\u00f3rica: <strong data-start=\"1976\" data-end=\"1997\">\u00c1ngel Ruiz Garc\u00eda<\/strong>, cofundador de la Semana N\u00e1utica y expresidente de la Federaci\u00f3n Andaluza de Vela, y <strong data-start=\"2083\" data-end=\"2114\">Jos\u00e9 Mar\u00eda Escribano Ivison<\/strong>, cofundador y presidente del Comit\u00e9 Organizador hasta su 50\u00ba aniversario.<\/p>\n<p data-start=\"2192\" data-end=\"2466\">Con el triunfo del <strong data-start=\"2211\" data-end=\"2222\">\u2018Brujo\u2019<\/strong> y el firme apoyo de <strong data-start=\"2243\" data-end=\"2265\">Caja Rural del Sur<\/strong>, la Semana N\u00e1utica de El Puerto de Santa Mar\u00eda consolida una vez m\u00e1s su prestigio como la gran decana de la vela andaluza, donde tradici\u00f3n, deporte y compromiso social navegan en la misma direcci\u00f3n.<\/p>","protected":false},"excerpt":{"rendered":"<p>La Fundaci\u00f3n Caja Rural del Sur ha patrocinado la celebraci\u00f3n de la 54\u00aa Semana N\u00e1utica de El Puerto de Santa Mar\u00eda, una de las competiciones de vela m\u00e1s emblem\u00e1ticas del [&hellip;]<\/p>\n","protected":false},"author":6,"featured_media":11411,"comment_status":"closed","ping_status":"closed","sticky":false,"template":"","format":"standard","meta":{"footnotes":""},"categories":[64],"tags":[],"class_list":["post-11410","post","type-post","status-publish","format-standard","has-post-thumbnail","hentry","category-premios"],"yoast_head":"<!-- This site is optimized with the Yoast SEO plugin v27.3 - https:\/\/yoast.com\/product\/yoast-seo-wordpress\/ -->\n<title>Caja Rural del Sur en la 54\u00aa Semana N\u00e1utica de El Puerto de Santa Mar\u00eda - Fundaci\u00f3n Caja Rural del Sur<\/title>\n<meta name=\"robots\" content=\"index, follow, max-snippet:-1, max-image-preview:large, max-video-preview:-1\" \/>\n<link rel=\"canonical\" href=\"https:\/\/fundacioncajaruraldelsur.com\/pt\/caja-rural-del-sur-en-la-54a-semana-nautica-de-el-puerto-de-santa-maria\/\" \/>\n<meta property=\"og:locale\" content=\"pt_PT\" \/>\n<meta property=\"og:type\" content=\"article\" \/>\n<meta property=\"og:title\" content=\"Caja Rural del Sur en la 54\u00aa Semana N\u00e1utica de El Puerto de Santa Mar\u00eda - Fundaci\u00f3n Caja Rural del Sur\" \/>\n<meta property=\"og:description\" content=\"La Fundaci\u00f3n Caja Rural del Sur ha patrocinado la celebraci\u00f3n de la 54\u00aa Semana N\u00e1utica de El Puerto de Santa Mar\u00eda, una de las competiciones de vela m\u00e1s emblem\u00e1ticas del [&hellip;]\" \/>\n<meta property=\"og:url\" content=\"https:\/\/fundacioncajaruraldelsur.com\/pt\/caja-rural-del-sur-en-la-54a-semana-nautica-de-el-puerto-de-santa-maria\/\" \/>\n<meta property=\"og:site_name\" content=\"Fundaci\u00f3n Caja Rural del Sur\" \/>\n<meta property=\"article:published_time\" content=\"2025-08-26T15:20:24+00:00\" \/>\n<meta property=\"og:image\" content=\"https:\/\/fundacioncajaruraldelsur.com\/wp-content\/uploads\/2025\/08\/Captura-de-pantalla-2025-08-26-171154.png\" \/>\n\t<meta property=\"og:image:width\" content=\"1138\" \/>\n\t<meta property=\"og:image:height\" content=\"591\" \/>\n\t<meta property=\"og:image:type\" content=\"image\/png\" \/>\n<meta name=\"author\" content=\"Comunicaci\u00f3n\" \/>\n<meta name=\"twitter:card\" content=\"summary_large_image\" \/>\n<meta name=\"twitter:label1\" content=\"Written by\" \/>\n\t<meta name=\"twitter:data1\" content=\"Comunicaci\u00f3n\" \/>\n\t<meta name=\"twitter:label2\" content=\"Est. reading time\" \/>\n\t<meta name=\"twitter:data2\" content=\"2 minutes\" \/>\n<script type=\"application\/ld+json\" class=\"yoast-schema-graph\">{\"@context\":\"https:\\\/\\\/schema.org\",\"@graph\":[{\"@type\":\"Article\",\"@id\":\"https:\\\/\\\/fundacioncajaruraldelsur.com\\\/caja-rural-del-sur-en-la-54a-semana-nautica-de-el-puerto-de-santa-maria\\\/#article\",\"isPartOf\":{\"@id\":\"https:\\\/\\\/fundacioncajaruraldelsur.com\\\/caja-rural-del-sur-en-la-54a-semana-nautica-de-el-puerto-de-santa-maria\\\/\"},\"author\":{\"name\":\"Comunicaci\u00f3n\",\"@id\":\"https:\\\/\\\/fundacioncajaruraldelsur.com\\\/#\\\/schema\\\/person\\\/f430da9fb783d505ff061ad8b3d44577\"},\"headline\":\"Caja Rural del Sur en la 54\u00aa Semana N\u00e1utica de El Puerto de Santa Mar\u00eda\",\"datePublished\":\"2025-08-26T15:20:24+00:00\",\"mainEntityOfPage\":{\"@id\":\"https:\\\/\\\/fundacioncajaruraldelsur.com\\\/caja-rural-del-sur-en-la-54a-semana-nautica-de-el-puerto-de-santa-maria\\\/\"},\"wordCount\":387,\"image\":{\"@id\":\"https:\\\/\\\/fundacioncajaruraldelsur.com\\\/caja-rural-del-sur-en-la-54a-semana-nautica-de-el-puerto-de-santa-maria\\\/#primaryimage\"},\"thumbnailUrl\":\"https:\\\/\\\/fundacioncajaruraldelsur.com\\\/wp-content\\\/uploads\\\/2025\\\/08\\\/Captura-de-pantalla-2025-08-26-171154.png\",\"articleSection\":[\"Premios\"],\"inLanguage\":\"pt-PT\"},{\"@type\":\"WebPage\",\"@id\":\"https:\\\/\\\/fundacioncajaruraldelsur.com\\\/caja-rural-del-sur-en-la-54a-semana-nautica-de-el-puerto-de-santa-maria\\\/\",\"url\":\"https:\\\/\\\/fundacioncajaruraldelsur.com\\\/caja-rural-del-sur-en-la-54a-semana-nautica-de-el-puerto-de-santa-maria\\\/\",\"name\":\"Caja Rural del Sur en la 54\u00aa Semana N\u00e1utica de El Puerto de Santa Mar\u00eda - Fundaci\u00f3n Caja Rural del Sur\",\"isPartOf\":{\"@id\":\"https:\\\/\\\/fundacioncajaruraldelsur.com\\\/#website\"},\"primaryImageOfPage\":{\"@id\":\"https:\\\/\\\/fundacioncajaruraldelsur.com\\\/caja-rural-del-sur-en-la-54a-semana-nautica-de-el-puerto-de-santa-maria\\\/#primaryimage\"},\"image\":{\"@id\":\"https:\\\/\\\/fundacioncajaruraldelsur.com\\\/caja-rural-del-sur-en-la-54a-semana-nautica-de-el-puerto-de-santa-maria\\\/#primaryimage\"},\"thumbnailUrl\":\"https:\\\/\\\/fundacioncajaruraldelsur.com\\\/wp-content\\\/uploads\\\/2025\\\/08\\\/Captura-de-pantalla-2025-08-26-171154.png\",\"datePublished\":\"2025-08-26T15:20:24+00:00\",\"author\":{\"@id\":\"https:\\\/\\\/fundacioncajaruraldelsur.com\\\/#\\\/schema\\\/person\\\/f430da9fb783d505ff061ad8b3d44577\"},\"breadcrumb\":{\"@id\":\"https:\\\/\\\/fundacioncajaruraldelsur.com\\\/caja-rural-del-sur-en-la-54a-semana-nautica-de-el-puerto-de-santa-maria\\\/#breadcrumb\"},\"inLanguage\":\"pt-PT\",\"potentialAction\":[{\"@type\":\"ReadAction\",\"target\":[\"https:\\\/\\\/fundacioncajaruraldelsur.com\\\/caja-rural-del-sur-en-la-54a-semana-nautica-de-el-puerto-de-santa-maria\\\/\"]}]},{\"@type\":\"ImageObject\",\"inLanguage\":\"pt-PT\",\"@id\":\"https:\\\/\\\/fundacioncajaruraldelsur.com\\\/caja-rural-del-sur-en-la-54a-semana-nautica-de-el-puerto-de-santa-maria\\\/#primaryimage\",\"url\":\"https:\\\/\\\/fundacioncajaruraldelsur.com\\\/wp-content\\\/uploads\\\/2025\\\/08\\\/Captura-de-pantalla-2025-08-26-171154.png\",\"contentUrl\":\"https:\\\/\\\/fundacioncajaruraldelsur.com\\\/wp-content\\\/uploads\\\/2025\\\/08\\\/Captura-de-pantalla-2025-08-26-171154.png\",\"width\":1138,\"height\":591},{\"@type\":\"BreadcrumbList\",\"@id\":\"https:\\\/\\\/fundacioncajaruraldelsur.com\\\/caja-rural-del-sur-en-la-54a-semana-nautica-de-el-puerto-de-santa-maria\\\/#breadcrumb\",\"itemListElement\":[{\"@type\":\"ListItem\",\"position\":1,\"name\":\"Portada\",\"item\":\"https:\\\/\\\/fundacioncajaruraldelsur.com\\\/\"},{\"@type\":\"ListItem\",\"position\":2,\"name\":\"Caja Rural del Sur en la 54\u00aa Semana N\u00e1utica de El Puerto de Santa Mar\u00eda\"}]},{\"@type\":\"WebSite\",\"@id\":\"https:\\\/\\\/fundacioncajaruraldelsur.com\\\/#website\",\"url\":\"https:\\\/\\\/fundacioncajaruraldelsur.com\\\/\",\"name\":\"Fundaci\u00f3n Caja Rural del Sur\",\"description\":\"\",\"potentialAction\":[{\"@type\":\"SearchAction\",\"target\":{\"@type\":\"EntryPoint\",\"urlTemplate\":\"https:\\\/\\\/fundacioncajaruraldelsur.com\\\/?s={search_term_string}\"},\"query-input\":{\"@type\":\"PropertyValueSpecification\",\"valueRequired\":true,\"valueName\":\"search_term_string\"}}],\"inLanguage\":\"pt-PT\"},{\"@type\":\"Person\",\"@id\":\"https:\\\/\\\/fundacioncajaruraldelsur.com\\\/#\\\/schema\\\/person\\\/f430da9fb783d505ff061ad8b3d44577\",\"name\":\"Comunicaci\u00f3n\",\"image\":{\"@type\":\"ImageObject\",\"inLanguage\":\"pt-PT\",\"@id\":\"https:\\\/\\\/secure.gravatar.com\\\/avatar\\\/0dca239875993680bac4603ad2de7942da018f52cc3a244578e0b3b09314a8d8?s=96&d=blank&r=g\",\"url\":\"https:\\\/\\\/secure.gravatar.com\\\/avatar\\\/0dca239875993680bac4603ad2de7942da018f52cc3a244578e0b3b09314a8d8?s=96&d=blank&r=g\",\"contentUrl\":\"https:\\\/\\\/secure.gravatar.com\\\/avatar\\\/0dca239875993680bac4603ad2de7942da018f52cc3a244578e0b3b09314a8d8?s=96&d=blank&r=g\",\"caption\":\"Comunicaci\u00f3n\"}}]}<\/script>\n<!-- \/ Yoast SEO plugin. -->","yoast_head_json":{"title":"Caja Rural del Sur en la 54\u00aa Semana N\u00e1utica de El Puerto de Santa Mar\u00eda - Fundaci\u00f3n Caja Rural del Sur","robots":{"index":"index","follow":"follow","max-snippet":"max-snippet:-1","max-image-preview":"max-image-preview:large","max-video-preview":"max-video-preview:-1"},"canonical":"https:\/\/fundacioncajaruraldelsur.com\/pt\/caja-rural-del-sur-en-la-54a-semana-nautica-de-el-puerto-de-santa-maria\/","og_locale":"pt_PT","og_type":"article","og_title":"Caja Rural del Sur en la 54\u00aa Semana N\u00e1utica de El Puerto de Santa Mar\u00eda - Fundaci\u00f3n Caja Rural del Sur","og_description":"La Fundaci\u00f3n Caja Rural del Sur ha patrocinado la celebraci\u00f3n de la 54\u00aa Semana N\u00e1utica de El Puerto de Santa Mar\u00eda, una de las competiciones de vela m\u00e1s emblem\u00e1ticas del [&hellip;]","og_url":"https:\/\/fundacioncajaruraldelsur.com\/pt\/caja-rural-del-sur-en-la-54a-semana-nautica-de-el-puerto-de-santa-maria\/","og_site_name":"Fundaci\u00f3n Caja Rural del Sur","article_published_time":"2025-08-26T15:20:24+00:00","og_image":[{"width":1138,"height":591,"url":"https:\/\/fundacioncajaruraldelsur.com\/wp-content\/uploads\/2025\/08\/Captura-de-pantalla-2025-08-26-171154.png","type":"image\/png"}],"author":"Comunicaci\u00f3n","twitter_card":"summary_large_image","twitter_misc":{"Written by":"Comunicaci\u00f3n","Est. reading time":"2 minutes"},"schema":{"@context":"https:\/\/schema.org","@graph":[{"@type":"Article","@id":"https:\/\/fundacioncajaruraldelsur.com\/caja-rural-del-sur-en-la-54a-semana-nautica-de-el-puerto-de-santa-maria\/#article","isPartOf":{"@id":"https:\/\/fundacioncajaruraldelsur.com\/caja-rural-del-sur-en-la-54a-semana-nautica-de-el-puerto-de-santa-maria\/"},"author":{"name":"Comunicaci\u00f3n","@id":"https:\/\/fundacioncajaruraldelsur.com\/#\/schema\/person\/f430da9fb783d505ff061ad8b3d44577"},"headline":"Caja Rural del Sur en la 54\u00aa Semana N\u00e1utica de El Puerto de Santa Mar\u00eda","datePublished":"2025-08-26T15:20:24+00:00","mainEntityOfPage":{"@id":"https:\/\/fundacioncajaruraldelsur.com\/caja-rural-del-sur-en-la-54a-semana-nautica-de-el-puerto-de-santa-maria\/"},"wordCount":387,"image":{"@id":"https:\/\/fundacioncajaruraldelsur.com\/caja-rural-del-sur-en-la-54a-semana-nautica-de-el-puerto-de-santa-maria\/#primaryimage"},"thumbnailUrl":"https:\/\/fundacioncajaruraldelsur.com\/wp-content\/uploads\/2025\/08\/Captura-de-pantalla-2025-08-26-171154.png","articleSection":["Premios"],"inLanguage":"pt-PT"},{"@type":"WebPage","@id":"https:\/\/fundacioncajaruraldelsur.com\/caja-rural-del-sur-en-la-54a-semana-nautica-de-el-puerto-de-santa-maria\/","url":"https:\/\/fundacioncajaruraldelsur.com\/caja-rural-del-sur-en-la-54a-semana-nautica-de-el-puerto-de-santa-maria\/","name":"Caja Rural del Sur en la 54\u00aa Semana N\u00e1utica de El Puerto de Santa Mar\u00eda - Fundaci\u00f3n Caja Rural del Sur","isPartOf":{"@id":"https:\/\/fundacioncajaruraldelsur.com\/#website"},"primaryImageOfPage":{"@id":"https:\/\/fundacioncajaruraldelsur.com\/caja-rural-del-sur-en-la-54a-semana-nautica-de-el-puerto-de-santa-maria\/#primaryimage"},"image":{"@id":"https:\/\/fundacioncajaruraldelsur.com\/caja-rural-del-sur-en-la-54a-semana-nautica-de-el-puerto-de-santa-maria\/#primaryimage"},"thumbnailUrl":"https:\/\/fundacioncajaruraldelsur.com\/wp-content\/uploads\/2025\/08\/Captura-de-pantalla-2025-08-26-171154.png","datePublished":"2025-08-26T15:20:24+00:00","author":{"@id":"https:\/\/fundacioncajaruraldelsur.com\/#\/schema\/person\/f430da9fb783d505ff061ad8b3d44577"},"breadcrumb":{"@id":"https:\/\/fundacioncajaruraldelsur.com\/caja-rural-del-sur-en-la-54a-semana-nautica-de-el-puerto-de-santa-maria\/#breadcrumb"},"inLanguage":"pt-PT","potentialAction":[{"@type":"ReadAction","target":["https:\/\/fundacioncajaruraldelsur.com\/caja-rural-del-sur-en-la-54a-semana-nautica-de-el-puerto-de-santa-maria\/"]}]},{"@type":"ImageObject","inLanguage":"pt-PT","@id":"https:\/\/fundacioncajaruraldelsur.com\/caja-rural-del-sur-en-la-54a-semana-nautica-de-el-puerto-de-santa-maria\/#primaryimage","url":"https:\/\/fundacioncajaruraldelsur.com\/wp-content\/uploads\/2025\/08\/Captura-de-pantalla-2025-08-26-171154.png","contentUrl":"https:\/\/fundacioncajaruraldelsur.com\/wp-content\/uploads\/2025\/08\/Captura-de-pantalla-2025-08-26-171154.png","width":1138,"height":591},{"@type":"BreadcrumbList","@id":"https:\/\/fundacioncajaruraldelsur.com\/caja-rural-del-sur-en-la-54a-semana-nautica-de-el-puerto-de-santa-maria\/#breadcrumb","itemListElement":[{"@type":"ListItem","position":1,"name":"Portada","item":"https:\/\/fundacioncajaruraldelsur.com\/"},{"@type":"ListItem","position":2,"name":"Caja Rural del Sur en la 54\u00aa Semana N\u00e1utica de El Puerto de Santa Mar\u00eda"}]},{"@type":"WebSite","@id":"https:\/\/fundacioncajaruraldelsur.com\/#website","url":"https:\/\/fundacioncajaruraldelsur.com\/","name":"Funda\u00e7\u00e3o Caja Rural del Sur","description":"","potentialAction":[{"@type":"SearchAction","target":{"@type":"EntryPoint","urlTemplate":"https:\/\/fundacioncajaruraldelsur.com\/?s={search_term_string}"},"query-input":{"@type":"PropertyValueSpecification","valueRequired":true,"valueName":"search_term_string"}}],"inLanguage":"pt-PT"},{"@type":"Person","@id":"https:\/\/fundacioncajaruraldelsur.com\/#\/schema\/person\/f430da9fb783d505ff061ad8b3d44577","name":"Comunicaci\u00f3n","image":{"@type":"ImageObject","inLanguage":"pt-PT","@id":"https:\/\/secure.gravatar.com\/avatar\/0dca239875993680bac4603ad2de7942da018f52cc3a244578e0b3b09314a8d8?s=96&d=blank&r=g","url":"https:\/\/secure.gravatar.com\/avatar\/0dca239875993680bac4603ad2de7942da018f52cc3a244578e0b3b09314a8d8?s=96&d=blank&r=g","contentUrl":"https:\/\/secure.gravatar.com\/avatar\/0dca239875993680bac4603ad2de7942da018f52cc3a244578e0b3b09314a8d8?s=96&d=blank&r=g","caption":"Comunicaci\u00f3n"}}]}},"rttpg_featured_image_url":{"full":["https:\/\/fundacioncajaruraldelsur.com\/wp-content\/uploads\/2025\/08\/Captura-de-pantalla-2025-08-26-171154.png",1138,591,false],"landscape":["https:\/\/fundacioncajaruraldelsur.com\/wp-content\/uploads\/2025\/08\/Captura-de-pantalla-2025-08-26-171154.png",1138,591,false],"portraits":["https:\/\/fundacioncajaruraldelsur.com\/wp-content\/uploads\/2025\/08\/Captura-de-pantalla-2025-08-26-171154.png",1138,591,false],"thumbnail":["https:\/\/fundacioncajaruraldelsur.com\/wp-content\/uploads\/2025\/08\/Captura-de-pantalla-2025-08-26-171154-150x150.png",150,150,true],"medium":["https:\/\/fundacioncajaruraldelsur.com\/wp-content\/uploads\/2025\/08\/Captura-de-pantalla-2025-08-26-171154-300x156.png",300,156,true],"large":["https:\/\/fundacioncajaruraldelsur.com\/wp-content\/uploads\/2025\/08\/Captura-de-pantalla-2025-08-26-171154-1024x532.png",960,499,true],"1536x1536":["https:\/\/fundacioncajaruraldelsur.com\/wp-content\/uploads\/2025\/08\/Captura-de-pantalla-2025-08-26-171154.png",1138,591,false],"2048x2048":["https:\/\/fundacioncajaruraldelsur.com\/wp-content\/uploads\/2025\/08\/Captura-de-pantalla-2025-08-26-171154.png",1138,591,false],"trp-custom-language-flag":["https:\/\/fundacioncajaruraldelsur.com\/wp-content\/uploads\/2025\/08\/Captura-de-pantalla-2025-08-26-171154.png",18,9,false],"blog-thumbnail":["https:\/\/fundacioncajaruraldelsur.com\/wp-content\/uploads\/2025\/08\/Captura-de-pantalla-2025-08-26-171154-400x200.png",400,200,true]},"rttpg_author":{"display_name":"Comunicaci\u00f3n","author_link":"https:\/\/fundacioncajaruraldelsur.com\/pt\/author\/sevillaadmin\/"},"rttpg_comment":0,"rttpg_category":"<a href=\"https:\/\/fundacioncajaruraldelsur.com\/pt\/category\/premios\/\" rel=\"category tag\">Premios<\/a>","rttpg_excerpt":"La Fundaci\u00f3n Caja Rural del Sur ha patrocinado la celebraci\u00f3n de la 54\u00aa Semana N\u00e1utica de El Puerto de Santa Mar\u00eda, una de las competiciones de vela m\u00e1s emblem\u00e1ticas del [&hellip;]","_links":{"self":[{"href":"https:\/\/fundacioncajaruraldelsur.com\/pt\/wp-json\/wp\/v2\/posts\/11410","targetHints":{"allow":["GET"]}}],"collection":[{"href":"https:\/\/fundacioncajaruraldelsur.com\/pt\/wp-json\/wp\/v2\/posts"}],"about":[{"href":"https:\/\/fundacioncajaruraldelsur.com\/pt\/wp-json\/wp\/v2\/types\/post"}],"author":[{"embeddable":true,"href":"https:\/\/fundacioncajaruraldelsur.com\/pt\/wp-json\/wp\/v2\/users\/6"}],"replies":[{"embeddable":true,"href":"https:\/\/fundacioncajaruraldelsur.com\/pt\/wp-json\/wp\/v2\/comments?post=11410"}],"version-history":[{"count":1,"href":"https:\/\/fundacioncajaruraldelsur.com\/pt\/wp-json\/wp\/v2\/posts\/11410\/revisions"}],"predecessor-version":[{"id":11412,"href":"https:\/\/fundacioncajaruraldelsur.com\/pt\/wp-json\/wp\/v2\/posts\/11410\/revisions\/11412"}],"wp:featuredmedia":[{"embeddable":true,"href":"https:\/\/fundacioncajaruraldelsur.com\/pt\/wp-json\/wp\/v2\/media\/11411"}],"wp:attachment":[{"href":"https:\/\/fundacioncajaruraldelsur.com\/pt\/wp-json\/wp\/v2\/media?parent=11410"}],"wp:term":[{"taxonomy":"category","embeddable":true,"href":"https:\/\/fundacioncajaruraldelsur.com\/pt\/wp-json\/wp\/v2\/categories?post=11410"},{"taxonomy":"post_tag","embeddable":true,"href":"https:\/\/fundacioncajaruraldelsur.com\/pt\/wp-json\/wp\/v2\/tags?post=11410"}],"curies":[{"name":"wp","href":"https:\/\/api.w.org\/{rel}","templated":true}]}}