{"id":11402,"date":"2025-08-23T11:32:40","date_gmt":"2025-08-23T10:32:40","guid":{"rendered":"https:\/\/fundacioncajaruraldelsur.com\/?p=11402"},"modified":"2025-08-23T11:36:10","modified_gmt":"2025-08-23T10:36:10","slug":"premio-caja-rural-del-sur-en-la-clausura-de-la-180a-edicion-de-las-carreras-de-caballos-de-sanlucar","status":"publish","type":"post","link":"https:\/\/fundacioncajaruraldelsur.com\/pt\/premio-caja-rural-del-sur-en-la-clausura-de-la-180a-edicion-de-las-carreras-de-caballos-de-sanlucar\/","title":{"rendered":"Premio Caja Rural del Sur en la clausura de la 180\u00aa edici\u00f3n de las Carreras de Caballos de Sanl\u00facar"},"content":{"rendered":"<p>A <strong>180\u00aa edici\u00f3n de las tradicionales carreras de caballos de Sanl\u00facar de Barrameda<\/strong> concluy\u00f3 el pasado jueves, 21 de agosto, con una jornada de gran nivel en la que destac\u00f3 el <strong>Premio Caja Rural del Sur, una de las pruebas m\u00e1s esperadas por participantes y aficionados.<\/strong><\/p>\n<p><strong>Big Bad Wolf, de la cuadra Galatea Racing, se hizo con la primera victoria de la tarde.<\/strong> Capitaneado por Nicol\u00e1s de Juli\u00e1n, el caballo fue el mejor en una carrera destinada a caballos y yeguas de tres a\u00f1os en adelante. Su segunda victoria del curso. Su empuje final fue espectacular y as\u00ed pudo superar a Alphabetic, el gran favorito de las apuestas, con la monta de Jaime Gelabert, que ya sab\u00eda lo que era ganar en Las Piletas. El cuadro de honor lo cerraron Baadirr y Cristina P\u00e9rez, junto con Sound of Victory de A. Martinez. .<\/p>\n<p>Un a\u00f1o m\u00e1s, <strong>el presidente de Caja Rural del Sur, Jos\u00e9 Luis Garc\u00eda-Palacios<\/strong>, hizo entrega del premio y as\u00ed la entidad volvi\u00f3 a demostrar su firme compromiso con este hist\u00f3rico ciclo deportivo, consolid\u00e1ndose como patrocinador de referencia de una cita que cada verano atrae a miles de espectadores a las playas de Sanl\u00facar de Barrameda.<\/p>\n<p>Con su apoyo continuado, Caja Rural del Sur contribuy\u00f3 al \u00e9xito de la clausura de esta 180\u00aa edici\u00f3n, reforzando el valor cultural, deportivo y social de una de las competiciones h\u00edpicas m\u00e1s singulares del calendario nacional.<\/p>\n<p><a href=\"https:\/\/fundacioncajaruraldelsur.com\/wp-content\/uploads\/2025\/08\/Captura-de-pantalla-2025-08-23-123006.png\" rel=\"lightbox-0\"><img loading=\"lazy\" decoding=\"async\" class=\"wp-image-11404 size-full aligncenter\" src=\"https:\/\/fundacioncajaruraldelsur.com\/wp-content\/uploads\/2025\/08\/Captura-de-pantalla-2025-08-23-123006.png\" alt=\"\" width=\"799\" height=\"605\" srcset=\"https:\/\/fundacioncajaruraldelsur.com\/wp-content\/uploads\/2025\/08\/Captura-de-pantalla-2025-08-23-123006.png 799w, https:\/\/fundacioncajaruraldelsur.com\/wp-content\/uploads\/2025\/08\/Captura-de-pantalla-2025-08-23-123006-300x227.png 300w, https:\/\/fundacioncajaruraldelsur.com\/wp-content\/uploads\/2025\/08\/Captura-de-pantalla-2025-08-23-123006-768x582.png 768w\" sizes=\"auto, (max-width: 799px) 100vw, 799px\" \/><\/a><\/p>\n<p>&nbsp;<\/p>","protected":false},"excerpt":{"rendered":"<p>La 180\u00aa edici\u00f3n de las tradicionales carreras de caballos de Sanl\u00facar de Barrameda concluy\u00f3 el pasado jueves, 21 de agosto, con una jornada de gran nivel en la que destac\u00f3 [&hellip;]<\/p>\n","protected":false},"author":6,"featured_media":11403,"comment_status":"closed","ping_status":"closed","sticky":false,"template":"","format":"standard","meta":{"footnotes":""},"categories":[67],"tags":[],"class_list":["post-11402","post","type-post","status-publish","format-standard","has-post-thumbnail","hentry","category-convenios"],"yoast_head":"<!-- This site is optimized with the Yoast SEO plugin v27.3 - https:\/\/yoast.com\/product\/yoast-seo-wordpress\/ -->\n<title>Premio Caja Rural del Sur en la clausura de la 180\u00aa edici\u00f3n de las Carreras de Caballos de Sanl\u00facar - Fundaci\u00f3n Caja Rural del Sur<\/title>\n<meta name=\"robots\" content=\"index, follow, max-snippet:-1, max-image-preview:large, max-video-preview:-1\" \/>\n<link rel=\"canonical\" href=\"https:\/\/fundacioncajaruraldelsur.com\/pt\/premio-caja-rural-del-sur-en-la-clausura-de-la-180a-edicion-de-las-carreras-de-caballos-de-sanlucar\/\" \/>\n<meta property=\"og:locale\" content=\"pt_PT\" \/>\n<meta property=\"og:type\" content=\"article\" \/>\n<meta property=\"og:title\" content=\"Premio Caja Rural del Sur en la clausura de la 180\u00aa edici\u00f3n de las Carreras de Caballos de Sanl\u00facar - Fundaci\u00f3n Caja Rural del Sur\" \/>\n<meta property=\"og:description\" content=\"La 180\u00aa edici\u00f3n de las tradicionales carreras de caballos de Sanl\u00facar de Barrameda concluy\u00f3 el pasado jueves, 21 de agosto, con una jornada de gran nivel en la que destac\u00f3 [&hellip;]\" \/>\n<meta property=\"og:url\" content=\"https:\/\/fundacioncajaruraldelsur.com\/pt\/premio-caja-rural-del-sur-en-la-clausura-de-la-180a-edicion-de-las-carreras-de-caballos-de-sanlucar\/\" \/>\n<meta property=\"og:site_name\" content=\"Fundaci\u00f3n Caja Rural del Sur\" \/>\n<meta property=\"article:published_time\" content=\"2025-08-23T10:32:40+00:00\" \/>\n<meta property=\"article:modified_time\" content=\"2025-08-23T10:36:10+00:00\" \/>\n<meta property=\"og:image\" content=\"https:\/\/fundacioncajaruraldelsur.com\/wp-content\/uploads\/2025\/08\/Captura-de-pantalla-2025-08-23-122714.png\" \/>\n\t<meta property=\"og:image:width\" content=\"1089\" \/>\n\t<meta property=\"og:image:height\" content=\"633\" \/>\n\t<meta property=\"og:image:type\" content=\"image\/png\" \/>\n<meta name=\"author\" content=\"Comunicaci\u00f3n\" \/>\n<meta name=\"twitter:card\" content=\"summary_large_image\" \/>\n<meta name=\"twitter:label1\" content=\"Written by\" \/>\n\t<meta name=\"twitter:data1\" content=\"Comunicaci\u00f3n\" \/>\n\t<meta name=\"twitter:label2\" content=\"Est. reading time\" \/>\n\t<meta name=\"twitter:data2\" content=\"2 minutes\" \/>\n<script type=\"application\/ld+json\" class=\"yoast-schema-graph\">{\"@context\":\"https:\\\/\\\/schema.org\",\"@graph\":[{\"@type\":\"Article\",\"@id\":\"https:\\\/\\\/fundacioncajaruraldelsur.com\\\/premio-caja-rural-del-sur-en-la-clausura-de-la-180a-edicion-de-las-carreras-de-caballos-de-sanlucar\\\/#article\",\"isPartOf\":{\"@id\":\"https:\\\/\\\/fundacioncajaruraldelsur.com\\\/premio-caja-rural-del-sur-en-la-clausura-de-la-180a-edicion-de-las-carreras-de-caballos-de-sanlucar\\\/\"},\"author\":{\"name\":\"Comunicaci\u00f3n\",\"@id\":\"https:\\\/\\\/fundacioncajaruraldelsur.com\\\/#\\\/schema\\\/person\\\/f430da9fb783d505ff061ad8b3d44577\"},\"headline\":\"Premio Caja Rural del Sur en la clausura de la 180\u00aa edici\u00f3n de las Carreras de Caballos de Sanl\u00facar\",\"datePublished\":\"2025-08-23T10:32:40+00:00\",\"dateModified\":\"2025-08-23T10:36:10+00:00\",\"mainEntityOfPage\":{\"@id\":\"https:\\\/\\\/fundacioncajaruraldelsur.com\\\/premio-caja-rural-del-sur-en-la-clausura-de-la-180a-edicion-de-las-carreras-de-caballos-de-sanlucar\\\/\"},\"wordCount\":268,\"image\":{\"@id\":\"https:\\\/\\\/fundacioncajaruraldelsur.com\\\/premio-caja-rural-del-sur-en-la-clausura-de-la-180a-edicion-de-las-carreras-de-caballos-de-sanlucar\\\/#primaryimage\"},\"thumbnailUrl\":\"https:\\\/\\\/fundacioncajaruraldelsur.com\\\/wp-content\\\/uploads\\\/2025\\\/08\\\/Captura-de-pantalla-2025-08-23-122714.png\",\"articleSection\":[\"Convenios\"],\"inLanguage\":\"pt-PT\"},{\"@type\":\"WebPage\",\"@id\":\"https:\\\/\\\/fundacioncajaruraldelsur.com\\\/premio-caja-rural-del-sur-en-la-clausura-de-la-180a-edicion-de-las-carreras-de-caballos-de-sanlucar\\\/\",\"url\":\"https:\\\/\\\/fundacioncajaruraldelsur.com\\\/premio-caja-rural-del-sur-en-la-clausura-de-la-180a-edicion-de-las-carreras-de-caballos-de-sanlucar\\\/\",\"name\":\"Premio Caja Rural del Sur en la clausura de la 180\u00aa edici\u00f3n de las Carreras de Caballos de Sanl\u00facar - Fundaci\u00f3n Caja Rural del Sur\",\"isPartOf\":{\"@id\":\"https:\\\/\\\/fundacioncajaruraldelsur.com\\\/#website\"},\"primaryImageOfPage\":{\"@id\":\"https:\\\/\\\/fundacioncajaruraldelsur.com\\\/premio-caja-rural-del-sur-en-la-clausura-de-la-180a-edicion-de-las-carreras-de-caballos-de-sanlucar\\\/#primaryimage\"},\"image\":{\"@id\":\"https:\\\/\\\/fundacioncajaruraldelsur.com\\\/premio-caja-rural-del-sur-en-la-clausura-de-la-180a-edicion-de-las-carreras-de-caballos-de-sanlucar\\\/#primaryimage\"},\"thumbnailUrl\":\"https:\\\/\\\/fundacioncajaruraldelsur.com\\\/wp-content\\\/uploads\\\/2025\\\/08\\\/Captura-de-pantalla-2025-08-23-122714.png\",\"datePublished\":\"2025-08-23T10:32:40+00:00\",\"dateModified\":\"2025-08-23T10:36:10+00:00\",\"author\":{\"@id\":\"https:\\\/\\\/fundacioncajaruraldelsur.com\\\/#\\\/schema\\\/person\\\/f430da9fb783d505ff061ad8b3d44577\"},\"breadcrumb\":{\"@id\":\"https:\\\/\\\/fundacioncajaruraldelsur.com\\\/premio-caja-rural-del-sur-en-la-clausura-de-la-180a-edicion-de-las-carreras-de-caballos-de-sanlucar\\\/#breadcrumb\"},\"inLanguage\":\"pt-PT\",\"potentialAction\":[{\"@type\":\"ReadAction\",\"target\":[\"https:\\\/\\\/fundacioncajaruraldelsur.com\\\/premio-caja-rural-del-sur-en-la-clausura-de-la-180a-edicion-de-las-carreras-de-caballos-de-sanlucar\\\/\"]}]},{\"@type\":\"ImageObject\",\"inLanguage\":\"pt-PT\",\"@id\":\"https:\\\/\\\/fundacioncajaruraldelsur.com\\\/premio-caja-rural-del-sur-en-la-clausura-de-la-180a-edicion-de-las-carreras-de-caballos-de-sanlucar\\\/#primaryimage\",\"url\":\"https:\\\/\\\/fundacioncajaruraldelsur.com\\\/wp-content\\\/uploads\\\/2025\\\/08\\\/Captura-de-pantalla-2025-08-23-122714.png\",\"contentUrl\":\"https:\\\/\\\/fundacioncajaruraldelsur.com\\\/wp-content\\\/uploads\\\/2025\\\/08\\\/Captura-de-pantalla-2025-08-23-122714.png\",\"width\":1089,\"height\":633},{\"@type\":\"BreadcrumbList\",\"@id\":\"https:\\\/\\\/fundacioncajaruraldelsur.com\\\/premio-caja-rural-del-sur-en-la-clausura-de-la-180a-edicion-de-las-carreras-de-caballos-de-sanlucar\\\/#breadcrumb\",\"itemListElement\":[{\"@type\":\"ListItem\",\"position\":1,\"name\":\"Portada\",\"item\":\"https:\\\/\\\/fundacioncajaruraldelsur.com\\\/\"},{\"@type\":\"ListItem\",\"position\":2,\"name\":\"Premio Caja Rural del Sur en la clausura de la 180\u00aa edici\u00f3n de las Carreras de Caballos de Sanl\u00facar\"}]},{\"@type\":\"WebSite\",\"@id\":\"https:\\\/\\\/fundacioncajaruraldelsur.com\\\/#website\",\"url\":\"https:\\\/\\\/fundacioncajaruraldelsur.com\\\/\",\"name\":\"Fundaci\u00f3n Caja Rural del Sur\",\"description\":\"\",\"potentialAction\":[{\"@type\":\"SearchAction\",\"target\":{\"@type\":\"EntryPoint\",\"urlTemplate\":\"https:\\\/\\\/fundacioncajaruraldelsur.com\\\/?s={search_term_string}\"},\"query-input\":{\"@type\":\"PropertyValueSpecification\",\"valueRequired\":true,\"valueName\":\"search_term_string\"}}],\"inLanguage\":\"pt-PT\"},{\"@type\":\"Person\",\"@id\":\"https:\\\/\\\/fundacioncajaruraldelsur.com\\\/#\\\/schema\\\/person\\\/f430da9fb783d505ff061ad8b3d44577\",\"name\":\"Comunicaci\u00f3n\",\"image\":{\"@type\":\"ImageObject\",\"inLanguage\":\"pt-PT\",\"@id\":\"https:\\\/\\\/secure.gravatar.com\\\/avatar\\\/0dca239875993680bac4603ad2de7942da018f52cc3a244578e0b3b09314a8d8?s=96&d=blank&r=g\",\"url\":\"https:\\\/\\\/secure.gravatar.com\\\/avatar\\\/0dca239875993680bac4603ad2de7942da018f52cc3a244578e0b3b09314a8d8?s=96&d=blank&r=g\",\"contentUrl\":\"https:\\\/\\\/secure.gravatar.com\\\/avatar\\\/0dca239875993680bac4603ad2de7942da018f52cc3a244578e0b3b09314a8d8?s=96&d=blank&r=g\",\"caption\":\"Comunicaci\u00f3n\"}}]}<\/script>\n<!-- \/ Yoast SEO plugin. -->","yoast_head_json":{"title":"Premio Caja Rural del Sur en la clausura de la 180\u00aa edici\u00f3n de las Carreras de Caballos de Sanl\u00facar - Fundaci\u00f3n Caja Rural del Sur","robots":{"index":"index","follow":"follow","max-snippet":"max-snippet:-1","max-image-preview":"max-image-preview:large","max-video-preview":"max-video-preview:-1"},"canonical":"https:\/\/fundacioncajaruraldelsur.com\/pt\/premio-caja-rural-del-sur-en-la-clausura-de-la-180a-edicion-de-las-carreras-de-caballos-de-sanlucar\/","og_locale":"pt_PT","og_type":"article","og_title":"Premio Caja Rural del Sur en la clausura de la 180\u00aa edici\u00f3n de las Carreras de Caballos de Sanl\u00facar - Fundaci\u00f3n Caja Rural del Sur","og_description":"La 180\u00aa edici\u00f3n de las tradicionales carreras de caballos de Sanl\u00facar de Barrameda concluy\u00f3 el pasado jueves, 21 de agosto, con una jornada de gran nivel en la que destac\u00f3 [&hellip;]","og_url":"https:\/\/fundacioncajaruraldelsur.com\/pt\/premio-caja-rural-del-sur-en-la-clausura-de-la-180a-edicion-de-las-carreras-de-caballos-de-sanlucar\/","og_site_name":"Fundaci\u00f3n Caja Rural del Sur","article_published_time":"2025-08-23T10:32:40+00:00","article_modified_time":"2025-08-23T10:36:10+00:00","og_image":[{"width":1089,"height":633,"url":"https:\/\/fundacioncajaruraldelsur.com\/wp-content\/uploads\/2025\/08\/Captura-de-pantalla-2025-08-23-122714.png","type":"image\/png"}],"author":"Comunicaci\u00f3n","twitter_card":"summary_large_image","twitter_misc":{"Written by":"Comunicaci\u00f3n","Est. reading time":"2 minutes"},"schema":{"@context":"https:\/\/schema.org","@graph":[{"@type":"Article","@id":"https:\/\/fundacioncajaruraldelsur.com\/premio-caja-rural-del-sur-en-la-clausura-de-la-180a-edicion-de-las-carreras-de-caballos-de-sanlucar\/#article","isPartOf":{"@id":"https:\/\/fundacioncajaruraldelsur.com\/premio-caja-rural-del-sur-en-la-clausura-de-la-180a-edicion-de-las-carreras-de-caballos-de-sanlucar\/"},"author":{"name":"Comunicaci\u00f3n","@id":"https:\/\/fundacioncajaruraldelsur.com\/#\/schema\/person\/f430da9fb783d505ff061ad8b3d44577"},"headline":"Premio Caja Rural del Sur en la clausura de la 180\u00aa edici\u00f3n de las Carreras de Caballos de Sanl\u00facar","datePublished":"2025-08-23T10:32:40+00:00","dateModified":"2025-08-23T10:36:10+00:00","mainEntityOfPage":{"@id":"https:\/\/fundacioncajaruraldelsur.com\/premio-caja-rural-del-sur-en-la-clausura-de-la-180a-edicion-de-las-carreras-de-caballos-de-sanlucar\/"},"wordCount":268,"image":{"@id":"https:\/\/fundacioncajaruraldelsur.com\/premio-caja-rural-del-sur-en-la-clausura-de-la-180a-edicion-de-las-carreras-de-caballos-de-sanlucar\/#primaryimage"},"thumbnailUrl":"https:\/\/fundacioncajaruraldelsur.com\/wp-content\/uploads\/2025\/08\/Captura-de-pantalla-2025-08-23-122714.png","articleSection":["Convenios"],"inLanguage":"pt-PT"},{"@type":"WebPage","@id":"https:\/\/fundacioncajaruraldelsur.com\/premio-caja-rural-del-sur-en-la-clausura-de-la-180a-edicion-de-las-carreras-de-caballos-de-sanlucar\/","url":"https:\/\/fundacioncajaruraldelsur.com\/premio-caja-rural-del-sur-en-la-clausura-de-la-180a-edicion-de-las-carreras-de-caballos-de-sanlucar\/","name":"Premio Caja Rural del Sur en la clausura de la 180\u00aa edici\u00f3n de las Carreras de Caballos de Sanl\u00facar - Fundaci\u00f3n Caja Rural del Sur","isPartOf":{"@id":"https:\/\/fundacioncajaruraldelsur.com\/#website"},"primaryImageOfPage":{"@id":"https:\/\/fundacioncajaruraldelsur.com\/premio-caja-rural-del-sur-en-la-clausura-de-la-180a-edicion-de-las-carreras-de-caballos-de-sanlucar\/#primaryimage"},"image":{"@id":"https:\/\/fundacioncajaruraldelsur.com\/premio-caja-rural-del-sur-en-la-clausura-de-la-180a-edicion-de-las-carreras-de-caballos-de-sanlucar\/#primaryimage"},"thumbnailUrl":"https:\/\/fundacioncajaruraldelsur.com\/wp-content\/uploads\/2025\/08\/Captura-de-pantalla-2025-08-23-122714.png","datePublished":"2025-08-23T10:32:40+00:00","dateModified":"2025-08-23T10:36:10+00:00","author":{"@id":"https:\/\/fundacioncajaruraldelsur.com\/#\/schema\/person\/f430da9fb783d505ff061ad8b3d44577"},"breadcrumb":{"@id":"https:\/\/fundacioncajaruraldelsur.com\/premio-caja-rural-del-sur-en-la-clausura-de-la-180a-edicion-de-las-carreras-de-caballos-de-sanlucar\/#breadcrumb"},"inLanguage":"pt-PT","potentialAction":[{"@type":"ReadAction","target":["https:\/\/fundacioncajaruraldelsur.com\/premio-caja-rural-del-sur-en-la-clausura-de-la-180a-edicion-de-las-carreras-de-caballos-de-sanlucar\/"]}]},{"@type":"ImageObject","inLanguage":"pt-PT","@id":"https:\/\/fundacioncajaruraldelsur.com\/premio-caja-rural-del-sur-en-la-clausura-de-la-180a-edicion-de-las-carreras-de-caballos-de-sanlucar\/#primaryimage","url":"https:\/\/fundacioncajaruraldelsur.com\/wp-content\/uploads\/2025\/08\/Captura-de-pantalla-2025-08-23-122714.png","contentUrl":"https:\/\/fundacioncajaruraldelsur.com\/wp-content\/uploads\/2025\/08\/Captura-de-pantalla-2025-08-23-122714.png","width":1089,"height":633},{"@type":"BreadcrumbList","@id":"https:\/\/fundacioncajaruraldelsur.com\/premio-caja-rural-del-sur-en-la-clausura-de-la-180a-edicion-de-las-carreras-de-caballos-de-sanlucar\/#breadcrumb","itemListElement":[{"@type":"ListItem","position":1,"name":"Portada","item":"https:\/\/fundacioncajaruraldelsur.com\/"},{"@type":"ListItem","position":2,"name":"Premio Caja Rural del Sur en la clausura de la 180\u00aa edici\u00f3n de las Carreras de Caballos de Sanl\u00facar"}]},{"@type":"WebSite","@id":"https:\/\/fundacioncajaruraldelsur.com\/#website","url":"https:\/\/fundacioncajaruraldelsur.com\/","name":"Funda\u00e7\u00e3o Caja Rural del Sur","description":"","potentialAction":[{"@type":"SearchAction","target":{"@type":"EntryPoint","urlTemplate":"https:\/\/fundacioncajaruraldelsur.com\/?s={search_term_string}"},"query-input":{"@type":"PropertyValueSpecification","valueRequired":true,"valueName":"search_term_string"}}],"inLanguage":"pt-PT"},{"@type":"Person","@id":"https:\/\/fundacioncajaruraldelsur.com\/#\/schema\/person\/f430da9fb783d505ff061ad8b3d44577","name":"Comunicaci\u00f3n","image":{"@type":"ImageObject","inLanguage":"pt-PT","@id":"https:\/\/secure.gravatar.com\/avatar\/0dca239875993680bac4603ad2de7942da018f52cc3a244578e0b3b09314a8d8?s=96&d=blank&r=g","url":"https:\/\/secure.gravatar.com\/avatar\/0dca239875993680bac4603ad2de7942da018f52cc3a244578e0b3b09314a8d8?s=96&d=blank&r=g","contentUrl":"https:\/\/secure.gravatar.com\/avatar\/0dca239875993680bac4603ad2de7942da018f52cc3a244578e0b3b09314a8d8?s=96&d=blank&r=g","caption":"Comunicaci\u00f3n"}}]}},"rttpg_featured_image_url":{"full":["https:\/\/fundacioncajaruraldelsur.com\/wp-content\/uploads\/2025\/08\/Captura-de-pantalla-2025-08-23-122714.png",1089,633,false],"landscape":["https:\/\/fundacioncajaruraldelsur.com\/wp-content\/uploads\/2025\/08\/Captura-de-pantalla-2025-08-23-122714.png",1089,633,false],"portraits":["https:\/\/fundacioncajaruraldelsur.com\/wp-content\/uploads\/2025\/08\/Captura-de-pantalla-2025-08-23-122714.png",1089,633,false],"thumbnail":["https:\/\/fundacioncajaruraldelsur.com\/wp-content\/uploads\/2025\/08\/Captura-de-pantalla-2025-08-23-122714-150x150.png",150,150,true],"medium":["https:\/\/fundacioncajaruraldelsur.com\/wp-content\/uploads\/2025\/08\/Captura-de-pantalla-2025-08-23-122714-300x174.png",300,174,true],"large":["https:\/\/fundacioncajaruraldelsur.com\/wp-content\/uploads\/2025\/08\/Captura-de-pantalla-2025-08-23-122714-1024x595.png",960,558,true],"1536x1536":["https:\/\/fundacioncajaruraldelsur.com\/wp-content\/uploads\/2025\/08\/Captura-de-pantalla-2025-08-23-122714.png",1089,633,false],"2048x2048":["https:\/\/fundacioncajaruraldelsur.com\/wp-content\/uploads\/2025\/08\/Captura-de-pantalla-2025-08-23-122714.png",1089,633,false],"trp-custom-language-flag":["https:\/\/fundacioncajaruraldelsur.com\/wp-content\/uploads\/2025\/08\/Captura-de-pantalla-2025-08-23-122714.png",18,10,false],"blog-thumbnail":["https:\/\/fundacioncajaruraldelsur.com\/wp-content\/uploads\/2025\/08\/Captura-de-pantalla-2025-08-23-122714-400x200.png",400,200,true]},"rttpg_author":{"display_name":"Comunicaci\u00f3n","author_link":"https:\/\/fundacioncajaruraldelsur.com\/pt\/author\/sevillaadmin\/"},"rttpg_comment":0,"rttpg_category":"<a href=\"https:\/\/fundacioncajaruraldelsur.com\/pt\/category\/convenios\/\" rel=\"category tag\">Convenios<\/a>","rttpg_excerpt":"La 180\u00aa edici\u00f3n de las tradicionales carreras de caballos de Sanl\u00facar de Barrameda concluy\u00f3 el pasado jueves, 21 de agosto, con una jornada de gran nivel en la que destac\u00f3 [&hellip;]","_links":{"self":[{"href":"https:\/\/fundacioncajaruraldelsur.com\/pt\/wp-json\/wp\/v2\/posts\/11402","targetHints":{"allow":["GET"]}}],"collection":[{"href":"https:\/\/fundacioncajaruraldelsur.com\/pt\/wp-json\/wp\/v2\/posts"}],"about":[{"href":"https:\/\/fundacioncajaruraldelsur.com\/pt\/wp-json\/wp\/v2\/types\/post"}],"author":[{"embeddable":true,"href":"https:\/\/fundacioncajaruraldelsur.com\/pt\/wp-json\/wp\/v2\/users\/6"}],"replies":[{"embeddable":true,"href":"https:\/\/fundacioncajaruraldelsur.com\/pt\/wp-json\/wp\/v2\/comments?post=11402"}],"version-history":[{"count":4,"href":"https:\/\/fundacioncajaruraldelsur.com\/pt\/wp-json\/wp\/v2\/posts\/11402\/revisions"}],"predecessor-version":[{"id":11408,"href":"https:\/\/fundacioncajaruraldelsur.com\/pt\/wp-json\/wp\/v2\/posts\/11402\/revisions\/11408"}],"wp:featuredmedia":[{"embeddable":true,"href":"https:\/\/fundacioncajaruraldelsur.com\/pt\/wp-json\/wp\/v2\/media\/11403"}],"wp:attachment":[{"href":"https:\/\/fundacioncajaruraldelsur.com\/pt\/wp-json\/wp\/v2\/media?parent=11402"}],"wp:term":[{"taxonomy":"category","embeddable":true,"href":"https:\/\/fundacioncajaruraldelsur.com\/pt\/wp-json\/wp\/v2\/categories?post=11402"},{"taxonomy":"post_tag","embeddable":true,"href":"https:\/\/fundacioncajaruraldelsur.com\/pt\/wp-json\/wp\/v2\/tags?post=11402"}],"curies":[{"name":"wp","href":"https:\/\/api.w.org\/{rel}","templated":true}]}}