{"id":11396,"date":"2025-08-15T14:03:27","date_gmt":"2025-08-15T13:03:27","guid":{"rendered":"https:\/\/fundacioncajaruraldelsur.com\/?p=11396"},"modified":"2025-08-15T14:03:27","modified_gmt":"2025-08-15T13:03:27","slug":"la-lonja-de-cereales-de-sevilla-se-fortalece-con-el-respaldo-de-caja-rural-del-sur-y-la-camara-de-comercio","status":"publish","type":"post","link":"https:\/\/fundacioncajaruraldelsur.com\/pt\/la-lonja-de-cereales-de-sevilla-se-fortalece-con-el-respaldo-de-caja-rural-del-sur-y-la-camara-de-comercio\/","title":{"rendered":"La Lonja de Cereales de Sevilla se fortalece con el respaldo de Caja Rural del Sur y la C\u00e1mara de Comercio"},"content":{"rendered":"<p>El presidente de la Fundaci\u00f3n Caja Rural del Sur,\u00a0<strong>Jos\u00e9 Luis Garc\u00eda Palacios<\/strong>, y el presidente de la C\u00e1mara de Comercio de Sevilla,\u00a0<strong>Francisco Herrero<\/strong>, han suscrito un nuevo convenio de colaboraci\u00f3n destinado a fomentar el crecimiento econ\u00f3mico y el desarrollo empresarial en la provincia de Sevilla.<\/p>\n<p>A trav\u00e9s de este acuerdo, ambas entidades reafirman su compromiso con la\u00a0<strong>Lonja de Cereales de Sevilla<\/strong>, un instrumento clave para aportar transparencia al sector agr\u00edcola mediante la publicaci\u00f3n de precios orientativos de las distintas variedades de cereales y oleaginosas. Esta iniciativa facilita la toma de decisiones tanto a productores como a compradores, promoviendo un mercado m\u00e1s claro y competitivo.<\/p>\n<p>La provincia de Sevilla, que concentra m\u00e1s del 50 % de la producci\u00f3n de cereal de Andaluc\u00eda, se consolida como el principal n\u00facleo cerealista de la comunidad, destacando por el alto tr\u00e1nsito de cultivos como el trigo, el arroz, la cebada y el girasol, en gran parte gracias a la infraestructura log\u00edstica del puerto.<\/p>\n<p>Adem\u00e1s del impulso a la Lonja, el convenio contempla nuevas l\u00edneas de colaboraci\u00f3n para la organizaci\u00f3n de\u00a0<strong>foros y encuentros empresariales en el Club C\u00e1mara<\/strong>, as\u00ed como la participaci\u00f3n conjunta en estudios e informes promovidos por la C\u00e1mara de Comercio de Sevilla y su Fundaci\u00f3n.<\/p>\n<p>Este acuerdo refuerza una alianza estrat\u00e9gica entre ambas instituciones orientada a fortalecer el tejido empresarial, apoyar al sector agroalimentario y contribuir al desarrollo econ\u00f3mico sostenible de la provincia.<\/p>","protected":false},"excerpt":{"rendered":"<p>El presidente de la Fundaci\u00f3n Caja Rural del Sur,\u00a0Jos\u00e9 Luis Garc\u00eda Palacios, y el presidente de la C\u00e1mara de Comercio de Sevilla,\u00a0Francisco Herrero, han suscrito un nuevo convenio de colaboraci\u00f3n [&hellip;]<\/p>\n","protected":false},"author":6,"featured_media":11397,"comment_status":"closed","ping_status":"closed","sticky":false,"template":"","format":"standard","meta":{"footnotes":""},"categories":[67],"tags":[],"class_list":["post-11396","post","type-post","status-publish","format-standard","has-post-thumbnail","hentry","category-convenios"],"yoast_head":"<!-- This site is optimized with the Yoast SEO plugin v27.3 - https:\/\/yoast.com\/product\/yoast-seo-wordpress\/ -->\n<title>La Lonja de Cereales de Sevilla se fortalece con el respaldo de Caja Rural del Sur y la C\u00e1mara de Comercio - Fundaci\u00f3n Caja Rural del Sur<\/title>\n<meta name=\"robots\" content=\"index, follow, max-snippet:-1, max-image-preview:large, max-video-preview:-1\" \/>\n<link rel=\"canonical\" href=\"https:\/\/fundacioncajaruraldelsur.com\/pt\/la-lonja-de-cereales-de-sevilla-se-fortalece-con-el-respaldo-de-caja-rural-del-sur-y-la-camara-de-comercio\/\" \/>\n<meta property=\"og:locale\" content=\"pt_PT\" \/>\n<meta property=\"og:type\" content=\"article\" \/>\n<meta property=\"og:title\" content=\"La Lonja de Cereales de Sevilla se fortalece con el respaldo de Caja Rural del Sur y la C\u00e1mara de Comercio - Fundaci\u00f3n Caja Rural del Sur\" \/>\n<meta property=\"og:description\" content=\"El presidente de la Fundaci\u00f3n Caja Rural del Sur,\u00a0Jos\u00e9 Luis Garc\u00eda Palacios, y el presidente de la C\u00e1mara de Comercio de Sevilla,\u00a0Francisco Herrero, han suscrito un nuevo convenio de colaboraci\u00f3n [&hellip;]\" \/>\n<meta property=\"og:url\" content=\"https:\/\/fundacioncajaruraldelsur.com\/pt\/la-lonja-de-cereales-de-sevilla-se-fortalece-con-el-respaldo-de-caja-rural-del-sur-y-la-camara-de-comercio\/\" \/>\n<meta property=\"og:site_name\" content=\"Fundaci\u00f3n Caja Rural del Sur\" \/>\n<meta property=\"article:published_time\" content=\"2025-08-15T13:03:27+00:00\" \/>\n<meta property=\"og:image\" content=\"https:\/\/fundacioncajaruraldelsur.com\/wp-content\/uploads\/2025\/08\/IMG_9340.jpeg\" \/>\n\t<meta property=\"og:image:width\" content=\"720\" \/>\n\t<meta property=\"og:image:height\" content=\"480\" \/>\n\t<meta property=\"og:image:type\" content=\"image\/jpeg\" \/>\n<meta name=\"author\" content=\"Comunicaci\u00f3n\" \/>\n<meta name=\"twitter:card\" content=\"summary_large_image\" \/>\n<meta name=\"twitter:label1\" content=\"Written by\" \/>\n\t<meta name=\"twitter:data1\" content=\"Comunicaci\u00f3n\" \/>\n\t<meta name=\"twitter:label2\" content=\"Est. reading time\" \/>\n\t<meta name=\"twitter:data2\" content=\"2 minutes\" \/>\n<script type=\"application\/ld+json\" class=\"yoast-schema-graph\">{\"@context\":\"https:\\\/\\\/schema.org\",\"@graph\":[{\"@type\":\"Article\",\"@id\":\"https:\\\/\\\/fundacioncajaruraldelsur.com\\\/la-lonja-de-cereales-de-sevilla-se-fortalece-con-el-respaldo-de-caja-rural-del-sur-y-la-camara-de-comercio\\\/#article\",\"isPartOf\":{\"@id\":\"https:\\\/\\\/fundacioncajaruraldelsur.com\\\/la-lonja-de-cereales-de-sevilla-se-fortalece-con-el-respaldo-de-caja-rural-del-sur-y-la-camara-de-comercio\\\/\"},\"author\":{\"name\":\"Comunicaci\u00f3n\",\"@id\":\"https:\\\/\\\/fundacioncajaruraldelsur.com\\\/#\\\/schema\\\/person\\\/f430da9fb783d505ff061ad8b3d44577\"},\"headline\":\"La Lonja de Cereales de Sevilla se fortalece con el respaldo de Caja Rural del Sur y la C\u00e1mara de Comercio\",\"datePublished\":\"2025-08-15T13:03:27+00:00\",\"mainEntityOfPage\":{\"@id\":\"https:\\\/\\\/fundacioncajaruraldelsur.com\\\/la-lonja-de-cereales-de-sevilla-se-fortalece-con-el-respaldo-de-caja-rural-del-sur-y-la-camara-de-comercio\\\/\"},\"wordCount\":279,\"image\":{\"@id\":\"https:\\\/\\\/fundacioncajaruraldelsur.com\\\/la-lonja-de-cereales-de-sevilla-se-fortalece-con-el-respaldo-de-caja-rural-del-sur-y-la-camara-de-comercio\\\/#primaryimage\"},\"thumbnailUrl\":\"https:\\\/\\\/fundacioncajaruraldelsur.com\\\/wp-content\\\/uploads\\\/2025\\\/08\\\/IMG_9340.jpeg\",\"articleSection\":[\"Convenios\"],\"inLanguage\":\"pt-PT\"},{\"@type\":\"WebPage\",\"@id\":\"https:\\\/\\\/fundacioncajaruraldelsur.com\\\/la-lonja-de-cereales-de-sevilla-se-fortalece-con-el-respaldo-de-caja-rural-del-sur-y-la-camara-de-comercio\\\/\",\"url\":\"https:\\\/\\\/fundacioncajaruraldelsur.com\\\/la-lonja-de-cereales-de-sevilla-se-fortalece-con-el-respaldo-de-caja-rural-del-sur-y-la-camara-de-comercio\\\/\",\"name\":\"La Lonja de Cereales de Sevilla se fortalece con el respaldo de Caja Rural del Sur y la C\u00e1mara de Comercio - Fundaci\u00f3n Caja Rural del Sur\",\"isPartOf\":{\"@id\":\"https:\\\/\\\/fundacioncajaruraldelsur.com\\\/#website\"},\"primaryImageOfPage\":{\"@id\":\"https:\\\/\\\/fundacioncajaruraldelsur.com\\\/la-lonja-de-cereales-de-sevilla-se-fortalece-con-el-respaldo-de-caja-rural-del-sur-y-la-camara-de-comercio\\\/#primaryimage\"},\"image\":{\"@id\":\"https:\\\/\\\/fundacioncajaruraldelsur.com\\\/la-lonja-de-cereales-de-sevilla-se-fortalece-con-el-respaldo-de-caja-rural-del-sur-y-la-camara-de-comercio\\\/#primaryimage\"},\"thumbnailUrl\":\"https:\\\/\\\/fundacioncajaruraldelsur.com\\\/wp-content\\\/uploads\\\/2025\\\/08\\\/IMG_9340.jpeg\",\"datePublished\":\"2025-08-15T13:03:27+00:00\",\"author\":{\"@id\":\"https:\\\/\\\/fundacioncajaruraldelsur.com\\\/#\\\/schema\\\/person\\\/f430da9fb783d505ff061ad8b3d44577\"},\"breadcrumb\":{\"@id\":\"https:\\\/\\\/fundacioncajaruraldelsur.com\\\/la-lonja-de-cereales-de-sevilla-se-fortalece-con-el-respaldo-de-caja-rural-del-sur-y-la-camara-de-comercio\\\/#breadcrumb\"},\"inLanguage\":\"pt-PT\",\"potentialAction\":[{\"@type\":\"ReadAction\",\"target\":[\"https:\\\/\\\/fundacioncajaruraldelsur.com\\\/la-lonja-de-cereales-de-sevilla-se-fortalece-con-el-respaldo-de-caja-rural-del-sur-y-la-camara-de-comercio\\\/\"]}]},{\"@type\":\"ImageObject\",\"inLanguage\":\"pt-PT\",\"@id\":\"https:\\\/\\\/fundacioncajaruraldelsur.com\\\/la-lonja-de-cereales-de-sevilla-se-fortalece-con-el-respaldo-de-caja-rural-del-sur-y-la-camara-de-comercio\\\/#primaryimage\",\"url\":\"https:\\\/\\\/fundacioncajaruraldelsur.com\\\/wp-content\\\/uploads\\\/2025\\\/08\\\/IMG_9340.jpeg\",\"contentUrl\":\"https:\\\/\\\/fundacioncajaruraldelsur.com\\\/wp-content\\\/uploads\\\/2025\\\/08\\\/IMG_9340.jpeg\",\"width\":720,\"height\":480},{\"@type\":\"BreadcrumbList\",\"@id\":\"https:\\\/\\\/fundacioncajaruraldelsur.com\\\/la-lonja-de-cereales-de-sevilla-se-fortalece-con-el-respaldo-de-caja-rural-del-sur-y-la-camara-de-comercio\\\/#breadcrumb\",\"itemListElement\":[{\"@type\":\"ListItem\",\"position\":1,\"name\":\"Portada\",\"item\":\"https:\\\/\\\/fundacioncajaruraldelsur.com\\\/\"},{\"@type\":\"ListItem\",\"position\":2,\"name\":\"La Lonja de Cereales de Sevilla se fortalece con el respaldo de Caja Rural del Sur y la C\u00e1mara de Comercio\"}]},{\"@type\":\"WebSite\",\"@id\":\"https:\\\/\\\/fundacioncajaruraldelsur.com\\\/#website\",\"url\":\"https:\\\/\\\/fundacioncajaruraldelsur.com\\\/\",\"name\":\"Fundaci\u00f3n Caja Rural del Sur\",\"description\":\"\",\"potentialAction\":[{\"@type\":\"SearchAction\",\"target\":{\"@type\":\"EntryPoint\",\"urlTemplate\":\"https:\\\/\\\/fundacioncajaruraldelsur.com\\\/?s={search_term_string}\"},\"query-input\":{\"@type\":\"PropertyValueSpecification\",\"valueRequired\":true,\"valueName\":\"search_term_string\"}}],\"inLanguage\":\"pt-PT\"},{\"@type\":\"Person\",\"@id\":\"https:\\\/\\\/fundacioncajaruraldelsur.com\\\/#\\\/schema\\\/person\\\/f430da9fb783d505ff061ad8b3d44577\",\"name\":\"Comunicaci\u00f3n\",\"image\":{\"@type\":\"ImageObject\",\"inLanguage\":\"pt-PT\",\"@id\":\"https:\\\/\\\/secure.gravatar.com\\\/avatar\\\/0dca239875993680bac4603ad2de7942da018f52cc3a244578e0b3b09314a8d8?s=96&d=blank&r=g\",\"url\":\"https:\\\/\\\/secure.gravatar.com\\\/avatar\\\/0dca239875993680bac4603ad2de7942da018f52cc3a244578e0b3b09314a8d8?s=96&d=blank&r=g\",\"contentUrl\":\"https:\\\/\\\/secure.gravatar.com\\\/avatar\\\/0dca239875993680bac4603ad2de7942da018f52cc3a244578e0b3b09314a8d8?s=96&d=blank&r=g\",\"caption\":\"Comunicaci\u00f3n\"}}]}<\/script>\n<!-- \/ Yoast SEO plugin. -->","yoast_head_json":{"title":"La Lonja de Cereales de Sevilla se fortalece con el respaldo de Caja Rural del Sur y la C\u00e1mara de Comercio - Fundaci\u00f3n Caja Rural del Sur","robots":{"index":"index","follow":"follow","max-snippet":"max-snippet:-1","max-image-preview":"max-image-preview:large","max-video-preview":"max-video-preview:-1"},"canonical":"https:\/\/fundacioncajaruraldelsur.com\/pt\/la-lonja-de-cereales-de-sevilla-se-fortalece-con-el-respaldo-de-caja-rural-del-sur-y-la-camara-de-comercio\/","og_locale":"pt_PT","og_type":"article","og_title":"La Lonja de Cereales de Sevilla se fortalece con el respaldo de Caja Rural del Sur y la C\u00e1mara de Comercio - Fundaci\u00f3n Caja Rural del Sur","og_description":"El presidente de la Fundaci\u00f3n Caja Rural del Sur,\u00a0Jos\u00e9 Luis Garc\u00eda Palacios, y el presidente de la C\u00e1mara de Comercio de Sevilla,\u00a0Francisco Herrero, han suscrito un nuevo convenio de colaboraci\u00f3n [&hellip;]","og_url":"https:\/\/fundacioncajaruraldelsur.com\/pt\/la-lonja-de-cereales-de-sevilla-se-fortalece-con-el-respaldo-de-caja-rural-del-sur-y-la-camara-de-comercio\/","og_site_name":"Fundaci\u00f3n Caja Rural del Sur","article_published_time":"2025-08-15T13:03:27+00:00","og_image":[{"width":720,"height":480,"url":"https:\/\/fundacioncajaruraldelsur.com\/wp-content\/uploads\/2025\/08\/IMG_9340.jpeg","type":"image\/jpeg"}],"author":"Comunicaci\u00f3n","twitter_card":"summary_large_image","twitter_misc":{"Written by":"Comunicaci\u00f3n","Est. reading time":"2 minutes"},"schema":{"@context":"https:\/\/schema.org","@graph":[{"@type":"Article","@id":"https:\/\/fundacioncajaruraldelsur.com\/la-lonja-de-cereales-de-sevilla-se-fortalece-con-el-respaldo-de-caja-rural-del-sur-y-la-camara-de-comercio\/#article","isPartOf":{"@id":"https:\/\/fundacioncajaruraldelsur.com\/la-lonja-de-cereales-de-sevilla-se-fortalece-con-el-respaldo-de-caja-rural-del-sur-y-la-camara-de-comercio\/"},"author":{"name":"Comunicaci\u00f3n","@id":"https:\/\/fundacioncajaruraldelsur.com\/#\/schema\/person\/f430da9fb783d505ff061ad8b3d44577"},"headline":"La Lonja de Cereales de Sevilla se fortalece con el respaldo de Caja Rural del Sur y la C\u00e1mara de Comercio","datePublished":"2025-08-15T13:03:27+00:00","mainEntityOfPage":{"@id":"https:\/\/fundacioncajaruraldelsur.com\/la-lonja-de-cereales-de-sevilla-se-fortalece-con-el-respaldo-de-caja-rural-del-sur-y-la-camara-de-comercio\/"},"wordCount":279,"image":{"@id":"https:\/\/fundacioncajaruraldelsur.com\/la-lonja-de-cereales-de-sevilla-se-fortalece-con-el-respaldo-de-caja-rural-del-sur-y-la-camara-de-comercio\/#primaryimage"},"thumbnailUrl":"https:\/\/fundacioncajaruraldelsur.com\/wp-content\/uploads\/2025\/08\/IMG_9340.jpeg","articleSection":["Convenios"],"inLanguage":"pt-PT"},{"@type":"WebPage","@id":"https:\/\/fundacioncajaruraldelsur.com\/la-lonja-de-cereales-de-sevilla-se-fortalece-con-el-respaldo-de-caja-rural-del-sur-y-la-camara-de-comercio\/","url":"https:\/\/fundacioncajaruraldelsur.com\/la-lonja-de-cereales-de-sevilla-se-fortalece-con-el-respaldo-de-caja-rural-del-sur-y-la-camara-de-comercio\/","name":"La Lonja de Cereales de Sevilla se fortalece con el respaldo de Caja Rural del Sur y la C\u00e1mara de Comercio - Fundaci\u00f3n Caja Rural del Sur","isPartOf":{"@id":"https:\/\/fundacioncajaruraldelsur.com\/#website"},"primaryImageOfPage":{"@id":"https:\/\/fundacioncajaruraldelsur.com\/la-lonja-de-cereales-de-sevilla-se-fortalece-con-el-respaldo-de-caja-rural-del-sur-y-la-camara-de-comercio\/#primaryimage"},"image":{"@id":"https:\/\/fundacioncajaruraldelsur.com\/la-lonja-de-cereales-de-sevilla-se-fortalece-con-el-respaldo-de-caja-rural-del-sur-y-la-camara-de-comercio\/#primaryimage"},"thumbnailUrl":"https:\/\/fundacioncajaruraldelsur.com\/wp-content\/uploads\/2025\/08\/IMG_9340.jpeg","datePublished":"2025-08-15T13:03:27+00:00","author":{"@id":"https:\/\/fundacioncajaruraldelsur.com\/#\/schema\/person\/f430da9fb783d505ff061ad8b3d44577"},"breadcrumb":{"@id":"https:\/\/fundacioncajaruraldelsur.com\/la-lonja-de-cereales-de-sevilla-se-fortalece-con-el-respaldo-de-caja-rural-del-sur-y-la-camara-de-comercio\/#breadcrumb"},"inLanguage":"pt-PT","potentialAction":[{"@type":"ReadAction","target":["https:\/\/fundacioncajaruraldelsur.com\/la-lonja-de-cereales-de-sevilla-se-fortalece-con-el-respaldo-de-caja-rural-del-sur-y-la-camara-de-comercio\/"]}]},{"@type":"ImageObject","inLanguage":"pt-PT","@id":"https:\/\/fundacioncajaruraldelsur.com\/la-lonja-de-cereales-de-sevilla-se-fortalece-con-el-respaldo-de-caja-rural-del-sur-y-la-camara-de-comercio\/#primaryimage","url":"https:\/\/fundacioncajaruraldelsur.com\/wp-content\/uploads\/2025\/08\/IMG_9340.jpeg","contentUrl":"https:\/\/fundacioncajaruraldelsur.com\/wp-content\/uploads\/2025\/08\/IMG_9340.jpeg","width":720,"height":480},{"@type":"BreadcrumbList","@id":"https:\/\/fundacioncajaruraldelsur.com\/la-lonja-de-cereales-de-sevilla-se-fortalece-con-el-respaldo-de-caja-rural-del-sur-y-la-camara-de-comercio\/#breadcrumb","itemListElement":[{"@type":"ListItem","position":1,"name":"Portada","item":"https:\/\/fundacioncajaruraldelsur.com\/"},{"@type":"ListItem","position":2,"name":"La Lonja de Cereales de Sevilla se fortalece con el respaldo de Caja Rural del Sur y la C\u00e1mara de Comercio"}]},{"@type":"WebSite","@id":"https:\/\/fundacioncajaruraldelsur.com\/#website","url":"https:\/\/fundacioncajaruraldelsur.com\/","name":"Funda\u00e7\u00e3o Caja Rural del Sur","description":"","potentialAction":[{"@type":"SearchAction","target":{"@type":"EntryPoint","urlTemplate":"https:\/\/fundacioncajaruraldelsur.com\/?s={search_term_string}"},"query-input":{"@type":"PropertyValueSpecification","valueRequired":true,"valueName":"search_term_string"}}],"inLanguage":"pt-PT"},{"@type":"Person","@id":"https:\/\/fundacioncajaruraldelsur.com\/#\/schema\/person\/f430da9fb783d505ff061ad8b3d44577","name":"Comunicaci\u00f3n","image":{"@type":"ImageObject","inLanguage":"pt-PT","@id":"https:\/\/secure.gravatar.com\/avatar\/0dca239875993680bac4603ad2de7942da018f52cc3a244578e0b3b09314a8d8?s=96&d=blank&r=g","url":"https:\/\/secure.gravatar.com\/avatar\/0dca239875993680bac4603ad2de7942da018f52cc3a244578e0b3b09314a8d8?s=96&d=blank&r=g","contentUrl":"https:\/\/secure.gravatar.com\/avatar\/0dca239875993680bac4603ad2de7942da018f52cc3a244578e0b3b09314a8d8?s=96&d=blank&r=g","caption":"Comunicaci\u00f3n"}}]}},"rttpg_featured_image_url":{"full":["https:\/\/fundacioncajaruraldelsur.com\/wp-content\/uploads\/2025\/08\/IMG_9340.jpeg",720,480,false],"landscape":["https:\/\/fundacioncajaruraldelsur.com\/wp-content\/uploads\/2025\/08\/IMG_9340.jpeg",720,480,false],"portraits":["https:\/\/fundacioncajaruraldelsur.com\/wp-content\/uploads\/2025\/08\/IMG_9340.jpeg",720,480,false],"thumbnail":["https:\/\/fundacioncajaruraldelsur.com\/wp-content\/uploads\/2025\/08\/IMG_9340-150x150.jpeg",150,150,true],"medium":["https:\/\/fundacioncajaruraldelsur.com\/wp-content\/uploads\/2025\/08\/IMG_9340-300x200.jpeg",300,200,true],"large":["https:\/\/fundacioncajaruraldelsur.com\/wp-content\/uploads\/2025\/08\/IMG_9340.jpeg",720,480,false],"1536x1536":["https:\/\/fundacioncajaruraldelsur.com\/wp-content\/uploads\/2025\/08\/IMG_9340.jpeg",720,480,false],"2048x2048":["https:\/\/fundacioncajaruraldelsur.com\/wp-content\/uploads\/2025\/08\/IMG_9340.jpeg",720,480,false],"trp-custom-language-flag":["https:\/\/fundacioncajaruraldelsur.com\/wp-content\/uploads\/2025\/08\/IMG_9340.jpeg",18,12,false],"blog-thumbnail":["https:\/\/fundacioncajaruraldelsur.com\/wp-content\/uploads\/2025\/08\/IMG_9340-400x200.jpeg",400,200,true]},"rttpg_author":{"display_name":"Comunicaci\u00f3n","author_link":"https:\/\/fundacioncajaruraldelsur.com\/pt\/author\/sevillaadmin\/"},"rttpg_comment":0,"rttpg_category":"<a href=\"https:\/\/fundacioncajaruraldelsur.com\/pt\/category\/convenios\/\" rel=\"category tag\">Convenios<\/a>","rttpg_excerpt":"El presidente de la Fundaci\u00f3n Caja Rural del Sur,\u00a0Jos\u00e9 Luis Garc\u00eda Palacios, y el presidente de la C\u00e1mara de Comercio de Sevilla,\u00a0Francisco Herrero, han suscrito un nuevo convenio de colaboraci\u00f3n [&hellip;]","_links":{"self":[{"href":"https:\/\/fundacioncajaruraldelsur.com\/pt\/wp-json\/wp\/v2\/posts\/11396","targetHints":{"allow":["GET"]}}],"collection":[{"href":"https:\/\/fundacioncajaruraldelsur.com\/pt\/wp-json\/wp\/v2\/posts"}],"about":[{"href":"https:\/\/fundacioncajaruraldelsur.com\/pt\/wp-json\/wp\/v2\/types\/post"}],"author":[{"embeddable":true,"href":"https:\/\/fundacioncajaruraldelsur.com\/pt\/wp-json\/wp\/v2\/users\/6"}],"replies":[{"embeddable":true,"href":"https:\/\/fundacioncajaruraldelsur.com\/pt\/wp-json\/wp\/v2\/comments?post=11396"}],"version-history":[{"count":1,"href":"https:\/\/fundacioncajaruraldelsur.com\/pt\/wp-json\/wp\/v2\/posts\/11396\/revisions"}],"predecessor-version":[{"id":11398,"href":"https:\/\/fundacioncajaruraldelsur.com\/pt\/wp-json\/wp\/v2\/posts\/11396\/revisions\/11398"}],"wp:featuredmedia":[{"embeddable":true,"href":"https:\/\/fundacioncajaruraldelsur.com\/pt\/wp-json\/wp\/v2\/media\/11397"}],"wp:attachment":[{"href":"https:\/\/fundacioncajaruraldelsur.com\/pt\/wp-json\/wp\/v2\/media?parent=11396"}],"wp:term":[{"taxonomy":"category","embeddable":true,"href":"https:\/\/fundacioncajaruraldelsur.com\/pt\/wp-json\/wp\/v2\/categories?post=11396"},{"taxonomy":"post_tag","embeddable":true,"href":"https:\/\/fundacioncajaruraldelsur.com\/pt\/wp-json\/wp\/v2\/tags?post=11396"}],"curies":[{"name":"wp","href":"https:\/\/api.w.org\/{rel}","templated":true}]}}