{"id":11373,"date":"2025-07-15T15:30:56","date_gmt":"2025-07-15T14:30:56","guid":{"rendered":"https:\/\/fundacioncajaruraldelsur.com\/?p=11373"},"modified":"2025-07-15T15:30:56","modified_gmt":"2025-07-15T14:30:56","slug":"renovado-el-convenio-de-colaboracion-de-asaja-sevilla-con-la-fundacion-caja-rural-del-sur","status":"publish","type":"post","link":"https:\/\/fundacioncajaruraldelsur.com\/pt\/renovado-el-convenio-de-colaboracion-de-asaja-sevilla-con-la-fundacion-caja-rural-del-sur\/","title":{"rendered":"Renovado el convenio de colaboraci\u00f3n de ASAJA-Sevilla con la Fundaci\u00f3n Caja Rural del Sur"},"content":{"rendered":"<p>ASAJA-Sevilla y Fundaci\u00f3n Caja Rural del Sur continuar\u00e1n con su estrecha colaboraci\u00f3n a lo largo del pr\u00f3ximo a\u00f1o con el objetivo de sumar fuerzas para dar un nuevo impulso y favorecer la actividad y la labor que desempe\u00f1a el sector agrario y ganadero en la provincia de Sevilla, un sector generador de riqueza y empleo y con un papel estrat\u00e9gico para la toda sociedad como garante de nuestra alimentaci\u00f3n y de la conservaci\u00f3n del medioambiente.<\/p>\n<p>El compromiso entre ambas entidades se ha ratificado esta ma\u00f1ana en la firma de un nuevo convenio por parte de la presidenta de ASAJA-Sevilla,\u00a0<strong>Mar\u00eda Morales Medina,<\/strong>\u00a0y de Caja Rural del Sur y de su Fundaci\u00f3n,\u00a0<strong>Jos\u00e9 Lu\u00eds Garc\u00eda-Palacios \u00c1lvarez.<\/strong><\/p>\n<p>Mediante este convenio,\u00a0<strong>ASAJA-Sevilla<\/strong>\u00a0y\u00a0<strong>Caja Rural del Sur<\/strong>\u00a0colaborar\u00e1n en la organizaci\u00f3n de actos, foros y eventos de inter\u00e9s para el sector agrario, como las Jornadas que organiza el\u00a0<strong>Instituto de Cuestiones Agrarias y Medioambientales (ICAM).<\/strong><\/p>\n<p>Asimismo, continuar\u00e1n colaborando en labores para impulsar la formaci\u00f3n e investigaci\u00f3n en este sector.<\/p>\n<p>Adem\u00e1s, la Fundaci\u00f3n Caja Rural del Sur colaborar\u00e1 con ASAJA para facilitar al sector agrario de la provincia de Sevilla toda la informaci\u00f3n y el asesoramiento necesarios para la gesti\u00f3n de las explotaciones agr\u00edcolas y ganaderas, un apoyo que resulta fundamental dada la complejidad de los tr\u00e1mites y la inmensa burocracia que ahoga al sector.<\/p>\n<p>Al mismo tiempo, tambi\u00e9n se ha renovado el Convenio Financiero de colaboraci\u00f3n entre ASAJA-Sevilla y la Caja Rural del Sur por el que se continuar\u00e1n ofreciendo productos y servicios financieros para sus afiliados en condiciones preferentes.<\/p>\n<p>En virtud de este acuerdo, adem\u00e1s, ambas instituciones seguir\u00e1n colaborando para impulsar la digitalizaci\u00f3n en el mundo rural, con el fin de contribuir al desarrollo de una agricultura m\u00e1s innovadora, sostenible, moderna y productiva, que permita la necesaria adaptaci\u00f3n de los cultivos al cambio clim\u00e1tico y la modernizaci\u00f3n, para adaptarse a los nuevos tiempos, de este sector que es b\u00e1sico para la econom\u00eda andaluza.<\/p>","protected":false},"excerpt":{"rendered":"<p>ASAJA-Sevilla y Fundaci\u00f3n Caja Rural del Sur continuar\u00e1n con su estrecha colaboraci\u00f3n a lo largo del pr\u00f3ximo a\u00f1o con el objetivo de sumar fuerzas para dar un nuevo impulso y [&hellip;]<\/p>\n","protected":false},"author":6,"featured_media":11374,"comment_status":"closed","ping_status":"closed","sticky":false,"template":"","format":"standard","meta":{"footnotes":""},"categories":[67],"tags":[],"class_list":["post-11373","post","type-post","status-publish","format-standard","has-post-thumbnail","hentry","category-convenios"],"yoast_head":"<!-- This site is optimized with the Yoast SEO plugin v27.3 - https:\/\/yoast.com\/product\/yoast-seo-wordpress\/ -->\n<title>Renovado el convenio de colaboraci\u00f3n de ASAJA-Sevilla con la Fundaci\u00f3n Caja Rural del Sur - Fundaci\u00f3n Caja Rural del Sur<\/title>\n<meta name=\"robots\" content=\"index, follow, max-snippet:-1, max-image-preview:large, max-video-preview:-1\" \/>\n<link rel=\"canonical\" href=\"https:\/\/fundacioncajaruraldelsur.com\/pt\/renovado-el-convenio-de-colaboracion-de-asaja-sevilla-con-la-fundacion-caja-rural-del-sur\/\" \/>\n<meta property=\"og:locale\" content=\"pt_PT\" \/>\n<meta property=\"og:type\" content=\"article\" \/>\n<meta property=\"og:title\" content=\"Renovado el convenio de colaboraci\u00f3n de ASAJA-Sevilla con la Fundaci\u00f3n Caja Rural del Sur - Fundaci\u00f3n Caja Rural del Sur\" \/>\n<meta property=\"og:description\" content=\"ASAJA-Sevilla y Fundaci\u00f3n Caja Rural del Sur continuar\u00e1n con su estrecha colaboraci\u00f3n a lo largo del pr\u00f3ximo a\u00f1o con el objetivo de sumar fuerzas para dar un nuevo impulso y [&hellip;]\" \/>\n<meta property=\"og:url\" content=\"https:\/\/fundacioncajaruraldelsur.com\/pt\/renovado-el-convenio-de-colaboracion-de-asaja-sevilla-con-la-fundacion-caja-rural-del-sur\/\" \/>\n<meta property=\"og:site_name\" content=\"Fundaci\u00f3n Caja Rural del Sur\" \/>\n<meta property=\"article:published_time\" content=\"2025-07-15T14:30:56+00:00\" \/>\n<meta property=\"og:image\" content=\"https:\/\/fundacioncajaruraldelsur.com\/wp-content\/uploads\/2025\/07\/8634b5377ff3a196ae6b9638a9e7c9b3_L.jpg\" \/>\n\t<meta property=\"og:image:width\" content=\"770\" \/>\n\t<meta property=\"og:image:height\" content=\"578\" \/>\n\t<meta property=\"og:image:type\" content=\"image\/jpeg\" \/>\n<meta name=\"author\" content=\"Comunicaci\u00f3n\" \/>\n<meta name=\"twitter:card\" content=\"summary_large_image\" \/>\n<meta name=\"twitter:label1\" content=\"Written by\" \/>\n\t<meta name=\"twitter:data1\" content=\"Comunicaci\u00f3n\" \/>\n\t<meta name=\"twitter:label2\" content=\"Est. reading time\" \/>\n\t<meta name=\"twitter:data2\" content=\"2 minutes\" \/>\n<script type=\"application\/ld+json\" class=\"yoast-schema-graph\">{\"@context\":\"https:\\\/\\\/schema.org\",\"@graph\":[{\"@type\":\"Article\",\"@id\":\"https:\\\/\\\/fundacioncajaruraldelsur.com\\\/renovado-el-convenio-de-colaboracion-de-asaja-sevilla-con-la-fundacion-caja-rural-del-sur\\\/#article\",\"isPartOf\":{\"@id\":\"https:\\\/\\\/fundacioncajaruraldelsur.com\\\/renovado-el-convenio-de-colaboracion-de-asaja-sevilla-con-la-fundacion-caja-rural-del-sur\\\/\"},\"author\":{\"name\":\"Comunicaci\u00f3n\",\"@id\":\"https:\\\/\\\/fundacioncajaruraldelsur.com\\\/#\\\/schema\\\/person\\\/f430da9fb783d505ff061ad8b3d44577\"},\"headline\":\"Renovado el convenio de colaboraci\u00f3n de ASAJA-Sevilla con la Fundaci\u00f3n Caja Rural del Sur\",\"datePublished\":\"2025-07-15T14:30:56+00:00\",\"mainEntityOfPage\":{\"@id\":\"https:\\\/\\\/fundacioncajaruraldelsur.com\\\/renovado-el-convenio-de-colaboracion-de-asaja-sevilla-con-la-fundacion-caja-rural-del-sur\\\/\"},\"wordCount\":376,\"image\":{\"@id\":\"https:\\\/\\\/fundacioncajaruraldelsur.com\\\/renovado-el-convenio-de-colaboracion-de-asaja-sevilla-con-la-fundacion-caja-rural-del-sur\\\/#primaryimage\"},\"thumbnailUrl\":\"https:\\\/\\\/fundacioncajaruraldelsur.com\\\/wp-content\\\/uploads\\\/2025\\\/07\\\/8634b5377ff3a196ae6b9638a9e7c9b3_L.jpg\",\"articleSection\":[\"Convenios\"],\"inLanguage\":\"pt-PT\"},{\"@type\":\"WebPage\",\"@id\":\"https:\\\/\\\/fundacioncajaruraldelsur.com\\\/renovado-el-convenio-de-colaboracion-de-asaja-sevilla-con-la-fundacion-caja-rural-del-sur\\\/\",\"url\":\"https:\\\/\\\/fundacioncajaruraldelsur.com\\\/renovado-el-convenio-de-colaboracion-de-asaja-sevilla-con-la-fundacion-caja-rural-del-sur\\\/\",\"name\":\"Renovado el convenio de colaboraci\u00f3n de ASAJA-Sevilla con la Fundaci\u00f3n Caja Rural del Sur - Fundaci\u00f3n Caja Rural del Sur\",\"isPartOf\":{\"@id\":\"https:\\\/\\\/fundacioncajaruraldelsur.com\\\/#website\"},\"primaryImageOfPage\":{\"@id\":\"https:\\\/\\\/fundacioncajaruraldelsur.com\\\/renovado-el-convenio-de-colaboracion-de-asaja-sevilla-con-la-fundacion-caja-rural-del-sur\\\/#primaryimage\"},\"image\":{\"@id\":\"https:\\\/\\\/fundacioncajaruraldelsur.com\\\/renovado-el-convenio-de-colaboracion-de-asaja-sevilla-con-la-fundacion-caja-rural-del-sur\\\/#primaryimage\"},\"thumbnailUrl\":\"https:\\\/\\\/fundacioncajaruraldelsur.com\\\/wp-content\\\/uploads\\\/2025\\\/07\\\/8634b5377ff3a196ae6b9638a9e7c9b3_L.jpg\",\"datePublished\":\"2025-07-15T14:30:56+00:00\",\"author\":{\"@id\":\"https:\\\/\\\/fundacioncajaruraldelsur.com\\\/#\\\/schema\\\/person\\\/f430da9fb783d505ff061ad8b3d44577\"},\"breadcrumb\":{\"@id\":\"https:\\\/\\\/fundacioncajaruraldelsur.com\\\/renovado-el-convenio-de-colaboracion-de-asaja-sevilla-con-la-fundacion-caja-rural-del-sur\\\/#breadcrumb\"},\"inLanguage\":\"pt-PT\",\"potentialAction\":[{\"@type\":\"ReadAction\",\"target\":[\"https:\\\/\\\/fundacioncajaruraldelsur.com\\\/renovado-el-convenio-de-colaboracion-de-asaja-sevilla-con-la-fundacion-caja-rural-del-sur\\\/\"]}]},{\"@type\":\"ImageObject\",\"inLanguage\":\"pt-PT\",\"@id\":\"https:\\\/\\\/fundacioncajaruraldelsur.com\\\/renovado-el-convenio-de-colaboracion-de-asaja-sevilla-con-la-fundacion-caja-rural-del-sur\\\/#primaryimage\",\"url\":\"https:\\\/\\\/fundacioncajaruraldelsur.com\\\/wp-content\\\/uploads\\\/2025\\\/07\\\/8634b5377ff3a196ae6b9638a9e7c9b3_L.jpg\",\"contentUrl\":\"https:\\\/\\\/fundacioncajaruraldelsur.com\\\/wp-content\\\/uploads\\\/2025\\\/07\\\/8634b5377ff3a196ae6b9638a9e7c9b3_L.jpg\",\"width\":770,\"height\":578},{\"@type\":\"BreadcrumbList\",\"@id\":\"https:\\\/\\\/fundacioncajaruraldelsur.com\\\/renovado-el-convenio-de-colaboracion-de-asaja-sevilla-con-la-fundacion-caja-rural-del-sur\\\/#breadcrumb\",\"itemListElement\":[{\"@type\":\"ListItem\",\"position\":1,\"name\":\"Portada\",\"item\":\"https:\\\/\\\/fundacioncajaruraldelsur.com\\\/\"},{\"@type\":\"ListItem\",\"position\":2,\"name\":\"Renovado el convenio de colaboraci\u00f3n de ASAJA-Sevilla con la Fundaci\u00f3n Caja Rural del Sur\"}]},{\"@type\":\"WebSite\",\"@id\":\"https:\\\/\\\/fundacioncajaruraldelsur.com\\\/#website\",\"url\":\"https:\\\/\\\/fundacioncajaruraldelsur.com\\\/\",\"name\":\"Fundaci\u00f3n Caja Rural del Sur\",\"description\":\"\",\"potentialAction\":[{\"@type\":\"SearchAction\",\"target\":{\"@type\":\"EntryPoint\",\"urlTemplate\":\"https:\\\/\\\/fundacioncajaruraldelsur.com\\\/?s={search_term_string}\"},\"query-input\":{\"@type\":\"PropertyValueSpecification\",\"valueRequired\":true,\"valueName\":\"search_term_string\"}}],\"inLanguage\":\"pt-PT\"},{\"@type\":\"Person\",\"@id\":\"https:\\\/\\\/fundacioncajaruraldelsur.com\\\/#\\\/schema\\\/person\\\/f430da9fb783d505ff061ad8b3d44577\",\"name\":\"Comunicaci\u00f3n\",\"image\":{\"@type\":\"ImageObject\",\"inLanguage\":\"pt-PT\",\"@id\":\"https:\\\/\\\/secure.gravatar.com\\\/avatar\\\/0dca239875993680bac4603ad2de7942da018f52cc3a244578e0b3b09314a8d8?s=96&d=blank&r=g\",\"url\":\"https:\\\/\\\/secure.gravatar.com\\\/avatar\\\/0dca239875993680bac4603ad2de7942da018f52cc3a244578e0b3b09314a8d8?s=96&d=blank&r=g\",\"contentUrl\":\"https:\\\/\\\/secure.gravatar.com\\\/avatar\\\/0dca239875993680bac4603ad2de7942da018f52cc3a244578e0b3b09314a8d8?s=96&d=blank&r=g\",\"caption\":\"Comunicaci\u00f3n\"}}]}<\/script>\n<!-- \/ Yoast SEO plugin. -->","yoast_head_json":{"title":"Renovado el convenio de colaboraci\u00f3n de ASAJA-Sevilla con la Fundaci\u00f3n Caja Rural del Sur - Fundaci\u00f3n Caja Rural del Sur","robots":{"index":"index","follow":"follow","max-snippet":"max-snippet:-1","max-image-preview":"max-image-preview:large","max-video-preview":"max-video-preview:-1"},"canonical":"https:\/\/fundacioncajaruraldelsur.com\/pt\/renovado-el-convenio-de-colaboracion-de-asaja-sevilla-con-la-fundacion-caja-rural-del-sur\/","og_locale":"pt_PT","og_type":"article","og_title":"Renovado el convenio de colaboraci\u00f3n de ASAJA-Sevilla con la Fundaci\u00f3n Caja Rural del Sur - Fundaci\u00f3n Caja Rural del Sur","og_description":"ASAJA-Sevilla y Fundaci\u00f3n Caja Rural del Sur continuar\u00e1n con su estrecha colaboraci\u00f3n a lo largo del pr\u00f3ximo a\u00f1o con el objetivo de sumar fuerzas para dar un nuevo impulso y [&hellip;]","og_url":"https:\/\/fundacioncajaruraldelsur.com\/pt\/renovado-el-convenio-de-colaboracion-de-asaja-sevilla-con-la-fundacion-caja-rural-del-sur\/","og_site_name":"Fundaci\u00f3n Caja Rural del Sur","article_published_time":"2025-07-15T14:30:56+00:00","og_image":[{"width":770,"height":578,"url":"https:\/\/fundacioncajaruraldelsur.com\/wp-content\/uploads\/2025\/07\/8634b5377ff3a196ae6b9638a9e7c9b3_L.jpg","type":"image\/jpeg"}],"author":"Comunicaci\u00f3n","twitter_card":"summary_large_image","twitter_misc":{"Written by":"Comunicaci\u00f3n","Est. reading time":"2 minutes"},"schema":{"@context":"https:\/\/schema.org","@graph":[{"@type":"Article","@id":"https:\/\/fundacioncajaruraldelsur.com\/renovado-el-convenio-de-colaboracion-de-asaja-sevilla-con-la-fundacion-caja-rural-del-sur\/#article","isPartOf":{"@id":"https:\/\/fundacioncajaruraldelsur.com\/renovado-el-convenio-de-colaboracion-de-asaja-sevilla-con-la-fundacion-caja-rural-del-sur\/"},"author":{"name":"Comunicaci\u00f3n","@id":"https:\/\/fundacioncajaruraldelsur.com\/#\/schema\/person\/f430da9fb783d505ff061ad8b3d44577"},"headline":"Renovado el convenio de colaboraci\u00f3n de ASAJA-Sevilla con la Fundaci\u00f3n Caja Rural del Sur","datePublished":"2025-07-15T14:30:56+00:00","mainEntityOfPage":{"@id":"https:\/\/fundacioncajaruraldelsur.com\/renovado-el-convenio-de-colaboracion-de-asaja-sevilla-con-la-fundacion-caja-rural-del-sur\/"},"wordCount":376,"image":{"@id":"https:\/\/fundacioncajaruraldelsur.com\/renovado-el-convenio-de-colaboracion-de-asaja-sevilla-con-la-fundacion-caja-rural-del-sur\/#primaryimage"},"thumbnailUrl":"https:\/\/fundacioncajaruraldelsur.com\/wp-content\/uploads\/2025\/07\/8634b5377ff3a196ae6b9638a9e7c9b3_L.jpg","articleSection":["Convenios"],"inLanguage":"pt-PT"},{"@type":"WebPage","@id":"https:\/\/fundacioncajaruraldelsur.com\/renovado-el-convenio-de-colaboracion-de-asaja-sevilla-con-la-fundacion-caja-rural-del-sur\/","url":"https:\/\/fundacioncajaruraldelsur.com\/renovado-el-convenio-de-colaboracion-de-asaja-sevilla-con-la-fundacion-caja-rural-del-sur\/","name":"Renovado el convenio de colaboraci\u00f3n de ASAJA-Sevilla con la Fundaci\u00f3n Caja Rural del Sur - Fundaci\u00f3n Caja Rural del Sur","isPartOf":{"@id":"https:\/\/fundacioncajaruraldelsur.com\/#website"},"primaryImageOfPage":{"@id":"https:\/\/fundacioncajaruraldelsur.com\/renovado-el-convenio-de-colaboracion-de-asaja-sevilla-con-la-fundacion-caja-rural-del-sur\/#primaryimage"},"image":{"@id":"https:\/\/fundacioncajaruraldelsur.com\/renovado-el-convenio-de-colaboracion-de-asaja-sevilla-con-la-fundacion-caja-rural-del-sur\/#primaryimage"},"thumbnailUrl":"https:\/\/fundacioncajaruraldelsur.com\/wp-content\/uploads\/2025\/07\/8634b5377ff3a196ae6b9638a9e7c9b3_L.jpg","datePublished":"2025-07-15T14:30:56+00:00","author":{"@id":"https:\/\/fundacioncajaruraldelsur.com\/#\/schema\/person\/f430da9fb783d505ff061ad8b3d44577"},"breadcrumb":{"@id":"https:\/\/fundacioncajaruraldelsur.com\/renovado-el-convenio-de-colaboracion-de-asaja-sevilla-con-la-fundacion-caja-rural-del-sur\/#breadcrumb"},"inLanguage":"pt-PT","potentialAction":[{"@type":"ReadAction","target":["https:\/\/fundacioncajaruraldelsur.com\/renovado-el-convenio-de-colaboracion-de-asaja-sevilla-con-la-fundacion-caja-rural-del-sur\/"]}]},{"@type":"ImageObject","inLanguage":"pt-PT","@id":"https:\/\/fundacioncajaruraldelsur.com\/renovado-el-convenio-de-colaboracion-de-asaja-sevilla-con-la-fundacion-caja-rural-del-sur\/#primaryimage","url":"https:\/\/fundacioncajaruraldelsur.com\/wp-content\/uploads\/2025\/07\/8634b5377ff3a196ae6b9638a9e7c9b3_L.jpg","contentUrl":"https:\/\/fundacioncajaruraldelsur.com\/wp-content\/uploads\/2025\/07\/8634b5377ff3a196ae6b9638a9e7c9b3_L.jpg","width":770,"height":578},{"@type":"BreadcrumbList","@id":"https:\/\/fundacioncajaruraldelsur.com\/renovado-el-convenio-de-colaboracion-de-asaja-sevilla-con-la-fundacion-caja-rural-del-sur\/#breadcrumb","itemListElement":[{"@type":"ListItem","position":1,"name":"Portada","item":"https:\/\/fundacioncajaruraldelsur.com\/"},{"@type":"ListItem","position":2,"name":"Renovado el convenio de colaboraci\u00f3n de ASAJA-Sevilla con la Fundaci\u00f3n Caja Rural del Sur"}]},{"@type":"WebSite","@id":"https:\/\/fundacioncajaruraldelsur.com\/#website","url":"https:\/\/fundacioncajaruraldelsur.com\/","name":"Funda\u00e7\u00e3o Caja Rural del Sur","description":"","potentialAction":[{"@type":"SearchAction","target":{"@type":"EntryPoint","urlTemplate":"https:\/\/fundacioncajaruraldelsur.com\/?s={search_term_string}"},"query-input":{"@type":"PropertyValueSpecification","valueRequired":true,"valueName":"search_term_string"}}],"inLanguage":"pt-PT"},{"@type":"Person","@id":"https:\/\/fundacioncajaruraldelsur.com\/#\/schema\/person\/f430da9fb783d505ff061ad8b3d44577","name":"Comunicaci\u00f3n","image":{"@type":"ImageObject","inLanguage":"pt-PT","@id":"https:\/\/secure.gravatar.com\/avatar\/0dca239875993680bac4603ad2de7942da018f52cc3a244578e0b3b09314a8d8?s=96&d=blank&r=g","url":"https:\/\/secure.gravatar.com\/avatar\/0dca239875993680bac4603ad2de7942da018f52cc3a244578e0b3b09314a8d8?s=96&d=blank&r=g","contentUrl":"https:\/\/secure.gravatar.com\/avatar\/0dca239875993680bac4603ad2de7942da018f52cc3a244578e0b3b09314a8d8?s=96&d=blank&r=g","caption":"Comunicaci\u00f3n"}}]}},"rttpg_featured_image_url":{"full":["https:\/\/fundacioncajaruraldelsur.com\/wp-content\/uploads\/2025\/07\/8634b5377ff3a196ae6b9638a9e7c9b3_L.jpg",770,578,false],"landscape":["https:\/\/fundacioncajaruraldelsur.com\/wp-content\/uploads\/2025\/07\/8634b5377ff3a196ae6b9638a9e7c9b3_L.jpg",770,578,false],"portraits":["https:\/\/fundacioncajaruraldelsur.com\/wp-content\/uploads\/2025\/07\/8634b5377ff3a196ae6b9638a9e7c9b3_L.jpg",770,578,false],"thumbnail":["https:\/\/fundacioncajaruraldelsur.com\/wp-content\/uploads\/2025\/07\/8634b5377ff3a196ae6b9638a9e7c9b3_L-150x150.jpg",150,150,true],"medium":["https:\/\/fundacioncajaruraldelsur.com\/wp-content\/uploads\/2025\/07\/8634b5377ff3a196ae6b9638a9e7c9b3_L-300x225.jpg",300,225,true],"large":["https:\/\/fundacioncajaruraldelsur.com\/wp-content\/uploads\/2025\/07\/8634b5377ff3a196ae6b9638a9e7c9b3_L.jpg",770,578,false],"1536x1536":["https:\/\/fundacioncajaruraldelsur.com\/wp-content\/uploads\/2025\/07\/8634b5377ff3a196ae6b9638a9e7c9b3_L.jpg",770,578,false],"2048x2048":["https:\/\/fundacioncajaruraldelsur.com\/wp-content\/uploads\/2025\/07\/8634b5377ff3a196ae6b9638a9e7c9b3_L.jpg",770,578,false],"trp-custom-language-flag":["https:\/\/fundacioncajaruraldelsur.com\/wp-content\/uploads\/2025\/07\/8634b5377ff3a196ae6b9638a9e7c9b3_L.jpg",16,12,false],"blog-thumbnail":["https:\/\/fundacioncajaruraldelsur.com\/wp-content\/uploads\/2025\/07\/8634b5377ff3a196ae6b9638a9e7c9b3_L-400x200.jpg",400,200,true]},"rttpg_author":{"display_name":"Comunicaci\u00f3n","author_link":"https:\/\/fundacioncajaruraldelsur.com\/pt\/author\/sevillaadmin\/"},"rttpg_comment":0,"rttpg_category":"<a href=\"https:\/\/fundacioncajaruraldelsur.com\/pt\/category\/convenios\/\" rel=\"category tag\">Convenios<\/a>","rttpg_excerpt":"ASAJA-Sevilla y Fundaci\u00f3n Caja Rural del Sur continuar\u00e1n con su estrecha colaboraci\u00f3n a lo largo del pr\u00f3ximo a\u00f1o con el objetivo de sumar fuerzas para dar un nuevo impulso y [&hellip;]","_links":{"self":[{"href":"https:\/\/fundacioncajaruraldelsur.com\/pt\/wp-json\/wp\/v2\/posts\/11373","targetHints":{"allow":["GET"]}}],"collection":[{"href":"https:\/\/fundacioncajaruraldelsur.com\/pt\/wp-json\/wp\/v2\/posts"}],"about":[{"href":"https:\/\/fundacioncajaruraldelsur.com\/pt\/wp-json\/wp\/v2\/types\/post"}],"author":[{"embeddable":true,"href":"https:\/\/fundacioncajaruraldelsur.com\/pt\/wp-json\/wp\/v2\/users\/6"}],"replies":[{"embeddable":true,"href":"https:\/\/fundacioncajaruraldelsur.com\/pt\/wp-json\/wp\/v2\/comments?post=11373"}],"version-history":[{"count":1,"href":"https:\/\/fundacioncajaruraldelsur.com\/pt\/wp-json\/wp\/v2\/posts\/11373\/revisions"}],"predecessor-version":[{"id":11375,"href":"https:\/\/fundacioncajaruraldelsur.com\/pt\/wp-json\/wp\/v2\/posts\/11373\/revisions\/11375"}],"wp:featuredmedia":[{"embeddable":true,"href":"https:\/\/fundacioncajaruraldelsur.com\/pt\/wp-json\/wp\/v2\/media\/11374"}],"wp:attachment":[{"href":"https:\/\/fundacioncajaruraldelsur.com\/pt\/wp-json\/wp\/v2\/media?parent=11373"}],"wp:term":[{"taxonomy":"category","embeddable":true,"href":"https:\/\/fundacioncajaruraldelsur.com\/pt\/wp-json\/wp\/v2\/categories?post=11373"},{"taxonomy":"post_tag","embeddable":true,"href":"https:\/\/fundacioncajaruraldelsur.com\/pt\/wp-json\/wp\/v2\/tags?post=11373"}],"curies":[{"name":"wp","href":"https:\/\/api.w.org\/{rel}","templated":true}]}}