{"id":11362,"date":"2025-07-10T17:46:27","date_gmt":"2025-07-10T16:46:27","guid":{"rendered":"https:\/\/fundacioncajaruraldelsur.com\/?p=11362"},"modified":"2025-07-10T17:46:27","modified_gmt":"2025-07-10T16:46:27","slug":"convenio-entre-el-ayuntamiento-de-huelva-y-la-fundacion-caja-rural-del-sur-para-la-ii-feria-del-legado-britanico","status":"publish","type":"post","link":"https:\/\/fundacioncajaruraldelsur.com\/pt\/convenio-entre-el-ayuntamiento-de-huelva-y-la-fundacion-caja-rural-del-sur-para-la-ii-feria-del-legado-britanico\/","title":{"rendered":"Convenio entre el Ayuntamiento de Huelva y la Fundaci\u00f3n Caja Rural del Sur para la II Feria del Legado Brit\u00e1nico"},"content":{"rendered":"<p data-start=\"141\" data-end=\"607\">La alcaldesa de Huelva, <strong data-start=\"165\" data-end=\"182\">Pilar Miranda<\/strong>, y el presidente de la Fundaci\u00f3n Caja Rural del Sur, <strong data-start=\"236\" data-end=\"265\">Jos\u00e9 Luis Garc\u00eda-Palacios<\/strong>, han firmado este mi\u00e9rcoles un <strong data-start=\"297\" data-end=\"331\">convenio de colaboraci\u00f3n clave<\/strong> para la celebraci\u00f3n de la <strong data-start=\"358\" data-end=\"391\">II Feria del Legado Brit\u00e1nico<\/strong>, que se desarrollar\u00e1 del <strong data-start=\"417\" data-end=\"451\">22 al 28 de septiembre de 2025<\/strong>. El acto ha contado con la presencia de los concejales <strong data-start=\"507\" data-end=\"526\">Pastora Gim\u00e9nez<\/strong> y <strong data-start=\"529\" data-end=\"547\">Alfonso Castro<\/strong>, como muestra del respaldo institucional a esta iniciativa.<\/p>\n<p data-start=\"609\" data-end=\"986\">Gracias a este acuerdo, se consolida el compromiso de ambas entidades con la promoci\u00f3n cultural de Huelva, apostando por una programaci\u00f3n ambiciosa y participativa. En este marco se ha presentado tambi\u00e9n el <strong data-start=\"816\" data-end=\"864\">I Concurso de Caracterizaci\u00f3n de los a\u00f1os 20<\/strong>, una de las actividades estrella de la edici\u00f3n de este a\u00f1o, que se celebrar\u00e1 el <strong data-start=\"945\" data-end=\"985\">27 de septiembre en el Barrio Obrero<\/strong>.<\/p>\n<p data-start=\"988\" data-end=\"1311\">Pilar Miranda ha agradecido a la Fundaci\u00f3n su \u201c<strong data-start=\"1035\" data-end=\"1086\">apoyo constante a la vida cultural de la ciudad<\/strong>\u201d, destacando que este concurso permitir\u00e1 que el emblem\u00e1tico barrio se transforme en una aut\u00e9ntica pasarela de moda de los a\u00f1os 20, donde los ciudadanos podr\u00e1n rendir homenaje al legado brit\u00e1nico con creatividad y entusiasmo.<\/p>\n<p data-start=\"1313\" data-end=\"1553\">Por su parte, Garc\u00eda-Palacios ha resaltado que esta feria \u201c<strong data-start=\"1372\" data-end=\"1432\">rinde homenaje a una de las se\u00f1as de identidad de Huelva<\/strong>\u201d, subrayando la importancia de recordar c\u00f3mo la influencia brit\u00e1nica forj\u00f3 parte del car\u00e1cter y la cultura de la ciudad.<\/p>\n<p data-start=\"1555\" data-end=\"1887\">El concurso contar\u00e1 con tres categor\u00edas: <strong data-start=\"1596\" data-end=\"1608\">infantil<\/strong>, <strong data-start=\"1610\" data-end=\"1624\">individual<\/strong> y <strong data-start=\"1627\" data-end=\"1637\">grupal<\/strong>, con premios de hasta <strong data-start=\"1660\" data-end=\"1675\">1.000 euros<\/strong>, valorando principalmente la fidelidad hist\u00f3rica del vestuario y la puesta en escena. Las inscripciones ser\u00e1n gratuitas y estar\u00e1n disponibles a principios de septiembre en los canales oficiales del Ayuntamiento.<\/p>\n<p data-start=\"1889\" data-end=\"2144\" data-is-last-node=\"\" data-is-only-node=\"\">Tras el \u00e9xito de la primera edici\u00f3n, que reuni\u00f3 a m\u00e1s de <strong data-start=\"1946\" data-end=\"1967\">20.000 asistentes<\/strong>, esta segunda edici\u00f3n aspira a <strong data-start=\"1999\" data-end=\"2070\">consolidarse como una cita clave en el calendario cultural onubense<\/strong>, reforzando la identidad hist\u00f3rica de la ciudad y promoviendo el turismo.<\/p>\n<p data-start=\"1889\" data-end=\"2144\" data-is-last-node=\"\" data-is-only-node=\"\"><a href=\"https:\/\/fundacioncajaruraldelsur.com\/wp-content\/uploads\/2025\/07\/20250709_104339-scaled.jpg\" rel=\"lightbox-0\"><img loading=\"lazy\" decoding=\"async\" class=\"alignnone wp-image-11363 size-full\" src=\"https:\/\/fundacioncajaruraldelsur.com\/wp-content\/uploads\/2025\/07\/20250709_104339-scaled.jpg\" alt=\"\" width=\"2560\" height=\"1152\" srcset=\"https:\/\/fundacioncajaruraldelsur.com\/wp-content\/uploads\/2025\/07\/20250709_104339-scaled.jpg 2560w, https:\/\/fundacioncajaruraldelsur.com\/wp-content\/uploads\/2025\/07\/20250709_104339-300x135.jpg 300w, https:\/\/fundacioncajaruraldelsur.com\/wp-content\/uploads\/2025\/07\/20250709_104339-1024x461.jpg 1024w, https:\/\/fundacioncajaruraldelsur.com\/wp-content\/uploads\/2025\/07\/20250709_104339-768x345.jpg 768w, https:\/\/fundacioncajaruraldelsur.com\/wp-content\/uploads\/2025\/07\/20250709_104339-1536x691.jpg 1536w, https:\/\/fundacioncajaruraldelsur.com\/wp-content\/uploads\/2025\/07\/20250709_104339-2048x921.jpg 2048w\" sizes=\"auto, (max-width: 2560px) 100vw, 2560px\" \/><\/a><\/p>","protected":false},"excerpt":{"rendered":"<p>La alcaldesa de Huelva, Pilar Miranda, y el presidente de la Fundaci\u00f3n Caja Rural del Sur, Jos\u00e9 Luis Garc\u00eda-Palacios, han firmado este mi\u00e9rcoles un convenio de colaboraci\u00f3n clave para la [&hellip;]<\/p>\n","protected":false},"author":6,"featured_media":11364,"comment_status":"closed","ping_status":"closed","sticky":false,"template":"","format":"standard","meta":{"footnotes":""},"categories":[67],"tags":[],"class_list":["post-11362","post","type-post","status-publish","format-standard","has-post-thumbnail","hentry","category-convenios"],"yoast_head":"<!-- This site is optimized with the Yoast SEO plugin v27.3 - https:\/\/yoast.com\/product\/yoast-seo-wordpress\/ -->\n<title>Convenio entre el Ayuntamiento de Huelva y la Fundaci\u00f3n Caja Rural del Sur para la II Feria del Legado Brit\u00e1nico - Fundaci\u00f3n Caja Rural del Sur<\/title>\n<meta name=\"robots\" content=\"index, follow, max-snippet:-1, max-image-preview:large, max-video-preview:-1\" \/>\n<link rel=\"canonical\" href=\"https:\/\/fundacioncajaruraldelsur.com\/pt\/convenio-entre-el-ayuntamiento-de-huelva-y-la-fundacion-caja-rural-del-sur-para-la-ii-feria-del-legado-britanico\/\" \/>\n<meta property=\"og:locale\" content=\"pt_PT\" \/>\n<meta property=\"og:type\" content=\"article\" \/>\n<meta property=\"og:title\" content=\"Convenio entre el Ayuntamiento de Huelva y la Fundaci\u00f3n Caja Rural del Sur para la II Feria del Legado Brit\u00e1nico - Fundaci\u00f3n Caja Rural del Sur\" \/>\n<meta property=\"og:description\" content=\"La alcaldesa de Huelva, Pilar Miranda, y el presidente de la Fundaci\u00f3n Caja Rural del Sur, Jos\u00e9 Luis Garc\u00eda-Palacios, han firmado este mi\u00e9rcoles un convenio de colaboraci\u00f3n clave para la [&hellip;]\" \/>\n<meta property=\"og:url\" content=\"https:\/\/fundacioncajaruraldelsur.com\/pt\/convenio-entre-el-ayuntamiento-de-huelva-y-la-fundacion-caja-rural-del-sur-para-la-ii-feria-del-legado-britanico\/\" \/>\n<meta property=\"og:site_name\" content=\"Fundaci\u00f3n Caja Rural del Sur\" \/>\n<meta property=\"article:published_time\" content=\"2025-07-10T16:46:27+00:00\" \/>\n<meta property=\"og:image\" content=\"https:\/\/fundacioncajaruraldelsur.com\/wp-content\/uploads\/2025\/07\/20250709_104528-scaled.jpg\" \/>\n\t<meta property=\"og:image:width\" content=\"2560\" \/>\n\t<meta property=\"og:image:height\" content=\"1152\" \/>\n\t<meta property=\"og:image:type\" content=\"image\/jpeg\" \/>\n<meta name=\"author\" content=\"Comunicaci\u00f3n\" \/>\n<meta name=\"twitter:card\" content=\"summary_large_image\" \/>\n<meta name=\"twitter:label1\" content=\"Written by\" \/>\n\t<meta name=\"twitter:data1\" content=\"Comunicaci\u00f3n\" \/>\n\t<meta name=\"twitter:label2\" content=\"Est. reading time\" \/>\n\t<meta name=\"twitter:data2\" content=\"2 minutes\" \/>\n<script type=\"application\/ld+json\" class=\"yoast-schema-graph\">{\"@context\":\"https:\\\/\\\/schema.org\",\"@graph\":[{\"@type\":\"Article\",\"@id\":\"https:\\\/\\\/fundacioncajaruraldelsur.com\\\/convenio-entre-el-ayuntamiento-de-huelva-y-la-fundacion-caja-rural-del-sur-para-la-ii-feria-del-legado-britanico\\\/#article\",\"isPartOf\":{\"@id\":\"https:\\\/\\\/fundacioncajaruraldelsur.com\\\/convenio-entre-el-ayuntamiento-de-huelva-y-la-fundacion-caja-rural-del-sur-para-la-ii-feria-del-legado-britanico\\\/\"},\"author\":{\"name\":\"Comunicaci\u00f3n\",\"@id\":\"https:\\\/\\\/fundacioncajaruraldelsur.com\\\/#\\\/schema\\\/person\\\/f430da9fb783d505ff061ad8b3d44577\"},\"headline\":\"Convenio entre el Ayuntamiento de Huelva y la Fundaci\u00f3n Caja Rural del Sur para la II Feria del Legado Brit\u00e1nico\",\"datePublished\":\"2025-07-10T16:46:27+00:00\",\"mainEntityOfPage\":{\"@id\":\"https:\\\/\\\/fundacioncajaruraldelsur.com\\\/convenio-entre-el-ayuntamiento-de-huelva-y-la-fundacion-caja-rural-del-sur-para-la-ii-feria-del-legado-britanico\\\/\"},\"wordCount\":356,\"image\":{\"@id\":\"https:\\\/\\\/fundacioncajaruraldelsur.com\\\/convenio-entre-el-ayuntamiento-de-huelva-y-la-fundacion-caja-rural-del-sur-para-la-ii-feria-del-legado-britanico\\\/#primaryimage\"},\"thumbnailUrl\":\"https:\\\/\\\/fundacioncajaruraldelsur.com\\\/wp-content\\\/uploads\\\/2025\\\/07\\\/20250709_104528-scaled.jpg\",\"articleSection\":[\"Convenios\"],\"inLanguage\":\"pt-PT\"},{\"@type\":\"WebPage\",\"@id\":\"https:\\\/\\\/fundacioncajaruraldelsur.com\\\/convenio-entre-el-ayuntamiento-de-huelva-y-la-fundacion-caja-rural-del-sur-para-la-ii-feria-del-legado-britanico\\\/\",\"url\":\"https:\\\/\\\/fundacioncajaruraldelsur.com\\\/convenio-entre-el-ayuntamiento-de-huelva-y-la-fundacion-caja-rural-del-sur-para-la-ii-feria-del-legado-britanico\\\/\",\"name\":\"Convenio entre el Ayuntamiento de Huelva y la Fundaci\u00f3n Caja Rural del Sur para la II Feria del Legado Brit\u00e1nico - Fundaci\u00f3n Caja Rural del Sur\",\"isPartOf\":{\"@id\":\"https:\\\/\\\/fundacioncajaruraldelsur.com\\\/#website\"},\"primaryImageOfPage\":{\"@id\":\"https:\\\/\\\/fundacioncajaruraldelsur.com\\\/convenio-entre-el-ayuntamiento-de-huelva-y-la-fundacion-caja-rural-del-sur-para-la-ii-feria-del-legado-britanico\\\/#primaryimage\"},\"image\":{\"@id\":\"https:\\\/\\\/fundacioncajaruraldelsur.com\\\/convenio-entre-el-ayuntamiento-de-huelva-y-la-fundacion-caja-rural-del-sur-para-la-ii-feria-del-legado-britanico\\\/#primaryimage\"},\"thumbnailUrl\":\"https:\\\/\\\/fundacioncajaruraldelsur.com\\\/wp-content\\\/uploads\\\/2025\\\/07\\\/20250709_104528-scaled.jpg\",\"datePublished\":\"2025-07-10T16:46:27+00:00\",\"author\":{\"@id\":\"https:\\\/\\\/fundacioncajaruraldelsur.com\\\/#\\\/schema\\\/person\\\/f430da9fb783d505ff061ad8b3d44577\"},\"breadcrumb\":{\"@id\":\"https:\\\/\\\/fundacioncajaruraldelsur.com\\\/convenio-entre-el-ayuntamiento-de-huelva-y-la-fundacion-caja-rural-del-sur-para-la-ii-feria-del-legado-britanico\\\/#breadcrumb\"},\"inLanguage\":\"pt-PT\",\"potentialAction\":[{\"@type\":\"ReadAction\",\"target\":[\"https:\\\/\\\/fundacioncajaruraldelsur.com\\\/convenio-entre-el-ayuntamiento-de-huelva-y-la-fundacion-caja-rural-del-sur-para-la-ii-feria-del-legado-britanico\\\/\"]}]},{\"@type\":\"ImageObject\",\"inLanguage\":\"pt-PT\",\"@id\":\"https:\\\/\\\/fundacioncajaruraldelsur.com\\\/convenio-entre-el-ayuntamiento-de-huelva-y-la-fundacion-caja-rural-del-sur-para-la-ii-feria-del-legado-britanico\\\/#primaryimage\",\"url\":\"https:\\\/\\\/fundacioncajaruraldelsur.com\\\/wp-content\\\/uploads\\\/2025\\\/07\\\/20250709_104528-scaled.jpg\",\"contentUrl\":\"https:\\\/\\\/fundacioncajaruraldelsur.com\\\/wp-content\\\/uploads\\\/2025\\\/07\\\/20250709_104528-scaled.jpg\",\"width\":2560,\"height\":1152},{\"@type\":\"BreadcrumbList\",\"@id\":\"https:\\\/\\\/fundacioncajaruraldelsur.com\\\/convenio-entre-el-ayuntamiento-de-huelva-y-la-fundacion-caja-rural-del-sur-para-la-ii-feria-del-legado-britanico\\\/#breadcrumb\",\"itemListElement\":[{\"@type\":\"ListItem\",\"position\":1,\"name\":\"Portada\",\"item\":\"https:\\\/\\\/fundacioncajaruraldelsur.com\\\/\"},{\"@type\":\"ListItem\",\"position\":2,\"name\":\"Convenio entre el Ayuntamiento de Huelva y la Fundaci\u00f3n Caja Rural del Sur para la II Feria del Legado Brit\u00e1nico\"}]},{\"@type\":\"WebSite\",\"@id\":\"https:\\\/\\\/fundacioncajaruraldelsur.com\\\/#website\",\"url\":\"https:\\\/\\\/fundacioncajaruraldelsur.com\\\/\",\"name\":\"Fundaci\u00f3n Caja Rural del Sur\",\"description\":\"\",\"potentialAction\":[{\"@type\":\"SearchAction\",\"target\":{\"@type\":\"EntryPoint\",\"urlTemplate\":\"https:\\\/\\\/fundacioncajaruraldelsur.com\\\/?s={search_term_string}\"},\"query-input\":{\"@type\":\"PropertyValueSpecification\",\"valueRequired\":true,\"valueName\":\"search_term_string\"}}],\"inLanguage\":\"pt-PT\"},{\"@type\":\"Person\",\"@id\":\"https:\\\/\\\/fundacioncajaruraldelsur.com\\\/#\\\/schema\\\/person\\\/f430da9fb783d505ff061ad8b3d44577\",\"name\":\"Comunicaci\u00f3n\",\"image\":{\"@type\":\"ImageObject\",\"inLanguage\":\"pt-PT\",\"@id\":\"https:\\\/\\\/secure.gravatar.com\\\/avatar\\\/0dca239875993680bac4603ad2de7942da018f52cc3a244578e0b3b09314a8d8?s=96&d=blank&r=g\",\"url\":\"https:\\\/\\\/secure.gravatar.com\\\/avatar\\\/0dca239875993680bac4603ad2de7942da018f52cc3a244578e0b3b09314a8d8?s=96&d=blank&r=g\",\"contentUrl\":\"https:\\\/\\\/secure.gravatar.com\\\/avatar\\\/0dca239875993680bac4603ad2de7942da018f52cc3a244578e0b3b09314a8d8?s=96&d=blank&r=g\",\"caption\":\"Comunicaci\u00f3n\"}}]}<\/script>\n<!-- \/ Yoast SEO plugin. -->","yoast_head_json":{"title":"Convenio entre el Ayuntamiento de Huelva y la Fundaci\u00f3n Caja Rural del Sur para la II Feria del Legado Brit\u00e1nico - Fundaci\u00f3n Caja Rural del Sur","robots":{"index":"index","follow":"follow","max-snippet":"max-snippet:-1","max-image-preview":"max-image-preview:large","max-video-preview":"max-video-preview:-1"},"canonical":"https:\/\/fundacioncajaruraldelsur.com\/pt\/convenio-entre-el-ayuntamiento-de-huelva-y-la-fundacion-caja-rural-del-sur-para-la-ii-feria-del-legado-britanico\/","og_locale":"pt_PT","og_type":"article","og_title":"Convenio entre el Ayuntamiento de Huelva y la Fundaci\u00f3n Caja Rural del Sur para la II Feria del Legado Brit\u00e1nico - Fundaci\u00f3n Caja Rural del Sur","og_description":"La alcaldesa de Huelva, Pilar Miranda, y el presidente de la Fundaci\u00f3n Caja Rural del Sur, Jos\u00e9 Luis Garc\u00eda-Palacios, han firmado este mi\u00e9rcoles un convenio de colaboraci\u00f3n clave para la [&hellip;]","og_url":"https:\/\/fundacioncajaruraldelsur.com\/pt\/convenio-entre-el-ayuntamiento-de-huelva-y-la-fundacion-caja-rural-del-sur-para-la-ii-feria-del-legado-britanico\/","og_site_name":"Fundaci\u00f3n Caja Rural del Sur","article_published_time":"2025-07-10T16:46:27+00:00","og_image":[{"width":2560,"height":1152,"url":"https:\/\/fundacioncajaruraldelsur.com\/wp-content\/uploads\/2025\/07\/20250709_104528-scaled.jpg","type":"image\/jpeg"}],"author":"Comunicaci\u00f3n","twitter_card":"summary_large_image","twitter_misc":{"Written by":"Comunicaci\u00f3n","Est. reading time":"2 minutes"},"schema":{"@context":"https:\/\/schema.org","@graph":[{"@type":"Article","@id":"https:\/\/fundacioncajaruraldelsur.com\/convenio-entre-el-ayuntamiento-de-huelva-y-la-fundacion-caja-rural-del-sur-para-la-ii-feria-del-legado-britanico\/#article","isPartOf":{"@id":"https:\/\/fundacioncajaruraldelsur.com\/convenio-entre-el-ayuntamiento-de-huelva-y-la-fundacion-caja-rural-del-sur-para-la-ii-feria-del-legado-britanico\/"},"author":{"name":"Comunicaci\u00f3n","@id":"https:\/\/fundacioncajaruraldelsur.com\/#\/schema\/person\/f430da9fb783d505ff061ad8b3d44577"},"headline":"Convenio entre el Ayuntamiento de Huelva y la Fundaci\u00f3n Caja Rural del Sur para la II Feria del Legado Brit\u00e1nico","datePublished":"2025-07-10T16:46:27+00:00","mainEntityOfPage":{"@id":"https:\/\/fundacioncajaruraldelsur.com\/convenio-entre-el-ayuntamiento-de-huelva-y-la-fundacion-caja-rural-del-sur-para-la-ii-feria-del-legado-britanico\/"},"wordCount":356,"image":{"@id":"https:\/\/fundacioncajaruraldelsur.com\/convenio-entre-el-ayuntamiento-de-huelva-y-la-fundacion-caja-rural-del-sur-para-la-ii-feria-del-legado-britanico\/#primaryimage"},"thumbnailUrl":"https:\/\/fundacioncajaruraldelsur.com\/wp-content\/uploads\/2025\/07\/20250709_104528-scaled.jpg","articleSection":["Convenios"],"inLanguage":"pt-PT"},{"@type":"WebPage","@id":"https:\/\/fundacioncajaruraldelsur.com\/convenio-entre-el-ayuntamiento-de-huelva-y-la-fundacion-caja-rural-del-sur-para-la-ii-feria-del-legado-britanico\/","url":"https:\/\/fundacioncajaruraldelsur.com\/convenio-entre-el-ayuntamiento-de-huelva-y-la-fundacion-caja-rural-del-sur-para-la-ii-feria-del-legado-britanico\/","name":"Convenio entre el Ayuntamiento de Huelva y la Fundaci\u00f3n Caja Rural del Sur para la II Feria del Legado Brit\u00e1nico - Fundaci\u00f3n Caja Rural del Sur","isPartOf":{"@id":"https:\/\/fundacioncajaruraldelsur.com\/#website"},"primaryImageOfPage":{"@id":"https:\/\/fundacioncajaruraldelsur.com\/convenio-entre-el-ayuntamiento-de-huelva-y-la-fundacion-caja-rural-del-sur-para-la-ii-feria-del-legado-britanico\/#primaryimage"},"image":{"@id":"https:\/\/fundacioncajaruraldelsur.com\/convenio-entre-el-ayuntamiento-de-huelva-y-la-fundacion-caja-rural-del-sur-para-la-ii-feria-del-legado-britanico\/#primaryimage"},"thumbnailUrl":"https:\/\/fundacioncajaruraldelsur.com\/wp-content\/uploads\/2025\/07\/20250709_104528-scaled.jpg","datePublished":"2025-07-10T16:46:27+00:00","author":{"@id":"https:\/\/fundacioncajaruraldelsur.com\/#\/schema\/person\/f430da9fb783d505ff061ad8b3d44577"},"breadcrumb":{"@id":"https:\/\/fundacioncajaruraldelsur.com\/convenio-entre-el-ayuntamiento-de-huelva-y-la-fundacion-caja-rural-del-sur-para-la-ii-feria-del-legado-britanico\/#breadcrumb"},"inLanguage":"pt-PT","potentialAction":[{"@type":"ReadAction","target":["https:\/\/fundacioncajaruraldelsur.com\/convenio-entre-el-ayuntamiento-de-huelva-y-la-fundacion-caja-rural-del-sur-para-la-ii-feria-del-legado-britanico\/"]}]},{"@type":"ImageObject","inLanguage":"pt-PT","@id":"https:\/\/fundacioncajaruraldelsur.com\/convenio-entre-el-ayuntamiento-de-huelva-y-la-fundacion-caja-rural-del-sur-para-la-ii-feria-del-legado-britanico\/#primaryimage","url":"https:\/\/fundacioncajaruraldelsur.com\/wp-content\/uploads\/2025\/07\/20250709_104528-scaled.jpg","contentUrl":"https:\/\/fundacioncajaruraldelsur.com\/wp-content\/uploads\/2025\/07\/20250709_104528-scaled.jpg","width":2560,"height":1152},{"@type":"BreadcrumbList","@id":"https:\/\/fundacioncajaruraldelsur.com\/convenio-entre-el-ayuntamiento-de-huelva-y-la-fundacion-caja-rural-del-sur-para-la-ii-feria-del-legado-britanico\/#breadcrumb","itemListElement":[{"@type":"ListItem","position":1,"name":"Portada","item":"https:\/\/fundacioncajaruraldelsur.com\/"},{"@type":"ListItem","position":2,"name":"Convenio entre el Ayuntamiento de Huelva y la Fundaci\u00f3n Caja Rural del Sur para la II Feria del Legado Brit\u00e1nico"}]},{"@type":"WebSite","@id":"https:\/\/fundacioncajaruraldelsur.com\/#website","url":"https:\/\/fundacioncajaruraldelsur.com\/","name":"Funda\u00e7\u00e3o Caja Rural del Sur","description":"","potentialAction":[{"@type":"SearchAction","target":{"@type":"EntryPoint","urlTemplate":"https:\/\/fundacioncajaruraldelsur.com\/?s={search_term_string}"},"query-input":{"@type":"PropertyValueSpecification","valueRequired":true,"valueName":"search_term_string"}}],"inLanguage":"pt-PT"},{"@type":"Person","@id":"https:\/\/fundacioncajaruraldelsur.com\/#\/schema\/person\/f430da9fb783d505ff061ad8b3d44577","name":"Comunicaci\u00f3n","image":{"@type":"ImageObject","inLanguage":"pt-PT","@id":"https:\/\/secure.gravatar.com\/avatar\/0dca239875993680bac4603ad2de7942da018f52cc3a244578e0b3b09314a8d8?s=96&d=blank&r=g","url":"https:\/\/secure.gravatar.com\/avatar\/0dca239875993680bac4603ad2de7942da018f52cc3a244578e0b3b09314a8d8?s=96&d=blank&r=g","contentUrl":"https:\/\/secure.gravatar.com\/avatar\/0dca239875993680bac4603ad2de7942da018f52cc3a244578e0b3b09314a8d8?s=96&d=blank&r=g","caption":"Comunicaci\u00f3n"}}]}},"rttpg_featured_image_url":{"full":["https:\/\/fundacioncajaruraldelsur.com\/wp-content\/uploads\/2025\/07\/20250709_104528-scaled.jpg",2560,1152,false],"landscape":["https:\/\/fundacioncajaruraldelsur.com\/wp-content\/uploads\/2025\/07\/20250709_104528-scaled.jpg",2560,1152,false],"portraits":["https:\/\/fundacioncajaruraldelsur.com\/wp-content\/uploads\/2025\/07\/20250709_104528-scaled.jpg",2560,1152,false],"thumbnail":["https:\/\/fundacioncajaruraldelsur.com\/wp-content\/uploads\/2025\/07\/20250709_104528-150x150.jpg",150,150,true],"medium":["https:\/\/fundacioncajaruraldelsur.com\/wp-content\/uploads\/2025\/07\/20250709_104528-300x135.jpg",300,135,true],"large":["https:\/\/fundacioncajaruraldelsur.com\/wp-content\/uploads\/2025\/07\/20250709_104528-1024x461.jpg",960,432,true],"1536x1536":["https:\/\/fundacioncajaruraldelsur.com\/wp-content\/uploads\/2025\/07\/20250709_104528-1536x691.jpg",1536,691,true],"2048x2048":["https:\/\/fundacioncajaruraldelsur.com\/wp-content\/uploads\/2025\/07\/20250709_104528-2048x921.jpg",2048,921,true],"trp-custom-language-flag":["https:\/\/fundacioncajaruraldelsur.com\/wp-content\/uploads\/2025\/07\/20250709_104528-scaled.jpg",18,8,false],"blog-thumbnail":["https:\/\/fundacioncajaruraldelsur.com\/wp-content\/uploads\/2025\/07\/20250709_104528-400x200.jpg",400,200,true]},"rttpg_author":{"display_name":"Comunicaci\u00f3n","author_link":"https:\/\/fundacioncajaruraldelsur.com\/pt\/author\/sevillaadmin\/"},"rttpg_comment":0,"rttpg_category":"<a href=\"https:\/\/fundacioncajaruraldelsur.com\/pt\/category\/convenios\/\" rel=\"category tag\">Convenios<\/a>","rttpg_excerpt":"La alcaldesa de Huelva, Pilar Miranda, y el presidente de la Fundaci\u00f3n Caja Rural del Sur, Jos\u00e9 Luis Garc\u00eda-Palacios, han firmado este mi\u00e9rcoles un convenio de colaboraci\u00f3n clave para la [&hellip;]","_links":{"self":[{"href":"https:\/\/fundacioncajaruraldelsur.com\/pt\/wp-json\/wp\/v2\/posts\/11362","targetHints":{"allow":["GET"]}}],"collection":[{"href":"https:\/\/fundacioncajaruraldelsur.com\/pt\/wp-json\/wp\/v2\/posts"}],"about":[{"href":"https:\/\/fundacioncajaruraldelsur.com\/pt\/wp-json\/wp\/v2\/types\/post"}],"author":[{"embeddable":true,"href":"https:\/\/fundacioncajaruraldelsur.com\/pt\/wp-json\/wp\/v2\/users\/6"}],"replies":[{"embeddable":true,"href":"https:\/\/fundacioncajaruraldelsur.com\/pt\/wp-json\/wp\/v2\/comments?post=11362"}],"version-history":[{"count":1,"href":"https:\/\/fundacioncajaruraldelsur.com\/pt\/wp-json\/wp\/v2\/posts\/11362\/revisions"}],"predecessor-version":[{"id":11365,"href":"https:\/\/fundacioncajaruraldelsur.com\/pt\/wp-json\/wp\/v2\/posts\/11362\/revisions\/11365"}],"wp:featuredmedia":[{"embeddable":true,"href":"https:\/\/fundacioncajaruraldelsur.com\/pt\/wp-json\/wp\/v2\/media\/11364"}],"wp:attachment":[{"href":"https:\/\/fundacioncajaruraldelsur.com\/pt\/wp-json\/wp\/v2\/media?parent=11362"}],"wp:term":[{"taxonomy":"category","embeddable":true,"href":"https:\/\/fundacioncajaruraldelsur.com\/pt\/wp-json\/wp\/v2\/categories?post=11362"},{"taxonomy":"post_tag","embeddable":true,"href":"https:\/\/fundacioncajaruraldelsur.com\/pt\/wp-json\/wp\/v2\/tags?post=11362"}],"curies":[{"name":"wp","href":"https:\/\/api.w.org\/{rel}","templated":true}]}}