{"id":11352,"date":"2025-07-08T11:04:31","date_gmt":"2025-07-08T10:04:31","guid":{"rendered":"https:\/\/fundacioncajaruraldelsur.com\/?p=11352"},"modified":"2025-07-08T11:04:31","modified_gmt":"2025-07-08T10:04:31","slug":"exito-del-recital-lirico-del-teatro-real-en-la-plaza-de-espana-de-cadiz-con-la-colaboracion-de-la-fundacion-caja-rural-del-sur","status":"publish","type":"post","link":"https:\/\/fundacioncajaruraldelsur.com\/pt\/exito-del-recital-lirico-del-teatro-real-en-la-plaza-de-espana-de-cadiz-con-la-colaboracion-de-la-fundacion-caja-rural-del-sur\/","title":{"rendered":"\u00c9xito del Recital L\u00edrico del Teatro Real en la Plaza de Espa\u00f1a de C\u00e1diz con la colaboraci\u00f3n de la Fundaci\u00f3n Caja Rural del Sur"},"content":{"rendered":"<p data-start=\"0\" data-end=\"195\">El pasado viernes 4 de julio, la Carroza del Teatro Real de Madrid regres\u00f3 a C\u00e1diz para ofrecer un espect\u00e1culo en su escenario itinerante, ubicado en la plaza de Espa\u00f1a, a partir de las 21 horas. La Fundaci\u00f3n Caja Rural del Sur colabora con este espect\u00e1culo itinerante que est\u00e1 teniendo un gran \u00e9xito.<\/p>\n<p data-start=\"197\" data-end=\"595\">El recital l\u00edrico, de acceso p\u00fablico gratuito, cont\u00f3 con la participaci\u00f3n de un pianista y cuatro int\u00e9rpretes, y fue producido por el Teatro Real. El programa incluy\u00f3 una atractiva y variada selecci\u00f3n musical con populares arias y duetos de conocidas \u00f3peras de compositores como Puccini, Mozart, Delibes, Offenbach y Bizet, as\u00ed como romanzas de zarzuelas de autores como Penella Moreno y Soroz\u00e1bal.<\/p>\n<p data-start=\"597\" data-end=\"797\" data-is-last-node=\"\" data-is-only-node=\"\">El espect\u00e1culo tuvo una duraci\u00f3n aproximada de 75 minutos y se desarroll\u00f3 ante un p\u00fablico entregado, con 650 sillas dispuestas frente al escenario, que se llenaron hasta completar el aforo disponible.<\/p>","protected":false},"excerpt":{"rendered":"<p>El pasado viernes 4 de julio, la Carroza del Teatro Real de Madrid regres\u00f3 a C\u00e1diz para ofrecer un espect\u00e1culo en su escenario itinerante, ubicado en la plaza de Espa\u00f1a, [&hellip;]<\/p>\n","protected":false},"author":6,"featured_media":11353,"comment_status":"closed","ping_status":"closed","sticky":false,"template":"","format":"standard","meta":{"footnotes":""},"categories":[84],"tags":[],"class_list":["post-11352","post","type-post","status-publish","format-standard","has-post-thumbnail","hentry","category-presentaciones"],"yoast_head":"<!-- This site is optimized with the Yoast SEO plugin v27.3 - https:\/\/yoast.com\/product\/yoast-seo-wordpress\/ -->\n<title>\u00c9xito del Recital L\u00edrico del Teatro Real en la Plaza de Espa\u00f1a de C\u00e1diz con la colaboraci\u00f3n de la Fundaci\u00f3n Caja Rural del Sur - Fundaci\u00f3n Caja Rural del Sur<\/title>\n<meta name=\"robots\" content=\"index, follow, max-snippet:-1, max-image-preview:large, max-video-preview:-1\" \/>\n<link rel=\"canonical\" href=\"https:\/\/fundacioncajaruraldelsur.com\/pt\/exito-del-recital-lirico-del-teatro-real-en-la-plaza-de-espana-de-cadiz-con-la-colaboracion-de-la-fundacion-caja-rural-del-sur\/\" \/>\n<meta property=\"og:locale\" content=\"pt_PT\" \/>\n<meta property=\"og:type\" content=\"article\" \/>\n<meta property=\"og:title\" content=\"\u00c9xito del Recital L\u00edrico del Teatro Real en la Plaza de Espa\u00f1a de C\u00e1diz con la colaboraci\u00f3n de la Fundaci\u00f3n Caja Rural del Sur - Fundaci\u00f3n Caja Rural del Sur\" \/>\n<meta property=\"og:description\" content=\"El pasado viernes 4 de julio, la Carroza del Teatro Real de Madrid regres\u00f3 a C\u00e1diz para ofrecer un espect\u00e1culo en su escenario itinerante, ubicado en la plaza de Espa\u00f1a, [&hellip;]\" \/>\n<meta property=\"og:url\" content=\"https:\/\/fundacioncajaruraldelsur.com\/pt\/exito-del-recital-lirico-del-teatro-real-en-la-plaza-de-espana-de-cadiz-con-la-colaboracion-de-la-fundacion-caja-rural-del-sur\/\" \/>\n<meta property=\"og:site_name\" content=\"Fundaci\u00f3n Caja Rural del Sur\" \/>\n<meta property=\"article:published_time\" content=\"2025-07-08T10:04:31+00:00\" \/>\n<meta property=\"og:image\" content=\"https:\/\/fundacioncajaruraldelsur.com\/wp-content\/uploads\/2025\/07\/Foto-Cadiz-2.jpg\" \/>\n\t<meta property=\"og:image:width\" content=\"2048\" \/>\n\t<meta property=\"og:image:height\" content=\"1152\" \/>\n\t<meta property=\"og:image:type\" content=\"image\/jpeg\" \/>\n<meta name=\"author\" content=\"Comunicaci\u00f3n\" \/>\n<meta name=\"twitter:card\" content=\"summary_large_image\" \/>\n<meta name=\"twitter:label1\" content=\"Written by\" \/>\n\t<meta name=\"twitter:data1\" content=\"Comunicaci\u00f3n\" \/>\n\t<meta name=\"twitter:label2\" content=\"Est. reading time\" \/>\n\t<meta name=\"twitter:data2\" content=\"1 minute\" \/>\n<script type=\"application\/ld+json\" class=\"yoast-schema-graph\">{\"@context\":\"https:\\\/\\\/schema.org\",\"@graph\":[{\"@type\":\"Article\",\"@id\":\"https:\\\/\\\/fundacioncajaruraldelsur.com\\\/exito-del-recital-lirico-del-teatro-real-en-la-plaza-de-espana-de-cadiz-con-la-colaboracion-de-la-fundacion-caja-rural-del-sur\\\/#article\",\"isPartOf\":{\"@id\":\"https:\\\/\\\/fundacioncajaruraldelsur.com\\\/exito-del-recital-lirico-del-teatro-real-en-la-plaza-de-espana-de-cadiz-con-la-colaboracion-de-la-fundacion-caja-rural-del-sur\\\/\"},\"author\":{\"name\":\"Comunicaci\u00f3n\",\"@id\":\"https:\\\/\\\/fundacioncajaruraldelsur.com\\\/#\\\/schema\\\/person\\\/f430da9fb783d505ff061ad8b3d44577\"},\"headline\":\"\u00c9xito del Recital L\u00edrico del Teatro Real en la Plaza de Espa\u00f1a de C\u00e1diz con la colaboraci\u00f3n de la Fundaci\u00f3n Caja Rural del Sur\",\"datePublished\":\"2025-07-08T10:04:31+00:00\",\"mainEntityOfPage\":{\"@id\":\"https:\\\/\\\/fundacioncajaruraldelsur.com\\\/exito-del-recital-lirico-del-teatro-real-en-la-plaza-de-espana-de-cadiz-con-la-colaboracion-de-la-fundacion-caja-rural-del-sur\\\/\"},\"wordCount\":185,\"image\":{\"@id\":\"https:\\\/\\\/fundacioncajaruraldelsur.com\\\/exito-del-recital-lirico-del-teatro-real-en-la-plaza-de-espana-de-cadiz-con-la-colaboracion-de-la-fundacion-caja-rural-del-sur\\\/#primaryimage\"},\"thumbnailUrl\":\"https:\\\/\\\/fundacioncajaruraldelsur.com\\\/wp-content\\\/uploads\\\/2025\\\/07\\\/Foto-Cadiz-2.jpg\",\"articleSection\":[\"Presentaciones\"],\"inLanguage\":\"pt-PT\"},{\"@type\":\"WebPage\",\"@id\":\"https:\\\/\\\/fundacioncajaruraldelsur.com\\\/exito-del-recital-lirico-del-teatro-real-en-la-plaza-de-espana-de-cadiz-con-la-colaboracion-de-la-fundacion-caja-rural-del-sur\\\/\",\"url\":\"https:\\\/\\\/fundacioncajaruraldelsur.com\\\/exito-del-recital-lirico-del-teatro-real-en-la-plaza-de-espana-de-cadiz-con-la-colaboracion-de-la-fundacion-caja-rural-del-sur\\\/\",\"name\":\"\u00c9xito del Recital L\u00edrico del Teatro Real en la Plaza de Espa\u00f1a de C\u00e1diz con la colaboraci\u00f3n de la Fundaci\u00f3n Caja Rural del Sur - Fundaci\u00f3n Caja Rural del Sur\",\"isPartOf\":{\"@id\":\"https:\\\/\\\/fundacioncajaruraldelsur.com\\\/#website\"},\"primaryImageOfPage\":{\"@id\":\"https:\\\/\\\/fundacioncajaruraldelsur.com\\\/exito-del-recital-lirico-del-teatro-real-en-la-plaza-de-espana-de-cadiz-con-la-colaboracion-de-la-fundacion-caja-rural-del-sur\\\/#primaryimage\"},\"image\":{\"@id\":\"https:\\\/\\\/fundacioncajaruraldelsur.com\\\/exito-del-recital-lirico-del-teatro-real-en-la-plaza-de-espana-de-cadiz-con-la-colaboracion-de-la-fundacion-caja-rural-del-sur\\\/#primaryimage\"},\"thumbnailUrl\":\"https:\\\/\\\/fundacioncajaruraldelsur.com\\\/wp-content\\\/uploads\\\/2025\\\/07\\\/Foto-Cadiz-2.jpg\",\"datePublished\":\"2025-07-08T10:04:31+00:00\",\"author\":{\"@id\":\"https:\\\/\\\/fundacioncajaruraldelsur.com\\\/#\\\/schema\\\/person\\\/f430da9fb783d505ff061ad8b3d44577\"},\"breadcrumb\":{\"@id\":\"https:\\\/\\\/fundacioncajaruraldelsur.com\\\/exito-del-recital-lirico-del-teatro-real-en-la-plaza-de-espana-de-cadiz-con-la-colaboracion-de-la-fundacion-caja-rural-del-sur\\\/#breadcrumb\"},\"inLanguage\":\"pt-PT\",\"potentialAction\":[{\"@type\":\"ReadAction\",\"target\":[\"https:\\\/\\\/fundacioncajaruraldelsur.com\\\/exito-del-recital-lirico-del-teatro-real-en-la-plaza-de-espana-de-cadiz-con-la-colaboracion-de-la-fundacion-caja-rural-del-sur\\\/\"]}]},{\"@type\":\"ImageObject\",\"inLanguage\":\"pt-PT\",\"@id\":\"https:\\\/\\\/fundacioncajaruraldelsur.com\\\/exito-del-recital-lirico-del-teatro-real-en-la-plaza-de-espana-de-cadiz-con-la-colaboracion-de-la-fundacion-caja-rural-del-sur\\\/#primaryimage\",\"url\":\"https:\\\/\\\/fundacioncajaruraldelsur.com\\\/wp-content\\\/uploads\\\/2025\\\/07\\\/Foto-Cadiz-2.jpg\",\"contentUrl\":\"https:\\\/\\\/fundacioncajaruraldelsur.com\\\/wp-content\\\/uploads\\\/2025\\\/07\\\/Foto-Cadiz-2.jpg\",\"width\":2048,\"height\":1152},{\"@type\":\"BreadcrumbList\",\"@id\":\"https:\\\/\\\/fundacioncajaruraldelsur.com\\\/exito-del-recital-lirico-del-teatro-real-en-la-plaza-de-espana-de-cadiz-con-la-colaboracion-de-la-fundacion-caja-rural-del-sur\\\/#breadcrumb\",\"itemListElement\":[{\"@type\":\"ListItem\",\"position\":1,\"name\":\"Portada\",\"item\":\"https:\\\/\\\/fundacioncajaruraldelsur.com\\\/\"},{\"@type\":\"ListItem\",\"position\":2,\"name\":\"\u00c9xito del Recital L\u00edrico del Teatro Real en la Plaza de Espa\u00f1a de C\u00e1diz con la colaboraci\u00f3n de la Fundaci\u00f3n Caja Rural del Sur\"}]},{\"@type\":\"WebSite\",\"@id\":\"https:\\\/\\\/fundacioncajaruraldelsur.com\\\/#website\",\"url\":\"https:\\\/\\\/fundacioncajaruraldelsur.com\\\/\",\"name\":\"Fundaci\u00f3n Caja Rural del Sur\",\"description\":\"\",\"potentialAction\":[{\"@type\":\"SearchAction\",\"target\":{\"@type\":\"EntryPoint\",\"urlTemplate\":\"https:\\\/\\\/fundacioncajaruraldelsur.com\\\/?s={search_term_string}\"},\"query-input\":{\"@type\":\"PropertyValueSpecification\",\"valueRequired\":true,\"valueName\":\"search_term_string\"}}],\"inLanguage\":\"pt-PT\"},{\"@type\":\"Person\",\"@id\":\"https:\\\/\\\/fundacioncajaruraldelsur.com\\\/#\\\/schema\\\/person\\\/f430da9fb783d505ff061ad8b3d44577\",\"name\":\"Comunicaci\u00f3n\",\"image\":{\"@type\":\"ImageObject\",\"inLanguage\":\"pt-PT\",\"@id\":\"https:\\\/\\\/secure.gravatar.com\\\/avatar\\\/0dca239875993680bac4603ad2de7942da018f52cc3a244578e0b3b09314a8d8?s=96&d=blank&r=g\",\"url\":\"https:\\\/\\\/secure.gravatar.com\\\/avatar\\\/0dca239875993680bac4603ad2de7942da018f52cc3a244578e0b3b09314a8d8?s=96&d=blank&r=g\",\"contentUrl\":\"https:\\\/\\\/secure.gravatar.com\\\/avatar\\\/0dca239875993680bac4603ad2de7942da018f52cc3a244578e0b3b09314a8d8?s=96&d=blank&r=g\",\"caption\":\"Comunicaci\u00f3n\"}}]}<\/script>\n<!-- \/ Yoast SEO plugin. -->","yoast_head_json":{"title":"\u00c9xito del Recital L\u00edrico del Teatro Real en la Plaza de Espa\u00f1a de C\u00e1diz con la colaboraci\u00f3n de la Fundaci\u00f3n Caja Rural del Sur - Fundaci\u00f3n Caja Rural del Sur","robots":{"index":"index","follow":"follow","max-snippet":"max-snippet:-1","max-image-preview":"max-image-preview:large","max-video-preview":"max-video-preview:-1"},"canonical":"https:\/\/fundacioncajaruraldelsur.com\/pt\/exito-del-recital-lirico-del-teatro-real-en-la-plaza-de-espana-de-cadiz-con-la-colaboracion-de-la-fundacion-caja-rural-del-sur\/","og_locale":"pt_PT","og_type":"article","og_title":"\u00c9xito del Recital L\u00edrico del Teatro Real en la Plaza de Espa\u00f1a de C\u00e1diz con la colaboraci\u00f3n de la Fundaci\u00f3n Caja Rural del Sur - Fundaci\u00f3n Caja Rural del Sur","og_description":"El pasado viernes 4 de julio, la Carroza del Teatro Real de Madrid regres\u00f3 a C\u00e1diz para ofrecer un espect\u00e1culo en su escenario itinerante, ubicado en la plaza de Espa\u00f1a, [&hellip;]","og_url":"https:\/\/fundacioncajaruraldelsur.com\/pt\/exito-del-recital-lirico-del-teatro-real-en-la-plaza-de-espana-de-cadiz-con-la-colaboracion-de-la-fundacion-caja-rural-del-sur\/","og_site_name":"Fundaci\u00f3n Caja Rural del Sur","article_published_time":"2025-07-08T10:04:31+00:00","og_image":[{"width":2048,"height":1152,"url":"https:\/\/fundacioncajaruraldelsur.com\/wp-content\/uploads\/2025\/07\/Foto-Cadiz-2.jpg","type":"image\/jpeg"}],"author":"Comunicaci\u00f3n","twitter_card":"summary_large_image","twitter_misc":{"Written by":"Comunicaci\u00f3n","Est. reading time":"1 minute"},"schema":{"@context":"https:\/\/schema.org","@graph":[{"@type":"Article","@id":"https:\/\/fundacioncajaruraldelsur.com\/exito-del-recital-lirico-del-teatro-real-en-la-plaza-de-espana-de-cadiz-con-la-colaboracion-de-la-fundacion-caja-rural-del-sur\/#article","isPartOf":{"@id":"https:\/\/fundacioncajaruraldelsur.com\/exito-del-recital-lirico-del-teatro-real-en-la-plaza-de-espana-de-cadiz-con-la-colaboracion-de-la-fundacion-caja-rural-del-sur\/"},"author":{"name":"Comunicaci\u00f3n","@id":"https:\/\/fundacioncajaruraldelsur.com\/#\/schema\/person\/f430da9fb783d505ff061ad8b3d44577"},"headline":"\u00c9xito del Recital L\u00edrico del Teatro Real en la Plaza de Espa\u00f1a de C\u00e1diz con la colaboraci\u00f3n de la Fundaci\u00f3n Caja Rural del Sur","datePublished":"2025-07-08T10:04:31+00:00","mainEntityOfPage":{"@id":"https:\/\/fundacioncajaruraldelsur.com\/exito-del-recital-lirico-del-teatro-real-en-la-plaza-de-espana-de-cadiz-con-la-colaboracion-de-la-fundacion-caja-rural-del-sur\/"},"wordCount":185,"image":{"@id":"https:\/\/fundacioncajaruraldelsur.com\/exito-del-recital-lirico-del-teatro-real-en-la-plaza-de-espana-de-cadiz-con-la-colaboracion-de-la-fundacion-caja-rural-del-sur\/#primaryimage"},"thumbnailUrl":"https:\/\/fundacioncajaruraldelsur.com\/wp-content\/uploads\/2025\/07\/Foto-Cadiz-2.jpg","articleSection":["Presentaciones"],"inLanguage":"pt-PT"},{"@type":"WebPage","@id":"https:\/\/fundacioncajaruraldelsur.com\/exito-del-recital-lirico-del-teatro-real-en-la-plaza-de-espana-de-cadiz-con-la-colaboracion-de-la-fundacion-caja-rural-del-sur\/","url":"https:\/\/fundacioncajaruraldelsur.com\/exito-del-recital-lirico-del-teatro-real-en-la-plaza-de-espana-de-cadiz-con-la-colaboracion-de-la-fundacion-caja-rural-del-sur\/","name":"\u00c9xito del Recital L\u00edrico del Teatro Real en la Plaza de Espa\u00f1a de C\u00e1diz con la colaboraci\u00f3n de la Fundaci\u00f3n Caja Rural del Sur - Fundaci\u00f3n Caja Rural del Sur","isPartOf":{"@id":"https:\/\/fundacioncajaruraldelsur.com\/#website"},"primaryImageOfPage":{"@id":"https:\/\/fundacioncajaruraldelsur.com\/exito-del-recital-lirico-del-teatro-real-en-la-plaza-de-espana-de-cadiz-con-la-colaboracion-de-la-fundacion-caja-rural-del-sur\/#primaryimage"},"image":{"@id":"https:\/\/fundacioncajaruraldelsur.com\/exito-del-recital-lirico-del-teatro-real-en-la-plaza-de-espana-de-cadiz-con-la-colaboracion-de-la-fundacion-caja-rural-del-sur\/#primaryimage"},"thumbnailUrl":"https:\/\/fundacioncajaruraldelsur.com\/wp-content\/uploads\/2025\/07\/Foto-Cadiz-2.jpg","datePublished":"2025-07-08T10:04:31+00:00","author":{"@id":"https:\/\/fundacioncajaruraldelsur.com\/#\/schema\/person\/f430da9fb783d505ff061ad8b3d44577"},"breadcrumb":{"@id":"https:\/\/fundacioncajaruraldelsur.com\/exito-del-recital-lirico-del-teatro-real-en-la-plaza-de-espana-de-cadiz-con-la-colaboracion-de-la-fundacion-caja-rural-del-sur\/#breadcrumb"},"inLanguage":"pt-PT","potentialAction":[{"@type":"ReadAction","target":["https:\/\/fundacioncajaruraldelsur.com\/exito-del-recital-lirico-del-teatro-real-en-la-plaza-de-espana-de-cadiz-con-la-colaboracion-de-la-fundacion-caja-rural-del-sur\/"]}]},{"@type":"ImageObject","inLanguage":"pt-PT","@id":"https:\/\/fundacioncajaruraldelsur.com\/exito-del-recital-lirico-del-teatro-real-en-la-plaza-de-espana-de-cadiz-con-la-colaboracion-de-la-fundacion-caja-rural-del-sur\/#primaryimage","url":"https:\/\/fundacioncajaruraldelsur.com\/wp-content\/uploads\/2025\/07\/Foto-Cadiz-2.jpg","contentUrl":"https:\/\/fundacioncajaruraldelsur.com\/wp-content\/uploads\/2025\/07\/Foto-Cadiz-2.jpg","width":2048,"height":1152},{"@type":"BreadcrumbList","@id":"https:\/\/fundacioncajaruraldelsur.com\/exito-del-recital-lirico-del-teatro-real-en-la-plaza-de-espana-de-cadiz-con-la-colaboracion-de-la-fundacion-caja-rural-del-sur\/#breadcrumb","itemListElement":[{"@type":"ListItem","position":1,"name":"Portada","item":"https:\/\/fundacioncajaruraldelsur.com\/"},{"@type":"ListItem","position":2,"name":"\u00c9xito del Recital L\u00edrico del Teatro Real en la Plaza de Espa\u00f1a de C\u00e1diz con la colaboraci\u00f3n de la Fundaci\u00f3n Caja Rural del Sur"}]},{"@type":"WebSite","@id":"https:\/\/fundacioncajaruraldelsur.com\/#website","url":"https:\/\/fundacioncajaruraldelsur.com\/","name":"Funda\u00e7\u00e3o Caja Rural del Sur","description":"","potentialAction":[{"@type":"SearchAction","target":{"@type":"EntryPoint","urlTemplate":"https:\/\/fundacioncajaruraldelsur.com\/?s={search_term_string}"},"query-input":{"@type":"PropertyValueSpecification","valueRequired":true,"valueName":"search_term_string"}}],"inLanguage":"pt-PT"},{"@type":"Person","@id":"https:\/\/fundacioncajaruraldelsur.com\/#\/schema\/person\/f430da9fb783d505ff061ad8b3d44577","name":"Comunicaci\u00f3n","image":{"@type":"ImageObject","inLanguage":"pt-PT","@id":"https:\/\/secure.gravatar.com\/avatar\/0dca239875993680bac4603ad2de7942da018f52cc3a244578e0b3b09314a8d8?s=96&d=blank&r=g","url":"https:\/\/secure.gravatar.com\/avatar\/0dca239875993680bac4603ad2de7942da018f52cc3a244578e0b3b09314a8d8?s=96&d=blank&r=g","contentUrl":"https:\/\/secure.gravatar.com\/avatar\/0dca239875993680bac4603ad2de7942da018f52cc3a244578e0b3b09314a8d8?s=96&d=blank&r=g","caption":"Comunicaci\u00f3n"}}]}},"rttpg_featured_image_url":{"full":["https:\/\/fundacioncajaruraldelsur.com\/wp-content\/uploads\/2025\/07\/Foto-Cadiz-2.jpg",2048,1152,false],"landscape":["https:\/\/fundacioncajaruraldelsur.com\/wp-content\/uploads\/2025\/07\/Foto-Cadiz-2.jpg",2048,1152,false],"portraits":["https:\/\/fundacioncajaruraldelsur.com\/wp-content\/uploads\/2025\/07\/Foto-Cadiz-2.jpg",2048,1152,false],"thumbnail":["https:\/\/fundacioncajaruraldelsur.com\/wp-content\/uploads\/2025\/07\/Foto-Cadiz-2-150x150.jpg",150,150,true],"medium":["https:\/\/fundacioncajaruraldelsur.com\/wp-content\/uploads\/2025\/07\/Foto-Cadiz-2-300x169.jpg",300,169,true],"large":["https:\/\/fundacioncajaruraldelsur.com\/wp-content\/uploads\/2025\/07\/Foto-Cadiz-2-1024x576.jpg",960,540,true],"1536x1536":["https:\/\/fundacioncajaruraldelsur.com\/wp-content\/uploads\/2025\/07\/Foto-Cadiz-2-1536x864.jpg",1536,864,true],"2048x2048":["https:\/\/fundacioncajaruraldelsur.com\/wp-content\/uploads\/2025\/07\/Foto-Cadiz-2.jpg",2048,1152,false],"trp-custom-language-flag":["https:\/\/fundacioncajaruraldelsur.com\/wp-content\/uploads\/2025\/07\/Foto-Cadiz-2.jpg",18,10,false],"blog-thumbnail":["https:\/\/fundacioncajaruraldelsur.com\/wp-content\/uploads\/2025\/07\/Foto-Cadiz-2-400x200.jpg",400,200,true]},"rttpg_author":{"display_name":"Comunicaci\u00f3n","author_link":"https:\/\/fundacioncajaruraldelsur.com\/pt\/author\/sevillaadmin\/"},"rttpg_comment":0,"rttpg_category":"<a href=\"https:\/\/fundacioncajaruraldelsur.com\/pt\/category\/presentaciones\/\" rel=\"category tag\">Presentaciones<\/a>","rttpg_excerpt":"El pasado viernes 4 de julio, la Carroza del Teatro Real de Madrid regres\u00f3 a C\u00e1diz para ofrecer un espect\u00e1culo en su escenario itinerante, ubicado en la plaza de Espa\u00f1a, [&hellip;]","_links":{"self":[{"href":"https:\/\/fundacioncajaruraldelsur.com\/pt\/wp-json\/wp\/v2\/posts\/11352","targetHints":{"allow":["GET"]}}],"collection":[{"href":"https:\/\/fundacioncajaruraldelsur.com\/pt\/wp-json\/wp\/v2\/posts"}],"about":[{"href":"https:\/\/fundacioncajaruraldelsur.com\/pt\/wp-json\/wp\/v2\/types\/post"}],"author":[{"embeddable":true,"href":"https:\/\/fundacioncajaruraldelsur.com\/pt\/wp-json\/wp\/v2\/users\/6"}],"replies":[{"embeddable":true,"href":"https:\/\/fundacioncajaruraldelsur.com\/pt\/wp-json\/wp\/v2\/comments?post=11352"}],"version-history":[{"count":1,"href":"https:\/\/fundacioncajaruraldelsur.com\/pt\/wp-json\/wp\/v2\/posts\/11352\/revisions"}],"predecessor-version":[{"id":11354,"href":"https:\/\/fundacioncajaruraldelsur.com\/pt\/wp-json\/wp\/v2\/posts\/11352\/revisions\/11354"}],"wp:featuredmedia":[{"embeddable":true,"href":"https:\/\/fundacioncajaruraldelsur.com\/pt\/wp-json\/wp\/v2\/media\/11353"}],"wp:attachment":[{"href":"https:\/\/fundacioncajaruraldelsur.com\/pt\/wp-json\/wp\/v2\/media?parent=11352"}],"wp:term":[{"taxonomy":"category","embeddable":true,"href":"https:\/\/fundacioncajaruraldelsur.com\/pt\/wp-json\/wp\/v2\/categories?post=11352"},{"taxonomy":"post_tag","embeddable":true,"href":"https:\/\/fundacioncajaruraldelsur.com\/pt\/wp-json\/wp\/v2\/tags?post=11352"}],"curies":[{"name":"wp","href":"https:\/\/api.w.org\/{rel}","templated":true}]}}