{"id":11298,"date":"2025-06-20T08:02:04","date_gmt":"2025-06-20T07:02:04","guid":{"rendered":"https:\/\/fundacioncajaruraldelsur.com\/?p=11298"},"modified":"2025-06-20T08:02:04","modified_gmt":"2025-06-20T07:02:04","slug":"presentacion-del-libro-40-anos-de-toros-en-la-merced-de-vicente-parra","status":"publish","type":"post","link":"https:\/\/fundacioncajaruraldelsur.com\/pt\/presentacion-del-libro-40-anos-de-toros-en-la-merced-de-vicente-parra\/","title":{"rendered":"Presentaci\u00f3n del libro &#8217;40 a\u00f1os de toros en La Merced&#8217; de Vicente Parra"},"content":{"rendered":"<p>Todo lo acontecido en la plaza de toros de La Merced en la \u00faltima d\u00e9cada (desde la campa\u00f1a de 2015 hasta la pasada de 2024)\u00a0<strong>ha sido recogido en la obra \u201840 a\u00f1os de toros en La Merced\u2019 por el periodista onubense y colaborador taurino de Viva Huelva Vicente Parra Rold\u00e1n\u00a0<\/strong>en un libro que ha sido editado por la Fundaci\u00f3n Caja Rural del Sur.<\/p>\n<p>El libro se inicia con la c<strong>arteler\u00eda de los 47 espect\u00e1culos celebrados en ese periodo<\/strong>, seguidos de una rese\u00f1a de todos ellos agrupados por temporada y que se acompa\u00f1a con unos datos estad\u00edsticos y la relaci\u00f3n de trofeos concedidos a los triunfadores de las Fiestas Colombinas.<\/p>\n<p>Tambi\u00e9n recoge\u00a0<strong>todas las actuaciones de cuantos han intervenido en los m\u00e1s de 270 festejos celebrados en el coso desde su reinauguraci\u00f3n con una relaci\u00f3n de sus actuaciones y premios conseguidos.<\/strong>\u00a0En el libro figuran tablas con las actuaciones de matadores, rejoneadores, novillos con y sin caballos, participantes en clases pr\u00e1cticas, en el espect\u00e1culo c\u00f3mico taurino y en de los recortadores. E, igualmente, se hace con los ganaderos que han lidiado reses en el coso onubense. Tambi\u00e9n hay una relaci\u00f3n de los distintos espect\u00e1culos taurinos ofrecidos en el coso mercedario desde 1984. Hay un espacio especial para los toreros y ganaderos comprovincianos que han intervenido en festejos en la plaza capitalina, complet\u00e1ndose con otra serie de datos ( como empresas que han regido el coso, pregoneros taurinos de las Fiestas Colombinos, reses galardonadas, etc.) y cerr\u00e1ndose con 48 p\u00e1ginas de fotograf\u00edas en las que se recogen numerosos momentos vividos durante los festejos.<\/p>\n<p>El acto, al que asistieron numerosos aficionados taurinos, cont\u00f3 con las intervenciones de Mar\u00eda Luisa Garc\u00eda Palacios, responsable de publicaciones de la Fundaci\u00f3n Caja Rural del Sur; de Esteban Fern\u00e1ndez Fern\u00e1ndez, prologuista del libro y que hizo la presentaci\u00f3n del mismo as\u00ed como el autor Vicente Parra Rold\u00e1n,\u00a0 que\u00a0<strong>este a\u00f1o cumple sus bodas de oro como informador taurino de las Fiestas Colombinas,\u00a0<\/strong>lo que le permite tener un amplio conocimiento de la actividad taurina onubense, como queda acreditada con este libro \u201c40 a\u00f1os de toros en La Merced\u201d, que\u00a0<strong>viene a ampliar lo recogido en \u201c30 a\u00f1os de toros en La Merced\u201d<\/strong>\u00a0en el que se relacionan todos los festejos de las tres primeras d\u00e9cadas de actividad en la remozada plaza de toros. Con estos dos libros de Vicente Parra Rold\u00e1n puede conocerse exhaustivamente el devenir de los \u00faltimos cuarenta a\u00f1os de toros en nuestra ciudad y son obras de consultas para todos los aficionados y curiosos que quieran conocer la historia de la plaza de La Merced.<\/p>\n<p><strong>V\u00eda<\/strong> <a href=\"https:\/\/andaluciainformacion.es\/huelva\/1904895\/un-nuevo-libro-recorre-40-anos-de-toros-en-la-merced\/\">https:\/\/andaluciainformacion.es\/huelva\/1904895\/un-nuevo-libro-recorre-40-anos-de-toros-en-la-merced\/<\/a><\/p>\n<p>&nbsp;<\/p>","protected":false},"excerpt":{"rendered":"<p>Todo lo acontecido en la plaza de toros de La Merced en la \u00faltima d\u00e9cada (desde la campa\u00f1a de 2015 hasta la pasada de 2024)\u00a0ha sido recogido en la obra [&hellip;]<\/p>\n","protected":false},"author":6,"featured_media":11299,"comment_status":"closed","ping_status":"closed","sticky":false,"template":"","format":"standard","meta":{"footnotes":""},"categories":[66],"tags":[],"class_list":["post-11298","post","type-post","status-publish","format-standard","has-post-thumbnail","hentry","category-actos"],"yoast_head":"<!-- This site is optimized with the Yoast SEO plugin v27.3 - https:\/\/yoast.com\/product\/yoast-seo-wordpress\/ -->\n<title>Presentaci\u00f3n del libro &#039;40 a\u00f1os de toros en La Merced&#039; de Vicente Parra - Fundaci\u00f3n Caja Rural del Sur<\/title>\n<meta name=\"robots\" content=\"index, follow, max-snippet:-1, max-image-preview:large, max-video-preview:-1\" \/>\n<link rel=\"canonical\" href=\"https:\/\/fundacioncajaruraldelsur.com\/pt\/presentacion-del-libro-40-anos-de-toros-en-la-merced-de-vicente-parra\/\" \/>\n<meta property=\"og:locale\" content=\"pt_PT\" \/>\n<meta property=\"og:type\" content=\"article\" \/>\n<meta property=\"og:title\" content=\"Presentaci\u00f3n del libro &#039;40 a\u00f1os de toros en La Merced&#039; de Vicente Parra - Fundaci\u00f3n Caja Rural del Sur\" \/>\n<meta property=\"og:description\" content=\"Todo lo acontecido en la plaza de toros de La Merced en la \u00faltima d\u00e9cada (desde la campa\u00f1a de 2015 hasta la pasada de 2024)\u00a0ha sido recogido en la obra [&hellip;]\" \/>\n<meta property=\"og:url\" content=\"https:\/\/fundacioncajaruraldelsur.com\/pt\/presentacion-del-libro-40-anos-de-toros-en-la-merced-de-vicente-parra\/\" \/>\n<meta property=\"og:site_name\" content=\"Fundaci\u00f3n Caja Rural del Sur\" \/>\n<meta property=\"article:published_time\" content=\"2025-06-20T07:02:04+00:00\" \/>\n<meta property=\"og:image\" content=\"https:\/\/fundacioncajaruraldelsur.com\/wp-content\/uploads\/2025\/06\/Captura-de-pantalla-2025-06-20-085921.png\" \/>\n\t<meta property=\"og:image:width\" content=\"754\" \/>\n\t<meta property=\"og:image:height\" content=\"394\" \/>\n\t<meta property=\"og:image:type\" content=\"image\/png\" \/>\n<meta name=\"author\" content=\"Comunicaci\u00f3n\" \/>\n<meta name=\"twitter:card\" content=\"summary_large_image\" \/>\n<meta name=\"twitter:label1\" content=\"Written by\" \/>\n\t<meta name=\"twitter:data1\" content=\"Comunicaci\u00f3n\" \/>\n\t<meta name=\"twitter:label2\" content=\"Est. reading time\" \/>\n\t<meta name=\"twitter:data2\" content=\"3 minutes\" \/>\n<script type=\"application\/ld+json\" class=\"yoast-schema-graph\">{\"@context\":\"https:\\\/\\\/schema.org\",\"@graph\":[{\"@type\":\"Article\",\"@id\":\"https:\\\/\\\/fundacioncajaruraldelsur.com\\\/presentacion-del-libro-40-anos-de-toros-en-la-merced-de-vicente-parra\\\/#article\",\"isPartOf\":{\"@id\":\"https:\\\/\\\/fundacioncajaruraldelsur.com\\\/presentacion-del-libro-40-anos-de-toros-en-la-merced-de-vicente-parra\\\/\"},\"author\":{\"name\":\"Comunicaci\u00f3n\",\"@id\":\"https:\\\/\\\/fundacioncajaruraldelsur.com\\\/#\\\/schema\\\/person\\\/f430da9fb783d505ff061ad8b3d44577\"},\"headline\":\"Presentaci\u00f3n del libro &#8217;40 a\u00f1os de toros en La Merced&#8217; de Vicente Parra\",\"datePublished\":\"2025-06-20T07:02:04+00:00\",\"mainEntityOfPage\":{\"@id\":\"https:\\\/\\\/fundacioncajaruraldelsur.com\\\/presentacion-del-libro-40-anos-de-toros-en-la-merced-de-vicente-parra\\\/\"},\"wordCount\":483,\"image\":{\"@id\":\"https:\\\/\\\/fundacioncajaruraldelsur.com\\\/presentacion-del-libro-40-anos-de-toros-en-la-merced-de-vicente-parra\\\/#primaryimage\"},\"thumbnailUrl\":\"https:\\\/\\\/fundacioncajaruraldelsur.com\\\/wp-content\\\/uploads\\\/2025\\\/06\\\/Captura-de-pantalla-2025-06-20-085921.png\",\"articleSection\":[\"Actos\"],\"inLanguage\":\"pt-PT\"},{\"@type\":\"WebPage\",\"@id\":\"https:\\\/\\\/fundacioncajaruraldelsur.com\\\/presentacion-del-libro-40-anos-de-toros-en-la-merced-de-vicente-parra\\\/\",\"url\":\"https:\\\/\\\/fundacioncajaruraldelsur.com\\\/presentacion-del-libro-40-anos-de-toros-en-la-merced-de-vicente-parra\\\/\",\"name\":\"Presentaci\u00f3n del libro '40 a\u00f1os de toros en La Merced' de Vicente Parra - Fundaci\u00f3n Caja Rural del Sur\",\"isPartOf\":{\"@id\":\"https:\\\/\\\/fundacioncajaruraldelsur.com\\\/#website\"},\"primaryImageOfPage\":{\"@id\":\"https:\\\/\\\/fundacioncajaruraldelsur.com\\\/presentacion-del-libro-40-anos-de-toros-en-la-merced-de-vicente-parra\\\/#primaryimage\"},\"image\":{\"@id\":\"https:\\\/\\\/fundacioncajaruraldelsur.com\\\/presentacion-del-libro-40-anos-de-toros-en-la-merced-de-vicente-parra\\\/#primaryimage\"},\"thumbnailUrl\":\"https:\\\/\\\/fundacioncajaruraldelsur.com\\\/wp-content\\\/uploads\\\/2025\\\/06\\\/Captura-de-pantalla-2025-06-20-085921.png\",\"datePublished\":\"2025-06-20T07:02:04+00:00\",\"author\":{\"@id\":\"https:\\\/\\\/fundacioncajaruraldelsur.com\\\/#\\\/schema\\\/person\\\/f430da9fb783d505ff061ad8b3d44577\"},\"breadcrumb\":{\"@id\":\"https:\\\/\\\/fundacioncajaruraldelsur.com\\\/presentacion-del-libro-40-anos-de-toros-en-la-merced-de-vicente-parra\\\/#breadcrumb\"},\"inLanguage\":\"pt-PT\",\"potentialAction\":[{\"@type\":\"ReadAction\",\"target\":[\"https:\\\/\\\/fundacioncajaruraldelsur.com\\\/presentacion-del-libro-40-anos-de-toros-en-la-merced-de-vicente-parra\\\/\"]}]},{\"@type\":\"ImageObject\",\"inLanguage\":\"pt-PT\",\"@id\":\"https:\\\/\\\/fundacioncajaruraldelsur.com\\\/presentacion-del-libro-40-anos-de-toros-en-la-merced-de-vicente-parra\\\/#primaryimage\",\"url\":\"https:\\\/\\\/fundacioncajaruraldelsur.com\\\/wp-content\\\/uploads\\\/2025\\\/06\\\/Captura-de-pantalla-2025-06-20-085921.png\",\"contentUrl\":\"https:\\\/\\\/fundacioncajaruraldelsur.com\\\/wp-content\\\/uploads\\\/2025\\\/06\\\/Captura-de-pantalla-2025-06-20-085921.png\",\"width\":754,\"height\":394},{\"@type\":\"BreadcrumbList\",\"@id\":\"https:\\\/\\\/fundacioncajaruraldelsur.com\\\/presentacion-del-libro-40-anos-de-toros-en-la-merced-de-vicente-parra\\\/#breadcrumb\",\"itemListElement\":[{\"@type\":\"ListItem\",\"position\":1,\"name\":\"Portada\",\"item\":\"https:\\\/\\\/fundacioncajaruraldelsur.com\\\/\"},{\"@type\":\"ListItem\",\"position\":2,\"name\":\"Presentaci\u00f3n del libro &#8217;40 a\u00f1os de toros en La Merced&#8217; de Vicente Parra\"}]},{\"@type\":\"WebSite\",\"@id\":\"https:\\\/\\\/fundacioncajaruraldelsur.com\\\/#website\",\"url\":\"https:\\\/\\\/fundacioncajaruraldelsur.com\\\/\",\"name\":\"Fundaci\u00f3n Caja Rural del Sur\",\"description\":\"\",\"potentialAction\":[{\"@type\":\"SearchAction\",\"target\":{\"@type\":\"EntryPoint\",\"urlTemplate\":\"https:\\\/\\\/fundacioncajaruraldelsur.com\\\/?s={search_term_string}\"},\"query-input\":{\"@type\":\"PropertyValueSpecification\",\"valueRequired\":true,\"valueName\":\"search_term_string\"}}],\"inLanguage\":\"pt-PT\"},{\"@type\":\"Person\",\"@id\":\"https:\\\/\\\/fundacioncajaruraldelsur.com\\\/#\\\/schema\\\/person\\\/f430da9fb783d505ff061ad8b3d44577\",\"name\":\"Comunicaci\u00f3n\",\"image\":{\"@type\":\"ImageObject\",\"inLanguage\":\"pt-PT\",\"@id\":\"https:\\\/\\\/secure.gravatar.com\\\/avatar\\\/0dca239875993680bac4603ad2de7942da018f52cc3a244578e0b3b09314a8d8?s=96&d=blank&r=g\",\"url\":\"https:\\\/\\\/secure.gravatar.com\\\/avatar\\\/0dca239875993680bac4603ad2de7942da018f52cc3a244578e0b3b09314a8d8?s=96&d=blank&r=g\",\"contentUrl\":\"https:\\\/\\\/secure.gravatar.com\\\/avatar\\\/0dca239875993680bac4603ad2de7942da018f52cc3a244578e0b3b09314a8d8?s=96&d=blank&r=g\",\"caption\":\"Comunicaci\u00f3n\"}}]}<\/script>\n<!-- \/ Yoast SEO plugin. -->","yoast_head_json":{"title":"Presentaci\u00f3n del libro '40 a\u00f1os de toros en La Merced' de Vicente Parra - Fundaci\u00f3n Caja Rural del Sur","robots":{"index":"index","follow":"follow","max-snippet":"max-snippet:-1","max-image-preview":"max-image-preview:large","max-video-preview":"max-video-preview:-1"},"canonical":"https:\/\/fundacioncajaruraldelsur.com\/pt\/presentacion-del-libro-40-anos-de-toros-en-la-merced-de-vicente-parra\/","og_locale":"pt_PT","og_type":"article","og_title":"Presentaci\u00f3n del libro '40 a\u00f1os de toros en La Merced' de Vicente Parra - Fundaci\u00f3n Caja Rural del Sur","og_description":"Todo lo acontecido en la plaza de toros de La Merced en la \u00faltima d\u00e9cada (desde la campa\u00f1a de 2015 hasta la pasada de 2024)\u00a0ha sido recogido en la obra [&hellip;]","og_url":"https:\/\/fundacioncajaruraldelsur.com\/pt\/presentacion-del-libro-40-anos-de-toros-en-la-merced-de-vicente-parra\/","og_site_name":"Fundaci\u00f3n Caja Rural del Sur","article_published_time":"2025-06-20T07:02:04+00:00","og_image":[{"width":754,"height":394,"url":"https:\/\/fundacioncajaruraldelsur.com\/wp-content\/uploads\/2025\/06\/Captura-de-pantalla-2025-06-20-085921.png","type":"image\/png"}],"author":"Comunicaci\u00f3n","twitter_card":"summary_large_image","twitter_misc":{"Written by":"Comunicaci\u00f3n","Est. reading time":"3 minutes"},"schema":{"@context":"https:\/\/schema.org","@graph":[{"@type":"Article","@id":"https:\/\/fundacioncajaruraldelsur.com\/presentacion-del-libro-40-anos-de-toros-en-la-merced-de-vicente-parra\/#article","isPartOf":{"@id":"https:\/\/fundacioncajaruraldelsur.com\/presentacion-del-libro-40-anos-de-toros-en-la-merced-de-vicente-parra\/"},"author":{"name":"Comunicaci\u00f3n","@id":"https:\/\/fundacioncajaruraldelsur.com\/#\/schema\/person\/f430da9fb783d505ff061ad8b3d44577"},"headline":"Presentaci\u00f3n del libro &#8217;40 a\u00f1os de toros en La Merced&#8217; de Vicente Parra","datePublished":"2025-06-20T07:02:04+00:00","mainEntityOfPage":{"@id":"https:\/\/fundacioncajaruraldelsur.com\/presentacion-del-libro-40-anos-de-toros-en-la-merced-de-vicente-parra\/"},"wordCount":483,"image":{"@id":"https:\/\/fundacioncajaruraldelsur.com\/presentacion-del-libro-40-anos-de-toros-en-la-merced-de-vicente-parra\/#primaryimage"},"thumbnailUrl":"https:\/\/fundacioncajaruraldelsur.com\/wp-content\/uploads\/2025\/06\/Captura-de-pantalla-2025-06-20-085921.png","articleSection":["Actos"],"inLanguage":"pt-PT"},{"@type":"WebPage","@id":"https:\/\/fundacioncajaruraldelsur.com\/presentacion-del-libro-40-anos-de-toros-en-la-merced-de-vicente-parra\/","url":"https:\/\/fundacioncajaruraldelsur.com\/presentacion-del-libro-40-anos-de-toros-en-la-merced-de-vicente-parra\/","name":"Presentaci\u00f3n del libro '40 a\u00f1os de toros en La Merced' de Vicente Parra - Fundaci\u00f3n Caja Rural del Sur","isPartOf":{"@id":"https:\/\/fundacioncajaruraldelsur.com\/#website"},"primaryImageOfPage":{"@id":"https:\/\/fundacioncajaruraldelsur.com\/presentacion-del-libro-40-anos-de-toros-en-la-merced-de-vicente-parra\/#primaryimage"},"image":{"@id":"https:\/\/fundacioncajaruraldelsur.com\/presentacion-del-libro-40-anos-de-toros-en-la-merced-de-vicente-parra\/#primaryimage"},"thumbnailUrl":"https:\/\/fundacioncajaruraldelsur.com\/wp-content\/uploads\/2025\/06\/Captura-de-pantalla-2025-06-20-085921.png","datePublished":"2025-06-20T07:02:04+00:00","author":{"@id":"https:\/\/fundacioncajaruraldelsur.com\/#\/schema\/person\/f430da9fb783d505ff061ad8b3d44577"},"breadcrumb":{"@id":"https:\/\/fundacioncajaruraldelsur.com\/presentacion-del-libro-40-anos-de-toros-en-la-merced-de-vicente-parra\/#breadcrumb"},"inLanguage":"pt-PT","potentialAction":[{"@type":"ReadAction","target":["https:\/\/fundacioncajaruraldelsur.com\/presentacion-del-libro-40-anos-de-toros-en-la-merced-de-vicente-parra\/"]}]},{"@type":"ImageObject","inLanguage":"pt-PT","@id":"https:\/\/fundacioncajaruraldelsur.com\/presentacion-del-libro-40-anos-de-toros-en-la-merced-de-vicente-parra\/#primaryimage","url":"https:\/\/fundacioncajaruraldelsur.com\/wp-content\/uploads\/2025\/06\/Captura-de-pantalla-2025-06-20-085921.png","contentUrl":"https:\/\/fundacioncajaruraldelsur.com\/wp-content\/uploads\/2025\/06\/Captura-de-pantalla-2025-06-20-085921.png","width":754,"height":394},{"@type":"BreadcrumbList","@id":"https:\/\/fundacioncajaruraldelsur.com\/presentacion-del-libro-40-anos-de-toros-en-la-merced-de-vicente-parra\/#breadcrumb","itemListElement":[{"@type":"ListItem","position":1,"name":"Portada","item":"https:\/\/fundacioncajaruraldelsur.com\/"},{"@type":"ListItem","position":2,"name":"Presentaci\u00f3n del libro &#8217;40 a\u00f1os de toros en La Merced&#8217; de Vicente Parra"}]},{"@type":"WebSite","@id":"https:\/\/fundacioncajaruraldelsur.com\/#website","url":"https:\/\/fundacioncajaruraldelsur.com\/","name":"Funda\u00e7\u00e3o Caja Rural del Sur","description":"","potentialAction":[{"@type":"SearchAction","target":{"@type":"EntryPoint","urlTemplate":"https:\/\/fundacioncajaruraldelsur.com\/?s={search_term_string}"},"query-input":{"@type":"PropertyValueSpecification","valueRequired":true,"valueName":"search_term_string"}}],"inLanguage":"pt-PT"},{"@type":"Person","@id":"https:\/\/fundacioncajaruraldelsur.com\/#\/schema\/person\/f430da9fb783d505ff061ad8b3d44577","name":"Comunicaci\u00f3n","image":{"@type":"ImageObject","inLanguage":"pt-PT","@id":"https:\/\/secure.gravatar.com\/avatar\/0dca239875993680bac4603ad2de7942da018f52cc3a244578e0b3b09314a8d8?s=96&d=blank&r=g","url":"https:\/\/secure.gravatar.com\/avatar\/0dca239875993680bac4603ad2de7942da018f52cc3a244578e0b3b09314a8d8?s=96&d=blank&r=g","contentUrl":"https:\/\/secure.gravatar.com\/avatar\/0dca239875993680bac4603ad2de7942da018f52cc3a244578e0b3b09314a8d8?s=96&d=blank&r=g","caption":"Comunicaci\u00f3n"}}]}},"rttpg_featured_image_url":{"full":["https:\/\/fundacioncajaruraldelsur.com\/wp-content\/uploads\/2025\/06\/Captura-de-pantalla-2025-06-20-085921.png",754,394,false],"landscape":["https:\/\/fundacioncajaruraldelsur.com\/wp-content\/uploads\/2025\/06\/Captura-de-pantalla-2025-06-20-085921.png",754,394,false],"portraits":["https:\/\/fundacioncajaruraldelsur.com\/wp-content\/uploads\/2025\/06\/Captura-de-pantalla-2025-06-20-085921.png",754,394,false],"thumbnail":["https:\/\/fundacioncajaruraldelsur.com\/wp-content\/uploads\/2025\/06\/Captura-de-pantalla-2025-06-20-085921-150x150.png",150,150,true],"medium":["https:\/\/fundacioncajaruraldelsur.com\/wp-content\/uploads\/2025\/06\/Captura-de-pantalla-2025-06-20-085921-300x157.png",300,157,true],"large":["https:\/\/fundacioncajaruraldelsur.com\/wp-content\/uploads\/2025\/06\/Captura-de-pantalla-2025-06-20-085921.png",754,394,false],"1536x1536":["https:\/\/fundacioncajaruraldelsur.com\/wp-content\/uploads\/2025\/06\/Captura-de-pantalla-2025-06-20-085921.png",754,394,false],"2048x2048":["https:\/\/fundacioncajaruraldelsur.com\/wp-content\/uploads\/2025\/06\/Captura-de-pantalla-2025-06-20-085921.png",754,394,false],"trp-custom-language-flag":["https:\/\/fundacioncajaruraldelsur.com\/wp-content\/uploads\/2025\/06\/Captura-de-pantalla-2025-06-20-085921.png",18,9,false],"blog-thumbnail":["https:\/\/fundacioncajaruraldelsur.com\/wp-content\/uploads\/2025\/06\/Captura-de-pantalla-2025-06-20-085921-400x200.png",400,200,true]},"rttpg_author":{"display_name":"Comunicaci\u00f3n","author_link":"https:\/\/fundacioncajaruraldelsur.com\/pt\/author\/sevillaadmin\/"},"rttpg_comment":0,"rttpg_category":"<a href=\"https:\/\/fundacioncajaruraldelsur.com\/pt\/category\/actos\/\" rel=\"category tag\">Actos<\/a>","rttpg_excerpt":"Todo lo acontecido en la plaza de toros de La Merced en la \u00faltima d\u00e9cada (desde la campa\u00f1a de 2015 hasta la pasada de 2024)\u00a0ha sido recogido en la obra [&hellip;]","_links":{"self":[{"href":"https:\/\/fundacioncajaruraldelsur.com\/pt\/wp-json\/wp\/v2\/posts\/11298","targetHints":{"allow":["GET"]}}],"collection":[{"href":"https:\/\/fundacioncajaruraldelsur.com\/pt\/wp-json\/wp\/v2\/posts"}],"about":[{"href":"https:\/\/fundacioncajaruraldelsur.com\/pt\/wp-json\/wp\/v2\/types\/post"}],"author":[{"embeddable":true,"href":"https:\/\/fundacioncajaruraldelsur.com\/pt\/wp-json\/wp\/v2\/users\/6"}],"replies":[{"embeddable":true,"href":"https:\/\/fundacioncajaruraldelsur.com\/pt\/wp-json\/wp\/v2\/comments?post=11298"}],"version-history":[{"count":1,"href":"https:\/\/fundacioncajaruraldelsur.com\/pt\/wp-json\/wp\/v2\/posts\/11298\/revisions"}],"predecessor-version":[{"id":11300,"href":"https:\/\/fundacioncajaruraldelsur.com\/pt\/wp-json\/wp\/v2\/posts\/11298\/revisions\/11300"}],"wp:featuredmedia":[{"embeddable":true,"href":"https:\/\/fundacioncajaruraldelsur.com\/pt\/wp-json\/wp\/v2\/media\/11299"}],"wp:attachment":[{"href":"https:\/\/fundacioncajaruraldelsur.com\/pt\/wp-json\/wp\/v2\/media?parent=11298"}],"wp:term":[{"taxonomy":"category","embeddable":true,"href":"https:\/\/fundacioncajaruraldelsur.com\/pt\/wp-json\/wp\/v2\/categories?post=11298"},{"taxonomy":"post_tag","embeddable":true,"href":"https:\/\/fundacioncajaruraldelsur.com\/pt\/wp-json\/wp\/v2\/tags?post=11298"}],"curies":[{"name":"wp","href":"https:\/\/api.w.org\/{rel}","templated":true}]}}