{"id":11281,"date":"2025-06-11T15:30:56","date_gmt":"2025-06-11T14:30:56","guid":{"rendered":"https:\/\/fundacioncajaruraldelsur.com\/?p=11281"},"modified":"2025-06-11T15:30:56","modified_gmt":"2025-06-11T14:30:56","slug":"presentacion-del-x-congreso-internacional-de-frutos-rojos-patrocinado-por-la-fundacion-caja-rural-del-sur","status":"publish","type":"post","link":"https:\/\/fundacioncajaruraldelsur.com\/pt\/presentacion-del-x-congreso-internacional-de-frutos-rojos-patrocinado-por-la-fundacion-caja-rural-del-sur\/","title":{"rendered":"Presentaci\u00f3n del X Congreso Internacional de Frutos Rojos patrocinado por la Fundaci\u00f3n Caja Rural del Sur"},"content":{"rendered":"<div class=\"content-body inner-article-data\">\n<div class=\"body area-metropolitana\">\n<p data-start=\"519\" data-end=\"936\"><strong>La Casa Col\u00f3n ha sido el lugar elegido para la presentaci\u00f3n este mi\u00e9rcoles, 11 de junio, de la X edici\u00f3n del Congreso Internacional de Frutos Rojos, una cita que patrocina la Fundaci\u00f3n Caja Rural del Sur, y que volver\u00e1 a convertir a Huelva en el centro de atenci\u00f3n del sector agr\u00edcola europeo. El evento, que tendr\u00e1 lugar los pr\u00f3ximos d\u00edas 18 y 19 de junio<\/strong> en el mismo lugar de la presentaci\u00f3n, incluir\u00e1 novedades destacadas como la entrega de los primeros\u00a0<em data-start=\"843\" data-end=\"858\">Premios Fresa<\/em>\u00a0y un cartel de conferencias que conjuga divulgaci\u00f3n, salud y entretenimiento.<\/p>\n<p data-start=\"1333\" data-end=\"1598\"><strong>Francisco J. G\u00f3mez, presidente de Freshuelva,<\/strong> organizadora del evento, afirm\u00f3 que afronta esta edici\u00f3n \u201ccon emoci\u00f3n, ilusi\u00f3n y compromiso\u201d y subray\u00f3 que se trata de un espacio donde todos los actores implicados \u201cbuscan juntos la mejor alternativa\u201d.<\/p>\n<p data-start=\"1333\" data-end=\"1598\">Durante la presentaci\u00f3n, <strong>Jos\u00e9 Luis Garc\u00eda-Palacios \u00c1lvarez<\/strong>, presidente de la Fundaci\u00f3n Caja Rural del Sur, patrocinador principal exclusivo de este evento, ha alabado que esta d\u00e9cima edici\u00f3n del congreso es la \u00abconfirmaci\u00f3n de que el camino que iniciamos juntos est\u00e1 ya consolidado\u00bb. Garc\u00eda-Palacios ha puesto en relieve que esta cita se presenta como\u00a0<strong>\u00abun punto de inflexi\u00f3n, no solo en el sector, sino en el mercado europeo\u00bb<\/strong>\u00a0proyectando a nivel internacional \u00abel desarrollo socioecon\u00f3mico de la provincia\u00bb en este sector en particular.<\/p>\n<p class=\"paragraph-atom B-500-400-400-N B-525-400-700-N--md\">A su vez ha recalcado que<strong>\u00a0\u00abel sector de los frutos rojos es esencial para Huelva\u00bb\u00a0<\/strong>y esta importancia se refleja en apuestas como este congreso que permite atraer las miradas hacia la provincia onubense y estos productos agr\u00edcolas.<\/p>\n<p data-start=\"1333\" data-end=\"1598\">Por su parte, <strong>Pilar Miranda, alcaldesa de Huelva<\/strong>, agradeci\u00f3 que \u201cla capital se convierta en escaparate mundial del saber hacer\u201d y expres\u00f3 su apoyo institucional para \u201ctodo lo que haga falta\u201d.<\/p>\n<p data-start=\"2043\" data-end=\"2358\">Desde la Junta de Andaluc\u00eda, Jos\u00e9 Carlos \u00c1lvarez (AGAPA) destac\u00f3 que \u201cen Huelva no solo se cultivan alimentos, tambi\u00e9n confianza, calidad y sostenibilidad\u201d, mientras que David Toscano, presidente de la Diputaci\u00f3n, quiso recordar que \u201cel 98% de los frutos rojos que se comercializa en Espa\u00f1a sale de esta provincia\u201d.<\/p>\n<p data-start=\"2360\" data-end=\"2654\" data-is-last-node=\"\" data-is-only-node=\"\">Con este congreso, Huelva no solo pone en valor uno de sus principales motores econ\u00f3micos, sino que reafirma su posici\u00f3n como referente internacional en la producci\u00f3n y exportaci\u00f3n de berries, un sector estrat\u00e9gico que representa una parte importante del desarrollo socioecon\u00f3mico de la regi\u00f3n.<\/p>\n<\/div>\n<\/div>\n<div class=\"ads ad-inner\">\n<div class=\"ad-slot oat oat-visible oat-top\" data-mark=\" \">\n<div id=\"addoor-widget-2949\" class=\"addoor-widget\">\n<div><\/div>\n<\/div>\n<\/div>\n<\/div>","protected":false},"excerpt":{"rendered":"<p>La Casa Col\u00f3n ha sido el lugar elegido para la presentaci\u00f3n este mi\u00e9rcoles, 11 de junio, de la X edici\u00f3n del Congreso Internacional de Frutos Rojos, una cita que patrocina [&hellip;]<\/p>\n","protected":false},"author":6,"featured_media":11279,"comment_status":"closed","ping_status":"closed","sticky":false,"template":"","format":"standard","meta":{"footnotes":""},"categories":[66],"tags":[],"class_list":["post-11281","post","type-post","status-publish","format-standard","has-post-thumbnail","hentry","category-actos"],"yoast_head":"<!-- This site is optimized with the Yoast SEO plugin v27.3 - https:\/\/yoast.com\/product\/yoast-seo-wordpress\/ -->\n<title>Presentaci\u00f3n del X Congreso Internacional de Frutos Rojos patrocinado por la Fundaci\u00f3n Caja Rural del Sur - Fundaci\u00f3n Caja Rural del Sur<\/title>\n<meta name=\"robots\" content=\"index, follow, max-snippet:-1, max-image-preview:large, max-video-preview:-1\" \/>\n<link rel=\"canonical\" href=\"https:\/\/fundacioncajaruraldelsur.com\/pt\/presentacion-del-x-congreso-internacional-de-frutos-rojos-patrocinado-por-la-fundacion-caja-rural-del-sur\/\" \/>\n<meta property=\"og:locale\" content=\"pt_PT\" \/>\n<meta property=\"og:type\" content=\"article\" \/>\n<meta property=\"og:title\" content=\"Presentaci\u00f3n del X Congreso Internacional de Frutos Rojos patrocinado por la Fundaci\u00f3n Caja Rural del Sur - Fundaci\u00f3n Caja Rural del Sur\" \/>\n<meta property=\"og:description\" content=\"La Casa Col\u00f3n ha sido el lugar elegido para la presentaci\u00f3n este mi\u00e9rcoles, 11 de junio, de la X edici\u00f3n del Congreso Internacional de Frutos Rojos, una cita que patrocina [&hellip;]\" \/>\n<meta property=\"og:url\" content=\"https:\/\/fundacioncajaruraldelsur.com\/pt\/presentacion-del-x-congreso-internacional-de-frutos-rojos-patrocinado-por-la-fundacion-caja-rural-del-sur\/\" \/>\n<meta property=\"og:site_name\" content=\"Fundaci\u00f3n Caja Rural del Sur\" \/>\n<meta property=\"article:published_time\" content=\"2025-06-11T14:30:56+00:00\" \/>\n<meta property=\"og:image\" content=\"https:\/\/fundacioncajaruraldelsur.com\/wp-content\/uploads\/2025\/06\/frutos-rojos.jpg\" \/>\n\t<meta property=\"og:image:width\" content=\"897\" \/>\n\t<meta property=\"og:image:height\" content=\"562\" \/>\n\t<meta property=\"og:image:type\" content=\"image\/jpeg\" \/>\n<meta name=\"author\" content=\"Comunicaci\u00f3n\" \/>\n<meta name=\"twitter:card\" content=\"summary_large_image\" \/>\n<meta name=\"twitter:label1\" content=\"Written by\" \/>\n\t<meta name=\"twitter:data1\" content=\"Comunicaci\u00f3n\" \/>\n\t<meta name=\"twitter:label2\" content=\"Est. reading time\" \/>\n\t<meta name=\"twitter:data2\" content=\"2 minutes\" \/>\n<script type=\"application\/ld+json\" class=\"yoast-schema-graph\">{\"@context\":\"https:\\\/\\\/schema.org\",\"@graph\":[{\"@type\":\"Article\",\"@id\":\"https:\\\/\\\/fundacioncajaruraldelsur.com\\\/presentacion-del-x-congreso-internacional-de-frutos-rojos-patrocinado-por-la-fundacion-caja-rural-del-sur\\\/#article\",\"isPartOf\":{\"@id\":\"https:\\\/\\\/fundacioncajaruraldelsur.com\\\/presentacion-del-x-congreso-internacional-de-frutos-rojos-patrocinado-por-la-fundacion-caja-rural-del-sur\\\/\"},\"author\":{\"name\":\"Comunicaci\u00f3n\",\"@id\":\"https:\\\/\\\/fundacioncajaruraldelsur.com\\\/#\\\/schema\\\/person\\\/f430da9fb783d505ff061ad8b3d44577\"},\"headline\":\"Presentaci\u00f3n del X Congreso Internacional de Frutos Rojos patrocinado por la Fundaci\u00f3n Caja Rural del Sur\",\"datePublished\":\"2025-06-11T14:30:56+00:00\",\"mainEntityOfPage\":{\"@id\":\"https:\\\/\\\/fundacioncajaruraldelsur.com\\\/presentacion-del-x-congreso-internacional-de-frutos-rojos-patrocinado-por-la-fundacion-caja-rural-del-sur\\\/\"},\"wordCount\":426,\"image\":{\"@id\":\"https:\\\/\\\/fundacioncajaruraldelsur.com\\\/presentacion-del-x-congreso-internacional-de-frutos-rojos-patrocinado-por-la-fundacion-caja-rural-del-sur\\\/#primaryimage\"},\"thumbnailUrl\":\"https:\\\/\\\/fundacioncajaruraldelsur.com\\\/wp-content\\\/uploads\\\/2025\\\/06\\\/frutos-rojos.jpg\",\"articleSection\":[\"Actos\"],\"inLanguage\":\"pt-PT\"},{\"@type\":\"WebPage\",\"@id\":\"https:\\\/\\\/fundacioncajaruraldelsur.com\\\/presentacion-del-x-congreso-internacional-de-frutos-rojos-patrocinado-por-la-fundacion-caja-rural-del-sur\\\/\",\"url\":\"https:\\\/\\\/fundacioncajaruraldelsur.com\\\/presentacion-del-x-congreso-internacional-de-frutos-rojos-patrocinado-por-la-fundacion-caja-rural-del-sur\\\/\",\"name\":\"Presentaci\u00f3n del X Congreso Internacional de Frutos Rojos patrocinado por la Fundaci\u00f3n Caja Rural del Sur - Fundaci\u00f3n Caja Rural del Sur\",\"isPartOf\":{\"@id\":\"https:\\\/\\\/fundacioncajaruraldelsur.com\\\/#website\"},\"primaryImageOfPage\":{\"@id\":\"https:\\\/\\\/fundacioncajaruraldelsur.com\\\/presentacion-del-x-congreso-internacional-de-frutos-rojos-patrocinado-por-la-fundacion-caja-rural-del-sur\\\/#primaryimage\"},\"image\":{\"@id\":\"https:\\\/\\\/fundacioncajaruraldelsur.com\\\/presentacion-del-x-congreso-internacional-de-frutos-rojos-patrocinado-por-la-fundacion-caja-rural-del-sur\\\/#primaryimage\"},\"thumbnailUrl\":\"https:\\\/\\\/fundacioncajaruraldelsur.com\\\/wp-content\\\/uploads\\\/2025\\\/06\\\/frutos-rojos.jpg\",\"datePublished\":\"2025-06-11T14:30:56+00:00\",\"author\":{\"@id\":\"https:\\\/\\\/fundacioncajaruraldelsur.com\\\/#\\\/schema\\\/person\\\/f430da9fb783d505ff061ad8b3d44577\"},\"breadcrumb\":{\"@id\":\"https:\\\/\\\/fundacioncajaruraldelsur.com\\\/presentacion-del-x-congreso-internacional-de-frutos-rojos-patrocinado-por-la-fundacion-caja-rural-del-sur\\\/#breadcrumb\"},\"inLanguage\":\"pt-PT\",\"potentialAction\":[{\"@type\":\"ReadAction\",\"target\":[\"https:\\\/\\\/fundacioncajaruraldelsur.com\\\/presentacion-del-x-congreso-internacional-de-frutos-rojos-patrocinado-por-la-fundacion-caja-rural-del-sur\\\/\"]}]},{\"@type\":\"ImageObject\",\"inLanguage\":\"pt-PT\",\"@id\":\"https:\\\/\\\/fundacioncajaruraldelsur.com\\\/presentacion-del-x-congreso-internacional-de-frutos-rojos-patrocinado-por-la-fundacion-caja-rural-del-sur\\\/#primaryimage\",\"url\":\"https:\\\/\\\/fundacioncajaruraldelsur.com\\\/wp-content\\\/uploads\\\/2025\\\/06\\\/frutos-rojos.jpg\",\"contentUrl\":\"https:\\\/\\\/fundacioncajaruraldelsur.com\\\/wp-content\\\/uploads\\\/2025\\\/06\\\/frutos-rojos.jpg\",\"width\":897,\"height\":562},{\"@type\":\"BreadcrumbList\",\"@id\":\"https:\\\/\\\/fundacioncajaruraldelsur.com\\\/presentacion-del-x-congreso-internacional-de-frutos-rojos-patrocinado-por-la-fundacion-caja-rural-del-sur\\\/#breadcrumb\",\"itemListElement\":[{\"@type\":\"ListItem\",\"position\":1,\"name\":\"Portada\",\"item\":\"https:\\\/\\\/fundacioncajaruraldelsur.com\\\/\"},{\"@type\":\"ListItem\",\"position\":2,\"name\":\"Presentaci\u00f3n del X Congreso Internacional de Frutos Rojos patrocinado por la Fundaci\u00f3n Caja Rural del Sur\"}]},{\"@type\":\"WebSite\",\"@id\":\"https:\\\/\\\/fundacioncajaruraldelsur.com\\\/#website\",\"url\":\"https:\\\/\\\/fundacioncajaruraldelsur.com\\\/\",\"name\":\"Fundaci\u00f3n Caja Rural del Sur\",\"description\":\"\",\"potentialAction\":[{\"@type\":\"SearchAction\",\"target\":{\"@type\":\"EntryPoint\",\"urlTemplate\":\"https:\\\/\\\/fundacioncajaruraldelsur.com\\\/?s={search_term_string}\"},\"query-input\":{\"@type\":\"PropertyValueSpecification\",\"valueRequired\":true,\"valueName\":\"search_term_string\"}}],\"inLanguage\":\"pt-PT\"},{\"@type\":\"Person\",\"@id\":\"https:\\\/\\\/fundacioncajaruraldelsur.com\\\/#\\\/schema\\\/person\\\/f430da9fb783d505ff061ad8b3d44577\",\"name\":\"Comunicaci\u00f3n\",\"image\":{\"@type\":\"ImageObject\",\"inLanguage\":\"pt-PT\",\"@id\":\"https:\\\/\\\/secure.gravatar.com\\\/avatar\\\/0dca239875993680bac4603ad2de7942da018f52cc3a244578e0b3b09314a8d8?s=96&d=blank&r=g\",\"url\":\"https:\\\/\\\/secure.gravatar.com\\\/avatar\\\/0dca239875993680bac4603ad2de7942da018f52cc3a244578e0b3b09314a8d8?s=96&d=blank&r=g\",\"contentUrl\":\"https:\\\/\\\/secure.gravatar.com\\\/avatar\\\/0dca239875993680bac4603ad2de7942da018f52cc3a244578e0b3b09314a8d8?s=96&d=blank&r=g\",\"caption\":\"Comunicaci\u00f3n\"}}]}<\/script>\n<!-- \/ Yoast SEO plugin. -->","yoast_head_json":{"title":"Presentaci\u00f3n del X Congreso Internacional de Frutos Rojos patrocinado por la Fundaci\u00f3n Caja Rural del Sur - Fundaci\u00f3n Caja Rural del Sur","robots":{"index":"index","follow":"follow","max-snippet":"max-snippet:-1","max-image-preview":"max-image-preview:large","max-video-preview":"max-video-preview:-1"},"canonical":"https:\/\/fundacioncajaruraldelsur.com\/pt\/presentacion-del-x-congreso-internacional-de-frutos-rojos-patrocinado-por-la-fundacion-caja-rural-del-sur\/","og_locale":"pt_PT","og_type":"article","og_title":"Presentaci\u00f3n del X Congreso Internacional de Frutos Rojos patrocinado por la Fundaci\u00f3n Caja Rural del Sur - Fundaci\u00f3n Caja Rural del Sur","og_description":"La Casa Col\u00f3n ha sido el lugar elegido para la presentaci\u00f3n este mi\u00e9rcoles, 11 de junio, de la X edici\u00f3n del Congreso Internacional de Frutos Rojos, una cita que patrocina [&hellip;]","og_url":"https:\/\/fundacioncajaruraldelsur.com\/pt\/presentacion-del-x-congreso-internacional-de-frutos-rojos-patrocinado-por-la-fundacion-caja-rural-del-sur\/","og_site_name":"Fundaci\u00f3n Caja Rural del Sur","article_published_time":"2025-06-11T14:30:56+00:00","og_image":[{"width":897,"height":562,"url":"https:\/\/fundacioncajaruraldelsur.com\/wp-content\/uploads\/2025\/06\/frutos-rojos.jpg","type":"image\/jpeg"}],"author":"Comunicaci\u00f3n","twitter_card":"summary_large_image","twitter_misc":{"Written by":"Comunicaci\u00f3n","Est. reading time":"2 minutes"},"schema":{"@context":"https:\/\/schema.org","@graph":[{"@type":"Article","@id":"https:\/\/fundacioncajaruraldelsur.com\/presentacion-del-x-congreso-internacional-de-frutos-rojos-patrocinado-por-la-fundacion-caja-rural-del-sur\/#article","isPartOf":{"@id":"https:\/\/fundacioncajaruraldelsur.com\/presentacion-del-x-congreso-internacional-de-frutos-rojos-patrocinado-por-la-fundacion-caja-rural-del-sur\/"},"author":{"name":"Comunicaci\u00f3n","@id":"https:\/\/fundacioncajaruraldelsur.com\/#\/schema\/person\/f430da9fb783d505ff061ad8b3d44577"},"headline":"Presentaci\u00f3n del X Congreso Internacional de Frutos Rojos patrocinado por la Fundaci\u00f3n Caja Rural del Sur","datePublished":"2025-06-11T14:30:56+00:00","mainEntityOfPage":{"@id":"https:\/\/fundacioncajaruraldelsur.com\/presentacion-del-x-congreso-internacional-de-frutos-rojos-patrocinado-por-la-fundacion-caja-rural-del-sur\/"},"wordCount":426,"image":{"@id":"https:\/\/fundacioncajaruraldelsur.com\/presentacion-del-x-congreso-internacional-de-frutos-rojos-patrocinado-por-la-fundacion-caja-rural-del-sur\/#primaryimage"},"thumbnailUrl":"https:\/\/fundacioncajaruraldelsur.com\/wp-content\/uploads\/2025\/06\/frutos-rojos.jpg","articleSection":["Actos"],"inLanguage":"pt-PT"},{"@type":"WebPage","@id":"https:\/\/fundacioncajaruraldelsur.com\/presentacion-del-x-congreso-internacional-de-frutos-rojos-patrocinado-por-la-fundacion-caja-rural-del-sur\/","url":"https:\/\/fundacioncajaruraldelsur.com\/presentacion-del-x-congreso-internacional-de-frutos-rojos-patrocinado-por-la-fundacion-caja-rural-del-sur\/","name":"Presentaci\u00f3n del X Congreso Internacional de Frutos Rojos patrocinado por la Fundaci\u00f3n Caja Rural del Sur - Fundaci\u00f3n Caja Rural del Sur","isPartOf":{"@id":"https:\/\/fundacioncajaruraldelsur.com\/#website"},"primaryImageOfPage":{"@id":"https:\/\/fundacioncajaruraldelsur.com\/presentacion-del-x-congreso-internacional-de-frutos-rojos-patrocinado-por-la-fundacion-caja-rural-del-sur\/#primaryimage"},"image":{"@id":"https:\/\/fundacioncajaruraldelsur.com\/presentacion-del-x-congreso-internacional-de-frutos-rojos-patrocinado-por-la-fundacion-caja-rural-del-sur\/#primaryimage"},"thumbnailUrl":"https:\/\/fundacioncajaruraldelsur.com\/wp-content\/uploads\/2025\/06\/frutos-rojos.jpg","datePublished":"2025-06-11T14:30:56+00:00","author":{"@id":"https:\/\/fundacioncajaruraldelsur.com\/#\/schema\/person\/f430da9fb783d505ff061ad8b3d44577"},"breadcrumb":{"@id":"https:\/\/fundacioncajaruraldelsur.com\/presentacion-del-x-congreso-internacional-de-frutos-rojos-patrocinado-por-la-fundacion-caja-rural-del-sur\/#breadcrumb"},"inLanguage":"pt-PT","potentialAction":[{"@type":"ReadAction","target":["https:\/\/fundacioncajaruraldelsur.com\/presentacion-del-x-congreso-internacional-de-frutos-rojos-patrocinado-por-la-fundacion-caja-rural-del-sur\/"]}]},{"@type":"ImageObject","inLanguage":"pt-PT","@id":"https:\/\/fundacioncajaruraldelsur.com\/presentacion-del-x-congreso-internacional-de-frutos-rojos-patrocinado-por-la-fundacion-caja-rural-del-sur\/#primaryimage","url":"https:\/\/fundacioncajaruraldelsur.com\/wp-content\/uploads\/2025\/06\/frutos-rojos.jpg","contentUrl":"https:\/\/fundacioncajaruraldelsur.com\/wp-content\/uploads\/2025\/06\/frutos-rojos.jpg","width":897,"height":562},{"@type":"BreadcrumbList","@id":"https:\/\/fundacioncajaruraldelsur.com\/presentacion-del-x-congreso-internacional-de-frutos-rojos-patrocinado-por-la-fundacion-caja-rural-del-sur\/#breadcrumb","itemListElement":[{"@type":"ListItem","position":1,"name":"Portada","item":"https:\/\/fundacioncajaruraldelsur.com\/"},{"@type":"ListItem","position":2,"name":"Presentaci\u00f3n del X Congreso Internacional de Frutos Rojos patrocinado por la Fundaci\u00f3n Caja Rural del Sur"}]},{"@type":"WebSite","@id":"https:\/\/fundacioncajaruraldelsur.com\/#website","url":"https:\/\/fundacioncajaruraldelsur.com\/","name":"Funda\u00e7\u00e3o Caja Rural del Sur","description":"","potentialAction":[{"@type":"SearchAction","target":{"@type":"EntryPoint","urlTemplate":"https:\/\/fundacioncajaruraldelsur.com\/?s={search_term_string}"},"query-input":{"@type":"PropertyValueSpecification","valueRequired":true,"valueName":"search_term_string"}}],"inLanguage":"pt-PT"},{"@type":"Person","@id":"https:\/\/fundacioncajaruraldelsur.com\/#\/schema\/person\/f430da9fb783d505ff061ad8b3d44577","name":"Comunicaci\u00f3n","image":{"@type":"ImageObject","inLanguage":"pt-PT","@id":"https:\/\/secure.gravatar.com\/avatar\/0dca239875993680bac4603ad2de7942da018f52cc3a244578e0b3b09314a8d8?s=96&d=blank&r=g","url":"https:\/\/secure.gravatar.com\/avatar\/0dca239875993680bac4603ad2de7942da018f52cc3a244578e0b3b09314a8d8?s=96&d=blank&r=g","contentUrl":"https:\/\/secure.gravatar.com\/avatar\/0dca239875993680bac4603ad2de7942da018f52cc3a244578e0b3b09314a8d8?s=96&d=blank&r=g","caption":"Comunicaci\u00f3n"}}]}},"rttpg_featured_image_url":{"full":["https:\/\/fundacioncajaruraldelsur.com\/wp-content\/uploads\/2025\/06\/frutos-rojos.jpg",897,562,false],"landscape":["https:\/\/fundacioncajaruraldelsur.com\/wp-content\/uploads\/2025\/06\/frutos-rojos.jpg",897,562,false],"portraits":["https:\/\/fundacioncajaruraldelsur.com\/wp-content\/uploads\/2025\/06\/frutos-rojos.jpg",897,562,false],"thumbnail":["https:\/\/fundacioncajaruraldelsur.com\/wp-content\/uploads\/2025\/06\/frutos-rojos-150x150.jpg",150,150,true],"medium":["https:\/\/fundacioncajaruraldelsur.com\/wp-content\/uploads\/2025\/06\/frutos-rojos-300x188.jpg",300,188,true],"large":["https:\/\/fundacioncajaruraldelsur.com\/wp-content\/uploads\/2025\/06\/frutos-rojos.jpg",897,562,false],"1536x1536":["https:\/\/fundacioncajaruraldelsur.com\/wp-content\/uploads\/2025\/06\/frutos-rojos.jpg",897,562,false],"2048x2048":["https:\/\/fundacioncajaruraldelsur.com\/wp-content\/uploads\/2025\/06\/frutos-rojos.jpg",897,562,false],"trp-custom-language-flag":["https:\/\/fundacioncajaruraldelsur.com\/wp-content\/uploads\/2025\/06\/frutos-rojos.jpg",18,12,false],"blog-thumbnail":["https:\/\/fundacioncajaruraldelsur.com\/wp-content\/uploads\/2025\/06\/frutos-rojos-400x200.jpg",400,200,true]},"rttpg_author":{"display_name":"Comunicaci\u00f3n","author_link":"https:\/\/fundacioncajaruraldelsur.com\/pt\/author\/sevillaadmin\/"},"rttpg_comment":0,"rttpg_category":"<a href=\"https:\/\/fundacioncajaruraldelsur.com\/pt\/category\/actos\/\" rel=\"category tag\">Actos<\/a>","rttpg_excerpt":"La Casa Col\u00f3n ha sido el lugar elegido para la presentaci\u00f3n este mi\u00e9rcoles, 11 de junio, de la X edici\u00f3n del Congreso Internacional de Frutos Rojos, una cita que patrocina [&hellip;]","_links":{"self":[{"href":"https:\/\/fundacioncajaruraldelsur.com\/pt\/wp-json\/wp\/v2\/posts\/11281","targetHints":{"allow":["GET"]}}],"collection":[{"href":"https:\/\/fundacioncajaruraldelsur.com\/pt\/wp-json\/wp\/v2\/posts"}],"about":[{"href":"https:\/\/fundacioncajaruraldelsur.com\/pt\/wp-json\/wp\/v2\/types\/post"}],"author":[{"embeddable":true,"href":"https:\/\/fundacioncajaruraldelsur.com\/pt\/wp-json\/wp\/v2\/users\/6"}],"replies":[{"embeddable":true,"href":"https:\/\/fundacioncajaruraldelsur.com\/pt\/wp-json\/wp\/v2\/comments?post=11281"}],"version-history":[{"count":1,"href":"https:\/\/fundacioncajaruraldelsur.com\/pt\/wp-json\/wp\/v2\/posts\/11281\/revisions"}],"predecessor-version":[{"id":11282,"href":"https:\/\/fundacioncajaruraldelsur.com\/pt\/wp-json\/wp\/v2\/posts\/11281\/revisions\/11282"}],"wp:featuredmedia":[{"embeddable":true,"href":"https:\/\/fundacioncajaruraldelsur.com\/pt\/wp-json\/wp\/v2\/media\/11279"}],"wp:attachment":[{"href":"https:\/\/fundacioncajaruraldelsur.com\/pt\/wp-json\/wp\/v2\/media?parent=11281"}],"wp:term":[{"taxonomy":"category","embeddable":true,"href":"https:\/\/fundacioncajaruraldelsur.com\/pt\/wp-json\/wp\/v2\/categories?post=11281"},{"taxonomy":"post_tag","embeddable":true,"href":"https:\/\/fundacioncajaruraldelsur.com\/pt\/wp-json\/wp\/v2\/tags?post=11281"}],"curies":[{"name":"wp","href":"https:\/\/api.w.org\/{rel}","templated":true}]}}