{"id":11276,"date":"2025-06-11T15:30:11","date_gmt":"2025-06-11T14:30:11","guid":{"rendered":"https:\/\/fundacioncajaruraldelsur.com\/?p=11276"},"modified":"2025-06-11T15:30:11","modified_gmt":"2025-06-11T14:30:11","slug":"clausurado-el-curso-de-gobierno-para-consejos-rectores-de-caja-rural-del-sur-y-san-telmo-business-school","status":"publish","type":"post","link":"https:\/\/fundacioncajaruraldelsur.com\/pt\/clausurado-el-curso-de-gobierno-para-consejos-rectores-de-caja-rural-del-sur-y-san-telmo-business-school\/","title":{"rendered":"Clausurado el\u00a0Curso de Gobierno para Consejos Rectores de Caja Rural del Sur y San Telmo Business School"},"content":{"rendered":"<p><strong>El presidente de Caja Rural del Sur y su Fundaci\u00f3n, Jos\u00e9 Luis Garc\u00eda-Palacios \u00c1lvarez, y Mar\u00eda del Valle de Novales de la Escalera, Administradora General de la Fundaci\u00f3n San Telmo, clausuraron en Jerez de la Frontera la X edici\u00f3n del \u2018Curso de Gobierno para Consejos Rectores de Cooperativas Agroalimentarias\u2019<\/strong> que la escuela de negocios San Telmo Business School ha impartido semanalmente durante los meses de mayo y junio, dentro del acuerdo que mantienen ambas entidades desde hace 11 a\u00f1os para avanzar en la modernizaci\u00f3n de este estrat\u00e9gico sector econ\u00f3mico de Andaluc\u00eda.<\/p>\n<p><strong>Los cincuenta y un alumnos -37 de C\u00e1diz y 14 de Sevilla \u2013 que han asistido al curso celebrado en Jerez de la Frontera han recibido durante las sesiones de trabajo -sobre el m\u00e9todo del Caso-<\/strong> una formaci\u00f3n especializada y adaptada a los cambios que est\u00e1 viviendo el sector agroalimentario, cada vez m\u00e1s global, y especialmente dise\u00f1ada para que los Consejos Rectores, representantes de los socios de las cooperativas, dispongan de la formaci\u00f3n necesaria para comprender todos los retos competitivos y el papel que debe jugar este \u00f3rgano de direcci\u00f3n para desarrollar con eficacia su labor de gobierno.<\/p>\n<p><strong>Jos\u00e9 Luis Garc\u00eda-Palacios \u00c1lvarez, por Caja Rural del Sur, anim\u00f3 en el acto de clausura a los participantes en este curso dedicado a miembros de los Consejos Rectores de Cooperativas<\/strong> \u201ca seguir form\u00e1ndose para que puedan adoptar las mejores decisiones en la gesti\u00f3n de las mismas ya que la capacidad de an\u00e1lisis -que ha sido base en las sesiones del curso- le van a ayudar a afrontar las distintas situaciones con las que se pueden enfrentar en la gesti\u00f3n\u201d, a la vez que puso en valor la estrecha relaci\u00f3n que durante estas semanas han mantenido los asistentes y que \u201ca buen seguro ser\u00e1 tambi\u00e9n un complemento que no se olvidar\u00e1 y que todos vosotros form\u00e1is ya la d\u00e9cima edici\u00f3n de estos cursos\u201d que ha ido recorriendo las provincias de C\u00f3rdoba, Sevilla, M\u00e1laga, Huelva y ahora en Jerez de la Frontera.<\/p>\n<p><strong>Y la Administradora general de la Fundaci\u00f3n San Telmo, Mar\u00eda del Valle de Novales de la Escalera, puso en valor este este programa que sido \u201cuna oportunidad por su especializaci\u00f3n<\/strong> para quienes lo han realizado ya que no existe otro similar, y se trata de una formaci\u00f3n de alto nivel en la gesti\u00f3n global de cooperativas, al contar con un cuadro de docentes expertos y especializados en el sector\u201d a\u00f1adiendo que \u201c en el curso se han abordado temas cr\u00edticos como el relevo generacional, la sostenibilidad, la integraci\u00f3n cooperativa y el papel del gobierno frente a la gesti\u00f3n. Adem\u00e1s, se trabajaron casos reales sobre la continuidad de la producci\u00f3n agroganadera, la circularidad como ventaja competitiva, y la compleja relaci\u00f3n entre socios, directivos y mercado.\u201d<\/p>\n<p>A la solemne sesi\u00f3n de clausura asistieron tambien otros representantes institucionales y directores territoriales de Caja Rural del Sur, adem\u00e1s de Luis Javier Berm\u00fadez Mart\u00edn, gerente de Seprocoop y Onucoop, quien suministr\u00f3 informaci\u00f3n sobre la actibidad de eesta cooperativa de segundo grado y sus servicios.<\/p>\n<p><a href=\"https:\/\/fundacioncajaruraldelsur.com\/wp-content\/uploads\/2025\/06\/Foto-18391-scaled.jpg\" rel=\"lightbox-0\"><img loading=\"lazy\" decoding=\"async\" class=\"alignnone wp-image-11278 size-full\" src=\"https:\/\/fundacioncajaruraldelsur.com\/wp-content\/uploads\/2025\/06\/Foto-18391-scaled.jpg\" alt=\"\" width=\"2560\" height=\"1707\" srcset=\"https:\/\/fundacioncajaruraldelsur.com\/wp-content\/uploads\/2025\/06\/Foto-18391-scaled.jpg 2560w, https:\/\/fundacioncajaruraldelsur.com\/wp-content\/uploads\/2025\/06\/Foto-18391-300x200.jpg 300w, https:\/\/fundacioncajaruraldelsur.com\/wp-content\/uploads\/2025\/06\/Foto-18391-1024x683.jpg 1024w, https:\/\/fundacioncajaruraldelsur.com\/wp-content\/uploads\/2025\/06\/Foto-18391-768x512.jpg 768w, https:\/\/fundacioncajaruraldelsur.com\/wp-content\/uploads\/2025\/06\/Foto-18391-1536x1024.jpg 1536w, https:\/\/fundacioncajaruraldelsur.com\/wp-content\/uploads\/2025\/06\/Foto-18391-2048x1365.jpg 2048w\" sizes=\"auto, (max-width: 2560px) 100vw, 2560px\" \/><\/a><\/p>","protected":false},"excerpt":{"rendered":"<p>El presidente de Caja Rural del Sur y su Fundaci\u00f3n, Jos\u00e9 Luis Garc\u00eda-Palacios \u00c1lvarez, y Mar\u00eda del Valle de Novales de la Escalera, Administradora General de la Fundaci\u00f3n San Telmo, [&hellip;]<\/p>\n","protected":false},"author":6,"featured_media":11277,"comment_status":"closed","ping_status":"closed","sticky":false,"template":"","format":"standard","meta":{"footnotes":""},"categories":[67],"tags":[],"class_list":["post-11276","post","type-post","status-publish","format-standard","has-post-thumbnail","hentry","category-convenios"],"yoast_head":"<!-- This site is optimized with the Yoast SEO plugin v27.3 - https:\/\/yoast.com\/product\/yoast-seo-wordpress\/ -->\n<title>Clausurado el\u00a0Curso de Gobierno para Consejos Rectores de Caja Rural del Sur y San Telmo Business School - Fundaci\u00f3n Caja Rural del Sur<\/title>\n<meta name=\"robots\" content=\"index, follow, max-snippet:-1, max-image-preview:large, max-video-preview:-1\" \/>\n<link rel=\"canonical\" href=\"https:\/\/fundacioncajaruraldelsur.com\/pt\/clausurado-el-curso-de-gobierno-para-consejos-rectores-de-caja-rural-del-sur-y-san-telmo-business-school\/\" \/>\n<meta property=\"og:locale\" content=\"pt_PT\" \/>\n<meta property=\"og:type\" content=\"article\" \/>\n<meta property=\"og:title\" content=\"Clausurado el\u00a0Curso de Gobierno para Consejos Rectores de Caja Rural del Sur y San Telmo Business School - Fundaci\u00f3n Caja Rural del Sur\" \/>\n<meta property=\"og:description\" content=\"El presidente de Caja Rural del Sur y su Fundaci\u00f3n, Jos\u00e9 Luis Garc\u00eda-Palacios \u00c1lvarez, y Mar\u00eda del Valle de Novales de la Escalera, Administradora General de la Fundaci\u00f3n San Telmo, [&hellip;]\" \/>\n<meta property=\"og:url\" content=\"https:\/\/fundacioncajaruraldelsur.com\/pt\/clausurado-el-curso-de-gobierno-para-consejos-rectores-de-caja-rural-del-sur-y-san-telmo-business-school\/\" \/>\n<meta property=\"og:site_name\" content=\"Fundaci\u00f3n Caja Rural del Sur\" \/>\n<meta property=\"article:published_time\" content=\"2025-06-11T14:30:11+00:00\" \/>\n<meta property=\"og:image\" content=\"https:\/\/fundacioncajaruraldelsur.com\/wp-content\/uploads\/2025\/06\/Foto-22061-scaled.jpg\" \/>\n\t<meta property=\"og:image:width\" content=\"2560\" \/>\n\t<meta property=\"og:image:height\" content=\"1707\" \/>\n\t<meta property=\"og:image:type\" content=\"image\/jpeg\" \/>\n<meta name=\"author\" content=\"Comunicaci\u00f3n\" \/>\n<meta name=\"twitter:card\" content=\"summary_large_image\" \/>\n<meta name=\"twitter:label1\" content=\"Written by\" \/>\n\t<meta name=\"twitter:data1\" content=\"Comunicaci\u00f3n\" \/>\n\t<meta name=\"twitter:label2\" content=\"Est. reading time\" \/>\n\t<meta name=\"twitter:data2\" content=\"3 minutes\" \/>\n<script type=\"application\/ld+json\" class=\"yoast-schema-graph\">{\"@context\":\"https:\\\/\\\/schema.org\",\"@graph\":[{\"@type\":\"Article\",\"@id\":\"https:\\\/\\\/fundacioncajaruraldelsur.com\\\/clausurado-el-curso-de-gobierno-para-consejos-rectores-de-caja-rural-del-sur-y-san-telmo-business-school\\\/#article\",\"isPartOf\":{\"@id\":\"https:\\\/\\\/fundacioncajaruraldelsur.com\\\/clausurado-el-curso-de-gobierno-para-consejos-rectores-de-caja-rural-del-sur-y-san-telmo-business-school\\\/\"},\"author\":{\"name\":\"Comunicaci\u00f3n\",\"@id\":\"https:\\\/\\\/fundacioncajaruraldelsur.com\\\/#\\\/schema\\\/person\\\/f430da9fb783d505ff061ad8b3d44577\"},\"headline\":\"Clausurado el\u00a0Curso de Gobierno para Consejos Rectores de Caja Rural del Sur y San Telmo Business School\",\"datePublished\":\"2025-06-11T14:30:11+00:00\",\"mainEntityOfPage\":{\"@id\":\"https:\\\/\\\/fundacioncajaruraldelsur.com\\\/clausurado-el-curso-de-gobierno-para-consejos-rectores-de-caja-rural-del-sur-y-san-telmo-business-school\\\/\"},\"wordCount\":558,\"image\":{\"@id\":\"https:\\\/\\\/fundacioncajaruraldelsur.com\\\/clausurado-el-curso-de-gobierno-para-consejos-rectores-de-caja-rural-del-sur-y-san-telmo-business-school\\\/#primaryimage\"},\"thumbnailUrl\":\"https:\\\/\\\/fundacioncajaruraldelsur.com\\\/wp-content\\\/uploads\\\/2025\\\/06\\\/Foto-22061-scaled.jpg\",\"articleSection\":[\"Convenios\"],\"inLanguage\":\"pt-PT\"},{\"@type\":\"WebPage\",\"@id\":\"https:\\\/\\\/fundacioncajaruraldelsur.com\\\/clausurado-el-curso-de-gobierno-para-consejos-rectores-de-caja-rural-del-sur-y-san-telmo-business-school\\\/\",\"url\":\"https:\\\/\\\/fundacioncajaruraldelsur.com\\\/clausurado-el-curso-de-gobierno-para-consejos-rectores-de-caja-rural-del-sur-y-san-telmo-business-school\\\/\",\"name\":\"Clausurado el\u00a0Curso de Gobierno para Consejos Rectores de Caja Rural del Sur y San Telmo Business School - Fundaci\u00f3n Caja Rural del Sur\",\"isPartOf\":{\"@id\":\"https:\\\/\\\/fundacioncajaruraldelsur.com\\\/#website\"},\"primaryImageOfPage\":{\"@id\":\"https:\\\/\\\/fundacioncajaruraldelsur.com\\\/clausurado-el-curso-de-gobierno-para-consejos-rectores-de-caja-rural-del-sur-y-san-telmo-business-school\\\/#primaryimage\"},\"image\":{\"@id\":\"https:\\\/\\\/fundacioncajaruraldelsur.com\\\/clausurado-el-curso-de-gobierno-para-consejos-rectores-de-caja-rural-del-sur-y-san-telmo-business-school\\\/#primaryimage\"},\"thumbnailUrl\":\"https:\\\/\\\/fundacioncajaruraldelsur.com\\\/wp-content\\\/uploads\\\/2025\\\/06\\\/Foto-22061-scaled.jpg\",\"datePublished\":\"2025-06-11T14:30:11+00:00\",\"author\":{\"@id\":\"https:\\\/\\\/fundacioncajaruraldelsur.com\\\/#\\\/schema\\\/person\\\/f430da9fb783d505ff061ad8b3d44577\"},\"breadcrumb\":{\"@id\":\"https:\\\/\\\/fundacioncajaruraldelsur.com\\\/clausurado-el-curso-de-gobierno-para-consejos-rectores-de-caja-rural-del-sur-y-san-telmo-business-school\\\/#breadcrumb\"},\"inLanguage\":\"pt-PT\",\"potentialAction\":[{\"@type\":\"ReadAction\",\"target\":[\"https:\\\/\\\/fundacioncajaruraldelsur.com\\\/clausurado-el-curso-de-gobierno-para-consejos-rectores-de-caja-rural-del-sur-y-san-telmo-business-school\\\/\"]}]},{\"@type\":\"ImageObject\",\"inLanguage\":\"pt-PT\",\"@id\":\"https:\\\/\\\/fundacioncajaruraldelsur.com\\\/clausurado-el-curso-de-gobierno-para-consejos-rectores-de-caja-rural-del-sur-y-san-telmo-business-school\\\/#primaryimage\",\"url\":\"https:\\\/\\\/fundacioncajaruraldelsur.com\\\/wp-content\\\/uploads\\\/2025\\\/06\\\/Foto-22061-scaled.jpg\",\"contentUrl\":\"https:\\\/\\\/fundacioncajaruraldelsur.com\\\/wp-content\\\/uploads\\\/2025\\\/06\\\/Foto-22061-scaled.jpg\",\"width\":2560,\"height\":1707},{\"@type\":\"BreadcrumbList\",\"@id\":\"https:\\\/\\\/fundacioncajaruraldelsur.com\\\/clausurado-el-curso-de-gobierno-para-consejos-rectores-de-caja-rural-del-sur-y-san-telmo-business-school\\\/#breadcrumb\",\"itemListElement\":[{\"@type\":\"ListItem\",\"position\":1,\"name\":\"Portada\",\"item\":\"https:\\\/\\\/fundacioncajaruraldelsur.com\\\/\"},{\"@type\":\"ListItem\",\"position\":2,\"name\":\"Clausurado el\u00a0Curso de Gobierno para Consejos Rectores de Caja Rural del Sur y San Telmo Business School\"}]},{\"@type\":\"WebSite\",\"@id\":\"https:\\\/\\\/fundacioncajaruraldelsur.com\\\/#website\",\"url\":\"https:\\\/\\\/fundacioncajaruraldelsur.com\\\/\",\"name\":\"Fundaci\u00f3n Caja Rural del Sur\",\"description\":\"\",\"potentialAction\":[{\"@type\":\"SearchAction\",\"target\":{\"@type\":\"EntryPoint\",\"urlTemplate\":\"https:\\\/\\\/fundacioncajaruraldelsur.com\\\/?s={search_term_string}\"},\"query-input\":{\"@type\":\"PropertyValueSpecification\",\"valueRequired\":true,\"valueName\":\"search_term_string\"}}],\"inLanguage\":\"pt-PT\"},{\"@type\":\"Person\",\"@id\":\"https:\\\/\\\/fundacioncajaruraldelsur.com\\\/#\\\/schema\\\/person\\\/f430da9fb783d505ff061ad8b3d44577\",\"name\":\"Comunicaci\u00f3n\",\"image\":{\"@type\":\"ImageObject\",\"inLanguage\":\"pt-PT\",\"@id\":\"https:\\\/\\\/secure.gravatar.com\\\/avatar\\\/0dca239875993680bac4603ad2de7942da018f52cc3a244578e0b3b09314a8d8?s=96&d=blank&r=g\",\"url\":\"https:\\\/\\\/secure.gravatar.com\\\/avatar\\\/0dca239875993680bac4603ad2de7942da018f52cc3a244578e0b3b09314a8d8?s=96&d=blank&r=g\",\"contentUrl\":\"https:\\\/\\\/secure.gravatar.com\\\/avatar\\\/0dca239875993680bac4603ad2de7942da018f52cc3a244578e0b3b09314a8d8?s=96&d=blank&r=g\",\"caption\":\"Comunicaci\u00f3n\"}}]}<\/script>\n<!-- \/ Yoast SEO plugin. -->","yoast_head_json":{"title":"Clausurado el\u00a0Curso de Gobierno para Consejos Rectores de Caja Rural del Sur y San Telmo Business School - Fundaci\u00f3n Caja Rural del Sur","robots":{"index":"index","follow":"follow","max-snippet":"max-snippet:-1","max-image-preview":"max-image-preview:large","max-video-preview":"max-video-preview:-1"},"canonical":"https:\/\/fundacioncajaruraldelsur.com\/pt\/clausurado-el-curso-de-gobierno-para-consejos-rectores-de-caja-rural-del-sur-y-san-telmo-business-school\/","og_locale":"pt_PT","og_type":"article","og_title":"Clausurado el\u00a0Curso de Gobierno para Consejos Rectores de Caja Rural del Sur y San Telmo Business School - Fundaci\u00f3n Caja Rural del Sur","og_description":"El presidente de Caja Rural del Sur y su Fundaci\u00f3n, Jos\u00e9 Luis Garc\u00eda-Palacios \u00c1lvarez, y Mar\u00eda del Valle de Novales de la Escalera, Administradora General de la Fundaci\u00f3n San Telmo, [&hellip;]","og_url":"https:\/\/fundacioncajaruraldelsur.com\/pt\/clausurado-el-curso-de-gobierno-para-consejos-rectores-de-caja-rural-del-sur-y-san-telmo-business-school\/","og_site_name":"Fundaci\u00f3n Caja Rural del Sur","article_published_time":"2025-06-11T14:30:11+00:00","og_image":[{"width":2560,"height":1707,"url":"https:\/\/fundacioncajaruraldelsur.com\/wp-content\/uploads\/2025\/06\/Foto-22061-scaled.jpg","type":"image\/jpeg"}],"author":"Comunicaci\u00f3n","twitter_card":"summary_large_image","twitter_misc":{"Written by":"Comunicaci\u00f3n","Est. reading time":"3 minutes"},"schema":{"@context":"https:\/\/schema.org","@graph":[{"@type":"Article","@id":"https:\/\/fundacioncajaruraldelsur.com\/clausurado-el-curso-de-gobierno-para-consejos-rectores-de-caja-rural-del-sur-y-san-telmo-business-school\/#article","isPartOf":{"@id":"https:\/\/fundacioncajaruraldelsur.com\/clausurado-el-curso-de-gobierno-para-consejos-rectores-de-caja-rural-del-sur-y-san-telmo-business-school\/"},"author":{"name":"Comunicaci\u00f3n","@id":"https:\/\/fundacioncajaruraldelsur.com\/#\/schema\/person\/f430da9fb783d505ff061ad8b3d44577"},"headline":"Clausurado el\u00a0Curso de Gobierno para Consejos Rectores de Caja Rural del Sur y San Telmo Business School","datePublished":"2025-06-11T14:30:11+00:00","mainEntityOfPage":{"@id":"https:\/\/fundacioncajaruraldelsur.com\/clausurado-el-curso-de-gobierno-para-consejos-rectores-de-caja-rural-del-sur-y-san-telmo-business-school\/"},"wordCount":558,"image":{"@id":"https:\/\/fundacioncajaruraldelsur.com\/clausurado-el-curso-de-gobierno-para-consejos-rectores-de-caja-rural-del-sur-y-san-telmo-business-school\/#primaryimage"},"thumbnailUrl":"https:\/\/fundacioncajaruraldelsur.com\/wp-content\/uploads\/2025\/06\/Foto-22061-scaled.jpg","articleSection":["Convenios"],"inLanguage":"pt-PT"},{"@type":"WebPage","@id":"https:\/\/fundacioncajaruraldelsur.com\/clausurado-el-curso-de-gobierno-para-consejos-rectores-de-caja-rural-del-sur-y-san-telmo-business-school\/","url":"https:\/\/fundacioncajaruraldelsur.com\/clausurado-el-curso-de-gobierno-para-consejos-rectores-de-caja-rural-del-sur-y-san-telmo-business-school\/","name":"Clausurado el\u00a0Curso de Gobierno para Consejos Rectores de Caja Rural del Sur y San Telmo Business School - Fundaci\u00f3n Caja Rural del Sur","isPartOf":{"@id":"https:\/\/fundacioncajaruraldelsur.com\/#website"},"primaryImageOfPage":{"@id":"https:\/\/fundacioncajaruraldelsur.com\/clausurado-el-curso-de-gobierno-para-consejos-rectores-de-caja-rural-del-sur-y-san-telmo-business-school\/#primaryimage"},"image":{"@id":"https:\/\/fundacioncajaruraldelsur.com\/clausurado-el-curso-de-gobierno-para-consejos-rectores-de-caja-rural-del-sur-y-san-telmo-business-school\/#primaryimage"},"thumbnailUrl":"https:\/\/fundacioncajaruraldelsur.com\/wp-content\/uploads\/2025\/06\/Foto-22061-scaled.jpg","datePublished":"2025-06-11T14:30:11+00:00","author":{"@id":"https:\/\/fundacioncajaruraldelsur.com\/#\/schema\/person\/f430da9fb783d505ff061ad8b3d44577"},"breadcrumb":{"@id":"https:\/\/fundacioncajaruraldelsur.com\/clausurado-el-curso-de-gobierno-para-consejos-rectores-de-caja-rural-del-sur-y-san-telmo-business-school\/#breadcrumb"},"inLanguage":"pt-PT","potentialAction":[{"@type":"ReadAction","target":["https:\/\/fundacioncajaruraldelsur.com\/clausurado-el-curso-de-gobierno-para-consejos-rectores-de-caja-rural-del-sur-y-san-telmo-business-school\/"]}]},{"@type":"ImageObject","inLanguage":"pt-PT","@id":"https:\/\/fundacioncajaruraldelsur.com\/clausurado-el-curso-de-gobierno-para-consejos-rectores-de-caja-rural-del-sur-y-san-telmo-business-school\/#primaryimage","url":"https:\/\/fundacioncajaruraldelsur.com\/wp-content\/uploads\/2025\/06\/Foto-22061-scaled.jpg","contentUrl":"https:\/\/fundacioncajaruraldelsur.com\/wp-content\/uploads\/2025\/06\/Foto-22061-scaled.jpg","width":2560,"height":1707},{"@type":"BreadcrumbList","@id":"https:\/\/fundacioncajaruraldelsur.com\/clausurado-el-curso-de-gobierno-para-consejos-rectores-de-caja-rural-del-sur-y-san-telmo-business-school\/#breadcrumb","itemListElement":[{"@type":"ListItem","position":1,"name":"Portada","item":"https:\/\/fundacioncajaruraldelsur.com\/"},{"@type":"ListItem","position":2,"name":"Clausurado el\u00a0Curso de Gobierno para Consejos Rectores de Caja Rural del Sur y San Telmo Business School"}]},{"@type":"WebSite","@id":"https:\/\/fundacioncajaruraldelsur.com\/#website","url":"https:\/\/fundacioncajaruraldelsur.com\/","name":"Funda\u00e7\u00e3o Caja Rural del Sur","description":"","potentialAction":[{"@type":"SearchAction","target":{"@type":"EntryPoint","urlTemplate":"https:\/\/fundacioncajaruraldelsur.com\/?s={search_term_string}"},"query-input":{"@type":"PropertyValueSpecification","valueRequired":true,"valueName":"search_term_string"}}],"inLanguage":"pt-PT"},{"@type":"Person","@id":"https:\/\/fundacioncajaruraldelsur.com\/#\/schema\/person\/f430da9fb783d505ff061ad8b3d44577","name":"Comunicaci\u00f3n","image":{"@type":"ImageObject","inLanguage":"pt-PT","@id":"https:\/\/secure.gravatar.com\/avatar\/0dca239875993680bac4603ad2de7942da018f52cc3a244578e0b3b09314a8d8?s=96&d=blank&r=g","url":"https:\/\/secure.gravatar.com\/avatar\/0dca239875993680bac4603ad2de7942da018f52cc3a244578e0b3b09314a8d8?s=96&d=blank&r=g","contentUrl":"https:\/\/secure.gravatar.com\/avatar\/0dca239875993680bac4603ad2de7942da018f52cc3a244578e0b3b09314a8d8?s=96&d=blank&r=g","caption":"Comunicaci\u00f3n"}}]}},"rttpg_featured_image_url":{"full":["https:\/\/fundacioncajaruraldelsur.com\/wp-content\/uploads\/2025\/06\/Foto-22061-scaled.jpg",2560,1707,false],"landscape":["https:\/\/fundacioncajaruraldelsur.com\/wp-content\/uploads\/2025\/06\/Foto-22061-scaled.jpg",2560,1707,false],"portraits":["https:\/\/fundacioncajaruraldelsur.com\/wp-content\/uploads\/2025\/06\/Foto-22061-scaled.jpg",2560,1707,false],"thumbnail":["https:\/\/fundacioncajaruraldelsur.com\/wp-content\/uploads\/2025\/06\/Foto-22061-150x150.jpg",150,150,true],"medium":["https:\/\/fundacioncajaruraldelsur.com\/wp-content\/uploads\/2025\/06\/Foto-22061-300x200.jpg",300,200,true],"large":["https:\/\/fundacioncajaruraldelsur.com\/wp-content\/uploads\/2025\/06\/Foto-22061-1024x683.jpg",960,640,true],"1536x1536":["https:\/\/fundacioncajaruraldelsur.com\/wp-content\/uploads\/2025\/06\/Foto-22061-1536x1024.jpg",1536,1024,true],"2048x2048":["https:\/\/fundacioncajaruraldelsur.com\/wp-content\/uploads\/2025\/06\/Foto-22061-2048x1365.jpg",2048,1365,true],"trp-custom-language-flag":["https:\/\/fundacioncajaruraldelsur.com\/wp-content\/uploads\/2025\/06\/Foto-22061-scaled.jpg",18,12,false],"blog-thumbnail":["https:\/\/fundacioncajaruraldelsur.com\/wp-content\/uploads\/2025\/06\/Foto-22061-400x200.jpg",400,200,true]},"rttpg_author":{"display_name":"Comunicaci\u00f3n","author_link":"https:\/\/fundacioncajaruraldelsur.com\/pt\/author\/sevillaadmin\/"},"rttpg_comment":0,"rttpg_category":"<a href=\"https:\/\/fundacioncajaruraldelsur.com\/pt\/category\/convenios\/\" rel=\"category tag\">Convenios<\/a>","rttpg_excerpt":"El presidente de Caja Rural del Sur y su Fundaci\u00f3n, Jos\u00e9 Luis Garc\u00eda-Palacios \u00c1lvarez, y Mar\u00eda del Valle de Novales de la Escalera, Administradora General de la Fundaci\u00f3n San Telmo, [&hellip;]","_links":{"self":[{"href":"https:\/\/fundacioncajaruraldelsur.com\/pt\/wp-json\/wp\/v2\/posts\/11276","targetHints":{"allow":["GET"]}}],"collection":[{"href":"https:\/\/fundacioncajaruraldelsur.com\/pt\/wp-json\/wp\/v2\/posts"}],"about":[{"href":"https:\/\/fundacioncajaruraldelsur.com\/pt\/wp-json\/wp\/v2\/types\/post"}],"author":[{"embeddable":true,"href":"https:\/\/fundacioncajaruraldelsur.com\/pt\/wp-json\/wp\/v2\/users\/6"}],"replies":[{"embeddable":true,"href":"https:\/\/fundacioncajaruraldelsur.com\/pt\/wp-json\/wp\/v2\/comments?post=11276"}],"version-history":[{"count":1,"href":"https:\/\/fundacioncajaruraldelsur.com\/pt\/wp-json\/wp\/v2\/posts\/11276\/revisions"}],"predecessor-version":[{"id":11280,"href":"https:\/\/fundacioncajaruraldelsur.com\/pt\/wp-json\/wp\/v2\/posts\/11276\/revisions\/11280"}],"wp:featuredmedia":[{"embeddable":true,"href":"https:\/\/fundacioncajaruraldelsur.com\/pt\/wp-json\/wp\/v2\/media\/11277"}],"wp:attachment":[{"href":"https:\/\/fundacioncajaruraldelsur.com\/pt\/wp-json\/wp\/v2\/media?parent=11276"}],"wp:term":[{"taxonomy":"category","embeddable":true,"href":"https:\/\/fundacioncajaruraldelsur.com\/pt\/wp-json\/wp\/v2\/categories?post=11276"},{"taxonomy":"post_tag","embeddable":true,"href":"https:\/\/fundacioncajaruraldelsur.com\/pt\/wp-json\/wp\/v2\/tags?post=11276"}],"curies":[{"name":"wp","href":"https:\/\/api.w.org\/{rel}","templated":true}]}}