{"id":11215,"date":"2025-05-16T13:42:31","date_gmt":"2025-05-16T12:42:31","guid":{"rendered":"https:\/\/fundacioncajaruraldelsur.com\/?p=11215"},"modified":"2025-05-16T13:42:39","modified_gmt":"2025-05-16T12:42:39","slug":"presentado-cronicas-de-un-genio-libro-sobre-morante-en-la-fundacion-caja-rural-del-sur-en-sevilla","status":"publish","type":"post","link":"https:\/\/fundacioncajaruraldelsur.com\/pt\/presentado-cronicas-de-un-genio-libro-sobre-morante-en-la-fundacion-caja-rural-del-sur-en-sevilla\/","title":{"rendered":"Presentado \u2018Cr\u00f3nicas de un Genio\u2019, libro sobre Morante, en la Fundaci\u00f3n Caja Rural del Sur en Sevilla"},"content":{"rendered":"<p>La sede de la Fundaci\u00f3n Caja Rural del Sur de Sevilla acogi\u00f3 en la tarde del mi\u00e9rcoles 14 de mayo la presentaci\u00f3n de un libro escrito por el cronista taurino Manuel Viera Navarro, colaborador entre otros muchos medios de <strong>COPE Utrera y El Peri\u00f3dico de Utrera<\/strong>. El libro en cuesti\u00f3n, est\u00e1 dedicado a Morante de la Puebla y lleva por t\u00edtulo \u2018Cr\u00f3nicas de un genio. Morante de la Puebla\u2019.<\/p>\n<p>El acto estuvo conducido por el periodista Emilio Trigo, qui\u00e9n dedic\u00f3 en su intervenci\u00f3n unas preciosas palabras a Manolo, que ha sido su mentor en el mundo del periodismo taurino a lo largo de las \u00faltimas d\u00e9cadas. En la mesa tambi\u00e9n estuvieron, adem\u00e1s del autor del libro, el periodista de ABC de Sevilla Jes\u00fas Bayort, el delegado de gobierno de la\u00a0<strong>Junta de Andaluc\u00eda en Sevilla<\/strong>, Ricardo S\u00e1nchez y el fot\u00f3grafo Eduardo Porcuna, autor de las 20 im\u00e1genes que ilustran el libro. Todos ellos destacaron la humanidad, la bondad y la profesionalidad de Manuel Viera, una personalidad imprescindible en la escena taurina sevillana.<\/p>\n<p>Una cita a la que acudieron numerosos representantes del\u00a0<strong>mundo de los toros de Sevilla<\/strong>, entre los que destacaron compa\u00f1eros de Manolo de los medios de comunicaci\u00f3n que quisieron as\u00ed mostrar su apoyo a un cronista que ha dedicado toda una vida a su pasi\u00f3n.<\/p>\n<p>En esta presentaci\u00f3n los protagonistas destacaron el \u00abesp\u00edritu cr\u00edtico con el que\u00a0<strong>Manuel Viera<\/strong>\u00a0ha afrontado siempre su labor, que se ve plasmado en este libro\u00bb. Se trata de un trabajo literario \u00abque cuenta las verdades\u00bb, en el que se han recopilado art\u00edculos dedicados a Morante de la Puebla por el autor desde el a\u00f1o 2009 hasta la actualidad.<\/p>\n<p>Esta obra, que se puede comprar en las principales plataformas digitales, se va a presentar tambi\u00e9n en Utrera, concretamente el pr\u00f3ximo\u00a0<strong>lunes 19 de mayo, a las 20.00 horas<\/strong>, en un acto que va a tener lugar en el Hospital de la Santa Resurrecci\u00f3n de Utrera, entrando por la antigua biblioteca Catalina de Perea.<\/p>","protected":false},"excerpt":{"rendered":"<p>La sede de la Fundaci\u00f3n Caja Rural del Sur de Sevilla acogi\u00f3 en la tarde del mi\u00e9rcoles 14 de mayo la presentaci\u00f3n de un libro escrito por el cronista taurino [&hellip;]<\/p>\n","protected":false},"author":6,"featured_media":11216,"comment_status":"closed","ping_status":"closed","sticky":false,"template":"","format":"standard","meta":{"footnotes":""},"categories":[66],"tags":[],"class_list":["post-11215","post","type-post","status-publish","format-standard","has-post-thumbnail","hentry","category-actos"],"yoast_head":"<!-- This site is optimized with the Yoast SEO plugin v27.3 - https:\/\/yoast.com\/product\/yoast-seo-wordpress\/ -->\n<title>Presentado \u2018Cr\u00f3nicas de un Genio\u2019, libro sobre Morante, en la Fundaci\u00f3n Caja Rural del Sur en Sevilla - Fundaci\u00f3n Caja Rural del Sur<\/title>\n<meta name=\"robots\" content=\"index, follow, max-snippet:-1, max-image-preview:large, max-video-preview:-1\" \/>\n<link rel=\"canonical\" href=\"https:\/\/fundacioncajaruraldelsur.com\/pt\/presentado-cronicas-de-un-genio-libro-sobre-morante-en-la-fundacion-caja-rural-del-sur-en-sevilla\/\" \/>\n<meta property=\"og:locale\" content=\"pt_PT\" \/>\n<meta property=\"og:type\" content=\"article\" \/>\n<meta property=\"og:title\" content=\"Presentado \u2018Cr\u00f3nicas de un Genio\u2019, libro sobre Morante, en la Fundaci\u00f3n Caja Rural del Sur en Sevilla - Fundaci\u00f3n Caja Rural del Sur\" \/>\n<meta property=\"og:description\" content=\"La sede de la Fundaci\u00f3n Caja Rural del Sur de Sevilla acogi\u00f3 en la tarde del mi\u00e9rcoles 14 de mayo la presentaci\u00f3n de un libro escrito por el cronista taurino [&hellip;]\" \/>\n<meta property=\"og:url\" content=\"https:\/\/fundacioncajaruraldelsur.com\/pt\/presentado-cronicas-de-un-genio-libro-sobre-morante-en-la-fundacion-caja-rural-del-sur-en-sevilla\/\" \/>\n<meta property=\"og:site_name\" content=\"Fundaci\u00f3n Caja Rural del Sur\" \/>\n<meta property=\"article:published_time\" content=\"2025-05-16T12:42:31+00:00\" \/>\n<meta property=\"article:modified_time\" content=\"2025-05-16T12:42:39+00:00\" \/>\n<meta property=\"og:image\" content=\"https:\/\/fundacioncajaruraldelsur.com\/wp-content\/uploads\/2025\/05\/viera-libro-presentacion-848x478-1.jpg\" \/>\n\t<meta property=\"og:image:width\" content=\"848\" \/>\n\t<meta property=\"og:image:height\" content=\"478\" \/>\n\t<meta property=\"og:image:type\" content=\"image\/jpeg\" \/>\n<meta name=\"author\" content=\"Comunicaci\u00f3n\" \/>\n<meta name=\"twitter:card\" content=\"summary_large_image\" \/>\n<meta name=\"twitter:label1\" content=\"Written by\" \/>\n\t<meta name=\"twitter:data1\" content=\"Comunicaci\u00f3n\" \/>\n\t<meta name=\"twitter:label2\" content=\"Est. reading time\" \/>\n\t<meta name=\"twitter:data2\" content=\"2 minutes\" \/>\n<script type=\"application\/ld+json\" class=\"yoast-schema-graph\">{\"@context\":\"https:\\\/\\\/schema.org\",\"@graph\":[{\"@type\":\"Article\",\"@id\":\"https:\\\/\\\/fundacioncajaruraldelsur.com\\\/presentado-cronicas-de-un-genio-libro-sobre-morante-en-la-fundacion-caja-rural-del-sur-en-sevilla\\\/#article\",\"isPartOf\":{\"@id\":\"https:\\\/\\\/fundacioncajaruraldelsur.com\\\/presentado-cronicas-de-un-genio-libro-sobre-morante-en-la-fundacion-caja-rural-del-sur-en-sevilla\\\/\"},\"author\":{\"name\":\"Comunicaci\u00f3n\",\"@id\":\"https:\\\/\\\/fundacioncajaruraldelsur.com\\\/#\\\/schema\\\/person\\\/f430da9fb783d505ff061ad8b3d44577\"},\"headline\":\"Presentado \u2018Cr\u00f3nicas de un Genio\u2019, libro sobre Morante, en la Fundaci\u00f3n Caja Rural del Sur en Sevilla\",\"datePublished\":\"2025-05-16T12:42:31+00:00\",\"dateModified\":\"2025-05-16T12:42:39+00:00\",\"mainEntityOfPage\":{\"@id\":\"https:\\\/\\\/fundacioncajaruraldelsur.com\\\/presentado-cronicas-de-un-genio-libro-sobre-morante-en-la-fundacion-caja-rural-del-sur-en-sevilla\\\/\"},\"wordCount\":372,\"image\":{\"@id\":\"https:\\\/\\\/fundacioncajaruraldelsur.com\\\/presentado-cronicas-de-un-genio-libro-sobre-morante-en-la-fundacion-caja-rural-del-sur-en-sevilla\\\/#primaryimage\"},\"thumbnailUrl\":\"https:\\\/\\\/fundacioncajaruraldelsur.com\\\/wp-content\\\/uploads\\\/2025\\\/05\\\/viera-libro-presentacion-848x478-1.jpg\",\"articleSection\":[\"Actos\"],\"inLanguage\":\"pt-PT\"},{\"@type\":\"WebPage\",\"@id\":\"https:\\\/\\\/fundacioncajaruraldelsur.com\\\/presentado-cronicas-de-un-genio-libro-sobre-morante-en-la-fundacion-caja-rural-del-sur-en-sevilla\\\/\",\"url\":\"https:\\\/\\\/fundacioncajaruraldelsur.com\\\/presentado-cronicas-de-un-genio-libro-sobre-morante-en-la-fundacion-caja-rural-del-sur-en-sevilla\\\/\",\"name\":\"Presentado \u2018Cr\u00f3nicas de un Genio\u2019, libro sobre Morante, en la Fundaci\u00f3n Caja Rural del Sur en Sevilla - Fundaci\u00f3n Caja Rural del Sur\",\"isPartOf\":{\"@id\":\"https:\\\/\\\/fundacioncajaruraldelsur.com\\\/#website\"},\"primaryImageOfPage\":{\"@id\":\"https:\\\/\\\/fundacioncajaruraldelsur.com\\\/presentado-cronicas-de-un-genio-libro-sobre-morante-en-la-fundacion-caja-rural-del-sur-en-sevilla\\\/#primaryimage\"},\"image\":{\"@id\":\"https:\\\/\\\/fundacioncajaruraldelsur.com\\\/presentado-cronicas-de-un-genio-libro-sobre-morante-en-la-fundacion-caja-rural-del-sur-en-sevilla\\\/#primaryimage\"},\"thumbnailUrl\":\"https:\\\/\\\/fundacioncajaruraldelsur.com\\\/wp-content\\\/uploads\\\/2025\\\/05\\\/viera-libro-presentacion-848x478-1.jpg\",\"datePublished\":\"2025-05-16T12:42:31+00:00\",\"dateModified\":\"2025-05-16T12:42:39+00:00\",\"author\":{\"@id\":\"https:\\\/\\\/fundacioncajaruraldelsur.com\\\/#\\\/schema\\\/person\\\/f430da9fb783d505ff061ad8b3d44577\"},\"breadcrumb\":{\"@id\":\"https:\\\/\\\/fundacioncajaruraldelsur.com\\\/presentado-cronicas-de-un-genio-libro-sobre-morante-en-la-fundacion-caja-rural-del-sur-en-sevilla\\\/#breadcrumb\"},\"inLanguage\":\"pt-PT\",\"potentialAction\":[{\"@type\":\"ReadAction\",\"target\":[\"https:\\\/\\\/fundacioncajaruraldelsur.com\\\/presentado-cronicas-de-un-genio-libro-sobre-morante-en-la-fundacion-caja-rural-del-sur-en-sevilla\\\/\"]}]},{\"@type\":\"ImageObject\",\"inLanguage\":\"pt-PT\",\"@id\":\"https:\\\/\\\/fundacioncajaruraldelsur.com\\\/presentado-cronicas-de-un-genio-libro-sobre-morante-en-la-fundacion-caja-rural-del-sur-en-sevilla\\\/#primaryimage\",\"url\":\"https:\\\/\\\/fundacioncajaruraldelsur.com\\\/wp-content\\\/uploads\\\/2025\\\/05\\\/viera-libro-presentacion-848x478-1.jpg\",\"contentUrl\":\"https:\\\/\\\/fundacioncajaruraldelsur.com\\\/wp-content\\\/uploads\\\/2025\\\/05\\\/viera-libro-presentacion-848x478-1.jpg\",\"width\":848,\"height\":478},{\"@type\":\"BreadcrumbList\",\"@id\":\"https:\\\/\\\/fundacioncajaruraldelsur.com\\\/presentado-cronicas-de-un-genio-libro-sobre-morante-en-la-fundacion-caja-rural-del-sur-en-sevilla\\\/#breadcrumb\",\"itemListElement\":[{\"@type\":\"ListItem\",\"position\":1,\"name\":\"Portada\",\"item\":\"https:\\\/\\\/fundacioncajaruraldelsur.com\\\/\"},{\"@type\":\"ListItem\",\"position\":2,\"name\":\"Presentado \u2018Cr\u00f3nicas de un Genio\u2019, libro sobre Morante, en la Fundaci\u00f3n Caja Rural del Sur en Sevilla\"}]},{\"@type\":\"WebSite\",\"@id\":\"https:\\\/\\\/fundacioncajaruraldelsur.com\\\/#website\",\"url\":\"https:\\\/\\\/fundacioncajaruraldelsur.com\\\/\",\"name\":\"Fundaci\u00f3n Caja Rural del Sur\",\"description\":\"\",\"potentialAction\":[{\"@type\":\"SearchAction\",\"target\":{\"@type\":\"EntryPoint\",\"urlTemplate\":\"https:\\\/\\\/fundacioncajaruraldelsur.com\\\/?s={search_term_string}\"},\"query-input\":{\"@type\":\"PropertyValueSpecification\",\"valueRequired\":true,\"valueName\":\"search_term_string\"}}],\"inLanguage\":\"pt-PT\"},{\"@type\":\"Person\",\"@id\":\"https:\\\/\\\/fundacioncajaruraldelsur.com\\\/#\\\/schema\\\/person\\\/f430da9fb783d505ff061ad8b3d44577\",\"name\":\"Comunicaci\u00f3n\",\"image\":{\"@type\":\"ImageObject\",\"inLanguage\":\"pt-PT\",\"@id\":\"https:\\\/\\\/secure.gravatar.com\\\/avatar\\\/0dca239875993680bac4603ad2de7942da018f52cc3a244578e0b3b09314a8d8?s=96&d=blank&r=g\",\"url\":\"https:\\\/\\\/secure.gravatar.com\\\/avatar\\\/0dca239875993680bac4603ad2de7942da018f52cc3a244578e0b3b09314a8d8?s=96&d=blank&r=g\",\"contentUrl\":\"https:\\\/\\\/secure.gravatar.com\\\/avatar\\\/0dca239875993680bac4603ad2de7942da018f52cc3a244578e0b3b09314a8d8?s=96&d=blank&r=g\",\"caption\":\"Comunicaci\u00f3n\"}}]}<\/script>\n<!-- \/ Yoast SEO plugin. -->","yoast_head_json":{"title":"Presentado \u2018Cr\u00f3nicas de un Genio\u2019, libro sobre Morante, en la Fundaci\u00f3n Caja Rural del Sur en Sevilla - Fundaci\u00f3n Caja Rural del Sur","robots":{"index":"index","follow":"follow","max-snippet":"max-snippet:-1","max-image-preview":"max-image-preview:large","max-video-preview":"max-video-preview:-1"},"canonical":"https:\/\/fundacioncajaruraldelsur.com\/pt\/presentado-cronicas-de-un-genio-libro-sobre-morante-en-la-fundacion-caja-rural-del-sur-en-sevilla\/","og_locale":"pt_PT","og_type":"article","og_title":"Presentado \u2018Cr\u00f3nicas de un Genio\u2019, libro sobre Morante, en la Fundaci\u00f3n Caja Rural del Sur en Sevilla - Fundaci\u00f3n Caja Rural del Sur","og_description":"La sede de la Fundaci\u00f3n Caja Rural del Sur de Sevilla acogi\u00f3 en la tarde del mi\u00e9rcoles 14 de mayo la presentaci\u00f3n de un libro escrito por el cronista taurino [&hellip;]","og_url":"https:\/\/fundacioncajaruraldelsur.com\/pt\/presentado-cronicas-de-un-genio-libro-sobre-morante-en-la-fundacion-caja-rural-del-sur-en-sevilla\/","og_site_name":"Fundaci\u00f3n Caja Rural del Sur","article_published_time":"2025-05-16T12:42:31+00:00","article_modified_time":"2025-05-16T12:42:39+00:00","og_image":[{"width":848,"height":478,"url":"https:\/\/fundacioncajaruraldelsur.com\/wp-content\/uploads\/2025\/05\/viera-libro-presentacion-848x478-1.jpg","type":"image\/jpeg"}],"author":"Comunicaci\u00f3n","twitter_card":"summary_large_image","twitter_misc":{"Written by":"Comunicaci\u00f3n","Est. reading time":"2 minutes"},"schema":{"@context":"https:\/\/schema.org","@graph":[{"@type":"Article","@id":"https:\/\/fundacioncajaruraldelsur.com\/presentado-cronicas-de-un-genio-libro-sobre-morante-en-la-fundacion-caja-rural-del-sur-en-sevilla\/#article","isPartOf":{"@id":"https:\/\/fundacioncajaruraldelsur.com\/presentado-cronicas-de-un-genio-libro-sobre-morante-en-la-fundacion-caja-rural-del-sur-en-sevilla\/"},"author":{"name":"Comunicaci\u00f3n","@id":"https:\/\/fundacioncajaruraldelsur.com\/#\/schema\/person\/f430da9fb783d505ff061ad8b3d44577"},"headline":"Presentado \u2018Cr\u00f3nicas de un Genio\u2019, libro sobre Morante, en la Fundaci\u00f3n Caja Rural del Sur en Sevilla","datePublished":"2025-05-16T12:42:31+00:00","dateModified":"2025-05-16T12:42:39+00:00","mainEntityOfPage":{"@id":"https:\/\/fundacioncajaruraldelsur.com\/presentado-cronicas-de-un-genio-libro-sobre-morante-en-la-fundacion-caja-rural-del-sur-en-sevilla\/"},"wordCount":372,"image":{"@id":"https:\/\/fundacioncajaruraldelsur.com\/presentado-cronicas-de-un-genio-libro-sobre-morante-en-la-fundacion-caja-rural-del-sur-en-sevilla\/#primaryimage"},"thumbnailUrl":"https:\/\/fundacioncajaruraldelsur.com\/wp-content\/uploads\/2025\/05\/viera-libro-presentacion-848x478-1.jpg","articleSection":["Actos"],"inLanguage":"pt-PT"},{"@type":"WebPage","@id":"https:\/\/fundacioncajaruraldelsur.com\/presentado-cronicas-de-un-genio-libro-sobre-morante-en-la-fundacion-caja-rural-del-sur-en-sevilla\/","url":"https:\/\/fundacioncajaruraldelsur.com\/presentado-cronicas-de-un-genio-libro-sobre-morante-en-la-fundacion-caja-rural-del-sur-en-sevilla\/","name":"Presentado \u2018Cr\u00f3nicas de un Genio\u2019, libro sobre Morante, en la Fundaci\u00f3n Caja Rural del Sur en Sevilla - Fundaci\u00f3n Caja Rural del Sur","isPartOf":{"@id":"https:\/\/fundacioncajaruraldelsur.com\/#website"},"primaryImageOfPage":{"@id":"https:\/\/fundacioncajaruraldelsur.com\/presentado-cronicas-de-un-genio-libro-sobre-morante-en-la-fundacion-caja-rural-del-sur-en-sevilla\/#primaryimage"},"image":{"@id":"https:\/\/fundacioncajaruraldelsur.com\/presentado-cronicas-de-un-genio-libro-sobre-morante-en-la-fundacion-caja-rural-del-sur-en-sevilla\/#primaryimage"},"thumbnailUrl":"https:\/\/fundacioncajaruraldelsur.com\/wp-content\/uploads\/2025\/05\/viera-libro-presentacion-848x478-1.jpg","datePublished":"2025-05-16T12:42:31+00:00","dateModified":"2025-05-16T12:42:39+00:00","author":{"@id":"https:\/\/fundacioncajaruraldelsur.com\/#\/schema\/person\/f430da9fb783d505ff061ad8b3d44577"},"breadcrumb":{"@id":"https:\/\/fundacioncajaruraldelsur.com\/presentado-cronicas-de-un-genio-libro-sobre-morante-en-la-fundacion-caja-rural-del-sur-en-sevilla\/#breadcrumb"},"inLanguage":"pt-PT","potentialAction":[{"@type":"ReadAction","target":["https:\/\/fundacioncajaruraldelsur.com\/presentado-cronicas-de-un-genio-libro-sobre-morante-en-la-fundacion-caja-rural-del-sur-en-sevilla\/"]}]},{"@type":"ImageObject","inLanguage":"pt-PT","@id":"https:\/\/fundacioncajaruraldelsur.com\/presentado-cronicas-de-un-genio-libro-sobre-morante-en-la-fundacion-caja-rural-del-sur-en-sevilla\/#primaryimage","url":"https:\/\/fundacioncajaruraldelsur.com\/wp-content\/uploads\/2025\/05\/viera-libro-presentacion-848x478-1.jpg","contentUrl":"https:\/\/fundacioncajaruraldelsur.com\/wp-content\/uploads\/2025\/05\/viera-libro-presentacion-848x478-1.jpg","width":848,"height":478},{"@type":"BreadcrumbList","@id":"https:\/\/fundacioncajaruraldelsur.com\/presentado-cronicas-de-un-genio-libro-sobre-morante-en-la-fundacion-caja-rural-del-sur-en-sevilla\/#breadcrumb","itemListElement":[{"@type":"ListItem","position":1,"name":"Portada","item":"https:\/\/fundacioncajaruraldelsur.com\/"},{"@type":"ListItem","position":2,"name":"Presentado \u2018Cr\u00f3nicas de un Genio\u2019, libro sobre Morante, en la Fundaci\u00f3n Caja Rural del Sur en Sevilla"}]},{"@type":"WebSite","@id":"https:\/\/fundacioncajaruraldelsur.com\/#website","url":"https:\/\/fundacioncajaruraldelsur.com\/","name":"Funda\u00e7\u00e3o Caja Rural del Sur","description":"","potentialAction":[{"@type":"SearchAction","target":{"@type":"EntryPoint","urlTemplate":"https:\/\/fundacioncajaruraldelsur.com\/?s={search_term_string}"},"query-input":{"@type":"PropertyValueSpecification","valueRequired":true,"valueName":"search_term_string"}}],"inLanguage":"pt-PT"},{"@type":"Person","@id":"https:\/\/fundacioncajaruraldelsur.com\/#\/schema\/person\/f430da9fb783d505ff061ad8b3d44577","name":"Comunicaci\u00f3n","image":{"@type":"ImageObject","inLanguage":"pt-PT","@id":"https:\/\/secure.gravatar.com\/avatar\/0dca239875993680bac4603ad2de7942da018f52cc3a244578e0b3b09314a8d8?s=96&d=blank&r=g","url":"https:\/\/secure.gravatar.com\/avatar\/0dca239875993680bac4603ad2de7942da018f52cc3a244578e0b3b09314a8d8?s=96&d=blank&r=g","contentUrl":"https:\/\/secure.gravatar.com\/avatar\/0dca239875993680bac4603ad2de7942da018f52cc3a244578e0b3b09314a8d8?s=96&d=blank&r=g","caption":"Comunicaci\u00f3n"}}]}},"rttpg_featured_image_url":{"full":["https:\/\/fundacioncajaruraldelsur.com\/wp-content\/uploads\/2025\/05\/viera-libro-presentacion-848x478-1.jpg",848,478,false],"landscape":["https:\/\/fundacioncajaruraldelsur.com\/wp-content\/uploads\/2025\/05\/viera-libro-presentacion-848x478-1.jpg",848,478,false],"portraits":["https:\/\/fundacioncajaruraldelsur.com\/wp-content\/uploads\/2025\/05\/viera-libro-presentacion-848x478-1.jpg",848,478,false],"thumbnail":["https:\/\/fundacioncajaruraldelsur.com\/wp-content\/uploads\/2025\/05\/viera-libro-presentacion-848x478-1-150x150.jpg",150,150,true],"medium":["https:\/\/fundacioncajaruraldelsur.com\/wp-content\/uploads\/2025\/05\/viera-libro-presentacion-848x478-1-300x169.jpg",300,169,true],"large":["https:\/\/fundacioncajaruraldelsur.com\/wp-content\/uploads\/2025\/05\/viera-libro-presentacion-848x478-1.jpg",848,478,false],"1536x1536":["https:\/\/fundacioncajaruraldelsur.com\/wp-content\/uploads\/2025\/05\/viera-libro-presentacion-848x478-1.jpg",848,478,false],"2048x2048":["https:\/\/fundacioncajaruraldelsur.com\/wp-content\/uploads\/2025\/05\/viera-libro-presentacion-848x478-1.jpg",848,478,false],"trp-custom-language-flag":["https:\/\/fundacioncajaruraldelsur.com\/wp-content\/uploads\/2025\/05\/viera-libro-presentacion-848x478-1.jpg",18,10,false],"blog-thumbnail":["https:\/\/fundacioncajaruraldelsur.com\/wp-content\/uploads\/2025\/05\/viera-libro-presentacion-848x478-1-400x200.jpg",400,200,true]},"rttpg_author":{"display_name":"Comunicaci\u00f3n","author_link":"https:\/\/fundacioncajaruraldelsur.com\/pt\/author\/sevillaadmin\/"},"rttpg_comment":0,"rttpg_category":"<a href=\"https:\/\/fundacioncajaruraldelsur.com\/pt\/category\/actos\/\" rel=\"category tag\">Actos<\/a>","rttpg_excerpt":"La sede de la Fundaci\u00f3n Caja Rural del Sur de Sevilla acogi\u00f3 en la tarde del mi\u00e9rcoles 14 de mayo la presentaci\u00f3n de un libro escrito por el cronista taurino [&hellip;]","_links":{"self":[{"href":"https:\/\/fundacioncajaruraldelsur.com\/pt\/wp-json\/wp\/v2\/posts\/11215","targetHints":{"allow":["GET"]}}],"collection":[{"href":"https:\/\/fundacioncajaruraldelsur.com\/pt\/wp-json\/wp\/v2\/posts"}],"about":[{"href":"https:\/\/fundacioncajaruraldelsur.com\/pt\/wp-json\/wp\/v2\/types\/post"}],"author":[{"embeddable":true,"href":"https:\/\/fundacioncajaruraldelsur.com\/pt\/wp-json\/wp\/v2\/users\/6"}],"replies":[{"embeddable":true,"href":"https:\/\/fundacioncajaruraldelsur.com\/pt\/wp-json\/wp\/v2\/comments?post=11215"}],"version-history":[{"count":1,"href":"https:\/\/fundacioncajaruraldelsur.com\/pt\/wp-json\/wp\/v2\/posts\/11215\/revisions"}],"predecessor-version":[{"id":11217,"href":"https:\/\/fundacioncajaruraldelsur.com\/pt\/wp-json\/wp\/v2\/posts\/11215\/revisions\/11217"}],"wp:featuredmedia":[{"embeddable":true,"href":"https:\/\/fundacioncajaruraldelsur.com\/pt\/wp-json\/wp\/v2\/media\/11216"}],"wp:attachment":[{"href":"https:\/\/fundacioncajaruraldelsur.com\/pt\/wp-json\/wp\/v2\/media?parent=11215"}],"wp:term":[{"taxonomy":"category","embeddable":true,"href":"https:\/\/fundacioncajaruraldelsur.com\/pt\/wp-json\/wp\/v2\/categories?post=11215"},{"taxonomy":"post_tag","embeddable":true,"href":"https:\/\/fundacioncajaruraldelsur.com\/pt\/wp-json\/wp\/v2\/tags?post=11215"}],"curies":[{"name":"wp","href":"https:\/\/api.w.org\/{rel}","templated":true}]}}