{"id":11208,"date":"2025-05-14T08:53:51","date_gmt":"2025-05-14T07:53:51","guid":{"rendered":"https:\/\/fundacioncajaruraldelsur.com\/?p=11208"},"modified":"2025-05-14T08:53:51","modified_gmt":"2025-05-14T07:53:51","slug":"inaugurada-la-exposicion-como-un-arlequin-en-plena-danza-de-la-artista-sevillana-mento-munoz-en-la-fundacion-caja-rural-del-sur-en-sevilla","status":"publish","type":"post","link":"https:\/\/fundacioncajaruraldelsur.com\/pt\/inaugurada-la-exposicion-como-un-arlequin-en-plena-danza-de-la-artista-sevillana-mento-munoz-en-la-fundacion-caja-rural-del-sur-en-sevilla\/","title":{"rendered":"Inaugurada la exposici\u00f3n \u201cComo un arlequ\u00edn en plena danza\u201d de la artista sevillana Mento Mu\u00f1oz en la Fundaci\u00f3n Caja Rural del Sur en Sevilla"},"content":{"rendered":"<p>Este martes 13 de mayo tuvo lugar la inauguraci\u00f3n de la exposici\u00f3n \u00abComo un arlequ\u00edn en plena danza\u00bb de la artista Mento Mu\u00f1oz en el Centro Cultural Jos\u00e9 Luis Garc\u00eda Palacios, sede de la Fundaci\u00f3n Caja Rural del Sur en Sevilla (calle Murillo, 2). La muestra podr\u00e1 visitarse hasta el 11 de junio, en horario de lunes a viernes, de 10:00 a 14:00 h y de 18:00 a 21:00 h, con entrada libre.<\/p>\n<p>El acto de inauguraci\u00f3n de la exposici\u00f3n lo abr\u00eda la responsable de Gesti\u00f3n Cultural de la Fundaci\u00f3n Caja Rural del Sur, Mar\u00eda Luisa Garc\u00eda-Palacios, para expresar el agradecimiento del trabajo expuesto por Mento Mu\u00f1oz y el gran poder de convocatoria que hab\u00eda tenido la misma. Adem\u00e1s asistieron Layla Halc\u00f3n, asesora art\u00edstica de la Fundaci\u00f3n, y el artista David L\u00f3pez Panea.<\/p>\n<p>La exposici\u00f3n recoge una selecci\u00f3n de obras recientes de Mento Mu\u00f1oz, construidas a partir de un lenguaje pict\u00f3rico que se articula entre el collage, la geometr\u00eda, la repetici\u00f3n de formas y el gesto intuitivo. En esta muestra, la artista despliega un universo visual propio donde convergen estructuras ensambladas, patrones geom\u00e9tricos y una paleta crom\u00e1tica vibrante, evocando una coreograf\u00eda pl\u00e1stica que da t\u00edtulo a la exposici\u00f3n: como un arlequ\u00edn en plena danza.<\/p>\n<p>Su imaginario conecta en la exposici\u00f3n con referentes hist\u00f3ricos como John Heartfield o la est\u00e9tica gr\u00e1fica de los a\u00f1os 50, as\u00ed como con figuras clave del arte contempor\u00e1neo como Frank Stella, Sol Lewitt, Bridget Riley o Anni Albers. A trav\u00e9s de estas influencias, Mento desarrolla un lenguaje que combina la precisi\u00f3n estructural con una rebeld\u00eda crom\u00e1tica que rompe cualquier rigidez formal.<\/p>\n<p>El t\u00edtulo de la exposici\u00f3n, \u00abComo un arlequ\u00edn en plena danza\u00bb, funciona como una met\u00e1fora del proceso pict\u00f3rico de la artista: sus obras se construyen desde el movimiento, la superposici\u00f3n y el juego visual. En ellas, los rombos, l\u00edneas y estructuras aparecen y se desdibujan en composiciones donde el equilibrio es siempre din\u00e1mico, inestable y lleno de vida.<\/p>\n<p>Desde sus inicios, Mento Mu\u00f1oz ha trabajado desde la urgencia de la imagen, en un proceso creativo donde cada decisi\u00f3n pl\u00e1stica genera la siguiente en una suerte de reacci\u00f3n en cadena. Su obra no parte de una planificaci\u00f3n cerrada, sino de un impulso que se transforma en ritmo visual.<\/p>\n<p>En este sentido, su metodolog\u00eda de trabajo se basa en la acumulaci\u00f3n y la superposici\u00f3n, elementos que beben tanto del collage tradicional como de las l\u00f3gicas visuales del arte urbano, la gr\u00e1fica popular y el arte \u00f3ptico.<\/p>\n<p>Antes de centrarse en la pintura, Mu\u00f1oz ya exploraba la intervenci\u00f3n de im\u00e1genes y la reorganizaci\u00f3n de estructuras visuales. Esa forma de pensar persiste en su pintura, ahora con una intensidad renovada: sus lienzos funcionan como palimpsestos contempor\u00e1neos en los que las formas, los colores y los fragmentos conviven en una tensi\u00f3n constante entre el orden y el caos.<\/p>\n<p>&nbsp;<\/p>\n<p>&nbsp;<\/p>","protected":false},"excerpt":{"rendered":"<p>Este martes 13 de mayo tuvo lugar la inauguraci\u00f3n de la exposici\u00f3n \u00abComo un arlequ\u00edn en plena danza\u00bb de la artista Mento Mu\u00f1oz en el Centro Cultural Jos\u00e9 Luis Garc\u00eda [&hellip;]<\/p>\n","protected":false},"author":6,"featured_media":11209,"comment_status":"closed","ping_status":"closed","sticky":false,"template":"","format":"standard","meta":{"footnotes":""},"categories":[82],"tags":[],"class_list":["post-11208","post","type-post","status-publish","format-standard","has-post-thumbnail","hentry","category-exposiciones"],"yoast_head":"<!-- This site is optimized with the Yoast SEO plugin v27.3 - https:\/\/yoast.com\/product\/yoast-seo-wordpress\/ -->\n<title>Inaugurada la exposici\u00f3n \u201cComo un arlequ\u00edn en plena danza\u201d de la artista sevillana Mento Mu\u00f1oz en la Fundaci\u00f3n Caja Rural del Sur en Sevilla - Fundaci\u00f3n Caja Rural del Sur<\/title>\n<meta name=\"robots\" content=\"index, follow, max-snippet:-1, max-image-preview:large, max-video-preview:-1\" \/>\n<link rel=\"canonical\" href=\"https:\/\/fundacioncajaruraldelsur.com\/pt\/inaugurada-la-exposicion-como-un-arlequin-en-plena-danza-de-la-artista-sevillana-mento-munoz-en-la-fundacion-caja-rural-del-sur-en-sevilla\/\" \/>\n<meta property=\"og:locale\" content=\"pt_PT\" \/>\n<meta property=\"og:type\" content=\"article\" \/>\n<meta property=\"og:title\" content=\"Inaugurada la exposici\u00f3n \u201cComo un arlequ\u00edn en plena danza\u201d de la artista sevillana Mento Mu\u00f1oz en la Fundaci\u00f3n Caja Rural del Sur en Sevilla - Fundaci\u00f3n Caja Rural del Sur\" \/>\n<meta property=\"og:description\" content=\"Este martes 13 de mayo tuvo lugar la inauguraci\u00f3n de la exposici\u00f3n \u00abComo un arlequ\u00edn en plena danza\u00bb de la artista Mento Mu\u00f1oz en el Centro Cultural Jos\u00e9 Luis Garc\u00eda [&hellip;]\" \/>\n<meta property=\"og:url\" content=\"https:\/\/fundacioncajaruraldelsur.com\/pt\/inaugurada-la-exposicion-como-un-arlequin-en-plena-danza-de-la-artista-sevillana-mento-munoz-en-la-fundacion-caja-rural-del-sur-en-sevilla\/\" \/>\n<meta property=\"og:site_name\" content=\"Fundaci\u00f3n Caja Rural del Sur\" \/>\n<meta property=\"article:published_time\" content=\"2025-05-14T07:53:51+00:00\" \/>\n<meta property=\"og:image\" content=\"https:\/\/fundacioncajaruraldelsur.com\/wp-content\/uploads\/2025\/05\/Exposicion-de-Mento-Munoz-en-Caja-Rural-del-Sur-1.jpg\" \/>\n\t<meta property=\"og:image:width\" content=\"2048\" \/>\n\t<meta property=\"og:image:height\" content=\"1536\" \/>\n\t<meta property=\"og:image:type\" content=\"image\/jpeg\" \/>\n<meta name=\"author\" content=\"Comunicaci\u00f3n\" \/>\n<meta name=\"twitter:card\" content=\"summary_large_image\" \/>\n<meta name=\"twitter:label1\" content=\"Written by\" \/>\n\t<meta name=\"twitter:data1\" content=\"Comunicaci\u00f3n\" \/>\n\t<meta name=\"twitter:label2\" content=\"Est. reading time\" \/>\n\t<meta name=\"twitter:data2\" content=\"3 minutes\" \/>\n<script type=\"application\/ld+json\" class=\"yoast-schema-graph\">{\"@context\":\"https:\\\/\\\/schema.org\",\"@graph\":[{\"@type\":\"Article\",\"@id\":\"https:\\\/\\\/fundacioncajaruraldelsur.com\\\/inaugurada-la-exposicion-como-un-arlequin-en-plena-danza-de-la-artista-sevillana-mento-munoz-en-la-fundacion-caja-rural-del-sur-en-sevilla\\\/#article\",\"isPartOf\":{\"@id\":\"https:\\\/\\\/fundacioncajaruraldelsur.com\\\/inaugurada-la-exposicion-como-un-arlequin-en-plena-danza-de-la-artista-sevillana-mento-munoz-en-la-fundacion-caja-rural-del-sur-en-sevilla\\\/\"},\"author\":{\"name\":\"Comunicaci\u00f3n\",\"@id\":\"https:\\\/\\\/fundacioncajaruraldelsur.com\\\/#\\\/schema\\\/person\\\/f430da9fb783d505ff061ad8b3d44577\"},\"headline\":\"Inaugurada la exposici\u00f3n \u201cComo un arlequ\u00edn en plena danza\u201d de la artista sevillana Mento Mu\u00f1oz en la Fundaci\u00f3n Caja Rural del Sur en Sevilla\",\"datePublished\":\"2025-05-14T07:53:51+00:00\",\"mainEntityOfPage\":{\"@id\":\"https:\\\/\\\/fundacioncajaruraldelsur.com\\\/inaugurada-la-exposicion-como-un-arlequin-en-plena-danza-de-la-artista-sevillana-mento-munoz-en-la-fundacion-caja-rural-del-sur-en-sevilla\\\/\"},\"wordCount\":557,\"image\":{\"@id\":\"https:\\\/\\\/fundacioncajaruraldelsur.com\\\/inaugurada-la-exposicion-como-un-arlequin-en-plena-danza-de-la-artista-sevillana-mento-munoz-en-la-fundacion-caja-rural-del-sur-en-sevilla\\\/#primaryimage\"},\"thumbnailUrl\":\"https:\\\/\\\/fundacioncajaruraldelsur.com\\\/wp-content\\\/uploads\\\/2025\\\/05\\\/Exposicion-de-Mento-Munoz-en-Caja-Rural-del-Sur-1.jpg\",\"articleSection\":[\"Exposiciones\"],\"inLanguage\":\"pt-PT\"},{\"@type\":\"WebPage\",\"@id\":\"https:\\\/\\\/fundacioncajaruraldelsur.com\\\/inaugurada-la-exposicion-como-un-arlequin-en-plena-danza-de-la-artista-sevillana-mento-munoz-en-la-fundacion-caja-rural-del-sur-en-sevilla\\\/\",\"url\":\"https:\\\/\\\/fundacioncajaruraldelsur.com\\\/inaugurada-la-exposicion-como-un-arlequin-en-plena-danza-de-la-artista-sevillana-mento-munoz-en-la-fundacion-caja-rural-del-sur-en-sevilla\\\/\",\"name\":\"Inaugurada la exposici\u00f3n \u201cComo un arlequ\u00edn en plena danza\u201d de la artista sevillana Mento Mu\u00f1oz en la Fundaci\u00f3n Caja Rural del Sur en Sevilla - Fundaci\u00f3n Caja Rural del Sur\",\"isPartOf\":{\"@id\":\"https:\\\/\\\/fundacioncajaruraldelsur.com\\\/#website\"},\"primaryImageOfPage\":{\"@id\":\"https:\\\/\\\/fundacioncajaruraldelsur.com\\\/inaugurada-la-exposicion-como-un-arlequin-en-plena-danza-de-la-artista-sevillana-mento-munoz-en-la-fundacion-caja-rural-del-sur-en-sevilla\\\/#primaryimage\"},\"image\":{\"@id\":\"https:\\\/\\\/fundacioncajaruraldelsur.com\\\/inaugurada-la-exposicion-como-un-arlequin-en-plena-danza-de-la-artista-sevillana-mento-munoz-en-la-fundacion-caja-rural-del-sur-en-sevilla\\\/#primaryimage\"},\"thumbnailUrl\":\"https:\\\/\\\/fundacioncajaruraldelsur.com\\\/wp-content\\\/uploads\\\/2025\\\/05\\\/Exposicion-de-Mento-Munoz-en-Caja-Rural-del-Sur-1.jpg\",\"datePublished\":\"2025-05-14T07:53:51+00:00\",\"author\":{\"@id\":\"https:\\\/\\\/fundacioncajaruraldelsur.com\\\/#\\\/schema\\\/person\\\/f430da9fb783d505ff061ad8b3d44577\"},\"breadcrumb\":{\"@id\":\"https:\\\/\\\/fundacioncajaruraldelsur.com\\\/inaugurada-la-exposicion-como-un-arlequin-en-plena-danza-de-la-artista-sevillana-mento-munoz-en-la-fundacion-caja-rural-del-sur-en-sevilla\\\/#breadcrumb\"},\"inLanguage\":\"pt-PT\",\"potentialAction\":[{\"@type\":\"ReadAction\",\"target\":[\"https:\\\/\\\/fundacioncajaruraldelsur.com\\\/inaugurada-la-exposicion-como-un-arlequin-en-plena-danza-de-la-artista-sevillana-mento-munoz-en-la-fundacion-caja-rural-del-sur-en-sevilla\\\/\"]}]},{\"@type\":\"ImageObject\",\"inLanguage\":\"pt-PT\",\"@id\":\"https:\\\/\\\/fundacioncajaruraldelsur.com\\\/inaugurada-la-exposicion-como-un-arlequin-en-plena-danza-de-la-artista-sevillana-mento-munoz-en-la-fundacion-caja-rural-del-sur-en-sevilla\\\/#primaryimage\",\"url\":\"https:\\\/\\\/fundacioncajaruraldelsur.com\\\/wp-content\\\/uploads\\\/2025\\\/05\\\/Exposicion-de-Mento-Munoz-en-Caja-Rural-del-Sur-1.jpg\",\"contentUrl\":\"https:\\\/\\\/fundacioncajaruraldelsur.com\\\/wp-content\\\/uploads\\\/2025\\\/05\\\/Exposicion-de-Mento-Munoz-en-Caja-Rural-del-Sur-1.jpg\",\"width\":2048,\"height\":1536},{\"@type\":\"BreadcrumbList\",\"@id\":\"https:\\\/\\\/fundacioncajaruraldelsur.com\\\/inaugurada-la-exposicion-como-un-arlequin-en-plena-danza-de-la-artista-sevillana-mento-munoz-en-la-fundacion-caja-rural-del-sur-en-sevilla\\\/#breadcrumb\",\"itemListElement\":[{\"@type\":\"ListItem\",\"position\":1,\"name\":\"Portada\",\"item\":\"https:\\\/\\\/fundacioncajaruraldelsur.com\\\/\"},{\"@type\":\"ListItem\",\"position\":2,\"name\":\"Inaugurada la exposici\u00f3n \u201cComo un arlequ\u00edn en plena danza\u201d de la artista sevillana Mento Mu\u00f1oz en la Fundaci\u00f3n Caja Rural del Sur en Sevilla\"}]},{\"@type\":\"WebSite\",\"@id\":\"https:\\\/\\\/fundacioncajaruraldelsur.com\\\/#website\",\"url\":\"https:\\\/\\\/fundacioncajaruraldelsur.com\\\/\",\"name\":\"Fundaci\u00f3n Caja Rural del Sur\",\"description\":\"\",\"potentialAction\":[{\"@type\":\"SearchAction\",\"target\":{\"@type\":\"EntryPoint\",\"urlTemplate\":\"https:\\\/\\\/fundacioncajaruraldelsur.com\\\/?s={search_term_string}\"},\"query-input\":{\"@type\":\"PropertyValueSpecification\",\"valueRequired\":true,\"valueName\":\"search_term_string\"}}],\"inLanguage\":\"pt-PT\"},{\"@type\":\"Person\",\"@id\":\"https:\\\/\\\/fundacioncajaruraldelsur.com\\\/#\\\/schema\\\/person\\\/f430da9fb783d505ff061ad8b3d44577\",\"name\":\"Comunicaci\u00f3n\",\"image\":{\"@type\":\"ImageObject\",\"inLanguage\":\"pt-PT\",\"@id\":\"https:\\\/\\\/secure.gravatar.com\\\/avatar\\\/0dca239875993680bac4603ad2de7942da018f52cc3a244578e0b3b09314a8d8?s=96&d=blank&r=g\",\"url\":\"https:\\\/\\\/secure.gravatar.com\\\/avatar\\\/0dca239875993680bac4603ad2de7942da018f52cc3a244578e0b3b09314a8d8?s=96&d=blank&r=g\",\"contentUrl\":\"https:\\\/\\\/secure.gravatar.com\\\/avatar\\\/0dca239875993680bac4603ad2de7942da018f52cc3a244578e0b3b09314a8d8?s=96&d=blank&r=g\",\"caption\":\"Comunicaci\u00f3n\"}}]}<\/script>\n<!-- \/ Yoast SEO plugin. -->","yoast_head_json":{"title":"Inaugurada la exposici\u00f3n \u201cComo un arlequ\u00edn en plena danza\u201d de la artista sevillana Mento Mu\u00f1oz en la Fundaci\u00f3n Caja Rural del Sur en Sevilla - Fundaci\u00f3n Caja Rural del Sur","robots":{"index":"index","follow":"follow","max-snippet":"max-snippet:-1","max-image-preview":"max-image-preview:large","max-video-preview":"max-video-preview:-1"},"canonical":"https:\/\/fundacioncajaruraldelsur.com\/pt\/inaugurada-la-exposicion-como-un-arlequin-en-plena-danza-de-la-artista-sevillana-mento-munoz-en-la-fundacion-caja-rural-del-sur-en-sevilla\/","og_locale":"pt_PT","og_type":"article","og_title":"Inaugurada la exposici\u00f3n \u201cComo un arlequ\u00edn en plena danza\u201d de la artista sevillana Mento Mu\u00f1oz en la Fundaci\u00f3n Caja Rural del Sur en Sevilla - Fundaci\u00f3n Caja Rural del Sur","og_description":"Este martes 13 de mayo tuvo lugar la inauguraci\u00f3n de la exposici\u00f3n \u00abComo un arlequ\u00edn en plena danza\u00bb de la artista Mento Mu\u00f1oz en el Centro Cultural Jos\u00e9 Luis Garc\u00eda [&hellip;]","og_url":"https:\/\/fundacioncajaruraldelsur.com\/pt\/inaugurada-la-exposicion-como-un-arlequin-en-plena-danza-de-la-artista-sevillana-mento-munoz-en-la-fundacion-caja-rural-del-sur-en-sevilla\/","og_site_name":"Fundaci\u00f3n Caja Rural del Sur","article_published_time":"2025-05-14T07:53:51+00:00","og_image":[{"width":2048,"height":1536,"url":"https:\/\/fundacioncajaruraldelsur.com\/wp-content\/uploads\/2025\/05\/Exposicion-de-Mento-Munoz-en-Caja-Rural-del-Sur-1.jpg","type":"image\/jpeg"}],"author":"Comunicaci\u00f3n","twitter_card":"summary_large_image","twitter_misc":{"Written by":"Comunicaci\u00f3n","Est. reading time":"3 minutes"},"schema":{"@context":"https:\/\/schema.org","@graph":[{"@type":"Article","@id":"https:\/\/fundacioncajaruraldelsur.com\/inaugurada-la-exposicion-como-un-arlequin-en-plena-danza-de-la-artista-sevillana-mento-munoz-en-la-fundacion-caja-rural-del-sur-en-sevilla\/#article","isPartOf":{"@id":"https:\/\/fundacioncajaruraldelsur.com\/inaugurada-la-exposicion-como-un-arlequin-en-plena-danza-de-la-artista-sevillana-mento-munoz-en-la-fundacion-caja-rural-del-sur-en-sevilla\/"},"author":{"name":"Comunicaci\u00f3n","@id":"https:\/\/fundacioncajaruraldelsur.com\/#\/schema\/person\/f430da9fb783d505ff061ad8b3d44577"},"headline":"Inaugurada la exposici\u00f3n \u201cComo un arlequ\u00edn en plena danza\u201d de la artista sevillana Mento Mu\u00f1oz en la Fundaci\u00f3n Caja Rural del Sur en Sevilla","datePublished":"2025-05-14T07:53:51+00:00","mainEntityOfPage":{"@id":"https:\/\/fundacioncajaruraldelsur.com\/inaugurada-la-exposicion-como-un-arlequin-en-plena-danza-de-la-artista-sevillana-mento-munoz-en-la-fundacion-caja-rural-del-sur-en-sevilla\/"},"wordCount":557,"image":{"@id":"https:\/\/fundacioncajaruraldelsur.com\/inaugurada-la-exposicion-como-un-arlequin-en-plena-danza-de-la-artista-sevillana-mento-munoz-en-la-fundacion-caja-rural-del-sur-en-sevilla\/#primaryimage"},"thumbnailUrl":"https:\/\/fundacioncajaruraldelsur.com\/wp-content\/uploads\/2025\/05\/Exposicion-de-Mento-Munoz-en-Caja-Rural-del-Sur-1.jpg","articleSection":["Exposiciones"],"inLanguage":"pt-PT"},{"@type":"WebPage","@id":"https:\/\/fundacioncajaruraldelsur.com\/inaugurada-la-exposicion-como-un-arlequin-en-plena-danza-de-la-artista-sevillana-mento-munoz-en-la-fundacion-caja-rural-del-sur-en-sevilla\/","url":"https:\/\/fundacioncajaruraldelsur.com\/inaugurada-la-exposicion-como-un-arlequin-en-plena-danza-de-la-artista-sevillana-mento-munoz-en-la-fundacion-caja-rural-del-sur-en-sevilla\/","name":"Inaugurada la exposici\u00f3n \u201cComo un arlequ\u00edn en plena danza\u201d de la artista sevillana Mento Mu\u00f1oz en la Fundaci\u00f3n Caja Rural del Sur en Sevilla - Fundaci\u00f3n Caja Rural del Sur","isPartOf":{"@id":"https:\/\/fundacioncajaruraldelsur.com\/#website"},"primaryImageOfPage":{"@id":"https:\/\/fundacioncajaruraldelsur.com\/inaugurada-la-exposicion-como-un-arlequin-en-plena-danza-de-la-artista-sevillana-mento-munoz-en-la-fundacion-caja-rural-del-sur-en-sevilla\/#primaryimage"},"image":{"@id":"https:\/\/fundacioncajaruraldelsur.com\/inaugurada-la-exposicion-como-un-arlequin-en-plena-danza-de-la-artista-sevillana-mento-munoz-en-la-fundacion-caja-rural-del-sur-en-sevilla\/#primaryimage"},"thumbnailUrl":"https:\/\/fundacioncajaruraldelsur.com\/wp-content\/uploads\/2025\/05\/Exposicion-de-Mento-Munoz-en-Caja-Rural-del-Sur-1.jpg","datePublished":"2025-05-14T07:53:51+00:00","author":{"@id":"https:\/\/fundacioncajaruraldelsur.com\/#\/schema\/person\/f430da9fb783d505ff061ad8b3d44577"},"breadcrumb":{"@id":"https:\/\/fundacioncajaruraldelsur.com\/inaugurada-la-exposicion-como-un-arlequin-en-plena-danza-de-la-artista-sevillana-mento-munoz-en-la-fundacion-caja-rural-del-sur-en-sevilla\/#breadcrumb"},"inLanguage":"pt-PT","potentialAction":[{"@type":"ReadAction","target":["https:\/\/fundacioncajaruraldelsur.com\/inaugurada-la-exposicion-como-un-arlequin-en-plena-danza-de-la-artista-sevillana-mento-munoz-en-la-fundacion-caja-rural-del-sur-en-sevilla\/"]}]},{"@type":"ImageObject","inLanguage":"pt-PT","@id":"https:\/\/fundacioncajaruraldelsur.com\/inaugurada-la-exposicion-como-un-arlequin-en-plena-danza-de-la-artista-sevillana-mento-munoz-en-la-fundacion-caja-rural-del-sur-en-sevilla\/#primaryimage","url":"https:\/\/fundacioncajaruraldelsur.com\/wp-content\/uploads\/2025\/05\/Exposicion-de-Mento-Munoz-en-Caja-Rural-del-Sur-1.jpg","contentUrl":"https:\/\/fundacioncajaruraldelsur.com\/wp-content\/uploads\/2025\/05\/Exposicion-de-Mento-Munoz-en-Caja-Rural-del-Sur-1.jpg","width":2048,"height":1536},{"@type":"BreadcrumbList","@id":"https:\/\/fundacioncajaruraldelsur.com\/inaugurada-la-exposicion-como-un-arlequin-en-plena-danza-de-la-artista-sevillana-mento-munoz-en-la-fundacion-caja-rural-del-sur-en-sevilla\/#breadcrumb","itemListElement":[{"@type":"ListItem","position":1,"name":"Portada","item":"https:\/\/fundacioncajaruraldelsur.com\/"},{"@type":"ListItem","position":2,"name":"Inaugurada la exposici\u00f3n \u201cComo un arlequ\u00edn en plena danza\u201d de la artista sevillana Mento Mu\u00f1oz en la Fundaci\u00f3n Caja Rural del Sur en Sevilla"}]},{"@type":"WebSite","@id":"https:\/\/fundacioncajaruraldelsur.com\/#website","url":"https:\/\/fundacioncajaruraldelsur.com\/","name":"Funda\u00e7\u00e3o Caja Rural del Sur","description":"","potentialAction":[{"@type":"SearchAction","target":{"@type":"EntryPoint","urlTemplate":"https:\/\/fundacioncajaruraldelsur.com\/?s={search_term_string}"},"query-input":{"@type":"PropertyValueSpecification","valueRequired":true,"valueName":"search_term_string"}}],"inLanguage":"pt-PT"},{"@type":"Person","@id":"https:\/\/fundacioncajaruraldelsur.com\/#\/schema\/person\/f430da9fb783d505ff061ad8b3d44577","name":"Comunicaci\u00f3n","image":{"@type":"ImageObject","inLanguage":"pt-PT","@id":"https:\/\/secure.gravatar.com\/avatar\/0dca239875993680bac4603ad2de7942da018f52cc3a244578e0b3b09314a8d8?s=96&d=blank&r=g","url":"https:\/\/secure.gravatar.com\/avatar\/0dca239875993680bac4603ad2de7942da018f52cc3a244578e0b3b09314a8d8?s=96&d=blank&r=g","contentUrl":"https:\/\/secure.gravatar.com\/avatar\/0dca239875993680bac4603ad2de7942da018f52cc3a244578e0b3b09314a8d8?s=96&d=blank&r=g","caption":"Comunicaci\u00f3n"}}]}},"rttpg_featured_image_url":{"full":["https:\/\/fundacioncajaruraldelsur.com\/wp-content\/uploads\/2025\/05\/Exposicion-de-Mento-Munoz-en-Caja-Rural-del-Sur-1.jpg",2048,1536,false],"landscape":["https:\/\/fundacioncajaruraldelsur.com\/wp-content\/uploads\/2025\/05\/Exposicion-de-Mento-Munoz-en-Caja-Rural-del-Sur-1.jpg",2048,1536,false],"portraits":["https:\/\/fundacioncajaruraldelsur.com\/wp-content\/uploads\/2025\/05\/Exposicion-de-Mento-Munoz-en-Caja-Rural-del-Sur-1.jpg",2048,1536,false],"thumbnail":["https:\/\/fundacioncajaruraldelsur.com\/wp-content\/uploads\/2025\/05\/Exposicion-de-Mento-Munoz-en-Caja-Rural-del-Sur-1-150x150.jpg",150,150,true],"medium":["https:\/\/fundacioncajaruraldelsur.com\/wp-content\/uploads\/2025\/05\/Exposicion-de-Mento-Munoz-en-Caja-Rural-del-Sur-1-300x225.jpg",300,225,true],"large":["https:\/\/fundacioncajaruraldelsur.com\/wp-content\/uploads\/2025\/05\/Exposicion-de-Mento-Munoz-en-Caja-Rural-del-Sur-1-1024x768.jpg",960,720,true],"1536x1536":["https:\/\/fundacioncajaruraldelsur.com\/wp-content\/uploads\/2025\/05\/Exposicion-de-Mento-Munoz-en-Caja-Rural-del-Sur-1-1536x1152.jpg",1536,1152,true],"2048x2048":["https:\/\/fundacioncajaruraldelsur.com\/wp-content\/uploads\/2025\/05\/Exposicion-de-Mento-Munoz-en-Caja-Rural-del-Sur-1.jpg",2048,1536,false],"trp-custom-language-flag":["https:\/\/fundacioncajaruraldelsur.com\/wp-content\/uploads\/2025\/05\/Exposicion-de-Mento-Munoz-en-Caja-Rural-del-Sur-1.jpg",16,12,false],"blog-thumbnail":["https:\/\/fundacioncajaruraldelsur.com\/wp-content\/uploads\/2025\/05\/Exposicion-de-Mento-Munoz-en-Caja-Rural-del-Sur-1-400x200.jpg",400,200,true]},"rttpg_author":{"display_name":"Comunicaci\u00f3n","author_link":"https:\/\/fundacioncajaruraldelsur.com\/pt\/author\/sevillaadmin\/"},"rttpg_comment":0,"rttpg_category":"<a href=\"https:\/\/fundacioncajaruraldelsur.com\/pt\/category\/exposiciones\/\" rel=\"category tag\">Exposiciones<\/a>","rttpg_excerpt":"Este martes 13 de mayo tuvo lugar la inauguraci\u00f3n de la exposici\u00f3n \u00abComo un arlequ\u00edn en plena danza\u00bb de la artista Mento Mu\u00f1oz en el Centro Cultural Jos\u00e9 Luis Garc\u00eda [&hellip;]","_links":{"self":[{"href":"https:\/\/fundacioncajaruraldelsur.com\/pt\/wp-json\/wp\/v2\/posts\/11208","targetHints":{"allow":["GET"]}}],"collection":[{"href":"https:\/\/fundacioncajaruraldelsur.com\/pt\/wp-json\/wp\/v2\/posts"}],"about":[{"href":"https:\/\/fundacioncajaruraldelsur.com\/pt\/wp-json\/wp\/v2\/types\/post"}],"author":[{"embeddable":true,"href":"https:\/\/fundacioncajaruraldelsur.com\/pt\/wp-json\/wp\/v2\/users\/6"}],"replies":[{"embeddable":true,"href":"https:\/\/fundacioncajaruraldelsur.com\/pt\/wp-json\/wp\/v2\/comments?post=11208"}],"version-history":[{"count":1,"href":"https:\/\/fundacioncajaruraldelsur.com\/pt\/wp-json\/wp\/v2\/posts\/11208\/revisions"}],"predecessor-version":[{"id":11210,"href":"https:\/\/fundacioncajaruraldelsur.com\/pt\/wp-json\/wp\/v2\/posts\/11208\/revisions\/11210"}],"wp:featuredmedia":[{"embeddable":true,"href":"https:\/\/fundacioncajaruraldelsur.com\/pt\/wp-json\/wp\/v2\/media\/11209"}],"wp:attachment":[{"href":"https:\/\/fundacioncajaruraldelsur.com\/pt\/wp-json\/wp\/v2\/media?parent=11208"}],"wp:term":[{"taxonomy":"category","embeddable":true,"href":"https:\/\/fundacioncajaruraldelsur.com\/pt\/wp-json\/wp\/v2\/categories?post=11208"},{"taxonomy":"post_tag","embeddable":true,"href":"https:\/\/fundacioncajaruraldelsur.com\/pt\/wp-json\/wp\/v2\/tags?post=11208"}],"curies":[{"name":"wp","href":"https:\/\/api.w.org\/{rel}","templated":true}]}}