{"id":11198,"date":"2025-05-12T10:51:51","date_gmt":"2025-05-12T09:51:51","guid":{"rendered":"https:\/\/fundacioncajaruraldelsur.com\/?p=11198"},"modified":"2025-05-12T10:53:09","modified_gmt":"2025-05-12T09:53:09","slug":"la-sala-de-la-fundacion-caja-rural-del-sur-acoge-la-exposicion-pictorica-entre-el-cielo-y-el-mar-de-maria-oria","status":"publish","type":"post","link":"https:\/\/fundacioncajaruraldelsur.com\/pt\/la-sala-de-la-fundacion-caja-rural-del-sur-acoge-la-exposicion-pictorica-entre-el-cielo-y-el-mar-de-maria-oria\/","title":{"rendered":"La sala de la Fundaci\u00f3n Caja Rural del Sur en C\u00f3rdoba acoge la exposici\u00f3n pict\u00f3rica \u2018Entre el cielo y el mar&#8217; de Mar\u00eda Oria"},"content":{"rendered":"<p>Hasta el d\u00eda 30 de mayo de 2025 el Centro Cultural Jos\u00e9 Luis Garc\u00eda Palacios Fundaci\u00f3n Caja Rural del Sur (Avenida de la Libertad- C\u00f3rdoba) acoge la obra de la pintora cordobesa Mar\u00eda Oria titulada \u2018Entre el cielo y el mar\u2019, que qued\u00f3 inaugurada este pasado mi\u00e9rcoles con la asistencia de numerosos representantes de la cultura y las artes pict\u00f3ricas que quisieron acompa\u00f1ar a la artista.<\/p>\n<p>La muestra de Mar\u00eda Oria es una invitaci\u00f3n a explorar la belleza y la complejidad de nuestro planeta, a trav\u00e9s de la reinterpretaci\u00f3n que hace la artista del cielo y el mar en sus diferentes estados. En ella pone el foco en la Naturaleza, como fuente de inspiraci\u00f3n inagotable, presentando un conjunto de obras de paisaje contempor\u00e1neo en las que juega con elementos naturales como las olas, los reflejos, las nubes y los efectos de la luz. La l\u00ednea del horizonte, como inexistente separaci\u00f3n pintada entre cielo y mar, tambi\u00e9n cobra protagonismo como uni\u00f3n de dos realidades coexistentes pero diversas, como nexo entre lo divino y lo humano.<\/p>\n<p>A trav\u00e9s de su visi\u00f3n y bajo el tamiz de sus emociones, recuerdos y sentimientos, los cuadros se centran en la fuerza y la serenidad de los oc\u00e9anos, la majestuosidad de las olas, la profundidad insondable de los mares, el ritmo del agua, la complejidad de los cielos y las formas inabarcables de las nubes.<\/p>\n<p>La muestra se compone por una veintena de lienzos y tablas que, en la mayor\u00eda de los casos, se han trabajado a trav\u00e9s de una t\u00e9cnica mixta, que incluye dibujo, mancha inicial de acr\u00edlico y posterior paso al \u00f3leo, con aplicaciones, en algunos casos, de hoja de oro y pigmentos puros. Con su depurado estilo personal, en el que combina sus trazos sueltos y vivos con diferentes t\u00e9cnicas pict\u00f3ricas, Mar\u00eda Oria ofrece en esta exposici\u00f3n un viaje inspirador por paisajes naturales llenos de simbolismo.<\/p>\n<p>Mar\u00eda Oria es Ingeniera agr\u00f3noma de formaci\u00f3n y ha sentido fascinaci\u00f3n por el arte y la pintura desde su juventud. En C\u00f3rdoba se form\u00f3 en el estudio de Francisco Montes, tanto en la disciplina y t\u00e9cnica del dibujo del natural como de la figura humana y el bodeg\u00f3n. En Madrid, en el estudio de Isabel G\u00f3mez, y despu\u00e9s en Sevilla, con In\u00e9s Clavijo, continu\u00f3 su formaci\u00f3n en materia de dibujo y pintura, cultivando diversos estilos y t\u00e9cnicas, como el acr\u00edlico y el collage. Asimismo, ha asistido a cursos impartidos por artistas como Paco Lafarga y Coque Bay\u00f3n en Sevilla. En el estudio de Jos\u00e9 Luis Mu\u00f1oz en C\u00f3rdoba, desarroll\u00f3 diversas t\u00e9cnicas y estilos como la veladura y el retrato.<\/p>\n<p>Tras esta formaci\u00f3n, da el salto a la apertura de su propio estudio y continua su desarrollo art\u00edstico a trav\u00e9s de diferentes exposiciones en las salas del Colegio de Abogados de C\u00f3rdoba y de Cajasur Gran Capit\u00e1n. Tambi\u00e9n participa en varias colectivas en la Diputaci\u00f3n de C\u00f3rdoba y desarrolla la pintura por encargo en su taller.<\/p>\n<p><a href=\"https:\/\/fundacioncajaruraldelsur.com\/wp-content\/uploads\/2025\/05\/250509.-Inauguracion-de-la-exposicion-de-Maria-Oria-en-Fundacion-Caja-Rural-del-Sur.jpg\" rel=\"lightbox-0\"><img loading=\"lazy\" decoding=\"async\" class=\"alignnone wp-image-11199 size-full\" src=\"https:\/\/fundacioncajaruraldelsur.com\/wp-content\/uploads\/2025\/05\/250509.-Inauguracion-de-la-exposicion-de-Maria-Oria-en-Fundacion-Caja-Rural-del-Sur.jpg\" alt=\"\" width=\"2048\" height=\"1536\" srcset=\"https:\/\/fundacioncajaruraldelsur.com\/wp-content\/uploads\/2025\/05\/250509.-Inauguracion-de-la-exposicion-de-Maria-Oria-en-Fundacion-Caja-Rural-del-Sur.jpg 2048w, https:\/\/fundacioncajaruraldelsur.com\/wp-content\/uploads\/2025\/05\/250509.-Inauguracion-de-la-exposicion-de-Maria-Oria-en-Fundacion-Caja-Rural-del-Sur-300x225.jpg 300w, https:\/\/fundacioncajaruraldelsur.com\/wp-content\/uploads\/2025\/05\/250509.-Inauguracion-de-la-exposicion-de-Maria-Oria-en-Fundacion-Caja-Rural-del-Sur-1024x768.jpg 1024w, https:\/\/fundacioncajaruraldelsur.com\/wp-content\/uploads\/2025\/05\/250509.-Inauguracion-de-la-exposicion-de-Maria-Oria-en-Fundacion-Caja-Rural-del-Sur-768x576.jpg 768w, https:\/\/fundacioncajaruraldelsur.com\/wp-content\/uploads\/2025\/05\/250509.-Inauguracion-de-la-exposicion-de-Maria-Oria-en-Fundacion-Caja-Rural-del-Sur-1536x1152.jpg 1536w\" sizes=\"auto, (max-width: 2048px) 100vw, 2048px\" \/><\/a><\/p>\n<p>&nbsp;<\/p>","protected":false},"excerpt":{"rendered":"<p>Hasta el d\u00eda 30 de mayo de 2025 el Centro Cultural Jos\u00e9 Luis Garc\u00eda Palacios Fundaci\u00f3n Caja Rural del Sur (Avenida de la Libertad- C\u00f3rdoba) acoge la obra de la [&hellip;]<\/p>\n","protected":false},"author":6,"featured_media":11200,"comment_status":"closed","ping_status":"closed","sticky":false,"template":"","format":"standard","meta":{"footnotes":""},"categories":[82],"tags":[],"class_list":["post-11198","post","type-post","status-publish","format-standard","has-post-thumbnail","hentry","category-exposiciones"],"yoast_head":"<!-- This site is optimized with the Yoast SEO plugin v27.3 - https:\/\/yoast.com\/product\/yoast-seo-wordpress\/ -->\n<title>La sala de la Fundaci\u00f3n Caja Rural del Sur en C\u00f3rdoba acoge la exposici\u00f3n pict\u00f3rica \u2018Entre el cielo y el mar&#039; de Mar\u00eda Oria - Fundaci\u00f3n Caja Rural del Sur<\/title>\n<meta name=\"robots\" content=\"index, follow, max-snippet:-1, max-image-preview:large, max-video-preview:-1\" \/>\n<link rel=\"canonical\" href=\"https:\/\/fundacioncajaruraldelsur.com\/pt\/la-sala-de-la-fundacion-caja-rural-del-sur-acoge-la-exposicion-pictorica-entre-el-cielo-y-el-mar-de-maria-oria\/\" \/>\n<meta property=\"og:locale\" content=\"pt_PT\" \/>\n<meta property=\"og:type\" content=\"article\" \/>\n<meta property=\"og:title\" content=\"La sala de la Fundaci\u00f3n Caja Rural del Sur en C\u00f3rdoba acoge la exposici\u00f3n pict\u00f3rica \u2018Entre el cielo y el mar&#039; de Mar\u00eda Oria - Fundaci\u00f3n Caja Rural del Sur\" \/>\n<meta property=\"og:description\" content=\"Hasta el d\u00eda 30 de mayo de 2025 el Centro Cultural Jos\u00e9 Luis Garc\u00eda Palacios Fundaci\u00f3n Caja Rural del Sur (Avenida de la Libertad- C\u00f3rdoba) acoge la obra de la [&hellip;]\" \/>\n<meta property=\"og:url\" content=\"https:\/\/fundacioncajaruraldelsur.com\/pt\/la-sala-de-la-fundacion-caja-rural-del-sur-acoge-la-exposicion-pictorica-entre-el-cielo-y-el-mar-de-maria-oria\/\" \/>\n<meta property=\"og:site_name\" content=\"Fundaci\u00f3n Caja Rural del Sur\" \/>\n<meta property=\"article:published_time\" content=\"2025-05-12T09:51:51+00:00\" \/>\n<meta property=\"article:modified_time\" content=\"2025-05-12T09:53:09+00:00\" \/>\n<meta property=\"og:image\" content=\"https:\/\/fundacioncajaruraldelsur.com\/wp-content\/uploads\/2025\/05\/250509.-Maria-Oria-explica-la-tematica-de-su-exposicion-pictorica-en-Fundacion-Caja-Rural-del-Sur.jpg\" \/>\n\t<meta property=\"og:image:width\" content=\"1600\" \/>\n\t<meta property=\"og:image:height\" content=\"1200\" \/>\n\t<meta property=\"og:image:type\" content=\"image\/jpeg\" \/>\n<meta name=\"author\" content=\"Comunicaci\u00f3n\" \/>\n<meta name=\"twitter:card\" content=\"summary_large_image\" \/>\n<meta name=\"twitter:label1\" content=\"Written by\" \/>\n\t<meta name=\"twitter:data1\" content=\"Comunicaci\u00f3n\" \/>\n\t<meta name=\"twitter:label2\" content=\"Est. reading time\" \/>\n\t<meta name=\"twitter:data2\" content=\"3 minutes\" \/>\n<script type=\"application\/ld+json\" class=\"yoast-schema-graph\">{\"@context\":\"https:\\\/\\\/schema.org\",\"@graph\":[{\"@type\":\"Article\",\"@id\":\"https:\\\/\\\/fundacioncajaruraldelsur.com\\\/la-sala-de-la-fundacion-caja-rural-del-sur-acoge-la-exposicion-pictorica-entre-el-cielo-y-el-mar-de-maria-oria\\\/#article\",\"isPartOf\":{\"@id\":\"https:\\\/\\\/fundacioncajaruraldelsur.com\\\/la-sala-de-la-fundacion-caja-rural-del-sur-acoge-la-exposicion-pictorica-entre-el-cielo-y-el-mar-de-maria-oria\\\/\"},\"author\":{\"name\":\"Comunicaci\u00f3n\",\"@id\":\"https:\\\/\\\/fundacioncajaruraldelsur.com\\\/#\\\/schema\\\/person\\\/f430da9fb783d505ff061ad8b3d44577\"},\"headline\":\"La sala de la Fundaci\u00f3n Caja Rural del Sur en C\u00f3rdoba acoge la exposici\u00f3n pict\u00f3rica \u2018Entre el cielo y el mar&#8217; de Mar\u00eda Oria\",\"datePublished\":\"2025-05-12T09:51:51+00:00\",\"dateModified\":\"2025-05-12T09:53:09+00:00\",\"mainEntityOfPage\":{\"@id\":\"https:\\\/\\\/fundacioncajaruraldelsur.com\\\/la-sala-de-la-fundacion-caja-rural-del-sur-acoge-la-exposicion-pictorica-entre-el-cielo-y-el-mar-de-maria-oria\\\/\"},\"wordCount\":570,\"image\":{\"@id\":\"https:\\\/\\\/fundacioncajaruraldelsur.com\\\/la-sala-de-la-fundacion-caja-rural-del-sur-acoge-la-exposicion-pictorica-entre-el-cielo-y-el-mar-de-maria-oria\\\/#primaryimage\"},\"thumbnailUrl\":\"https:\\\/\\\/fundacioncajaruraldelsur.com\\\/wp-content\\\/uploads\\\/2025\\\/05\\\/250509.-Maria-Oria-explica-la-tematica-de-su-exposicion-pictorica-en-Fundacion-Caja-Rural-del-Sur.jpg\",\"articleSection\":[\"Exposiciones\"],\"inLanguage\":\"pt-PT\"},{\"@type\":\"WebPage\",\"@id\":\"https:\\\/\\\/fundacioncajaruraldelsur.com\\\/la-sala-de-la-fundacion-caja-rural-del-sur-acoge-la-exposicion-pictorica-entre-el-cielo-y-el-mar-de-maria-oria\\\/\",\"url\":\"https:\\\/\\\/fundacioncajaruraldelsur.com\\\/la-sala-de-la-fundacion-caja-rural-del-sur-acoge-la-exposicion-pictorica-entre-el-cielo-y-el-mar-de-maria-oria\\\/\",\"name\":\"La sala de la Fundaci\u00f3n Caja Rural del Sur en C\u00f3rdoba acoge la exposici\u00f3n pict\u00f3rica \u2018Entre el cielo y el mar' de Mar\u00eda Oria - Fundaci\u00f3n Caja Rural del Sur\",\"isPartOf\":{\"@id\":\"https:\\\/\\\/fundacioncajaruraldelsur.com\\\/#website\"},\"primaryImageOfPage\":{\"@id\":\"https:\\\/\\\/fundacioncajaruraldelsur.com\\\/la-sala-de-la-fundacion-caja-rural-del-sur-acoge-la-exposicion-pictorica-entre-el-cielo-y-el-mar-de-maria-oria\\\/#primaryimage\"},\"image\":{\"@id\":\"https:\\\/\\\/fundacioncajaruraldelsur.com\\\/la-sala-de-la-fundacion-caja-rural-del-sur-acoge-la-exposicion-pictorica-entre-el-cielo-y-el-mar-de-maria-oria\\\/#primaryimage\"},\"thumbnailUrl\":\"https:\\\/\\\/fundacioncajaruraldelsur.com\\\/wp-content\\\/uploads\\\/2025\\\/05\\\/250509.-Maria-Oria-explica-la-tematica-de-su-exposicion-pictorica-en-Fundacion-Caja-Rural-del-Sur.jpg\",\"datePublished\":\"2025-05-12T09:51:51+00:00\",\"dateModified\":\"2025-05-12T09:53:09+00:00\",\"author\":{\"@id\":\"https:\\\/\\\/fundacioncajaruraldelsur.com\\\/#\\\/schema\\\/person\\\/f430da9fb783d505ff061ad8b3d44577\"},\"breadcrumb\":{\"@id\":\"https:\\\/\\\/fundacioncajaruraldelsur.com\\\/la-sala-de-la-fundacion-caja-rural-del-sur-acoge-la-exposicion-pictorica-entre-el-cielo-y-el-mar-de-maria-oria\\\/#breadcrumb\"},\"inLanguage\":\"pt-PT\",\"potentialAction\":[{\"@type\":\"ReadAction\",\"target\":[\"https:\\\/\\\/fundacioncajaruraldelsur.com\\\/la-sala-de-la-fundacion-caja-rural-del-sur-acoge-la-exposicion-pictorica-entre-el-cielo-y-el-mar-de-maria-oria\\\/\"]}]},{\"@type\":\"ImageObject\",\"inLanguage\":\"pt-PT\",\"@id\":\"https:\\\/\\\/fundacioncajaruraldelsur.com\\\/la-sala-de-la-fundacion-caja-rural-del-sur-acoge-la-exposicion-pictorica-entre-el-cielo-y-el-mar-de-maria-oria\\\/#primaryimage\",\"url\":\"https:\\\/\\\/fundacioncajaruraldelsur.com\\\/wp-content\\\/uploads\\\/2025\\\/05\\\/250509.-Maria-Oria-explica-la-tematica-de-su-exposicion-pictorica-en-Fundacion-Caja-Rural-del-Sur.jpg\",\"contentUrl\":\"https:\\\/\\\/fundacioncajaruraldelsur.com\\\/wp-content\\\/uploads\\\/2025\\\/05\\\/250509.-Maria-Oria-explica-la-tematica-de-su-exposicion-pictorica-en-Fundacion-Caja-Rural-del-Sur.jpg\",\"width\":1600,\"height\":1200},{\"@type\":\"BreadcrumbList\",\"@id\":\"https:\\\/\\\/fundacioncajaruraldelsur.com\\\/la-sala-de-la-fundacion-caja-rural-del-sur-acoge-la-exposicion-pictorica-entre-el-cielo-y-el-mar-de-maria-oria\\\/#breadcrumb\",\"itemListElement\":[{\"@type\":\"ListItem\",\"position\":1,\"name\":\"Portada\",\"item\":\"https:\\\/\\\/fundacioncajaruraldelsur.com\\\/\"},{\"@type\":\"ListItem\",\"position\":2,\"name\":\"La sala de la Fundaci\u00f3n Caja Rural del Sur en C\u00f3rdoba acoge la exposici\u00f3n pict\u00f3rica \u2018Entre el cielo y el mar&#8217; de Mar\u00eda Oria\"}]},{\"@type\":\"WebSite\",\"@id\":\"https:\\\/\\\/fundacioncajaruraldelsur.com\\\/#website\",\"url\":\"https:\\\/\\\/fundacioncajaruraldelsur.com\\\/\",\"name\":\"Fundaci\u00f3n Caja Rural del Sur\",\"description\":\"\",\"potentialAction\":[{\"@type\":\"SearchAction\",\"target\":{\"@type\":\"EntryPoint\",\"urlTemplate\":\"https:\\\/\\\/fundacioncajaruraldelsur.com\\\/?s={search_term_string}\"},\"query-input\":{\"@type\":\"PropertyValueSpecification\",\"valueRequired\":true,\"valueName\":\"search_term_string\"}}],\"inLanguage\":\"pt-PT\"},{\"@type\":\"Person\",\"@id\":\"https:\\\/\\\/fundacioncajaruraldelsur.com\\\/#\\\/schema\\\/person\\\/f430da9fb783d505ff061ad8b3d44577\",\"name\":\"Comunicaci\u00f3n\",\"image\":{\"@type\":\"ImageObject\",\"inLanguage\":\"pt-PT\",\"@id\":\"https:\\\/\\\/secure.gravatar.com\\\/avatar\\\/0dca239875993680bac4603ad2de7942da018f52cc3a244578e0b3b09314a8d8?s=96&d=blank&r=g\",\"url\":\"https:\\\/\\\/secure.gravatar.com\\\/avatar\\\/0dca239875993680bac4603ad2de7942da018f52cc3a244578e0b3b09314a8d8?s=96&d=blank&r=g\",\"contentUrl\":\"https:\\\/\\\/secure.gravatar.com\\\/avatar\\\/0dca239875993680bac4603ad2de7942da018f52cc3a244578e0b3b09314a8d8?s=96&d=blank&r=g\",\"caption\":\"Comunicaci\u00f3n\"}}]}<\/script>\n<!-- \/ Yoast SEO plugin. -->","yoast_head_json":{"title":"La sala de la Fundaci\u00f3n Caja Rural del Sur en C\u00f3rdoba acoge la exposici\u00f3n pict\u00f3rica \u2018Entre el cielo y el mar' de Mar\u00eda Oria - Fundaci\u00f3n Caja Rural del Sur","robots":{"index":"index","follow":"follow","max-snippet":"max-snippet:-1","max-image-preview":"max-image-preview:large","max-video-preview":"max-video-preview:-1"},"canonical":"https:\/\/fundacioncajaruraldelsur.com\/pt\/la-sala-de-la-fundacion-caja-rural-del-sur-acoge-la-exposicion-pictorica-entre-el-cielo-y-el-mar-de-maria-oria\/","og_locale":"pt_PT","og_type":"article","og_title":"La sala de la Fundaci\u00f3n Caja Rural del Sur en C\u00f3rdoba acoge la exposici\u00f3n pict\u00f3rica \u2018Entre el cielo y el mar' de Mar\u00eda Oria - Fundaci\u00f3n Caja Rural del Sur","og_description":"Hasta el d\u00eda 30 de mayo de 2025 el Centro Cultural Jos\u00e9 Luis Garc\u00eda Palacios Fundaci\u00f3n Caja Rural del Sur (Avenida de la Libertad- C\u00f3rdoba) acoge la obra de la [&hellip;]","og_url":"https:\/\/fundacioncajaruraldelsur.com\/pt\/la-sala-de-la-fundacion-caja-rural-del-sur-acoge-la-exposicion-pictorica-entre-el-cielo-y-el-mar-de-maria-oria\/","og_site_name":"Fundaci\u00f3n Caja Rural del Sur","article_published_time":"2025-05-12T09:51:51+00:00","article_modified_time":"2025-05-12T09:53:09+00:00","og_image":[{"width":1600,"height":1200,"url":"https:\/\/fundacioncajaruraldelsur.com\/wp-content\/uploads\/2025\/05\/250509.-Maria-Oria-explica-la-tematica-de-su-exposicion-pictorica-en-Fundacion-Caja-Rural-del-Sur.jpg","type":"image\/jpeg"}],"author":"Comunicaci\u00f3n","twitter_card":"summary_large_image","twitter_misc":{"Written by":"Comunicaci\u00f3n","Est. reading time":"3 minutes"},"schema":{"@context":"https:\/\/schema.org","@graph":[{"@type":"Article","@id":"https:\/\/fundacioncajaruraldelsur.com\/la-sala-de-la-fundacion-caja-rural-del-sur-acoge-la-exposicion-pictorica-entre-el-cielo-y-el-mar-de-maria-oria\/#article","isPartOf":{"@id":"https:\/\/fundacioncajaruraldelsur.com\/la-sala-de-la-fundacion-caja-rural-del-sur-acoge-la-exposicion-pictorica-entre-el-cielo-y-el-mar-de-maria-oria\/"},"author":{"name":"Comunicaci\u00f3n","@id":"https:\/\/fundacioncajaruraldelsur.com\/#\/schema\/person\/f430da9fb783d505ff061ad8b3d44577"},"headline":"La sala de la Fundaci\u00f3n Caja Rural del Sur en C\u00f3rdoba acoge la exposici\u00f3n pict\u00f3rica \u2018Entre el cielo y el mar&#8217; de Mar\u00eda Oria","datePublished":"2025-05-12T09:51:51+00:00","dateModified":"2025-05-12T09:53:09+00:00","mainEntityOfPage":{"@id":"https:\/\/fundacioncajaruraldelsur.com\/la-sala-de-la-fundacion-caja-rural-del-sur-acoge-la-exposicion-pictorica-entre-el-cielo-y-el-mar-de-maria-oria\/"},"wordCount":570,"image":{"@id":"https:\/\/fundacioncajaruraldelsur.com\/la-sala-de-la-fundacion-caja-rural-del-sur-acoge-la-exposicion-pictorica-entre-el-cielo-y-el-mar-de-maria-oria\/#primaryimage"},"thumbnailUrl":"https:\/\/fundacioncajaruraldelsur.com\/wp-content\/uploads\/2025\/05\/250509.-Maria-Oria-explica-la-tematica-de-su-exposicion-pictorica-en-Fundacion-Caja-Rural-del-Sur.jpg","articleSection":["Exposiciones"],"inLanguage":"pt-PT"},{"@type":"WebPage","@id":"https:\/\/fundacioncajaruraldelsur.com\/la-sala-de-la-fundacion-caja-rural-del-sur-acoge-la-exposicion-pictorica-entre-el-cielo-y-el-mar-de-maria-oria\/","url":"https:\/\/fundacioncajaruraldelsur.com\/la-sala-de-la-fundacion-caja-rural-del-sur-acoge-la-exposicion-pictorica-entre-el-cielo-y-el-mar-de-maria-oria\/","name":"La sala de la Fundaci\u00f3n Caja Rural del Sur en C\u00f3rdoba acoge la exposici\u00f3n pict\u00f3rica \u2018Entre el cielo y el mar' de Mar\u00eda Oria - Fundaci\u00f3n Caja Rural del Sur","isPartOf":{"@id":"https:\/\/fundacioncajaruraldelsur.com\/#website"},"primaryImageOfPage":{"@id":"https:\/\/fundacioncajaruraldelsur.com\/la-sala-de-la-fundacion-caja-rural-del-sur-acoge-la-exposicion-pictorica-entre-el-cielo-y-el-mar-de-maria-oria\/#primaryimage"},"image":{"@id":"https:\/\/fundacioncajaruraldelsur.com\/la-sala-de-la-fundacion-caja-rural-del-sur-acoge-la-exposicion-pictorica-entre-el-cielo-y-el-mar-de-maria-oria\/#primaryimage"},"thumbnailUrl":"https:\/\/fundacioncajaruraldelsur.com\/wp-content\/uploads\/2025\/05\/250509.-Maria-Oria-explica-la-tematica-de-su-exposicion-pictorica-en-Fundacion-Caja-Rural-del-Sur.jpg","datePublished":"2025-05-12T09:51:51+00:00","dateModified":"2025-05-12T09:53:09+00:00","author":{"@id":"https:\/\/fundacioncajaruraldelsur.com\/#\/schema\/person\/f430da9fb783d505ff061ad8b3d44577"},"breadcrumb":{"@id":"https:\/\/fundacioncajaruraldelsur.com\/la-sala-de-la-fundacion-caja-rural-del-sur-acoge-la-exposicion-pictorica-entre-el-cielo-y-el-mar-de-maria-oria\/#breadcrumb"},"inLanguage":"pt-PT","potentialAction":[{"@type":"ReadAction","target":["https:\/\/fundacioncajaruraldelsur.com\/la-sala-de-la-fundacion-caja-rural-del-sur-acoge-la-exposicion-pictorica-entre-el-cielo-y-el-mar-de-maria-oria\/"]}]},{"@type":"ImageObject","inLanguage":"pt-PT","@id":"https:\/\/fundacioncajaruraldelsur.com\/la-sala-de-la-fundacion-caja-rural-del-sur-acoge-la-exposicion-pictorica-entre-el-cielo-y-el-mar-de-maria-oria\/#primaryimage","url":"https:\/\/fundacioncajaruraldelsur.com\/wp-content\/uploads\/2025\/05\/250509.-Maria-Oria-explica-la-tematica-de-su-exposicion-pictorica-en-Fundacion-Caja-Rural-del-Sur.jpg","contentUrl":"https:\/\/fundacioncajaruraldelsur.com\/wp-content\/uploads\/2025\/05\/250509.-Maria-Oria-explica-la-tematica-de-su-exposicion-pictorica-en-Fundacion-Caja-Rural-del-Sur.jpg","width":1600,"height":1200},{"@type":"BreadcrumbList","@id":"https:\/\/fundacioncajaruraldelsur.com\/la-sala-de-la-fundacion-caja-rural-del-sur-acoge-la-exposicion-pictorica-entre-el-cielo-y-el-mar-de-maria-oria\/#breadcrumb","itemListElement":[{"@type":"ListItem","position":1,"name":"Portada","item":"https:\/\/fundacioncajaruraldelsur.com\/"},{"@type":"ListItem","position":2,"name":"La sala de la Fundaci\u00f3n Caja Rural del Sur en C\u00f3rdoba acoge la exposici\u00f3n pict\u00f3rica \u2018Entre el cielo y el mar&#8217; de Mar\u00eda Oria"}]},{"@type":"WebSite","@id":"https:\/\/fundacioncajaruraldelsur.com\/#website","url":"https:\/\/fundacioncajaruraldelsur.com\/","name":"Funda\u00e7\u00e3o Caja Rural del Sur","description":"","potentialAction":[{"@type":"SearchAction","target":{"@type":"EntryPoint","urlTemplate":"https:\/\/fundacioncajaruraldelsur.com\/?s={search_term_string}"},"query-input":{"@type":"PropertyValueSpecification","valueRequired":true,"valueName":"search_term_string"}}],"inLanguage":"pt-PT"},{"@type":"Person","@id":"https:\/\/fundacioncajaruraldelsur.com\/#\/schema\/person\/f430da9fb783d505ff061ad8b3d44577","name":"Comunicaci\u00f3n","image":{"@type":"ImageObject","inLanguage":"pt-PT","@id":"https:\/\/secure.gravatar.com\/avatar\/0dca239875993680bac4603ad2de7942da018f52cc3a244578e0b3b09314a8d8?s=96&d=blank&r=g","url":"https:\/\/secure.gravatar.com\/avatar\/0dca239875993680bac4603ad2de7942da018f52cc3a244578e0b3b09314a8d8?s=96&d=blank&r=g","contentUrl":"https:\/\/secure.gravatar.com\/avatar\/0dca239875993680bac4603ad2de7942da018f52cc3a244578e0b3b09314a8d8?s=96&d=blank&r=g","caption":"Comunicaci\u00f3n"}}]}},"rttpg_featured_image_url":{"full":["https:\/\/fundacioncajaruraldelsur.com\/wp-content\/uploads\/2025\/05\/250509.-Maria-Oria-explica-la-tematica-de-su-exposicion-pictorica-en-Fundacion-Caja-Rural-del-Sur.jpg",1600,1200,false],"landscape":["https:\/\/fundacioncajaruraldelsur.com\/wp-content\/uploads\/2025\/05\/250509.-Maria-Oria-explica-la-tematica-de-su-exposicion-pictorica-en-Fundacion-Caja-Rural-del-Sur.jpg",1600,1200,false],"portraits":["https:\/\/fundacioncajaruraldelsur.com\/wp-content\/uploads\/2025\/05\/250509.-Maria-Oria-explica-la-tematica-de-su-exposicion-pictorica-en-Fundacion-Caja-Rural-del-Sur.jpg",1600,1200,false],"thumbnail":["https:\/\/fundacioncajaruraldelsur.com\/wp-content\/uploads\/2025\/05\/250509.-Maria-Oria-explica-la-tematica-de-su-exposicion-pictorica-en-Fundacion-Caja-Rural-del-Sur-150x150.jpg",150,150,true],"medium":["https:\/\/fundacioncajaruraldelsur.com\/wp-content\/uploads\/2025\/05\/250509.-Maria-Oria-explica-la-tematica-de-su-exposicion-pictorica-en-Fundacion-Caja-Rural-del-Sur-300x225.jpg",300,225,true],"large":["https:\/\/fundacioncajaruraldelsur.com\/wp-content\/uploads\/2025\/05\/250509.-Maria-Oria-explica-la-tematica-de-su-exposicion-pictorica-en-Fundacion-Caja-Rural-del-Sur-1024x768.jpg",960,720,true],"1536x1536":["https:\/\/fundacioncajaruraldelsur.com\/wp-content\/uploads\/2025\/05\/250509.-Maria-Oria-explica-la-tematica-de-su-exposicion-pictorica-en-Fundacion-Caja-Rural-del-Sur-1536x1152.jpg",1536,1152,true],"2048x2048":["https:\/\/fundacioncajaruraldelsur.com\/wp-content\/uploads\/2025\/05\/250509.-Maria-Oria-explica-la-tematica-de-su-exposicion-pictorica-en-Fundacion-Caja-Rural-del-Sur.jpg",1600,1200,false],"trp-custom-language-flag":["https:\/\/fundacioncajaruraldelsur.com\/wp-content\/uploads\/2025\/05\/250509.-Maria-Oria-explica-la-tematica-de-su-exposicion-pictorica-en-Fundacion-Caja-Rural-del-Sur.jpg",16,12,false],"blog-thumbnail":["https:\/\/fundacioncajaruraldelsur.com\/wp-content\/uploads\/2025\/05\/250509.-Maria-Oria-explica-la-tematica-de-su-exposicion-pictorica-en-Fundacion-Caja-Rural-del-Sur-400x200.jpg",400,200,true]},"rttpg_author":{"display_name":"Comunicaci\u00f3n","author_link":"https:\/\/fundacioncajaruraldelsur.com\/pt\/author\/sevillaadmin\/"},"rttpg_comment":0,"rttpg_category":"<a href=\"https:\/\/fundacioncajaruraldelsur.com\/pt\/category\/exposiciones\/\" rel=\"category tag\">Exposiciones<\/a>","rttpg_excerpt":"Hasta el d\u00eda 30 de mayo de 2025 el Centro Cultural Jos\u00e9 Luis Garc\u00eda Palacios Fundaci\u00f3n Caja Rural del Sur (Avenida de la Libertad- C\u00f3rdoba) acoge la obra de la [&hellip;]","_links":{"self":[{"href":"https:\/\/fundacioncajaruraldelsur.com\/pt\/wp-json\/wp\/v2\/posts\/11198","targetHints":{"allow":["GET"]}}],"collection":[{"href":"https:\/\/fundacioncajaruraldelsur.com\/pt\/wp-json\/wp\/v2\/posts"}],"about":[{"href":"https:\/\/fundacioncajaruraldelsur.com\/pt\/wp-json\/wp\/v2\/types\/post"}],"author":[{"embeddable":true,"href":"https:\/\/fundacioncajaruraldelsur.com\/pt\/wp-json\/wp\/v2\/users\/6"}],"replies":[{"embeddable":true,"href":"https:\/\/fundacioncajaruraldelsur.com\/pt\/wp-json\/wp\/v2\/comments?post=11198"}],"version-history":[{"count":2,"href":"https:\/\/fundacioncajaruraldelsur.com\/pt\/wp-json\/wp\/v2\/posts\/11198\/revisions"}],"predecessor-version":[{"id":11202,"href":"https:\/\/fundacioncajaruraldelsur.com\/pt\/wp-json\/wp\/v2\/posts\/11198\/revisions\/11202"}],"wp:featuredmedia":[{"embeddable":true,"href":"https:\/\/fundacioncajaruraldelsur.com\/pt\/wp-json\/wp\/v2\/media\/11200"}],"wp:attachment":[{"href":"https:\/\/fundacioncajaruraldelsur.com\/pt\/wp-json\/wp\/v2\/media?parent=11198"}],"wp:term":[{"taxonomy":"category","embeddable":true,"href":"https:\/\/fundacioncajaruraldelsur.com\/pt\/wp-json\/wp\/v2\/categories?post=11198"},{"taxonomy":"post_tag","embeddable":true,"href":"https:\/\/fundacioncajaruraldelsur.com\/pt\/wp-json\/wp\/v2\/tags?post=11198"}],"curies":[{"name":"wp","href":"https:\/\/api.w.org\/{rel}","templated":true}]}}