{"id":11161,"date":"2025-04-22T17:59:37","date_gmt":"2025-04-22T16:59:37","guid":{"rendered":"https:\/\/fundacioncajaruraldelsur.com\/?p=11161"},"modified":"2025-04-24T22:58:58","modified_gmt":"2025-04-24T21:58:58","slug":"fundacion-caja-rural-del-sur-renueva-su-apoyo-al-x-congreso-internacional-de-los-frutos-rojos-de-huelva-que-se-celebrara-los-dias-18-y-19-de-junio","status":"publish","type":"post","link":"https:\/\/fundacioncajaruraldelsur.com\/pt\/fundacion-caja-rural-del-sur-renueva-su-apoyo-al-x-congreso-internacional-de-los-frutos-rojos-de-huelva-que-se-celebrara-los-dias-18-y-19-de-junio\/","title":{"rendered":"Apoyo al X Congreso Internacional de Frutos Rojos de Huelva"},"content":{"rendered":"<p class=\"\" data-start=\"122\" data-end=\"439\"><strong>La d\u00e9cima edici\u00f3n del Congreso Internacional de Frutos Rojos, organizado por Freshuelva, se celebrar\u00e1 los d\u00edas 18 y 19 de junio en la Casa Col\u00f3n de Huelva, que volver\u00e1 a acoger el evento <em data-start=\"309\" data-end=\"325\">m\u00e1s importante<\/em> del sector de los berries, convirtiendo una vez m\u00e1s a la provincia en el <em data-start=\"399\" data-end=\"418\">epicentro mundial<\/em> de los frutos rojos.<\/strong><\/p>\n<p class=\"\" data-start=\"441\" data-end=\"855\">El anuncio de las fechas ha coincidido con la firma del convenio de colaboraci\u00f3n con la Fundaci\u00f3n Caja Rural del Sur, que ha renovado su compromiso como patrocinador principal exclusivo del congreso. El acuerdo fue rubricado por los presidentes de la Fundaci\u00f3n Caja Rural del Sur y Freshuelva, Jos\u00e9 Luis Garc\u00eda-Palacios \u00c1lvarez y Francisco Jos\u00e9 G\u00f3mez, respectivamente, seg\u00fan ha informado la asociaci\u00f3n en una nota.<\/p>\n<p class=\"\" data-start=\"857\" data-end=\"1419\">La organizaci\u00f3n afronta una edici\u00f3n <em data-start=\"893\" data-end=\"903\">especial<\/em> con motivo del d\u00e9cimo aniversario de este congreso, ya consolidado en el calendario de eventos del sector agr\u00edcola y considerado el principal punto de encuentro para productores, comercializadores y empresas auxiliares, tanto a nivel nacional como internacional. Cada a\u00f1o, estos agentes se re\u00fanen en Huelva para debatir y analizar el presente y el futuro de un sector marcadamente exportador, centrado en berries como la fresa, el ar\u00e1ndano, la frambuesa y la mora, reconocidos adem\u00e1s por sus propiedades saludables.<\/p>\n<p class=\"\" data-start=\"1421\" data-end=\"1762\">Precisamente, la promoci\u00f3n de la salud a trav\u00e9s del consumo de frutos rojos ser\u00e1 uno de los ejes tem\u00e1ticos del congreso, en el que tambi\u00e9n se abordar\u00e1n otros asuntos relevantes para el sector, como la gesti\u00f3n del agua, la desinfecci\u00f3n, la apertura de nuevos mercados, la comercializaci\u00f3n y el valor socioecon\u00f3mico de la actividad productiva.<\/p>\n<p class=\"\" data-start=\"1764\" data-end=\"2119\">Jos\u00e9 Luis Garc\u00eda-Palacios \u00c1lvarez destac\u00f3 que \u201cla d\u00e9cima edici\u00f3n del Congreso Internacional de Frutos Rojos supone un paso m\u00e1s hacia la consolidaci\u00f3n de la proyecci\u00f3n de la provincia como punto de referencia del sector, no solo a nivel nacional, sino tambi\u00e9n europeo, ofreciendo un espacio para compartir experiencias, tendencias y resultados de campa\u00f1a\u201d.<\/p>\n<p class=\"\" data-start=\"2121\" data-end=\"2390\">\u201cDesde el primer a\u00f1o, Caja Rural del Sur y su Fundaci\u00f3n apostaron firmemente por este congreso y han estado siempre al lado de Freshuelva para garantizar su mayor repercusi\u00f3n medi\u00e1tica entre los distintos agentes y protagonistas del sector. As\u00ed seguir\u00e1 siendo\u201d, a\u00f1adi\u00f3.<\/p>\n<p class=\"\" data-start=\"2392\" data-end=\"2674\">Por su parte, el presidente de Freshuelva agradeci\u00f3 a la Fundaci\u00f3n el apoyo constante al sector y, en particular, a la organizaci\u00f3n del congreso, cuya d\u00e9cima edici\u00f3n espera \u201ccumpla con todas las expectativas generadas en torno al principal encuentro del sector de los frutos rojos\u201d.<\/p>\n<p class=\"\" data-start=\"2676\" data-end=\"3004\">Francisco Jos\u00e9 G\u00f3mez se mostr\u00f3 \u201cmuy ilusionado\u201d con esta nueva edici\u00f3n del congreso y confi\u00f3 en que el evento sirva para \u201creforzar la uni\u00f3n del sector\u201d, permitiendo analizar el presente y afrontar los retos actuales \u201cpara seguir creciendo y consolidando nuestro liderazgo mundial en la producci\u00f3n y comercializaci\u00f3n de berries\u201d.<\/p>\n<p class=\"\" data-start=\"3006\" data-end=\"3178\">En el acto de la firma del convenio tambi\u00e9n estuvieron presentes el director de la Fundaci\u00f3n Caja Rural del Sur, Emilio Ponce, y el gerente de Freshuelva, Rafael Dom\u00ednguez.<\/p>\n<h3 class=\"\" data-start=\"3180\" data-end=\"3224\">M\u00e1s de 1.700 asistentes en la IX edici\u00f3n<\/h3>\n<p class=\"\" data-start=\"3226\" data-end=\"3508\">En este contexto, el comit\u00e9 organizador del X Congreso Internacional de Frutos Rojos trabaja ya en el dise\u00f1o del programa oficial, que incluir\u00e1 la participaci\u00f3n de diversas empresas en las conferencias t\u00e9cnicas que se celebrar\u00e1n en la Casa Col\u00f3n durante las dos jornadas del evento.<\/p>\n<p class=\"\" data-start=\"3510\" data-end=\"3807\">Tras superar los 1.700 asistentes en su anterior edici\u00f3n, el Congreso mantiene abierto el plazo para la reserva de espacios expositivos. Las inscripciones se activar\u00e1n pr\u00f3ximamente y podr\u00e1n formalizarse a trav\u00e9s de la web oficial: <a class=\"\" href=\"http:\/\/www.congresofrutosrojos.com\" target=\"_new\" rel=\"noopener\" data-start=\"3741\" data-end=\"3806\">www.congresofrutosrojos.com<\/a>.<\/p>","protected":false},"excerpt":{"rendered":"<p>La d\u00e9cima edici\u00f3n del Congreso Internacional de Frutos Rojos, organizado por Freshuelva, se celebrar\u00e1 los d\u00edas 18 y 19 de junio en la Casa Col\u00f3n de Huelva, que volver\u00e1 a [&hellip;]<\/p>\n","protected":false},"author":6,"featured_media":11162,"comment_status":"closed","ping_status":"closed","sticky":false,"template":"","format":"standard","meta":{"footnotes":""},"categories":[69],"tags":[],"class_list":["post-11161","post","type-post","status-publish","format-standard","has-post-thumbnail","hentry","category-colaboracion"],"yoast_head":"<!-- This site is optimized with the Yoast SEO plugin v27.3 - https:\/\/yoast.com\/product\/yoast-seo-wordpress\/ -->\n<title>Apoyo al X Congreso Internacional de Frutos Rojos de Huelva - Fundaci\u00f3n Caja Rural del Sur<\/title>\n<meta name=\"robots\" content=\"index, follow, max-snippet:-1, max-image-preview:large, max-video-preview:-1\" \/>\n<link rel=\"canonical\" href=\"https:\/\/fundacioncajaruraldelsur.com\/pt\/fundacion-caja-rural-del-sur-renueva-su-apoyo-al-x-congreso-internacional-de-los-frutos-rojos-de-huelva-que-se-celebrara-los-dias-18-y-19-de-junio\/\" \/>\n<meta property=\"og:locale\" content=\"pt_PT\" \/>\n<meta property=\"og:type\" content=\"article\" \/>\n<meta property=\"og:title\" content=\"Apoyo al X Congreso Internacional de Frutos Rojos de Huelva - Fundaci\u00f3n Caja Rural del Sur\" \/>\n<meta property=\"og:description\" content=\"La d\u00e9cima edici\u00f3n del Congreso Internacional de Frutos Rojos, organizado por Freshuelva, se celebrar\u00e1 los d\u00edas 18 y 19 de junio en la Casa Col\u00f3n de Huelva, que volver\u00e1 a [&hellip;]\" \/>\n<meta property=\"og:url\" content=\"https:\/\/fundacioncajaruraldelsur.com\/pt\/fundacion-caja-rural-del-sur-renueva-su-apoyo-al-x-congreso-internacional-de-los-frutos-rojos-de-huelva-que-se-celebrara-los-dias-18-y-19-de-junio\/\" \/>\n<meta property=\"og:site_name\" content=\"Fundaci\u00f3n Caja Rural del Sur\" \/>\n<meta property=\"article:published_time\" content=\"2025-04-22T16:59:37+00:00\" \/>\n<meta property=\"article:modified_time\" content=\"2025-04-24T21:58:58+00:00\" \/>\n<meta property=\"og:image\" content=\"https:\/\/fundacioncajaruraldelsur.com\/wp-content\/uploads\/2025\/04\/freshuelva.png\" \/>\n\t<meta property=\"og:image:width\" content=\"673\" \/>\n\t<meta property=\"og:image:height\" content=\"476\" \/>\n\t<meta property=\"og:image:type\" content=\"image\/png\" \/>\n<meta name=\"author\" content=\"Comunicaci\u00f3n\" \/>\n<meta name=\"twitter:card\" content=\"summary_large_image\" \/>\n<meta name=\"twitter:label1\" content=\"Written by\" \/>\n\t<meta name=\"twitter:data1\" content=\"Comunicaci\u00f3n\" \/>\n\t<meta name=\"twitter:label2\" content=\"Est. reading time\" \/>\n\t<meta name=\"twitter:data2\" content=\"3 minutes\" \/>\n<script type=\"application\/ld+json\" class=\"yoast-schema-graph\">{\"@context\":\"https:\\\/\\\/schema.org\",\"@graph\":[{\"@type\":\"Article\",\"@id\":\"https:\\\/\\\/fundacioncajaruraldelsur.com\\\/fundacion-caja-rural-del-sur-renueva-su-apoyo-al-x-congreso-internacional-de-los-frutos-rojos-de-huelva-que-se-celebrara-los-dias-18-y-19-de-junio\\\/#article\",\"isPartOf\":{\"@id\":\"https:\\\/\\\/fundacioncajaruraldelsur.com\\\/fundacion-caja-rural-del-sur-renueva-su-apoyo-al-x-congreso-internacional-de-los-frutos-rojos-de-huelva-que-se-celebrara-los-dias-18-y-19-de-junio\\\/\"},\"author\":{\"name\":\"Comunicaci\u00f3n\",\"@id\":\"https:\\\/\\\/fundacioncajaruraldelsur.com\\\/#\\\/schema\\\/person\\\/f430da9fb783d505ff061ad8b3d44577\"},\"headline\":\"Apoyo al X Congreso Internacional de Frutos Rojos de Huelva\",\"datePublished\":\"2025-04-22T16:59:37+00:00\",\"dateModified\":\"2025-04-24T21:58:58+00:00\",\"mainEntityOfPage\":{\"@id\":\"https:\\\/\\\/fundacioncajaruraldelsur.com\\\/fundacion-caja-rural-del-sur-renueva-su-apoyo-al-x-congreso-internacional-de-los-frutos-rojos-de-huelva-que-se-celebrara-los-dias-18-y-19-de-junio\\\/\"},\"wordCount\":642,\"image\":{\"@id\":\"https:\\\/\\\/fundacioncajaruraldelsur.com\\\/fundacion-caja-rural-del-sur-renueva-su-apoyo-al-x-congreso-internacional-de-los-frutos-rojos-de-huelva-que-se-celebrara-los-dias-18-y-19-de-junio\\\/#primaryimage\"},\"thumbnailUrl\":\"https:\\\/\\\/fundacioncajaruraldelsur.com\\\/wp-content\\\/uploads\\\/2025\\\/04\\\/freshuelva.png\",\"articleSection\":[\"Colaboraci\u00f3n\"],\"inLanguage\":\"pt-PT\"},{\"@type\":\"WebPage\",\"@id\":\"https:\\\/\\\/fundacioncajaruraldelsur.com\\\/fundacion-caja-rural-del-sur-renueva-su-apoyo-al-x-congreso-internacional-de-los-frutos-rojos-de-huelva-que-se-celebrara-los-dias-18-y-19-de-junio\\\/\",\"url\":\"https:\\\/\\\/fundacioncajaruraldelsur.com\\\/fundacion-caja-rural-del-sur-renueva-su-apoyo-al-x-congreso-internacional-de-los-frutos-rojos-de-huelva-que-se-celebrara-los-dias-18-y-19-de-junio\\\/\",\"name\":\"Apoyo al X Congreso Internacional de Frutos Rojos de Huelva - Fundaci\u00f3n Caja Rural del Sur\",\"isPartOf\":{\"@id\":\"https:\\\/\\\/fundacioncajaruraldelsur.com\\\/#website\"},\"primaryImageOfPage\":{\"@id\":\"https:\\\/\\\/fundacioncajaruraldelsur.com\\\/fundacion-caja-rural-del-sur-renueva-su-apoyo-al-x-congreso-internacional-de-los-frutos-rojos-de-huelva-que-se-celebrara-los-dias-18-y-19-de-junio\\\/#primaryimage\"},\"image\":{\"@id\":\"https:\\\/\\\/fundacioncajaruraldelsur.com\\\/fundacion-caja-rural-del-sur-renueva-su-apoyo-al-x-congreso-internacional-de-los-frutos-rojos-de-huelva-que-se-celebrara-los-dias-18-y-19-de-junio\\\/#primaryimage\"},\"thumbnailUrl\":\"https:\\\/\\\/fundacioncajaruraldelsur.com\\\/wp-content\\\/uploads\\\/2025\\\/04\\\/freshuelva.png\",\"datePublished\":\"2025-04-22T16:59:37+00:00\",\"dateModified\":\"2025-04-24T21:58:58+00:00\",\"author\":{\"@id\":\"https:\\\/\\\/fundacioncajaruraldelsur.com\\\/#\\\/schema\\\/person\\\/f430da9fb783d505ff061ad8b3d44577\"},\"breadcrumb\":{\"@id\":\"https:\\\/\\\/fundacioncajaruraldelsur.com\\\/fundacion-caja-rural-del-sur-renueva-su-apoyo-al-x-congreso-internacional-de-los-frutos-rojos-de-huelva-que-se-celebrara-los-dias-18-y-19-de-junio\\\/#breadcrumb\"},\"inLanguage\":\"pt-PT\",\"potentialAction\":[{\"@type\":\"ReadAction\",\"target\":[\"https:\\\/\\\/fundacioncajaruraldelsur.com\\\/fundacion-caja-rural-del-sur-renueva-su-apoyo-al-x-congreso-internacional-de-los-frutos-rojos-de-huelva-que-se-celebrara-los-dias-18-y-19-de-junio\\\/\"]}]},{\"@type\":\"ImageObject\",\"inLanguage\":\"pt-PT\",\"@id\":\"https:\\\/\\\/fundacioncajaruraldelsur.com\\\/fundacion-caja-rural-del-sur-renueva-su-apoyo-al-x-congreso-internacional-de-los-frutos-rojos-de-huelva-que-se-celebrara-los-dias-18-y-19-de-junio\\\/#primaryimage\",\"url\":\"https:\\\/\\\/fundacioncajaruraldelsur.com\\\/wp-content\\\/uploads\\\/2025\\\/04\\\/freshuelva.png\",\"contentUrl\":\"https:\\\/\\\/fundacioncajaruraldelsur.com\\\/wp-content\\\/uploads\\\/2025\\\/04\\\/freshuelva.png\",\"width\":673,\"height\":476},{\"@type\":\"BreadcrumbList\",\"@id\":\"https:\\\/\\\/fundacioncajaruraldelsur.com\\\/fundacion-caja-rural-del-sur-renueva-su-apoyo-al-x-congreso-internacional-de-los-frutos-rojos-de-huelva-que-se-celebrara-los-dias-18-y-19-de-junio\\\/#breadcrumb\",\"itemListElement\":[{\"@type\":\"ListItem\",\"position\":1,\"name\":\"Portada\",\"item\":\"https:\\\/\\\/fundacioncajaruraldelsur.com\\\/\"},{\"@type\":\"ListItem\",\"position\":2,\"name\":\"Apoyo al X Congreso Internacional de Frutos Rojos de Huelva\"}]},{\"@type\":\"WebSite\",\"@id\":\"https:\\\/\\\/fundacioncajaruraldelsur.com\\\/#website\",\"url\":\"https:\\\/\\\/fundacioncajaruraldelsur.com\\\/\",\"name\":\"Fundaci\u00f3n Caja Rural del Sur\",\"description\":\"\",\"potentialAction\":[{\"@type\":\"SearchAction\",\"target\":{\"@type\":\"EntryPoint\",\"urlTemplate\":\"https:\\\/\\\/fundacioncajaruraldelsur.com\\\/?s={search_term_string}\"},\"query-input\":{\"@type\":\"PropertyValueSpecification\",\"valueRequired\":true,\"valueName\":\"search_term_string\"}}],\"inLanguage\":\"pt-PT\"},{\"@type\":\"Person\",\"@id\":\"https:\\\/\\\/fundacioncajaruraldelsur.com\\\/#\\\/schema\\\/person\\\/f430da9fb783d505ff061ad8b3d44577\",\"name\":\"Comunicaci\u00f3n\",\"image\":{\"@type\":\"ImageObject\",\"inLanguage\":\"pt-PT\",\"@id\":\"https:\\\/\\\/secure.gravatar.com\\\/avatar\\\/0dca239875993680bac4603ad2de7942da018f52cc3a244578e0b3b09314a8d8?s=96&d=blank&r=g\",\"url\":\"https:\\\/\\\/secure.gravatar.com\\\/avatar\\\/0dca239875993680bac4603ad2de7942da018f52cc3a244578e0b3b09314a8d8?s=96&d=blank&r=g\",\"contentUrl\":\"https:\\\/\\\/secure.gravatar.com\\\/avatar\\\/0dca239875993680bac4603ad2de7942da018f52cc3a244578e0b3b09314a8d8?s=96&d=blank&r=g\",\"caption\":\"Comunicaci\u00f3n\"}}]}<\/script>\n<!-- \/ Yoast SEO plugin. -->","yoast_head_json":{"title":"Apoyo al X Congreso Internacional de Frutos Rojos de Huelva - Fundaci\u00f3n Caja Rural del Sur","robots":{"index":"index","follow":"follow","max-snippet":"max-snippet:-1","max-image-preview":"max-image-preview:large","max-video-preview":"max-video-preview:-1"},"canonical":"https:\/\/fundacioncajaruraldelsur.com\/pt\/fundacion-caja-rural-del-sur-renueva-su-apoyo-al-x-congreso-internacional-de-los-frutos-rojos-de-huelva-que-se-celebrara-los-dias-18-y-19-de-junio\/","og_locale":"pt_PT","og_type":"article","og_title":"Apoyo al X Congreso Internacional de Frutos Rojos de Huelva - Fundaci\u00f3n Caja Rural del Sur","og_description":"La d\u00e9cima edici\u00f3n del Congreso Internacional de Frutos Rojos, organizado por Freshuelva, se celebrar\u00e1 los d\u00edas 18 y 19 de junio en la Casa Col\u00f3n de Huelva, que volver\u00e1 a [&hellip;]","og_url":"https:\/\/fundacioncajaruraldelsur.com\/pt\/fundacion-caja-rural-del-sur-renueva-su-apoyo-al-x-congreso-internacional-de-los-frutos-rojos-de-huelva-que-se-celebrara-los-dias-18-y-19-de-junio\/","og_site_name":"Fundaci\u00f3n Caja Rural del Sur","article_published_time":"2025-04-22T16:59:37+00:00","article_modified_time":"2025-04-24T21:58:58+00:00","og_image":[{"width":673,"height":476,"url":"https:\/\/fundacioncajaruraldelsur.com\/wp-content\/uploads\/2025\/04\/freshuelva.png","type":"image\/png"}],"author":"Comunicaci\u00f3n","twitter_card":"summary_large_image","twitter_misc":{"Written by":"Comunicaci\u00f3n","Est. reading time":"3 minutes"},"schema":{"@context":"https:\/\/schema.org","@graph":[{"@type":"Article","@id":"https:\/\/fundacioncajaruraldelsur.com\/fundacion-caja-rural-del-sur-renueva-su-apoyo-al-x-congreso-internacional-de-los-frutos-rojos-de-huelva-que-se-celebrara-los-dias-18-y-19-de-junio\/#article","isPartOf":{"@id":"https:\/\/fundacioncajaruraldelsur.com\/fundacion-caja-rural-del-sur-renueva-su-apoyo-al-x-congreso-internacional-de-los-frutos-rojos-de-huelva-que-se-celebrara-los-dias-18-y-19-de-junio\/"},"author":{"name":"Comunicaci\u00f3n","@id":"https:\/\/fundacioncajaruraldelsur.com\/#\/schema\/person\/f430da9fb783d505ff061ad8b3d44577"},"headline":"Apoyo al X Congreso Internacional de Frutos Rojos de Huelva","datePublished":"2025-04-22T16:59:37+00:00","dateModified":"2025-04-24T21:58:58+00:00","mainEntityOfPage":{"@id":"https:\/\/fundacioncajaruraldelsur.com\/fundacion-caja-rural-del-sur-renueva-su-apoyo-al-x-congreso-internacional-de-los-frutos-rojos-de-huelva-que-se-celebrara-los-dias-18-y-19-de-junio\/"},"wordCount":642,"image":{"@id":"https:\/\/fundacioncajaruraldelsur.com\/fundacion-caja-rural-del-sur-renueva-su-apoyo-al-x-congreso-internacional-de-los-frutos-rojos-de-huelva-que-se-celebrara-los-dias-18-y-19-de-junio\/#primaryimage"},"thumbnailUrl":"https:\/\/fundacioncajaruraldelsur.com\/wp-content\/uploads\/2025\/04\/freshuelva.png","articleSection":["Colaboraci\u00f3n"],"inLanguage":"pt-PT"},{"@type":"WebPage","@id":"https:\/\/fundacioncajaruraldelsur.com\/fundacion-caja-rural-del-sur-renueva-su-apoyo-al-x-congreso-internacional-de-los-frutos-rojos-de-huelva-que-se-celebrara-los-dias-18-y-19-de-junio\/","url":"https:\/\/fundacioncajaruraldelsur.com\/fundacion-caja-rural-del-sur-renueva-su-apoyo-al-x-congreso-internacional-de-los-frutos-rojos-de-huelva-que-se-celebrara-los-dias-18-y-19-de-junio\/","name":"Apoyo al X Congreso Internacional de Frutos Rojos de Huelva - Fundaci\u00f3n Caja Rural del Sur","isPartOf":{"@id":"https:\/\/fundacioncajaruraldelsur.com\/#website"},"primaryImageOfPage":{"@id":"https:\/\/fundacioncajaruraldelsur.com\/fundacion-caja-rural-del-sur-renueva-su-apoyo-al-x-congreso-internacional-de-los-frutos-rojos-de-huelva-que-se-celebrara-los-dias-18-y-19-de-junio\/#primaryimage"},"image":{"@id":"https:\/\/fundacioncajaruraldelsur.com\/fundacion-caja-rural-del-sur-renueva-su-apoyo-al-x-congreso-internacional-de-los-frutos-rojos-de-huelva-que-se-celebrara-los-dias-18-y-19-de-junio\/#primaryimage"},"thumbnailUrl":"https:\/\/fundacioncajaruraldelsur.com\/wp-content\/uploads\/2025\/04\/freshuelva.png","datePublished":"2025-04-22T16:59:37+00:00","dateModified":"2025-04-24T21:58:58+00:00","author":{"@id":"https:\/\/fundacioncajaruraldelsur.com\/#\/schema\/person\/f430da9fb783d505ff061ad8b3d44577"},"breadcrumb":{"@id":"https:\/\/fundacioncajaruraldelsur.com\/fundacion-caja-rural-del-sur-renueva-su-apoyo-al-x-congreso-internacional-de-los-frutos-rojos-de-huelva-que-se-celebrara-los-dias-18-y-19-de-junio\/#breadcrumb"},"inLanguage":"pt-PT","potentialAction":[{"@type":"ReadAction","target":["https:\/\/fundacioncajaruraldelsur.com\/fundacion-caja-rural-del-sur-renueva-su-apoyo-al-x-congreso-internacional-de-los-frutos-rojos-de-huelva-que-se-celebrara-los-dias-18-y-19-de-junio\/"]}]},{"@type":"ImageObject","inLanguage":"pt-PT","@id":"https:\/\/fundacioncajaruraldelsur.com\/fundacion-caja-rural-del-sur-renueva-su-apoyo-al-x-congreso-internacional-de-los-frutos-rojos-de-huelva-que-se-celebrara-los-dias-18-y-19-de-junio\/#primaryimage","url":"https:\/\/fundacioncajaruraldelsur.com\/wp-content\/uploads\/2025\/04\/freshuelva.png","contentUrl":"https:\/\/fundacioncajaruraldelsur.com\/wp-content\/uploads\/2025\/04\/freshuelva.png","width":673,"height":476},{"@type":"BreadcrumbList","@id":"https:\/\/fundacioncajaruraldelsur.com\/fundacion-caja-rural-del-sur-renueva-su-apoyo-al-x-congreso-internacional-de-los-frutos-rojos-de-huelva-que-se-celebrara-los-dias-18-y-19-de-junio\/#breadcrumb","itemListElement":[{"@type":"ListItem","position":1,"name":"Portada","item":"https:\/\/fundacioncajaruraldelsur.com\/"},{"@type":"ListItem","position":2,"name":"Apoyo al X Congreso Internacional de Frutos Rojos de Huelva"}]},{"@type":"WebSite","@id":"https:\/\/fundacioncajaruraldelsur.com\/#website","url":"https:\/\/fundacioncajaruraldelsur.com\/","name":"Funda\u00e7\u00e3o Caja Rural del Sur","description":"","potentialAction":[{"@type":"SearchAction","target":{"@type":"EntryPoint","urlTemplate":"https:\/\/fundacioncajaruraldelsur.com\/?s={search_term_string}"},"query-input":{"@type":"PropertyValueSpecification","valueRequired":true,"valueName":"search_term_string"}}],"inLanguage":"pt-PT"},{"@type":"Person","@id":"https:\/\/fundacioncajaruraldelsur.com\/#\/schema\/person\/f430da9fb783d505ff061ad8b3d44577","name":"Comunicaci\u00f3n","image":{"@type":"ImageObject","inLanguage":"pt-PT","@id":"https:\/\/secure.gravatar.com\/avatar\/0dca239875993680bac4603ad2de7942da018f52cc3a244578e0b3b09314a8d8?s=96&d=blank&r=g","url":"https:\/\/secure.gravatar.com\/avatar\/0dca239875993680bac4603ad2de7942da018f52cc3a244578e0b3b09314a8d8?s=96&d=blank&r=g","contentUrl":"https:\/\/secure.gravatar.com\/avatar\/0dca239875993680bac4603ad2de7942da018f52cc3a244578e0b3b09314a8d8?s=96&d=blank&r=g","caption":"Comunicaci\u00f3n"}}]}},"rttpg_featured_image_url":{"full":["https:\/\/fundacioncajaruraldelsur.com\/wp-content\/uploads\/2025\/04\/freshuelva.png",673,476,false],"landscape":["https:\/\/fundacioncajaruraldelsur.com\/wp-content\/uploads\/2025\/04\/freshuelva.png",673,476,false],"portraits":["https:\/\/fundacioncajaruraldelsur.com\/wp-content\/uploads\/2025\/04\/freshuelva.png",673,476,false],"thumbnail":["https:\/\/fundacioncajaruraldelsur.com\/wp-content\/uploads\/2025\/04\/freshuelva-150x150.png",150,150,true],"medium":["https:\/\/fundacioncajaruraldelsur.com\/wp-content\/uploads\/2025\/04\/freshuelva-300x212.png",300,212,true],"large":["https:\/\/fundacioncajaruraldelsur.com\/wp-content\/uploads\/2025\/04\/freshuelva.png",673,476,false],"1536x1536":["https:\/\/fundacioncajaruraldelsur.com\/wp-content\/uploads\/2025\/04\/freshuelva.png",673,476,false],"2048x2048":["https:\/\/fundacioncajaruraldelsur.com\/wp-content\/uploads\/2025\/04\/freshuelva.png",673,476,false],"trp-custom-language-flag":["https:\/\/fundacioncajaruraldelsur.com\/wp-content\/uploads\/2025\/04\/freshuelva.png",18,12,false],"blog-thumbnail":["https:\/\/fundacioncajaruraldelsur.com\/wp-content\/uploads\/2025\/04\/freshuelva-400x200.png",400,200,true]},"rttpg_author":{"display_name":"Comunicaci\u00f3n","author_link":"https:\/\/fundacioncajaruraldelsur.com\/pt\/author\/sevillaadmin\/"},"rttpg_comment":0,"rttpg_category":"<a href=\"https:\/\/fundacioncajaruraldelsur.com\/pt\/category\/colaboracion\/\" rel=\"category tag\">Colaboraci\u00f3n<\/a>","rttpg_excerpt":"La d\u00e9cima edici\u00f3n del Congreso Internacional de Frutos Rojos, organizado por Freshuelva, se celebrar\u00e1 los d\u00edas 18 y 19 de junio en la Casa Col\u00f3n de Huelva, que volver\u00e1 a [&hellip;]","_links":{"self":[{"href":"https:\/\/fundacioncajaruraldelsur.com\/pt\/wp-json\/wp\/v2\/posts\/11161","targetHints":{"allow":["GET"]}}],"collection":[{"href":"https:\/\/fundacioncajaruraldelsur.com\/pt\/wp-json\/wp\/v2\/posts"}],"about":[{"href":"https:\/\/fundacioncajaruraldelsur.com\/pt\/wp-json\/wp\/v2\/types\/post"}],"author":[{"embeddable":true,"href":"https:\/\/fundacioncajaruraldelsur.com\/pt\/wp-json\/wp\/v2\/users\/6"}],"replies":[{"embeddable":true,"href":"https:\/\/fundacioncajaruraldelsur.com\/pt\/wp-json\/wp\/v2\/comments?post=11161"}],"version-history":[{"count":4,"href":"https:\/\/fundacioncajaruraldelsur.com\/pt\/wp-json\/wp\/v2\/posts\/11161\/revisions"}],"predecessor-version":[{"id":11170,"href":"https:\/\/fundacioncajaruraldelsur.com\/pt\/wp-json\/wp\/v2\/posts\/11161\/revisions\/11170"}],"wp:featuredmedia":[{"embeddable":true,"href":"https:\/\/fundacioncajaruraldelsur.com\/pt\/wp-json\/wp\/v2\/media\/11162"}],"wp:attachment":[{"href":"https:\/\/fundacioncajaruraldelsur.com\/pt\/wp-json\/wp\/v2\/media?parent=11161"}],"wp:term":[{"taxonomy":"category","embeddable":true,"href":"https:\/\/fundacioncajaruraldelsur.com\/pt\/wp-json\/wp\/v2\/categories?post=11161"},{"taxonomy":"post_tag","embeddable":true,"href":"https:\/\/fundacioncajaruraldelsur.com\/pt\/wp-json\/wp\/v2\/tags?post=11161"}],"curies":[{"name":"wp","href":"https:\/\/api.w.org\/{rel}","templated":true}]}}