{"id":11140,"date":"2025-04-21T22:26:49","date_gmt":"2025-04-21T21:26:49","guid":{"rendered":"https:\/\/fundacioncajaruraldelsur.com\/?p=11140"},"modified":"2025-04-21T22:27:51","modified_gmt":"2025-04-21T21:27:51","slug":"caja-rural-del-sur-entrega-los-xix-premios-pepe-luis-vazquez-a-juan-ortega-la-ganaderia-de-santiago-domecq-y-el-cordobes","status":"publish","type":"post","link":"https:\/\/fundacioncajaruraldelsur.com\/pt\/caja-rural-del-sur-entrega-los-xix-premios-pepe-luis-vazquez-a-juan-ortega-la-ganaderia-de-santiago-domecq-y-el-cordobes\/","title":{"rendered":"Caja Rural del Sur entrega los XIX Premios \u201cPepe Luis V\u00e1zquez a Juan Ortega, la ganader\u00eda de Santiago Domecq y &#8216;El Cordob\u00e9s&#8217;"},"content":{"rendered":"<p class=\"\" data-start=\"104\" data-end=\"363\">Como cada Lunes de Pascua, la sede sevillana de la Fundaci\u00f3n Caja Rural del Sur se ha convertido en punto de encuentro del mundo taurino andaluz para celebrar la entrega de los <strong>Premios Taurinos \u201cPepe Luis V\u00e1zquez\u201d<\/strong>, que este a\u00f1o alcanzan su XIX edici\u00f3n.<\/p>\n<p class=\"\" data-start=\"365\" data-end=\"645\"><strong>La ceremonia, celebrada este lunes 22 de abril en el sal\u00f3n de actos del Centro Cultural de Caja Rural del Sur en Sevilla<\/strong>, reuni\u00f3 al mundo del toro, periodistas especializados y representantes institucionales en un acto ya consolidado en el calendario cultural y taurino andaluz.<\/p>\n<p class=\"\" data-start=\"647\" data-end=\"1062\">El presidente de Caja Rural del Sur y de su Fundaci\u00f3n, <strong data-start=\"702\" data-end=\"739\">Jos\u00e9 Luis Garc\u00eda-Palacios \u00c1lvarez<\/strong>, fue el encargado de abrir el acto, pidiendo un minuto de silencio por el fallecimiento del Papa Francisco, y agradeciendo a continuaci\u00f3n a Santiago Le\u00f3n Domecq su \u00abbrillante\u00bb labor al frente de la Real Maestranza de Caballer\u00eda durante estos \u00faltimos a\u00f1os, una vez que pr\u00f3ximamente concluye su mandato. Adem\u00e1s, record\u00f3 la celebraci\u00f3n de los 25 a\u00f1os de Caja Rural del Sur en este a\u00f1o 2025, destacando las figuras de los anteriores presidentes, y reafirmando la firme apuesta de la entidad por la defensa de la fiesta nacional.<\/p>\n<p data-start=\"647\" data-end=\"1062\"><a href=\"https:\/\/fundacioncajaruraldelsur.com\/wp-content\/uploads\/2025\/04\/pte-premios.jpg\" rel=\"lightbox-0\"><img loading=\"lazy\" decoding=\"async\" class=\"wp-image-11149 size-large aligncenter\" src=\"https:\/\/fundacioncajaruraldelsur.com\/wp-content\/uploads\/2025\/04\/pte-premios-1024x768.jpg\" alt=\"\" width=\"960\" height=\"720\" srcset=\"https:\/\/fundacioncajaruraldelsur.com\/wp-content\/uploads\/2025\/04\/pte-premios-1024x768.jpg 1024w, https:\/\/fundacioncajaruraldelsur.com\/wp-content\/uploads\/2025\/04\/pte-premios-300x225.jpg 300w, https:\/\/fundacioncajaruraldelsur.com\/wp-content\/uploads\/2025\/04\/pte-premios-768x576.jpg 768w, https:\/\/fundacioncajaruraldelsur.com\/wp-content\/uploads\/2025\/04\/pte-premios-1536x1152.jpg 1536w, https:\/\/fundacioncajaruraldelsur.com\/wp-content\/uploads\/2025\/04\/pte-premios.jpg 1600w\" sizes=\"auto, (max-width: 960px) 100vw, 960px\" \/><\/a><\/p>\n<p class=\"\" data-start=\"1064\" data-end=\"1350\">Antes de la entrega de galardones, el periodista <strong data-start=\"1113\" data-end=\"1131\">Carlos Crivell<\/strong> como cada a\u00f1o present\u00f3 la 27 edici\u00f3n del <strong data-start=\"1172\" data-end=\"1194\">Anuario Maestranza<\/strong>, publicaci\u00f3n de referencia que repasa la temporada taurina 2024 en las plazas de Sevilla, Huelva, Jerez de la Frontera, El Puerto de Santa Mar\u00eda y C\u00f3rdoba.<\/p>\n<p data-start=\"1064\" data-end=\"1350\"><a href=\"https:\/\/fundacioncajaruraldelsur.com\/wp-content\/uploads\/2025\/04\/crivell.jpg\" rel=\"lightbox-1\"><img loading=\"lazy\" decoding=\"async\" class=\"wp-image-11142 size-large aligncenter\" src=\"https:\/\/fundacioncajaruraldelsur.com\/wp-content\/uploads\/2025\/04\/crivell-1024x768.jpg\" alt=\"\" width=\"960\" height=\"720\" srcset=\"https:\/\/fundacioncajaruraldelsur.com\/wp-content\/uploads\/2025\/04\/crivell-1024x768.jpg 1024w, https:\/\/fundacioncajaruraldelsur.com\/wp-content\/uploads\/2025\/04\/crivell-300x225.jpg 300w, https:\/\/fundacioncajaruraldelsur.com\/wp-content\/uploads\/2025\/04\/crivell-768x576.jpg 768w, https:\/\/fundacioncajaruraldelsur.com\/wp-content\/uploads\/2025\/04\/crivell-1536x1152.jpg 1536w, https:\/\/fundacioncajaruraldelsur.com\/wp-content\/uploads\/2025\/04\/crivell.jpg 2048w\" sizes=\"auto, (max-width: 960px) 100vw, 960px\" \/><\/a><\/p>\n<p class=\"\" data-start=\"1352\" data-end=\"1515\">El director financiero de la Fundaci\u00f3n, <strong data-start=\"1392\" data-end=\"1413\">Manuel Ruiz Rojas<\/strong>, ley\u00f3 el acta con los nombres de los premiados de esta edici\u00f3n, correspondiente a la temporada 2024.<\/p>\n<p data-start=\"1352\" data-end=\"1515\"><a href=\"https:\/\/fundacioncajaruraldelsur.com\/wp-content\/uploads\/2025\/04\/ruiz-rojas.jpg\" rel=\"lightbox-2\"><img loading=\"lazy\" decoding=\"async\" class=\"wp-image-11148 size-large aligncenter\" src=\"https:\/\/fundacioncajaruraldelsur.com\/wp-content\/uploads\/2025\/04\/ruiz-rojas-1024x768.jpg\" alt=\"\" width=\"960\" height=\"720\" srcset=\"https:\/\/fundacioncajaruraldelsur.com\/wp-content\/uploads\/2025\/04\/ruiz-rojas-1024x768.jpg 1024w, https:\/\/fundacioncajaruraldelsur.com\/wp-content\/uploads\/2025\/04\/ruiz-rojas-300x225.jpg 300w, https:\/\/fundacioncajaruraldelsur.com\/wp-content\/uploads\/2025\/04\/ruiz-rojas-768x576.jpg 768w, https:\/\/fundacioncajaruraldelsur.com\/wp-content\/uploads\/2025\/04\/ruiz-rojas-1536x1152.jpg 1536w, https:\/\/fundacioncajaruraldelsur.com\/wp-content\/uploads\/2025\/04\/ruiz-rojas.jpg 2048w\" sizes=\"auto, (max-width: 960px) 100vw, 960px\" \/><\/a><\/p>\n<p class=\"\" data-start=\"1517\" data-end=\"1831\">O <strong data-start=\"1520\" data-end=\"1554\">Premio al Torero M\u00e1s Destacado<\/strong> fue entregado a <strong data-start=\"1564\" data-end=\"1584\">Juan Ortega Mora<\/strong>, en reconocimiento a su brillante temporada, marcada por el clasicismo y la pureza de su toreo.<\/p>\n<p data-start=\"1517\" data-end=\"1831\"><a href=\"https:\/\/fundacioncajaruraldelsur.com\/wp-content\/uploads\/2025\/04\/premio-juan-ortega.jpg\" rel=\"lightbox-3\"><img loading=\"lazy\" decoding=\"async\" class=\"wp-image-11145 size-large aligncenter\" src=\"https:\/\/fundacioncajaruraldelsur.com\/wp-content\/uploads\/2025\/04\/premio-juan-ortega-1024x768.jpg\" alt=\"\" width=\"960\" height=\"720\" srcset=\"https:\/\/fundacioncajaruraldelsur.com\/wp-content\/uploads\/2025\/04\/premio-juan-ortega-1024x768.jpg 1024w, https:\/\/fundacioncajaruraldelsur.com\/wp-content\/uploads\/2025\/04\/premio-juan-ortega-300x225.jpg 300w, https:\/\/fundacioncajaruraldelsur.com\/wp-content\/uploads\/2025\/04\/premio-juan-ortega-768x576.jpg 768w, https:\/\/fundacioncajaruraldelsur.com\/wp-content\/uploads\/2025\/04\/premio-juan-ortega-1536x1152.jpg 1536w, https:\/\/fundacioncajaruraldelsur.com\/wp-content\/uploads\/2025\/04\/premio-juan-ortega.jpg 1600w\" sizes=\"auto, (max-width: 960px) 100vw, 960px\" \/><\/a><\/p>\n<p data-start=\"1517\" data-end=\"1831\">Adem\u00e1s, como a todos los premiados, se les hizo entrega de un Jam\u00f3n de de la Denominaci\u00f3n de Origen Protegida (DOP) por parte de Guillermo Garc\u00eda-Palacios, Presidente de la misma.<\/p>\n<p data-start=\"1517\" data-end=\"1831\"><a href=\"https:\/\/fundacioncajaruraldelsur.com\/wp-content\/uploads\/2025\/04\/jabugo.jpg\" rel=\"lightbox-4\"><img loading=\"lazy\" decoding=\"async\" class=\"wp-image-11147 size-large aligncenter\" src=\"https:\/\/fundacioncajaruraldelsur.com\/wp-content\/uploads\/2025\/04\/jabugo-1024x768.jpg\" alt=\"\" width=\"960\" height=\"720\" srcset=\"https:\/\/fundacioncajaruraldelsur.com\/wp-content\/uploads\/2025\/04\/jabugo-1024x768.jpg 1024w, https:\/\/fundacioncajaruraldelsur.com\/wp-content\/uploads\/2025\/04\/jabugo-300x225.jpg 300w, https:\/\/fundacioncajaruraldelsur.com\/wp-content\/uploads\/2025\/04\/jabugo-768x576.jpg 768w, https:\/\/fundacioncajaruraldelsur.com\/wp-content\/uploads\/2025\/04\/jabugo-1536x1152.jpg 1536w, https:\/\/fundacioncajaruraldelsur.com\/wp-content\/uploads\/2025\/04\/jabugo.jpg 1600w\" sizes=\"auto, (max-width: 960px) 100vw, 960px\" \/><\/a><\/p>\n<p class=\"\" data-start=\"1517\" data-end=\"1831\">A <strong data-start=\"1684\" data-end=\"1716\">Ganader\u00eda de Santiago Domecq<\/strong> fue distinguida como la m\u00e1s relevante del a\u00f1o por la calidad de sus reses y su aportaci\u00f3n a los grandes festejos.<\/p>\n<p data-start=\"1517\" data-end=\"1831\"><a href=\"https:\/\/fundacioncajaruraldelsur.com\/wp-content\/uploads\/2025\/04\/domeq.jpg\" rel=\"lightbox-5\"><img loading=\"lazy\" decoding=\"async\" class=\"wp-image-11144 size-large aligncenter\" src=\"https:\/\/fundacioncajaruraldelsur.com\/wp-content\/uploads\/2025\/04\/domeq-1024x768.jpg\" alt=\"\" width=\"960\" height=\"720\" srcset=\"https:\/\/fundacioncajaruraldelsur.com\/wp-content\/uploads\/2025\/04\/domeq-1024x768.jpg 1024w, https:\/\/fundacioncajaruraldelsur.com\/wp-content\/uploads\/2025\/04\/domeq-300x225.jpg 300w, https:\/\/fundacioncajaruraldelsur.com\/wp-content\/uploads\/2025\/04\/domeq-768x576.jpg 768w, https:\/\/fundacioncajaruraldelsur.com\/wp-content\/uploads\/2025\/04\/domeq-1536x1152.jpg 1536w, https:\/\/fundacioncajaruraldelsur.com\/wp-content\/uploads\/2025\/04\/domeq.jpg 1600w\" sizes=\"auto, (max-width: 960px) 100vw, 960px\" \/><\/a><\/p>\n<p class=\"\" data-start=\"1833\" data-end=\"2172\">Por su parte, el <strong data-start=\"1850\" data-end=\"1888\">Premio \u2018Jos\u00e9 Luis Garc\u00eda Palacios\u2019<\/strong>, que reconoce a la personalidad m\u00e1s influyente en la defensa de la tauromaquia, fue concedido a <strong data-start=\"1985\" data-end=\"2017\">Manuel Ben\u00edtez \u201cEl Cordob\u00e9s\u201d<\/strong>, no solo por su hist\u00f3rica trayectoria en los ruedos, sino tambi\u00e9n por su compromiso actual con la fiesta a trav\u00e9s de la <strong data-start=\"2138\" data-end=\"2171\">Fundaci\u00f3n que lleva su nombre<\/strong>. El torero premiado no pudo asistir por un peque\u00f1o problema de salud, por lo que recogi\u00f3 el premio su hijo, Julio Ben\u00edtez.<\/p>\n<p data-start=\"1833\" data-end=\"2172\"><a href=\"https:\/\/fundacioncajaruraldelsur.com\/wp-content\/uploads\/2025\/04\/cordobes.jpg\" rel=\"lightbox-6\"><img loading=\"lazy\" decoding=\"async\" class=\"wp-image-11141 size-large aligncenter\" src=\"https:\/\/fundacioncajaruraldelsur.com\/wp-content\/uploads\/2025\/04\/cordobes-1024x768.jpg\" alt=\"\" width=\"960\" height=\"720\" srcset=\"https:\/\/fundacioncajaruraldelsur.com\/wp-content\/uploads\/2025\/04\/cordobes-1024x768.jpg 1024w, https:\/\/fundacioncajaruraldelsur.com\/wp-content\/uploads\/2025\/04\/cordobes-300x225.jpg 300w, https:\/\/fundacioncajaruraldelsur.com\/wp-content\/uploads\/2025\/04\/cordobes-768x576.jpg 768w, https:\/\/fundacioncajaruraldelsur.com\/wp-content\/uploads\/2025\/04\/cordobes-1536x1152.jpg 1536w, https:\/\/fundacioncajaruraldelsur.com\/wp-content\/uploads\/2025\/04\/cordobes.jpg 1600w\" sizes=\"auto, (max-width: 960px) 100vw, 960px\" \/><\/a><\/p>\n<p class=\"\" data-start=\"2174\" data-end=\"2473\">El jurado de esta edici\u00f3n estuvo presidido por el propio Garc\u00eda-Palacios \u00c1lvarez e integrado por el vicepresidente de la entidad, <strong data-start=\"2304\" data-end=\"2328\">Ricardo L\u00f3pez-Crespo<\/strong>,el secretario <strong data-start=\"2376\" data-end=\"2397\">Manuel Ruiz-Rojas<\/strong> y un panel de once informadores taurinos de distintas provincias andaluzas.<\/p>\n<p class=\"\" data-start=\"2475\" data-end=\"2715\">Con esta entrega, la Fundaci\u00f3n Caja Rural del Sur reafirma su compromiso con la promoci\u00f3n de la tauromaquia como parte viva del patrimonio cultural andaluz, apostando por un reconocimiento riguroso, plural y apasionado de sus protagonistas.<\/p>\n<p data-start=\"2475\" data-end=\"2715\"><a href=\"https:\/\/fundacioncajaruraldelsur.com\/wp-content\/uploads\/2025\/04\/auditorio.jpg\" rel=\"lightbox-7\"><img loading=\"lazy\" decoding=\"async\" class=\"wp-image-11143 size-large aligncenter\" src=\"https:\/\/fundacioncajaruraldelsur.com\/wp-content\/uploads\/2025\/04\/auditorio-1024x721.jpg\" alt=\"\" width=\"960\" height=\"676\" srcset=\"https:\/\/fundacioncajaruraldelsur.com\/wp-content\/uploads\/2025\/04\/auditorio-1024x721.jpg 1024w, https:\/\/fundacioncajaruraldelsur.com\/wp-content\/uploads\/2025\/04\/auditorio-300x211.jpg 300w, https:\/\/fundacioncajaruraldelsur.com\/wp-content\/uploads\/2025\/04\/auditorio-768x541.jpg 768w, https:\/\/fundacioncajaruraldelsur.com\/wp-content\/uploads\/2025\/04\/auditorio-1536x1082.jpg 1536w, https:\/\/fundacioncajaruraldelsur.com\/wp-content\/uploads\/2025\/04\/auditorio.jpg 1600w\" sizes=\"auto, (max-width: 960px) 100vw, 960px\" \/><\/a><\/p>","protected":false},"excerpt":{"rendered":"<p>Como cada Lunes de Pascua, la sede sevillana de la Fundaci\u00f3n Caja Rural del Sur se ha convertido en punto de encuentro del mundo taurino andaluz para celebrar la entrega [&hellip;]<\/p>\n","protected":false},"author":6,"featured_media":11146,"comment_status":"closed","ping_status":"closed","sticky":false,"template":"","format":"standard","meta":{"footnotes":""},"categories":[64],"tags":[],"class_list":["post-11140","post","type-post","status-publish","format-standard","has-post-thumbnail","hentry","category-premios"],"yoast_head":"<!-- This site is optimized with the Yoast SEO plugin v27.3 - https:\/\/yoast.com\/product\/yoast-seo-wordpress\/ -->\n<title>Caja Rural del Sur entrega los XIX Premios \u201cPepe Luis V\u00e1zquez a Juan Ortega, la ganader\u00eda de Santiago Domecq y &#039;El Cordob\u00e9s&#039; - Fundaci\u00f3n Caja Rural del Sur<\/title>\n<meta name=\"robots\" content=\"index, follow, max-snippet:-1, max-image-preview:large, max-video-preview:-1\" \/>\n<link rel=\"canonical\" href=\"https:\/\/fundacioncajaruraldelsur.com\/pt\/caja-rural-del-sur-entrega-los-xix-premios-pepe-luis-vazquez-a-juan-ortega-la-ganaderia-de-santiago-domecq-y-el-cordobes\/\" \/>\n<meta property=\"og:locale\" content=\"pt_PT\" \/>\n<meta property=\"og:type\" content=\"article\" \/>\n<meta property=\"og:title\" content=\"Caja Rural del Sur entrega los XIX Premios \u201cPepe Luis V\u00e1zquez a Juan Ortega, la ganader\u00eda de Santiago Domecq y &#039;El Cordob\u00e9s&#039; - Fundaci\u00f3n Caja Rural del Sur\" \/>\n<meta property=\"og:description\" content=\"Como cada Lunes de Pascua, la sede sevillana de la Fundaci\u00f3n Caja Rural del Sur se ha convertido en punto de encuentro del mundo taurino andaluz para celebrar la entrega [&hellip;]\" \/>\n<meta property=\"og:url\" content=\"https:\/\/fundacioncajaruraldelsur.com\/pt\/caja-rural-del-sur-entrega-los-xix-premios-pepe-luis-vazquez-a-juan-ortega-la-ganaderia-de-santiago-domecq-y-el-cordobes\/\" \/>\n<meta property=\"og:site_name\" content=\"Fundaci\u00f3n Caja Rural del Sur\" \/>\n<meta property=\"article:published_time\" content=\"2025-04-21T21:26:49+00:00\" \/>\n<meta property=\"article:modified_time\" content=\"2025-04-21T21:27:51+00:00\" \/>\n<meta property=\"og:image\" content=\"https:\/\/fundacioncajaruraldelsur.com\/wp-content\/uploads\/2025\/04\/premios-grupo-e1745270779999.jpg\" \/>\n\t<meta property=\"og:image:width\" content=\"2048\" \/>\n\t<meta property=\"og:image:height\" content=\"1099\" \/>\n\t<meta property=\"og:image:type\" content=\"image\/jpeg\" \/>\n<meta name=\"author\" content=\"Comunicaci\u00f3n\" \/>\n<meta name=\"twitter:card\" content=\"summary_large_image\" \/>\n<meta name=\"twitter:label1\" content=\"Written by\" \/>\n\t<meta name=\"twitter:data1\" content=\"Comunicaci\u00f3n\" \/>\n\t<meta name=\"twitter:label2\" content=\"Est. reading time\" \/>\n\t<meta name=\"twitter:data2\" content=\"5 minutes\" \/>\n<script type=\"application\/ld+json\" class=\"yoast-schema-graph\">{\"@context\":\"https:\\\/\\\/schema.org\",\"@graph\":[{\"@type\":\"Article\",\"@id\":\"https:\\\/\\\/fundacioncajaruraldelsur.com\\\/caja-rural-del-sur-entrega-los-xix-premios-pepe-luis-vazquez-a-juan-ortega-la-ganaderia-de-santiago-domecq-y-el-cordobes\\\/#article\",\"isPartOf\":{\"@id\":\"https:\\\/\\\/fundacioncajaruraldelsur.com\\\/caja-rural-del-sur-entrega-los-xix-premios-pepe-luis-vazquez-a-juan-ortega-la-ganaderia-de-santiago-domecq-y-el-cordobes\\\/\"},\"author\":{\"name\":\"Comunicaci\u00f3n\",\"@id\":\"https:\\\/\\\/fundacioncajaruraldelsur.com\\\/#\\\/schema\\\/person\\\/f430da9fb783d505ff061ad8b3d44577\"},\"headline\":\"Caja Rural del Sur entrega los XIX Premios \u201cPepe Luis V\u00e1zquez a Juan Ortega, la ganader\u00eda de Santiago Domecq y &#8216;El Cordob\u00e9s&#8217;\",\"datePublished\":\"2025-04-21T21:26:49+00:00\",\"dateModified\":\"2025-04-21T21:27:51+00:00\",\"mainEntityOfPage\":{\"@id\":\"https:\\\/\\\/fundacioncajaruraldelsur.com\\\/caja-rural-del-sur-entrega-los-xix-premios-pepe-luis-vazquez-a-juan-ortega-la-ganaderia-de-santiago-domecq-y-el-cordobes\\\/\"},\"wordCount\":564,\"image\":{\"@id\":\"https:\\\/\\\/fundacioncajaruraldelsur.com\\\/caja-rural-del-sur-entrega-los-xix-premios-pepe-luis-vazquez-a-juan-ortega-la-ganaderia-de-santiago-domecq-y-el-cordobes\\\/#primaryimage\"},\"thumbnailUrl\":\"https:\\\/\\\/fundacioncajaruraldelsur.com\\\/wp-content\\\/uploads\\\/2025\\\/04\\\/premios-grupo-e1745270779999.jpg\",\"articleSection\":[\"Premios\"],\"inLanguage\":\"pt-PT\"},{\"@type\":\"WebPage\",\"@id\":\"https:\\\/\\\/fundacioncajaruraldelsur.com\\\/caja-rural-del-sur-entrega-los-xix-premios-pepe-luis-vazquez-a-juan-ortega-la-ganaderia-de-santiago-domecq-y-el-cordobes\\\/\",\"url\":\"https:\\\/\\\/fundacioncajaruraldelsur.com\\\/caja-rural-del-sur-entrega-los-xix-premios-pepe-luis-vazquez-a-juan-ortega-la-ganaderia-de-santiago-domecq-y-el-cordobes\\\/\",\"name\":\"Caja Rural del Sur entrega los XIX Premios \u201cPepe Luis V\u00e1zquez a Juan Ortega, la ganader\u00eda de Santiago Domecq y 'El Cordob\u00e9s' - Fundaci\u00f3n Caja Rural del Sur\",\"isPartOf\":{\"@id\":\"https:\\\/\\\/fundacioncajaruraldelsur.com\\\/#website\"},\"primaryImageOfPage\":{\"@id\":\"https:\\\/\\\/fundacioncajaruraldelsur.com\\\/caja-rural-del-sur-entrega-los-xix-premios-pepe-luis-vazquez-a-juan-ortega-la-ganaderia-de-santiago-domecq-y-el-cordobes\\\/#primaryimage\"},\"image\":{\"@id\":\"https:\\\/\\\/fundacioncajaruraldelsur.com\\\/caja-rural-del-sur-entrega-los-xix-premios-pepe-luis-vazquez-a-juan-ortega-la-ganaderia-de-santiago-domecq-y-el-cordobes\\\/#primaryimage\"},\"thumbnailUrl\":\"https:\\\/\\\/fundacioncajaruraldelsur.com\\\/wp-content\\\/uploads\\\/2025\\\/04\\\/premios-grupo-e1745270779999.jpg\",\"datePublished\":\"2025-04-21T21:26:49+00:00\",\"dateModified\":\"2025-04-21T21:27:51+00:00\",\"author\":{\"@id\":\"https:\\\/\\\/fundacioncajaruraldelsur.com\\\/#\\\/schema\\\/person\\\/f430da9fb783d505ff061ad8b3d44577\"},\"breadcrumb\":{\"@id\":\"https:\\\/\\\/fundacioncajaruraldelsur.com\\\/caja-rural-del-sur-entrega-los-xix-premios-pepe-luis-vazquez-a-juan-ortega-la-ganaderia-de-santiago-domecq-y-el-cordobes\\\/#breadcrumb\"},\"inLanguage\":\"pt-PT\",\"potentialAction\":[{\"@type\":\"ReadAction\",\"target\":[\"https:\\\/\\\/fundacioncajaruraldelsur.com\\\/caja-rural-del-sur-entrega-los-xix-premios-pepe-luis-vazquez-a-juan-ortega-la-ganaderia-de-santiago-domecq-y-el-cordobes\\\/\"]}]},{\"@type\":\"ImageObject\",\"inLanguage\":\"pt-PT\",\"@id\":\"https:\\\/\\\/fundacioncajaruraldelsur.com\\\/caja-rural-del-sur-entrega-los-xix-premios-pepe-luis-vazquez-a-juan-ortega-la-ganaderia-de-santiago-domecq-y-el-cordobes\\\/#primaryimage\",\"url\":\"https:\\\/\\\/fundacioncajaruraldelsur.com\\\/wp-content\\\/uploads\\\/2025\\\/04\\\/premios-grupo-e1745270779999.jpg\",\"contentUrl\":\"https:\\\/\\\/fundacioncajaruraldelsur.com\\\/wp-content\\\/uploads\\\/2025\\\/04\\\/premios-grupo-e1745270779999.jpg\",\"width\":2048,\"height\":1099},{\"@type\":\"BreadcrumbList\",\"@id\":\"https:\\\/\\\/fundacioncajaruraldelsur.com\\\/caja-rural-del-sur-entrega-los-xix-premios-pepe-luis-vazquez-a-juan-ortega-la-ganaderia-de-santiago-domecq-y-el-cordobes\\\/#breadcrumb\",\"itemListElement\":[{\"@type\":\"ListItem\",\"position\":1,\"name\":\"Portada\",\"item\":\"https:\\\/\\\/fundacioncajaruraldelsur.com\\\/\"},{\"@type\":\"ListItem\",\"position\":2,\"name\":\"Caja Rural del Sur entrega los XIX Premios \u201cPepe Luis V\u00e1zquez a Juan Ortega, la ganader\u00eda de Santiago Domecq y &#8216;El Cordob\u00e9s&#8217;\"}]},{\"@type\":\"WebSite\",\"@id\":\"https:\\\/\\\/fundacioncajaruraldelsur.com\\\/#website\",\"url\":\"https:\\\/\\\/fundacioncajaruraldelsur.com\\\/\",\"name\":\"Fundaci\u00f3n Caja Rural del Sur\",\"description\":\"\",\"potentialAction\":[{\"@type\":\"SearchAction\",\"target\":{\"@type\":\"EntryPoint\",\"urlTemplate\":\"https:\\\/\\\/fundacioncajaruraldelsur.com\\\/?s={search_term_string}\"},\"query-input\":{\"@type\":\"PropertyValueSpecification\",\"valueRequired\":true,\"valueName\":\"search_term_string\"}}],\"inLanguage\":\"pt-PT\"},{\"@type\":\"Person\",\"@id\":\"https:\\\/\\\/fundacioncajaruraldelsur.com\\\/#\\\/schema\\\/person\\\/f430da9fb783d505ff061ad8b3d44577\",\"name\":\"Comunicaci\u00f3n\",\"image\":{\"@type\":\"ImageObject\",\"inLanguage\":\"pt-PT\",\"@id\":\"https:\\\/\\\/secure.gravatar.com\\\/avatar\\\/0dca239875993680bac4603ad2de7942da018f52cc3a244578e0b3b09314a8d8?s=96&d=blank&r=g\",\"url\":\"https:\\\/\\\/secure.gravatar.com\\\/avatar\\\/0dca239875993680bac4603ad2de7942da018f52cc3a244578e0b3b09314a8d8?s=96&d=blank&r=g\",\"contentUrl\":\"https:\\\/\\\/secure.gravatar.com\\\/avatar\\\/0dca239875993680bac4603ad2de7942da018f52cc3a244578e0b3b09314a8d8?s=96&d=blank&r=g\",\"caption\":\"Comunicaci\u00f3n\"}}]}<\/script>\n<!-- \/ Yoast SEO plugin. -->","yoast_head_json":{"title":"Caja Rural del Sur entrega los XIX Premios \u201cPepe Luis V\u00e1zquez a Juan Ortega, la ganader\u00eda de Santiago Domecq y 'El Cordob\u00e9s' - Fundaci\u00f3n Caja Rural del Sur","robots":{"index":"index","follow":"follow","max-snippet":"max-snippet:-1","max-image-preview":"max-image-preview:large","max-video-preview":"max-video-preview:-1"},"canonical":"https:\/\/fundacioncajaruraldelsur.com\/pt\/caja-rural-del-sur-entrega-los-xix-premios-pepe-luis-vazquez-a-juan-ortega-la-ganaderia-de-santiago-domecq-y-el-cordobes\/","og_locale":"pt_PT","og_type":"article","og_title":"Caja Rural del Sur entrega los XIX Premios \u201cPepe Luis V\u00e1zquez a Juan Ortega, la ganader\u00eda de Santiago Domecq y 'El Cordob\u00e9s' - Fundaci\u00f3n Caja Rural del Sur","og_description":"Como cada Lunes de Pascua, la sede sevillana de la Fundaci\u00f3n Caja Rural del Sur se ha convertido en punto de encuentro del mundo taurino andaluz para celebrar la entrega [&hellip;]","og_url":"https:\/\/fundacioncajaruraldelsur.com\/pt\/caja-rural-del-sur-entrega-los-xix-premios-pepe-luis-vazquez-a-juan-ortega-la-ganaderia-de-santiago-domecq-y-el-cordobes\/","og_site_name":"Fundaci\u00f3n Caja Rural del Sur","article_published_time":"2025-04-21T21:26:49+00:00","article_modified_time":"2025-04-21T21:27:51+00:00","og_image":[{"width":2048,"height":1099,"url":"https:\/\/fundacioncajaruraldelsur.com\/wp-content\/uploads\/2025\/04\/premios-grupo-e1745270779999.jpg","type":"image\/jpeg"}],"author":"Comunicaci\u00f3n","twitter_card":"summary_large_image","twitter_misc":{"Written by":"Comunicaci\u00f3n","Est. reading time":"5 minutes"},"schema":{"@context":"https:\/\/schema.org","@graph":[{"@type":"Article","@id":"https:\/\/fundacioncajaruraldelsur.com\/caja-rural-del-sur-entrega-los-xix-premios-pepe-luis-vazquez-a-juan-ortega-la-ganaderia-de-santiago-domecq-y-el-cordobes\/#article","isPartOf":{"@id":"https:\/\/fundacioncajaruraldelsur.com\/caja-rural-del-sur-entrega-los-xix-premios-pepe-luis-vazquez-a-juan-ortega-la-ganaderia-de-santiago-domecq-y-el-cordobes\/"},"author":{"name":"Comunicaci\u00f3n","@id":"https:\/\/fundacioncajaruraldelsur.com\/#\/schema\/person\/f430da9fb783d505ff061ad8b3d44577"},"headline":"Caja Rural del Sur entrega los XIX Premios \u201cPepe Luis V\u00e1zquez a Juan Ortega, la ganader\u00eda de Santiago Domecq y &#8216;El Cordob\u00e9s&#8217;","datePublished":"2025-04-21T21:26:49+00:00","dateModified":"2025-04-21T21:27:51+00:00","mainEntityOfPage":{"@id":"https:\/\/fundacioncajaruraldelsur.com\/caja-rural-del-sur-entrega-los-xix-premios-pepe-luis-vazquez-a-juan-ortega-la-ganaderia-de-santiago-domecq-y-el-cordobes\/"},"wordCount":564,"image":{"@id":"https:\/\/fundacioncajaruraldelsur.com\/caja-rural-del-sur-entrega-los-xix-premios-pepe-luis-vazquez-a-juan-ortega-la-ganaderia-de-santiago-domecq-y-el-cordobes\/#primaryimage"},"thumbnailUrl":"https:\/\/fundacioncajaruraldelsur.com\/wp-content\/uploads\/2025\/04\/premios-grupo-e1745270779999.jpg","articleSection":["Premios"],"inLanguage":"pt-PT"},{"@type":"WebPage","@id":"https:\/\/fundacioncajaruraldelsur.com\/caja-rural-del-sur-entrega-los-xix-premios-pepe-luis-vazquez-a-juan-ortega-la-ganaderia-de-santiago-domecq-y-el-cordobes\/","url":"https:\/\/fundacioncajaruraldelsur.com\/caja-rural-del-sur-entrega-los-xix-premios-pepe-luis-vazquez-a-juan-ortega-la-ganaderia-de-santiago-domecq-y-el-cordobes\/","name":"Caja Rural del Sur entrega los XIX Premios \u201cPepe Luis V\u00e1zquez a Juan Ortega, la ganader\u00eda de Santiago Domecq y 'El Cordob\u00e9s' - Fundaci\u00f3n Caja Rural del Sur","isPartOf":{"@id":"https:\/\/fundacioncajaruraldelsur.com\/#website"},"primaryImageOfPage":{"@id":"https:\/\/fundacioncajaruraldelsur.com\/caja-rural-del-sur-entrega-los-xix-premios-pepe-luis-vazquez-a-juan-ortega-la-ganaderia-de-santiago-domecq-y-el-cordobes\/#primaryimage"},"image":{"@id":"https:\/\/fundacioncajaruraldelsur.com\/caja-rural-del-sur-entrega-los-xix-premios-pepe-luis-vazquez-a-juan-ortega-la-ganaderia-de-santiago-domecq-y-el-cordobes\/#primaryimage"},"thumbnailUrl":"https:\/\/fundacioncajaruraldelsur.com\/wp-content\/uploads\/2025\/04\/premios-grupo-e1745270779999.jpg","datePublished":"2025-04-21T21:26:49+00:00","dateModified":"2025-04-21T21:27:51+00:00","author":{"@id":"https:\/\/fundacioncajaruraldelsur.com\/#\/schema\/person\/f430da9fb783d505ff061ad8b3d44577"},"breadcrumb":{"@id":"https:\/\/fundacioncajaruraldelsur.com\/caja-rural-del-sur-entrega-los-xix-premios-pepe-luis-vazquez-a-juan-ortega-la-ganaderia-de-santiago-domecq-y-el-cordobes\/#breadcrumb"},"inLanguage":"pt-PT","potentialAction":[{"@type":"ReadAction","target":["https:\/\/fundacioncajaruraldelsur.com\/caja-rural-del-sur-entrega-los-xix-premios-pepe-luis-vazquez-a-juan-ortega-la-ganaderia-de-santiago-domecq-y-el-cordobes\/"]}]},{"@type":"ImageObject","inLanguage":"pt-PT","@id":"https:\/\/fundacioncajaruraldelsur.com\/caja-rural-del-sur-entrega-los-xix-premios-pepe-luis-vazquez-a-juan-ortega-la-ganaderia-de-santiago-domecq-y-el-cordobes\/#primaryimage","url":"https:\/\/fundacioncajaruraldelsur.com\/wp-content\/uploads\/2025\/04\/premios-grupo-e1745270779999.jpg","contentUrl":"https:\/\/fundacioncajaruraldelsur.com\/wp-content\/uploads\/2025\/04\/premios-grupo-e1745270779999.jpg","width":2048,"height":1099},{"@type":"BreadcrumbList","@id":"https:\/\/fundacioncajaruraldelsur.com\/caja-rural-del-sur-entrega-los-xix-premios-pepe-luis-vazquez-a-juan-ortega-la-ganaderia-de-santiago-domecq-y-el-cordobes\/#breadcrumb","itemListElement":[{"@type":"ListItem","position":1,"name":"Portada","item":"https:\/\/fundacioncajaruraldelsur.com\/"},{"@type":"ListItem","position":2,"name":"Caja Rural del Sur entrega los XIX Premios \u201cPepe Luis V\u00e1zquez a Juan Ortega, la ganader\u00eda de Santiago Domecq y &#8216;El Cordob\u00e9s&#8217;"}]},{"@type":"WebSite","@id":"https:\/\/fundacioncajaruraldelsur.com\/#website","url":"https:\/\/fundacioncajaruraldelsur.com\/","name":"Funda\u00e7\u00e3o Caja Rural del Sur","description":"","potentialAction":[{"@type":"SearchAction","target":{"@type":"EntryPoint","urlTemplate":"https:\/\/fundacioncajaruraldelsur.com\/?s={search_term_string}"},"query-input":{"@type":"PropertyValueSpecification","valueRequired":true,"valueName":"search_term_string"}}],"inLanguage":"pt-PT"},{"@type":"Person","@id":"https:\/\/fundacioncajaruraldelsur.com\/#\/schema\/person\/f430da9fb783d505ff061ad8b3d44577","name":"Comunicaci\u00f3n","image":{"@type":"ImageObject","inLanguage":"pt-PT","@id":"https:\/\/secure.gravatar.com\/avatar\/0dca239875993680bac4603ad2de7942da018f52cc3a244578e0b3b09314a8d8?s=96&d=blank&r=g","url":"https:\/\/secure.gravatar.com\/avatar\/0dca239875993680bac4603ad2de7942da018f52cc3a244578e0b3b09314a8d8?s=96&d=blank&r=g","contentUrl":"https:\/\/secure.gravatar.com\/avatar\/0dca239875993680bac4603ad2de7942da018f52cc3a244578e0b3b09314a8d8?s=96&d=blank&r=g","caption":"Comunicaci\u00f3n"}}]}},"rttpg_featured_image_url":{"full":["https:\/\/fundacioncajaruraldelsur.com\/wp-content\/uploads\/2025\/04\/premios-grupo-e1745270779999.jpg",2048,1099,false],"landscape":["https:\/\/fundacioncajaruraldelsur.com\/wp-content\/uploads\/2025\/04\/premios-grupo-e1745270779999.jpg",2048,1099,false],"portraits":["https:\/\/fundacioncajaruraldelsur.com\/wp-content\/uploads\/2025\/04\/premios-grupo-e1745270779999.jpg",2048,1099,false],"thumbnail":["https:\/\/fundacioncajaruraldelsur.com\/wp-content\/uploads\/2025\/04\/premios-grupo-e1745270779999-150x150.jpg",150,150,true],"medium":["https:\/\/fundacioncajaruraldelsur.com\/wp-content\/uploads\/2025\/04\/premios-grupo-e1745270779999-300x161.jpg",300,161,true],"large":["https:\/\/fundacioncajaruraldelsur.com\/wp-content\/uploads\/2025\/04\/premios-grupo-e1745270779999-1024x550.jpg",960,516,true],"1536x1536":["https:\/\/fundacioncajaruraldelsur.com\/wp-content\/uploads\/2025\/04\/premios-grupo-e1745270779999-1536x824.jpg",1536,824,true],"2048x2048":["https:\/\/fundacioncajaruraldelsur.com\/wp-content\/uploads\/2025\/04\/premios-grupo-e1745270779999.jpg",2048,1099,false],"trp-custom-language-flag":["https:\/\/fundacioncajaruraldelsur.com\/wp-content\/uploads\/2025\/04\/premios-grupo-e1745270779999.jpg",18,10,false],"blog-thumbnail":["https:\/\/fundacioncajaruraldelsur.com\/wp-content\/uploads\/2025\/04\/premios-grupo-e1745270779999-400x200.jpg",400,200,true]},"rttpg_author":{"display_name":"Comunicaci\u00f3n","author_link":"https:\/\/fundacioncajaruraldelsur.com\/pt\/author\/sevillaadmin\/"},"rttpg_comment":0,"rttpg_category":"<a href=\"https:\/\/fundacioncajaruraldelsur.com\/pt\/category\/premios\/\" rel=\"category tag\">Premios<\/a>","rttpg_excerpt":"Como cada Lunes de Pascua, la sede sevillana de la Fundaci\u00f3n Caja Rural del Sur se ha convertido en punto de encuentro del mundo taurino andaluz para celebrar la entrega [&hellip;]","_links":{"self":[{"href":"https:\/\/fundacioncajaruraldelsur.com\/pt\/wp-json\/wp\/v2\/posts\/11140","targetHints":{"allow":["GET"]}}],"collection":[{"href":"https:\/\/fundacioncajaruraldelsur.com\/pt\/wp-json\/wp\/v2\/posts"}],"about":[{"href":"https:\/\/fundacioncajaruraldelsur.com\/pt\/wp-json\/wp\/v2\/types\/post"}],"author":[{"embeddable":true,"href":"https:\/\/fundacioncajaruraldelsur.com\/pt\/wp-json\/wp\/v2\/users\/6"}],"replies":[{"embeddable":true,"href":"https:\/\/fundacioncajaruraldelsur.com\/pt\/wp-json\/wp\/v2\/comments?post=11140"}],"version-history":[{"count":2,"href":"https:\/\/fundacioncajaruraldelsur.com\/pt\/wp-json\/wp\/v2\/posts\/11140\/revisions"}],"predecessor-version":[{"id":11151,"href":"https:\/\/fundacioncajaruraldelsur.com\/pt\/wp-json\/wp\/v2\/posts\/11140\/revisions\/11151"}],"wp:featuredmedia":[{"embeddable":true,"href":"https:\/\/fundacioncajaruraldelsur.com\/pt\/wp-json\/wp\/v2\/media\/11146"}],"wp:attachment":[{"href":"https:\/\/fundacioncajaruraldelsur.com\/pt\/wp-json\/wp\/v2\/media?parent=11140"}],"wp:term":[{"taxonomy":"category","embeddable":true,"href":"https:\/\/fundacioncajaruraldelsur.com\/pt\/wp-json\/wp\/v2\/categories?post=11140"},{"taxonomy":"post_tag","embeddable":true,"href":"https:\/\/fundacioncajaruraldelsur.com\/pt\/wp-json\/wp\/v2\/tags?post=11140"}],"curies":[{"name":"wp","href":"https:\/\/api.w.org\/{rel}","templated":true}]}}