{"id":11122,"date":"2025-04-10T14:28:34","date_gmt":"2025-04-10T13:28:34","guid":{"rendered":"https:\/\/fundacioncajaruraldelsur.com\/?p=11122"},"modified":"2025-04-10T14:28:34","modified_gmt":"2025-04-10T13:28:34","slug":"el-programa-herrera-en-cope-desde-caja-rural-del-sur-para-conmemorar-los-25-anos-de-la-entidad","status":"publish","type":"post","link":"https:\/\/fundacioncajaruraldelsur.com\/pt\/el-programa-herrera-en-cope-desde-caja-rural-del-sur-para-conmemorar-los-25-anos-de-la-entidad\/","title":{"rendered":"El programa \u00abHerrera en COPE\u00bb desde Caja Rural del Sur para conmemorar los 25 a\u00f1os de la entidad"},"content":{"rendered":"<p class=\"\" data-start=\"105\" data-end=\"635\"><strong>El programa matinal Herrera en COPE ha emitido este jueves, 10 de abril, una edici\u00f3n muy especial desde la sede central de Caja Rural del Sur, situada en la Plaza de la Magdalena de Sevilla, con motivo del 25 aniversario de la entidad.<\/strong> Con la presencia de su conductor habitual, <strong data-start=\"392\" data-end=\"410\">Carlos Herrera<\/strong>, y en el segundo tramo del programa con <strong data-start=\"451\" data-end=\"470\">Alberto Herrera<\/strong> y el equipo completo de COPE, la jornada ha servido para hacer balance de un cuarto de siglo de evoluci\u00f3n, compromiso con el territorio y transformaci\u00f3n financiera.<\/p>\n<p class=\"\" data-start=\"637\" data-end=\"1137\">Durante la transmisi\u00f3n en directo del programa, han intervenido <strong>por parte de Caja Rural del Sur, su presidente, Jos\u00e9 Luis Garc\u00eda-Palacios \u00c1lvarez, y el director general, Guillermo T\u00e9llez,<\/strong> quienes han compartido con los oyentes la trayectoria de la entidad en estos 25 a\u00f1os. Ambos han destacado <strong>el papel de la cooperativa de cr\u00e9dito en el desarrollo econ\u00f3mico y social de Andaluc\u00eda, subrayando su firme vocaci\u00f3n de servicio<\/strong> a los socios, clientes y al entorno rural y empresarial.<\/p>\n<p class=\"\" data-start=\"1139\" data-end=\"1645\"><a href=\"https:\/\/www.cope.es\/programas\/herrera-en-cope\/audios\/garcia-palacios-presidente-caja-rural-sur-cope-banca-absolutamente-universal-20250410_3131263.html\"><strong>Jos\u00e9 Luis Garc\u00eda-Palacios ha recordado el esp\u00edritu con el que se fund\u00f3 la entidad<\/strong>, basado en los valores de cercan\u00eda, compromiso y responsabilidad con el entorno<\/a>, y ha se\u00f1alado que esos principios siguen guiando el trabajo diario de Caja Rural del Sur. Por su parte, <a href=\"https:\/\/www.cope.es\/programas\/herrera-en-cope\/audios\/tellez-vazquez-director-general-caja-rural-sur-nuestro-objetivo-sacar-maxima-rentabilidad-cerca-personas-20250410_3131389.html\"><strong>Guillermo T\u00e9llez ha puesto el acento en la transformaci\u00f3n tecnol\u00f3gica y financiera<\/strong> que ha experimentado la entidad<\/a>, posicion\u00e1ndose como un <strong data-start=\"1535\" data-end=\"1584\">referente en el sector cooperativo de cr\u00e9dito<\/strong>, con una s\u00f3lida estructura y una destacada salud financiera.<\/p>\n<p class=\"\" data-start=\"1647\" data-end=\"2065\">El programa ha sido seguido con gran expectaci\u00f3n tanto por<strong> p\u00fablico, empleados y Consejeros de la entidad,<\/strong>\u00a0 que han querido acompa\u00f1ar esta cita tan simb\u00f3lica para Caja Rural del Sur. No han faltado los momentos de recuerdo, an\u00e9cdotas y reflexiones sobre el futuro, en un ambiente distendido pero cargado de emoci\u00f3n y orgullo por el trabajo realizado a lo largo de estos a\u00f1os.<\/p>\n<p class=\"\" data-start=\"2067\" data-end=\"2411\">Con este programa especial, <strong>Herrera en COPE <\/strong>ha querido rendir homenaje a una entidad que, desde su arraigo en Andaluc\u00eda, ha sabido crecer y adaptarse a los nuevos tiempos sin perder su identidad cooperativa. Un ejemplo de banca cercana, comprometida y s\u00f3lida que celebra sus primeros 25 a\u00f1os con la vista puesta en seguir construyendo futuro.<\/p>\n<p data-start=\"2067\" data-end=\"2411\"><a href=\"https:\/\/fundacioncajaruraldelsur.com\/wp-content\/uploads\/2025\/04\/67f7970e763c0.jpeg\" rel=\"lightbox-0\"><img loading=\"lazy\" decoding=\"async\" class=\"wp-image-11124 size-full aligncenter\" src=\"https:\/\/fundacioncajaruraldelsur.com\/wp-content\/uploads\/2025\/04\/67f7970e763c0.jpeg\" alt=\"\" width=\"768\" height=\"432\" srcset=\"https:\/\/fundacioncajaruraldelsur.com\/wp-content\/uploads\/2025\/04\/67f7970e763c0.jpeg 768w, https:\/\/fundacioncajaruraldelsur.com\/wp-content\/uploads\/2025\/04\/67f7970e763c0-300x169.jpeg 300w\" sizes=\"auto, (max-width: 768px) 100vw, 768px\" \/><\/a><\/p>\n<p data-start=\"2067\" data-end=\"2411\"><a href=\"https:\/\/fundacioncajaruraldelsur.com\/wp-content\/uploads\/2025\/04\/Captura-de-pantalla-2025-04-10-151217.png\" rel=\"lightbox-1\"><img loading=\"lazy\" decoding=\"async\" class=\"wp-image-11125 size-full aligncenter\" src=\"https:\/\/fundacioncajaruraldelsur.com\/wp-content\/uploads\/2025\/04\/Captura-de-pantalla-2025-04-10-151217.png\" alt=\"\" width=\"651\" height=\"367\" srcset=\"https:\/\/fundacioncajaruraldelsur.com\/wp-content\/uploads\/2025\/04\/Captura-de-pantalla-2025-04-10-151217.png 651w, https:\/\/fundacioncajaruraldelsur.com\/wp-content\/uploads\/2025\/04\/Captura-de-pantalla-2025-04-10-151217-300x169.png 300w\" sizes=\"auto, (max-width: 651px) 100vw, 651px\" \/><\/a><\/p>\n<p data-start=\"2067\" data-end=\"2411\"><a href=\"https:\/\/fundacioncajaruraldelsur.com\/wp-content\/uploads\/2025\/04\/Imagen-de-WhatsApp-2025-04-10-a-las-15.10.26_11553835-1.jpg\" rel=\"lightbox-2\"><img loading=\"lazy\" decoding=\"async\" class=\"wp-image-11126 size-large aligncenter\" src=\"https:\/\/fundacioncajaruraldelsur.com\/wp-content\/uploads\/2025\/04\/Imagen-de-WhatsApp-2025-04-10-a-las-15.10.26_11553835-1-1024x768.jpg\" alt=\"\" width=\"960\" height=\"720\" srcset=\"https:\/\/fundacioncajaruraldelsur.com\/wp-content\/uploads\/2025\/04\/Imagen-de-WhatsApp-2025-04-10-a-las-15.10.26_11553835-1-1024x768.jpg 1024w, https:\/\/fundacioncajaruraldelsur.com\/wp-content\/uploads\/2025\/04\/Imagen-de-WhatsApp-2025-04-10-a-las-15.10.26_11553835-1-300x225.jpg 300w, https:\/\/fundacioncajaruraldelsur.com\/wp-content\/uploads\/2025\/04\/Imagen-de-WhatsApp-2025-04-10-a-las-15.10.26_11553835-1-768x576.jpg 768w, https:\/\/fundacioncajaruraldelsur.com\/wp-content\/uploads\/2025\/04\/Imagen-de-WhatsApp-2025-04-10-a-las-15.10.26_11553835-1-1536x1152.jpg 1536w, https:\/\/fundacioncajaruraldelsur.com\/wp-content\/uploads\/2025\/04\/Imagen-de-WhatsApp-2025-04-10-a-las-15.10.26_11553835-1.jpg 2048w\" sizes=\"auto, (max-width: 960px) 100vw, 960px\" \/><\/a> <a href=\"https:\/\/fundacioncajaruraldelsur.com\/wp-content\/uploads\/2025\/04\/Imagen-de-WhatsApp-2025-04-10-a-las-15.21.29_673efe39.jpg\" rel=\"lightbox-3\"><img loading=\"lazy\" decoding=\"async\" class=\"wp-image-11127 size-large aligncenter\" src=\"https:\/\/fundacioncajaruraldelsur.com\/wp-content\/uploads\/2025\/04\/Imagen-de-WhatsApp-2025-04-10-a-las-15.21.29_673efe39-1024x768.jpg\" alt=\"\" width=\"960\" height=\"720\" srcset=\"https:\/\/fundacioncajaruraldelsur.com\/wp-content\/uploads\/2025\/04\/Imagen-de-WhatsApp-2025-04-10-a-las-15.21.29_673efe39-1024x768.jpg 1024w, https:\/\/fundacioncajaruraldelsur.com\/wp-content\/uploads\/2025\/04\/Imagen-de-WhatsApp-2025-04-10-a-las-15.21.29_673efe39-300x225.jpg 300w, https:\/\/fundacioncajaruraldelsur.com\/wp-content\/uploads\/2025\/04\/Imagen-de-WhatsApp-2025-04-10-a-las-15.21.29_673efe39-768x576.jpg 768w, https:\/\/fundacioncajaruraldelsur.com\/wp-content\/uploads\/2025\/04\/Imagen-de-WhatsApp-2025-04-10-a-las-15.21.29_673efe39-1536x1152.jpg 1536w, https:\/\/fundacioncajaruraldelsur.com\/wp-content\/uploads\/2025\/04\/Imagen-de-WhatsApp-2025-04-10-a-las-15.21.29_673efe39.jpg 2048w\" sizes=\"auto, (max-width: 960px) 100vw, 960px\" \/><\/a><\/p>","protected":false},"excerpt":{"rendered":"<p>El programa matinal Herrera en COPE ha emitido este jueves, 10 de abril, una edici\u00f3n muy especial desde la sede central de Caja Rural del Sur, situada en la Plaza [&hellip;]<\/p>\n","protected":false},"author":6,"featured_media":11123,"comment_status":"closed","ping_status":"closed","sticky":false,"template":"","format":"standard","meta":{"footnotes":""},"categories":[66],"tags":[],"class_list":["post-11122","post","type-post","status-publish","format-standard","has-post-thumbnail","hentry","category-actos"],"yoast_head":"<!-- This site is optimized with the Yoast SEO plugin v27.3 - https:\/\/yoast.com\/product\/yoast-seo-wordpress\/ -->\n<title>El programa \u00abHerrera en COPE\u00bb desde Caja Rural del Sur para conmemorar los 25 a\u00f1os de la entidad - Fundaci\u00f3n Caja Rural del Sur<\/title>\n<meta name=\"robots\" content=\"index, follow, max-snippet:-1, max-image-preview:large, max-video-preview:-1\" \/>\n<link rel=\"canonical\" href=\"https:\/\/fundacioncajaruraldelsur.com\/pt\/el-programa-herrera-en-cope-desde-caja-rural-del-sur-para-conmemorar-los-25-anos-de-la-entidad\/\" \/>\n<meta property=\"og:locale\" content=\"pt_PT\" \/>\n<meta property=\"og:type\" content=\"article\" \/>\n<meta property=\"og:title\" content=\"El programa \u00abHerrera en COPE\u00bb desde Caja Rural del Sur para conmemorar los 25 a\u00f1os de la entidad - Fundaci\u00f3n Caja Rural del Sur\" \/>\n<meta property=\"og:description\" content=\"El programa matinal Herrera en COPE ha emitido este jueves, 10 de abril, una edici\u00f3n muy especial desde la sede central de Caja Rural del Sur, situada en la Plaza [&hellip;]\" \/>\n<meta property=\"og:url\" content=\"https:\/\/fundacioncajaruraldelsur.com\/pt\/el-programa-herrera-en-cope-desde-caja-rural-del-sur-para-conmemorar-los-25-anos-de-la-entidad\/\" \/>\n<meta property=\"og:site_name\" content=\"Fundaci\u00f3n Caja Rural del Sur\" \/>\n<meta property=\"article:published_time\" content=\"2025-04-10T13:28:34+00:00\" \/>\n<meta property=\"og:image\" content=\"https:\/\/fundacioncajaruraldelsur.com\/wp-content\/uploads\/2025\/04\/Imagen-de-WhatsApp-2025-04-10-a-las-15.10.26_11553835.jpg\" \/>\n\t<meta property=\"og:image:width\" content=\"2048\" \/>\n\t<meta property=\"og:image:height\" content=\"1536\" \/>\n\t<meta property=\"og:image:type\" content=\"image\/jpeg\" \/>\n<meta name=\"author\" content=\"Comunicaci\u00f3n\" \/>\n<meta name=\"twitter:card\" content=\"summary_large_image\" \/>\n<meta name=\"twitter:label1\" content=\"Written by\" \/>\n\t<meta name=\"twitter:data1\" content=\"Comunicaci\u00f3n\" \/>\n\t<meta name=\"twitter:label2\" content=\"Est. reading time\" \/>\n\t<meta name=\"twitter:data2\" content=\"3 minutes\" \/>\n<script type=\"application\/ld+json\" class=\"yoast-schema-graph\">{\"@context\":\"https:\\\/\\\/schema.org\",\"@graph\":[{\"@type\":\"Article\",\"@id\":\"https:\\\/\\\/fundacioncajaruraldelsur.com\\\/el-programa-herrera-en-cope-desde-caja-rural-del-sur-para-conmemorar-los-25-anos-de-la-entidad\\\/#article\",\"isPartOf\":{\"@id\":\"https:\\\/\\\/fundacioncajaruraldelsur.com\\\/el-programa-herrera-en-cope-desde-caja-rural-del-sur-para-conmemorar-los-25-anos-de-la-entidad\\\/\"},\"author\":{\"name\":\"Comunicaci\u00f3n\",\"@id\":\"https:\\\/\\\/fundacioncajaruraldelsur.com\\\/#\\\/schema\\\/person\\\/f430da9fb783d505ff061ad8b3d44577\"},\"headline\":\"El programa \u00abHerrera en COPE\u00bb desde Caja Rural del Sur para conmemorar los 25 a\u00f1os de la entidad\",\"datePublished\":\"2025-04-10T13:28:34+00:00\",\"mainEntityOfPage\":{\"@id\":\"https:\\\/\\\/fundacioncajaruraldelsur.com\\\/el-programa-herrera-en-cope-desde-caja-rural-del-sur-para-conmemorar-los-25-anos-de-la-entidad\\\/\"},\"wordCount\":411,\"image\":{\"@id\":\"https:\\\/\\\/fundacioncajaruraldelsur.com\\\/el-programa-herrera-en-cope-desde-caja-rural-del-sur-para-conmemorar-los-25-anos-de-la-entidad\\\/#primaryimage\"},\"thumbnailUrl\":\"https:\\\/\\\/fundacioncajaruraldelsur.com\\\/wp-content\\\/uploads\\\/2025\\\/04\\\/Imagen-de-WhatsApp-2025-04-10-a-las-15.10.26_11553835.jpg\",\"articleSection\":[\"Actos\"],\"inLanguage\":\"pt-PT\"},{\"@type\":\"WebPage\",\"@id\":\"https:\\\/\\\/fundacioncajaruraldelsur.com\\\/el-programa-herrera-en-cope-desde-caja-rural-del-sur-para-conmemorar-los-25-anos-de-la-entidad\\\/\",\"url\":\"https:\\\/\\\/fundacioncajaruraldelsur.com\\\/el-programa-herrera-en-cope-desde-caja-rural-del-sur-para-conmemorar-los-25-anos-de-la-entidad\\\/\",\"name\":\"El programa \u00abHerrera en COPE\u00bb desde Caja Rural del Sur para conmemorar los 25 a\u00f1os de la entidad - Fundaci\u00f3n Caja Rural del Sur\",\"isPartOf\":{\"@id\":\"https:\\\/\\\/fundacioncajaruraldelsur.com\\\/#website\"},\"primaryImageOfPage\":{\"@id\":\"https:\\\/\\\/fundacioncajaruraldelsur.com\\\/el-programa-herrera-en-cope-desde-caja-rural-del-sur-para-conmemorar-los-25-anos-de-la-entidad\\\/#primaryimage\"},\"image\":{\"@id\":\"https:\\\/\\\/fundacioncajaruraldelsur.com\\\/el-programa-herrera-en-cope-desde-caja-rural-del-sur-para-conmemorar-los-25-anos-de-la-entidad\\\/#primaryimage\"},\"thumbnailUrl\":\"https:\\\/\\\/fundacioncajaruraldelsur.com\\\/wp-content\\\/uploads\\\/2025\\\/04\\\/Imagen-de-WhatsApp-2025-04-10-a-las-15.10.26_11553835.jpg\",\"datePublished\":\"2025-04-10T13:28:34+00:00\",\"author\":{\"@id\":\"https:\\\/\\\/fundacioncajaruraldelsur.com\\\/#\\\/schema\\\/person\\\/f430da9fb783d505ff061ad8b3d44577\"},\"breadcrumb\":{\"@id\":\"https:\\\/\\\/fundacioncajaruraldelsur.com\\\/el-programa-herrera-en-cope-desde-caja-rural-del-sur-para-conmemorar-los-25-anos-de-la-entidad\\\/#breadcrumb\"},\"inLanguage\":\"pt-PT\",\"potentialAction\":[{\"@type\":\"ReadAction\",\"target\":[\"https:\\\/\\\/fundacioncajaruraldelsur.com\\\/el-programa-herrera-en-cope-desde-caja-rural-del-sur-para-conmemorar-los-25-anos-de-la-entidad\\\/\"]}]},{\"@type\":\"ImageObject\",\"inLanguage\":\"pt-PT\",\"@id\":\"https:\\\/\\\/fundacioncajaruraldelsur.com\\\/el-programa-herrera-en-cope-desde-caja-rural-del-sur-para-conmemorar-los-25-anos-de-la-entidad\\\/#primaryimage\",\"url\":\"https:\\\/\\\/fundacioncajaruraldelsur.com\\\/wp-content\\\/uploads\\\/2025\\\/04\\\/Imagen-de-WhatsApp-2025-04-10-a-las-15.10.26_11553835.jpg\",\"contentUrl\":\"https:\\\/\\\/fundacioncajaruraldelsur.com\\\/wp-content\\\/uploads\\\/2025\\\/04\\\/Imagen-de-WhatsApp-2025-04-10-a-las-15.10.26_11553835.jpg\",\"width\":2048,\"height\":1536},{\"@type\":\"BreadcrumbList\",\"@id\":\"https:\\\/\\\/fundacioncajaruraldelsur.com\\\/el-programa-herrera-en-cope-desde-caja-rural-del-sur-para-conmemorar-los-25-anos-de-la-entidad\\\/#breadcrumb\",\"itemListElement\":[{\"@type\":\"ListItem\",\"position\":1,\"name\":\"Portada\",\"item\":\"https:\\\/\\\/fundacioncajaruraldelsur.com\\\/\"},{\"@type\":\"ListItem\",\"position\":2,\"name\":\"El programa \u00abHerrera en COPE\u00bb desde Caja Rural del Sur para conmemorar los 25 a\u00f1os de la entidad\"}]},{\"@type\":\"WebSite\",\"@id\":\"https:\\\/\\\/fundacioncajaruraldelsur.com\\\/#website\",\"url\":\"https:\\\/\\\/fundacioncajaruraldelsur.com\\\/\",\"name\":\"Fundaci\u00f3n Caja Rural del Sur\",\"description\":\"\",\"potentialAction\":[{\"@type\":\"SearchAction\",\"target\":{\"@type\":\"EntryPoint\",\"urlTemplate\":\"https:\\\/\\\/fundacioncajaruraldelsur.com\\\/?s={search_term_string}\"},\"query-input\":{\"@type\":\"PropertyValueSpecification\",\"valueRequired\":true,\"valueName\":\"search_term_string\"}}],\"inLanguage\":\"pt-PT\"},{\"@type\":\"Person\",\"@id\":\"https:\\\/\\\/fundacioncajaruraldelsur.com\\\/#\\\/schema\\\/person\\\/f430da9fb783d505ff061ad8b3d44577\",\"name\":\"Comunicaci\u00f3n\",\"image\":{\"@type\":\"ImageObject\",\"inLanguage\":\"pt-PT\",\"@id\":\"https:\\\/\\\/secure.gravatar.com\\\/avatar\\\/0dca239875993680bac4603ad2de7942da018f52cc3a244578e0b3b09314a8d8?s=96&d=blank&r=g\",\"url\":\"https:\\\/\\\/secure.gravatar.com\\\/avatar\\\/0dca239875993680bac4603ad2de7942da018f52cc3a244578e0b3b09314a8d8?s=96&d=blank&r=g\",\"contentUrl\":\"https:\\\/\\\/secure.gravatar.com\\\/avatar\\\/0dca239875993680bac4603ad2de7942da018f52cc3a244578e0b3b09314a8d8?s=96&d=blank&r=g\",\"caption\":\"Comunicaci\u00f3n\"}}]}<\/script>\n<!-- \/ Yoast SEO plugin. -->","yoast_head_json":{"title":"El programa \u00abHerrera en COPE\u00bb desde Caja Rural del Sur para conmemorar los 25 a\u00f1os de la entidad - Fundaci\u00f3n Caja Rural del Sur","robots":{"index":"index","follow":"follow","max-snippet":"max-snippet:-1","max-image-preview":"max-image-preview:large","max-video-preview":"max-video-preview:-1"},"canonical":"https:\/\/fundacioncajaruraldelsur.com\/pt\/el-programa-herrera-en-cope-desde-caja-rural-del-sur-para-conmemorar-los-25-anos-de-la-entidad\/","og_locale":"pt_PT","og_type":"article","og_title":"El programa \u00abHerrera en COPE\u00bb desde Caja Rural del Sur para conmemorar los 25 a\u00f1os de la entidad - Fundaci\u00f3n Caja Rural del Sur","og_description":"El programa matinal Herrera en COPE ha emitido este jueves, 10 de abril, una edici\u00f3n muy especial desde la sede central de Caja Rural del Sur, situada en la Plaza [&hellip;]","og_url":"https:\/\/fundacioncajaruraldelsur.com\/pt\/el-programa-herrera-en-cope-desde-caja-rural-del-sur-para-conmemorar-los-25-anos-de-la-entidad\/","og_site_name":"Fundaci\u00f3n Caja Rural del Sur","article_published_time":"2025-04-10T13:28:34+00:00","og_image":[{"width":2048,"height":1536,"url":"https:\/\/fundacioncajaruraldelsur.com\/wp-content\/uploads\/2025\/04\/Imagen-de-WhatsApp-2025-04-10-a-las-15.10.26_11553835.jpg","type":"image\/jpeg"}],"author":"Comunicaci\u00f3n","twitter_card":"summary_large_image","twitter_misc":{"Written by":"Comunicaci\u00f3n","Est. reading time":"3 minutes"},"schema":{"@context":"https:\/\/schema.org","@graph":[{"@type":"Article","@id":"https:\/\/fundacioncajaruraldelsur.com\/el-programa-herrera-en-cope-desde-caja-rural-del-sur-para-conmemorar-los-25-anos-de-la-entidad\/#article","isPartOf":{"@id":"https:\/\/fundacioncajaruraldelsur.com\/el-programa-herrera-en-cope-desde-caja-rural-del-sur-para-conmemorar-los-25-anos-de-la-entidad\/"},"author":{"name":"Comunicaci\u00f3n","@id":"https:\/\/fundacioncajaruraldelsur.com\/#\/schema\/person\/f430da9fb783d505ff061ad8b3d44577"},"headline":"El programa \u00abHerrera en COPE\u00bb desde Caja Rural del Sur para conmemorar los 25 a\u00f1os de la entidad","datePublished":"2025-04-10T13:28:34+00:00","mainEntityOfPage":{"@id":"https:\/\/fundacioncajaruraldelsur.com\/el-programa-herrera-en-cope-desde-caja-rural-del-sur-para-conmemorar-los-25-anos-de-la-entidad\/"},"wordCount":411,"image":{"@id":"https:\/\/fundacioncajaruraldelsur.com\/el-programa-herrera-en-cope-desde-caja-rural-del-sur-para-conmemorar-los-25-anos-de-la-entidad\/#primaryimage"},"thumbnailUrl":"https:\/\/fundacioncajaruraldelsur.com\/wp-content\/uploads\/2025\/04\/Imagen-de-WhatsApp-2025-04-10-a-las-15.10.26_11553835.jpg","articleSection":["Actos"],"inLanguage":"pt-PT"},{"@type":"WebPage","@id":"https:\/\/fundacioncajaruraldelsur.com\/el-programa-herrera-en-cope-desde-caja-rural-del-sur-para-conmemorar-los-25-anos-de-la-entidad\/","url":"https:\/\/fundacioncajaruraldelsur.com\/el-programa-herrera-en-cope-desde-caja-rural-del-sur-para-conmemorar-los-25-anos-de-la-entidad\/","name":"El programa \u00abHerrera en COPE\u00bb desde Caja Rural del Sur para conmemorar los 25 a\u00f1os de la entidad - Fundaci\u00f3n Caja Rural del Sur","isPartOf":{"@id":"https:\/\/fundacioncajaruraldelsur.com\/#website"},"primaryImageOfPage":{"@id":"https:\/\/fundacioncajaruraldelsur.com\/el-programa-herrera-en-cope-desde-caja-rural-del-sur-para-conmemorar-los-25-anos-de-la-entidad\/#primaryimage"},"image":{"@id":"https:\/\/fundacioncajaruraldelsur.com\/el-programa-herrera-en-cope-desde-caja-rural-del-sur-para-conmemorar-los-25-anos-de-la-entidad\/#primaryimage"},"thumbnailUrl":"https:\/\/fundacioncajaruraldelsur.com\/wp-content\/uploads\/2025\/04\/Imagen-de-WhatsApp-2025-04-10-a-las-15.10.26_11553835.jpg","datePublished":"2025-04-10T13:28:34+00:00","author":{"@id":"https:\/\/fundacioncajaruraldelsur.com\/#\/schema\/person\/f430da9fb783d505ff061ad8b3d44577"},"breadcrumb":{"@id":"https:\/\/fundacioncajaruraldelsur.com\/el-programa-herrera-en-cope-desde-caja-rural-del-sur-para-conmemorar-los-25-anos-de-la-entidad\/#breadcrumb"},"inLanguage":"pt-PT","potentialAction":[{"@type":"ReadAction","target":["https:\/\/fundacioncajaruraldelsur.com\/el-programa-herrera-en-cope-desde-caja-rural-del-sur-para-conmemorar-los-25-anos-de-la-entidad\/"]}]},{"@type":"ImageObject","inLanguage":"pt-PT","@id":"https:\/\/fundacioncajaruraldelsur.com\/el-programa-herrera-en-cope-desde-caja-rural-del-sur-para-conmemorar-los-25-anos-de-la-entidad\/#primaryimage","url":"https:\/\/fundacioncajaruraldelsur.com\/wp-content\/uploads\/2025\/04\/Imagen-de-WhatsApp-2025-04-10-a-las-15.10.26_11553835.jpg","contentUrl":"https:\/\/fundacioncajaruraldelsur.com\/wp-content\/uploads\/2025\/04\/Imagen-de-WhatsApp-2025-04-10-a-las-15.10.26_11553835.jpg","width":2048,"height":1536},{"@type":"BreadcrumbList","@id":"https:\/\/fundacioncajaruraldelsur.com\/el-programa-herrera-en-cope-desde-caja-rural-del-sur-para-conmemorar-los-25-anos-de-la-entidad\/#breadcrumb","itemListElement":[{"@type":"ListItem","position":1,"name":"Portada","item":"https:\/\/fundacioncajaruraldelsur.com\/"},{"@type":"ListItem","position":2,"name":"El programa \u00abHerrera en COPE\u00bb desde Caja Rural del Sur para conmemorar los 25 a\u00f1os de la entidad"}]},{"@type":"WebSite","@id":"https:\/\/fundacioncajaruraldelsur.com\/#website","url":"https:\/\/fundacioncajaruraldelsur.com\/","name":"Funda\u00e7\u00e3o Caja Rural del Sur","description":"","potentialAction":[{"@type":"SearchAction","target":{"@type":"EntryPoint","urlTemplate":"https:\/\/fundacioncajaruraldelsur.com\/?s={search_term_string}"},"query-input":{"@type":"PropertyValueSpecification","valueRequired":true,"valueName":"search_term_string"}}],"inLanguage":"pt-PT"},{"@type":"Person","@id":"https:\/\/fundacioncajaruraldelsur.com\/#\/schema\/person\/f430da9fb783d505ff061ad8b3d44577","name":"Comunicaci\u00f3n","image":{"@type":"ImageObject","inLanguage":"pt-PT","@id":"https:\/\/secure.gravatar.com\/avatar\/0dca239875993680bac4603ad2de7942da018f52cc3a244578e0b3b09314a8d8?s=96&d=blank&r=g","url":"https:\/\/secure.gravatar.com\/avatar\/0dca239875993680bac4603ad2de7942da018f52cc3a244578e0b3b09314a8d8?s=96&d=blank&r=g","contentUrl":"https:\/\/secure.gravatar.com\/avatar\/0dca239875993680bac4603ad2de7942da018f52cc3a244578e0b3b09314a8d8?s=96&d=blank&r=g","caption":"Comunicaci\u00f3n"}}]}},"rttpg_featured_image_url":{"full":["https:\/\/fundacioncajaruraldelsur.com\/wp-content\/uploads\/2025\/04\/Imagen-de-WhatsApp-2025-04-10-a-las-15.10.26_11553835.jpg",2048,1536,false],"landscape":["https:\/\/fundacioncajaruraldelsur.com\/wp-content\/uploads\/2025\/04\/Imagen-de-WhatsApp-2025-04-10-a-las-15.10.26_11553835.jpg",2048,1536,false],"portraits":["https:\/\/fundacioncajaruraldelsur.com\/wp-content\/uploads\/2025\/04\/Imagen-de-WhatsApp-2025-04-10-a-las-15.10.26_11553835.jpg",2048,1536,false],"thumbnail":["https:\/\/fundacioncajaruraldelsur.com\/wp-content\/uploads\/2025\/04\/Imagen-de-WhatsApp-2025-04-10-a-las-15.10.26_11553835-150x150.jpg",150,150,true],"medium":["https:\/\/fundacioncajaruraldelsur.com\/wp-content\/uploads\/2025\/04\/Imagen-de-WhatsApp-2025-04-10-a-las-15.10.26_11553835-300x225.jpg",300,225,true],"large":["https:\/\/fundacioncajaruraldelsur.com\/wp-content\/uploads\/2025\/04\/Imagen-de-WhatsApp-2025-04-10-a-las-15.10.26_11553835-1024x768.jpg",960,720,true],"1536x1536":["https:\/\/fundacioncajaruraldelsur.com\/wp-content\/uploads\/2025\/04\/Imagen-de-WhatsApp-2025-04-10-a-las-15.10.26_11553835-1536x1152.jpg",1536,1152,true],"2048x2048":["https:\/\/fundacioncajaruraldelsur.com\/wp-content\/uploads\/2025\/04\/Imagen-de-WhatsApp-2025-04-10-a-las-15.10.26_11553835.jpg",2048,1536,false],"trp-custom-language-flag":["https:\/\/fundacioncajaruraldelsur.com\/wp-content\/uploads\/2025\/04\/Imagen-de-WhatsApp-2025-04-10-a-las-15.10.26_11553835.jpg",16,12,false],"blog-thumbnail":["https:\/\/fundacioncajaruraldelsur.com\/wp-content\/uploads\/2025\/04\/Imagen-de-WhatsApp-2025-04-10-a-las-15.10.26_11553835-400x200.jpg",400,200,true]},"rttpg_author":{"display_name":"Comunicaci\u00f3n","author_link":"https:\/\/fundacioncajaruraldelsur.com\/pt\/author\/sevillaadmin\/"},"rttpg_comment":0,"rttpg_category":"<a href=\"https:\/\/fundacioncajaruraldelsur.com\/pt\/category\/actos\/\" rel=\"category tag\">Actos<\/a>","rttpg_excerpt":"El programa matinal Herrera en COPE ha emitido este jueves, 10 de abril, una edici\u00f3n muy especial desde la sede central de Caja Rural del Sur, situada en la Plaza [&hellip;]","_links":{"self":[{"href":"https:\/\/fundacioncajaruraldelsur.com\/pt\/wp-json\/wp\/v2\/posts\/11122","targetHints":{"allow":["GET"]}}],"collection":[{"href":"https:\/\/fundacioncajaruraldelsur.com\/pt\/wp-json\/wp\/v2\/posts"}],"about":[{"href":"https:\/\/fundacioncajaruraldelsur.com\/pt\/wp-json\/wp\/v2\/types\/post"}],"author":[{"embeddable":true,"href":"https:\/\/fundacioncajaruraldelsur.com\/pt\/wp-json\/wp\/v2\/users\/6"}],"replies":[{"embeddable":true,"href":"https:\/\/fundacioncajaruraldelsur.com\/pt\/wp-json\/wp\/v2\/comments?post=11122"}],"version-history":[{"count":1,"href":"https:\/\/fundacioncajaruraldelsur.com\/pt\/wp-json\/wp\/v2\/posts\/11122\/revisions"}],"predecessor-version":[{"id":11128,"href":"https:\/\/fundacioncajaruraldelsur.com\/pt\/wp-json\/wp\/v2\/posts\/11122\/revisions\/11128"}],"wp:featuredmedia":[{"embeddable":true,"href":"https:\/\/fundacioncajaruraldelsur.com\/pt\/wp-json\/wp\/v2\/media\/11123"}],"wp:attachment":[{"href":"https:\/\/fundacioncajaruraldelsur.com\/pt\/wp-json\/wp\/v2\/media?parent=11122"}],"wp:term":[{"taxonomy":"category","embeddable":true,"href":"https:\/\/fundacioncajaruraldelsur.com\/pt\/wp-json\/wp\/v2\/categories?post=11122"},{"taxonomy":"post_tag","embeddable":true,"href":"https:\/\/fundacioncajaruraldelsur.com\/pt\/wp-json\/wp\/v2\/tags?post=11122"}],"curies":[{"name":"wp","href":"https:\/\/api.w.org\/{rel}","templated":true}]}}