{"id":11033,"date":"2025-03-28T11:03:09","date_gmt":"2025-03-28T10:03:09","guid":{"rendered":"https:\/\/fundacioncajaruraldelsur.com\/?p=11033"},"modified":"2025-03-27T18:32:25","modified_gmt":"2025-03-27T17:32:25","slug":"se-celebra-la-primera-edicion-de-fider-feria-internacional-de-la-economia-rural-en-sevilla","status":"publish","type":"post","link":"https:\/\/fundacioncajaruraldelsur.com\/pt\/se-celebra-la-primera-edicion-de-fider-feria-internacional-de-la-economia-rural-en-sevilla\/","title":{"rendered":"Se celebra la primera edici\u00f3n de FIDER, Feria Internacional de la Econom\u00eda Rural en Sevilla"},"content":{"rendered":"<p data-pm-slice=\"1 1 []\"><strong>El presidente de Caja Rural del Sur, Jos\u00e9 Luis Garc\u00eda-Palacios \u00c1lvarez<\/strong>, ha participado en la inauguraci\u00f3n y presentaci\u00f3n de la primera edici\u00f3n de FIDER (Feria Internacional de la Econom\u00eda Rural), un evento clave para el impulso del mundo rural que ha contado tambi\u00e9n con la presencia de figuras destacadas como Carmen Mart\u00ednez de Sola, presidenta ejecutiva de FIDER, y Jos\u00e9 Luis Sanz, alcalde de Sevilla. La feria se celebra en FIBES II, Sevilla, y pretende convertirse en un referente para la modernizaci\u00f3n y desarrollo del medio rural.<\/p>\n<p><strong>En su intervenci\u00f3n, Jos\u00e9 Luis Garc\u00eda-Palacios \u00c1lvarez<\/strong> ha destacado la importancia de iniciativas como FIDER para abordar los retos del sector y proporcionar soluciones innovadoras que favorezcan la sostenibilidad y el crecimiento del mundo rural. \u00abLa econom\u00eda rural necesita apoyo, inversi\u00f3n y un entorno favorable para el desarrollo de iniciativas que permitan la fijaci\u00f3n de poblaci\u00f3n y la modernizaci\u00f3n del sector. Desde Caja Rural del Sur, seguimos comprometidos con este objetivo y apostamos por eventos como FIDER que fomentan el di\u00e1logo y la colaboraci\u00f3n\u00bb, ha afirmado.<\/p>\n<p><strong><a href=\"https:\/\/fundacioncajaruraldelsur.com\/wp-content\/uploads\/2025\/03\/Captura-de-pantalla-2025-03-27-183135.png\" rel=\"lightbox-0\"><img loading=\"lazy\" decoding=\"async\" class=\"size-medium wp-image-11055 alignleft\" src=\"https:\/\/fundacioncajaruraldelsur.com\/wp-content\/uploads\/2025\/03\/Captura-de-pantalla-2025-03-27-183135-300x210.png\" alt=\"\" width=\"300\" height=\"210\" srcset=\"https:\/\/fundacioncajaruraldelsur.com\/wp-content\/uploads\/2025\/03\/Captura-de-pantalla-2025-03-27-183135-300x210.png 300w, https:\/\/fundacioncajaruraldelsur.com\/wp-content\/uploads\/2025\/03\/Captura-de-pantalla-2025-03-27-183135.png 733w\" sizes=\"auto, (max-width: 300px) 100vw, 300px\" \/><\/a>FIDER 2025 se centra en seis \u00e1reas clave para la transformaci\u00f3n del medio rural<\/strong>: agua y energ\u00eda, tecnolog\u00eda e inteligencia artificial, sanidad y educaci\u00f3n, revoluci\u00f3n verde, vivienda y urbanismo, y cultura y tradiciones. Durante la jornada, expertos, empresas y administraciones han intercambiado conocimientos y presentado soluciones innovadoras para garantizar la sostenibilidad y rentabilidad del campo.<\/p>\n<p class=\"\" data-start=\"0\" data-end=\"361\">La necesidad de reforzar las infraestructuras hidr\u00e1ulicas y garantizar recursos h\u00eddricos para la agricultura ha sido un tema central. Manuel Garc\u00eda Calvo destac\u00f3 la gesti\u00f3n sostenible del agua como clave para la productividad agr\u00edcola, mientras que Jorge de Rojas Villavechia explic\u00f3 c\u00f3mo la inteligencia artificial optimiza recursos y mejora la rentabilidad.<\/p>\n<p class=\"\" data-start=\"363\" data-end=\"784\">Consolaci\u00f3n Vera, Viceconsejera de Agricultura, Pesca, Agua y Desarrollo Rural, subray\u00f3 la importancia de mayor financiaci\u00f3n y apoyo para el sector, resaltando que Andaluc\u00eda mantiene baja la despoblaci\u00f3n rural gracias a la agricultura y ganader\u00eda. Tambi\u00e9n mencion\u00f3 el creciente inter\u00e9s de los j\u00f3venes en el sector agrario, con casi 3000 solicitudes de incorporaci\u00f3n y m\u00e1s de 160 millones de euros en ayudas solicitadas.<\/p>\n<p class=\"\" data-start=\"786\" data-end=\"977\">Otro aspecto clave fue la agricultura de precisi\u00f3n y el uso de nuevas tecnolog\u00edas, como drones y sensores, para detectar enfermedades, estr\u00e9s h\u00eddrico y mejorar el rendimiento de los cultivos.<\/p>\n<p><strong>Caja Rural del Sur, como cooperativa de cr\u00e9dito,<\/strong> es una entidad financiera con una fuerte <strong>vinculaci\u00f3n con el sector agrario y el mundo rural.<\/strong> Su compromiso con la sostenibilidad y el desarrollo econ\u00f3mico local se refleja en su apoyo continuo a proyectos que fomentan el crecimiento y la innovaci\u00f3n en las comunidades rurales. Por ello, la entidad tiene un firme compromiso con el desarrollo del sector agroalimentario y rural, apoyando iniciativas como FIDER que promuevan la innovaci\u00f3n, la inversi\u00f3n y la mejora de las condiciones de vida en el entorno rural.<\/p>\n<p><a href=\"https:\/\/fundacioncajaruraldelsur.com\/wp-content\/uploads\/2025\/03\/PHOTO-2025-03-27-10-47-06.jpg\" rel=\"lightbox-1\"><img loading=\"lazy\" decoding=\"async\" class=\"alignnone wp-image-11035 size-full\" src=\"https:\/\/fundacioncajaruraldelsur.com\/wp-content\/uploads\/2025\/03\/PHOTO-2025-03-27-10-47-06.jpg\" alt=\"\" width=\"1600\" height=\"1200\" srcset=\"https:\/\/fundacioncajaruraldelsur.com\/wp-content\/uploads\/2025\/03\/PHOTO-2025-03-27-10-47-06.jpg 1600w, https:\/\/fundacioncajaruraldelsur.com\/wp-content\/uploads\/2025\/03\/PHOTO-2025-03-27-10-47-06-300x225.jpg 300w, https:\/\/fundacioncajaruraldelsur.com\/wp-content\/uploads\/2025\/03\/PHOTO-2025-03-27-10-47-06-1024x768.jpg 1024w, https:\/\/fundacioncajaruraldelsur.com\/wp-content\/uploads\/2025\/03\/PHOTO-2025-03-27-10-47-06-768x576.jpg 768w, https:\/\/fundacioncajaruraldelsur.com\/wp-content\/uploads\/2025\/03\/PHOTO-2025-03-27-10-47-06-1536x1152.jpg 1536w\" sizes=\"auto, (max-width: 1600px) 100vw, 1600px\" \/><\/a><\/p>","protected":false},"excerpt":{"rendered":"<p>El presidente de Caja Rural del Sur, Jos\u00e9 Luis Garc\u00eda-Palacios \u00c1lvarez, ha participado en la inauguraci\u00f3n y presentaci\u00f3n de la primera edici\u00f3n de FIDER (Feria Internacional de la Econom\u00eda Rural), [&hellip;]<\/p>\n","protected":false},"author":6,"featured_media":11034,"comment_status":"closed","ping_status":"closed","sticky":false,"template":"","format":"standard","meta":{"footnotes":""},"categories":[66],"tags":[],"class_list":["post-11033","post","type-post","status-publish","format-standard","has-post-thumbnail","hentry","category-actos"],"yoast_head":"<!-- This site is optimized with the Yoast SEO plugin v27.3 - https:\/\/yoast.com\/product\/yoast-seo-wordpress\/ -->\n<title>Se celebra la primera edici\u00f3n de FIDER, Feria Internacional de la Econom\u00eda Rural en Sevilla - Fundaci\u00f3n Caja Rural del Sur<\/title>\n<meta name=\"robots\" content=\"index, follow, max-snippet:-1, max-image-preview:large, max-video-preview:-1\" \/>\n<link rel=\"canonical\" href=\"https:\/\/fundacioncajaruraldelsur.com\/pt\/se-celebra-la-primera-edicion-de-fider-feria-internacional-de-la-economia-rural-en-sevilla\/\" \/>\n<meta property=\"og:locale\" content=\"pt_PT\" \/>\n<meta property=\"og:type\" content=\"article\" \/>\n<meta property=\"og:title\" content=\"Se celebra la primera edici\u00f3n de FIDER, Feria Internacional de la Econom\u00eda Rural en Sevilla - Fundaci\u00f3n Caja Rural del Sur\" \/>\n<meta property=\"og:description\" content=\"El presidente de Caja Rural del Sur, Jos\u00e9 Luis Garc\u00eda-Palacios \u00c1lvarez, ha participado en la inauguraci\u00f3n y presentaci\u00f3n de la primera edici\u00f3n de FIDER (Feria Internacional de la Econom\u00eda Rural), [&hellip;]\" \/>\n<meta property=\"og:url\" content=\"https:\/\/fundacioncajaruraldelsur.com\/pt\/se-celebra-la-primera-edicion-de-fider-feria-internacional-de-la-economia-rural-en-sevilla\/\" \/>\n<meta property=\"og:site_name\" content=\"Fundaci\u00f3n Caja Rural del Sur\" \/>\n<meta property=\"article:published_time\" content=\"2025-03-28T10:03:09+00:00\" \/>\n<meta property=\"og:image\" content=\"https:\/\/fundacioncajaruraldelsur.com\/wp-content\/uploads\/2025\/03\/feria-rural.jpg\" \/>\n\t<meta property=\"og:image:width\" content=\"803\" \/>\n\t<meta property=\"og:image:height\" content=\"513\" \/>\n\t<meta property=\"og:image:type\" content=\"image\/jpeg\" \/>\n<meta name=\"author\" content=\"Comunicaci\u00f3n\" \/>\n<meta name=\"twitter:card\" content=\"summary_large_image\" \/>\n<meta name=\"twitter:label1\" content=\"Written by\" \/>\n\t<meta name=\"twitter:data1\" content=\"Comunicaci\u00f3n\" \/>\n\t<meta name=\"twitter:label2\" content=\"Est. reading time\" \/>\n\t<meta name=\"twitter:data2\" content=\"3 minutes\" \/>\n<script type=\"application\/ld+json\" class=\"yoast-schema-graph\">{\"@context\":\"https:\\\/\\\/schema.org\",\"@graph\":[{\"@type\":\"Article\",\"@id\":\"https:\\\/\\\/fundacioncajaruraldelsur.com\\\/se-celebra-la-primera-edicion-de-fider-feria-internacional-de-la-economia-rural-en-sevilla\\\/#article\",\"isPartOf\":{\"@id\":\"https:\\\/\\\/fundacioncajaruraldelsur.com\\\/se-celebra-la-primera-edicion-de-fider-feria-internacional-de-la-economia-rural-en-sevilla\\\/\"},\"author\":{\"name\":\"Comunicaci\u00f3n\",\"@id\":\"https:\\\/\\\/fundacioncajaruraldelsur.com\\\/#\\\/schema\\\/person\\\/f430da9fb783d505ff061ad8b3d44577\"},\"headline\":\"Se celebra la primera edici\u00f3n de FIDER, Feria Internacional de la Econom\u00eda Rural en Sevilla\",\"datePublished\":\"2025-03-28T10:03:09+00:00\",\"mainEntityOfPage\":{\"@id\":\"https:\\\/\\\/fundacioncajaruraldelsur.com\\\/se-celebra-la-primera-edicion-de-fider-feria-internacional-de-la-economia-rural-en-sevilla\\\/\"},\"wordCount\":525,\"image\":{\"@id\":\"https:\\\/\\\/fundacioncajaruraldelsur.com\\\/se-celebra-la-primera-edicion-de-fider-feria-internacional-de-la-economia-rural-en-sevilla\\\/#primaryimage\"},\"thumbnailUrl\":\"https:\\\/\\\/fundacioncajaruraldelsur.com\\\/wp-content\\\/uploads\\\/2025\\\/03\\\/feria-rural.jpg\",\"articleSection\":[\"Actos\"],\"inLanguage\":\"pt-PT\"},{\"@type\":\"WebPage\",\"@id\":\"https:\\\/\\\/fundacioncajaruraldelsur.com\\\/se-celebra-la-primera-edicion-de-fider-feria-internacional-de-la-economia-rural-en-sevilla\\\/\",\"url\":\"https:\\\/\\\/fundacioncajaruraldelsur.com\\\/se-celebra-la-primera-edicion-de-fider-feria-internacional-de-la-economia-rural-en-sevilla\\\/\",\"name\":\"Se celebra la primera edici\u00f3n de FIDER, Feria Internacional de la Econom\u00eda Rural en Sevilla - Fundaci\u00f3n Caja Rural del Sur\",\"isPartOf\":{\"@id\":\"https:\\\/\\\/fundacioncajaruraldelsur.com\\\/#website\"},\"primaryImageOfPage\":{\"@id\":\"https:\\\/\\\/fundacioncajaruraldelsur.com\\\/se-celebra-la-primera-edicion-de-fider-feria-internacional-de-la-economia-rural-en-sevilla\\\/#primaryimage\"},\"image\":{\"@id\":\"https:\\\/\\\/fundacioncajaruraldelsur.com\\\/se-celebra-la-primera-edicion-de-fider-feria-internacional-de-la-economia-rural-en-sevilla\\\/#primaryimage\"},\"thumbnailUrl\":\"https:\\\/\\\/fundacioncajaruraldelsur.com\\\/wp-content\\\/uploads\\\/2025\\\/03\\\/feria-rural.jpg\",\"datePublished\":\"2025-03-28T10:03:09+00:00\",\"author\":{\"@id\":\"https:\\\/\\\/fundacioncajaruraldelsur.com\\\/#\\\/schema\\\/person\\\/f430da9fb783d505ff061ad8b3d44577\"},\"breadcrumb\":{\"@id\":\"https:\\\/\\\/fundacioncajaruraldelsur.com\\\/se-celebra-la-primera-edicion-de-fider-feria-internacional-de-la-economia-rural-en-sevilla\\\/#breadcrumb\"},\"inLanguage\":\"pt-PT\",\"potentialAction\":[{\"@type\":\"ReadAction\",\"target\":[\"https:\\\/\\\/fundacioncajaruraldelsur.com\\\/se-celebra-la-primera-edicion-de-fider-feria-internacional-de-la-economia-rural-en-sevilla\\\/\"]}]},{\"@type\":\"ImageObject\",\"inLanguage\":\"pt-PT\",\"@id\":\"https:\\\/\\\/fundacioncajaruraldelsur.com\\\/se-celebra-la-primera-edicion-de-fider-feria-internacional-de-la-economia-rural-en-sevilla\\\/#primaryimage\",\"url\":\"https:\\\/\\\/fundacioncajaruraldelsur.com\\\/wp-content\\\/uploads\\\/2025\\\/03\\\/feria-rural.jpg\",\"contentUrl\":\"https:\\\/\\\/fundacioncajaruraldelsur.com\\\/wp-content\\\/uploads\\\/2025\\\/03\\\/feria-rural.jpg\",\"width\":803,\"height\":513},{\"@type\":\"BreadcrumbList\",\"@id\":\"https:\\\/\\\/fundacioncajaruraldelsur.com\\\/se-celebra-la-primera-edicion-de-fider-feria-internacional-de-la-economia-rural-en-sevilla\\\/#breadcrumb\",\"itemListElement\":[{\"@type\":\"ListItem\",\"position\":1,\"name\":\"Portada\",\"item\":\"https:\\\/\\\/fundacioncajaruraldelsur.com\\\/\"},{\"@type\":\"ListItem\",\"position\":2,\"name\":\"Se celebra la primera edici\u00f3n de FIDER, Feria Internacional de la Econom\u00eda Rural en Sevilla\"}]},{\"@type\":\"WebSite\",\"@id\":\"https:\\\/\\\/fundacioncajaruraldelsur.com\\\/#website\",\"url\":\"https:\\\/\\\/fundacioncajaruraldelsur.com\\\/\",\"name\":\"Fundaci\u00f3n Caja Rural del Sur\",\"description\":\"\",\"potentialAction\":[{\"@type\":\"SearchAction\",\"target\":{\"@type\":\"EntryPoint\",\"urlTemplate\":\"https:\\\/\\\/fundacioncajaruraldelsur.com\\\/?s={search_term_string}\"},\"query-input\":{\"@type\":\"PropertyValueSpecification\",\"valueRequired\":true,\"valueName\":\"search_term_string\"}}],\"inLanguage\":\"pt-PT\"},{\"@type\":\"Person\",\"@id\":\"https:\\\/\\\/fundacioncajaruraldelsur.com\\\/#\\\/schema\\\/person\\\/f430da9fb783d505ff061ad8b3d44577\",\"name\":\"Comunicaci\u00f3n\",\"image\":{\"@type\":\"ImageObject\",\"inLanguage\":\"pt-PT\",\"@id\":\"https:\\\/\\\/secure.gravatar.com\\\/avatar\\\/0dca239875993680bac4603ad2de7942da018f52cc3a244578e0b3b09314a8d8?s=96&d=blank&r=g\",\"url\":\"https:\\\/\\\/secure.gravatar.com\\\/avatar\\\/0dca239875993680bac4603ad2de7942da018f52cc3a244578e0b3b09314a8d8?s=96&d=blank&r=g\",\"contentUrl\":\"https:\\\/\\\/secure.gravatar.com\\\/avatar\\\/0dca239875993680bac4603ad2de7942da018f52cc3a244578e0b3b09314a8d8?s=96&d=blank&r=g\",\"caption\":\"Comunicaci\u00f3n\"}}]}<\/script>\n<!-- \/ Yoast SEO plugin. -->","yoast_head_json":{"title":"Se celebra la primera edici\u00f3n de FIDER, Feria Internacional de la Econom\u00eda Rural en Sevilla - Fundaci\u00f3n Caja Rural del Sur","robots":{"index":"index","follow":"follow","max-snippet":"max-snippet:-1","max-image-preview":"max-image-preview:large","max-video-preview":"max-video-preview:-1"},"canonical":"https:\/\/fundacioncajaruraldelsur.com\/pt\/se-celebra-la-primera-edicion-de-fider-feria-internacional-de-la-economia-rural-en-sevilla\/","og_locale":"pt_PT","og_type":"article","og_title":"Se celebra la primera edici\u00f3n de FIDER, Feria Internacional de la Econom\u00eda Rural en Sevilla - Fundaci\u00f3n Caja Rural del Sur","og_description":"El presidente de Caja Rural del Sur, Jos\u00e9 Luis Garc\u00eda-Palacios \u00c1lvarez, ha participado en la inauguraci\u00f3n y presentaci\u00f3n de la primera edici\u00f3n de FIDER (Feria Internacional de la Econom\u00eda Rural), [&hellip;]","og_url":"https:\/\/fundacioncajaruraldelsur.com\/pt\/se-celebra-la-primera-edicion-de-fider-feria-internacional-de-la-economia-rural-en-sevilla\/","og_site_name":"Fundaci\u00f3n Caja Rural del Sur","article_published_time":"2025-03-28T10:03:09+00:00","og_image":[{"width":803,"height":513,"url":"https:\/\/fundacioncajaruraldelsur.com\/wp-content\/uploads\/2025\/03\/feria-rural.jpg","type":"image\/jpeg"}],"author":"Comunicaci\u00f3n","twitter_card":"summary_large_image","twitter_misc":{"Written by":"Comunicaci\u00f3n","Est. reading time":"3 minutes"},"schema":{"@context":"https:\/\/schema.org","@graph":[{"@type":"Article","@id":"https:\/\/fundacioncajaruraldelsur.com\/se-celebra-la-primera-edicion-de-fider-feria-internacional-de-la-economia-rural-en-sevilla\/#article","isPartOf":{"@id":"https:\/\/fundacioncajaruraldelsur.com\/se-celebra-la-primera-edicion-de-fider-feria-internacional-de-la-economia-rural-en-sevilla\/"},"author":{"name":"Comunicaci\u00f3n","@id":"https:\/\/fundacioncajaruraldelsur.com\/#\/schema\/person\/f430da9fb783d505ff061ad8b3d44577"},"headline":"Se celebra la primera edici\u00f3n de FIDER, Feria Internacional de la Econom\u00eda Rural en Sevilla","datePublished":"2025-03-28T10:03:09+00:00","mainEntityOfPage":{"@id":"https:\/\/fundacioncajaruraldelsur.com\/se-celebra-la-primera-edicion-de-fider-feria-internacional-de-la-economia-rural-en-sevilla\/"},"wordCount":525,"image":{"@id":"https:\/\/fundacioncajaruraldelsur.com\/se-celebra-la-primera-edicion-de-fider-feria-internacional-de-la-economia-rural-en-sevilla\/#primaryimage"},"thumbnailUrl":"https:\/\/fundacioncajaruraldelsur.com\/wp-content\/uploads\/2025\/03\/feria-rural.jpg","articleSection":["Actos"],"inLanguage":"pt-PT"},{"@type":"WebPage","@id":"https:\/\/fundacioncajaruraldelsur.com\/se-celebra-la-primera-edicion-de-fider-feria-internacional-de-la-economia-rural-en-sevilla\/","url":"https:\/\/fundacioncajaruraldelsur.com\/se-celebra-la-primera-edicion-de-fider-feria-internacional-de-la-economia-rural-en-sevilla\/","name":"Se celebra la primera edici\u00f3n de FIDER, Feria Internacional de la Econom\u00eda Rural en Sevilla - Fundaci\u00f3n Caja Rural del Sur","isPartOf":{"@id":"https:\/\/fundacioncajaruraldelsur.com\/#website"},"primaryImageOfPage":{"@id":"https:\/\/fundacioncajaruraldelsur.com\/se-celebra-la-primera-edicion-de-fider-feria-internacional-de-la-economia-rural-en-sevilla\/#primaryimage"},"image":{"@id":"https:\/\/fundacioncajaruraldelsur.com\/se-celebra-la-primera-edicion-de-fider-feria-internacional-de-la-economia-rural-en-sevilla\/#primaryimage"},"thumbnailUrl":"https:\/\/fundacioncajaruraldelsur.com\/wp-content\/uploads\/2025\/03\/feria-rural.jpg","datePublished":"2025-03-28T10:03:09+00:00","author":{"@id":"https:\/\/fundacioncajaruraldelsur.com\/#\/schema\/person\/f430da9fb783d505ff061ad8b3d44577"},"breadcrumb":{"@id":"https:\/\/fundacioncajaruraldelsur.com\/se-celebra-la-primera-edicion-de-fider-feria-internacional-de-la-economia-rural-en-sevilla\/#breadcrumb"},"inLanguage":"pt-PT","potentialAction":[{"@type":"ReadAction","target":["https:\/\/fundacioncajaruraldelsur.com\/se-celebra-la-primera-edicion-de-fider-feria-internacional-de-la-economia-rural-en-sevilla\/"]}]},{"@type":"ImageObject","inLanguage":"pt-PT","@id":"https:\/\/fundacioncajaruraldelsur.com\/se-celebra-la-primera-edicion-de-fider-feria-internacional-de-la-economia-rural-en-sevilla\/#primaryimage","url":"https:\/\/fundacioncajaruraldelsur.com\/wp-content\/uploads\/2025\/03\/feria-rural.jpg","contentUrl":"https:\/\/fundacioncajaruraldelsur.com\/wp-content\/uploads\/2025\/03\/feria-rural.jpg","width":803,"height":513},{"@type":"BreadcrumbList","@id":"https:\/\/fundacioncajaruraldelsur.com\/se-celebra-la-primera-edicion-de-fider-feria-internacional-de-la-economia-rural-en-sevilla\/#breadcrumb","itemListElement":[{"@type":"ListItem","position":1,"name":"Portada","item":"https:\/\/fundacioncajaruraldelsur.com\/"},{"@type":"ListItem","position":2,"name":"Se celebra la primera edici\u00f3n de FIDER, Feria Internacional de la Econom\u00eda Rural en Sevilla"}]},{"@type":"WebSite","@id":"https:\/\/fundacioncajaruraldelsur.com\/#website","url":"https:\/\/fundacioncajaruraldelsur.com\/","name":"Funda\u00e7\u00e3o Caja Rural del Sur","description":"","potentialAction":[{"@type":"SearchAction","target":{"@type":"EntryPoint","urlTemplate":"https:\/\/fundacioncajaruraldelsur.com\/?s={search_term_string}"},"query-input":{"@type":"PropertyValueSpecification","valueRequired":true,"valueName":"search_term_string"}}],"inLanguage":"pt-PT"},{"@type":"Person","@id":"https:\/\/fundacioncajaruraldelsur.com\/#\/schema\/person\/f430da9fb783d505ff061ad8b3d44577","name":"Comunicaci\u00f3n","image":{"@type":"ImageObject","inLanguage":"pt-PT","@id":"https:\/\/secure.gravatar.com\/avatar\/0dca239875993680bac4603ad2de7942da018f52cc3a244578e0b3b09314a8d8?s=96&d=blank&r=g","url":"https:\/\/secure.gravatar.com\/avatar\/0dca239875993680bac4603ad2de7942da018f52cc3a244578e0b3b09314a8d8?s=96&d=blank&r=g","contentUrl":"https:\/\/secure.gravatar.com\/avatar\/0dca239875993680bac4603ad2de7942da018f52cc3a244578e0b3b09314a8d8?s=96&d=blank&r=g","caption":"Comunicaci\u00f3n"}}]}},"rttpg_featured_image_url":{"full":["https:\/\/fundacioncajaruraldelsur.com\/wp-content\/uploads\/2025\/03\/feria-rural.jpg",803,513,false],"landscape":["https:\/\/fundacioncajaruraldelsur.com\/wp-content\/uploads\/2025\/03\/feria-rural.jpg",803,513,false],"portraits":["https:\/\/fundacioncajaruraldelsur.com\/wp-content\/uploads\/2025\/03\/feria-rural.jpg",803,513,false],"thumbnail":["https:\/\/fundacioncajaruraldelsur.com\/wp-content\/uploads\/2025\/03\/feria-rural-150x150.jpg",150,150,true],"medium":["https:\/\/fundacioncajaruraldelsur.com\/wp-content\/uploads\/2025\/03\/feria-rural-300x192.jpg",300,192,true],"large":["https:\/\/fundacioncajaruraldelsur.com\/wp-content\/uploads\/2025\/03\/feria-rural.jpg",803,513,false],"1536x1536":["https:\/\/fundacioncajaruraldelsur.com\/wp-content\/uploads\/2025\/03\/feria-rural.jpg",803,513,false],"2048x2048":["https:\/\/fundacioncajaruraldelsur.com\/wp-content\/uploads\/2025\/03\/feria-rural.jpg",803,513,false],"trp-custom-language-flag":["https:\/\/fundacioncajaruraldelsur.com\/wp-content\/uploads\/2025\/03\/feria-rural.jpg",18,12,false],"blog-thumbnail":["https:\/\/fundacioncajaruraldelsur.com\/wp-content\/uploads\/2025\/03\/feria-rural-400x200.jpg",400,200,true]},"rttpg_author":{"display_name":"Comunicaci\u00f3n","author_link":"https:\/\/fundacioncajaruraldelsur.com\/pt\/author\/sevillaadmin\/"},"rttpg_comment":0,"rttpg_category":"<a href=\"https:\/\/fundacioncajaruraldelsur.com\/pt\/category\/actos\/\" rel=\"category tag\">Actos<\/a>","rttpg_excerpt":"El presidente de Caja Rural del Sur, Jos\u00e9 Luis Garc\u00eda-Palacios \u00c1lvarez, ha participado en la inauguraci\u00f3n y presentaci\u00f3n de la primera edici\u00f3n de FIDER (Feria Internacional de la Econom\u00eda Rural), [&hellip;]","_links":{"self":[{"href":"https:\/\/fundacioncajaruraldelsur.com\/pt\/wp-json\/wp\/v2\/posts\/11033","targetHints":{"allow":["GET"]}}],"collection":[{"href":"https:\/\/fundacioncajaruraldelsur.com\/pt\/wp-json\/wp\/v2\/posts"}],"about":[{"href":"https:\/\/fundacioncajaruraldelsur.com\/pt\/wp-json\/wp\/v2\/types\/post"}],"author":[{"embeddable":true,"href":"https:\/\/fundacioncajaruraldelsur.com\/pt\/wp-json\/wp\/v2\/users\/6"}],"replies":[{"embeddable":true,"href":"https:\/\/fundacioncajaruraldelsur.com\/pt\/wp-json\/wp\/v2\/comments?post=11033"}],"version-history":[{"count":3,"href":"https:\/\/fundacioncajaruraldelsur.com\/pt\/wp-json\/wp\/v2\/posts\/11033\/revisions"}],"predecessor-version":[{"id":11056,"href":"https:\/\/fundacioncajaruraldelsur.com\/pt\/wp-json\/wp\/v2\/posts\/11033\/revisions\/11056"}],"wp:featuredmedia":[{"embeddable":true,"href":"https:\/\/fundacioncajaruraldelsur.com\/pt\/wp-json\/wp\/v2\/media\/11034"}],"wp:attachment":[{"href":"https:\/\/fundacioncajaruraldelsur.com\/pt\/wp-json\/wp\/v2\/media?parent=11033"}],"wp:term":[{"taxonomy":"category","embeddable":true,"href":"https:\/\/fundacioncajaruraldelsur.com\/pt\/wp-json\/wp\/v2\/categories?post=11033"},{"taxonomy":"post_tag","embeddable":true,"href":"https:\/\/fundacioncajaruraldelsur.com\/pt\/wp-json\/wp\/v2\/tags?post=11033"}],"curies":[{"name":"wp","href":"https:\/\/api.w.org\/{rel}","templated":true}]}}