{"id":10994,"date":"2025-03-20T16:20:10","date_gmt":"2025-03-20T15:20:10","guid":{"rendered":"https:\/\/fundacioncajaruraldelsur.com\/?p=10994"},"modified":"2025-03-20T16:27:27","modified_gmt":"2025-03-20T15:27:27","slug":"presentado-en-el-rocio-el-libro-carmen-laffon-y-el-coto-de-donana-editado-por-la-fundacion-caja-rural-del-sur","status":"publish","type":"post","link":"https:\/\/fundacioncajaruraldelsur.com\/pt\/presentado-en-el-rocio-el-libro-carmen-laffon-y-el-coto-de-donana-editado-por-la-fundacion-caja-rural-del-sur\/","title":{"rendered":"Presentado en El Roc\u00edo el libro \u2018Carmen Laff\u00f3n y el coto de Do\u00f1ana\u2019 editado por la Fundaci\u00f3n Caja Rural del Sur"},"content":{"rendered":"<p><strong>El Hotel La Malvas\u00eda, en El Roc\u00edo, ha acogido la presentaci\u00f3n del libro \u2018Carmen Laff\u00f3n y el coto de Do\u00f1ana\u2019<\/strong>, una obra editada por la <strong>Funda\u00e7\u00e3o Caja Rural del Sur<\/strong> que rinde homenaje a la reconocida artista y su v\u00ednculo con este emblem\u00e1tico espacio natural. El acto ha contado con la intervenci\u00f3n del pintor <strong>Daniel Bilbao, coordinador del libro, y de los escritores Juan Villa y Jos\u00e9 Juan D\u00edaz Trillo<\/strong>, cuyos textos forman parte de la publicaci\u00f3n junto a Jacobo Cortines, y fue cerrado por Jos\u00e9 Luis Garc\u00eda-Palacios \u00c1lvarez, presidente de Caja Rural del Sur y su Fundaci\u00f3n.<\/p>\n<p>Daniel Bilbao destac\u00f3 en sus palabras la profunda conexi\u00f3n de <strong>Carmen Laff\u00f3n con Do\u00f1ana<\/strong>, reflejada en su obra a trav\u00e9s de la luz y el paisaje, elementos fundamentales en su trayectoria art\u00edstica. Por su parte, el escritor y pintor onubense, Juan Villa, resalt\u00f3 la sensibilidad de Laff\u00f3n para capturar la esencia de estos parajes, mientras que el pol\u00edtico y escritor, Jos\u00e9 Juan D\u00edaz Trillo, subray\u00f3 la importancia de este libro como testimonio del amor de la pintora por la naturaleza y su capacidad para inmortalizarla en sus lienzos.<\/p>\n<p>O <strong>presidente de la Fundaci\u00f3n Caja Rural del Sur, Jos\u00e9 Luis Garc\u00eda-Palacios \u00c1lvarez<\/strong>, agradeci\u00f3 la labor de todos los que han hecho posible esta publicaci\u00f3n, que pone en valor la obra de una de las artistas m\u00e1s influyentes de la pintura espa\u00f1ola contempor\u00e1nea y su estrecha relaci\u00f3n con Do\u00f1ana. Asimismo, destac\u00f3 el compromiso de la Fundaci\u00f3n con la cultura y la conservaci\u00f3n del patrimonio natural.<\/p>\n<p>El libro Carmen Laff\u00f3n y el coto de Do\u00f1ana est\u00e1 <strong>coordinado por Daniel Bilbao y cuenta con textos de Jacobo Cortines, Jos\u00e9 Juan D\u00edaz Trillo y Juan Villa.<\/strong> La publicaci\u00f3n constituye un testimonio art\u00edstico y literario que acerca al lector a la mirada \u00fanica de Carmen Laff\u00f3n sobre este enclave natural.<\/p>","protected":false},"excerpt":{"rendered":"<p>El Hotel La Malvas\u00eda, en El Roc\u00edo, ha acogido la presentaci\u00f3n del libro \u2018Carmen Laff\u00f3n y el coto de Do\u00f1ana\u2019, una obra editada por la Fundaci\u00f3n Caja Rural del Sur [&hellip;]<\/p>\n","protected":false},"author":6,"featured_media":10995,"comment_status":"closed","ping_status":"closed","sticky":false,"template":"","format":"standard","meta":{"footnotes":""},"categories":[84],"tags":[],"class_list":["post-10994","post","type-post","status-publish","format-standard","has-post-thumbnail","hentry","category-presentaciones"],"yoast_head":"<!-- This site is optimized with the Yoast SEO plugin v27.3 - https:\/\/yoast.com\/product\/yoast-seo-wordpress\/ -->\n<title>Presentado en El Roc\u00edo el libro \u2018Carmen Laff\u00f3n y el coto de Do\u00f1ana\u2019 editado por la Fundaci\u00f3n Caja Rural del Sur - Fundaci\u00f3n Caja Rural del Sur<\/title>\n<meta name=\"robots\" content=\"index, follow, max-snippet:-1, max-image-preview:large, max-video-preview:-1\" \/>\n<link rel=\"canonical\" href=\"https:\/\/fundacioncajaruraldelsur.com\/pt\/presentado-en-el-rocio-el-libro-carmen-laffon-y-el-coto-de-donana-editado-por-la-fundacion-caja-rural-del-sur\/\" \/>\n<meta property=\"og:locale\" content=\"pt_PT\" \/>\n<meta property=\"og:type\" content=\"article\" \/>\n<meta property=\"og:title\" content=\"Presentado en El Roc\u00edo el libro \u2018Carmen Laff\u00f3n y el coto de Do\u00f1ana\u2019 editado por la Fundaci\u00f3n Caja Rural del Sur - Fundaci\u00f3n Caja Rural del Sur\" \/>\n<meta property=\"og:description\" content=\"El Hotel La Malvas\u00eda, en El Roc\u00edo, ha acogido la presentaci\u00f3n del libro \u2018Carmen Laff\u00f3n y el coto de Do\u00f1ana\u2019, una obra editada por la Fundaci\u00f3n Caja Rural del Sur [&hellip;]\" \/>\n<meta property=\"og:url\" content=\"https:\/\/fundacioncajaruraldelsur.com\/pt\/presentado-en-el-rocio-el-libro-carmen-laffon-y-el-coto-de-donana-editado-por-la-fundacion-caja-rural-del-sur\/\" \/>\n<meta property=\"og:site_name\" content=\"Fundaci\u00f3n Caja Rural del Sur\" \/>\n<meta property=\"article:published_time\" content=\"2025-03-20T15:20:10+00:00\" \/>\n<meta property=\"article:modified_time\" content=\"2025-03-20T15:27:27+00:00\" \/>\n<meta property=\"og:image\" content=\"https:\/\/fundacioncajaruraldelsur.com\/wp-content\/uploads\/2025\/03\/250320.-Intervencion-del-presidente-de-Caja-Rural-del-Sur-y-su-Fundacion-en-la-presentacion-del-libro-e1742484093613.jpg\" \/>\n\t<meta property=\"og:image:width\" content=\"1200\" \/>\n\t<meta property=\"og:image:height\" content=\"1042\" \/>\n\t<meta property=\"og:image:type\" content=\"image\/jpeg\" \/>\n<meta name=\"author\" content=\"Comunicaci\u00f3n\" \/>\n<meta name=\"twitter:card\" content=\"summary_large_image\" \/>\n<meta name=\"twitter:label1\" content=\"Written by\" \/>\n\t<meta name=\"twitter:data1\" content=\"Comunicaci\u00f3n\" \/>\n\t<meta name=\"twitter:label2\" content=\"Est. reading time\" \/>\n\t<meta name=\"twitter:data2\" content=\"2 minutes\" \/>\n<script type=\"application\/ld+json\" class=\"yoast-schema-graph\">{\"@context\":\"https:\\\/\\\/schema.org\",\"@graph\":[{\"@type\":\"Article\",\"@id\":\"https:\\\/\\\/fundacioncajaruraldelsur.com\\\/presentado-en-el-rocio-el-libro-carmen-laffon-y-el-coto-de-donana-editado-por-la-fundacion-caja-rural-del-sur\\\/#article\",\"isPartOf\":{\"@id\":\"https:\\\/\\\/fundacioncajaruraldelsur.com\\\/presentado-en-el-rocio-el-libro-carmen-laffon-y-el-coto-de-donana-editado-por-la-fundacion-caja-rural-del-sur\\\/\"},\"author\":{\"name\":\"Comunicaci\u00f3n\",\"@id\":\"https:\\\/\\\/fundacioncajaruraldelsur.com\\\/#\\\/schema\\\/person\\\/f430da9fb783d505ff061ad8b3d44577\"},\"headline\":\"Presentado en El Roc\u00edo el libro \u2018Carmen Laff\u00f3n y el coto de Do\u00f1ana\u2019 editado por la Fundaci\u00f3n Caja Rural del Sur\",\"datePublished\":\"2025-03-20T15:20:10+00:00\",\"dateModified\":\"2025-03-20T15:27:27+00:00\",\"mainEntityOfPage\":{\"@id\":\"https:\\\/\\\/fundacioncajaruraldelsur.com\\\/presentado-en-el-rocio-el-libro-carmen-laffon-y-el-coto-de-donana-editado-por-la-fundacion-caja-rural-del-sur\\\/\"},\"wordCount\":364,\"image\":{\"@id\":\"https:\\\/\\\/fundacioncajaruraldelsur.com\\\/presentado-en-el-rocio-el-libro-carmen-laffon-y-el-coto-de-donana-editado-por-la-fundacion-caja-rural-del-sur\\\/#primaryimage\"},\"thumbnailUrl\":\"https:\\\/\\\/fundacioncajaruraldelsur.com\\\/wp-content\\\/uploads\\\/2025\\\/03\\\/250320.-Intervencion-del-presidente-de-Caja-Rural-del-Sur-y-su-Fundacion-en-la-presentacion-del-libro-e1742484093613.jpg\",\"articleSection\":[\"Presentaciones\"],\"inLanguage\":\"pt-PT\"},{\"@type\":\"WebPage\",\"@id\":\"https:\\\/\\\/fundacioncajaruraldelsur.com\\\/presentado-en-el-rocio-el-libro-carmen-laffon-y-el-coto-de-donana-editado-por-la-fundacion-caja-rural-del-sur\\\/\",\"url\":\"https:\\\/\\\/fundacioncajaruraldelsur.com\\\/presentado-en-el-rocio-el-libro-carmen-laffon-y-el-coto-de-donana-editado-por-la-fundacion-caja-rural-del-sur\\\/\",\"name\":\"Presentado en El Roc\u00edo el libro \u2018Carmen Laff\u00f3n y el coto de Do\u00f1ana\u2019 editado por la Fundaci\u00f3n Caja Rural del Sur - Fundaci\u00f3n Caja Rural del Sur\",\"isPartOf\":{\"@id\":\"https:\\\/\\\/fundacioncajaruraldelsur.com\\\/#website\"},\"primaryImageOfPage\":{\"@id\":\"https:\\\/\\\/fundacioncajaruraldelsur.com\\\/presentado-en-el-rocio-el-libro-carmen-laffon-y-el-coto-de-donana-editado-por-la-fundacion-caja-rural-del-sur\\\/#primaryimage\"},\"image\":{\"@id\":\"https:\\\/\\\/fundacioncajaruraldelsur.com\\\/presentado-en-el-rocio-el-libro-carmen-laffon-y-el-coto-de-donana-editado-por-la-fundacion-caja-rural-del-sur\\\/#primaryimage\"},\"thumbnailUrl\":\"https:\\\/\\\/fundacioncajaruraldelsur.com\\\/wp-content\\\/uploads\\\/2025\\\/03\\\/250320.-Intervencion-del-presidente-de-Caja-Rural-del-Sur-y-su-Fundacion-en-la-presentacion-del-libro-e1742484093613.jpg\",\"datePublished\":\"2025-03-20T15:20:10+00:00\",\"dateModified\":\"2025-03-20T15:27:27+00:00\",\"author\":{\"@id\":\"https:\\\/\\\/fundacioncajaruraldelsur.com\\\/#\\\/schema\\\/person\\\/f430da9fb783d505ff061ad8b3d44577\"},\"breadcrumb\":{\"@id\":\"https:\\\/\\\/fundacioncajaruraldelsur.com\\\/presentado-en-el-rocio-el-libro-carmen-laffon-y-el-coto-de-donana-editado-por-la-fundacion-caja-rural-del-sur\\\/#breadcrumb\"},\"inLanguage\":\"pt-PT\",\"potentialAction\":[{\"@type\":\"ReadAction\",\"target\":[\"https:\\\/\\\/fundacioncajaruraldelsur.com\\\/presentado-en-el-rocio-el-libro-carmen-laffon-y-el-coto-de-donana-editado-por-la-fundacion-caja-rural-del-sur\\\/\"]}]},{\"@type\":\"ImageObject\",\"inLanguage\":\"pt-PT\",\"@id\":\"https:\\\/\\\/fundacioncajaruraldelsur.com\\\/presentado-en-el-rocio-el-libro-carmen-laffon-y-el-coto-de-donana-editado-por-la-fundacion-caja-rural-del-sur\\\/#primaryimage\",\"url\":\"https:\\\/\\\/fundacioncajaruraldelsur.com\\\/wp-content\\\/uploads\\\/2025\\\/03\\\/250320.-Intervencion-del-presidente-de-Caja-Rural-del-Sur-y-su-Fundacion-en-la-presentacion-del-libro-e1742484093613.jpg\",\"contentUrl\":\"https:\\\/\\\/fundacioncajaruraldelsur.com\\\/wp-content\\\/uploads\\\/2025\\\/03\\\/250320.-Intervencion-del-presidente-de-Caja-Rural-del-Sur-y-su-Fundacion-en-la-presentacion-del-libro-e1742484093613.jpg\",\"width\":1200,\"height\":1042},{\"@type\":\"BreadcrumbList\",\"@id\":\"https:\\\/\\\/fundacioncajaruraldelsur.com\\\/presentado-en-el-rocio-el-libro-carmen-laffon-y-el-coto-de-donana-editado-por-la-fundacion-caja-rural-del-sur\\\/#breadcrumb\",\"itemListElement\":[{\"@type\":\"ListItem\",\"position\":1,\"name\":\"Portada\",\"item\":\"https:\\\/\\\/fundacioncajaruraldelsur.com\\\/\"},{\"@type\":\"ListItem\",\"position\":2,\"name\":\"Presentado en El Roc\u00edo el libro \u2018Carmen Laff\u00f3n y el coto de Do\u00f1ana\u2019 editado por la Fundaci\u00f3n Caja Rural del Sur\"}]},{\"@type\":\"WebSite\",\"@id\":\"https:\\\/\\\/fundacioncajaruraldelsur.com\\\/#website\",\"url\":\"https:\\\/\\\/fundacioncajaruraldelsur.com\\\/\",\"name\":\"Fundaci\u00f3n Caja Rural del Sur\",\"description\":\"\",\"potentialAction\":[{\"@type\":\"SearchAction\",\"target\":{\"@type\":\"EntryPoint\",\"urlTemplate\":\"https:\\\/\\\/fundacioncajaruraldelsur.com\\\/?s={search_term_string}\"},\"query-input\":{\"@type\":\"PropertyValueSpecification\",\"valueRequired\":true,\"valueName\":\"search_term_string\"}}],\"inLanguage\":\"pt-PT\"},{\"@type\":\"Person\",\"@id\":\"https:\\\/\\\/fundacioncajaruraldelsur.com\\\/#\\\/schema\\\/person\\\/f430da9fb783d505ff061ad8b3d44577\",\"name\":\"Comunicaci\u00f3n\",\"image\":{\"@type\":\"ImageObject\",\"inLanguage\":\"pt-PT\",\"@id\":\"https:\\\/\\\/secure.gravatar.com\\\/avatar\\\/0dca239875993680bac4603ad2de7942da018f52cc3a244578e0b3b09314a8d8?s=96&d=blank&r=g\",\"url\":\"https:\\\/\\\/secure.gravatar.com\\\/avatar\\\/0dca239875993680bac4603ad2de7942da018f52cc3a244578e0b3b09314a8d8?s=96&d=blank&r=g\",\"contentUrl\":\"https:\\\/\\\/secure.gravatar.com\\\/avatar\\\/0dca239875993680bac4603ad2de7942da018f52cc3a244578e0b3b09314a8d8?s=96&d=blank&r=g\",\"caption\":\"Comunicaci\u00f3n\"}}]}<\/script>\n<!-- \/ Yoast SEO plugin. -->","yoast_head_json":{"title":"Presentado en El Roc\u00edo el libro \u2018Carmen Laff\u00f3n y el coto de Do\u00f1ana\u2019 editado por la Fundaci\u00f3n Caja Rural del Sur - Fundaci\u00f3n Caja Rural del Sur","robots":{"index":"index","follow":"follow","max-snippet":"max-snippet:-1","max-image-preview":"max-image-preview:large","max-video-preview":"max-video-preview:-1"},"canonical":"https:\/\/fundacioncajaruraldelsur.com\/pt\/presentado-en-el-rocio-el-libro-carmen-laffon-y-el-coto-de-donana-editado-por-la-fundacion-caja-rural-del-sur\/","og_locale":"pt_PT","og_type":"article","og_title":"Presentado en El Roc\u00edo el libro \u2018Carmen Laff\u00f3n y el coto de Do\u00f1ana\u2019 editado por la Fundaci\u00f3n Caja Rural del Sur - Fundaci\u00f3n Caja Rural del Sur","og_description":"El Hotel La Malvas\u00eda, en El Roc\u00edo, ha acogido la presentaci\u00f3n del libro \u2018Carmen Laff\u00f3n y el coto de Do\u00f1ana\u2019, una obra editada por la Fundaci\u00f3n Caja Rural del Sur [&hellip;]","og_url":"https:\/\/fundacioncajaruraldelsur.com\/pt\/presentado-en-el-rocio-el-libro-carmen-laffon-y-el-coto-de-donana-editado-por-la-fundacion-caja-rural-del-sur\/","og_site_name":"Fundaci\u00f3n Caja Rural del Sur","article_published_time":"2025-03-20T15:20:10+00:00","article_modified_time":"2025-03-20T15:27:27+00:00","og_image":[{"width":1200,"height":1042,"url":"https:\/\/fundacioncajaruraldelsur.com\/wp-content\/uploads\/2025\/03\/250320.-Intervencion-del-presidente-de-Caja-Rural-del-Sur-y-su-Fundacion-en-la-presentacion-del-libro-e1742484093613.jpg","type":"image\/jpeg"}],"author":"Comunicaci\u00f3n","twitter_card":"summary_large_image","twitter_misc":{"Written by":"Comunicaci\u00f3n","Est. reading time":"2 minutes"},"schema":{"@context":"https:\/\/schema.org","@graph":[{"@type":"Article","@id":"https:\/\/fundacioncajaruraldelsur.com\/presentado-en-el-rocio-el-libro-carmen-laffon-y-el-coto-de-donana-editado-por-la-fundacion-caja-rural-del-sur\/#article","isPartOf":{"@id":"https:\/\/fundacioncajaruraldelsur.com\/presentado-en-el-rocio-el-libro-carmen-laffon-y-el-coto-de-donana-editado-por-la-fundacion-caja-rural-del-sur\/"},"author":{"name":"Comunicaci\u00f3n","@id":"https:\/\/fundacioncajaruraldelsur.com\/#\/schema\/person\/f430da9fb783d505ff061ad8b3d44577"},"headline":"Presentado en El Roc\u00edo el libro \u2018Carmen Laff\u00f3n y el coto de Do\u00f1ana\u2019 editado por la Fundaci\u00f3n Caja Rural del Sur","datePublished":"2025-03-20T15:20:10+00:00","dateModified":"2025-03-20T15:27:27+00:00","mainEntityOfPage":{"@id":"https:\/\/fundacioncajaruraldelsur.com\/presentado-en-el-rocio-el-libro-carmen-laffon-y-el-coto-de-donana-editado-por-la-fundacion-caja-rural-del-sur\/"},"wordCount":364,"image":{"@id":"https:\/\/fundacioncajaruraldelsur.com\/presentado-en-el-rocio-el-libro-carmen-laffon-y-el-coto-de-donana-editado-por-la-fundacion-caja-rural-del-sur\/#primaryimage"},"thumbnailUrl":"https:\/\/fundacioncajaruraldelsur.com\/wp-content\/uploads\/2025\/03\/250320.-Intervencion-del-presidente-de-Caja-Rural-del-Sur-y-su-Fundacion-en-la-presentacion-del-libro-e1742484093613.jpg","articleSection":["Presentaciones"],"inLanguage":"pt-PT"},{"@type":"WebPage","@id":"https:\/\/fundacioncajaruraldelsur.com\/presentado-en-el-rocio-el-libro-carmen-laffon-y-el-coto-de-donana-editado-por-la-fundacion-caja-rural-del-sur\/","url":"https:\/\/fundacioncajaruraldelsur.com\/presentado-en-el-rocio-el-libro-carmen-laffon-y-el-coto-de-donana-editado-por-la-fundacion-caja-rural-del-sur\/","name":"Presentado en El Roc\u00edo el libro \u2018Carmen Laff\u00f3n y el coto de Do\u00f1ana\u2019 editado por la Fundaci\u00f3n Caja Rural del Sur - Fundaci\u00f3n Caja Rural del Sur","isPartOf":{"@id":"https:\/\/fundacioncajaruraldelsur.com\/#website"},"primaryImageOfPage":{"@id":"https:\/\/fundacioncajaruraldelsur.com\/presentado-en-el-rocio-el-libro-carmen-laffon-y-el-coto-de-donana-editado-por-la-fundacion-caja-rural-del-sur\/#primaryimage"},"image":{"@id":"https:\/\/fundacioncajaruraldelsur.com\/presentado-en-el-rocio-el-libro-carmen-laffon-y-el-coto-de-donana-editado-por-la-fundacion-caja-rural-del-sur\/#primaryimage"},"thumbnailUrl":"https:\/\/fundacioncajaruraldelsur.com\/wp-content\/uploads\/2025\/03\/250320.-Intervencion-del-presidente-de-Caja-Rural-del-Sur-y-su-Fundacion-en-la-presentacion-del-libro-e1742484093613.jpg","datePublished":"2025-03-20T15:20:10+00:00","dateModified":"2025-03-20T15:27:27+00:00","author":{"@id":"https:\/\/fundacioncajaruraldelsur.com\/#\/schema\/person\/f430da9fb783d505ff061ad8b3d44577"},"breadcrumb":{"@id":"https:\/\/fundacioncajaruraldelsur.com\/presentado-en-el-rocio-el-libro-carmen-laffon-y-el-coto-de-donana-editado-por-la-fundacion-caja-rural-del-sur\/#breadcrumb"},"inLanguage":"pt-PT","potentialAction":[{"@type":"ReadAction","target":["https:\/\/fundacioncajaruraldelsur.com\/presentado-en-el-rocio-el-libro-carmen-laffon-y-el-coto-de-donana-editado-por-la-fundacion-caja-rural-del-sur\/"]}]},{"@type":"ImageObject","inLanguage":"pt-PT","@id":"https:\/\/fundacioncajaruraldelsur.com\/presentado-en-el-rocio-el-libro-carmen-laffon-y-el-coto-de-donana-editado-por-la-fundacion-caja-rural-del-sur\/#primaryimage","url":"https:\/\/fundacioncajaruraldelsur.com\/wp-content\/uploads\/2025\/03\/250320.-Intervencion-del-presidente-de-Caja-Rural-del-Sur-y-su-Fundacion-en-la-presentacion-del-libro-e1742484093613.jpg","contentUrl":"https:\/\/fundacioncajaruraldelsur.com\/wp-content\/uploads\/2025\/03\/250320.-Intervencion-del-presidente-de-Caja-Rural-del-Sur-y-su-Fundacion-en-la-presentacion-del-libro-e1742484093613.jpg","width":1200,"height":1042},{"@type":"BreadcrumbList","@id":"https:\/\/fundacioncajaruraldelsur.com\/presentado-en-el-rocio-el-libro-carmen-laffon-y-el-coto-de-donana-editado-por-la-fundacion-caja-rural-del-sur\/#breadcrumb","itemListElement":[{"@type":"ListItem","position":1,"name":"Portada","item":"https:\/\/fundacioncajaruraldelsur.com\/"},{"@type":"ListItem","position":2,"name":"Presentado en El Roc\u00edo el libro \u2018Carmen Laff\u00f3n y el coto de Do\u00f1ana\u2019 editado por la Fundaci\u00f3n Caja Rural del Sur"}]},{"@type":"WebSite","@id":"https:\/\/fundacioncajaruraldelsur.com\/#website","url":"https:\/\/fundacioncajaruraldelsur.com\/","name":"Funda\u00e7\u00e3o Caja Rural del Sur","description":"","potentialAction":[{"@type":"SearchAction","target":{"@type":"EntryPoint","urlTemplate":"https:\/\/fundacioncajaruraldelsur.com\/?s={search_term_string}"},"query-input":{"@type":"PropertyValueSpecification","valueRequired":true,"valueName":"search_term_string"}}],"inLanguage":"pt-PT"},{"@type":"Person","@id":"https:\/\/fundacioncajaruraldelsur.com\/#\/schema\/person\/f430da9fb783d505ff061ad8b3d44577","name":"Comunicaci\u00f3n","image":{"@type":"ImageObject","inLanguage":"pt-PT","@id":"https:\/\/secure.gravatar.com\/avatar\/0dca239875993680bac4603ad2de7942da018f52cc3a244578e0b3b09314a8d8?s=96&d=blank&r=g","url":"https:\/\/secure.gravatar.com\/avatar\/0dca239875993680bac4603ad2de7942da018f52cc3a244578e0b3b09314a8d8?s=96&d=blank&r=g","contentUrl":"https:\/\/secure.gravatar.com\/avatar\/0dca239875993680bac4603ad2de7942da018f52cc3a244578e0b3b09314a8d8?s=96&d=blank&r=g","caption":"Comunicaci\u00f3n"}}]}},"rttpg_featured_image_url":{"full":["https:\/\/fundacioncajaruraldelsur.com\/wp-content\/uploads\/2025\/03\/250320.-Intervencion-del-presidente-de-Caja-Rural-del-Sur-y-su-Fundacion-en-la-presentacion-del-libro-e1742484093613.jpg",1200,1042,false],"landscape":["https:\/\/fundacioncajaruraldelsur.com\/wp-content\/uploads\/2025\/03\/250320.-Intervencion-del-presidente-de-Caja-Rural-del-Sur-y-su-Fundacion-en-la-presentacion-del-libro-e1742484093613.jpg",1200,1042,false],"portraits":["https:\/\/fundacioncajaruraldelsur.com\/wp-content\/uploads\/2025\/03\/250320.-Intervencion-del-presidente-de-Caja-Rural-del-Sur-y-su-Fundacion-en-la-presentacion-del-libro-e1742484093613.jpg",1200,1042,false],"thumbnail":["https:\/\/fundacioncajaruraldelsur.com\/wp-content\/uploads\/2025\/03\/250320.-Intervencion-del-presidente-de-Caja-Rural-del-Sur-y-su-Fundacion-en-la-presentacion-del-libro-e1742484093613-150x150.jpg",150,150,true],"medium":["https:\/\/fundacioncajaruraldelsur.com\/wp-content\/uploads\/2025\/03\/250320.-Intervencion-del-presidente-de-Caja-Rural-del-Sur-y-su-Fundacion-en-la-presentacion-del-libro-e1742484093613-300x261.jpg",300,261,true],"large":["https:\/\/fundacioncajaruraldelsur.com\/wp-content\/uploads\/2025\/03\/250320.-Intervencion-del-presidente-de-Caja-Rural-del-Sur-y-su-Fundacion-en-la-presentacion-del-libro-e1742484093613-1024x889.jpg",960,833,true],"1536x1536":["https:\/\/fundacioncajaruraldelsur.com\/wp-content\/uploads\/2025\/03\/250320.-Intervencion-del-presidente-de-Caja-Rural-del-Sur-y-su-Fundacion-en-la-presentacion-del-libro-1152x1536.jpg",1152,1536,true],"2048x2048":["https:\/\/fundacioncajaruraldelsur.com\/wp-content\/uploads\/2025\/03\/250320.-Intervencion-del-presidente-de-Caja-Rural-del-Sur-y-su-Fundacion-en-la-presentacion-del-libro-e1742484093613.jpg",1200,1042,false],"trp-custom-language-flag":["https:\/\/fundacioncajaruraldelsur.com\/wp-content\/uploads\/2025\/03\/250320.-Intervencion-del-presidente-de-Caja-Rural-del-Sur-y-su-Fundacion-en-la-presentacion-del-libro-e1742484093613.jpg",14,12,false],"blog-thumbnail":["https:\/\/fundacioncajaruraldelsur.com\/wp-content\/uploads\/2025\/03\/250320.-Intervencion-del-presidente-de-Caja-Rural-del-Sur-y-su-Fundacion-en-la-presentacion-del-libro-e1742484093613-400x200.jpg",400,200,true]},"rttpg_author":{"display_name":"Comunicaci\u00f3n","author_link":"https:\/\/fundacioncajaruraldelsur.com\/pt\/author\/sevillaadmin\/"},"rttpg_comment":0,"rttpg_category":"<a href=\"https:\/\/fundacioncajaruraldelsur.com\/pt\/category\/presentaciones\/\" rel=\"category tag\">Presentaciones<\/a>","rttpg_excerpt":"El Hotel La Malvas\u00eda, en El Roc\u00edo, ha acogido la presentaci\u00f3n del libro \u2018Carmen Laff\u00f3n y el coto de Do\u00f1ana\u2019, una obra editada por la Fundaci\u00f3n Caja Rural del Sur [&hellip;]","_links":{"self":[{"href":"https:\/\/fundacioncajaruraldelsur.com\/pt\/wp-json\/wp\/v2\/posts\/10994","targetHints":{"allow":["GET"]}}],"collection":[{"href":"https:\/\/fundacioncajaruraldelsur.com\/pt\/wp-json\/wp\/v2\/posts"}],"about":[{"href":"https:\/\/fundacioncajaruraldelsur.com\/pt\/wp-json\/wp\/v2\/types\/post"}],"author":[{"embeddable":true,"href":"https:\/\/fundacioncajaruraldelsur.com\/pt\/wp-json\/wp\/v2\/users\/6"}],"replies":[{"embeddable":true,"href":"https:\/\/fundacioncajaruraldelsur.com\/pt\/wp-json\/wp\/v2\/comments?post=10994"}],"version-history":[{"count":1,"href":"https:\/\/fundacioncajaruraldelsur.com\/pt\/wp-json\/wp\/v2\/posts\/10994\/revisions"}],"predecessor-version":[{"id":10996,"href":"https:\/\/fundacioncajaruraldelsur.com\/pt\/wp-json\/wp\/v2\/posts\/10994\/revisions\/10996"}],"wp:featuredmedia":[{"embeddable":true,"href":"https:\/\/fundacioncajaruraldelsur.com\/pt\/wp-json\/wp\/v2\/media\/10995"}],"wp:attachment":[{"href":"https:\/\/fundacioncajaruraldelsur.com\/pt\/wp-json\/wp\/v2\/media?parent=10994"}],"wp:term":[{"taxonomy":"category","embeddable":true,"href":"https:\/\/fundacioncajaruraldelsur.com\/pt\/wp-json\/wp\/v2\/categories?post=10994"},{"taxonomy":"post_tag","embeddable":true,"href":"https:\/\/fundacioncajaruraldelsur.com\/pt\/wp-json\/wp\/v2\/tags?post=10994"}],"curies":[{"name":"wp","href":"https:\/\/api.w.org\/{rel}","templated":true}]}}