{"id":10982,"date":"2025-03-18T18:32:41","date_gmt":"2025-03-18T17:32:41","guid":{"rendered":"https:\/\/fundacioncajaruraldelsur.com\/?p=10982"},"modified":"2025-03-18T18:32:41","modified_gmt":"2025-03-18T17:32:41","slug":"diegotejada-y-claudia-dominguez-en-los-conciertos-liricos-de-fundacion-caja-rural-del-sur","status":"publish","type":"post","link":"https:\/\/fundacioncajaruraldelsur.com\/pt\/diegotejada-y-claudia-dominguez-en-los-conciertos-liricos-de-fundacion-caja-rural-del-sur\/","title":{"rendered":"DiegoTejada y Claudia Dom\u00ednguez en los Conciertos L\u00edricos de Fundaci\u00f3n Caja Rural del Sur"},"content":{"rendered":"<p><strong>La soprano Claudia Dom\u00ednguez y el tenor Diego Tejada, acompa\u00f1ados de Inma Dom\u00ednuez al piano y Laura Fern\u00e1ndez al viol\u00edn intervendr\u00e1n en la noche de este jueves, d\u00eda 20 de marzo,<\/strong> <strong>a las 20:00 horas, en los Conciertos L\u00edricos que promueve Fundaci\u00f3n Caja Rural del Sur con la Asociaci\u00f3n Musical Teatro L\u00edrico de Huelva.<\/strong><\/p>\n<p>Como es habitual ser\u00e1 el sal\u00f3n de actos del Centro Cultural \u2018Jos\u00e9 Luis Garc\u00eda Palacios\u2019 el escenario para este nuevo encuentro con la m\u00fasica y el canto y la recaudaci\u00f3n de la entrada ser\u00e1 destinada, como siempre, a obras ben\u00e9ficas, en este caso a las Hermanas de la Cruz. \u00a0Las entradas est\u00e1n ya a disposici\u00f3n del p\u00fablico en la Sala de Exposiciones del mencionado Centro Cultural en la calle Mora Claros, en horario de 11,00 a 13,00 horas.<\/p>\n<p>El tenor Diego Tejada ha sido un gran aficionado a la m\u00fasica y, en especial, al canto desde muy peque\u00f1o. Ha formado parte como cantante y solista en varias agrupaciones, como el coro de la Escuela de M\u00fasica de Punta Umbr\u00eda y tambi\u00e9n como percusionista en la banda de m\u00fasica Ntra Sra de la Cinta en Huelva. Pero no es hasta los 34 a\u00f1os que decide cursar estudios de m\u00fasica y canto en la escuela de m\u00fasica de Espartinas y posteriormente en el Conservatorio Profesional de Huelva, en el actualmente se encuentra realizando el 4\u00ba curso de ense\u00f1anzas profesionales de canto como tenor. En estos a\u00f1os ha formado parte como cantante y tenor solista en agrupaciones como el cuarteto vocal \u201cCantare aude\u201d y la Coral Colombina Onubense, en la que participa actualmente.<\/p>\n<p>Por su parte, la soprano Claudia Dom\u00ednguez es una joven m\u00fasica en formaci\u00f3n, especializada en piano y canto. Actualmente, cursa el \u00faltimo a\u00f1o del grado profesional de piano y el cuarto a\u00f1o del grado profesional de canto. Su trayectoria musical comenz\u00f3 a los 6 a\u00f1os en la Escuela Municipal de M\u00fasica de Zalamea la Real, accediendo al conservatorio a los 8 a\u00f1os en la especialidad de piano. En 2021, con tan solo 14 a\u00f1os, inici\u00f3 su formaci\u00f3n profesional en canto. Ha participado en numerosos conciertos y eventos, destacando su actuaci\u00f3n como solista en el espect\u00e1culo \u201cUn paso por los ochenta\u201d, dirigido por Jos\u00e9 Ra\u00fal Llanes.<\/p>\n<p>Inma Dom\u00ednguez realiza sus estudios profesionales de m\u00fasica en el Conservatorio Javier Perianes y es diplomada en Educaci\u00f3n Musical por la Universidad de Huelva. Durante este periodo, trabaja como pianista acompa\u00f1ante a la vez que complementa su formaci\u00f3n pian\u00edstica con Javier Herreros, Alexander Kandelaki y Rolland Pr\u00f6ll. Asimismo, tambi\u00e9n se forma en pedagog\u00eda musical, expresi\u00f3n corporal y teatro de la mano de Jos\u00e9 Posada, Jorge Rodrigo, Alfredo Mantovani y Mayi Chambeau.<\/p>\n<p>En 2005 ingresa en el Conservatorio Superior Manuel Castillo (Sevilla), donde finalizar\u00e1 su licenciatura en piano. Paralelamente, asiste a cursos de perfeccionamiento de piano y m\u00fasica de c\u00e1mara de la mano de Ram\u00f3n Coll, Guillermo Gonz\u00e1lez, \u00d3scar Mart\u00edn, Jorge Chamin\u00e9, Marie-Fran\u00e7ois Bucquet, Vsevolod Dvorkin y Edward Wolanin. Tras finalizar sus estudios superiores, obtiene el M\u00e1ster en Educaci\u00f3n Musical infantil impartido por la UNIA y la Fundaci\u00f3n Barenboim \u2013 Said, a la vez que asiste a cursos de pedagog\u00eda musical en Educom\u00fasica y con Marisa P\u00e9rez.<\/p>\n<p>Desde 2009 es pianista acompa\u00f1ante y profesora de piano, entre otras asignaturas, en las escuelas de M\u00fasica de San Jos\u00e9 de la Rinconada, Educom\u00fasica, Escuela Municipal de Espartinas y en la Fundaci\u00f3n Barenboim\u2013Said, as\u00ed como en el Conservatorio Profesional de M\u00fasica Francisco Guerrero de Sevilla.<\/p>\n<p>Finalmente, Laura Fern\u00e1ndez inicia su formaci\u00f3n en viol\u00edn a los 6 a\u00f1os en la Fundaci\u00f3n Barenboim-Said y contin\u00faa en el Conservatorio de Valverde del Camino, destacando con excelentes calificaciones. Ha recibido clases de reconocidos profesores y catedr\u00e1ticos como Valent\u00edn S\u00e1nchez y Alejandro Bustamante.<\/p>\n<p>Premiada en el Concurso Internacional de Bandas Sonoras de Isla Cristina y en el Concurso de M\u00fasica de C\u00e1mara de Valverde del Camino, ingresa en la Orquesta Joven de Andaluc\u00eda (2021) con solo 14 a\u00f1os. En 2022 se une a la ROSS Joven y a la Orquesta Cl\u00e1sica de Huelva.<\/p>\n<p><strong>El programa del concierto de este mes de marzo est\u00e1 compuesto por:<\/strong><\/p>\n<p><strong>PRIMERA PARTE:<\/strong><\/p>\n<p>Venid al alba (P. Garc\u00eda Baena y R. Medina)<\/p>\n<p>Mi t\u00edo se figura (Roperto Rab\u00ed)<\/p>\n<p>Svegliatevi nel core &#8211; Giulio Cesare (G.F Handel)<\/p>\n<p>Saper vorreste. Un ballo in Maschera (Verdi)<\/p>\n<p>Marchaba a ser soldado &#8211; Luisa Fernanda (F. Moreno Torroba)<\/p>\n<p>Las morillas de Ja\u00e9n. An\u00f3nimo<\/p>\n<p>Duetto buffo di due gatti (G. Rossini)<\/p>\n<p><strong>SEGUNDA PARTE<\/strong>:<\/p>\n<p>\u2018O Sole mio (Alfredo Mazzucchi y Eduardo di Capua)<\/p>\n<p>L\u2019ho perduta. Le nozze di Figaro (Mozart)<\/p>\n<p>De este apacible rinc\u00f3n de Madrid &#8211; Luisa Fernanda (F. Moreno Torroba)<\/p>\n<p>Se florindo e fedele. (Scarlatti)<\/p>\n<p>Che gelida manina &#8211; La boheme (G. Puccini)<\/p>\n<p>La preghiera e la mercede. Mart\u00edn y Soler<\/p>\n<p>Vesti la giubba &#8211; I Pagliacc (R. Leoncavallo)<\/p>\n<p>Nel cor piu non mi sento (G. Paisiello)<\/p>\n<p>Bis: Brindisi &#8211; La traviata (Verdi)<\/p>","protected":false},"excerpt":{"rendered":"<p>La soprano Claudia Dom\u00ednguez y el tenor Diego Tejada, acompa\u00f1ados de Inma Dom\u00ednuez al piano y Laura Fern\u00e1ndez al viol\u00edn intervendr\u00e1n en la noche de este jueves, d\u00eda 20 de [&hellip;]<\/p>\n","protected":false},"author":6,"featured_media":10983,"comment_status":"closed","ping_status":"closed","sticky":false,"template":"","format":"standard","meta":{"footnotes":""},"categories":[75],"tags":[],"class_list":["post-10982","post","type-post","status-publish","format-standard","has-post-thumbnail","hentry","category-concierto"],"yoast_head":"<!-- This site is optimized with the Yoast SEO plugin v27.3 - https:\/\/yoast.com\/product\/yoast-seo-wordpress\/ -->\n<title>DiegoTejada y Claudia Dom\u00ednguez en los Conciertos L\u00edricos de Fundaci\u00f3n Caja Rural del Sur - Fundaci\u00f3n Caja Rural del Sur<\/title>\n<meta name=\"robots\" content=\"index, follow, max-snippet:-1, max-image-preview:large, max-video-preview:-1\" \/>\n<link rel=\"canonical\" href=\"https:\/\/fundacioncajaruraldelsur.com\/pt\/diegotejada-y-claudia-dominguez-en-los-conciertos-liricos-de-fundacion-caja-rural-del-sur\/\" \/>\n<meta property=\"og:locale\" content=\"pt_PT\" \/>\n<meta property=\"og:type\" content=\"article\" \/>\n<meta property=\"og:title\" content=\"DiegoTejada y Claudia Dom\u00ednguez en los Conciertos L\u00edricos de Fundaci\u00f3n Caja Rural del Sur - Fundaci\u00f3n Caja Rural del Sur\" \/>\n<meta property=\"og:description\" content=\"La soprano Claudia Dom\u00ednguez y el tenor Diego Tejada, acompa\u00f1ados de Inma Dom\u00ednuez al piano y Laura Fern\u00e1ndez al viol\u00edn intervendr\u00e1n en la noche de este jueves, d\u00eda 20 de [&hellip;]\" \/>\n<meta property=\"og:url\" content=\"https:\/\/fundacioncajaruraldelsur.com\/pt\/diegotejada-y-claudia-dominguez-en-los-conciertos-liricos-de-fundacion-caja-rural-del-sur\/\" \/>\n<meta property=\"og:site_name\" content=\"Fundaci\u00f3n Caja Rural del Sur\" \/>\n<meta property=\"article:published_time\" content=\"2025-03-18T17:32:41+00:00\" \/>\n<meta property=\"og:image\" content=\"https:\/\/fundacioncajaruraldelsur.com\/wp-content\/uploads\/2025\/03\/Captura-de-pantalla-2025-03-18-183026.png\" \/>\n\t<meta property=\"og:image:width\" content=\"702\" \/>\n\t<meta property=\"og:image:height\" content=\"538\" \/>\n\t<meta property=\"og:image:type\" content=\"image\/png\" \/>\n<meta name=\"author\" content=\"Comunicaci\u00f3n\" \/>\n<meta name=\"twitter:card\" content=\"summary_large_image\" \/>\n<meta name=\"twitter:label1\" content=\"Written by\" \/>\n\t<meta name=\"twitter:data1\" content=\"Comunicaci\u00f3n\" \/>\n\t<meta name=\"twitter:label2\" content=\"Est. reading time\" \/>\n\t<meta name=\"twitter:data2\" content=\"4 minutes\" \/>\n<script type=\"application\/ld+json\" class=\"yoast-schema-graph\">{\"@context\":\"https:\\\/\\\/schema.org\",\"@graph\":[{\"@type\":\"Article\",\"@id\":\"https:\\\/\\\/fundacioncajaruraldelsur.com\\\/diegotejada-y-claudia-dominguez-en-los-conciertos-liricos-de-fundacion-caja-rural-del-sur\\\/#article\",\"isPartOf\":{\"@id\":\"https:\\\/\\\/fundacioncajaruraldelsur.com\\\/diegotejada-y-claudia-dominguez-en-los-conciertos-liricos-de-fundacion-caja-rural-del-sur\\\/\"},\"author\":{\"name\":\"Comunicaci\u00f3n\",\"@id\":\"https:\\\/\\\/fundacioncajaruraldelsur.com\\\/#\\\/schema\\\/person\\\/f430da9fb783d505ff061ad8b3d44577\"},\"headline\":\"DiegoTejada y Claudia Dom\u00ednguez en los Conciertos L\u00edricos de Fundaci\u00f3n Caja Rural del Sur\",\"datePublished\":\"2025-03-18T17:32:41+00:00\",\"mainEntityOfPage\":{\"@id\":\"https:\\\/\\\/fundacioncajaruraldelsur.com\\\/diegotejada-y-claudia-dominguez-en-los-conciertos-liricos-de-fundacion-caja-rural-del-sur\\\/\"},\"wordCount\":895,\"image\":{\"@id\":\"https:\\\/\\\/fundacioncajaruraldelsur.com\\\/diegotejada-y-claudia-dominguez-en-los-conciertos-liricos-de-fundacion-caja-rural-del-sur\\\/#primaryimage\"},\"thumbnailUrl\":\"https:\\\/\\\/fundacioncajaruraldelsur.com\\\/wp-content\\\/uploads\\\/2025\\\/03\\\/Captura-de-pantalla-2025-03-18-183026.png\",\"articleSection\":[\"Concierto\"],\"inLanguage\":\"pt-PT\"},{\"@type\":\"WebPage\",\"@id\":\"https:\\\/\\\/fundacioncajaruraldelsur.com\\\/diegotejada-y-claudia-dominguez-en-los-conciertos-liricos-de-fundacion-caja-rural-del-sur\\\/\",\"url\":\"https:\\\/\\\/fundacioncajaruraldelsur.com\\\/diegotejada-y-claudia-dominguez-en-los-conciertos-liricos-de-fundacion-caja-rural-del-sur\\\/\",\"name\":\"DiegoTejada y Claudia Dom\u00ednguez en los Conciertos L\u00edricos de Fundaci\u00f3n Caja Rural del Sur - Fundaci\u00f3n Caja Rural del Sur\",\"isPartOf\":{\"@id\":\"https:\\\/\\\/fundacioncajaruraldelsur.com\\\/#website\"},\"primaryImageOfPage\":{\"@id\":\"https:\\\/\\\/fundacioncajaruraldelsur.com\\\/diegotejada-y-claudia-dominguez-en-los-conciertos-liricos-de-fundacion-caja-rural-del-sur\\\/#primaryimage\"},\"image\":{\"@id\":\"https:\\\/\\\/fundacioncajaruraldelsur.com\\\/diegotejada-y-claudia-dominguez-en-los-conciertos-liricos-de-fundacion-caja-rural-del-sur\\\/#primaryimage\"},\"thumbnailUrl\":\"https:\\\/\\\/fundacioncajaruraldelsur.com\\\/wp-content\\\/uploads\\\/2025\\\/03\\\/Captura-de-pantalla-2025-03-18-183026.png\",\"datePublished\":\"2025-03-18T17:32:41+00:00\",\"author\":{\"@id\":\"https:\\\/\\\/fundacioncajaruraldelsur.com\\\/#\\\/schema\\\/person\\\/f430da9fb783d505ff061ad8b3d44577\"},\"breadcrumb\":{\"@id\":\"https:\\\/\\\/fundacioncajaruraldelsur.com\\\/diegotejada-y-claudia-dominguez-en-los-conciertos-liricos-de-fundacion-caja-rural-del-sur\\\/#breadcrumb\"},\"inLanguage\":\"pt-PT\",\"potentialAction\":[{\"@type\":\"ReadAction\",\"target\":[\"https:\\\/\\\/fundacioncajaruraldelsur.com\\\/diegotejada-y-claudia-dominguez-en-los-conciertos-liricos-de-fundacion-caja-rural-del-sur\\\/\"]}]},{\"@type\":\"ImageObject\",\"inLanguage\":\"pt-PT\",\"@id\":\"https:\\\/\\\/fundacioncajaruraldelsur.com\\\/diegotejada-y-claudia-dominguez-en-los-conciertos-liricos-de-fundacion-caja-rural-del-sur\\\/#primaryimage\",\"url\":\"https:\\\/\\\/fundacioncajaruraldelsur.com\\\/wp-content\\\/uploads\\\/2025\\\/03\\\/Captura-de-pantalla-2025-03-18-183026.png\",\"contentUrl\":\"https:\\\/\\\/fundacioncajaruraldelsur.com\\\/wp-content\\\/uploads\\\/2025\\\/03\\\/Captura-de-pantalla-2025-03-18-183026.png\",\"width\":702,\"height\":538},{\"@type\":\"BreadcrumbList\",\"@id\":\"https:\\\/\\\/fundacioncajaruraldelsur.com\\\/diegotejada-y-claudia-dominguez-en-los-conciertos-liricos-de-fundacion-caja-rural-del-sur\\\/#breadcrumb\",\"itemListElement\":[{\"@type\":\"ListItem\",\"position\":1,\"name\":\"Portada\",\"item\":\"https:\\\/\\\/fundacioncajaruraldelsur.com\\\/\"},{\"@type\":\"ListItem\",\"position\":2,\"name\":\"DiegoTejada y Claudia Dom\u00ednguez en los Conciertos L\u00edricos de Fundaci\u00f3n Caja Rural del Sur\"}]},{\"@type\":\"WebSite\",\"@id\":\"https:\\\/\\\/fundacioncajaruraldelsur.com\\\/#website\",\"url\":\"https:\\\/\\\/fundacioncajaruraldelsur.com\\\/\",\"name\":\"Fundaci\u00f3n Caja Rural del Sur\",\"description\":\"\",\"potentialAction\":[{\"@type\":\"SearchAction\",\"target\":{\"@type\":\"EntryPoint\",\"urlTemplate\":\"https:\\\/\\\/fundacioncajaruraldelsur.com\\\/?s={search_term_string}\"},\"query-input\":{\"@type\":\"PropertyValueSpecification\",\"valueRequired\":true,\"valueName\":\"search_term_string\"}}],\"inLanguage\":\"pt-PT\"},{\"@type\":\"Person\",\"@id\":\"https:\\\/\\\/fundacioncajaruraldelsur.com\\\/#\\\/schema\\\/person\\\/f430da9fb783d505ff061ad8b3d44577\",\"name\":\"Comunicaci\u00f3n\",\"image\":{\"@type\":\"ImageObject\",\"inLanguage\":\"pt-PT\",\"@id\":\"https:\\\/\\\/secure.gravatar.com\\\/avatar\\\/0dca239875993680bac4603ad2de7942da018f52cc3a244578e0b3b09314a8d8?s=96&d=blank&r=g\",\"url\":\"https:\\\/\\\/secure.gravatar.com\\\/avatar\\\/0dca239875993680bac4603ad2de7942da018f52cc3a244578e0b3b09314a8d8?s=96&d=blank&r=g\",\"contentUrl\":\"https:\\\/\\\/secure.gravatar.com\\\/avatar\\\/0dca239875993680bac4603ad2de7942da018f52cc3a244578e0b3b09314a8d8?s=96&d=blank&r=g\",\"caption\":\"Comunicaci\u00f3n\"}}]}<\/script>\n<!-- \/ Yoast SEO plugin. -->","yoast_head_json":{"title":"DiegoTejada y Claudia Dom\u00ednguez en los Conciertos L\u00edricos de Fundaci\u00f3n Caja Rural del Sur - Fundaci\u00f3n Caja Rural del Sur","robots":{"index":"index","follow":"follow","max-snippet":"max-snippet:-1","max-image-preview":"max-image-preview:large","max-video-preview":"max-video-preview:-1"},"canonical":"https:\/\/fundacioncajaruraldelsur.com\/pt\/diegotejada-y-claudia-dominguez-en-los-conciertos-liricos-de-fundacion-caja-rural-del-sur\/","og_locale":"pt_PT","og_type":"article","og_title":"DiegoTejada y Claudia Dom\u00ednguez en los Conciertos L\u00edricos de Fundaci\u00f3n Caja Rural del Sur - Fundaci\u00f3n Caja Rural del Sur","og_description":"La soprano Claudia Dom\u00ednguez y el tenor Diego Tejada, acompa\u00f1ados de Inma Dom\u00ednuez al piano y Laura Fern\u00e1ndez al viol\u00edn intervendr\u00e1n en la noche de este jueves, d\u00eda 20 de [&hellip;]","og_url":"https:\/\/fundacioncajaruraldelsur.com\/pt\/diegotejada-y-claudia-dominguez-en-los-conciertos-liricos-de-fundacion-caja-rural-del-sur\/","og_site_name":"Fundaci\u00f3n Caja Rural del Sur","article_published_time":"2025-03-18T17:32:41+00:00","og_image":[{"width":702,"height":538,"url":"https:\/\/fundacioncajaruraldelsur.com\/wp-content\/uploads\/2025\/03\/Captura-de-pantalla-2025-03-18-183026.png","type":"image\/png"}],"author":"Comunicaci\u00f3n","twitter_card":"summary_large_image","twitter_misc":{"Written by":"Comunicaci\u00f3n","Est. reading time":"4 minutes"},"schema":{"@context":"https:\/\/schema.org","@graph":[{"@type":"Article","@id":"https:\/\/fundacioncajaruraldelsur.com\/diegotejada-y-claudia-dominguez-en-los-conciertos-liricos-de-fundacion-caja-rural-del-sur\/#article","isPartOf":{"@id":"https:\/\/fundacioncajaruraldelsur.com\/diegotejada-y-claudia-dominguez-en-los-conciertos-liricos-de-fundacion-caja-rural-del-sur\/"},"author":{"name":"Comunicaci\u00f3n","@id":"https:\/\/fundacioncajaruraldelsur.com\/#\/schema\/person\/f430da9fb783d505ff061ad8b3d44577"},"headline":"DiegoTejada y Claudia Dom\u00ednguez en los Conciertos L\u00edricos de Fundaci\u00f3n Caja Rural del Sur","datePublished":"2025-03-18T17:32:41+00:00","mainEntityOfPage":{"@id":"https:\/\/fundacioncajaruraldelsur.com\/diegotejada-y-claudia-dominguez-en-los-conciertos-liricos-de-fundacion-caja-rural-del-sur\/"},"wordCount":895,"image":{"@id":"https:\/\/fundacioncajaruraldelsur.com\/diegotejada-y-claudia-dominguez-en-los-conciertos-liricos-de-fundacion-caja-rural-del-sur\/#primaryimage"},"thumbnailUrl":"https:\/\/fundacioncajaruraldelsur.com\/wp-content\/uploads\/2025\/03\/Captura-de-pantalla-2025-03-18-183026.png","articleSection":["Concierto"],"inLanguage":"pt-PT"},{"@type":"WebPage","@id":"https:\/\/fundacioncajaruraldelsur.com\/diegotejada-y-claudia-dominguez-en-los-conciertos-liricos-de-fundacion-caja-rural-del-sur\/","url":"https:\/\/fundacioncajaruraldelsur.com\/diegotejada-y-claudia-dominguez-en-los-conciertos-liricos-de-fundacion-caja-rural-del-sur\/","name":"DiegoTejada y Claudia Dom\u00ednguez en los Conciertos L\u00edricos de Fundaci\u00f3n Caja Rural del Sur - Fundaci\u00f3n Caja Rural del Sur","isPartOf":{"@id":"https:\/\/fundacioncajaruraldelsur.com\/#website"},"primaryImageOfPage":{"@id":"https:\/\/fundacioncajaruraldelsur.com\/diegotejada-y-claudia-dominguez-en-los-conciertos-liricos-de-fundacion-caja-rural-del-sur\/#primaryimage"},"image":{"@id":"https:\/\/fundacioncajaruraldelsur.com\/diegotejada-y-claudia-dominguez-en-los-conciertos-liricos-de-fundacion-caja-rural-del-sur\/#primaryimage"},"thumbnailUrl":"https:\/\/fundacioncajaruraldelsur.com\/wp-content\/uploads\/2025\/03\/Captura-de-pantalla-2025-03-18-183026.png","datePublished":"2025-03-18T17:32:41+00:00","author":{"@id":"https:\/\/fundacioncajaruraldelsur.com\/#\/schema\/person\/f430da9fb783d505ff061ad8b3d44577"},"breadcrumb":{"@id":"https:\/\/fundacioncajaruraldelsur.com\/diegotejada-y-claudia-dominguez-en-los-conciertos-liricos-de-fundacion-caja-rural-del-sur\/#breadcrumb"},"inLanguage":"pt-PT","potentialAction":[{"@type":"ReadAction","target":["https:\/\/fundacioncajaruraldelsur.com\/diegotejada-y-claudia-dominguez-en-los-conciertos-liricos-de-fundacion-caja-rural-del-sur\/"]}]},{"@type":"ImageObject","inLanguage":"pt-PT","@id":"https:\/\/fundacioncajaruraldelsur.com\/diegotejada-y-claudia-dominguez-en-los-conciertos-liricos-de-fundacion-caja-rural-del-sur\/#primaryimage","url":"https:\/\/fundacioncajaruraldelsur.com\/wp-content\/uploads\/2025\/03\/Captura-de-pantalla-2025-03-18-183026.png","contentUrl":"https:\/\/fundacioncajaruraldelsur.com\/wp-content\/uploads\/2025\/03\/Captura-de-pantalla-2025-03-18-183026.png","width":702,"height":538},{"@type":"BreadcrumbList","@id":"https:\/\/fundacioncajaruraldelsur.com\/diegotejada-y-claudia-dominguez-en-los-conciertos-liricos-de-fundacion-caja-rural-del-sur\/#breadcrumb","itemListElement":[{"@type":"ListItem","position":1,"name":"Portada","item":"https:\/\/fundacioncajaruraldelsur.com\/"},{"@type":"ListItem","position":2,"name":"DiegoTejada y Claudia Dom\u00ednguez en los Conciertos L\u00edricos de Fundaci\u00f3n Caja Rural del Sur"}]},{"@type":"WebSite","@id":"https:\/\/fundacioncajaruraldelsur.com\/#website","url":"https:\/\/fundacioncajaruraldelsur.com\/","name":"Funda\u00e7\u00e3o Caja Rural del Sur","description":"","potentialAction":[{"@type":"SearchAction","target":{"@type":"EntryPoint","urlTemplate":"https:\/\/fundacioncajaruraldelsur.com\/?s={search_term_string}"},"query-input":{"@type":"PropertyValueSpecification","valueRequired":true,"valueName":"search_term_string"}}],"inLanguage":"pt-PT"},{"@type":"Person","@id":"https:\/\/fundacioncajaruraldelsur.com\/#\/schema\/person\/f430da9fb783d505ff061ad8b3d44577","name":"Comunicaci\u00f3n","image":{"@type":"ImageObject","inLanguage":"pt-PT","@id":"https:\/\/secure.gravatar.com\/avatar\/0dca239875993680bac4603ad2de7942da018f52cc3a244578e0b3b09314a8d8?s=96&d=blank&r=g","url":"https:\/\/secure.gravatar.com\/avatar\/0dca239875993680bac4603ad2de7942da018f52cc3a244578e0b3b09314a8d8?s=96&d=blank&r=g","contentUrl":"https:\/\/secure.gravatar.com\/avatar\/0dca239875993680bac4603ad2de7942da018f52cc3a244578e0b3b09314a8d8?s=96&d=blank&r=g","caption":"Comunicaci\u00f3n"}}]}},"rttpg_featured_image_url":{"full":["https:\/\/fundacioncajaruraldelsur.com\/wp-content\/uploads\/2025\/03\/Captura-de-pantalla-2025-03-18-183026.png",702,538,false],"landscape":["https:\/\/fundacioncajaruraldelsur.com\/wp-content\/uploads\/2025\/03\/Captura-de-pantalla-2025-03-18-183026.png",702,538,false],"portraits":["https:\/\/fundacioncajaruraldelsur.com\/wp-content\/uploads\/2025\/03\/Captura-de-pantalla-2025-03-18-183026.png",702,538,false],"thumbnail":["https:\/\/fundacioncajaruraldelsur.com\/wp-content\/uploads\/2025\/03\/Captura-de-pantalla-2025-03-18-183026-150x150.png",150,150,true],"medium":["https:\/\/fundacioncajaruraldelsur.com\/wp-content\/uploads\/2025\/03\/Captura-de-pantalla-2025-03-18-183026-300x230.png",300,230,true],"large":["https:\/\/fundacioncajaruraldelsur.com\/wp-content\/uploads\/2025\/03\/Captura-de-pantalla-2025-03-18-183026.png",702,538,false],"1536x1536":["https:\/\/fundacioncajaruraldelsur.com\/wp-content\/uploads\/2025\/03\/Captura-de-pantalla-2025-03-18-183026.png",702,538,false],"2048x2048":["https:\/\/fundacioncajaruraldelsur.com\/wp-content\/uploads\/2025\/03\/Captura-de-pantalla-2025-03-18-183026.png",702,538,false],"trp-custom-language-flag":["https:\/\/fundacioncajaruraldelsur.com\/wp-content\/uploads\/2025\/03\/Captura-de-pantalla-2025-03-18-183026.png",16,12,false],"blog-thumbnail":["https:\/\/fundacioncajaruraldelsur.com\/wp-content\/uploads\/2025\/03\/Captura-de-pantalla-2025-03-18-183026-400x200.png",400,200,true]},"rttpg_author":{"display_name":"Comunicaci\u00f3n","author_link":"https:\/\/fundacioncajaruraldelsur.com\/pt\/author\/sevillaadmin\/"},"rttpg_comment":0,"rttpg_category":"<a href=\"https:\/\/fundacioncajaruraldelsur.com\/pt\/category\/concierto\/\" rel=\"category tag\">Concierto<\/a>","rttpg_excerpt":"La soprano Claudia Dom\u00ednguez y el tenor Diego Tejada, acompa\u00f1ados de Inma Dom\u00ednuez al piano y Laura Fern\u00e1ndez al viol\u00edn intervendr\u00e1n en la noche de este jueves, d\u00eda 20 de [&hellip;]","_links":{"self":[{"href":"https:\/\/fundacioncajaruraldelsur.com\/pt\/wp-json\/wp\/v2\/posts\/10982","targetHints":{"allow":["GET"]}}],"collection":[{"href":"https:\/\/fundacioncajaruraldelsur.com\/pt\/wp-json\/wp\/v2\/posts"}],"about":[{"href":"https:\/\/fundacioncajaruraldelsur.com\/pt\/wp-json\/wp\/v2\/types\/post"}],"author":[{"embeddable":true,"href":"https:\/\/fundacioncajaruraldelsur.com\/pt\/wp-json\/wp\/v2\/users\/6"}],"replies":[{"embeddable":true,"href":"https:\/\/fundacioncajaruraldelsur.com\/pt\/wp-json\/wp\/v2\/comments?post=10982"}],"version-history":[{"count":2,"href":"https:\/\/fundacioncajaruraldelsur.com\/pt\/wp-json\/wp\/v2\/posts\/10982\/revisions"}],"predecessor-version":[{"id":10985,"href":"https:\/\/fundacioncajaruraldelsur.com\/pt\/wp-json\/wp\/v2\/posts\/10982\/revisions\/10985"}],"wp:featuredmedia":[{"embeddable":true,"href":"https:\/\/fundacioncajaruraldelsur.com\/pt\/wp-json\/wp\/v2\/media\/10983"}],"wp:attachment":[{"href":"https:\/\/fundacioncajaruraldelsur.com\/pt\/wp-json\/wp\/v2\/media?parent=10982"}],"wp:term":[{"taxonomy":"category","embeddable":true,"href":"https:\/\/fundacioncajaruraldelsur.com\/pt\/wp-json\/wp\/v2\/categories?post=10982"},{"taxonomy":"post_tag","embeddable":true,"href":"https:\/\/fundacioncajaruraldelsur.com\/pt\/wp-json\/wp\/v2\/tags?post=10982"}],"curies":[{"name":"wp","href":"https:\/\/api.w.org\/{rel}","templated":true}]}}