{"id":10957,"date":"2025-03-11T22:16:12","date_gmt":"2025-03-11T21:16:12","guid":{"rendered":"https:\/\/fundacioncajaruraldelsur.com\/?p=10957"},"modified":"2025-03-11T22:16:12","modified_gmt":"2025-03-11T21:16:12","slug":"atanasio-naranjo-recibe-el-xvii-premio-simon-de-rojas-clemente-promovido-por-abc-y-fundacion-caja-rural-del-sur","status":"publish","type":"post","link":"https:\/\/fundacioncajaruraldelsur.com\/pt\/atanasio-naranjo-recibe-el-xvii-premio-simon-de-rojas-clemente-promovido-por-abc-y-fundacion-caja-rural-del-sur\/","title":{"rendered":"Atanasio Naranjo recibe el XVII Premio Sim\u00f3n de Rojas Clemente promovido por ABC y Fundaci\u00f3n Caja Rural del Sur"},"content":{"rendered":"<p data-sourcepos=\"7:1-7:433\"><strong>Atanasio Naranjo, presidente del Grupo Castelnovo Nature,<\/strong> <strong>ha sido galardonado este martes con el XVII Premio Sim\u00f3n de Rojas Clemente<\/strong>, un reconocimiento promovido por <strong>ABC y la Fundaci\u00f3n Caja Rural del Sur<\/strong>. <a href=\"https:\/\/www.abc.es\/sevilla\/economia\/entrega-xvii-premio-simon-rojas-clemente-imagenes-20250311173931-gas.html\">El acto, celebrado en La Galer\u00eda de ABC, cont\u00f3 con la presencia de destacadas personalidades del sector agroalimentario del sur de Espa\u00f1a,<\/a> as\u00ed como de representantes de la Junta de Extremadura y la Junta de Andaluc\u00eda. En el acto, el presidente de Caja Rural del Sur, Jos\u00e9 Luis Garc\u00eda-Palacios, <b>adem\u00e1s de destacar los m\u00e9ritos del premiado en favor del agro andaluz, tuvo palabras para<\/b>\u00a0<strong>los ganadores de las ediciones anteriores de este galard\u00f3n<\/strong> y remarc\u00f3 el valor de la agricultura como una forma de vida. \u00abTodos los premiados representan una referencia y algo excepcional, esta es una sesi\u00f3n de aprendizaje de principios y valores\u00bb, ha subrayado.<\/p>\n<p data-sourcepos=\"9:1-9:416\">Tal y como se puso de manifiesto en la entrega del premio, <strong>Atanasio Naranjo, originario de Villanueva de la Serena, Extremadura,<\/strong> es un ejemplo de dedicaci\u00f3n y esfuerzo en el sector agr\u00edcola. Su trayectoria, que comenz\u00f3 desde muy joven descargando camiones de fruta, lo ha llevado a convertirse en un referente internacional de la fruta de hueso. <strong>Su grupo empresarial, Castelnovo Nature, cuenta con una facturaci\u00f3n superior a los 85 millones de euros<\/strong> y presencia en <strong>48 pa\u00edses.<\/strong><\/p>\n<p data-sourcepos=\"11:1-11:269\">Durante el acto, <strong>Atanasio Naranjo expres\u00f3 su gratitud por el premio, consider\u00e1ndolo un \u00abgui\u00f1o a Extremadura\u00bb.<\/strong> Destac\u00f3 la importancia de valores como la humildad, la humanidad, la honestidad y el humor, y reconoci\u00f3 la influencia de sus padres en su esp\u00edritu emprendedor.<\/p>\n<p data-sourcepos=\"13:1-13:238\">El evento tambi\u00e9n sirvi\u00f3 para destacar la importancia del sector agroalimentario en la econom\u00eda regional. <a href=\"https:\/\/www.abc.es\/sevilla\/economia\/entrega-xvii-premio-simon-rojas-clemente-imagenes-20250311173931-gas.html\">El director de ABC de Sevilla, Alberto Garc\u00eda Reyes<\/a>, resalt\u00f3 la apuesta del peri\u00f3dico y de su portal Agr\u00f3noma por este sector vital.<\/p>\n<p data-sourcepos=\"15:1-15:153\">Adem\u00e1s del premio a Atanasio Naranjo, se realiz\u00f3 una menci\u00f3n especial a la <strong>consultora agr\u00edcola Tepro, por sus mas de 50 a\u00f1os de experiencia en el sector.<\/strong><\/p>\n<p data-sourcepos=\"17:1-17:119\">El jurado de esta decimos\u00e9ptima edici\u00f3n estuvo compuesto por destacadas personalidades del sector agr\u00edcola y acad\u00e9mico. <strong>Carmen Campillo<\/strong>, directora de la Escuela T\u00e9cnica Superior de Ingenieros Agr\u00f3nomos y de Montes en la Universidad de C\u00f3rdoba;\u00a0<strong>Jer\u00f3nimo Cejudo Gal\u00e1n<\/strong>, decano del Colegio Oficial de Ingenieros Agr\u00f3nomos de Andaluc\u00eda;\u00a0<strong>Jos\u00e9 Luis Garc\u00eda-Palacios<\/strong>, presidente de la Fundaci\u00f3n Caja Rural del Sur,<strong>\u00a0Alberto Garc\u00eda Reyes<\/strong>, director de ABC de Sevilla;\u00a0<strong>Carlos Le\u00f3n Garrido<\/strong>, presidente del Colegio Oficial de Ingenieros T\u00e9cnicos Agr\u00edcolas de Andaluc\u00eda y\u00a0<strong>Ricardo Serra Arias<\/strong>, presidente de Asaja-Andaluc\u00eda, han sido los miembros del jurado de la s\u00e9ptimo d\u00e9cima edici\u00f3n de este galard\u00f3n.<\/p>\n<p data-sourcepos=\"17:1-17:119\"><a href=\"https:\/\/fundacioncajaruraldelsur.com\/wp-content\/uploads\/2025\/03\/Captura-de-pantalla-2025-03-11-220243.jpg\" rel=\"lightbox-0\"><img loading=\"lazy\" decoding=\"async\" class=\"wp-image-10959 size-full aligncenter\" src=\"https:\/\/fundacioncajaruraldelsur.com\/wp-content\/uploads\/2025\/03\/Captura-de-pantalla-2025-03-11-220243.jpg\" alt=\"\" width=\"1037\" height=\"677\" srcset=\"https:\/\/fundacioncajaruraldelsur.com\/wp-content\/uploads\/2025\/03\/Captura-de-pantalla-2025-03-11-220243.jpg 1037w, https:\/\/fundacioncajaruraldelsur.com\/wp-content\/uploads\/2025\/03\/Captura-de-pantalla-2025-03-11-220243-300x196.jpg 300w, https:\/\/fundacioncajaruraldelsur.com\/wp-content\/uploads\/2025\/03\/Captura-de-pantalla-2025-03-11-220243-1024x669.jpg 1024w, https:\/\/fundacioncajaruraldelsur.com\/wp-content\/uploads\/2025\/03\/Captura-de-pantalla-2025-03-11-220243-768x501.jpg 768w\" sizes=\"auto, (max-width: 1037px) 100vw, 1037px\" \/><\/a><\/p>\n<p data-sourcepos=\"17:1-17:119\">","protected":false},"excerpt":{"rendered":"<p>Atanasio Naranjo, presidente del Grupo Castelnovo Nature, ha sido galardonado este martes con el XVII Premio Sim\u00f3n de Rojas Clemente, un reconocimiento promovido por ABC y la Fundaci\u00f3n Caja Rural [&hellip;]<\/p>\n","protected":false},"author":6,"featured_media":10958,"comment_status":"closed","ping_status":"closed","sticky":false,"template":"","format":"standard","meta":{"footnotes":""},"categories":[64],"tags":[],"class_list":["post-10957","post","type-post","status-publish","format-standard","has-post-thumbnail","hentry","category-premios"],"yoast_head":"<!-- This site is optimized with the Yoast SEO plugin v27.3 - https:\/\/yoast.com\/product\/yoast-seo-wordpress\/ -->\n<title>Atanasio Naranjo recibe el XVII Premio Sim\u00f3n de Rojas Clemente promovido por ABC y Fundaci\u00f3n Caja Rural del Sur - Fundaci\u00f3n Caja Rural del Sur<\/title>\n<meta name=\"robots\" content=\"index, follow, max-snippet:-1, max-image-preview:large, max-video-preview:-1\" \/>\n<link rel=\"canonical\" href=\"https:\/\/fundacioncajaruraldelsur.com\/pt\/atanasio-naranjo-recibe-el-xvii-premio-simon-de-rojas-clemente-promovido-por-abc-y-fundacion-caja-rural-del-sur\/\" \/>\n<meta property=\"og:locale\" content=\"pt_PT\" \/>\n<meta property=\"og:type\" content=\"article\" \/>\n<meta property=\"og:title\" content=\"Atanasio Naranjo recibe el XVII Premio Sim\u00f3n de Rojas Clemente promovido por ABC y Fundaci\u00f3n Caja Rural del Sur - Fundaci\u00f3n Caja Rural del Sur\" \/>\n<meta property=\"og:description\" content=\"Atanasio Naranjo, presidente del Grupo Castelnovo Nature, ha sido galardonado este martes con el XVII Premio Sim\u00f3n de Rojas Clemente, un reconocimiento promovido por ABC y la Fundaci\u00f3n Caja Rural [&hellip;]\" \/>\n<meta property=\"og:url\" content=\"https:\/\/fundacioncajaruraldelsur.com\/pt\/atanasio-naranjo-recibe-el-xvii-premio-simon-de-rojas-clemente-promovido-por-abc-y-fundacion-caja-rural-del-sur\/\" \/>\n<meta property=\"og:site_name\" content=\"Fundaci\u00f3n Caja Rural del Sur\" \/>\n<meta property=\"article:published_time\" content=\"2025-03-11T21:16:12+00:00\" \/>\n<meta property=\"og:image\" content=\"https:\/\/fundacioncajaruraldelsur.com\/wp-content\/uploads\/2025\/03\/premio-todos.jpg\" \/>\n\t<meta property=\"og:image:width\" content=\"1019\" \/>\n\t<meta property=\"og:image:height\" content=\"681\" \/>\n\t<meta property=\"og:image:type\" content=\"image\/jpeg\" \/>\n<meta name=\"author\" content=\"Comunicaci\u00f3n\" \/>\n<meta name=\"twitter:card\" content=\"summary_large_image\" \/>\n<meta name=\"twitter:label1\" content=\"Written by\" \/>\n\t<meta name=\"twitter:data1\" content=\"Comunicaci\u00f3n\" \/>\n\t<meta name=\"twitter:label2\" content=\"Est. reading time\" \/>\n\t<meta name=\"twitter:data2\" content=\"3 minutes\" \/>\n<script type=\"application\/ld+json\" class=\"yoast-schema-graph\">{\"@context\":\"https:\\\/\\\/schema.org\",\"@graph\":[{\"@type\":\"Article\",\"@id\":\"https:\\\/\\\/fundacioncajaruraldelsur.com\\\/atanasio-naranjo-recibe-el-xvii-premio-simon-de-rojas-clemente-promovido-por-abc-y-fundacion-caja-rural-del-sur\\\/#article\",\"isPartOf\":{\"@id\":\"https:\\\/\\\/fundacioncajaruraldelsur.com\\\/atanasio-naranjo-recibe-el-xvii-premio-simon-de-rojas-clemente-promovido-por-abc-y-fundacion-caja-rural-del-sur\\\/\"},\"author\":{\"name\":\"Comunicaci\u00f3n\",\"@id\":\"https:\\\/\\\/fundacioncajaruraldelsur.com\\\/#\\\/schema\\\/person\\\/f430da9fb783d505ff061ad8b3d44577\"},\"headline\":\"Atanasio Naranjo recibe el XVII Premio Sim\u00f3n de Rojas Clemente promovido por ABC y Fundaci\u00f3n Caja Rural del Sur\",\"datePublished\":\"2025-03-11T21:16:12+00:00\",\"mainEntityOfPage\":{\"@id\":\"https:\\\/\\\/fundacioncajaruraldelsur.com\\\/atanasio-naranjo-recibe-el-xvii-premio-simon-de-rojas-clemente-promovido-por-abc-y-fundacion-caja-rural-del-sur\\\/\"},\"wordCount\":490,\"image\":{\"@id\":\"https:\\\/\\\/fundacioncajaruraldelsur.com\\\/atanasio-naranjo-recibe-el-xvii-premio-simon-de-rojas-clemente-promovido-por-abc-y-fundacion-caja-rural-del-sur\\\/#primaryimage\"},\"thumbnailUrl\":\"https:\\\/\\\/fundacioncajaruraldelsur.com\\\/wp-content\\\/uploads\\\/2025\\\/03\\\/premio-todos.jpg\",\"articleSection\":[\"Premios\"],\"inLanguage\":\"pt-PT\"},{\"@type\":\"WebPage\",\"@id\":\"https:\\\/\\\/fundacioncajaruraldelsur.com\\\/atanasio-naranjo-recibe-el-xvii-premio-simon-de-rojas-clemente-promovido-por-abc-y-fundacion-caja-rural-del-sur\\\/\",\"url\":\"https:\\\/\\\/fundacioncajaruraldelsur.com\\\/atanasio-naranjo-recibe-el-xvii-premio-simon-de-rojas-clemente-promovido-por-abc-y-fundacion-caja-rural-del-sur\\\/\",\"name\":\"Atanasio Naranjo recibe el XVII Premio Sim\u00f3n de Rojas Clemente promovido por ABC y Fundaci\u00f3n Caja Rural del Sur - Fundaci\u00f3n Caja Rural del Sur\",\"isPartOf\":{\"@id\":\"https:\\\/\\\/fundacioncajaruraldelsur.com\\\/#website\"},\"primaryImageOfPage\":{\"@id\":\"https:\\\/\\\/fundacioncajaruraldelsur.com\\\/atanasio-naranjo-recibe-el-xvii-premio-simon-de-rojas-clemente-promovido-por-abc-y-fundacion-caja-rural-del-sur\\\/#primaryimage\"},\"image\":{\"@id\":\"https:\\\/\\\/fundacioncajaruraldelsur.com\\\/atanasio-naranjo-recibe-el-xvii-premio-simon-de-rojas-clemente-promovido-por-abc-y-fundacion-caja-rural-del-sur\\\/#primaryimage\"},\"thumbnailUrl\":\"https:\\\/\\\/fundacioncajaruraldelsur.com\\\/wp-content\\\/uploads\\\/2025\\\/03\\\/premio-todos.jpg\",\"datePublished\":\"2025-03-11T21:16:12+00:00\",\"author\":{\"@id\":\"https:\\\/\\\/fundacioncajaruraldelsur.com\\\/#\\\/schema\\\/person\\\/f430da9fb783d505ff061ad8b3d44577\"},\"breadcrumb\":{\"@id\":\"https:\\\/\\\/fundacioncajaruraldelsur.com\\\/atanasio-naranjo-recibe-el-xvii-premio-simon-de-rojas-clemente-promovido-por-abc-y-fundacion-caja-rural-del-sur\\\/#breadcrumb\"},\"inLanguage\":\"pt-PT\",\"potentialAction\":[{\"@type\":\"ReadAction\",\"target\":[\"https:\\\/\\\/fundacioncajaruraldelsur.com\\\/atanasio-naranjo-recibe-el-xvii-premio-simon-de-rojas-clemente-promovido-por-abc-y-fundacion-caja-rural-del-sur\\\/\"]}]},{\"@type\":\"ImageObject\",\"inLanguage\":\"pt-PT\",\"@id\":\"https:\\\/\\\/fundacioncajaruraldelsur.com\\\/atanasio-naranjo-recibe-el-xvii-premio-simon-de-rojas-clemente-promovido-por-abc-y-fundacion-caja-rural-del-sur\\\/#primaryimage\",\"url\":\"https:\\\/\\\/fundacioncajaruraldelsur.com\\\/wp-content\\\/uploads\\\/2025\\\/03\\\/premio-todos.jpg\",\"contentUrl\":\"https:\\\/\\\/fundacioncajaruraldelsur.com\\\/wp-content\\\/uploads\\\/2025\\\/03\\\/premio-todos.jpg\",\"width\":1019,\"height\":681},{\"@type\":\"BreadcrumbList\",\"@id\":\"https:\\\/\\\/fundacioncajaruraldelsur.com\\\/atanasio-naranjo-recibe-el-xvii-premio-simon-de-rojas-clemente-promovido-por-abc-y-fundacion-caja-rural-del-sur\\\/#breadcrumb\",\"itemListElement\":[{\"@type\":\"ListItem\",\"position\":1,\"name\":\"Portada\",\"item\":\"https:\\\/\\\/fundacioncajaruraldelsur.com\\\/\"},{\"@type\":\"ListItem\",\"position\":2,\"name\":\"Atanasio Naranjo recibe el XVII Premio Sim\u00f3n de Rojas Clemente promovido por ABC y Fundaci\u00f3n Caja Rural del Sur\"}]},{\"@type\":\"WebSite\",\"@id\":\"https:\\\/\\\/fundacioncajaruraldelsur.com\\\/#website\",\"url\":\"https:\\\/\\\/fundacioncajaruraldelsur.com\\\/\",\"name\":\"Fundaci\u00f3n Caja Rural del Sur\",\"description\":\"\",\"potentialAction\":[{\"@type\":\"SearchAction\",\"target\":{\"@type\":\"EntryPoint\",\"urlTemplate\":\"https:\\\/\\\/fundacioncajaruraldelsur.com\\\/?s={search_term_string}\"},\"query-input\":{\"@type\":\"PropertyValueSpecification\",\"valueRequired\":true,\"valueName\":\"search_term_string\"}}],\"inLanguage\":\"pt-PT\"},{\"@type\":\"Person\",\"@id\":\"https:\\\/\\\/fundacioncajaruraldelsur.com\\\/#\\\/schema\\\/person\\\/f430da9fb783d505ff061ad8b3d44577\",\"name\":\"Comunicaci\u00f3n\",\"image\":{\"@type\":\"ImageObject\",\"inLanguage\":\"pt-PT\",\"@id\":\"https:\\\/\\\/secure.gravatar.com\\\/avatar\\\/0dca239875993680bac4603ad2de7942da018f52cc3a244578e0b3b09314a8d8?s=96&d=blank&r=g\",\"url\":\"https:\\\/\\\/secure.gravatar.com\\\/avatar\\\/0dca239875993680bac4603ad2de7942da018f52cc3a244578e0b3b09314a8d8?s=96&d=blank&r=g\",\"contentUrl\":\"https:\\\/\\\/secure.gravatar.com\\\/avatar\\\/0dca239875993680bac4603ad2de7942da018f52cc3a244578e0b3b09314a8d8?s=96&d=blank&r=g\",\"caption\":\"Comunicaci\u00f3n\"}}]}<\/script>\n<!-- \/ Yoast SEO plugin. -->","yoast_head_json":{"title":"Atanasio Naranjo recibe el XVII Premio Sim\u00f3n de Rojas Clemente promovido por ABC y Fundaci\u00f3n Caja Rural del Sur - Fundaci\u00f3n Caja Rural del Sur","robots":{"index":"index","follow":"follow","max-snippet":"max-snippet:-1","max-image-preview":"max-image-preview:large","max-video-preview":"max-video-preview:-1"},"canonical":"https:\/\/fundacioncajaruraldelsur.com\/pt\/atanasio-naranjo-recibe-el-xvii-premio-simon-de-rojas-clemente-promovido-por-abc-y-fundacion-caja-rural-del-sur\/","og_locale":"pt_PT","og_type":"article","og_title":"Atanasio Naranjo recibe el XVII Premio Sim\u00f3n de Rojas Clemente promovido por ABC y Fundaci\u00f3n Caja Rural del Sur - Fundaci\u00f3n Caja Rural del Sur","og_description":"Atanasio Naranjo, presidente del Grupo Castelnovo Nature, ha sido galardonado este martes con el XVII Premio Sim\u00f3n de Rojas Clemente, un reconocimiento promovido por ABC y la Fundaci\u00f3n Caja Rural [&hellip;]","og_url":"https:\/\/fundacioncajaruraldelsur.com\/pt\/atanasio-naranjo-recibe-el-xvii-premio-simon-de-rojas-clemente-promovido-por-abc-y-fundacion-caja-rural-del-sur\/","og_site_name":"Fundaci\u00f3n Caja Rural del Sur","article_published_time":"2025-03-11T21:16:12+00:00","og_image":[{"width":1019,"height":681,"url":"https:\/\/fundacioncajaruraldelsur.com\/wp-content\/uploads\/2025\/03\/premio-todos.jpg","type":"image\/jpeg"}],"author":"Comunicaci\u00f3n","twitter_card":"summary_large_image","twitter_misc":{"Written by":"Comunicaci\u00f3n","Est. reading time":"3 minutes"},"schema":{"@context":"https:\/\/schema.org","@graph":[{"@type":"Article","@id":"https:\/\/fundacioncajaruraldelsur.com\/atanasio-naranjo-recibe-el-xvii-premio-simon-de-rojas-clemente-promovido-por-abc-y-fundacion-caja-rural-del-sur\/#article","isPartOf":{"@id":"https:\/\/fundacioncajaruraldelsur.com\/atanasio-naranjo-recibe-el-xvii-premio-simon-de-rojas-clemente-promovido-por-abc-y-fundacion-caja-rural-del-sur\/"},"author":{"name":"Comunicaci\u00f3n","@id":"https:\/\/fundacioncajaruraldelsur.com\/#\/schema\/person\/f430da9fb783d505ff061ad8b3d44577"},"headline":"Atanasio Naranjo recibe el XVII Premio Sim\u00f3n de Rojas Clemente promovido por ABC y Fundaci\u00f3n Caja Rural del Sur","datePublished":"2025-03-11T21:16:12+00:00","mainEntityOfPage":{"@id":"https:\/\/fundacioncajaruraldelsur.com\/atanasio-naranjo-recibe-el-xvii-premio-simon-de-rojas-clemente-promovido-por-abc-y-fundacion-caja-rural-del-sur\/"},"wordCount":490,"image":{"@id":"https:\/\/fundacioncajaruraldelsur.com\/atanasio-naranjo-recibe-el-xvii-premio-simon-de-rojas-clemente-promovido-por-abc-y-fundacion-caja-rural-del-sur\/#primaryimage"},"thumbnailUrl":"https:\/\/fundacioncajaruraldelsur.com\/wp-content\/uploads\/2025\/03\/premio-todos.jpg","articleSection":["Premios"],"inLanguage":"pt-PT"},{"@type":"WebPage","@id":"https:\/\/fundacioncajaruraldelsur.com\/atanasio-naranjo-recibe-el-xvii-premio-simon-de-rojas-clemente-promovido-por-abc-y-fundacion-caja-rural-del-sur\/","url":"https:\/\/fundacioncajaruraldelsur.com\/atanasio-naranjo-recibe-el-xvii-premio-simon-de-rojas-clemente-promovido-por-abc-y-fundacion-caja-rural-del-sur\/","name":"Atanasio Naranjo recibe el XVII Premio Sim\u00f3n de Rojas Clemente promovido por ABC y Fundaci\u00f3n Caja Rural del Sur - Fundaci\u00f3n Caja Rural del Sur","isPartOf":{"@id":"https:\/\/fundacioncajaruraldelsur.com\/#website"},"primaryImageOfPage":{"@id":"https:\/\/fundacioncajaruraldelsur.com\/atanasio-naranjo-recibe-el-xvii-premio-simon-de-rojas-clemente-promovido-por-abc-y-fundacion-caja-rural-del-sur\/#primaryimage"},"image":{"@id":"https:\/\/fundacioncajaruraldelsur.com\/atanasio-naranjo-recibe-el-xvii-premio-simon-de-rojas-clemente-promovido-por-abc-y-fundacion-caja-rural-del-sur\/#primaryimage"},"thumbnailUrl":"https:\/\/fundacioncajaruraldelsur.com\/wp-content\/uploads\/2025\/03\/premio-todos.jpg","datePublished":"2025-03-11T21:16:12+00:00","author":{"@id":"https:\/\/fundacioncajaruraldelsur.com\/#\/schema\/person\/f430da9fb783d505ff061ad8b3d44577"},"breadcrumb":{"@id":"https:\/\/fundacioncajaruraldelsur.com\/atanasio-naranjo-recibe-el-xvii-premio-simon-de-rojas-clemente-promovido-por-abc-y-fundacion-caja-rural-del-sur\/#breadcrumb"},"inLanguage":"pt-PT","potentialAction":[{"@type":"ReadAction","target":["https:\/\/fundacioncajaruraldelsur.com\/atanasio-naranjo-recibe-el-xvii-premio-simon-de-rojas-clemente-promovido-por-abc-y-fundacion-caja-rural-del-sur\/"]}]},{"@type":"ImageObject","inLanguage":"pt-PT","@id":"https:\/\/fundacioncajaruraldelsur.com\/atanasio-naranjo-recibe-el-xvii-premio-simon-de-rojas-clemente-promovido-por-abc-y-fundacion-caja-rural-del-sur\/#primaryimage","url":"https:\/\/fundacioncajaruraldelsur.com\/wp-content\/uploads\/2025\/03\/premio-todos.jpg","contentUrl":"https:\/\/fundacioncajaruraldelsur.com\/wp-content\/uploads\/2025\/03\/premio-todos.jpg","width":1019,"height":681},{"@type":"BreadcrumbList","@id":"https:\/\/fundacioncajaruraldelsur.com\/atanasio-naranjo-recibe-el-xvii-premio-simon-de-rojas-clemente-promovido-por-abc-y-fundacion-caja-rural-del-sur\/#breadcrumb","itemListElement":[{"@type":"ListItem","position":1,"name":"Portada","item":"https:\/\/fundacioncajaruraldelsur.com\/"},{"@type":"ListItem","position":2,"name":"Atanasio Naranjo recibe el XVII Premio Sim\u00f3n de Rojas Clemente promovido por ABC y Fundaci\u00f3n Caja Rural del Sur"}]},{"@type":"WebSite","@id":"https:\/\/fundacioncajaruraldelsur.com\/#website","url":"https:\/\/fundacioncajaruraldelsur.com\/","name":"Funda\u00e7\u00e3o Caja Rural del Sur","description":"","potentialAction":[{"@type":"SearchAction","target":{"@type":"EntryPoint","urlTemplate":"https:\/\/fundacioncajaruraldelsur.com\/?s={search_term_string}"},"query-input":{"@type":"PropertyValueSpecification","valueRequired":true,"valueName":"search_term_string"}}],"inLanguage":"pt-PT"},{"@type":"Person","@id":"https:\/\/fundacioncajaruraldelsur.com\/#\/schema\/person\/f430da9fb783d505ff061ad8b3d44577","name":"Comunicaci\u00f3n","image":{"@type":"ImageObject","inLanguage":"pt-PT","@id":"https:\/\/secure.gravatar.com\/avatar\/0dca239875993680bac4603ad2de7942da018f52cc3a244578e0b3b09314a8d8?s=96&d=blank&r=g","url":"https:\/\/secure.gravatar.com\/avatar\/0dca239875993680bac4603ad2de7942da018f52cc3a244578e0b3b09314a8d8?s=96&d=blank&r=g","contentUrl":"https:\/\/secure.gravatar.com\/avatar\/0dca239875993680bac4603ad2de7942da018f52cc3a244578e0b3b09314a8d8?s=96&d=blank&r=g","caption":"Comunicaci\u00f3n"}}]}},"rttpg_featured_image_url":{"full":["https:\/\/fundacioncajaruraldelsur.com\/wp-content\/uploads\/2025\/03\/premio-todos.jpg",1019,681,false],"landscape":["https:\/\/fundacioncajaruraldelsur.com\/wp-content\/uploads\/2025\/03\/premio-todos.jpg",1019,681,false],"portraits":["https:\/\/fundacioncajaruraldelsur.com\/wp-content\/uploads\/2025\/03\/premio-todos.jpg",1019,681,false],"thumbnail":["https:\/\/fundacioncajaruraldelsur.com\/wp-content\/uploads\/2025\/03\/premio-todos-150x150.jpg",150,150,true],"medium":["https:\/\/fundacioncajaruraldelsur.com\/wp-content\/uploads\/2025\/03\/premio-todos-300x200.jpg",300,200,true],"large":["https:\/\/fundacioncajaruraldelsur.com\/wp-content\/uploads\/2025\/03\/premio-todos.jpg",960,642,false],"1536x1536":["https:\/\/fundacioncajaruraldelsur.com\/wp-content\/uploads\/2025\/03\/premio-todos.jpg",1019,681,false],"2048x2048":["https:\/\/fundacioncajaruraldelsur.com\/wp-content\/uploads\/2025\/03\/premio-todos.jpg",1019,681,false],"trp-custom-language-flag":["https:\/\/fundacioncajaruraldelsur.com\/wp-content\/uploads\/2025\/03\/premio-todos.jpg",18,12,false],"blog-thumbnail":["https:\/\/fundacioncajaruraldelsur.com\/wp-content\/uploads\/2025\/03\/premio-todos-400x200.jpg",400,200,true]},"rttpg_author":{"display_name":"Comunicaci\u00f3n","author_link":"https:\/\/fundacioncajaruraldelsur.com\/pt\/author\/sevillaadmin\/"},"rttpg_comment":0,"rttpg_category":"<a href=\"https:\/\/fundacioncajaruraldelsur.com\/pt\/category\/premios\/\" rel=\"category tag\">Premios<\/a>","rttpg_excerpt":"Atanasio Naranjo, presidente del Grupo Castelnovo Nature, ha sido galardonado este martes con el XVII Premio Sim\u00f3n de Rojas Clemente, un reconocimiento promovido por ABC y la Fundaci\u00f3n Caja Rural [&hellip;]","_links":{"self":[{"href":"https:\/\/fundacioncajaruraldelsur.com\/pt\/wp-json\/wp\/v2\/posts\/10957","targetHints":{"allow":["GET"]}}],"collection":[{"href":"https:\/\/fundacioncajaruraldelsur.com\/pt\/wp-json\/wp\/v2\/posts"}],"about":[{"href":"https:\/\/fundacioncajaruraldelsur.com\/pt\/wp-json\/wp\/v2\/types\/post"}],"author":[{"embeddable":true,"href":"https:\/\/fundacioncajaruraldelsur.com\/pt\/wp-json\/wp\/v2\/users\/6"}],"replies":[{"embeddable":true,"href":"https:\/\/fundacioncajaruraldelsur.com\/pt\/wp-json\/wp\/v2\/comments?post=10957"}],"version-history":[{"count":1,"href":"https:\/\/fundacioncajaruraldelsur.com\/pt\/wp-json\/wp\/v2\/posts\/10957\/revisions"}],"predecessor-version":[{"id":10960,"href":"https:\/\/fundacioncajaruraldelsur.com\/pt\/wp-json\/wp\/v2\/posts\/10957\/revisions\/10960"}],"wp:featuredmedia":[{"embeddable":true,"href":"https:\/\/fundacioncajaruraldelsur.com\/pt\/wp-json\/wp\/v2\/media\/10958"}],"wp:attachment":[{"href":"https:\/\/fundacioncajaruraldelsur.com\/pt\/wp-json\/wp\/v2\/media?parent=10957"}],"wp:term":[{"taxonomy":"category","embeddable":true,"href":"https:\/\/fundacioncajaruraldelsur.com\/pt\/wp-json\/wp\/v2\/categories?post=10957"},{"taxonomy":"post_tag","embeddable":true,"href":"https:\/\/fundacioncajaruraldelsur.com\/pt\/wp-json\/wp\/v2\/tags?post=10957"}],"curies":[{"name":"wp","href":"https:\/\/api.w.org\/{rel}","templated":true}]}}