{"id":10925,"date":"2025-03-04T13:11:34","date_gmt":"2025-03-04T12:11:34","guid":{"rendered":"https:\/\/fundacioncajaruraldelsur.com\/?p=10925"},"modified":"2025-03-06T11:45:11","modified_gmt":"2025-03-06T10:45:11","slug":"ramirez-vega-muestra-sus-obras-en-la-sala-de-en-huelva-de-fundacion-caja-rural-del-sur","status":"publish","type":"post","link":"https:\/\/fundacioncajaruraldelsur.com\/pt\/ramirez-vega-muestra-sus-obras-en-la-sala-de-en-huelva-de-fundacion-caja-rural-del-sur\/","title":{"rendered":"Ram\u00edrez Vega muestra sus obras en la sala de Huelva de Fundaci\u00f3n Caja Rural del Sur"},"content":{"rendered":"<p>Los trabajos creativos de Manuel E. Ram\u00edrez Vega, con la tem\u00e1tica \u2018Figurarum et animam\u2019, se podr\u00e1n ver desde este mismo martes, d\u00eda 4 de marzo, a las 20:00 horas, en la sala de exposiciones del Centro Cultural \u2018Jos\u00e9 Luis Garc\u00eda Palacios\u2019 en Huelva de la Fundaci\u00f3n Caja Rural del Sur. La muestra estar\u00e1 abierta hasta el 28 de marzo.<\/p>\n<p>Manuel Enrique Ram\u00edrez Vega es sevillano de nacimiento y origen familiar en Trigueros, donde vino a residir desde joven, en esta campi\u00f1a onubense tiene su estudio y de su padre, tambi\u00e9n pintor, ha sabido extraer los rudimentos y la pasi\u00f3n por las bellas artes. Adem\u00e1s de exposiciones colectivas e individuales, destacan premios y distinciones como el primer premio nobel de pintura en el certamen nacional de Gibrale\u00f3n (2001), primer acc\u00e9sit de Arte Joven Hipercor (2003 y 2009), primer premio certamen internacional de pintura de Valverde del Camino (2005), menci\u00f3n de honor en el Certamen Internacional de Pintura de Isla Cristina (2006), Segundo premio en el XXXIV Concurso Internacional de Pintura de Alcal\u00e1 de Guada\u00edra (2007), premio Ib\u00e9rico de pintura Do\u00f1ana (2018), segundo premio de pintura de San Bartolom\u00e9 de la Torre (2002) y primer premio en el mismo certamen (2022), Segundo premio balcones cofrades de Huelva (2022) y primer acc\u00e9sit en el Certamen Nacional de Pintura Ciudad de Ayamonte.<\/p>\n<p>De Manuel E. Ram\u00edrez Vega ha escrito el profesor y critico de Arte, Bernardo Romero que \u201c\u00e9l que ha querido observar, escrutar m\u00e1s bien, qu\u00e9 hay en el interior de las personas que le rodean, en su sencillez y en su cotidianeidad, sacar de las sombras a sus personajes para a la luz de la raz\u00f3n sustraer sus vestiduras, ef\u00edmeros disfraces que procuran el paso silencioso y an\u00f3nimo de la existencia. El artista analiza y extrae unas conclusiones sobre c\u00f3mo es aquello que le rodea, reproduce lo que observa para desvelar los interiores del alma humana\u201d. Y a\u00f1ade que \u201cEn \u2018Figurarem et animam\u2019, Manuel Ram\u00edrez Vega busca en la mirada de los hombres para encontrar los sentimientos, temores, alegr\u00edas o llantos que percibe, la tragicomedia de la existencia humana descrita con un prodigioso l\u00e1piz y sucintas pinceladas que le bastan para ejecutar un meditado y potente discurso sobre lo m\u00e1s cercano, unas figuras que de la mano de los dioses tomaron forma sobre la faz de la tierra, que \u00e9l transforma y recrea, adivinando el \u00e1nimo, los sentimientos de todos aquellos que le han servido de modelo en sus trabajos\u201d.<\/p>\n<p>Para Bernardo Romero, \u201cen la presente exposici\u00f3n Ram\u00edrez Vega ofrece lienzos de gran formato con la figura humana como centro de<\/p>\n<p>atenci\u00f3n, la figura modelada vista desde su interior, evitando la descripci\u00f3n minuciosa y meramente figurativa para indagar en los sentimientos, lo cual consigue hacer principiando sus obras con un dibujo certero en el que se adivina ya la maestr\u00eda del pintor. Escueto en las pinceladas, Ram\u00edrez Vega limita el color hasta conformar obras que aparentan ser bicrom\u00edas cuando en realidad la paleta del artista est\u00e1 resolviendo en un amplio pantone la acci\u00f3n y la intenci\u00f3n de la obra para dejarla como una descripci\u00f3n m\u00ednima del objeto analizado y en \u00faltima instancia, ofrecido o expuesto a la mirada atenta del espectador\u201d.<\/p>","protected":false},"excerpt":{"rendered":"<p>Los trabajos creativos de Manuel E. Ram\u00edrez Vega, con la tem\u00e1tica \u2018Figurarum et animam\u2019, se podr\u00e1n ver desde este mismo martes, d\u00eda 4 de marzo, a las 20:00 horas, en [&hellip;]<\/p>\n","protected":false},"author":6,"featured_media":10926,"comment_status":"closed","ping_status":"closed","sticky":false,"template":"","format":"standard","meta":{"footnotes":""},"categories":[82],"tags":[],"class_list":["post-10925","post","type-post","status-publish","format-standard","has-post-thumbnail","hentry","category-exposiciones"],"yoast_head":"<!-- This site is optimized with the Yoast SEO plugin v27.3 - https:\/\/yoast.com\/product\/yoast-seo-wordpress\/ -->\n<title>Ram\u00edrez Vega muestra sus obras en la sala de Huelva de Fundaci\u00f3n Caja Rural del Sur - Fundaci\u00f3n Caja Rural del Sur<\/title>\n<meta name=\"robots\" content=\"index, follow, max-snippet:-1, max-image-preview:large, max-video-preview:-1\" \/>\n<link rel=\"canonical\" href=\"https:\/\/fundacioncajaruraldelsur.com\/pt\/ramirez-vega-muestra-sus-obras-en-la-sala-de-en-huelva-de-fundacion-caja-rural-del-sur\/\" \/>\n<meta property=\"og:locale\" content=\"pt_PT\" \/>\n<meta property=\"og:type\" content=\"article\" \/>\n<meta property=\"og:title\" content=\"Ram\u00edrez Vega muestra sus obras en la sala de Huelva de Fundaci\u00f3n Caja Rural del Sur - Fundaci\u00f3n Caja Rural del Sur\" \/>\n<meta property=\"og:description\" content=\"Los trabajos creativos de Manuel E. Ram\u00edrez Vega, con la tem\u00e1tica \u2018Figurarum et animam\u2019, se podr\u00e1n ver desde este mismo martes, d\u00eda 4 de marzo, a las 20:00 horas, en [&hellip;]\" \/>\n<meta property=\"og:url\" content=\"https:\/\/fundacioncajaruraldelsur.com\/pt\/ramirez-vega-muestra-sus-obras-en-la-sala-de-en-huelva-de-fundacion-caja-rural-del-sur\/\" \/>\n<meta property=\"og:site_name\" content=\"Fundaci\u00f3n Caja Rural del Sur\" \/>\n<meta property=\"article:published_time\" content=\"2025-03-04T12:11:34+00:00\" \/>\n<meta property=\"article:modified_time\" content=\"2025-03-06T10:45:11+00:00\" \/>\n<meta property=\"og:image\" content=\"https:\/\/fundacioncajaruraldelsur.com\/wp-content\/uploads\/2025\/03\/Sin-titulo.jpg\" \/>\n\t<meta property=\"og:image:width\" content=\"732\" \/>\n\t<meta property=\"og:image:height\" content=\"438\" \/>\n\t<meta property=\"og:image:type\" content=\"image\/jpeg\" \/>\n<meta name=\"author\" content=\"Comunicaci\u00f3n\" \/>\n<meta name=\"twitter:card\" content=\"summary_large_image\" \/>\n<meta name=\"twitter:label1\" content=\"Written by\" \/>\n\t<meta name=\"twitter:data1\" content=\"Comunicaci\u00f3n\" \/>\n\t<meta name=\"twitter:label2\" content=\"Est. reading time\" \/>\n\t<meta name=\"twitter:data2\" content=\"3 minutes\" \/>\n<script type=\"application\/ld+json\" class=\"yoast-schema-graph\">{\"@context\":\"https:\\\/\\\/schema.org\",\"@graph\":[{\"@type\":\"Article\",\"@id\":\"https:\\\/\\\/fundacioncajaruraldelsur.com\\\/ramirez-vega-muestra-sus-obras-en-la-sala-de-en-huelva-de-fundacion-caja-rural-del-sur\\\/#article\",\"isPartOf\":{\"@id\":\"https:\\\/\\\/fundacioncajaruraldelsur.com\\\/ramirez-vega-muestra-sus-obras-en-la-sala-de-en-huelva-de-fundacion-caja-rural-del-sur\\\/\"},\"author\":{\"name\":\"Comunicaci\u00f3n\",\"@id\":\"https:\\\/\\\/fundacioncajaruraldelsur.com\\\/#\\\/schema\\\/person\\\/f430da9fb783d505ff061ad8b3d44577\"},\"headline\":\"Ram\u00edrez Vega muestra sus obras en la sala de Huelva de Fundaci\u00f3n Caja Rural del Sur\",\"datePublished\":\"2025-03-04T12:11:34+00:00\",\"dateModified\":\"2025-03-06T10:45:11+00:00\",\"mainEntityOfPage\":{\"@id\":\"https:\\\/\\\/fundacioncajaruraldelsur.com\\\/ramirez-vega-muestra-sus-obras-en-la-sala-de-en-huelva-de-fundacion-caja-rural-del-sur\\\/\"},\"wordCount\":574,\"image\":{\"@id\":\"https:\\\/\\\/fundacioncajaruraldelsur.com\\\/ramirez-vega-muestra-sus-obras-en-la-sala-de-en-huelva-de-fundacion-caja-rural-del-sur\\\/#primaryimage\"},\"thumbnailUrl\":\"https:\\\/\\\/fundacioncajaruraldelsur.com\\\/wp-content\\\/uploads\\\/2025\\\/03\\\/Sin-titulo.jpg\",\"articleSection\":[\"Exposiciones\"],\"inLanguage\":\"pt-PT\"},{\"@type\":\"WebPage\",\"@id\":\"https:\\\/\\\/fundacioncajaruraldelsur.com\\\/ramirez-vega-muestra-sus-obras-en-la-sala-de-en-huelva-de-fundacion-caja-rural-del-sur\\\/\",\"url\":\"https:\\\/\\\/fundacioncajaruraldelsur.com\\\/ramirez-vega-muestra-sus-obras-en-la-sala-de-en-huelva-de-fundacion-caja-rural-del-sur\\\/\",\"name\":\"Ram\u00edrez Vega muestra sus obras en la sala de Huelva de Fundaci\u00f3n Caja Rural del Sur - Fundaci\u00f3n Caja Rural del Sur\",\"isPartOf\":{\"@id\":\"https:\\\/\\\/fundacioncajaruraldelsur.com\\\/#website\"},\"primaryImageOfPage\":{\"@id\":\"https:\\\/\\\/fundacioncajaruraldelsur.com\\\/ramirez-vega-muestra-sus-obras-en-la-sala-de-en-huelva-de-fundacion-caja-rural-del-sur\\\/#primaryimage\"},\"image\":{\"@id\":\"https:\\\/\\\/fundacioncajaruraldelsur.com\\\/ramirez-vega-muestra-sus-obras-en-la-sala-de-en-huelva-de-fundacion-caja-rural-del-sur\\\/#primaryimage\"},\"thumbnailUrl\":\"https:\\\/\\\/fundacioncajaruraldelsur.com\\\/wp-content\\\/uploads\\\/2025\\\/03\\\/Sin-titulo.jpg\",\"datePublished\":\"2025-03-04T12:11:34+00:00\",\"dateModified\":\"2025-03-06T10:45:11+00:00\",\"author\":{\"@id\":\"https:\\\/\\\/fundacioncajaruraldelsur.com\\\/#\\\/schema\\\/person\\\/f430da9fb783d505ff061ad8b3d44577\"},\"breadcrumb\":{\"@id\":\"https:\\\/\\\/fundacioncajaruraldelsur.com\\\/ramirez-vega-muestra-sus-obras-en-la-sala-de-en-huelva-de-fundacion-caja-rural-del-sur\\\/#breadcrumb\"},\"inLanguage\":\"pt-PT\",\"potentialAction\":[{\"@type\":\"ReadAction\",\"target\":[\"https:\\\/\\\/fundacioncajaruraldelsur.com\\\/ramirez-vega-muestra-sus-obras-en-la-sala-de-en-huelva-de-fundacion-caja-rural-del-sur\\\/\"]}]},{\"@type\":\"ImageObject\",\"inLanguage\":\"pt-PT\",\"@id\":\"https:\\\/\\\/fundacioncajaruraldelsur.com\\\/ramirez-vega-muestra-sus-obras-en-la-sala-de-en-huelva-de-fundacion-caja-rural-del-sur\\\/#primaryimage\",\"url\":\"https:\\\/\\\/fundacioncajaruraldelsur.com\\\/wp-content\\\/uploads\\\/2025\\\/03\\\/Sin-titulo.jpg\",\"contentUrl\":\"https:\\\/\\\/fundacioncajaruraldelsur.com\\\/wp-content\\\/uploads\\\/2025\\\/03\\\/Sin-titulo.jpg\",\"width\":732,\"height\":438},{\"@type\":\"BreadcrumbList\",\"@id\":\"https:\\\/\\\/fundacioncajaruraldelsur.com\\\/ramirez-vega-muestra-sus-obras-en-la-sala-de-en-huelva-de-fundacion-caja-rural-del-sur\\\/#breadcrumb\",\"itemListElement\":[{\"@type\":\"ListItem\",\"position\":1,\"name\":\"Portada\",\"item\":\"https:\\\/\\\/fundacioncajaruraldelsur.com\\\/\"},{\"@type\":\"ListItem\",\"position\":2,\"name\":\"Ram\u00edrez Vega muestra sus obras en la sala de Huelva de Fundaci\u00f3n Caja Rural del Sur\"}]},{\"@type\":\"WebSite\",\"@id\":\"https:\\\/\\\/fundacioncajaruraldelsur.com\\\/#website\",\"url\":\"https:\\\/\\\/fundacioncajaruraldelsur.com\\\/\",\"name\":\"Fundaci\u00f3n Caja Rural del Sur\",\"description\":\"\",\"potentialAction\":[{\"@type\":\"SearchAction\",\"target\":{\"@type\":\"EntryPoint\",\"urlTemplate\":\"https:\\\/\\\/fundacioncajaruraldelsur.com\\\/?s={search_term_string}\"},\"query-input\":{\"@type\":\"PropertyValueSpecification\",\"valueRequired\":true,\"valueName\":\"search_term_string\"}}],\"inLanguage\":\"pt-PT\"},{\"@type\":\"Person\",\"@id\":\"https:\\\/\\\/fundacioncajaruraldelsur.com\\\/#\\\/schema\\\/person\\\/f430da9fb783d505ff061ad8b3d44577\",\"name\":\"Comunicaci\u00f3n\",\"image\":{\"@type\":\"ImageObject\",\"inLanguage\":\"pt-PT\",\"@id\":\"https:\\\/\\\/secure.gravatar.com\\\/avatar\\\/0dca239875993680bac4603ad2de7942da018f52cc3a244578e0b3b09314a8d8?s=96&d=blank&r=g\",\"url\":\"https:\\\/\\\/secure.gravatar.com\\\/avatar\\\/0dca239875993680bac4603ad2de7942da018f52cc3a244578e0b3b09314a8d8?s=96&d=blank&r=g\",\"contentUrl\":\"https:\\\/\\\/secure.gravatar.com\\\/avatar\\\/0dca239875993680bac4603ad2de7942da018f52cc3a244578e0b3b09314a8d8?s=96&d=blank&r=g\",\"caption\":\"Comunicaci\u00f3n\"}}]}<\/script>\n<!-- \/ Yoast SEO plugin. -->","yoast_head_json":{"title":"Ram\u00edrez Vega muestra sus obras en la sala de Huelva de Fundaci\u00f3n Caja Rural del Sur - Fundaci\u00f3n Caja Rural del Sur","robots":{"index":"index","follow":"follow","max-snippet":"max-snippet:-1","max-image-preview":"max-image-preview:large","max-video-preview":"max-video-preview:-1"},"canonical":"https:\/\/fundacioncajaruraldelsur.com\/pt\/ramirez-vega-muestra-sus-obras-en-la-sala-de-en-huelva-de-fundacion-caja-rural-del-sur\/","og_locale":"pt_PT","og_type":"article","og_title":"Ram\u00edrez Vega muestra sus obras en la sala de Huelva de Fundaci\u00f3n Caja Rural del Sur - Fundaci\u00f3n Caja Rural del Sur","og_description":"Los trabajos creativos de Manuel E. Ram\u00edrez Vega, con la tem\u00e1tica \u2018Figurarum et animam\u2019, se podr\u00e1n ver desde este mismo martes, d\u00eda 4 de marzo, a las 20:00 horas, en [&hellip;]","og_url":"https:\/\/fundacioncajaruraldelsur.com\/pt\/ramirez-vega-muestra-sus-obras-en-la-sala-de-en-huelva-de-fundacion-caja-rural-del-sur\/","og_site_name":"Fundaci\u00f3n Caja Rural del Sur","article_published_time":"2025-03-04T12:11:34+00:00","article_modified_time":"2025-03-06T10:45:11+00:00","og_image":[{"width":732,"height":438,"url":"https:\/\/fundacioncajaruraldelsur.com\/wp-content\/uploads\/2025\/03\/Sin-titulo.jpg","type":"image\/jpeg"}],"author":"Comunicaci\u00f3n","twitter_card":"summary_large_image","twitter_misc":{"Written by":"Comunicaci\u00f3n","Est. reading time":"3 minutes"},"schema":{"@context":"https:\/\/schema.org","@graph":[{"@type":"Article","@id":"https:\/\/fundacioncajaruraldelsur.com\/ramirez-vega-muestra-sus-obras-en-la-sala-de-en-huelva-de-fundacion-caja-rural-del-sur\/#article","isPartOf":{"@id":"https:\/\/fundacioncajaruraldelsur.com\/ramirez-vega-muestra-sus-obras-en-la-sala-de-en-huelva-de-fundacion-caja-rural-del-sur\/"},"author":{"name":"Comunicaci\u00f3n","@id":"https:\/\/fundacioncajaruraldelsur.com\/#\/schema\/person\/f430da9fb783d505ff061ad8b3d44577"},"headline":"Ram\u00edrez Vega muestra sus obras en la sala de Huelva de Fundaci\u00f3n Caja Rural del Sur","datePublished":"2025-03-04T12:11:34+00:00","dateModified":"2025-03-06T10:45:11+00:00","mainEntityOfPage":{"@id":"https:\/\/fundacioncajaruraldelsur.com\/ramirez-vega-muestra-sus-obras-en-la-sala-de-en-huelva-de-fundacion-caja-rural-del-sur\/"},"wordCount":574,"image":{"@id":"https:\/\/fundacioncajaruraldelsur.com\/ramirez-vega-muestra-sus-obras-en-la-sala-de-en-huelva-de-fundacion-caja-rural-del-sur\/#primaryimage"},"thumbnailUrl":"https:\/\/fundacioncajaruraldelsur.com\/wp-content\/uploads\/2025\/03\/Sin-titulo.jpg","articleSection":["Exposiciones"],"inLanguage":"pt-PT"},{"@type":"WebPage","@id":"https:\/\/fundacioncajaruraldelsur.com\/ramirez-vega-muestra-sus-obras-en-la-sala-de-en-huelva-de-fundacion-caja-rural-del-sur\/","url":"https:\/\/fundacioncajaruraldelsur.com\/ramirez-vega-muestra-sus-obras-en-la-sala-de-en-huelva-de-fundacion-caja-rural-del-sur\/","name":"Ram\u00edrez Vega muestra sus obras en la sala de Huelva de Fundaci\u00f3n Caja Rural del Sur - Fundaci\u00f3n Caja Rural del Sur","isPartOf":{"@id":"https:\/\/fundacioncajaruraldelsur.com\/#website"},"primaryImageOfPage":{"@id":"https:\/\/fundacioncajaruraldelsur.com\/ramirez-vega-muestra-sus-obras-en-la-sala-de-en-huelva-de-fundacion-caja-rural-del-sur\/#primaryimage"},"image":{"@id":"https:\/\/fundacioncajaruraldelsur.com\/ramirez-vega-muestra-sus-obras-en-la-sala-de-en-huelva-de-fundacion-caja-rural-del-sur\/#primaryimage"},"thumbnailUrl":"https:\/\/fundacioncajaruraldelsur.com\/wp-content\/uploads\/2025\/03\/Sin-titulo.jpg","datePublished":"2025-03-04T12:11:34+00:00","dateModified":"2025-03-06T10:45:11+00:00","author":{"@id":"https:\/\/fundacioncajaruraldelsur.com\/#\/schema\/person\/f430da9fb783d505ff061ad8b3d44577"},"breadcrumb":{"@id":"https:\/\/fundacioncajaruraldelsur.com\/ramirez-vega-muestra-sus-obras-en-la-sala-de-en-huelva-de-fundacion-caja-rural-del-sur\/#breadcrumb"},"inLanguage":"pt-PT","potentialAction":[{"@type":"ReadAction","target":["https:\/\/fundacioncajaruraldelsur.com\/ramirez-vega-muestra-sus-obras-en-la-sala-de-en-huelva-de-fundacion-caja-rural-del-sur\/"]}]},{"@type":"ImageObject","inLanguage":"pt-PT","@id":"https:\/\/fundacioncajaruraldelsur.com\/ramirez-vega-muestra-sus-obras-en-la-sala-de-en-huelva-de-fundacion-caja-rural-del-sur\/#primaryimage","url":"https:\/\/fundacioncajaruraldelsur.com\/wp-content\/uploads\/2025\/03\/Sin-titulo.jpg","contentUrl":"https:\/\/fundacioncajaruraldelsur.com\/wp-content\/uploads\/2025\/03\/Sin-titulo.jpg","width":732,"height":438},{"@type":"BreadcrumbList","@id":"https:\/\/fundacioncajaruraldelsur.com\/ramirez-vega-muestra-sus-obras-en-la-sala-de-en-huelva-de-fundacion-caja-rural-del-sur\/#breadcrumb","itemListElement":[{"@type":"ListItem","position":1,"name":"Portada","item":"https:\/\/fundacioncajaruraldelsur.com\/"},{"@type":"ListItem","position":2,"name":"Ram\u00edrez Vega muestra sus obras en la sala de Huelva de Fundaci\u00f3n Caja Rural del Sur"}]},{"@type":"WebSite","@id":"https:\/\/fundacioncajaruraldelsur.com\/#website","url":"https:\/\/fundacioncajaruraldelsur.com\/","name":"Funda\u00e7\u00e3o Caja Rural del Sur","description":"","potentialAction":[{"@type":"SearchAction","target":{"@type":"EntryPoint","urlTemplate":"https:\/\/fundacioncajaruraldelsur.com\/?s={search_term_string}"},"query-input":{"@type":"PropertyValueSpecification","valueRequired":true,"valueName":"search_term_string"}}],"inLanguage":"pt-PT"},{"@type":"Person","@id":"https:\/\/fundacioncajaruraldelsur.com\/#\/schema\/person\/f430da9fb783d505ff061ad8b3d44577","name":"Comunicaci\u00f3n","image":{"@type":"ImageObject","inLanguage":"pt-PT","@id":"https:\/\/secure.gravatar.com\/avatar\/0dca239875993680bac4603ad2de7942da018f52cc3a244578e0b3b09314a8d8?s=96&d=blank&r=g","url":"https:\/\/secure.gravatar.com\/avatar\/0dca239875993680bac4603ad2de7942da018f52cc3a244578e0b3b09314a8d8?s=96&d=blank&r=g","contentUrl":"https:\/\/secure.gravatar.com\/avatar\/0dca239875993680bac4603ad2de7942da018f52cc3a244578e0b3b09314a8d8?s=96&d=blank&r=g","caption":"Comunicaci\u00f3n"}}]}},"rttpg_featured_image_url":{"full":["https:\/\/fundacioncajaruraldelsur.com\/wp-content\/uploads\/2025\/03\/Sin-titulo.jpg",732,438,false],"landscape":["https:\/\/fundacioncajaruraldelsur.com\/wp-content\/uploads\/2025\/03\/Sin-titulo.jpg",732,438,false],"portraits":["https:\/\/fundacioncajaruraldelsur.com\/wp-content\/uploads\/2025\/03\/Sin-titulo.jpg",732,438,false],"thumbnail":["https:\/\/fundacioncajaruraldelsur.com\/wp-content\/uploads\/2025\/03\/Sin-titulo-150x150.jpg",150,150,true],"medium":["https:\/\/fundacioncajaruraldelsur.com\/wp-content\/uploads\/2025\/03\/Sin-titulo-300x180.jpg",300,180,true],"large":["https:\/\/fundacioncajaruraldelsur.com\/wp-content\/uploads\/2025\/03\/Sin-titulo.jpg",732,438,false],"1536x1536":["https:\/\/fundacioncajaruraldelsur.com\/wp-content\/uploads\/2025\/03\/Sin-titulo.jpg",732,438,false],"2048x2048":["https:\/\/fundacioncajaruraldelsur.com\/wp-content\/uploads\/2025\/03\/Sin-titulo.jpg",732,438,false],"trp-custom-language-flag":["https:\/\/fundacioncajaruraldelsur.com\/wp-content\/uploads\/2025\/03\/Sin-titulo.jpg",18,12,false],"blog-thumbnail":["https:\/\/fundacioncajaruraldelsur.com\/wp-content\/uploads\/2025\/03\/Sin-titulo-400x200.jpg",400,200,true]},"rttpg_author":{"display_name":"Comunicaci\u00f3n","author_link":"https:\/\/fundacioncajaruraldelsur.com\/pt\/author\/sevillaadmin\/"},"rttpg_comment":0,"rttpg_category":"<a href=\"https:\/\/fundacioncajaruraldelsur.com\/pt\/category\/exposiciones\/\" rel=\"category tag\">Exposiciones<\/a>","rttpg_excerpt":"Los trabajos creativos de Manuel E. Ram\u00edrez Vega, con la tem\u00e1tica \u2018Figurarum et animam\u2019, se podr\u00e1n ver desde este mismo martes, d\u00eda 4 de marzo, a las 20:00 horas, en [&hellip;]","_links":{"self":[{"href":"https:\/\/fundacioncajaruraldelsur.com\/pt\/wp-json\/wp\/v2\/posts\/10925","targetHints":{"allow":["GET"]}}],"collection":[{"href":"https:\/\/fundacioncajaruraldelsur.com\/pt\/wp-json\/wp\/v2\/posts"}],"about":[{"href":"https:\/\/fundacioncajaruraldelsur.com\/pt\/wp-json\/wp\/v2\/types\/post"}],"author":[{"embeddable":true,"href":"https:\/\/fundacioncajaruraldelsur.com\/pt\/wp-json\/wp\/v2\/users\/6"}],"replies":[{"embeddable":true,"href":"https:\/\/fundacioncajaruraldelsur.com\/pt\/wp-json\/wp\/v2\/comments?post=10925"}],"version-history":[{"count":2,"href":"https:\/\/fundacioncajaruraldelsur.com\/pt\/wp-json\/wp\/v2\/posts\/10925\/revisions"}],"predecessor-version":[{"id":10932,"href":"https:\/\/fundacioncajaruraldelsur.com\/pt\/wp-json\/wp\/v2\/posts\/10925\/revisions\/10932"}],"wp:featuredmedia":[{"embeddable":true,"href":"https:\/\/fundacioncajaruraldelsur.com\/pt\/wp-json\/wp\/v2\/media\/10926"}],"wp:attachment":[{"href":"https:\/\/fundacioncajaruraldelsur.com\/pt\/wp-json\/wp\/v2\/media?parent=10925"}],"wp:term":[{"taxonomy":"category","embeddable":true,"href":"https:\/\/fundacioncajaruraldelsur.com\/pt\/wp-json\/wp\/v2\/categories?post=10925"},{"taxonomy":"post_tag","embeddable":true,"href":"https:\/\/fundacioncajaruraldelsur.com\/pt\/wp-json\/wp\/v2\/tags?post=10925"}],"curies":[{"name":"wp","href":"https:\/\/api.w.org\/{rel}","templated":true}]}}