{"id":10904,"date":"2025-02-22T14:37:31","date_gmt":"2025-02-22T13:37:31","guid":{"rendered":"https:\/\/fundacioncajaruraldelsur.com\/?p=10904"},"modified":"2025-02-22T14:37:31","modified_gmt":"2025-02-22T13:37:31","slug":"presentacion-en-caja-rural-del-sur-del-cartel-de-la-semana-santa-de-sevilla-2025-obra-de-virginia-saldana","status":"publish","type":"post","link":"https:\/\/fundacioncajaruraldelsur.com\/pt\/presentacion-en-caja-rural-del-sur-del-cartel-de-la-semana-santa-de-sevilla-2025-obra-de-virginia-saldana\/","title":{"rendered":"Presentaci\u00f3n en Caja Rural del Sur del cartel de la Semana Santa de Sevilla 2025, obra de Virginia Salda\u00f1a"},"content":{"rendered":"<p><strong>La sede de Caja Rural del Sur en Sevilla <\/strong>ha sido un nuevo a\u00f1o el lugar elegida por el Consejo de Hermandades y Cofrad\u00edas de la ciudad de Sevilla para presentar este s\u00e1bado, 22 de febrero, el <strong>cartel de la Semana Santa de Sevilla 2025, obra de la artista onubense Virginia Salda\u00f1a. <\/strong>En el acto intervinieron el presidente del Consejo de Hermandades, Francisco V\u00e9lez de Luna, el presidente de la Fundaci\u00f3n Caja Rural del Sur, Jos\u00e9 Luis Garc\u00eda-Palacios, y el Delegado de Fiestas Mayores del Ayuntamiento de Sevilla, Manuel Al\u00e9s del Pueyo. Adem\u00e1s, la presentaci\u00f3n del cartelista ha corrido este a\u00f1o a cargo del consejero delegado de las Hermandades del Martes Santo, Daniel Perera Pavo.<\/p>\n<p>El cartel descubierto en Caja Rural del Sur que al m\u00e1s puro estilo de esta pintora ayamontina evoca a la \u201cEsperanza\u201d reflejada en el rostro de la Macarena para anunciar as\u00ed la llegada de los d\u00edas grandes de la ciudad. \u201cUna mujer como protagonista, presentada de manera sencilla, directa, sin adornos. La mirada cercana y acogedora de una madre sobre el nombre de Sevilla. Y por encima de todo, un mensaje necesario y que es sin\u00f3nimo de ilusi\u00f3n, de progreso y de vida, como es Esperanza\u201d, ha se\u00f1alado la autora durante su explicaci\u00f3n sobre la simbolog\u00eda de este extraordinario cartel.<\/p>\n<p>Una composici\u00f3n que tiene por protagonista principal el rostro de la Esperanza Macarena y al que acompa\u00f1a una tipograf\u00eda de inspiraci\u00f3n cl\u00e1sica que conforman el equilibrio natural de la obra. La obra est\u00e1 realizada en \u00f3leo sobre lino, con unas dimensiones de 140 x 97 cm. Construido sobre fondo blanco, suaves tonos tierra y c\u00e1lidos grises. Un cartel de lineas sencillas y pinceladas sutiles.<\/p>\n<p>En su intervencio\u0301n, <strong>el presidente del Consejo de Hermandades, Francisco Ve\u0301lez<\/strong>, ha destacado que \u201ceste cartel pasara\u0301 a la historia. Adema\u0301s, es la primera vez que el rostro completo de la Esperanza Macarena figura en un cartel de la Semana Santa de Sevilla\u201d. Ve\u0301lez ha felicitado a la autora por esta extraordinaria obra que \u201ccon su luz nos despierta esa bonita ilusio\u0301n cuando llegan estas fechas tan esperadas\u201d.<\/p>\n<p>Por su parte,<strong> el Presidente de Caja Rural del Sur, Jos\u00e9 Luis Garc\u00eda-Palacios<\/strong>, se mostr\u00f3 convencido de la elecci\u00f3n de la autora elegida este a\u00f1o para el cartel y de su obra para poner de manifiesto la Semana Santa de Sevilla como una de las m\u00e1s destacadas de Andaluc\u00eda.<\/p>\n<p><strong>Virginia Salda\u00f1a Dom\u00ednguez naci\u00f3 en Ayamonte en 1978.<\/strong> Licenciada en Bellas artes por la Universidad de Sevilla en el a\u00f1o 2002, recibiendo diversos premios antes de finalizar sus estudios: Primer premio en categor\u00eda novel en el Sal\u00f3n Nacional de Pintura Ciudad de Ayamonte, 1993; finalista en el Sal\u00f3n Nacional de Pintura Ciudad de Ayamonte, 1999 y 2001 y Menci\u00f3n de Honor en 2003; finalista en el Sal\u00f3n Nacional de Pintura de Gibrale\u00f3n, 1999; Premio Fundaci\u00f3n Cruzcampo en el Sal\u00f3n de Oto\u00f1o de Sevilla, 1999; Finalista en el Sal\u00f3n de Oto\u00f1o de Sevilla, 2001. Con posterioridad ha sido merecedora de los siguientes premios: Primer premio en el Sal\u00f3n de Oto\u00f1o de Sevilla, otorgado por la Real Maestranza de Caballer\u00eda, 2002; Finalista en el Certamen Andaluz de Bellas Artes del Excmo. Ateneo de Sevilla, 2004, 2005 y 2006; Finalista en el Certamen Internacional de Pintura, Ciudad de Isla Cristina, 2004; Primer premio en el Sal\u00f3n de Oto\u00f1o de Sevilla, otorgado por la Real Maestranza de Caballer\u00eda, 2004; Finalista en el Certamen Nacional de Pintura Juan Rold\u00e1n de El Viso del Alcor, 2005; Premio del ilustre Colegio Notarial de Sevilla, 2006; Finalista en el Concurso Internacional de Pintura de Alcal\u00e1 de Guada\u00edra, 2009; Finalista en 2010, 2011 y 2012 del premio Ateneo de Sevilla; Premio Fundaci\u00f3n Cruzcampo en el Sal\u00f3n de Oto\u00f1o de Sevilla en 2011.<\/p>\n<p>Ha participado en innumerables exposiciones colectivas en Sevilla, Huelva, C\u00f3rdoba, Boom (B\u00e9lgica), T\u00e1nger o Nueva York, siendo protagonista de las siguientes individuales: Antiguo Convento de la Merced, Ciudad de Ayamonte, 2003; Galer\u00eda Rosa Cabalga de Ayamonte, 2007; \u201cLa luz de lo sencillo\u201d, Real Academia de Bellas Artes de Sevilla, 2010; Galer\u00eda Hotel Col\u00f3n de Sevilla, 2011; Galer\u00eda Rosa Cabalga de Ayamonte, 2012; \u201cAl Descubierto\u201d, Galer\u00eda SD de Ayamonte, 2014; \u201cSin ir m\u00e1s lejos\u201d, Galer\u00eda SD de Ayamonte, 2016; \u201cLuces Desordenadas\u201d, Real Alc\u00e1zar de Sevilla, 2017 y la \u00faltima, \u201cVivir y mirar\u201d en la Casa de la Provincia de Sevilla, durante los meses de mayo y junio de 2023. Es adem\u00e1s autora del cartel de las Fiestas de las Angustias de Ayamonte del a\u00f1o 2019.<\/p>\n<p><a href=\"https:\/\/fundacioncajaruraldelsur.com\/wp-content\/uploads\/2025\/02\/cartel-2.jpg\" rel=\"lightbox-0\"><img loading=\"lazy\" decoding=\"async\" class=\"wp-image-10906 size-large aligncenter\" src=\"https:\/\/fundacioncajaruraldelsur.com\/wp-content\/uploads\/2025\/02\/cartel-2-768x1024.jpg\" alt=\"\" width=\"768\" height=\"1024\" srcset=\"https:\/\/fundacioncajaruraldelsur.com\/wp-content\/uploads\/2025\/02\/cartel-2-768x1024.jpg 768w, https:\/\/fundacioncajaruraldelsur.com\/wp-content\/uploads\/2025\/02\/cartel-2-225x300.jpg 225w, https:\/\/fundacioncajaruraldelsur.com\/wp-content\/uploads\/2025\/02\/cartel-2-1152x1536.jpg 1152w, https:\/\/fundacioncajaruraldelsur.com\/wp-content\/uploads\/2025\/02\/cartel-2.jpg 1536w\" sizes=\"auto, (max-width: 768px) 100vw, 768px\" \/><\/a><\/p>\n<p>&nbsp;<\/p>\n<p><a href=\"https:\/\/fundacioncajaruraldelsur.com\/wp-content\/uploads\/2025\/02\/cartel-3.jpg\" rel=\"lightbox-1\"><img loading=\"lazy\" decoding=\"async\" class=\"alignnone wp-image-10907 size-full\" src=\"https:\/\/fundacioncajaruraldelsur.com\/wp-content\/uploads\/2025\/02\/cartel-3.jpg\" alt=\"\" width=\"2048\" height=\"1562\" srcset=\"https:\/\/fundacioncajaruraldelsur.com\/wp-content\/uploads\/2025\/02\/cartel-3.jpg 2048w, https:\/\/fundacioncajaruraldelsur.com\/wp-content\/uploads\/2025\/02\/cartel-3-300x229.jpg 300w, https:\/\/fundacioncajaruraldelsur.com\/wp-content\/uploads\/2025\/02\/cartel-3-1024x781.jpg 1024w, https:\/\/fundacioncajaruraldelsur.com\/wp-content\/uploads\/2025\/02\/cartel-3-768x586.jpg 768w, https:\/\/fundacioncajaruraldelsur.com\/wp-content\/uploads\/2025\/02\/cartel-3-1536x1172.jpg 1536w\" sizes=\"auto, (max-width: 2048px) 100vw, 2048px\" \/><\/a><\/p>\n<p><a href=\"https:\/\/fundacioncajaruraldelsur.com\/wp-content\/uploads\/2025\/02\/cartel-9.jpg\" rel=\"lightbox-2\"><img loading=\"lazy\" decoding=\"async\" class=\"wp-image-10909 size-full aligncenter\" src=\"https:\/\/fundacioncajaruraldelsur.com\/wp-content\/uploads\/2025\/02\/cartel-9.jpg\" alt=\"\" width=\"1194\" height=\"706\" srcset=\"https:\/\/fundacioncajaruraldelsur.com\/wp-content\/uploads\/2025\/02\/cartel-9.jpg 1194w, https:\/\/fundacioncajaruraldelsur.com\/wp-content\/uploads\/2025\/02\/cartel-9-300x177.jpg 300w, https:\/\/fundacioncajaruraldelsur.com\/wp-content\/uploads\/2025\/02\/cartel-9-1024x605.jpg 1024w, https:\/\/fundacioncajaruraldelsur.com\/wp-content\/uploads\/2025\/02\/cartel-9-768x454.jpg 768w\" sizes=\"auto, (max-width: 1194px) 100vw, 1194px\" \/><\/a><\/p>\n<p><a href=\"https:\/\/fundacioncajaruraldelsur.com\/wp-content\/uploads\/2025\/02\/cartel-5.jpg\" rel=\"lightbox-3\"><img loading=\"lazy\" decoding=\"async\" class=\"alignnone wp-image-10908 size-full\" src=\"https:\/\/fundacioncajaruraldelsur.com\/wp-content\/uploads\/2025\/02\/cartel-5.jpg\" alt=\"\" width=\"2048\" height=\"1536\" srcset=\"https:\/\/fundacioncajaruraldelsur.com\/wp-content\/uploads\/2025\/02\/cartel-5.jpg 2048w, https:\/\/fundacioncajaruraldelsur.com\/wp-content\/uploads\/2025\/02\/cartel-5-300x225.jpg 300w, https:\/\/fundacioncajaruraldelsur.com\/wp-content\/uploads\/2025\/02\/cartel-5-1024x768.jpg 1024w, https:\/\/fundacioncajaruraldelsur.com\/wp-content\/uploads\/2025\/02\/cartel-5-768x576.jpg 768w, https:\/\/fundacioncajaruraldelsur.com\/wp-content\/uploads\/2025\/02\/cartel-5-1536x1152.jpg 1536w\" sizes=\"auto, (max-width: 2048px) 100vw, 2048px\" \/><\/a><\/p>","protected":false},"excerpt":{"rendered":"<p>La sede de Caja Rural del Sur en Sevilla ha sido un nuevo a\u00f1o el lugar elegida por el Consejo de Hermandades y Cofrad\u00edas de la ciudad de Sevilla para [&hellip;]<\/p>\n","protected":false},"author":6,"featured_media":10905,"comment_status":"closed","ping_status":"closed","sticky":false,"template":"","format":"standard","meta":{"footnotes":""},"categories":[84],"tags":[],"class_list":["post-10904","post","type-post","status-publish","format-standard","has-post-thumbnail","hentry","category-presentaciones"],"yoast_head":"<!-- This site is optimized with the Yoast SEO plugin v27.3 - https:\/\/yoast.com\/product\/yoast-seo-wordpress\/ -->\n<title>Presentaci\u00f3n en Caja Rural del Sur del cartel de la Semana Santa de Sevilla 2025, obra de Virginia Salda\u00f1a - Fundaci\u00f3n Caja Rural del Sur<\/title>\n<meta name=\"robots\" content=\"index, follow, max-snippet:-1, max-image-preview:large, max-video-preview:-1\" \/>\n<link rel=\"canonical\" href=\"https:\/\/fundacioncajaruraldelsur.com\/pt\/presentacion-en-caja-rural-del-sur-del-cartel-de-la-semana-santa-de-sevilla-2025-obra-de-virginia-saldana\/\" \/>\n<meta property=\"og:locale\" content=\"pt_PT\" \/>\n<meta property=\"og:type\" content=\"article\" \/>\n<meta property=\"og:title\" content=\"Presentaci\u00f3n en Caja Rural del Sur del cartel de la Semana Santa de Sevilla 2025, obra de Virginia Salda\u00f1a - Fundaci\u00f3n Caja Rural del Sur\" \/>\n<meta property=\"og:description\" content=\"La sede de Caja Rural del Sur en Sevilla ha sido un nuevo a\u00f1o el lugar elegida por el Consejo de Hermandades y Cofrad\u00edas de la ciudad de Sevilla para [&hellip;]\" \/>\n<meta property=\"og:url\" content=\"https:\/\/fundacioncajaruraldelsur.com\/pt\/presentacion-en-caja-rural-del-sur-del-cartel-de-la-semana-santa-de-sevilla-2025-obra-de-virginia-saldana\/\" \/>\n<meta property=\"og:site_name\" content=\"Fundaci\u00f3n Caja Rural del Sur\" \/>\n<meta property=\"article:published_time\" content=\"2025-02-22T13:37:31+00:00\" \/>\n<meta property=\"og:image\" content=\"https:\/\/fundacioncajaruraldelsur.com\/wp-content\/uploads\/2025\/02\/cartel-1.jpg\" \/>\n\t<meta property=\"og:image:width\" content=\"2048\" \/>\n\t<meta property=\"og:image:height\" content=\"1536\" \/>\n\t<meta property=\"og:image:type\" content=\"image\/jpeg\" \/>\n<meta name=\"author\" content=\"Comunicaci\u00f3n\" \/>\n<meta name=\"twitter:card\" content=\"summary_large_image\" \/>\n<meta name=\"twitter:label1\" content=\"Written by\" \/>\n\t<meta name=\"twitter:data1\" content=\"Comunicaci\u00f3n\" \/>\n\t<meta name=\"twitter:label2\" content=\"Est. reading time\" \/>\n\t<meta name=\"twitter:data2\" content=\"5 minutes\" \/>\n<script type=\"application\/ld+json\" class=\"yoast-schema-graph\">{\"@context\":\"https:\\\/\\\/schema.org\",\"@graph\":[{\"@type\":\"Article\",\"@id\":\"https:\\\/\\\/fundacioncajaruraldelsur.com\\\/presentacion-en-caja-rural-del-sur-del-cartel-de-la-semana-santa-de-sevilla-2025-obra-de-virginia-saldana\\\/#article\",\"isPartOf\":{\"@id\":\"https:\\\/\\\/fundacioncajaruraldelsur.com\\\/presentacion-en-caja-rural-del-sur-del-cartel-de-la-semana-santa-de-sevilla-2025-obra-de-virginia-saldana\\\/\"},\"author\":{\"name\":\"Comunicaci\u00f3n\",\"@id\":\"https:\\\/\\\/fundacioncajaruraldelsur.com\\\/#\\\/schema\\\/person\\\/f430da9fb783d505ff061ad8b3d44577\"},\"headline\":\"Presentaci\u00f3n en Caja Rural del Sur del cartel de la Semana Santa de Sevilla 2025, obra de Virginia Salda\u00f1a\",\"datePublished\":\"2025-02-22T13:37:31+00:00\",\"mainEntityOfPage\":{\"@id\":\"https:\\\/\\\/fundacioncajaruraldelsur.com\\\/presentacion-en-caja-rural-del-sur-del-cartel-de-la-semana-santa-de-sevilla-2025-obra-de-virginia-saldana\\\/\"},\"wordCount\":800,\"image\":{\"@id\":\"https:\\\/\\\/fundacioncajaruraldelsur.com\\\/presentacion-en-caja-rural-del-sur-del-cartel-de-la-semana-santa-de-sevilla-2025-obra-de-virginia-saldana\\\/#primaryimage\"},\"thumbnailUrl\":\"https:\\\/\\\/fundacioncajaruraldelsur.com\\\/wp-content\\\/uploads\\\/2025\\\/02\\\/cartel-1.jpg\",\"articleSection\":[\"Presentaciones\"],\"inLanguage\":\"pt-PT\"},{\"@type\":\"WebPage\",\"@id\":\"https:\\\/\\\/fundacioncajaruraldelsur.com\\\/presentacion-en-caja-rural-del-sur-del-cartel-de-la-semana-santa-de-sevilla-2025-obra-de-virginia-saldana\\\/\",\"url\":\"https:\\\/\\\/fundacioncajaruraldelsur.com\\\/presentacion-en-caja-rural-del-sur-del-cartel-de-la-semana-santa-de-sevilla-2025-obra-de-virginia-saldana\\\/\",\"name\":\"Presentaci\u00f3n en Caja Rural del Sur del cartel de la Semana Santa de Sevilla 2025, obra de Virginia Salda\u00f1a - Fundaci\u00f3n Caja Rural del Sur\",\"isPartOf\":{\"@id\":\"https:\\\/\\\/fundacioncajaruraldelsur.com\\\/#website\"},\"primaryImageOfPage\":{\"@id\":\"https:\\\/\\\/fundacioncajaruraldelsur.com\\\/presentacion-en-caja-rural-del-sur-del-cartel-de-la-semana-santa-de-sevilla-2025-obra-de-virginia-saldana\\\/#primaryimage\"},\"image\":{\"@id\":\"https:\\\/\\\/fundacioncajaruraldelsur.com\\\/presentacion-en-caja-rural-del-sur-del-cartel-de-la-semana-santa-de-sevilla-2025-obra-de-virginia-saldana\\\/#primaryimage\"},\"thumbnailUrl\":\"https:\\\/\\\/fundacioncajaruraldelsur.com\\\/wp-content\\\/uploads\\\/2025\\\/02\\\/cartel-1.jpg\",\"datePublished\":\"2025-02-22T13:37:31+00:00\",\"author\":{\"@id\":\"https:\\\/\\\/fundacioncajaruraldelsur.com\\\/#\\\/schema\\\/person\\\/f430da9fb783d505ff061ad8b3d44577\"},\"breadcrumb\":{\"@id\":\"https:\\\/\\\/fundacioncajaruraldelsur.com\\\/presentacion-en-caja-rural-del-sur-del-cartel-de-la-semana-santa-de-sevilla-2025-obra-de-virginia-saldana\\\/#breadcrumb\"},\"inLanguage\":\"pt-PT\",\"potentialAction\":[{\"@type\":\"ReadAction\",\"target\":[\"https:\\\/\\\/fundacioncajaruraldelsur.com\\\/presentacion-en-caja-rural-del-sur-del-cartel-de-la-semana-santa-de-sevilla-2025-obra-de-virginia-saldana\\\/\"]}]},{\"@type\":\"ImageObject\",\"inLanguage\":\"pt-PT\",\"@id\":\"https:\\\/\\\/fundacioncajaruraldelsur.com\\\/presentacion-en-caja-rural-del-sur-del-cartel-de-la-semana-santa-de-sevilla-2025-obra-de-virginia-saldana\\\/#primaryimage\",\"url\":\"https:\\\/\\\/fundacioncajaruraldelsur.com\\\/wp-content\\\/uploads\\\/2025\\\/02\\\/cartel-1.jpg\",\"contentUrl\":\"https:\\\/\\\/fundacioncajaruraldelsur.com\\\/wp-content\\\/uploads\\\/2025\\\/02\\\/cartel-1.jpg\",\"width\":2048,\"height\":1536},{\"@type\":\"BreadcrumbList\",\"@id\":\"https:\\\/\\\/fundacioncajaruraldelsur.com\\\/presentacion-en-caja-rural-del-sur-del-cartel-de-la-semana-santa-de-sevilla-2025-obra-de-virginia-saldana\\\/#breadcrumb\",\"itemListElement\":[{\"@type\":\"ListItem\",\"position\":1,\"name\":\"Portada\",\"item\":\"https:\\\/\\\/fundacioncajaruraldelsur.com\\\/\"},{\"@type\":\"ListItem\",\"position\":2,\"name\":\"Presentaci\u00f3n en Caja Rural del Sur del cartel de la Semana Santa de Sevilla 2025, obra de Virginia Salda\u00f1a\"}]},{\"@type\":\"WebSite\",\"@id\":\"https:\\\/\\\/fundacioncajaruraldelsur.com\\\/#website\",\"url\":\"https:\\\/\\\/fundacioncajaruraldelsur.com\\\/\",\"name\":\"Fundaci\u00f3n Caja Rural del Sur\",\"description\":\"\",\"potentialAction\":[{\"@type\":\"SearchAction\",\"target\":{\"@type\":\"EntryPoint\",\"urlTemplate\":\"https:\\\/\\\/fundacioncajaruraldelsur.com\\\/?s={search_term_string}\"},\"query-input\":{\"@type\":\"PropertyValueSpecification\",\"valueRequired\":true,\"valueName\":\"search_term_string\"}}],\"inLanguage\":\"pt-PT\"},{\"@type\":\"Person\",\"@id\":\"https:\\\/\\\/fundacioncajaruraldelsur.com\\\/#\\\/schema\\\/person\\\/f430da9fb783d505ff061ad8b3d44577\",\"name\":\"Comunicaci\u00f3n\",\"image\":{\"@type\":\"ImageObject\",\"inLanguage\":\"pt-PT\",\"@id\":\"https:\\\/\\\/secure.gravatar.com\\\/avatar\\\/0dca239875993680bac4603ad2de7942da018f52cc3a244578e0b3b09314a8d8?s=96&d=blank&r=g\",\"url\":\"https:\\\/\\\/secure.gravatar.com\\\/avatar\\\/0dca239875993680bac4603ad2de7942da018f52cc3a244578e0b3b09314a8d8?s=96&d=blank&r=g\",\"contentUrl\":\"https:\\\/\\\/secure.gravatar.com\\\/avatar\\\/0dca239875993680bac4603ad2de7942da018f52cc3a244578e0b3b09314a8d8?s=96&d=blank&r=g\",\"caption\":\"Comunicaci\u00f3n\"}}]}<\/script>\n<!-- \/ Yoast SEO plugin. -->","yoast_head_json":{"title":"Presentaci\u00f3n en Caja Rural del Sur del cartel de la Semana Santa de Sevilla 2025, obra de Virginia Salda\u00f1a - Fundaci\u00f3n Caja Rural del Sur","robots":{"index":"index","follow":"follow","max-snippet":"max-snippet:-1","max-image-preview":"max-image-preview:large","max-video-preview":"max-video-preview:-1"},"canonical":"https:\/\/fundacioncajaruraldelsur.com\/pt\/presentacion-en-caja-rural-del-sur-del-cartel-de-la-semana-santa-de-sevilla-2025-obra-de-virginia-saldana\/","og_locale":"pt_PT","og_type":"article","og_title":"Presentaci\u00f3n en Caja Rural del Sur del cartel de la Semana Santa de Sevilla 2025, obra de Virginia Salda\u00f1a - Fundaci\u00f3n Caja Rural del Sur","og_description":"La sede de Caja Rural del Sur en Sevilla ha sido un nuevo a\u00f1o el lugar elegida por el Consejo de Hermandades y Cofrad\u00edas de la ciudad de Sevilla para [&hellip;]","og_url":"https:\/\/fundacioncajaruraldelsur.com\/pt\/presentacion-en-caja-rural-del-sur-del-cartel-de-la-semana-santa-de-sevilla-2025-obra-de-virginia-saldana\/","og_site_name":"Fundaci\u00f3n Caja Rural del Sur","article_published_time":"2025-02-22T13:37:31+00:00","og_image":[{"width":2048,"height":1536,"url":"https:\/\/fundacioncajaruraldelsur.com\/wp-content\/uploads\/2025\/02\/cartel-1.jpg","type":"image\/jpeg"}],"author":"Comunicaci\u00f3n","twitter_card":"summary_large_image","twitter_misc":{"Written by":"Comunicaci\u00f3n","Est. reading time":"5 minutes"},"schema":{"@context":"https:\/\/schema.org","@graph":[{"@type":"Article","@id":"https:\/\/fundacioncajaruraldelsur.com\/presentacion-en-caja-rural-del-sur-del-cartel-de-la-semana-santa-de-sevilla-2025-obra-de-virginia-saldana\/#article","isPartOf":{"@id":"https:\/\/fundacioncajaruraldelsur.com\/presentacion-en-caja-rural-del-sur-del-cartel-de-la-semana-santa-de-sevilla-2025-obra-de-virginia-saldana\/"},"author":{"name":"Comunicaci\u00f3n","@id":"https:\/\/fundacioncajaruraldelsur.com\/#\/schema\/person\/f430da9fb783d505ff061ad8b3d44577"},"headline":"Presentaci\u00f3n en Caja Rural del Sur del cartel de la Semana Santa de Sevilla 2025, obra de Virginia Salda\u00f1a","datePublished":"2025-02-22T13:37:31+00:00","mainEntityOfPage":{"@id":"https:\/\/fundacioncajaruraldelsur.com\/presentacion-en-caja-rural-del-sur-del-cartel-de-la-semana-santa-de-sevilla-2025-obra-de-virginia-saldana\/"},"wordCount":800,"image":{"@id":"https:\/\/fundacioncajaruraldelsur.com\/presentacion-en-caja-rural-del-sur-del-cartel-de-la-semana-santa-de-sevilla-2025-obra-de-virginia-saldana\/#primaryimage"},"thumbnailUrl":"https:\/\/fundacioncajaruraldelsur.com\/wp-content\/uploads\/2025\/02\/cartel-1.jpg","articleSection":["Presentaciones"],"inLanguage":"pt-PT"},{"@type":"WebPage","@id":"https:\/\/fundacioncajaruraldelsur.com\/presentacion-en-caja-rural-del-sur-del-cartel-de-la-semana-santa-de-sevilla-2025-obra-de-virginia-saldana\/","url":"https:\/\/fundacioncajaruraldelsur.com\/presentacion-en-caja-rural-del-sur-del-cartel-de-la-semana-santa-de-sevilla-2025-obra-de-virginia-saldana\/","name":"Presentaci\u00f3n en Caja Rural del Sur del cartel de la Semana Santa de Sevilla 2025, obra de Virginia Salda\u00f1a - Fundaci\u00f3n Caja Rural del Sur","isPartOf":{"@id":"https:\/\/fundacioncajaruraldelsur.com\/#website"},"primaryImageOfPage":{"@id":"https:\/\/fundacioncajaruraldelsur.com\/presentacion-en-caja-rural-del-sur-del-cartel-de-la-semana-santa-de-sevilla-2025-obra-de-virginia-saldana\/#primaryimage"},"image":{"@id":"https:\/\/fundacioncajaruraldelsur.com\/presentacion-en-caja-rural-del-sur-del-cartel-de-la-semana-santa-de-sevilla-2025-obra-de-virginia-saldana\/#primaryimage"},"thumbnailUrl":"https:\/\/fundacioncajaruraldelsur.com\/wp-content\/uploads\/2025\/02\/cartel-1.jpg","datePublished":"2025-02-22T13:37:31+00:00","author":{"@id":"https:\/\/fundacioncajaruraldelsur.com\/#\/schema\/person\/f430da9fb783d505ff061ad8b3d44577"},"breadcrumb":{"@id":"https:\/\/fundacioncajaruraldelsur.com\/presentacion-en-caja-rural-del-sur-del-cartel-de-la-semana-santa-de-sevilla-2025-obra-de-virginia-saldana\/#breadcrumb"},"inLanguage":"pt-PT","potentialAction":[{"@type":"ReadAction","target":["https:\/\/fundacioncajaruraldelsur.com\/presentacion-en-caja-rural-del-sur-del-cartel-de-la-semana-santa-de-sevilla-2025-obra-de-virginia-saldana\/"]}]},{"@type":"ImageObject","inLanguage":"pt-PT","@id":"https:\/\/fundacioncajaruraldelsur.com\/presentacion-en-caja-rural-del-sur-del-cartel-de-la-semana-santa-de-sevilla-2025-obra-de-virginia-saldana\/#primaryimage","url":"https:\/\/fundacioncajaruraldelsur.com\/wp-content\/uploads\/2025\/02\/cartel-1.jpg","contentUrl":"https:\/\/fundacioncajaruraldelsur.com\/wp-content\/uploads\/2025\/02\/cartel-1.jpg","width":2048,"height":1536},{"@type":"BreadcrumbList","@id":"https:\/\/fundacioncajaruraldelsur.com\/presentacion-en-caja-rural-del-sur-del-cartel-de-la-semana-santa-de-sevilla-2025-obra-de-virginia-saldana\/#breadcrumb","itemListElement":[{"@type":"ListItem","position":1,"name":"Portada","item":"https:\/\/fundacioncajaruraldelsur.com\/"},{"@type":"ListItem","position":2,"name":"Presentaci\u00f3n en Caja Rural del Sur del cartel de la Semana Santa de Sevilla 2025, obra de Virginia Salda\u00f1a"}]},{"@type":"WebSite","@id":"https:\/\/fundacioncajaruraldelsur.com\/#website","url":"https:\/\/fundacioncajaruraldelsur.com\/","name":"Funda\u00e7\u00e3o Caja Rural del Sur","description":"","potentialAction":[{"@type":"SearchAction","target":{"@type":"EntryPoint","urlTemplate":"https:\/\/fundacioncajaruraldelsur.com\/?s={search_term_string}"},"query-input":{"@type":"PropertyValueSpecification","valueRequired":true,"valueName":"search_term_string"}}],"inLanguage":"pt-PT"},{"@type":"Person","@id":"https:\/\/fundacioncajaruraldelsur.com\/#\/schema\/person\/f430da9fb783d505ff061ad8b3d44577","name":"Comunicaci\u00f3n","image":{"@type":"ImageObject","inLanguage":"pt-PT","@id":"https:\/\/secure.gravatar.com\/avatar\/0dca239875993680bac4603ad2de7942da018f52cc3a244578e0b3b09314a8d8?s=96&d=blank&r=g","url":"https:\/\/secure.gravatar.com\/avatar\/0dca239875993680bac4603ad2de7942da018f52cc3a244578e0b3b09314a8d8?s=96&d=blank&r=g","contentUrl":"https:\/\/secure.gravatar.com\/avatar\/0dca239875993680bac4603ad2de7942da018f52cc3a244578e0b3b09314a8d8?s=96&d=blank&r=g","caption":"Comunicaci\u00f3n"}}]}},"rttpg_featured_image_url":{"full":["https:\/\/fundacioncajaruraldelsur.com\/wp-content\/uploads\/2025\/02\/cartel-1.jpg",2048,1536,false],"landscape":["https:\/\/fundacioncajaruraldelsur.com\/wp-content\/uploads\/2025\/02\/cartel-1.jpg",2048,1536,false],"portraits":["https:\/\/fundacioncajaruraldelsur.com\/wp-content\/uploads\/2025\/02\/cartel-1.jpg",2048,1536,false],"thumbnail":["https:\/\/fundacioncajaruraldelsur.com\/wp-content\/uploads\/2025\/02\/cartel-1-150x150.jpg",150,150,true],"medium":["https:\/\/fundacioncajaruraldelsur.com\/wp-content\/uploads\/2025\/02\/cartel-1-300x225.jpg",300,225,true],"large":["https:\/\/fundacioncajaruraldelsur.com\/wp-content\/uploads\/2025\/02\/cartel-1-1024x768.jpg",960,720,true],"1536x1536":["https:\/\/fundacioncajaruraldelsur.com\/wp-content\/uploads\/2025\/02\/cartel-1-1536x1152.jpg",1536,1152,true],"2048x2048":["https:\/\/fundacioncajaruraldelsur.com\/wp-content\/uploads\/2025\/02\/cartel-1.jpg",2048,1536,false],"trp-custom-language-flag":["https:\/\/fundacioncajaruraldelsur.com\/wp-content\/uploads\/2025\/02\/cartel-1.jpg",16,12,false],"blog-thumbnail":["https:\/\/fundacioncajaruraldelsur.com\/wp-content\/uploads\/2025\/02\/cartel-1-400x200.jpg",400,200,true]},"rttpg_author":{"display_name":"Comunicaci\u00f3n","author_link":"https:\/\/fundacioncajaruraldelsur.com\/pt\/author\/sevillaadmin\/"},"rttpg_comment":0,"rttpg_category":"<a href=\"https:\/\/fundacioncajaruraldelsur.com\/pt\/category\/presentaciones\/\" rel=\"category tag\">Presentaciones<\/a>","rttpg_excerpt":"La sede de Caja Rural del Sur en Sevilla ha sido un nuevo a\u00f1o el lugar elegida por el Consejo de Hermandades y Cofrad\u00edas de la ciudad de Sevilla para [&hellip;]","_links":{"self":[{"href":"https:\/\/fundacioncajaruraldelsur.com\/pt\/wp-json\/wp\/v2\/posts\/10904","targetHints":{"allow":["GET"]}}],"collection":[{"href":"https:\/\/fundacioncajaruraldelsur.com\/pt\/wp-json\/wp\/v2\/posts"}],"about":[{"href":"https:\/\/fundacioncajaruraldelsur.com\/pt\/wp-json\/wp\/v2\/types\/post"}],"author":[{"embeddable":true,"href":"https:\/\/fundacioncajaruraldelsur.com\/pt\/wp-json\/wp\/v2\/users\/6"}],"replies":[{"embeddable":true,"href":"https:\/\/fundacioncajaruraldelsur.com\/pt\/wp-json\/wp\/v2\/comments?post=10904"}],"version-history":[{"count":2,"href":"https:\/\/fundacioncajaruraldelsur.com\/pt\/wp-json\/wp\/v2\/posts\/10904\/revisions"}],"predecessor-version":[{"id":10911,"href":"https:\/\/fundacioncajaruraldelsur.com\/pt\/wp-json\/wp\/v2\/posts\/10904\/revisions\/10911"}],"wp:featuredmedia":[{"embeddable":true,"href":"https:\/\/fundacioncajaruraldelsur.com\/pt\/wp-json\/wp\/v2\/media\/10905"}],"wp:attachment":[{"href":"https:\/\/fundacioncajaruraldelsur.com\/pt\/wp-json\/wp\/v2\/media?parent=10904"}],"wp:term":[{"taxonomy":"category","embeddable":true,"href":"https:\/\/fundacioncajaruraldelsur.com\/pt\/wp-json\/wp\/v2\/categories?post=10904"},{"taxonomy":"post_tag","embeddable":true,"href":"https:\/\/fundacioncajaruraldelsur.com\/pt\/wp-json\/wp\/v2\/tags?post=10904"}],"curies":[{"name":"wp","href":"https:\/\/api.w.org\/{rel}","templated":true}]}}