{"id":10852,"date":"2025-02-19T11:32:14","date_gmt":"2025-02-19T10:32:14","guid":{"rendered":"https:\/\/fundacioncajaruraldelsur.com\/?p=10852"},"modified":"2025-02-19T11:32:14","modified_gmt":"2025-02-19T10:32:14","slug":"el-empresario-atanasio-naranjo-gana-el-premio-simon-de-rojas-clemente","status":"publish","type":"post","link":"https:\/\/fundacioncajaruraldelsur.com\/pt\/el-empresario-atanasio-naranjo-gana-el-premio-simon-de-rojas-clemente\/","title":{"rendered":"El empresario Atanasio Naranjo gana el Premio Sim\u00f3n de Rojas Clemente"},"content":{"rendered":"<p data-sourcepos=\"8:1-8:328\"><strong>El empresario extreme\u00f1o Atanasio Naranjo, presidente de Grupo Castelnovo Nature,<\/strong> ha sido distinguido con el <strong>XVII Premio Sim\u00f3n de Rojas Clemente, un galard\u00f3n promovido por ABC y la Fundaci\u00f3n Caja Rural del Sur<\/strong> que reconoce la trayectoria de profesionales destacados en el sector agroalimentario.<\/p>\n<p data-sourcepos=\"10:1-10:469\"><a href=\"https:\/\/www.abc.es\/sevilla\/economia\/empresario-atanasio-naranjo-gana-premio-simon-rojas-20250219175940-nts.html\">Nacido en Villanueva de la Serena (Badajoz) en 1956, Atanasio Naranjo es un ejemplo de emprendimiento y visi\u00f3n empresarial.<\/a> Tras comenzar su trayectoria profesional descargando camiones de fruta en Madrid, viaj\u00f3 por diferentes pa\u00edses para conocer las \u00faltimas innovaciones del sector agr\u00edcola. En 2002, fund\u00f3 Tany Nature, S.A., una empresa que se ha convertido en l\u00edder en la producci\u00f3n de fruta de hueso en el hemisferio Sur, con 32 fincas y 2.800 hect\u00e1reas de cultivo.<\/p>\n<p data-sourcepos=\"12:1-12:335\">El jurado del premio ha valorado la capacidad de Naranjo para crear un modelo de negocio innovador, basado en el control de toda la cadena de valor, desde el vivero hasta el envasado final. Adem\u00e1s, ha destacado su compromiso con el desarrollo sostenible del sector agroalimentario y su visi\u00f3n para anticipar las tendencias del mercado.<\/p>\n<p data-sourcepos=\"12:1-12:335\">El jurado de la presente edici\u00f3n ha estado formado por Carmen Campillo, directora de la Escuela T\u00e9cnica Superior de Ingenieros Agr\u00f3nomos y de Montes en la Universidad de C\u00f3rdoba; Jer\u00f3nimo Cejudo Gal\u00e1n, decano del Colegio Oficial de Ingenieros Agr\u00f3nomos de Andaluc\u00eda; Jos\u00e9 Luis Garc\u00eda-Palacios, presidente de la Fundaci\u00f3n Caja Rural del Sur, Alberto Garc\u00eda Reyes, director de ABC de Sevilla; Carlos Le\u00f3n Garrido, presidente del Colegio Oficial de Ingenieros T\u00e9cnicos Agr\u00edcolas de Andaluc\u00eda y Ricardo Serra Arias, presidente de Asaja-Andaluc\u00eda.<\/p>\n<p data-sourcepos=\"14:1-14:310\">La entrega del XVII Premio Sim\u00f3n de Rojas Clemente tendr\u00e1 lugar en un acto que se celebrar\u00e1 pr\u00f3ximamente en Sevilla. Durante el mismo, se reconocer\u00e1 la trayectoria de un empresario que ha sabido convertir su pasi\u00f3n por el campo en un proyecto empresarial de \u00e9xito y un referente para el sector agroalimentario.<\/p>\n<p data-sourcepos=\"16:1-16:43\"><strong>Sobre el Premio Sim\u00f3n de Rojas Clemente<\/strong><\/p>\n<p data-sourcepos=\"18:1-18:441\">El Premio Sim\u00f3n de Rojas Clemente es una iniciativa de ABC y la Fundaci\u00f3n Caja Rural del Sur que tiene como objetivo reconocer la trayectoria de profesionales destacados en el sector agroalimentario. El premio, que este a\u00f1o alcanza su decimos\u00e9ptima edici\u00f3n, se ha consolidado como un referente en el sector y un reconocimiento al esfuerzo y la dedicaci\u00f3n de aquellos que trabajan por el desarrollo de la agricultura y la ganader\u00eda en Espa\u00f1a.<\/p>\n<p data-sourcepos=\"22:1-22:317\">La Fundaci\u00f3n Caja Rural del Sur es una entidad privada sin \u00e1nimo de lucro cuyo objetivo es promover el desarrollo econ\u00f3mico y social de las zonas rurales de Andaluc\u00eda y Extremadura. La Fundaci\u00f3n desarrolla su actividad en diferentes \u00e1mbitos, como la investigaci\u00f3n, la formaci\u00f3n, la cultura y el apoyo a emprendedores.<\/p>","protected":false},"excerpt":{"rendered":"<p>El empresario extreme\u00f1o Atanasio Naranjo, presidente de Grupo Castelnovo Nature, ha sido distinguido con el XVII Premio Sim\u00f3n de Rojas Clemente, un galard\u00f3n promovido por ABC y la Fundaci\u00f3n Caja [&hellip;]<\/p>\n","protected":false},"author":6,"featured_media":10853,"comment_status":"closed","ping_status":"closed","sticky":false,"template":"","format":"standard","meta":{"footnotes":""},"categories":[64],"tags":[],"class_list":["post-10852","post","type-post","status-publish","format-standard","has-post-thumbnail","hentry","category-premios"],"yoast_head":"<!-- This site is optimized with the Yoast SEO plugin v27.3 - https:\/\/yoast.com\/product\/yoast-seo-wordpress\/ -->\n<title>El empresario Atanasio Naranjo gana el Premio Sim\u00f3n de Rojas Clemente - Fundaci\u00f3n Caja Rural del Sur<\/title>\n<meta name=\"robots\" content=\"index, follow, max-snippet:-1, max-image-preview:large, max-video-preview:-1\" \/>\n<link rel=\"canonical\" href=\"https:\/\/fundacioncajaruraldelsur.com\/pt\/el-empresario-atanasio-naranjo-gana-el-premio-simon-de-rojas-clemente\/\" \/>\n<meta property=\"og:locale\" content=\"pt_PT\" \/>\n<meta property=\"og:type\" content=\"article\" \/>\n<meta property=\"og:title\" content=\"El empresario Atanasio Naranjo gana el Premio Sim\u00f3n de Rojas Clemente - Fundaci\u00f3n Caja Rural del Sur\" \/>\n<meta property=\"og:description\" content=\"El empresario extreme\u00f1o Atanasio Naranjo, presidente de Grupo Castelnovo Nature, ha sido distinguido con el XVII Premio Sim\u00f3n de Rojas Clemente, un galard\u00f3n promovido por ABC y la Fundaci\u00f3n Caja [&hellip;]\" \/>\n<meta property=\"og:url\" content=\"https:\/\/fundacioncajaruraldelsur.com\/pt\/el-empresario-atanasio-naranjo-gana-el-premio-simon-de-rojas-clemente\/\" \/>\n<meta property=\"og:site_name\" content=\"Fundaci\u00f3n Caja Rural del Sur\" \/>\n<meta property=\"article:published_time\" content=\"2025-02-19T10:32:14+00:00\" \/>\n<meta property=\"og:image\" content=\"https:\/\/fundacioncajaruraldelsur.com\/wp-content\/uploads\/2025\/02\/simon-de-rojas.jpg\" \/>\n\t<meta property=\"og:image:width\" content=\"1613\" \/>\n\t<meta property=\"og:image:height\" content=\"1076\" \/>\n\t<meta property=\"og:image:type\" content=\"image\/jpeg\" \/>\n<meta name=\"author\" content=\"Comunicaci\u00f3n\" \/>\n<meta name=\"twitter:card\" content=\"summary_large_image\" \/>\n<meta name=\"twitter:label1\" content=\"Written by\" \/>\n\t<meta name=\"twitter:data1\" content=\"Comunicaci\u00f3n\" \/>\n\t<meta name=\"twitter:label2\" content=\"Est. reading time\" \/>\n\t<meta name=\"twitter:data2\" content=\"3 minutes\" \/>\n<script type=\"application\/ld+json\" class=\"yoast-schema-graph\">{\"@context\":\"https:\\\/\\\/schema.org\",\"@graph\":[{\"@type\":\"Article\",\"@id\":\"https:\\\/\\\/fundacioncajaruraldelsur.com\\\/el-empresario-atanasio-naranjo-gana-el-premio-simon-de-rojas-clemente\\\/#article\",\"isPartOf\":{\"@id\":\"https:\\\/\\\/fundacioncajaruraldelsur.com\\\/el-empresario-atanasio-naranjo-gana-el-premio-simon-de-rojas-clemente\\\/\"},\"author\":{\"name\":\"Comunicaci\u00f3n\",\"@id\":\"https:\\\/\\\/fundacioncajaruraldelsur.com\\\/#\\\/schema\\\/person\\\/f430da9fb783d505ff061ad8b3d44577\"},\"headline\":\"El empresario Atanasio Naranjo gana el Premio Sim\u00f3n de Rojas Clemente\",\"datePublished\":\"2025-02-19T10:32:14+00:00\",\"mainEntityOfPage\":{\"@id\":\"https:\\\/\\\/fundacioncajaruraldelsur.com\\\/el-empresario-atanasio-naranjo-gana-el-premio-simon-de-rojas-clemente\\\/\"},\"wordCount\":492,\"image\":{\"@id\":\"https:\\\/\\\/fundacioncajaruraldelsur.com\\\/el-empresario-atanasio-naranjo-gana-el-premio-simon-de-rojas-clemente\\\/#primaryimage\"},\"thumbnailUrl\":\"https:\\\/\\\/fundacioncajaruraldelsur.com\\\/wp-content\\\/uploads\\\/2025\\\/02\\\/simon-de-rojas.jpg\",\"articleSection\":[\"Premios\"],\"inLanguage\":\"pt-PT\"},{\"@type\":\"WebPage\",\"@id\":\"https:\\\/\\\/fundacioncajaruraldelsur.com\\\/el-empresario-atanasio-naranjo-gana-el-premio-simon-de-rojas-clemente\\\/\",\"url\":\"https:\\\/\\\/fundacioncajaruraldelsur.com\\\/el-empresario-atanasio-naranjo-gana-el-premio-simon-de-rojas-clemente\\\/\",\"name\":\"El empresario Atanasio Naranjo gana el Premio Sim\u00f3n de Rojas Clemente - Fundaci\u00f3n Caja Rural del Sur\",\"isPartOf\":{\"@id\":\"https:\\\/\\\/fundacioncajaruraldelsur.com\\\/#website\"},\"primaryImageOfPage\":{\"@id\":\"https:\\\/\\\/fundacioncajaruraldelsur.com\\\/el-empresario-atanasio-naranjo-gana-el-premio-simon-de-rojas-clemente\\\/#primaryimage\"},\"image\":{\"@id\":\"https:\\\/\\\/fundacioncajaruraldelsur.com\\\/el-empresario-atanasio-naranjo-gana-el-premio-simon-de-rojas-clemente\\\/#primaryimage\"},\"thumbnailUrl\":\"https:\\\/\\\/fundacioncajaruraldelsur.com\\\/wp-content\\\/uploads\\\/2025\\\/02\\\/simon-de-rojas.jpg\",\"datePublished\":\"2025-02-19T10:32:14+00:00\",\"author\":{\"@id\":\"https:\\\/\\\/fundacioncajaruraldelsur.com\\\/#\\\/schema\\\/person\\\/f430da9fb783d505ff061ad8b3d44577\"},\"breadcrumb\":{\"@id\":\"https:\\\/\\\/fundacioncajaruraldelsur.com\\\/el-empresario-atanasio-naranjo-gana-el-premio-simon-de-rojas-clemente\\\/#breadcrumb\"},\"inLanguage\":\"pt-PT\",\"potentialAction\":[{\"@type\":\"ReadAction\",\"target\":[\"https:\\\/\\\/fundacioncajaruraldelsur.com\\\/el-empresario-atanasio-naranjo-gana-el-premio-simon-de-rojas-clemente\\\/\"]}]},{\"@type\":\"ImageObject\",\"inLanguage\":\"pt-PT\",\"@id\":\"https:\\\/\\\/fundacioncajaruraldelsur.com\\\/el-empresario-atanasio-naranjo-gana-el-premio-simon-de-rojas-clemente\\\/#primaryimage\",\"url\":\"https:\\\/\\\/fundacioncajaruraldelsur.com\\\/wp-content\\\/uploads\\\/2025\\\/02\\\/simon-de-rojas.jpg\",\"contentUrl\":\"https:\\\/\\\/fundacioncajaruraldelsur.com\\\/wp-content\\\/uploads\\\/2025\\\/02\\\/simon-de-rojas.jpg\",\"width\":1613,\"height\":1076,\"caption\":\"SEVILLA. 11-FEBRERO-2025. REUNION DEL JURADO PREMIO SIMON DE ROJAS CLEMENTE, Alberto Garcia Reyes, Jeronimo Cejudo Galan, Carmen del Campillo, Jose Luis Garcia-Palacios, , Ricardo Serra Arias, Carlos Leon Garrido. FOTO : RAUL DOBLADO. ARCHSEV\"},{\"@type\":\"BreadcrumbList\",\"@id\":\"https:\\\/\\\/fundacioncajaruraldelsur.com\\\/el-empresario-atanasio-naranjo-gana-el-premio-simon-de-rojas-clemente\\\/#breadcrumb\",\"itemListElement\":[{\"@type\":\"ListItem\",\"position\":1,\"name\":\"Portada\",\"item\":\"https:\\\/\\\/fundacioncajaruraldelsur.com\\\/\"},{\"@type\":\"ListItem\",\"position\":2,\"name\":\"El empresario Atanasio Naranjo gana el Premio Sim\u00f3n de Rojas Clemente\"}]},{\"@type\":\"WebSite\",\"@id\":\"https:\\\/\\\/fundacioncajaruraldelsur.com\\\/#website\",\"url\":\"https:\\\/\\\/fundacioncajaruraldelsur.com\\\/\",\"name\":\"Fundaci\u00f3n Caja Rural del Sur\",\"description\":\"\",\"potentialAction\":[{\"@type\":\"SearchAction\",\"target\":{\"@type\":\"EntryPoint\",\"urlTemplate\":\"https:\\\/\\\/fundacioncajaruraldelsur.com\\\/?s={search_term_string}\"},\"query-input\":{\"@type\":\"PropertyValueSpecification\",\"valueRequired\":true,\"valueName\":\"search_term_string\"}}],\"inLanguage\":\"pt-PT\"},{\"@type\":\"Person\",\"@id\":\"https:\\\/\\\/fundacioncajaruraldelsur.com\\\/#\\\/schema\\\/person\\\/f430da9fb783d505ff061ad8b3d44577\",\"name\":\"Comunicaci\u00f3n\",\"image\":{\"@type\":\"ImageObject\",\"inLanguage\":\"pt-PT\",\"@id\":\"https:\\\/\\\/secure.gravatar.com\\\/avatar\\\/0dca239875993680bac4603ad2de7942da018f52cc3a244578e0b3b09314a8d8?s=96&d=blank&r=g\",\"url\":\"https:\\\/\\\/secure.gravatar.com\\\/avatar\\\/0dca239875993680bac4603ad2de7942da018f52cc3a244578e0b3b09314a8d8?s=96&d=blank&r=g\",\"contentUrl\":\"https:\\\/\\\/secure.gravatar.com\\\/avatar\\\/0dca239875993680bac4603ad2de7942da018f52cc3a244578e0b3b09314a8d8?s=96&d=blank&r=g\",\"caption\":\"Comunicaci\u00f3n\"}}]}<\/script>\n<!-- \/ Yoast SEO plugin. -->","yoast_head_json":{"title":"El empresario Atanasio Naranjo gana el Premio Sim\u00f3n de Rojas Clemente - Fundaci\u00f3n Caja Rural del Sur","robots":{"index":"index","follow":"follow","max-snippet":"max-snippet:-1","max-image-preview":"max-image-preview:large","max-video-preview":"max-video-preview:-1"},"canonical":"https:\/\/fundacioncajaruraldelsur.com\/pt\/el-empresario-atanasio-naranjo-gana-el-premio-simon-de-rojas-clemente\/","og_locale":"pt_PT","og_type":"article","og_title":"El empresario Atanasio Naranjo gana el Premio Sim\u00f3n de Rojas Clemente - Fundaci\u00f3n Caja Rural del Sur","og_description":"El empresario extreme\u00f1o Atanasio Naranjo, presidente de Grupo Castelnovo Nature, ha sido distinguido con el XVII Premio Sim\u00f3n de Rojas Clemente, un galard\u00f3n promovido por ABC y la Fundaci\u00f3n Caja [&hellip;]","og_url":"https:\/\/fundacioncajaruraldelsur.com\/pt\/el-empresario-atanasio-naranjo-gana-el-premio-simon-de-rojas-clemente\/","og_site_name":"Fundaci\u00f3n Caja Rural del Sur","article_published_time":"2025-02-19T10:32:14+00:00","og_image":[{"width":1613,"height":1076,"url":"https:\/\/fundacioncajaruraldelsur.com\/wp-content\/uploads\/2025\/02\/simon-de-rojas.jpg","type":"image\/jpeg"}],"author":"Comunicaci\u00f3n","twitter_card":"summary_large_image","twitter_misc":{"Written by":"Comunicaci\u00f3n","Est. reading time":"3 minutes"},"schema":{"@context":"https:\/\/schema.org","@graph":[{"@type":"Article","@id":"https:\/\/fundacioncajaruraldelsur.com\/el-empresario-atanasio-naranjo-gana-el-premio-simon-de-rojas-clemente\/#article","isPartOf":{"@id":"https:\/\/fundacioncajaruraldelsur.com\/el-empresario-atanasio-naranjo-gana-el-premio-simon-de-rojas-clemente\/"},"author":{"name":"Comunicaci\u00f3n","@id":"https:\/\/fundacioncajaruraldelsur.com\/#\/schema\/person\/f430da9fb783d505ff061ad8b3d44577"},"headline":"El empresario Atanasio Naranjo gana el Premio Sim\u00f3n de Rojas Clemente","datePublished":"2025-02-19T10:32:14+00:00","mainEntityOfPage":{"@id":"https:\/\/fundacioncajaruraldelsur.com\/el-empresario-atanasio-naranjo-gana-el-premio-simon-de-rojas-clemente\/"},"wordCount":492,"image":{"@id":"https:\/\/fundacioncajaruraldelsur.com\/el-empresario-atanasio-naranjo-gana-el-premio-simon-de-rojas-clemente\/#primaryimage"},"thumbnailUrl":"https:\/\/fundacioncajaruraldelsur.com\/wp-content\/uploads\/2025\/02\/simon-de-rojas.jpg","articleSection":["Premios"],"inLanguage":"pt-PT"},{"@type":"WebPage","@id":"https:\/\/fundacioncajaruraldelsur.com\/el-empresario-atanasio-naranjo-gana-el-premio-simon-de-rojas-clemente\/","url":"https:\/\/fundacioncajaruraldelsur.com\/el-empresario-atanasio-naranjo-gana-el-premio-simon-de-rojas-clemente\/","name":"El empresario Atanasio Naranjo gana el Premio Sim\u00f3n de Rojas Clemente - Fundaci\u00f3n Caja Rural del Sur","isPartOf":{"@id":"https:\/\/fundacioncajaruraldelsur.com\/#website"},"primaryImageOfPage":{"@id":"https:\/\/fundacioncajaruraldelsur.com\/el-empresario-atanasio-naranjo-gana-el-premio-simon-de-rojas-clemente\/#primaryimage"},"image":{"@id":"https:\/\/fundacioncajaruraldelsur.com\/el-empresario-atanasio-naranjo-gana-el-premio-simon-de-rojas-clemente\/#primaryimage"},"thumbnailUrl":"https:\/\/fundacioncajaruraldelsur.com\/wp-content\/uploads\/2025\/02\/simon-de-rojas.jpg","datePublished":"2025-02-19T10:32:14+00:00","author":{"@id":"https:\/\/fundacioncajaruraldelsur.com\/#\/schema\/person\/f430da9fb783d505ff061ad8b3d44577"},"breadcrumb":{"@id":"https:\/\/fundacioncajaruraldelsur.com\/el-empresario-atanasio-naranjo-gana-el-premio-simon-de-rojas-clemente\/#breadcrumb"},"inLanguage":"pt-PT","potentialAction":[{"@type":"ReadAction","target":["https:\/\/fundacioncajaruraldelsur.com\/el-empresario-atanasio-naranjo-gana-el-premio-simon-de-rojas-clemente\/"]}]},{"@type":"ImageObject","inLanguage":"pt-PT","@id":"https:\/\/fundacioncajaruraldelsur.com\/el-empresario-atanasio-naranjo-gana-el-premio-simon-de-rojas-clemente\/#primaryimage","url":"https:\/\/fundacioncajaruraldelsur.com\/wp-content\/uploads\/2025\/02\/simon-de-rojas.jpg","contentUrl":"https:\/\/fundacioncajaruraldelsur.com\/wp-content\/uploads\/2025\/02\/simon-de-rojas.jpg","width":1613,"height":1076,"caption":"SEVILLA. 11-FEBRERO-2025. REUNION DEL JURADO PREMIO SIMON DE ROJAS CLEMENTE, Alberto Garcia Reyes, Jeronimo Cejudo Galan, Carmen del Campillo, Jose Luis Garcia-Palacios, , Ricardo Serra Arias, Carlos Leon Garrido. FOTO : RAUL DOBLADO. ARCHSEV"},{"@type":"BreadcrumbList","@id":"https:\/\/fundacioncajaruraldelsur.com\/el-empresario-atanasio-naranjo-gana-el-premio-simon-de-rojas-clemente\/#breadcrumb","itemListElement":[{"@type":"ListItem","position":1,"name":"Portada","item":"https:\/\/fundacioncajaruraldelsur.com\/"},{"@type":"ListItem","position":2,"name":"El empresario Atanasio Naranjo gana el Premio Sim\u00f3n de Rojas Clemente"}]},{"@type":"WebSite","@id":"https:\/\/fundacioncajaruraldelsur.com\/#website","url":"https:\/\/fundacioncajaruraldelsur.com\/","name":"Funda\u00e7\u00e3o Caja Rural del Sur","description":"","potentialAction":[{"@type":"SearchAction","target":{"@type":"EntryPoint","urlTemplate":"https:\/\/fundacioncajaruraldelsur.com\/?s={search_term_string}"},"query-input":{"@type":"PropertyValueSpecification","valueRequired":true,"valueName":"search_term_string"}}],"inLanguage":"pt-PT"},{"@type":"Person","@id":"https:\/\/fundacioncajaruraldelsur.com\/#\/schema\/person\/f430da9fb783d505ff061ad8b3d44577","name":"Comunicaci\u00f3n","image":{"@type":"ImageObject","inLanguage":"pt-PT","@id":"https:\/\/secure.gravatar.com\/avatar\/0dca239875993680bac4603ad2de7942da018f52cc3a244578e0b3b09314a8d8?s=96&d=blank&r=g","url":"https:\/\/secure.gravatar.com\/avatar\/0dca239875993680bac4603ad2de7942da018f52cc3a244578e0b3b09314a8d8?s=96&d=blank&r=g","contentUrl":"https:\/\/secure.gravatar.com\/avatar\/0dca239875993680bac4603ad2de7942da018f52cc3a244578e0b3b09314a8d8?s=96&d=blank&r=g","caption":"Comunicaci\u00f3n"}}]}},"rttpg_featured_image_url":{"full":["https:\/\/fundacioncajaruraldelsur.com\/wp-content\/uploads\/2025\/02\/simon-de-rojas.jpg",1613,1076,false],"landscape":["https:\/\/fundacioncajaruraldelsur.com\/wp-content\/uploads\/2025\/02\/simon-de-rojas.jpg",1613,1076,false],"portraits":["https:\/\/fundacioncajaruraldelsur.com\/wp-content\/uploads\/2025\/02\/simon-de-rojas.jpg",1613,1076,false],"thumbnail":["https:\/\/fundacioncajaruraldelsur.com\/wp-content\/uploads\/2025\/02\/simon-de-rojas-150x150.jpg",150,150,true],"medium":["https:\/\/fundacioncajaruraldelsur.com\/wp-content\/uploads\/2025\/02\/simon-de-rojas-300x200.jpg",300,200,true],"large":["https:\/\/fundacioncajaruraldelsur.com\/wp-content\/uploads\/2025\/02\/simon-de-rojas-1024x683.jpg",960,640,true],"1536x1536":["https:\/\/fundacioncajaruraldelsur.com\/wp-content\/uploads\/2025\/02\/simon-de-rojas-1536x1025.jpg",1536,1025,true],"2048x2048":["https:\/\/fundacioncajaruraldelsur.com\/wp-content\/uploads\/2025\/02\/simon-de-rojas.jpg",1613,1076,false],"trp-custom-language-flag":["https:\/\/fundacioncajaruraldelsur.com\/wp-content\/uploads\/2025\/02\/simon-de-rojas.jpg",18,12,false],"blog-thumbnail":["https:\/\/fundacioncajaruraldelsur.com\/wp-content\/uploads\/2025\/02\/simon-de-rojas-400x200.jpg",400,200,true]},"rttpg_author":{"display_name":"Comunicaci\u00f3n","author_link":"https:\/\/fundacioncajaruraldelsur.com\/pt\/author\/sevillaadmin\/"},"rttpg_comment":0,"rttpg_category":"<a href=\"https:\/\/fundacioncajaruraldelsur.com\/pt\/category\/premios\/\" rel=\"category tag\">Premios<\/a>","rttpg_excerpt":"El empresario extreme\u00f1o Atanasio Naranjo, presidente de Grupo Castelnovo Nature, ha sido distinguido con el XVII Premio Sim\u00f3n de Rojas Clemente, un galard\u00f3n promovido por ABC y la Fundaci\u00f3n Caja [&hellip;]","_links":{"self":[{"href":"https:\/\/fundacioncajaruraldelsur.com\/pt\/wp-json\/wp\/v2\/posts\/10852","targetHints":{"allow":["GET"]}}],"collection":[{"href":"https:\/\/fundacioncajaruraldelsur.com\/pt\/wp-json\/wp\/v2\/posts"}],"about":[{"href":"https:\/\/fundacioncajaruraldelsur.com\/pt\/wp-json\/wp\/v2\/types\/post"}],"author":[{"embeddable":true,"href":"https:\/\/fundacioncajaruraldelsur.com\/pt\/wp-json\/wp\/v2\/users\/6"}],"replies":[{"embeddable":true,"href":"https:\/\/fundacioncajaruraldelsur.com\/pt\/wp-json\/wp\/v2\/comments?post=10852"}],"version-history":[{"count":1,"href":"https:\/\/fundacioncajaruraldelsur.com\/pt\/wp-json\/wp\/v2\/posts\/10852\/revisions"}],"predecessor-version":[{"id":10854,"href":"https:\/\/fundacioncajaruraldelsur.com\/pt\/wp-json\/wp\/v2\/posts\/10852\/revisions\/10854"}],"wp:featuredmedia":[{"embeddable":true,"href":"https:\/\/fundacioncajaruraldelsur.com\/pt\/wp-json\/wp\/v2\/media\/10853"}],"wp:attachment":[{"href":"https:\/\/fundacioncajaruraldelsur.com\/pt\/wp-json\/wp\/v2\/media?parent=10852"}],"wp:term":[{"taxonomy":"category","embeddable":true,"href":"https:\/\/fundacioncajaruraldelsur.com\/pt\/wp-json\/wp\/v2\/categories?post=10852"},{"taxonomy":"post_tag","embeddable":true,"href":"https:\/\/fundacioncajaruraldelsur.com\/pt\/wp-json\/wp\/v2\/tags?post=10852"}],"curies":[{"name":"wp","href":"https:\/\/api.w.org\/{rel}","templated":true}]}}