{"id":10786,"date":"2025-01-16T10:00:16","date_gmt":"2025-01-16T09:00:16","guid":{"rendered":"\/?p=10786"},"modified":"2025-01-20T10:00:58","modified_gmt":"2025-01-20T09:00:58","slug":"la-fundacion-caja-rural-del-sur-y-el-foro-encinal-unen-esfuerzos-en-defensa-de-la-dehesa","status":"publish","type":"post","link":"https:\/\/fundacioncajaruraldelsur.com\/pt\/la-fundacion-caja-rural-del-sur-y-el-foro-encinal-unen-esfuerzos-en-defensa-de-la-dehesa\/","title":{"rendered":"La Fundaci\u00f3n Caja Rural del Sur y el Foro Encinal unen esfuerzos en defensa de la dehesa"},"content":{"rendered":"<p>Fundaci\u00f3n Caja Rural del Sur y Foro para la Defensa y Conservaci\u00f3n de la Dehesa \u2018Encinal\u2019 han renovado su convenio de colaboraci\u00f3n para aunar esfuerzos y desarrollar iniciativas para dar a conocer a la sociedad la problem\u00e1tica por la que atraviesa la dehesa y, al mismo tiempo, buscar soluciones especialmente al fen\u00f3meno de la seca.<\/p>\n<p>Fruto del convenio para el presente a\u00f1o, firmado por el director de la Fundaci\u00f3n, Emilio Ponce, y F\u00e9lix Sanz de Frutos Dom\u00ednguez-Roquetas como representante de Encinal, se asume un compromiso de colaboraci\u00f3n con dicho Foro en sus acciones cient\u00edficas, as\u00ed como en la elaboraci\u00f3n de estudios y proyectos que contribuyan a los mismos. Adem\u00e1s, la Fundaci\u00f3n participar\u00e1 junto a Encinal activamente en la organizaci\u00f3n de diferentes acciones de formaci\u00f3n y divulgaci\u00f3n para el fomento y desarrollo de la dehesa.<\/p>\n<p>Entre otros fines, el Foro para la Defensa y Conservaci\u00f3n de la Dehesa persigue el reconocimiento por parte de todos los agentes pol\u00edticos y econ\u00f3micos de Andaluc\u00eda y el pa\u00eds, as\u00ed como de la Uni\u00f3n Europea, \u201cde la extraordinaria importancia medioambiental del ecosistema de la dehesa, como un destacado sistema y valioso exponente de biodiversidad, productor y generador de ox\u00edgeno, y elemento vital e imprescindible en la fijaci\u00f3n de la humedad, del equilibrio del clima y por consiguiente, en la lucha contra el cambio clim\u00e1tico por el que tanta preocupaci\u00f3n manifiestan en la actualidad todas las Naciones del mundo\u201d.<\/p>\n<p>Del mismo modo, Encinal, que aglutina m\u00e1s de medio centenar de entidades de Espa\u00f1a y Portugal, pretende poner en valor la contribuci\u00f3n de este ecosistema al sostenimiento econ\u00f3mico y la pervivencia de las zonas rurales de ambos pa\u00edses, a las que la dehesa aporta un alto valor econ\u00f3mico y cultural.<\/p>","protected":false},"excerpt":{"rendered":"<p>Fundaci\u00f3n Caja Rural del Sur y Foro para la Defensa y Conservaci\u00f3n de la Dehesa \u2018Encinal\u2019 han renovado su convenio de colaboraci\u00f3n para aunar esfuerzos y desarrollar iniciativas para dar [&hellip;]<\/p>\n","protected":false},"author":4,"featured_media":10787,"comment_status":"closed","ping_status":"closed","sticky":false,"template":"","format":"standard","meta":{"footnotes":""},"categories":[67],"tags":[],"class_list":["post-10786","post","type-post","status-publish","format-standard","has-post-thumbnail","hentry","category-convenios"],"yoast_head":"<!-- This site is optimized with the Yoast SEO plugin v27.3 - https:\/\/yoast.com\/product\/yoast-seo-wordpress\/ -->\n<title>La Fundaci\u00f3n Caja Rural del Sur y el Foro Encinal unen esfuerzos en defensa de la dehesa - Fundaci\u00f3n Caja Rural del Sur<\/title>\n<meta name=\"robots\" content=\"index, follow, max-snippet:-1, max-image-preview:large, max-video-preview:-1\" \/>\n<link rel=\"canonical\" href=\"https:\/\/fundacioncajaruraldelsur.com\/pt\/la-fundacion-caja-rural-del-sur-y-el-foro-encinal-unen-esfuerzos-en-defensa-de-la-dehesa\/\" \/>\n<meta property=\"og:locale\" content=\"pt_PT\" \/>\n<meta property=\"og:type\" content=\"article\" \/>\n<meta property=\"og:title\" content=\"La Fundaci\u00f3n Caja Rural del Sur y el Foro Encinal unen esfuerzos en defensa de la dehesa - Fundaci\u00f3n Caja Rural del Sur\" \/>\n<meta property=\"og:description\" content=\"Fundaci\u00f3n Caja Rural del Sur y Foro para la Defensa y Conservaci\u00f3n de la Dehesa \u2018Encinal\u2019 han renovado su convenio de colaboraci\u00f3n para aunar esfuerzos y desarrollar iniciativas para dar [&hellip;]\" \/>\n<meta property=\"og:url\" content=\"https:\/\/fundacioncajaruraldelsur.com\/pt\/la-fundacion-caja-rural-del-sur-y-el-foro-encinal-unen-esfuerzos-en-defensa-de-la-dehesa\/\" \/>\n<meta property=\"og:site_name\" content=\"Fundaci\u00f3n Caja Rural del Sur\" \/>\n<meta property=\"article:published_time\" content=\"2025-01-16T09:00:16+00:00\" \/>\n<meta property=\"article:modified_time\" content=\"2025-01-20T09:00:58+00:00\" \/>\n<meta property=\"og:image\" content=\"https:\/\/fundacioncajaruraldelsur.com\/wp-content\/uploads\/2025\/01\/Felix-Joaquin-Sanz-y-Enrique-Ponce-2.jpg\" \/>\n\t<meta property=\"og:image:width\" content=\"2119\" \/>\n\t<meta property=\"og:image:height\" content=\"1504\" \/>\n\t<meta property=\"og:image:type\" content=\"image\/jpeg\" \/>\n<meta name=\"author\" content=\"Huelvaadmin\" \/>\n<meta name=\"twitter:card\" content=\"summary_large_image\" \/>\n<meta name=\"twitter:label1\" content=\"Written by\" \/>\n\t<meta name=\"twitter:data1\" content=\"Huelvaadmin\" \/>\n\t<meta name=\"twitter:label2\" content=\"Est. reading time\" \/>\n\t<meta name=\"twitter:data2\" content=\"2 minutes\" \/>\n<script type=\"application\/ld+json\" class=\"yoast-schema-graph\">{\"@context\":\"https:\\\/\\\/schema.org\",\"@graph\":[{\"@type\":\"Article\",\"@id\":\"https:\\\/\\\/fundacioncajaruraldelsur.com\\\/la-fundacion-caja-rural-del-sur-y-el-foro-encinal-unen-esfuerzos-en-defensa-de-la-dehesa\\\/#article\",\"isPartOf\":{\"@id\":\"https:\\\/\\\/fundacioncajaruraldelsur.com\\\/la-fundacion-caja-rural-del-sur-y-el-foro-encinal-unen-esfuerzos-en-defensa-de-la-dehesa\\\/\"},\"author\":{\"name\":\"Huelvaadmin\",\"@id\":\"https:\\\/\\\/fundacioncajaruraldelsur.com\\\/#\\\/schema\\\/person\\\/3cc097351ab55f31ece09bae985e0dff\"},\"headline\":\"La Fundaci\u00f3n Caja Rural del Sur y el Foro Encinal unen esfuerzos en defensa de la dehesa\",\"datePublished\":\"2025-01-16T09:00:16+00:00\",\"dateModified\":\"2025-01-20T09:00:58+00:00\",\"mainEntityOfPage\":{\"@id\":\"https:\\\/\\\/fundacioncajaruraldelsur.com\\\/la-fundacion-caja-rural-del-sur-y-el-foro-encinal-unen-esfuerzos-en-defensa-de-la-dehesa\\\/\"},\"wordCount\":334,\"image\":{\"@id\":\"https:\\\/\\\/fundacioncajaruraldelsur.com\\\/la-fundacion-caja-rural-del-sur-y-el-foro-encinal-unen-esfuerzos-en-defensa-de-la-dehesa\\\/#primaryimage\"},\"thumbnailUrl\":\"https:\\\/\\\/fundacioncajaruraldelsur.com\\\/wp-content\\\/uploads\\\/2025\\\/01\\\/Felix-Joaquin-Sanz-y-Enrique-Ponce-2.jpg\",\"articleSection\":[\"Convenios\"],\"inLanguage\":\"pt-PT\"},{\"@type\":\"WebPage\",\"@id\":\"https:\\\/\\\/fundacioncajaruraldelsur.com\\\/la-fundacion-caja-rural-del-sur-y-el-foro-encinal-unen-esfuerzos-en-defensa-de-la-dehesa\\\/\",\"url\":\"https:\\\/\\\/fundacioncajaruraldelsur.com\\\/la-fundacion-caja-rural-del-sur-y-el-foro-encinal-unen-esfuerzos-en-defensa-de-la-dehesa\\\/\",\"name\":\"La Fundaci\u00f3n Caja Rural del Sur y el Foro Encinal unen esfuerzos en defensa de la dehesa - Fundaci\u00f3n Caja Rural del Sur\",\"isPartOf\":{\"@id\":\"https:\\\/\\\/fundacioncajaruraldelsur.com\\\/#website\"},\"primaryImageOfPage\":{\"@id\":\"https:\\\/\\\/fundacioncajaruraldelsur.com\\\/la-fundacion-caja-rural-del-sur-y-el-foro-encinal-unen-esfuerzos-en-defensa-de-la-dehesa\\\/#primaryimage\"},\"image\":{\"@id\":\"https:\\\/\\\/fundacioncajaruraldelsur.com\\\/la-fundacion-caja-rural-del-sur-y-el-foro-encinal-unen-esfuerzos-en-defensa-de-la-dehesa\\\/#primaryimage\"},\"thumbnailUrl\":\"https:\\\/\\\/fundacioncajaruraldelsur.com\\\/wp-content\\\/uploads\\\/2025\\\/01\\\/Felix-Joaquin-Sanz-y-Enrique-Ponce-2.jpg\",\"datePublished\":\"2025-01-16T09:00:16+00:00\",\"dateModified\":\"2025-01-20T09:00:58+00:00\",\"author\":{\"@id\":\"https:\\\/\\\/fundacioncajaruraldelsur.com\\\/#\\\/schema\\\/person\\\/3cc097351ab55f31ece09bae985e0dff\"},\"breadcrumb\":{\"@id\":\"https:\\\/\\\/fundacioncajaruraldelsur.com\\\/la-fundacion-caja-rural-del-sur-y-el-foro-encinal-unen-esfuerzos-en-defensa-de-la-dehesa\\\/#breadcrumb\"},\"inLanguage\":\"pt-PT\",\"potentialAction\":[{\"@type\":\"ReadAction\",\"target\":[\"https:\\\/\\\/fundacioncajaruraldelsur.com\\\/la-fundacion-caja-rural-del-sur-y-el-foro-encinal-unen-esfuerzos-en-defensa-de-la-dehesa\\\/\"]}]},{\"@type\":\"ImageObject\",\"inLanguage\":\"pt-PT\",\"@id\":\"https:\\\/\\\/fundacioncajaruraldelsur.com\\\/la-fundacion-caja-rural-del-sur-y-el-foro-encinal-unen-esfuerzos-en-defensa-de-la-dehesa\\\/#primaryimage\",\"url\":\"https:\\\/\\\/fundacioncajaruraldelsur.com\\\/wp-content\\\/uploads\\\/2025\\\/01\\\/Felix-Joaquin-Sanz-y-Enrique-Ponce-2.jpg\",\"contentUrl\":\"https:\\\/\\\/fundacioncajaruraldelsur.com\\\/wp-content\\\/uploads\\\/2025\\\/01\\\/Felix-Joaquin-Sanz-y-Enrique-Ponce-2.jpg\",\"width\":2119,\"height\":1504},{\"@type\":\"BreadcrumbList\",\"@id\":\"https:\\\/\\\/fundacioncajaruraldelsur.com\\\/la-fundacion-caja-rural-del-sur-y-el-foro-encinal-unen-esfuerzos-en-defensa-de-la-dehesa\\\/#breadcrumb\",\"itemListElement\":[{\"@type\":\"ListItem\",\"position\":1,\"name\":\"Portada\",\"item\":\"https:\\\/\\\/fundacioncajaruraldelsur.com\\\/\"},{\"@type\":\"ListItem\",\"position\":2,\"name\":\"La Fundaci\u00f3n Caja Rural del Sur y el Foro Encinal unen esfuerzos en defensa de la dehesa\"}]},{\"@type\":\"WebSite\",\"@id\":\"https:\\\/\\\/fundacioncajaruraldelsur.com\\\/#website\",\"url\":\"https:\\\/\\\/fundacioncajaruraldelsur.com\\\/\",\"name\":\"Fundaci\u00f3n Caja Rural del Sur\",\"description\":\"\",\"potentialAction\":[{\"@type\":\"SearchAction\",\"target\":{\"@type\":\"EntryPoint\",\"urlTemplate\":\"https:\\\/\\\/fundacioncajaruraldelsur.com\\\/?s={search_term_string}\"},\"query-input\":{\"@type\":\"PropertyValueSpecification\",\"valueRequired\":true,\"valueName\":\"search_term_string\"}}],\"inLanguage\":\"pt-PT\"},{\"@type\":\"Person\",\"@id\":\"https:\\\/\\\/fundacioncajaruraldelsur.com\\\/#\\\/schema\\\/person\\\/3cc097351ab55f31ece09bae985e0dff\",\"name\":\"Huelvaadmin\",\"image\":{\"@type\":\"ImageObject\",\"inLanguage\":\"pt-PT\",\"@id\":\"https:\\\/\\\/secure.gravatar.com\\\/avatar\\\/844b95d9bb5bedef6ef3f07e4ac357114f2d6f55fe0799f36cbe3975aebd8bcc?s=96&d=blank&r=g\",\"url\":\"https:\\\/\\\/secure.gravatar.com\\\/avatar\\\/844b95d9bb5bedef6ef3f07e4ac357114f2d6f55fe0799f36cbe3975aebd8bcc?s=96&d=blank&r=g\",\"contentUrl\":\"https:\\\/\\\/secure.gravatar.com\\\/avatar\\\/844b95d9bb5bedef6ef3f07e4ac357114f2d6f55fe0799f36cbe3975aebd8bcc?s=96&d=blank&r=g\",\"caption\":\"Huelvaadmin\"}}]}<\/script>\n<!-- \/ Yoast SEO plugin. -->","yoast_head_json":{"title":"La Fundaci\u00f3n Caja Rural del Sur y el Foro Encinal unen esfuerzos en defensa de la dehesa - Fundaci\u00f3n Caja Rural del Sur","robots":{"index":"index","follow":"follow","max-snippet":"max-snippet:-1","max-image-preview":"max-image-preview:large","max-video-preview":"max-video-preview:-1"},"canonical":"https:\/\/fundacioncajaruraldelsur.com\/pt\/la-fundacion-caja-rural-del-sur-y-el-foro-encinal-unen-esfuerzos-en-defensa-de-la-dehesa\/","og_locale":"pt_PT","og_type":"article","og_title":"La Fundaci\u00f3n Caja Rural del Sur y el Foro Encinal unen esfuerzos en defensa de la dehesa - Fundaci\u00f3n Caja Rural del Sur","og_description":"Fundaci\u00f3n Caja Rural del Sur y Foro para la Defensa y Conservaci\u00f3n de la Dehesa \u2018Encinal\u2019 han renovado su convenio de colaboraci\u00f3n para aunar esfuerzos y desarrollar iniciativas para dar [&hellip;]","og_url":"https:\/\/fundacioncajaruraldelsur.com\/pt\/la-fundacion-caja-rural-del-sur-y-el-foro-encinal-unen-esfuerzos-en-defensa-de-la-dehesa\/","og_site_name":"Fundaci\u00f3n Caja Rural del Sur","article_published_time":"2025-01-16T09:00:16+00:00","article_modified_time":"2025-01-20T09:00:58+00:00","og_image":[{"width":2119,"height":1504,"url":"https:\/\/fundacioncajaruraldelsur.com\/wp-content\/uploads\/2025\/01\/Felix-Joaquin-Sanz-y-Enrique-Ponce-2.jpg","type":"image\/jpeg"}],"author":"Huelvaadmin","twitter_card":"summary_large_image","twitter_misc":{"Written by":"Huelvaadmin","Est. reading time":"2 minutes"},"schema":{"@context":"https:\/\/schema.org","@graph":[{"@type":"Article","@id":"https:\/\/fundacioncajaruraldelsur.com\/la-fundacion-caja-rural-del-sur-y-el-foro-encinal-unen-esfuerzos-en-defensa-de-la-dehesa\/#article","isPartOf":{"@id":"https:\/\/fundacioncajaruraldelsur.com\/la-fundacion-caja-rural-del-sur-y-el-foro-encinal-unen-esfuerzos-en-defensa-de-la-dehesa\/"},"author":{"name":"Huelvaadmin","@id":"https:\/\/fundacioncajaruraldelsur.com\/#\/schema\/person\/3cc097351ab55f31ece09bae985e0dff"},"headline":"La Fundaci\u00f3n Caja Rural del Sur y el Foro Encinal unen esfuerzos en defensa de la dehesa","datePublished":"2025-01-16T09:00:16+00:00","dateModified":"2025-01-20T09:00:58+00:00","mainEntityOfPage":{"@id":"https:\/\/fundacioncajaruraldelsur.com\/la-fundacion-caja-rural-del-sur-y-el-foro-encinal-unen-esfuerzos-en-defensa-de-la-dehesa\/"},"wordCount":334,"image":{"@id":"https:\/\/fundacioncajaruraldelsur.com\/la-fundacion-caja-rural-del-sur-y-el-foro-encinal-unen-esfuerzos-en-defensa-de-la-dehesa\/#primaryimage"},"thumbnailUrl":"https:\/\/fundacioncajaruraldelsur.com\/wp-content\/uploads\/2025\/01\/Felix-Joaquin-Sanz-y-Enrique-Ponce-2.jpg","articleSection":["Convenios"],"inLanguage":"pt-PT"},{"@type":"WebPage","@id":"https:\/\/fundacioncajaruraldelsur.com\/la-fundacion-caja-rural-del-sur-y-el-foro-encinal-unen-esfuerzos-en-defensa-de-la-dehesa\/","url":"https:\/\/fundacioncajaruraldelsur.com\/la-fundacion-caja-rural-del-sur-y-el-foro-encinal-unen-esfuerzos-en-defensa-de-la-dehesa\/","name":"La Fundaci\u00f3n Caja Rural del Sur y el Foro Encinal unen esfuerzos en defensa de la dehesa - Fundaci\u00f3n Caja Rural del Sur","isPartOf":{"@id":"https:\/\/fundacioncajaruraldelsur.com\/#website"},"primaryImageOfPage":{"@id":"https:\/\/fundacioncajaruraldelsur.com\/la-fundacion-caja-rural-del-sur-y-el-foro-encinal-unen-esfuerzos-en-defensa-de-la-dehesa\/#primaryimage"},"image":{"@id":"https:\/\/fundacioncajaruraldelsur.com\/la-fundacion-caja-rural-del-sur-y-el-foro-encinal-unen-esfuerzos-en-defensa-de-la-dehesa\/#primaryimage"},"thumbnailUrl":"https:\/\/fundacioncajaruraldelsur.com\/wp-content\/uploads\/2025\/01\/Felix-Joaquin-Sanz-y-Enrique-Ponce-2.jpg","datePublished":"2025-01-16T09:00:16+00:00","dateModified":"2025-01-20T09:00:58+00:00","author":{"@id":"https:\/\/fundacioncajaruraldelsur.com\/#\/schema\/person\/3cc097351ab55f31ece09bae985e0dff"},"breadcrumb":{"@id":"https:\/\/fundacioncajaruraldelsur.com\/la-fundacion-caja-rural-del-sur-y-el-foro-encinal-unen-esfuerzos-en-defensa-de-la-dehesa\/#breadcrumb"},"inLanguage":"pt-PT","potentialAction":[{"@type":"ReadAction","target":["https:\/\/fundacioncajaruraldelsur.com\/la-fundacion-caja-rural-del-sur-y-el-foro-encinal-unen-esfuerzos-en-defensa-de-la-dehesa\/"]}]},{"@type":"ImageObject","inLanguage":"pt-PT","@id":"https:\/\/fundacioncajaruraldelsur.com\/la-fundacion-caja-rural-del-sur-y-el-foro-encinal-unen-esfuerzos-en-defensa-de-la-dehesa\/#primaryimage","url":"https:\/\/fundacioncajaruraldelsur.com\/wp-content\/uploads\/2025\/01\/Felix-Joaquin-Sanz-y-Enrique-Ponce-2.jpg","contentUrl":"https:\/\/fundacioncajaruraldelsur.com\/wp-content\/uploads\/2025\/01\/Felix-Joaquin-Sanz-y-Enrique-Ponce-2.jpg","width":2119,"height":1504},{"@type":"BreadcrumbList","@id":"https:\/\/fundacioncajaruraldelsur.com\/la-fundacion-caja-rural-del-sur-y-el-foro-encinal-unen-esfuerzos-en-defensa-de-la-dehesa\/#breadcrumb","itemListElement":[{"@type":"ListItem","position":1,"name":"Portada","item":"https:\/\/fundacioncajaruraldelsur.com\/"},{"@type":"ListItem","position":2,"name":"La Fundaci\u00f3n Caja Rural del Sur y el Foro Encinal unen esfuerzos en defensa de la dehesa"}]},{"@type":"WebSite","@id":"https:\/\/fundacioncajaruraldelsur.com\/#website","url":"https:\/\/fundacioncajaruraldelsur.com\/","name":"Funda\u00e7\u00e3o Caja Rural del Sur","description":"","potentialAction":[{"@type":"SearchAction","target":{"@type":"EntryPoint","urlTemplate":"https:\/\/fundacioncajaruraldelsur.com\/?s={search_term_string}"},"query-input":{"@type":"PropertyValueSpecification","valueRequired":true,"valueName":"search_term_string"}}],"inLanguage":"pt-PT"},{"@type":"Person","@id":"https:\/\/fundacioncajaruraldelsur.com\/#\/schema\/person\/3cc097351ab55f31ece09bae985e0dff","name":"Huelvaadmin","image":{"@type":"ImageObject","inLanguage":"pt-PT","@id":"https:\/\/secure.gravatar.com\/avatar\/844b95d9bb5bedef6ef3f07e4ac357114f2d6f55fe0799f36cbe3975aebd8bcc?s=96&d=blank&r=g","url":"https:\/\/secure.gravatar.com\/avatar\/844b95d9bb5bedef6ef3f07e4ac357114f2d6f55fe0799f36cbe3975aebd8bcc?s=96&d=blank&r=g","contentUrl":"https:\/\/secure.gravatar.com\/avatar\/844b95d9bb5bedef6ef3f07e4ac357114f2d6f55fe0799f36cbe3975aebd8bcc?s=96&d=blank&r=g","caption":"Huelvaadmin"}}]}},"rttpg_featured_image_url":{"full":["https:\/\/fundacioncajaruraldelsur.com\/wp-content\/uploads\/2025\/01\/Felix-Joaquin-Sanz-y-Enrique-Ponce-2.jpg",2119,1504,false],"landscape":["https:\/\/fundacioncajaruraldelsur.com\/wp-content\/uploads\/2025\/01\/Felix-Joaquin-Sanz-y-Enrique-Ponce-2.jpg",2119,1504,false],"portraits":["https:\/\/fundacioncajaruraldelsur.com\/wp-content\/uploads\/2025\/01\/Felix-Joaquin-Sanz-y-Enrique-Ponce-2.jpg",2119,1504,false],"thumbnail":["https:\/\/fundacioncajaruraldelsur.com\/wp-content\/uploads\/2025\/01\/Felix-Joaquin-Sanz-y-Enrique-Ponce-2-150x150.jpg",150,150,true],"medium":["https:\/\/fundacioncajaruraldelsur.com\/wp-content\/uploads\/2025\/01\/Felix-Joaquin-Sanz-y-Enrique-Ponce-2-300x213.jpg",300,213,true],"large":["https:\/\/fundacioncajaruraldelsur.com\/wp-content\/uploads\/2025\/01\/Felix-Joaquin-Sanz-y-Enrique-Ponce-2-1024x727.jpg",960,682,true],"1536x1536":["https:\/\/fundacioncajaruraldelsur.com\/wp-content\/uploads\/2025\/01\/Felix-Joaquin-Sanz-y-Enrique-Ponce-2-1536x1090.jpg",1536,1090,true],"2048x2048":["https:\/\/fundacioncajaruraldelsur.com\/wp-content\/uploads\/2025\/01\/Felix-Joaquin-Sanz-y-Enrique-Ponce-2-2048x1454.jpg",2048,1454,true],"trp-custom-language-flag":["https:\/\/fundacioncajaruraldelsur.com\/wp-content\/uploads\/2025\/01\/Felix-Joaquin-Sanz-y-Enrique-Ponce-2.jpg",18,12,false],"blog-thumbnail":["https:\/\/fundacioncajaruraldelsur.com\/wp-content\/uploads\/2025\/01\/Felix-Joaquin-Sanz-y-Enrique-Ponce-2-400x200.jpg",400,200,true]},"rttpg_author":{"display_name":"Huelvaadmin","author_link":"https:\/\/fundacioncajaruraldelsur.com\/pt\/author\/huelvaadmin\/"},"rttpg_comment":0,"rttpg_category":"<a href=\"https:\/\/fundacioncajaruraldelsur.com\/pt\/category\/convenios\/\" rel=\"category tag\">Convenios<\/a>","rttpg_excerpt":"Fundaci\u00f3n Caja Rural del Sur y Foro para la Defensa y Conservaci\u00f3n de la Dehesa \u2018Encinal\u2019 han renovado su convenio de colaboraci\u00f3n para aunar esfuerzos y desarrollar iniciativas para dar [&hellip;]","_links":{"self":[{"href":"https:\/\/fundacioncajaruraldelsur.com\/pt\/wp-json\/wp\/v2\/posts\/10786","targetHints":{"allow":["GET"]}}],"collection":[{"href":"https:\/\/fundacioncajaruraldelsur.com\/pt\/wp-json\/wp\/v2\/posts"}],"about":[{"href":"https:\/\/fundacioncajaruraldelsur.com\/pt\/wp-json\/wp\/v2\/types\/post"}],"author":[{"embeddable":true,"href":"https:\/\/fundacioncajaruraldelsur.com\/pt\/wp-json\/wp\/v2\/users\/4"}],"replies":[{"embeddable":true,"href":"https:\/\/fundacioncajaruraldelsur.com\/pt\/wp-json\/wp\/v2\/comments?post=10786"}],"version-history":[{"count":1,"href":"https:\/\/fundacioncajaruraldelsur.com\/pt\/wp-json\/wp\/v2\/posts\/10786\/revisions"}],"predecessor-version":[{"id":10788,"href":"https:\/\/fundacioncajaruraldelsur.com\/pt\/wp-json\/wp\/v2\/posts\/10786\/revisions\/10788"}],"wp:featuredmedia":[{"embeddable":true,"href":"https:\/\/fundacioncajaruraldelsur.com\/pt\/wp-json\/wp\/v2\/media\/10787"}],"wp:attachment":[{"href":"https:\/\/fundacioncajaruraldelsur.com\/pt\/wp-json\/wp\/v2\/media?parent=10786"}],"wp:term":[{"taxonomy":"category","embeddable":true,"href":"https:\/\/fundacioncajaruraldelsur.com\/pt\/wp-json\/wp\/v2\/categories?post=10786"},{"taxonomy":"post_tag","embeddable":true,"href":"https:\/\/fundacioncajaruraldelsur.com\/pt\/wp-json\/wp\/v2\/tags?post=10786"}],"curies":[{"name":"wp","href":"https:\/\/api.w.org\/{rel}","templated":true}]}}