{"id":10770,"date":"2025-01-13T10:13:55","date_gmt":"2025-01-13T09:13:55","guid":{"rendered":"\/?p=10770"},"modified":"2025-01-15T10:14:31","modified_gmt":"2025-01-15T09:14:31","slug":"caja-rural-del-sur-en-la-primera-jornada-del-ano-en-el-gran-hipodromo-de-andalucia","status":"publish","type":"post","link":"https:\/\/fundacioncajaruraldelsur.com\/pt\/caja-rural-del-sur-en-la-primera-jornada-del-ano-en-el-gran-hipodromo-de-andalucia\/","title":{"rendered":"Caja Rural del Sur en la primera jornada del a\u00f1o en el Gran Hip\u00f3dromo de Andaluc\u00eda"},"content":{"rendered":"<p><strong>Este domingo, 12 de enero, ha regresado la temporada de carreras de caballos en el Gran Hip\u00f3dromo de Andaluc\u00eda, en Dos Hermanas, Sevilla.<\/strong>\u00a0Este evento, que forma parte de las 14 jornadas programadas para el circuito profesional de SELAE 2024\/2025, cont\u00f3 con la colaboraci\u00f3n de Caja Rural del Sur, como patrocinador de uno de los Premios otorgados.<\/p>\n<p>En concreto, fue la cuarta prueba del d\u00eda, el\u00a0<strong>Premio Fundaci\u00f3n Caja Rural del Sur\u00a0<\/strong>entregado al ganador por el Director Financiero de la Fundaci\u00f3n Caja Rural del Sur, Manuel Ruiz Rojas y el responsable de Instituciones, colectivos y convenios de la entidad,\u00a0<strong>Rafael Peral.<\/strong><\/p>\n<p>El jockey\u00a0Nicol\u00e1s de Juli\u00e1n\u00a0con la monta de\u00a0La Mal Amada\u00a0de la\u00a0Cuadra Europa\u00a0lleg\u00f3 primero a meta en este Premio, siendo la segunda parte del h\u00e1ndicap dividido. La ocho a\u00f1os preparada por el portugu\u00e9s\u00a0Jos\u00e9 Carlos Cerqueira\u00a0esper\u00f3 el momento en la recta definitiva para imponerse con un gran remate sobre: Pionina y Spanish Ruler, que entraron en el tr\u00edo ganador comandados por Sara Horcajada y Vaclav Janacek, a medio cuerpo y menos de cuerpo de desventaja sobre la yegua vencedora..<\/p>\n<p>La jornada inaugural dej\u00f3 claro que la temporada 2024\/2025 promete grandes momentos para los amantes de las carreras de caballos. La victoria de La Mal Amada no solo resalt\u00f3 el talento de su equipo, sino que tambi\u00e9n subray\u00f3 el nivel competitivo y la pasi\u00f3n que caracterizan a este.<\/p>","protected":false},"excerpt":{"rendered":"<p>Este domingo, 12 de enero, ha regresado la temporada de carreras de caballos en el Gran Hip\u00f3dromo de Andaluc\u00eda, en Dos Hermanas, Sevilla.\u00a0Este evento, que forma parte de las 14 [&hellip;]<\/p>\n","protected":false},"author":4,"featured_media":10771,"comment_status":"closed","ping_status":"closed","sticky":false,"template":"","format":"standard","meta":{"footnotes":""},"categories":[64],"tags":[],"class_list":["post-10770","post","type-post","status-publish","format-standard","has-post-thumbnail","hentry","category-premios"],"yoast_head":"<!-- This site is optimized with the Yoast SEO plugin v27.3 - https:\/\/yoast.com\/product\/yoast-seo-wordpress\/ -->\n<title>Caja Rural del Sur en la primera jornada del a\u00f1o en el Gran Hip\u00f3dromo de Andaluc\u00eda - Fundaci\u00f3n Caja Rural del Sur<\/title>\n<meta name=\"robots\" content=\"index, follow, max-snippet:-1, max-image-preview:large, max-video-preview:-1\" \/>\n<link rel=\"canonical\" href=\"https:\/\/fundacioncajaruraldelsur.com\/pt\/caja-rural-del-sur-en-la-primera-jornada-del-ano-en-el-gran-hipodromo-de-andalucia\/\" \/>\n<meta property=\"og:locale\" content=\"pt_PT\" \/>\n<meta property=\"og:type\" content=\"article\" \/>\n<meta property=\"og:title\" content=\"Caja Rural del Sur en la primera jornada del a\u00f1o en el Gran Hip\u00f3dromo de Andaluc\u00eda - Fundaci\u00f3n Caja Rural del Sur\" \/>\n<meta property=\"og:description\" content=\"Este domingo, 12 de enero, ha regresado la temporada de carreras de caballos en el Gran Hip\u00f3dromo de Andaluc\u00eda, en Dos Hermanas, Sevilla.\u00a0Este evento, que forma parte de las 14 [&hellip;]\" \/>\n<meta property=\"og:url\" content=\"https:\/\/fundacioncajaruraldelsur.com\/pt\/caja-rural-del-sur-en-la-primera-jornada-del-ano-en-el-gran-hipodromo-de-andalucia\/\" \/>\n<meta property=\"og:site_name\" content=\"Fundaci\u00f3n Caja Rural del Sur\" \/>\n<meta property=\"article:published_time\" content=\"2025-01-13T09:13:55+00:00\" \/>\n<meta property=\"article:modified_time\" content=\"2025-01-15T09:14:31+00:00\" \/>\n<meta property=\"og:image\" content=\"https:\/\/fundacioncajaruraldelsur.com\/wp-content\/uploads\/2025\/01\/PHOTO-2025-01-12-15-06-56.jpg\" \/>\n\t<meta property=\"og:image:width\" content=\"1600\" \/>\n\t<meta property=\"og:image:height\" content=\"1200\" \/>\n\t<meta property=\"og:image:type\" content=\"image\/jpeg\" \/>\n<meta name=\"author\" content=\"Huelvaadmin\" \/>\n<meta name=\"twitter:card\" content=\"summary_large_image\" \/>\n<meta name=\"twitter:label1\" content=\"Written by\" \/>\n\t<meta name=\"twitter:data1\" content=\"Huelvaadmin\" \/>\n\t<meta name=\"twitter:label2\" content=\"Est. reading time\" \/>\n\t<meta name=\"twitter:data2\" content=\"2 minutes\" \/>\n<script type=\"application\/ld+json\" class=\"yoast-schema-graph\">{\"@context\":\"https:\\\/\\\/schema.org\",\"@graph\":[{\"@type\":\"Article\",\"@id\":\"https:\\\/\\\/fundacioncajaruraldelsur.com\\\/caja-rural-del-sur-en-la-primera-jornada-del-ano-en-el-gran-hipodromo-de-andalucia\\\/#article\",\"isPartOf\":{\"@id\":\"https:\\\/\\\/fundacioncajaruraldelsur.com\\\/caja-rural-del-sur-en-la-primera-jornada-del-ano-en-el-gran-hipodromo-de-andalucia\\\/\"},\"author\":{\"name\":\"Huelvaadmin\",\"@id\":\"https:\\\/\\\/fundacioncajaruraldelsur.com\\\/#\\\/schema\\\/person\\\/3cc097351ab55f31ece09bae985e0dff\"},\"headline\":\"Caja Rural del Sur en la primera jornada del a\u00f1o en el Gran Hip\u00f3dromo de Andaluc\u00eda\",\"datePublished\":\"2025-01-13T09:13:55+00:00\",\"dateModified\":\"2025-01-15T09:14:31+00:00\",\"mainEntityOfPage\":{\"@id\":\"https:\\\/\\\/fundacioncajaruraldelsur.com\\\/caja-rural-del-sur-en-la-primera-jornada-del-ano-en-el-gran-hipodromo-de-andalucia\\\/\"},\"wordCount\":263,\"image\":{\"@id\":\"https:\\\/\\\/fundacioncajaruraldelsur.com\\\/caja-rural-del-sur-en-la-primera-jornada-del-ano-en-el-gran-hipodromo-de-andalucia\\\/#primaryimage\"},\"thumbnailUrl\":\"https:\\\/\\\/fundacioncajaruraldelsur.com\\\/wp-content\\\/uploads\\\/2025\\\/01\\\/PHOTO-2025-01-12-15-06-56.jpg\",\"articleSection\":[\"Premios\"],\"inLanguage\":\"pt-PT\"},{\"@type\":\"WebPage\",\"@id\":\"https:\\\/\\\/fundacioncajaruraldelsur.com\\\/caja-rural-del-sur-en-la-primera-jornada-del-ano-en-el-gran-hipodromo-de-andalucia\\\/\",\"url\":\"https:\\\/\\\/fundacioncajaruraldelsur.com\\\/caja-rural-del-sur-en-la-primera-jornada-del-ano-en-el-gran-hipodromo-de-andalucia\\\/\",\"name\":\"Caja Rural del Sur en la primera jornada del a\u00f1o en el Gran Hip\u00f3dromo de Andaluc\u00eda - Fundaci\u00f3n Caja Rural del Sur\",\"isPartOf\":{\"@id\":\"https:\\\/\\\/fundacioncajaruraldelsur.com\\\/#website\"},\"primaryImageOfPage\":{\"@id\":\"https:\\\/\\\/fundacioncajaruraldelsur.com\\\/caja-rural-del-sur-en-la-primera-jornada-del-ano-en-el-gran-hipodromo-de-andalucia\\\/#primaryimage\"},\"image\":{\"@id\":\"https:\\\/\\\/fundacioncajaruraldelsur.com\\\/caja-rural-del-sur-en-la-primera-jornada-del-ano-en-el-gran-hipodromo-de-andalucia\\\/#primaryimage\"},\"thumbnailUrl\":\"https:\\\/\\\/fundacioncajaruraldelsur.com\\\/wp-content\\\/uploads\\\/2025\\\/01\\\/PHOTO-2025-01-12-15-06-56.jpg\",\"datePublished\":\"2025-01-13T09:13:55+00:00\",\"dateModified\":\"2025-01-15T09:14:31+00:00\",\"author\":{\"@id\":\"https:\\\/\\\/fundacioncajaruraldelsur.com\\\/#\\\/schema\\\/person\\\/3cc097351ab55f31ece09bae985e0dff\"},\"breadcrumb\":{\"@id\":\"https:\\\/\\\/fundacioncajaruraldelsur.com\\\/caja-rural-del-sur-en-la-primera-jornada-del-ano-en-el-gran-hipodromo-de-andalucia\\\/#breadcrumb\"},\"inLanguage\":\"pt-PT\",\"potentialAction\":[{\"@type\":\"ReadAction\",\"target\":[\"https:\\\/\\\/fundacioncajaruraldelsur.com\\\/caja-rural-del-sur-en-la-primera-jornada-del-ano-en-el-gran-hipodromo-de-andalucia\\\/\"]}]},{\"@type\":\"ImageObject\",\"inLanguage\":\"pt-PT\",\"@id\":\"https:\\\/\\\/fundacioncajaruraldelsur.com\\\/caja-rural-del-sur-en-la-primera-jornada-del-ano-en-el-gran-hipodromo-de-andalucia\\\/#primaryimage\",\"url\":\"https:\\\/\\\/fundacioncajaruraldelsur.com\\\/wp-content\\\/uploads\\\/2025\\\/01\\\/PHOTO-2025-01-12-15-06-56.jpg\",\"contentUrl\":\"https:\\\/\\\/fundacioncajaruraldelsur.com\\\/wp-content\\\/uploads\\\/2025\\\/01\\\/PHOTO-2025-01-12-15-06-56.jpg\",\"width\":1600,\"height\":1200},{\"@type\":\"BreadcrumbList\",\"@id\":\"https:\\\/\\\/fundacioncajaruraldelsur.com\\\/caja-rural-del-sur-en-la-primera-jornada-del-ano-en-el-gran-hipodromo-de-andalucia\\\/#breadcrumb\",\"itemListElement\":[{\"@type\":\"ListItem\",\"position\":1,\"name\":\"Portada\",\"item\":\"https:\\\/\\\/fundacioncajaruraldelsur.com\\\/\"},{\"@type\":\"ListItem\",\"position\":2,\"name\":\"Caja Rural del Sur en la primera jornada del a\u00f1o en el Gran Hip\u00f3dromo de Andaluc\u00eda\"}]},{\"@type\":\"WebSite\",\"@id\":\"https:\\\/\\\/fundacioncajaruraldelsur.com\\\/#website\",\"url\":\"https:\\\/\\\/fundacioncajaruraldelsur.com\\\/\",\"name\":\"Fundaci\u00f3n Caja Rural del Sur\",\"description\":\"\",\"potentialAction\":[{\"@type\":\"SearchAction\",\"target\":{\"@type\":\"EntryPoint\",\"urlTemplate\":\"https:\\\/\\\/fundacioncajaruraldelsur.com\\\/?s={search_term_string}\"},\"query-input\":{\"@type\":\"PropertyValueSpecification\",\"valueRequired\":true,\"valueName\":\"search_term_string\"}}],\"inLanguage\":\"pt-PT\"},{\"@type\":\"Person\",\"@id\":\"https:\\\/\\\/fundacioncajaruraldelsur.com\\\/#\\\/schema\\\/person\\\/3cc097351ab55f31ece09bae985e0dff\",\"name\":\"Huelvaadmin\",\"image\":{\"@type\":\"ImageObject\",\"inLanguage\":\"pt-PT\",\"@id\":\"https:\\\/\\\/secure.gravatar.com\\\/avatar\\\/844b95d9bb5bedef6ef3f07e4ac357114f2d6f55fe0799f36cbe3975aebd8bcc?s=96&d=blank&r=g\",\"url\":\"https:\\\/\\\/secure.gravatar.com\\\/avatar\\\/844b95d9bb5bedef6ef3f07e4ac357114f2d6f55fe0799f36cbe3975aebd8bcc?s=96&d=blank&r=g\",\"contentUrl\":\"https:\\\/\\\/secure.gravatar.com\\\/avatar\\\/844b95d9bb5bedef6ef3f07e4ac357114f2d6f55fe0799f36cbe3975aebd8bcc?s=96&d=blank&r=g\",\"caption\":\"Huelvaadmin\"}}]}<\/script>\n<!-- \/ Yoast SEO plugin. -->","yoast_head_json":{"title":"Caja Rural del Sur en la primera jornada del a\u00f1o en el Gran Hip\u00f3dromo de Andaluc\u00eda - Fundaci\u00f3n Caja Rural del Sur","robots":{"index":"index","follow":"follow","max-snippet":"max-snippet:-1","max-image-preview":"max-image-preview:large","max-video-preview":"max-video-preview:-1"},"canonical":"https:\/\/fundacioncajaruraldelsur.com\/pt\/caja-rural-del-sur-en-la-primera-jornada-del-ano-en-el-gran-hipodromo-de-andalucia\/","og_locale":"pt_PT","og_type":"article","og_title":"Caja Rural del Sur en la primera jornada del a\u00f1o en el Gran Hip\u00f3dromo de Andaluc\u00eda - Fundaci\u00f3n Caja Rural del Sur","og_description":"Este domingo, 12 de enero, ha regresado la temporada de carreras de caballos en el Gran Hip\u00f3dromo de Andaluc\u00eda, en Dos Hermanas, Sevilla.\u00a0Este evento, que forma parte de las 14 [&hellip;]","og_url":"https:\/\/fundacioncajaruraldelsur.com\/pt\/caja-rural-del-sur-en-la-primera-jornada-del-ano-en-el-gran-hipodromo-de-andalucia\/","og_site_name":"Fundaci\u00f3n Caja Rural del Sur","article_published_time":"2025-01-13T09:13:55+00:00","article_modified_time":"2025-01-15T09:14:31+00:00","og_image":[{"width":1600,"height":1200,"url":"https:\/\/fundacioncajaruraldelsur.com\/wp-content\/uploads\/2025\/01\/PHOTO-2025-01-12-15-06-56.jpg","type":"image\/jpeg"}],"author":"Huelvaadmin","twitter_card":"summary_large_image","twitter_misc":{"Written by":"Huelvaadmin","Est. reading time":"2 minutes"},"schema":{"@context":"https:\/\/schema.org","@graph":[{"@type":"Article","@id":"https:\/\/fundacioncajaruraldelsur.com\/caja-rural-del-sur-en-la-primera-jornada-del-ano-en-el-gran-hipodromo-de-andalucia\/#article","isPartOf":{"@id":"https:\/\/fundacioncajaruraldelsur.com\/caja-rural-del-sur-en-la-primera-jornada-del-ano-en-el-gran-hipodromo-de-andalucia\/"},"author":{"name":"Huelvaadmin","@id":"https:\/\/fundacioncajaruraldelsur.com\/#\/schema\/person\/3cc097351ab55f31ece09bae985e0dff"},"headline":"Caja Rural del Sur en la primera jornada del a\u00f1o en el Gran Hip\u00f3dromo de Andaluc\u00eda","datePublished":"2025-01-13T09:13:55+00:00","dateModified":"2025-01-15T09:14:31+00:00","mainEntityOfPage":{"@id":"https:\/\/fundacioncajaruraldelsur.com\/caja-rural-del-sur-en-la-primera-jornada-del-ano-en-el-gran-hipodromo-de-andalucia\/"},"wordCount":263,"image":{"@id":"https:\/\/fundacioncajaruraldelsur.com\/caja-rural-del-sur-en-la-primera-jornada-del-ano-en-el-gran-hipodromo-de-andalucia\/#primaryimage"},"thumbnailUrl":"https:\/\/fundacioncajaruraldelsur.com\/wp-content\/uploads\/2025\/01\/PHOTO-2025-01-12-15-06-56.jpg","articleSection":["Premios"],"inLanguage":"pt-PT"},{"@type":"WebPage","@id":"https:\/\/fundacioncajaruraldelsur.com\/caja-rural-del-sur-en-la-primera-jornada-del-ano-en-el-gran-hipodromo-de-andalucia\/","url":"https:\/\/fundacioncajaruraldelsur.com\/caja-rural-del-sur-en-la-primera-jornada-del-ano-en-el-gran-hipodromo-de-andalucia\/","name":"Caja Rural del Sur en la primera jornada del a\u00f1o en el Gran Hip\u00f3dromo de Andaluc\u00eda - Fundaci\u00f3n Caja Rural del Sur","isPartOf":{"@id":"https:\/\/fundacioncajaruraldelsur.com\/#website"},"primaryImageOfPage":{"@id":"https:\/\/fundacioncajaruraldelsur.com\/caja-rural-del-sur-en-la-primera-jornada-del-ano-en-el-gran-hipodromo-de-andalucia\/#primaryimage"},"image":{"@id":"https:\/\/fundacioncajaruraldelsur.com\/caja-rural-del-sur-en-la-primera-jornada-del-ano-en-el-gran-hipodromo-de-andalucia\/#primaryimage"},"thumbnailUrl":"https:\/\/fundacioncajaruraldelsur.com\/wp-content\/uploads\/2025\/01\/PHOTO-2025-01-12-15-06-56.jpg","datePublished":"2025-01-13T09:13:55+00:00","dateModified":"2025-01-15T09:14:31+00:00","author":{"@id":"https:\/\/fundacioncajaruraldelsur.com\/#\/schema\/person\/3cc097351ab55f31ece09bae985e0dff"},"breadcrumb":{"@id":"https:\/\/fundacioncajaruraldelsur.com\/caja-rural-del-sur-en-la-primera-jornada-del-ano-en-el-gran-hipodromo-de-andalucia\/#breadcrumb"},"inLanguage":"pt-PT","potentialAction":[{"@type":"ReadAction","target":["https:\/\/fundacioncajaruraldelsur.com\/caja-rural-del-sur-en-la-primera-jornada-del-ano-en-el-gran-hipodromo-de-andalucia\/"]}]},{"@type":"ImageObject","inLanguage":"pt-PT","@id":"https:\/\/fundacioncajaruraldelsur.com\/caja-rural-del-sur-en-la-primera-jornada-del-ano-en-el-gran-hipodromo-de-andalucia\/#primaryimage","url":"https:\/\/fundacioncajaruraldelsur.com\/wp-content\/uploads\/2025\/01\/PHOTO-2025-01-12-15-06-56.jpg","contentUrl":"https:\/\/fundacioncajaruraldelsur.com\/wp-content\/uploads\/2025\/01\/PHOTO-2025-01-12-15-06-56.jpg","width":1600,"height":1200},{"@type":"BreadcrumbList","@id":"https:\/\/fundacioncajaruraldelsur.com\/caja-rural-del-sur-en-la-primera-jornada-del-ano-en-el-gran-hipodromo-de-andalucia\/#breadcrumb","itemListElement":[{"@type":"ListItem","position":1,"name":"Portada","item":"https:\/\/fundacioncajaruraldelsur.com\/"},{"@type":"ListItem","position":2,"name":"Caja Rural del Sur en la primera jornada del a\u00f1o en el Gran Hip\u00f3dromo de Andaluc\u00eda"}]},{"@type":"WebSite","@id":"https:\/\/fundacioncajaruraldelsur.com\/#website","url":"https:\/\/fundacioncajaruraldelsur.com\/","name":"Funda\u00e7\u00e3o Caja Rural del Sur","description":"","potentialAction":[{"@type":"SearchAction","target":{"@type":"EntryPoint","urlTemplate":"https:\/\/fundacioncajaruraldelsur.com\/?s={search_term_string}"},"query-input":{"@type":"PropertyValueSpecification","valueRequired":true,"valueName":"search_term_string"}}],"inLanguage":"pt-PT"},{"@type":"Person","@id":"https:\/\/fundacioncajaruraldelsur.com\/#\/schema\/person\/3cc097351ab55f31ece09bae985e0dff","name":"Huelvaadmin","image":{"@type":"ImageObject","inLanguage":"pt-PT","@id":"https:\/\/secure.gravatar.com\/avatar\/844b95d9bb5bedef6ef3f07e4ac357114f2d6f55fe0799f36cbe3975aebd8bcc?s=96&d=blank&r=g","url":"https:\/\/secure.gravatar.com\/avatar\/844b95d9bb5bedef6ef3f07e4ac357114f2d6f55fe0799f36cbe3975aebd8bcc?s=96&d=blank&r=g","contentUrl":"https:\/\/secure.gravatar.com\/avatar\/844b95d9bb5bedef6ef3f07e4ac357114f2d6f55fe0799f36cbe3975aebd8bcc?s=96&d=blank&r=g","caption":"Huelvaadmin"}}]}},"rttpg_featured_image_url":{"full":["https:\/\/fundacioncajaruraldelsur.com\/wp-content\/uploads\/2025\/01\/PHOTO-2025-01-12-15-06-56.jpg",1600,1200,false],"landscape":["https:\/\/fundacioncajaruraldelsur.com\/wp-content\/uploads\/2025\/01\/PHOTO-2025-01-12-15-06-56.jpg",1600,1200,false],"portraits":["https:\/\/fundacioncajaruraldelsur.com\/wp-content\/uploads\/2025\/01\/PHOTO-2025-01-12-15-06-56.jpg",1600,1200,false],"thumbnail":["https:\/\/fundacioncajaruraldelsur.com\/wp-content\/uploads\/2025\/01\/PHOTO-2025-01-12-15-06-56-150x150.jpg",150,150,true],"medium":["https:\/\/fundacioncajaruraldelsur.com\/wp-content\/uploads\/2025\/01\/PHOTO-2025-01-12-15-06-56-300x225.jpg",300,225,true],"large":["https:\/\/fundacioncajaruraldelsur.com\/wp-content\/uploads\/2025\/01\/PHOTO-2025-01-12-15-06-56-1024x768.jpg",960,720,true],"1536x1536":["https:\/\/fundacioncajaruraldelsur.com\/wp-content\/uploads\/2025\/01\/PHOTO-2025-01-12-15-06-56-1536x1152.jpg",1536,1152,true],"2048x2048":["https:\/\/fundacioncajaruraldelsur.com\/wp-content\/uploads\/2025\/01\/PHOTO-2025-01-12-15-06-56.jpg",1600,1200,false],"trp-custom-language-flag":["https:\/\/fundacioncajaruraldelsur.com\/wp-content\/uploads\/2025\/01\/PHOTO-2025-01-12-15-06-56.jpg",16,12,false],"blog-thumbnail":["https:\/\/fundacioncajaruraldelsur.com\/wp-content\/uploads\/2025\/01\/PHOTO-2025-01-12-15-06-56-400x200.jpg",400,200,true]},"rttpg_author":{"display_name":"Huelvaadmin","author_link":"https:\/\/fundacioncajaruraldelsur.com\/pt\/author\/huelvaadmin\/"},"rttpg_comment":0,"rttpg_category":"<a href=\"https:\/\/fundacioncajaruraldelsur.com\/pt\/category\/premios\/\" rel=\"category tag\">Premios<\/a>","rttpg_excerpt":"Este domingo, 12 de enero, ha regresado la temporada de carreras de caballos en el Gran Hip\u00f3dromo de Andaluc\u00eda, en Dos Hermanas, Sevilla.\u00a0Este evento, que forma parte de las 14 [&hellip;]","_links":{"self":[{"href":"https:\/\/fundacioncajaruraldelsur.com\/pt\/wp-json\/wp\/v2\/posts\/10770","targetHints":{"allow":["GET"]}}],"collection":[{"href":"https:\/\/fundacioncajaruraldelsur.com\/pt\/wp-json\/wp\/v2\/posts"}],"about":[{"href":"https:\/\/fundacioncajaruraldelsur.com\/pt\/wp-json\/wp\/v2\/types\/post"}],"author":[{"embeddable":true,"href":"https:\/\/fundacioncajaruraldelsur.com\/pt\/wp-json\/wp\/v2\/users\/4"}],"replies":[{"embeddable":true,"href":"https:\/\/fundacioncajaruraldelsur.com\/pt\/wp-json\/wp\/v2\/comments?post=10770"}],"version-history":[{"count":1,"href":"https:\/\/fundacioncajaruraldelsur.com\/pt\/wp-json\/wp\/v2\/posts\/10770\/revisions"}],"predecessor-version":[{"id":10772,"href":"https:\/\/fundacioncajaruraldelsur.com\/pt\/wp-json\/wp\/v2\/posts\/10770\/revisions\/10772"}],"wp:featuredmedia":[{"embeddable":true,"href":"https:\/\/fundacioncajaruraldelsur.com\/pt\/wp-json\/wp\/v2\/media\/10771"}],"wp:attachment":[{"href":"https:\/\/fundacioncajaruraldelsur.com\/pt\/wp-json\/wp\/v2\/media?parent=10770"}],"wp:term":[{"taxonomy":"category","embeddable":true,"href":"https:\/\/fundacioncajaruraldelsur.com\/pt\/wp-json\/wp\/v2\/categories?post=10770"},{"taxonomy":"post_tag","embeddable":true,"href":"https:\/\/fundacioncajaruraldelsur.com\/pt\/wp-json\/wp\/v2\/tags?post=10770"}],"curies":[{"name":"wp","href":"https:\/\/api.w.org\/{rel}","templated":true}]}}