{"id":10761,"date":"2025-01-09T09:57:46","date_gmt":"2025-01-09T08:57:46","guid":{"rendered":"\/?p=10761"},"modified":"2025-01-15T09:58:07","modified_gmt":"2025-01-15T08:58:07","slug":"presentacion-en-caja-rural-del-sur-de-la-sastreria-2-del-periodista-de-diario-de-sevilla-carlos-navarro-antolin","status":"publish","type":"post","link":"https:\/\/fundacioncajaruraldelsur.com\/pt\/presentacion-en-caja-rural-del-sur-de-la-sastreria-2-del-periodista-de-diario-de-sevilla-carlos-navarro-antolin\/","title":{"rendered":"Presentaci\u00f3n en Caja Rural del Sur de \u201cLa Sastrer\u00eda 2\u201d del periodista de Diario de Sevilla, Carlos Navarro Antol\u00edn"},"content":{"rendered":"<p>El periodista y subdirector de Diario de Sevilla, Carlos Navarro Antol\u00edn, ha presentado este jueves en Caja Rural del Sur en Sevilla la\u00a0 segunda parte de \u201cLa Sastrer\u00eda\u201d, libro en el que recoge los perfiles de personalidades sevillanas y andaluzas que viene publicando a lo largo de los \u00faltimos a\u00f1os en las p\u00e1ginas del diario sevillano.<\/p>\n<p><img loading=\"lazy\" decoding=\"async\" class=\"size-medium wp-image-13659 alignleft\" src=\"https:\/\/blogcrsur.es\/wp-content\/uploads\/2025\/01\/3-300x169.jpg\" sizes=\"auto, (max-width: 300px) 100vw, 300px\" srcset=\"https:\/\/blogcrsur.es\/wp-content\/uploads\/2025\/01\/3-300x169.jpg 300w, https:\/\/blogcrsur.es\/wp-content\/uploads\/2025\/01\/3-768x433.jpg 768w, https:\/\/blogcrsur.es\/wp-content\/uploads\/2025\/01\/3-1024x577.jpg 1024w, https:\/\/blogcrsur.es\/wp-content\/uploads\/2025\/01\/3-1080x608.jpg 1080w, https:\/\/blogcrsur.es\/wp-content\/uploads\/2025\/01\/3.jpg 1170w\" alt=\"\" width=\"300\" height=\"169\" \/>El acto, que cont\u00f3 con la asistencia del\u00a0<strong>presidente de la Junta de Andaluc\u00eda, Juanma Moreno, y del presidente de Caja Rural del Sur, Jos\u00e9 Luis Garc\u00eda-Palacios, junto con el presidente editor del Grupo Joly, Jos\u00e9 Joly,<\/strong>\u00a0adem\u00e1s de numerosas personalidades pol\u00edticas, econ\u00f3micas y sociales de la ciudad.<\/p>\n<p>El presidente de la Junta de Andaluc\u00eda, Juanma Moreno, ha destacado en el acto de presentaci\u00f3n del libro la importancia de contar con periodistas y un periodismo que ejerza en libertad e independencia. \u201cEl periodismo sevillano ejerce de notario de la renovaci\u00f3n y modernizaci\u00f3n de la capital y de toda la provincia, construyendo desde la informaci\u00f3n y la opini\u00f3n el relato real de ese momento hist\u00f3rico que es el presente\u201d, ha indicado Moreno.<\/p>","protected":false},"excerpt":{"rendered":"<p>El periodista y subdirector de Diario de Sevilla, Carlos Navarro Antol\u00edn, ha presentado este jueves en Caja Rural del Sur en Sevilla la\u00a0 segunda parte de \u201cLa Sastrer\u00eda\u201d, libro en [&hellip;]<\/p>\n","protected":false},"author":4,"featured_media":10762,"comment_status":"closed","ping_status":"closed","sticky":false,"template":"","format":"standard","meta":{"footnotes":""},"categories":[84],"tags":[],"class_list":["post-10761","post","type-post","status-publish","format-standard","has-post-thumbnail","hentry","category-presentaciones"],"yoast_head":"<!-- This site is optimized with the Yoast SEO plugin v27.3 - https:\/\/yoast.com\/product\/yoast-seo-wordpress\/ -->\n<title>Presentaci\u00f3n en Caja Rural del Sur de \u201cLa Sastrer\u00eda 2\u201d del periodista de Diario de Sevilla, Carlos Navarro Antol\u00edn - Fundaci\u00f3n Caja Rural del Sur<\/title>\n<meta name=\"robots\" content=\"index, follow, max-snippet:-1, max-image-preview:large, max-video-preview:-1\" \/>\n<link rel=\"canonical\" href=\"https:\/\/fundacioncajaruraldelsur.com\/pt\/presentacion-en-caja-rural-del-sur-de-la-sastreria-2-del-periodista-de-diario-de-sevilla-carlos-navarro-antolin\/\" \/>\n<meta property=\"og:locale\" content=\"pt_PT\" \/>\n<meta property=\"og:type\" content=\"article\" \/>\n<meta property=\"og:title\" content=\"Presentaci\u00f3n en Caja Rural del Sur de \u201cLa Sastrer\u00eda 2\u201d del periodista de Diario de Sevilla, Carlos Navarro Antol\u00edn - Fundaci\u00f3n Caja Rural del Sur\" \/>\n<meta property=\"og:description\" content=\"El periodista y subdirector de Diario de Sevilla, Carlos Navarro Antol\u00edn, ha presentado este jueves en Caja Rural del Sur en Sevilla la\u00a0 segunda parte de \u201cLa Sastrer\u00eda\u201d, libro en [&hellip;]\" \/>\n<meta property=\"og:url\" content=\"https:\/\/fundacioncajaruraldelsur.com\/pt\/presentacion-en-caja-rural-del-sur-de-la-sastreria-2-del-periodista-de-diario-de-sevilla-carlos-navarro-antolin\/\" \/>\n<meta property=\"og:site_name\" content=\"Fundaci\u00f3n Caja Rural del Sur\" \/>\n<meta property=\"article:published_time\" content=\"2025-01-09T08:57:46+00:00\" \/>\n<meta property=\"article:modified_time\" content=\"2025-01-15T08:58:07+00:00\" \/>\n<meta property=\"og:image\" content=\"https:\/\/fundacioncajaruraldelsur.com\/wp-content\/uploads\/2025\/01\/1.jpg\" \/>\n\t<meta property=\"og:image:width\" content=\"1170\" \/>\n\t<meta property=\"og:image:height\" content=\"903\" \/>\n\t<meta property=\"og:image:type\" content=\"image\/jpeg\" \/>\n<meta name=\"author\" content=\"Huelvaadmin\" \/>\n<meta name=\"twitter:card\" content=\"summary_large_image\" \/>\n<meta name=\"twitter:label1\" content=\"Written by\" \/>\n\t<meta name=\"twitter:data1\" content=\"Huelvaadmin\" \/>\n\t<meta name=\"twitter:label2\" content=\"Est. reading time\" \/>\n\t<meta name=\"twitter:data2\" content=\"2 minutes\" \/>\n<script type=\"application\/ld+json\" class=\"yoast-schema-graph\">{\"@context\":\"https:\\\/\\\/schema.org\",\"@graph\":[{\"@type\":\"Article\",\"@id\":\"https:\\\/\\\/fundacioncajaruraldelsur.com\\\/presentacion-en-caja-rural-del-sur-de-la-sastreria-2-del-periodista-de-diario-de-sevilla-carlos-navarro-antolin\\\/#article\",\"isPartOf\":{\"@id\":\"https:\\\/\\\/fundacioncajaruraldelsur.com\\\/presentacion-en-caja-rural-del-sur-de-la-sastreria-2-del-periodista-de-diario-de-sevilla-carlos-navarro-antolin\\\/\"},\"author\":{\"name\":\"Huelvaadmin\",\"@id\":\"https:\\\/\\\/fundacioncajaruraldelsur.com\\\/#\\\/schema\\\/person\\\/3cc097351ab55f31ece09bae985e0dff\"},\"headline\":\"Presentaci\u00f3n en Caja Rural del Sur de \u201cLa Sastrer\u00eda 2\u201d del periodista de Diario de Sevilla, Carlos Navarro Antol\u00edn\",\"datePublished\":\"2025-01-09T08:57:46+00:00\",\"dateModified\":\"2025-01-15T08:58:07+00:00\",\"mainEntityOfPage\":{\"@id\":\"https:\\\/\\\/fundacioncajaruraldelsur.com\\\/presentacion-en-caja-rural-del-sur-de-la-sastreria-2-del-periodista-de-diario-de-sevilla-carlos-navarro-antolin\\\/\"},\"wordCount\":214,\"image\":{\"@id\":\"https:\\\/\\\/fundacioncajaruraldelsur.com\\\/presentacion-en-caja-rural-del-sur-de-la-sastreria-2-del-periodista-de-diario-de-sevilla-carlos-navarro-antolin\\\/#primaryimage\"},\"thumbnailUrl\":\"https:\\\/\\\/fundacioncajaruraldelsur.com\\\/wp-content\\\/uploads\\\/2025\\\/01\\\/1.jpg\",\"articleSection\":[\"Presentaciones\"],\"inLanguage\":\"pt-PT\"},{\"@type\":\"WebPage\",\"@id\":\"https:\\\/\\\/fundacioncajaruraldelsur.com\\\/presentacion-en-caja-rural-del-sur-de-la-sastreria-2-del-periodista-de-diario-de-sevilla-carlos-navarro-antolin\\\/\",\"url\":\"https:\\\/\\\/fundacioncajaruraldelsur.com\\\/presentacion-en-caja-rural-del-sur-de-la-sastreria-2-del-periodista-de-diario-de-sevilla-carlos-navarro-antolin\\\/\",\"name\":\"Presentaci\u00f3n en Caja Rural del Sur de \u201cLa Sastrer\u00eda 2\u201d del periodista de Diario de Sevilla, Carlos Navarro Antol\u00edn - Fundaci\u00f3n Caja Rural del Sur\",\"isPartOf\":{\"@id\":\"https:\\\/\\\/fundacioncajaruraldelsur.com\\\/#website\"},\"primaryImageOfPage\":{\"@id\":\"https:\\\/\\\/fundacioncajaruraldelsur.com\\\/presentacion-en-caja-rural-del-sur-de-la-sastreria-2-del-periodista-de-diario-de-sevilla-carlos-navarro-antolin\\\/#primaryimage\"},\"image\":{\"@id\":\"https:\\\/\\\/fundacioncajaruraldelsur.com\\\/presentacion-en-caja-rural-del-sur-de-la-sastreria-2-del-periodista-de-diario-de-sevilla-carlos-navarro-antolin\\\/#primaryimage\"},\"thumbnailUrl\":\"https:\\\/\\\/fundacioncajaruraldelsur.com\\\/wp-content\\\/uploads\\\/2025\\\/01\\\/1.jpg\",\"datePublished\":\"2025-01-09T08:57:46+00:00\",\"dateModified\":\"2025-01-15T08:58:07+00:00\",\"author\":{\"@id\":\"https:\\\/\\\/fundacioncajaruraldelsur.com\\\/#\\\/schema\\\/person\\\/3cc097351ab55f31ece09bae985e0dff\"},\"breadcrumb\":{\"@id\":\"https:\\\/\\\/fundacioncajaruraldelsur.com\\\/presentacion-en-caja-rural-del-sur-de-la-sastreria-2-del-periodista-de-diario-de-sevilla-carlos-navarro-antolin\\\/#breadcrumb\"},\"inLanguage\":\"pt-PT\",\"potentialAction\":[{\"@type\":\"ReadAction\",\"target\":[\"https:\\\/\\\/fundacioncajaruraldelsur.com\\\/presentacion-en-caja-rural-del-sur-de-la-sastreria-2-del-periodista-de-diario-de-sevilla-carlos-navarro-antolin\\\/\"]}]},{\"@type\":\"ImageObject\",\"inLanguage\":\"pt-PT\",\"@id\":\"https:\\\/\\\/fundacioncajaruraldelsur.com\\\/presentacion-en-caja-rural-del-sur-de-la-sastreria-2-del-periodista-de-diario-de-sevilla-carlos-navarro-antolin\\\/#primaryimage\",\"url\":\"https:\\\/\\\/fundacioncajaruraldelsur.com\\\/wp-content\\\/uploads\\\/2025\\\/01\\\/1.jpg\",\"contentUrl\":\"https:\\\/\\\/fundacioncajaruraldelsur.com\\\/wp-content\\\/uploads\\\/2025\\\/01\\\/1.jpg\",\"width\":1170,\"height\":903},{\"@type\":\"BreadcrumbList\",\"@id\":\"https:\\\/\\\/fundacioncajaruraldelsur.com\\\/presentacion-en-caja-rural-del-sur-de-la-sastreria-2-del-periodista-de-diario-de-sevilla-carlos-navarro-antolin\\\/#breadcrumb\",\"itemListElement\":[{\"@type\":\"ListItem\",\"position\":1,\"name\":\"Portada\",\"item\":\"https:\\\/\\\/fundacioncajaruraldelsur.com\\\/\"},{\"@type\":\"ListItem\",\"position\":2,\"name\":\"Presentaci\u00f3n en Caja Rural del Sur de \u201cLa Sastrer\u00eda 2\u201d del periodista de Diario de Sevilla, Carlos Navarro Antol\u00edn\"}]},{\"@type\":\"WebSite\",\"@id\":\"https:\\\/\\\/fundacioncajaruraldelsur.com\\\/#website\",\"url\":\"https:\\\/\\\/fundacioncajaruraldelsur.com\\\/\",\"name\":\"Fundaci\u00f3n Caja Rural del Sur\",\"description\":\"\",\"potentialAction\":[{\"@type\":\"SearchAction\",\"target\":{\"@type\":\"EntryPoint\",\"urlTemplate\":\"https:\\\/\\\/fundacioncajaruraldelsur.com\\\/?s={search_term_string}\"},\"query-input\":{\"@type\":\"PropertyValueSpecification\",\"valueRequired\":true,\"valueName\":\"search_term_string\"}}],\"inLanguage\":\"pt-PT\"},{\"@type\":\"Person\",\"@id\":\"https:\\\/\\\/fundacioncajaruraldelsur.com\\\/#\\\/schema\\\/person\\\/3cc097351ab55f31ece09bae985e0dff\",\"name\":\"Huelvaadmin\",\"image\":{\"@type\":\"ImageObject\",\"inLanguage\":\"pt-PT\",\"@id\":\"https:\\\/\\\/secure.gravatar.com\\\/avatar\\\/844b95d9bb5bedef6ef3f07e4ac357114f2d6f55fe0799f36cbe3975aebd8bcc?s=96&d=blank&r=g\",\"url\":\"https:\\\/\\\/secure.gravatar.com\\\/avatar\\\/844b95d9bb5bedef6ef3f07e4ac357114f2d6f55fe0799f36cbe3975aebd8bcc?s=96&d=blank&r=g\",\"contentUrl\":\"https:\\\/\\\/secure.gravatar.com\\\/avatar\\\/844b95d9bb5bedef6ef3f07e4ac357114f2d6f55fe0799f36cbe3975aebd8bcc?s=96&d=blank&r=g\",\"caption\":\"Huelvaadmin\"}}]}<\/script>\n<!-- \/ Yoast SEO plugin. -->","yoast_head_json":{"title":"Presentaci\u00f3n en Caja Rural del Sur de \u201cLa Sastrer\u00eda 2\u201d del periodista de Diario de Sevilla, Carlos Navarro Antol\u00edn - Fundaci\u00f3n Caja Rural del Sur","robots":{"index":"index","follow":"follow","max-snippet":"max-snippet:-1","max-image-preview":"max-image-preview:large","max-video-preview":"max-video-preview:-1"},"canonical":"https:\/\/fundacioncajaruraldelsur.com\/pt\/presentacion-en-caja-rural-del-sur-de-la-sastreria-2-del-periodista-de-diario-de-sevilla-carlos-navarro-antolin\/","og_locale":"pt_PT","og_type":"article","og_title":"Presentaci\u00f3n en Caja Rural del Sur de \u201cLa Sastrer\u00eda 2\u201d del periodista de Diario de Sevilla, Carlos Navarro Antol\u00edn - Fundaci\u00f3n Caja Rural del Sur","og_description":"El periodista y subdirector de Diario de Sevilla, Carlos Navarro Antol\u00edn, ha presentado este jueves en Caja Rural del Sur en Sevilla la\u00a0 segunda parte de \u201cLa Sastrer\u00eda\u201d, libro en [&hellip;]","og_url":"https:\/\/fundacioncajaruraldelsur.com\/pt\/presentacion-en-caja-rural-del-sur-de-la-sastreria-2-del-periodista-de-diario-de-sevilla-carlos-navarro-antolin\/","og_site_name":"Fundaci\u00f3n Caja Rural del Sur","article_published_time":"2025-01-09T08:57:46+00:00","article_modified_time":"2025-01-15T08:58:07+00:00","og_image":[{"width":1170,"height":903,"url":"https:\/\/fundacioncajaruraldelsur.com\/wp-content\/uploads\/2025\/01\/1.jpg","type":"image\/jpeg"}],"author":"Huelvaadmin","twitter_card":"summary_large_image","twitter_misc":{"Written by":"Huelvaadmin","Est. reading time":"2 minutes"},"schema":{"@context":"https:\/\/schema.org","@graph":[{"@type":"Article","@id":"https:\/\/fundacioncajaruraldelsur.com\/presentacion-en-caja-rural-del-sur-de-la-sastreria-2-del-periodista-de-diario-de-sevilla-carlos-navarro-antolin\/#article","isPartOf":{"@id":"https:\/\/fundacioncajaruraldelsur.com\/presentacion-en-caja-rural-del-sur-de-la-sastreria-2-del-periodista-de-diario-de-sevilla-carlos-navarro-antolin\/"},"author":{"name":"Huelvaadmin","@id":"https:\/\/fundacioncajaruraldelsur.com\/#\/schema\/person\/3cc097351ab55f31ece09bae985e0dff"},"headline":"Presentaci\u00f3n en Caja Rural del Sur de \u201cLa Sastrer\u00eda 2\u201d del periodista de Diario de Sevilla, Carlos Navarro Antol\u00edn","datePublished":"2025-01-09T08:57:46+00:00","dateModified":"2025-01-15T08:58:07+00:00","mainEntityOfPage":{"@id":"https:\/\/fundacioncajaruraldelsur.com\/presentacion-en-caja-rural-del-sur-de-la-sastreria-2-del-periodista-de-diario-de-sevilla-carlos-navarro-antolin\/"},"wordCount":214,"image":{"@id":"https:\/\/fundacioncajaruraldelsur.com\/presentacion-en-caja-rural-del-sur-de-la-sastreria-2-del-periodista-de-diario-de-sevilla-carlos-navarro-antolin\/#primaryimage"},"thumbnailUrl":"https:\/\/fundacioncajaruraldelsur.com\/wp-content\/uploads\/2025\/01\/1.jpg","articleSection":["Presentaciones"],"inLanguage":"pt-PT"},{"@type":"WebPage","@id":"https:\/\/fundacioncajaruraldelsur.com\/presentacion-en-caja-rural-del-sur-de-la-sastreria-2-del-periodista-de-diario-de-sevilla-carlos-navarro-antolin\/","url":"https:\/\/fundacioncajaruraldelsur.com\/presentacion-en-caja-rural-del-sur-de-la-sastreria-2-del-periodista-de-diario-de-sevilla-carlos-navarro-antolin\/","name":"Presentaci\u00f3n en Caja Rural del Sur de \u201cLa Sastrer\u00eda 2\u201d del periodista de Diario de Sevilla, Carlos Navarro Antol\u00edn - Fundaci\u00f3n Caja Rural del Sur","isPartOf":{"@id":"https:\/\/fundacioncajaruraldelsur.com\/#website"},"primaryImageOfPage":{"@id":"https:\/\/fundacioncajaruraldelsur.com\/presentacion-en-caja-rural-del-sur-de-la-sastreria-2-del-periodista-de-diario-de-sevilla-carlos-navarro-antolin\/#primaryimage"},"image":{"@id":"https:\/\/fundacioncajaruraldelsur.com\/presentacion-en-caja-rural-del-sur-de-la-sastreria-2-del-periodista-de-diario-de-sevilla-carlos-navarro-antolin\/#primaryimage"},"thumbnailUrl":"https:\/\/fundacioncajaruraldelsur.com\/wp-content\/uploads\/2025\/01\/1.jpg","datePublished":"2025-01-09T08:57:46+00:00","dateModified":"2025-01-15T08:58:07+00:00","author":{"@id":"https:\/\/fundacioncajaruraldelsur.com\/#\/schema\/person\/3cc097351ab55f31ece09bae985e0dff"},"breadcrumb":{"@id":"https:\/\/fundacioncajaruraldelsur.com\/presentacion-en-caja-rural-del-sur-de-la-sastreria-2-del-periodista-de-diario-de-sevilla-carlos-navarro-antolin\/#breadcrumb"},"inLanguage":"pt-PT","potentialAction":[{"@type":"ReadAction","target":["https:\/\/fundacioncajaruraldelsur.com\/presentacion-en-caja-rural-del-sur-de-la-sastreria-2-del-periodista-de-diario-de-sevilla-carlos-navarro-antolin\/"]}]},{"@type":"ImageObject","inLanguage":"pt-PT","@id":"https:\/\/fundacioncajaruraldelsur.com\/presentacion-en-caja-rural-del-sur-de-la-sastreria-2-del-periodista-de-diario-de-sevilla-carlos-navarro-antolin\/#primaryimage","url":"https:\/\/fundacioncajaruraldelsur.com\/wp-content\/uploads\/2025\/01\/1.jpg","contentUrl":"https:\/\/fundacioncajaruraldelsur.com\/wp-content\/uploads\/2025\/01\/1.jpg","width":1170,"height":903},{"@type":"BreadcrumbList","@id":"https:\/\/fundacioncajaruraldelsur.com\/presentacion-en-caja-rural-del-sur-de-la-sastreria-2-del-periodista-de-diario-de-sevilla-carlos-navarro-antolin\/#breadcrumb","itemListElement":[{"@type":"ListItem","position":1,"name":"Portada","item":"https:\/\/fundacioncajaruraldelsur.com\/"},{"@type":"ListItem","position":2,"name":"Presentaci\u00f3n en Caja Rural del Sur de \u201cLa Sastrer\u00eda 2\u201d del periodista de Diario de Sevilla, Carlos Navarro Antol\u00edn"}]},{"@type":"WebSite","@id":"https:\/\/fundacioncajaruraldelsur.com\/#website","url":"https:\/\/fundacioncajaruraldelsur.com\/","name":"Funda\u00e7\u00e3o Caja Rural del Sur","description":"","potentialAction":[{"@type":"SearchAction","target":{"@type":"EntryPoint","urlTemplate":"https:\/\/fundacioncajaruraldelsur.com\/?s={search_term_string}"},"query-input":{"@type":"PropertyValueSpecification","valueRequired":true,"valueName":"search_term_string"}}],"inLanguage":"pt-PT"},{"@type":"Person","@id":"https:\/\/fundacioncajaruraldelsur.com\/#\/schema\/person\/3cc097351ab55f31ece09bae985e0dff","name":"Huelvaadmin","image":{"@type":"ImageObject","inLanguage":"pt-PT","@id":"https:\/\/secure.gravatar.com\/avatar\/844b95d9bb5bedef6ef3f07e4ac357114f2d6f55fe0799f36cbe3975aebd8bcc?s=96&d=blank&r=g","url":"https:\/\/secure.gravatar.com\/avatar\/844b95d9bb5bedef6ef3f07e4ac357114f2d6f55fe0799f36cbe3975aebd8bcc?s=96&d=blank&r=g","contentUrl":"https:\/\/secure.gravatar.com\/avatar\/844b95d9bb5bedef6ef3f07e4ac357114f2d6f55fe0799f36cbe3975aebd8bcc?s=96&d=blank&r=g","caption":"Huelvaadmin"}}]}},"rttpg_featured_image_url":{"full":["https:\/\/fundacioncajaruraldelsur.com\/wp-content\/uploads\/2025\/01\/1.jpg",1170,903,false],"landscape":["https:\/\/fundacioncajaruraldelsur.com\/wp-content\/uploads\/2025\/01\/1.jpg",1170,903,false],"portraits":["https:\/\/fundacioncajaruraldelsur.com\/wp-content\/uploads\/2025\/01\/1.jpg",1170,903,false],"thumbnail":["https:\/\/fundacioncajaruraldelsur.com\/wp-content\/uploads\/2025\/01\/1-150x150.jpg",150,150,true],"medium":["https:\/\/fundacioncajaruraldelsur.com\/wp-content\/uploads\/2025\/01\/1-300x232.jpg",300,232,true],"large":["https:\/\/fundacioncajaruraldelsur.com\/wp-content\/uploads\/2025\/01\/1-1024x790.jpg",960,741,true],"1536x1536":["https:\/\/fundacioncajaruraldelsur.com\/wp-content\/uploads\/2025\/01\/1.jpg",1170,903,false],"2048x2048":["https:\/\/fundacioncajaruraldelsur.com\/wp-content\/uploads\/2025\/01\/1.jpg",1170,903,false],"trp-custom-language-flag":["https:\/\/fundacioncajaruraldelsur.com\/wp-content\/uploads\/2025\/01\/1.jpg",16,12,false],"blog-thumbnail":["https:\/\/fundacioncajaruraldelsur.com\/wp-content\/uploads\/2025\/01\/1-400x200.jpg",400,200,true]},"rttpg_author":{"display_name":"Huelvaadmin","author_link":"https:\/\/fundacioncajaruraldelsur.com\/pt\/author\/huelvaadmin\/"},"rttpg_comment":0,"rttpg_category":"<a href=\"https:\/\/fundacioncajaruraldelsur.com\/pt\/category\/presentaciones\/\" rel=\"category tag\">Presentaciones<\/a>","rttpg_excerpt":"El periodista y subdirector de Diario de Sevilla, Carlos Navarro Antol\u00edn, ha presentado este jueves en Caja Rural del Sur en Sevilla la\u00a0 segunda parte de \u201cLa Sastrer\u00eda\u201d, libro en [&hellip;]","_links":{"self":[{"href":"https:\/\/fundacioncajaruraldelsur.com\/pt\/wp-json\/wp\/v2\/posts\/10761","targetHints":{"allow":["GET"]}}],"collection":[{"href":"https:\/\/fundacioncajaruraldelsur.com\/pt\/wp-json\/wp\/v2\/posts"}],"about":[{"href":"https:\/\/fundacioncajaruraldelsur.com\/pt\/wp-json\/wp\/v2\/types\/post"}],"author":[{"embeddable":true,"href":"https:\/\/fundacioncajaruraldelsur.com\/pt\/wp-json\/wp\/v2\/users\/4"}],"replies":[{"embeddable":true,"href":"https:\/\/fundacioncajaruraldelsur.com\/pt\/wp-json\/wp\/v2\/comments?post=10761"}],"version-history":[{"count":1,"href":"https:\/\/fundacioncajaruraldelsur.com\/pt\/wp-json\/wp\/v2\/posts\/10761\/revisions"}],"predecessor-version":[{"id":10763,"href":"https:\/\/fundacioncajaruraldelsur.com\/pt\/wp-json\/wp\/v2\/posts\/10761\/revisions\/10763"}],"wp:featuredmedia":[{"embeddable":true,"href":"https:\/\/fundacioncajaruraldelsur.com\/pt\/wp-json\/wp\/v2\/media\/10762"}],"wp:attachment":[{"href":"https:\/\/fundacioncajaruraldelsur.com\/pt\/wp-json\/wp\/v2\/media?parent=10761"}],"wp:term":[{"taxonomy":"category","embeddable":true,"href":"https:\/\/fundacioncajaruraldelsur.com\/pt\/wp-json\/wp\/v2\/categories?post=10761"},{"taxonomy":"post_tag","embeddable":true,"href":"https:\/\/fundacioncajaruraldelsur.com\/pt\/wp-json\/wp\/v2\/tags?post=10761"}],"curies":[{"name":"wp","href":"https:\/\/api.w.org\/{rel}","templated":true}]}}