{"id":10706,"date":"2024-12-11T17:52:52","date_gmt":"2024-12-11T16:52:52","guid":{"rendered":"\/?p=10706"},"modified":"2024-12-11T17:52:52","modified_gmt":"2024-12-11T16:52:52","slug":"inaugurado-el-belen-de-la-asociacion-de-belenistas-en-el-centro-cultura-de-la-fundacion-caja-rural-del-sur","status":"publish","type":"post","link":"https:\/\/fundacioncajaruraldelsur.com\/pt\/inaugurado-el-belen-de-la-asociacion-de-belenistas-en-el-centro-cultura-de-la-fundacion-caja-rural-del-sur\/","title":{"rendered":"Inaugurado el bel\u00e9n de la Asociaci\u00f3n de Belenistas en el Centro Cultura de la Fundaci\u00f3n Caja Rural del Sur"},"content":{"rendered":"<p>Hasta el pr\u00f3ximo 3 de enero se puede visitar en el Centro Cultural en C\u00f3rdoba de la Fundaci\u00f3n Caja Rural del Sur el bel\u00e9n montado en colaboraci\u00f3n con la Asociaci\u00f3n Cultural de Belenistas de C\u00f3rdoba tras quedar inaugurado este mi\u00e9rcoles con la presencia del vicepresidente de la entidad, Ricardo L\u00f3pez Crespo, y una amplia representaci\u00f3n de la Junta Directiva de la mencionada asociaci\u00f3n.<\/p>\n<p>La Asociaci\u00f3n Cultural Belenista de C\u00f3rdoba nace del inter\u00e9s por el Belenismo de un grupo de amantes de este arte y qued\u00f3 constituida el d\u00eda 22 de febrero del a\u00f1o 2010. El objetivo de esta asociaci\u00f3n es la difusi\u00f3n del arte y la tradici\u00f3n del belenismo en la capital y en la provincia de C\u00f3rdoba, para crear un punto de encuentro alrededor del cual desarrollar sus actividades, compartir una misma afici\u00f3n y aprender unos de otros para mantener esta tradici\u00f3n entre todas las personas aficionadas.<\/p>\n<p>El bel\u00e9n que se ha montado en el Centro Cultural de C\u00f3rdoba de la Fudaci\u00f3n Caja Rural del Sur, en la calle La Radio, 1 (pero entrando por la Avenida de la Libertad), ha sido obra del belenista Benito Cachinero, seg\u00fan nos explicaba el presidente de la Asociaci\u00f3n Cultural de Belenistas de C\u00f3rdoba, Jos\u00e9 Manuel Moreno. El horario de visita es de 11 a 13,30 horas y de 18 a 20.30 horas, de lunes a viernes. Y los s\u00e1bados de 11.30 a 13,30 horas.<\/p>\n<p>En el acto de inauguraci\u00f3n del bel\u00e9n, el vicepresidente de la Fundaci\u00f3n Caja Rural del Sur, Ricardo L\u00f3pez Crespo, agradeci\u00f3 a la representaci\u00f3n de la Asociaci\u00f3n Cultural Belenista la colaboraci\u00f3n qie vienen manteniendo desde hace varios a\u00f1os con la entidad y el excelente trabajo que como colectivo hacen durante todo el a\u00f1o, con sus talleres, para mantener la rica tradici\u00f3n belenista cordobesa.<strong>\u00a0<\/strong><\/p>\n<p><a href=\"\/wp-content\/uploads\/2024\/12\/Sin-titulo.jpg\" rel=\"lightbox-0\"><img loading=\"lazy\" decoding=\"async\" class=\"wp-image-10708 size-full aligncenter\" src=\"\/wp-content\/uploads\/2024\/12\/Sin-titulo.jpg\" alt=\"\" width=\"472\" height=\"408\" srcset=\"https:\/\/fundacioncajaruraldelsur.com\/wp-content\/uploads\/2024\/12\/Sin-titulo.jpg 472w, https:\/\/fundacioncajaruraldelsur.com\/wp-content\/uploads\/2024\/12\/Sin-titulo-300x259.jpg 300w\" sizes=\"auto, (max-width: 472px) 100vw, 472px\" \/><\/a><\/p>","protected":false},"excerpt":{"rendered":"<p>Hasta el pr\u00f3ximo 3 de enero se puede visitar en el Centro Cultural en C\u00f3rdoba de la Fundaci\u00f3n Caja Rural del Sur el bel\u00e9n montado en colaboraci\u00f3n con la Asociaci\u00f3n [&hellip;]<\/p>\n","protected":false},"author":6,"featured_media":10707,"comment_status":"closed","ping_status":"closed","sticky":false,"template":"","format":"standard","meta":{"footnotes":""},"categories":[84],"tags":[],"class_list":["post-10706","post","type-post","status-publish","format-standard","has-post-thumbnail","hentry","category-presentaciones"],"yoast_head":"<!-- This site is optimized with the Yoast SEO plugin v27.3 - https:\/\/yoast.com\/product\/yoast-seo-wordpress\/ -->\n<title>Inaugurado el bel\u00e9n de la Asociaci\u00f3n de Belenistas en el Centro Cultura de la Fundaci\u00f3n Caja Rural del Sur - Fundaci\u00f3n Caja Rural del Sur<\/title>\n<meta name=\"robots\" content=\"index, follow, max-snippet:-1, max-image-preview:large, max-video-preview:-1\" \/>\n<link rel=\"canonical\" href=\"https:\/\/fundacioncajaruraldelsur.com\/pt\/inaugurado-el-belen-de-la-asociacion-de-belenistas-en-el-centro-cultura-de-la-fundacion-caja-rural-del-sur\/\" \/>\n<meta property=\"og:locale\" content=\"pt_PT\" \/>\n<meta property=\"og:type\" content=\"article\" \/>\n<meta property=\"og:title\" content=\"Inaugurado el bel\u00e9n de la Asociaci\u00f3n de Belenistas en el Centro Cultura de la Fundaci\u00f3n Caja Rural del Sur - Fundaci\u00f3n Caja Rural del Sur\" \/>\n<meta property=\"og:description\" content=\"Hasta el pr\u00f3ximo 3 de enero se puede visitar en el Centro Cultural en C\u00f3rdoba de la Fundaci\u00f3n Caja Rural del Sur el bel\u00e9n montado en colaboraci\u00f3n con la Asociaci\u00f3n [&hellip;]\" \/>\n<meta property=\"og:url\" content=\"https:\/\/fundacioncajaruraldelsur.com\/pt\/inaugurado-el-belen-de-la-asociacion-de-belenistas-en-el-centro-cultura-de-la-fundacion-caja-rural-del-sur\/\" \/>\n<meta property=\"og:site_name\" content=\"Fundaci\u00f3n Caja Rural del Sur\" \/>\n<meta property=\"article:published_time\" content=\"2024-12-11T16:52:52+00:00\" \/>\n<meta property=\"og:image\" content=\"https:\/\/fundacioncajaruraldelsur.com\/wp-content\/uploads\/2024\/12\/241211.-El-vicepresidente-de-la-Fundacion-Caja-Rural-del-Sur-y-el-presidente-de-la-Asociacion-de-Belenistas-inauguraron-el-belen-que-se-puede-visitar-en-el-Centro-Cultural-1.jpg\" \/>\n\t<meta property=\"og:image:width\" content=\"2040\" \/>\n\t<meta property=\"og:image:height\" content=\"1229\" \/>\n\t<meta property=\"og:image:type\" content=\"image\/jpeg\" \/>\n<meta name=\"author\" content=\"Comunicaci\u00f3n\" \/>\n<meta name=\"twitter:card\" content=\"summary_large_image\" \/>\n<meta name=\"twitter:label1\" content=\"Written by\" \/>\n\t<meta name=\"twitter:data1\" content=\"Comunicaci\u00f3n\" \/>\n\t<meta name=\"twitter:label2\" content=\"Est. reading time\" \/>\n\t<meta name=\"twitter:data2\" content=\"2 minutes\" \/>\n<script type=\"application\/ld+json\" class=\"yoast-schema-graph\">{\"@context\":\"https:\\\/\\\/schema.org\",\"@graph\":[{\"@type\":\"Article\",\"@id\":\"https:\\\/\\\/fundacioncajaruraldelsur.com\\\/inaugurado-el-belen-de-la-asociacion-de-belenistas-en-el-centro-cultura-de-la-fundacion-caja-rural-del-sur\\\/#article\",\"isPartOf\":{\"@id\":\"https:\\\/\\\/fundacioncajaruraldelsur.com\\\/inaugurado-el-belen-de-la-asociacion-de-belenistas-en-el-centro-cultura-de-la-fundacion-caja-rural-del-sur\\\/\"},\"author\":{\"name\":\"Comunicaci\u00f3n\",\"@id\":\"https:\\\/\\\/fundacioncajaruraldelsur.com\\\/#\\\/schema\\\/person\\\/f430da9fb783d505ff061ad8b3d44577\"},\"headline\":\"Inaugurado el bel\u00e9n de la Asociaci\u00f3n de Belenistas en el Centro Cultura de la Fundaci\u00f3n Caja Rural del Sur\",\"datePublished\":\"2024-12-11T16:52:52+00:00\",\"mainEntityOfPage\":{\"@id\":\"https:\\\/\\\/fundacioncajaruraldelsur.com\\\/inaugurado-el-belen-de-la-asociacion-de-belenistas-en-el-centro-cultura-de-la-fundacion-caja-rural-del-sur\\\/\"},\"wordCount\":345,\"image\":{\"@id\":\"https:\\\/\\\/fundacioncajaruraldelsur.com\\\/inaugurado-el-belen-de-la-asociacion-de-belenistas-en-el-centro-cultura-de-la-fundacion-caja-rural-del-sur\\\/#primaryimage\"},\"thumbnailUrl\":\"https:\\\/\\\/fundacioncajaruraldelsur.com\\\/wp-content\\\/uploads\\\/2024\\\/12\\\/241211.-El-vicepresidente-de-la-Fundacion-Caja-Rural-del-Sur-y-el-presidente-de-la-Asociacion-de-Belenistas-inauguraron-el-belen-que-se-puede-visitar-en-el-Centro-Cultural-1.jpg\",\"articleSection\":[\"Presentaciones\"],\"inLanguage\":\"pt-PT\"},{\"@type\":\"WebPage\",\"@id\":\"https:\\\/\\\/fundacioncajaruraldelsur.com\\\/inaugurado-el-belen-de-la-asociacion-de-belenistas-en-el-centro-cultura-de-la-fundacion-caja-rural-del-sur\\\/\",\"url\":\"https:\\\/\\\/fundacioncajaruraldelsur.com\\\/inaugurado-el-belen-de-la-asociacion-de-belenistas-en-el-centro-cultura-de-la-fundacion-caja-rural-del-sur\\\/\",\"name\":\"Inaugurado el bel\u00e9n de la Asociaci\u00f3n de Belenistas en el Centro Cultura de la Fundaci\u00f3n Caja Rural del Sur - Fundaci\u00f3n Caja Rural del Sur\",\"isPartOf\":{\"@id\":\"https:\\\/\\\/fundacioncajaruraldelsur.com\\\/#website\"},\"primaryImageOfPage\":{\"@id\":\"https:\\\/\\\/fundacioncajaruraldelsur.com\\\/inaugurado-el-belen-de-la-asociacion-de-belenistas-en-el-centro-cultura-de-la-fundacion-caja-rural-del-sur\\\/#primaryimage\"},\"image\":{\"@id\":\"https:\\\/\\\/fundacioncajaruraldelsur.com\\\/inaugurado-el-belen-de-la-asociacion-de-belenistas-en-el-centro-cultura-de-la-fundacion-caja-rural-del-sur\\\/#primaryimage\"},\"thumbnailUrl\":\"https:\\\/\\\/fundacioncajaruraldelsur.com\\\/wp-content\\\/uploads\\\/2024\\\/12\\\/241211.-El-vicepresidente-de-la-Fundacion-Caja-Rural-del-Sur-y-el-presidente-de-la-Asociacion-de-Belenistas-inauguraron-el-belen-que-se-puede-visitar-en-el-Centro-Cultural-1.jpg\",\"datePublished\":\"2024-12-11T16:52:52+00:00\",\"author\":{\"@id\":\"https:\\\/\\\/fundacioncajaruraldelsur.com\\\/#\\\/schema\\\/person\\\/f430da9fb783d505ff061ad8b3d44577\"},\"breadcrumb\":{\"@id\":\"https:\\\/\\\/fundacioncajaruraldelsur.com\\\/inaugurado-el-belen-de-la-asociacion-de-belenistas-en-el-centro-cultura-de-la-fundacion-caja-rural-del-sur\\\/#breadcrumb\"},\"inLanguage\":\"pt-PT\",\"potentialAction\":[{\"@type\":\"ReadAction\",\"target\":[\"https:\\\/\\\/fundacioncajaruraldelsur.com\\\/inaugurado-el-belen-de-la-asociacion-de-belenistas-en-el-centro-cultura-de-la-fundacion-caja-rural-del-sur\\\/\"]}]},{\"@type\":\"ImageObject\",\"inLanguage\":\"pt-PT\",\"@id\":\"https:\\\/\\\/fundacioncajaruraldelsur.com\\\/inaugurado-el-belen-de-la-asociacion-de-belenistas-en-el-centro-cultura-de-la-fundacion-caja-rural-del-sur\\\/#primaryimage\",\"url\":\"https:\\\/\\\/fundacioncajaruraldelsur.com\\\/wp-content\\\/uploads\\\/2024\\\/12\\\/241211.-El-vicepresidente-de-la-Fundacion-Caja-Rural-del-Sur-y-el-presidente-de-la-Asociacion-de-Belenistas-inauguraron-el-belen-que-se-puede-visitar-en-el-Centro-Cultural-1.jpg\",\"contentUrl\":\"https:\\\/\\\/fundacioncajaruraldelsur.com\\\/wp-content\\\/uploads\\\/2024\\\/12\\\/241211.-El-vicepresidente-de-la-Fundacion-Caja-Rural-del-Sur-y-el-presidente-de-la-Asociacion-de-Belenistas-inauguraron-el-belen-que-se-puede-visitar-en-el-Centro-Cultural-1.jpg\",\"width\":2040,\"height\":1229},{\"@type\":\"BreadcrumbList\",\"@id\":\"https:\\\/\\\/fundacioncajaruraldelsur.com\\\/inaugurado-el-belen-de-la-asociacion-de-belenistas-en-el-centro-cultura-de-la-fundacion-caja-rural-del-sur\\\/#breadcrumb\",\"itemListElement\":[{\"@type\":\"ListItem\",\"position\":1,\"name\":\"Portada\",\"item\":\"https:\\\/\\\/fundacioncajaruraldelsur.com\\\/\"},{\"@type\":\"ListItem\",\"position\":2,\"name\":\"Inaugurado el bel\u00e9n de la Asociaci\u00f3n de Belenistas en el Centro Cultura de la Fundaci\u00f3n Caja Rural del Sur\"}]},{\"@type\":\"WebSite\",\"@id\":\"https:\\\/\\\/fundacioncajaruraldelsur.com\\\/#website\",\"url\":\"https:\\\/\\\/fundacioncajaruraldelsur.com\\\/\",\"name\":\"Fundaci\u00f3n Caja Rural del Sur\",\"description\":\"\",\"potentialAction\":[{\"@type\":\"SearchAction\",\"target\":{\"@type\":\"EntryPoint\",\"urlTemplate\":\"https:\\\/\\\/fundacioncajaruraldelsur.com\\\/?s={search_term_string}\"},\"query-input\":{\"@type\":\"PropertyValueSpecification\",\"valueRequired\":true,\"valueName\":\"search_term_string\"}}],\"inLanguage\":\"pt-PT\"},{\"@type\":\"Person\",\"@id\":\"https:\\\/\\\/fundacioncajaruraldelsur.com\\\/#\\\/schema\\\/person\\\/f430da9fb783d505ff061ad8b3d44577\",\"name\":\"Comunicaci\u00f3n\",\"image\":{\"@type\":\"ImageObject\",\"inLanguage\":\"pt-PT\",\"@id\":\"https:\\\/\\\/secure.gravatar.com\\\/avatar\\\/0dca239875993680bac4603ad2de7942da018f52cc3a244578e0b3b09314a8d8?s=96&d=blank&r=g\",\"url\":\"https:\\\/\\\/secure.gravatar.com\\\/avatar\\\/0dca239875993680bac4603ad2de7942da018f52cc3a244578e0b3b09314a8d8?s=96&d=blank&r=g\",\"contentUrl\":\"https:\\\/\\\/secure.gravatar.com\\\/avatar\\\/0dca239875993680bac4603ad2de7942da018f52cc3a244578e0b3b09314a8d8?s=96&d=blank&r=g\",\"caption\":\"Comunicaci\u00f3n\"}}]}<\/script>\n<!-- \/ Yoast SEO plugin. -->","yoast_head_json":{"title":"Inaugurado el bel\u00e9n de la Asociaci\u00f3n de Belenistas en el Centro Cultura de la Fundaci\u00f3n Caja Rural del Sur - Fundaci\u00f3n Caja Rural del Sur","robots":{"index":"index","follow":"follow","max-snippet":"max-snippet:-1","max-image-preview":"max-image-preview:large","max-video-preview":"max-video-preview:-1"},"canonical":"https:\/\/fundacioncajaruraldelsur.com\/pt\/inaugurado-el-belen-de-la-asociacion-de-belenistas-en-el-centro-cultura-de-la-fundacion-caja-rural-del-sur\/","og_locale":"pt_PT","og_type":"article","og_title":"Inaugurado el bel\u00e9n de la Asociaci\u00f3n de Belenistas en el Centro Cultura de la Fundaci\u00f3n Caja Rural del Sur - Fundaci\u00f3n Caja Rural del Sur","og_description":"Hasta el pr\u00f3ximo 3 de enero se puede visitar en el Centro Cultural en C\u00f3rdoba de la Fundaci\u00f3n Caja Rural del Sur el bel\u00e9n montado en colaboraci\u00f3n con la Asociaci\u00f3n [&hellip;]","og_url":"https:\/\/fundacioncajaruraldelsur.com\/pt\/inaugurado-el-belen-de-la-asociacion-de-belenistas-en-el-centro-cultura-de-la-fundacion-caja-rural-del-sur\/","og_site_name":"Fundaci\u00f3n Caja Rural del Sur","article_published_time":"2024-12-11T16:52:52+00:00","og_image":[{"width":2040,"height":1229,"url":"https:\/\/fundacioncajaruraldelsur.com\/wp-content\/uploads\/2024\/12\/241211.-El-vicepresidente-de-la-Fundacion-Caja-Rural-del-Sur-y-el-presidente-de-la-Asociacion-de-Belenistas-inauguraron-el-belen-que-se-puede-visitar-en-el-Centro-Cultural-1.jpg","type":"image\/jpeg"}],"author":"Comunicaci\u00f3n","twitter_card":"summary_large_image","twitter_misc":{"Written by":"Comunicaci\u00f3n","Est. reading time":"2 minutes"},"schema":{"@context":"https:\/\/schema.org","@graph":[{"@type":"Article","@id":"https:\/\/fundacioncajaruraldelsur.com\/inaugurado-el-belen-de-la-asociacion-de-belenistas-en-el-centro-cultura-de-la-fundacion-caja-rural-del-sur\/#article","isPartOf":{"@id":"https:\/\/fundacioncajaruraldelsur.com\/inaugurado-el-belen-de-la-asociacion-de-belenistas-en-el-centro-cultura-de-la-fundacion-caja-rural-del-sur\/"},"author":{"name":"Comunicaci\u00f3n","@id":"https:\/\/fundacioncajaruraldelsur.com\/#\/schema\/person\/f430da9fb783d505ff061ad8b3d44577"},"headline":"Inaugurado el bel\u00e9n de la Asociaci\u00f3n de Belenistas en el Centro Cultura de la Fundaci\u00f3n Caja Rural del Sur","datePublished":"2024-12-11T16:52:52+00:00","mainEntityOfPage":{"@id":"https:\/\/fundacioncajaruraldelsur.com\/inaugurado-el-belen-de-la-asociacion-de-belenistas-en-el-centro-cultura-de-la-fundacion-caja-rural-del-sur\/"},"wordCount":345,"image":{"@id":"https:\/\/fundacioncajaruraldelsur.com\/inaugurado-el-belen-de-la-asociacion-de-belenistas-en-el-centro-cultura-de-la-fundacion-caja-rural-del-sur\/#primaryimage"},"thumbnailUrl":"https:\/\/fundacioncajaruraldelsur.com\/wp-content\/uploads\/2024\/12\/241211.-El-vicepresidente-de-la-Fundacion-Caja-Rural-del-Sur-y-el-presidente-de-la-Asociacion-de-Belenistas-inauguraron-el-belen-que-se-puede-visitar-en-el-Centro-Cultural-1.jpg","articleSection":["Presentaciones"],"inLanguage":"pt-PT"},{"@type":"WebPage","@id":"https:\/\/fundacioncajaruraldelsur.com\/inaugurado-el-belen-de-la-asociacion-de-belenistas-en-el-centro-cultura-de-la-fundacion-caja-rural-del-sur\/","url":"https:\/\/fundacioncajaruraldelsur.com\/inaugurado-el-belen-de-la-asociacion-de-belenistas-en-el-centro-cultura-de-la-fundacion-caja-rural-del-sur\/","name":"Inaugurado el bel\u00e9n de la Asociaci\u00f3n de Belenistas en el Centro Cultura de la Fundaci\u00f3n Caja Rural del Sur - Fundaci\u00f3n Caja Rural del Sur","isPartOf":{"@id":"https:\/\/fundacioncajaruraldelsur.com\/#website"},"primaryImageOfPage":{"@id":"https:\/\/fundacioncajaruraldelsur.com\/inaugurado-el-belen-de-la-asociacion-de-belenistas-en-el-centro-cultura-de-la-fundacion-caja-rural-del-sur\/#primaryimage"},"image":{"@id":"https:\/\/fundacioncajaruraldelsur.com\/inaugurado-el-belen-de-la-asociacion-de-belenistas-en-el-centro-cultura-de-la-fundacion-caja-rural-del-sur\/#primaryimage"},"thumbnailUrl":"https:\/\/fundacioncajaruraldelsur.com\/wp-content\/uploads\/2024\/12\/241211.-El-vicepresidente-de-la-Fundacion-Caja-Rural-del-Sur-y-el-presidente-de-la-Asociacion-de-Belenistas-inauguraron-el-belen-que-se-puede-visitar-en-el-Centro-Cultural-1.jpg","datePublished":"2024-12-11T16:52:52+00:00","author":{"@id":"https:\/\/fundacioncajaruraldelsur.com\/#\/schema\/person\/f430da9fb783d505ff061ad8b3d44577"},"breadcrumb":{"@id":"https:\/\/fundacioncajaruraldelsur.com\/inaugurado-el-belen-de-la-asociacion-de-belenistas-en-el-centro-cultura-de-la-fundacion-caja-rural-del-sur\/#breadcrumb"},"inLanguage":"pt-PT","potentialAction":[{"@type":"ReadAction","target":["https:\/\/fundacioncajaruraldelsur.com\/inaugurado-el-belen-de-la-asociacion-de-belenistas-en-el-centro-cultura-de-la-fundacion-caja-rural-del-sur\/"]}]},{"@type":"ImageObject","inLanguage":"pt-PT","@id":"https:\/\/fundacioncajaruraldelsur.com\/inaugurado-el-belen-de-la-asociacion-de-belenistas-en-el-centro-cultura-de-la-fundacion-caja-rural-del-sur\/#primaryimage","url":"https:\/\/fundacioncajaruraldelsur.com\/wp-content\/uploads\/2024\/12\/241211.-El-vicepresidente-de-la-Fundacion-Caja-Rural-del-Sur-y-el-presidente-de-la-Asociacion-de-Belenistas-inauguraron-el-belen-que-se-puede-visitar-en-el-Centro-Cultural-1.jpg","contentUrl":"https:\/\/fundacioncajaruraldelsur.com\/wp-content\/uploads\/2024\/12\/241211.-El-vicepresidente-de-la-Fundacion-Caja-Rural-del-Sur-y-el-presidente-de-la-Asociacion-de-Belenistas-inauguraron-el-belen-que-se-puede-visitar-en-el-Centro-Cultural-1.jpg","width":2040,"height":1229},{"@type":"BreadcrumbList","@id":"https:\/\/fundacioncajaruraldelsur.com\/inaugurado-el-belen-de-la-asociacion-de-belenistas-en-el-centro-cultura-de-la-fundacion-caja-rural-del-sur\/#breadcrumb","itemListElement":[{"@type":"ListItem","position":1,"name":"Portada","item":"https:\/\/fundacioncajaruraldelsur.com\/"},{"@type":"ListItem","position":2,"name":"Inaugurado el bel\u00e9n de la Asociaci\u00f3n de Belenistas en el Centro Cultura de la Fundaci\u00f3n Caja Rural del Sur"}]},{"@type":"WebSite","@id":"https:\/\/fundacioncajaruraldelsur.com\/#website","url":"https:\/\/fundacioncajaruraldelsur.com\/","name":"Funda\u00e7\u00e3o Caja Rural del Sur","description":"","potentialAction":[{"@type":"SearchAction","target":{"@type":"EntryPoint","urlTemplate":"https:\/\/fundacioncajaruraldelsur.com\/?s={search_term_string}"},"query-input":{"@type":"PropertyValueSpecification","valueRequired":true,"valueName":"search_term_string"}}],"inLanguage":"pt-PT"},{"@type":"Person","@id":"https:\/\/fundacioncajaruraldelsur.com\/#\/schema\/person\/f430da9fb783d505ff061ad8b3d44577","name":"Comunicaci\u00f3n","image":{"@type":"ImageObject","inLanguage":"pt-PT","@id":"https:\/\/secure.gravatar.com\/avatar\/0dca239875993680bac4603ad2de7942da018f52cc3a244578e0b3b09314a8d8?s=96&d=blank&r=g","url":"https:\/\/secure.gravatar.com\/avatar\/0dca239875993680bac4603ad2de7942da018f52cc3a244578e0b3b09314a8d8?s=96&d=blank&r=g","contentUrl":"https:\/\/secure.gravatar.com\/avatar\/0dca239875993680bac4603ad2de7942da018f52cc3a244578e0b3b09314a8d8?s=96&d=blank&r=g","caption":"Comunicaci\u00f3n"}}]}},"rttpg_featured_image_url":{"full":["https:\/\/fundacioncajaruraldelsur.com\/wp-content\/uploads\/2024\/12\/241211.-El-vicepresidente-de-la-Fundacion-Caja-Rural-del-Sur-y-el-presidente-de-la-Asociacion-de-Belenistas-inauguraron-el-belen-que-se-puede-visitar-en-el-Centro-Cultural-1.jpg",2040,1229,false],"landscape":["https:\/\/fundacioncajaruraldelsur.com\/wp-content\/uploads\/2024\/12\/241211.-El-vicepresidente-de-la-Fundacion-Caja-Rural-del-Sur-y-el-presidente-de-la-Asociacion-de-Belenistas-inauguraron-el-belen-que-se-puede-visitar-en-el-Centro-Cultural-1.jpg",2040,1229,false],"portraits":["https:\/\/fundacioncajaruraldelsur.com\/wp-content\/uploads\/2024\/12\/241211.-El-vicepresidente-de-la-Fundacion-Caja-Rural-del-Sur-y-el-presidente-de-la-Asociacion-de-Belenistas-inauguraron-el-belen-que-se-puede-visitar-en-el-Centro-Cultural-1.jpg",2040,1229,false],"thumbnail":["https:\/\/fundacioncajaruraldelsur.com\/wp-content\/uploads\/2024\/12\/241211.-El-vicepresidente-de-la-Fundacion-Caja-Rural-del-Sur-y-el-presidente-de-la-Asociacion-de-Belenistas-inauguraron-el-belen-que-se-puede-visitar-en-el-Centro-Cultural-1-150x150.jpg",150,150,true],"medium":["https:\/\/fundacioncajaruraldelsur.com\/wp-content\/uploads\/2024\/12\/241211.-El-vicepresidente-de-la-Fundacion-Caja-Rural-del-Sur-y-el-presidente-de-la-Asociacion-de-Belenistas-inauguraron-el-belen-que-se-puede-visitar-en-el-Centro-Cultural-1-300x181.jpg",300,181,true],"large":["https:\/\/fundacioncajaruraldelsur.com\/wp-content\/uploads\/2024\/12\/241211.-El-vicepresidente-de-la-Fundacion-Caja-Rural-del-Sur-y-el-presidente-de-la-Asociacion-de-Belenistas-inauguraron-el-belen-que-se-puede-visitar-en-el-Centro-Cultural-1-1024x617.jpg",960,578,true],"1536x1536":["https:\/\/fundacioncajaruraldelsur.com\/wp-content\/uploads\/2024\/12\/241211.-El-vicepresidente-de-la-Fundacion-Caja-Rural-del-Sur-y-el-presidente-de-la-Asociacion-de-Belenistas-inauguraron-el-belen-que-se-puede-visitar-en-el-Centro-Cultural-1-1536x925.jpg",1536,925,true],"2048x2048":["https:\/\/fundacioncajaruraldelsur.com\/wp-content\/uploads\/2024\/12\/241211.-El-vicepresidente-de-la-Fundacion-Caja-Rural-del-Sur-y-el-presidente-de-la-Asociacion-de-Belenistas-inauguraron-el-belen-que-se-puede-visitar-en-el-Centro-Cultural-1.jpg",2040,1229,false],"trp-custom-language-flag":["https:\/\/fundacioncajaruraldelsur.com\/wp-content\/uploads\/2024\/12\/241211.-El-vicepresidente-de-la-Fundacion-Caja-Rural-del-Sur-y-el-presidente-de-la-Asociacion-de-Belenistas-inauguraron-el-belen-que-se-puede-visitar-en-el-Centro-Cultural-1.jpg",18,12,false],"blog-thumbnail":["https:\/\/fundacioncajaruraldelsur.com\/wp-content\/uploads\/2024\/12\/241211.-El-vicepresidente-de-la-Fundacion-Caja-Rural-del-Sur-y-el-presidente-de-la-Asociacion-de-Belenistas-inauguraron-el-belen-que-se-puede-visitar-en-el-Centro-Cultural-1-400x200.jpg",400,200,true]},"rttpg_author":{"display_name":"Comunicaci\u00f3n","author_link":"https:\/\/fundacioncajaruraldelsur.com\/pt\/author\/sevillaadmin\/"},"rttpg_comment":0,"rttpg_category":"<a href=\"https:\/\/fundacioncajaruraldelsur.com\/pt\/category\/presentaciones\/\" rel=\"category tag\">Presentaciones<\/a>","rttpg_excerpt":"Hasta el pr\u00f3ximo 3 de enero se puede visitar en el Centro Cultural en C\u00f3rdoba de la Fundaci\u00f3n Caja Rural del Sur el bel\u00e9n montado en colaboraci\u00f3n con la Asociaci\u00f3n [&hellip;]","_links":{"self":[{"href":"https:\/\/fundacioncajaruraldelsur.com\/pt\/wp-json\/wp\/v2\/posts\/10706","targetHints":{"allow":["GET"]}}],"collection":[{"href":"https:\/\/fundacioncajaruraldelsur.com\/pt\/wp-json\/wp\/v2\/posts"}],"about":[{"href":"https:\/\/fundacioncajaruraldelsur.com\/pt\/wp-json\/wp\/v2\/types\/post"}],"author":[{"embeddable":true,"href":"https:\/\/fundacioncajaruraldelsur.com\/pt\/wp-json\/wp\/v2\/users\/6"}],"replies":[{"embeddable":true,"href":"https:\/\/fundacioncajaruraldelsur.com\/pt\/wp-json\/wp\/v2\/comments?post=10706"}],"version-history":[{"count":1,"href":"https:\/\/fundacioncajaruraldelsur.com\/pt\/wp-json\/wp\/v2\/posts\/10706\/revisions"}],"predecessor-version":[{"id":10709,"href":"https:\/\/fundacioncajaruraldelsur.com\/pt\/wp-json\/wp\/v2\/posts\/10706\/revisions\/10709"}],"wp:featuredmedia":[{"embeddable":true,"href":"https:\/\/fundacioncajaruraldelsur.com\/pt\/wp-json\/wp\/v2\/media\/10707"}],"wp:attachment":[{"href":"https:\/\/fundacioncajaruraldelsur.com\/pt\/wp-json\/wp\/v2\/media?parent=10706"}],"wp:term":[{"taxonomy":"category","embeddable":true,"href":"https:\/\/fundacioncajaruraldelsur.com\/pt\/wp-json\/wp\/v2\/categories?post=10706"},{"taxonomy":"post_tag","embeddable":true,"href":"https:\/\/fundacioncajaruraldelsur.com\/pt\/wp-json\/wp\/v2\/tags?post=10706"}],"curies":[{"name":"wp","href":"https:\/\/api.w.org\/{rel}","templated":true}]}}