{"id":10607,"date":"2024-11-16T10:37:10","date_gmt":"2024-11-16T09:37:10","guid":{"rendered":"\/?p=10607"},"modified":"2024-11-16T10:41:57","modified_gmt":"2024-11-16T09:41:57","slug":"un-cartel-escultorico-para-anunciar-la-cabalgata-de-reyes-de-2025-en-sevilla","status":"publish","type":"post","link":"https:\/\/fundacioncajaruraldelsur.com\/pt\/un-cartel-escultorico-para-anunciar-la-cabalgata-de-reyes-de-2025-en-sevilla\/","title":{"rendered":"Un cartel escult\u00f3rico para anunciar la cabalgata de Reyes de 2025 en Sevilla"},"content":{"rendered":"<p>El Ateneo de Sevilla ha presentado el cartel oficial de la <strong>Cabalgata de Reyes Magos 2025<\/strong> de la ciudad, una obra \u00fanica e hist\u00f3rica creada por la <strong>escultora sevillana Guadalupe de Guzm\u00e1n Molina<\/strong>, creadora del primer cartel escult\u00f3rico en la historia del Ateneo.<\/p>\n<p>En el acto, celebrado en el auditorio de la <strong>Fundaci\u00f3n Caja Rural del Sur en Sevilla, el viernes, 15 de noviembre, intervino por parte de la entidad para dar la bienvenida y apertura del evento, Manuel Ruiz Rojas.<\/strong><\/p>\n<p>En el acto participaron el <strong>presidente del Ateneo de Sevilla, Emilio A. Boja Malav\u00e9,<\/strong> y el <strong>director de la Cabalgata de Reyes Magos, Manuel S\u00e1inz M\u00e9ndez<\/strong>. Adem\u00e1s<strong> en representaci\u00f3n del Ayuntamiento<\/strong> estuvo presente el Teniente Segundo de Alcalde, delegado del \u00c1rea de Gobierno de Cartuja, Parques Innovadores, Movilidad, Econom\u00eda y Comercio y Distrito Bellavista-Palmera, <strong>\u00c1lvaro Pimentel.<\/strong><\/p>\n<p>En la obra se representa a los Reyes Magos de Oriente en <strong>tres escenas diferenciadas<\/strong>: la Cabalgata actual, la adoraci\u00f3n al ni\u00f1o Jes\u00fas, y la noche de Reyes Magos. Un excelente cartel, digno de uno de los acontecimientos m\u00e1s importantes del a\u00f1o en la capital hispalense.<\/p>\n<p><a href=\"\/wp-content\/uploads\/2024\/11\/PHOTO-2024-11-15-23-27-10.jpg\" rel=\"lightbox-0\"><img loading=\"lazy\" decoding=\"async\" class=\"alignnone wp-image-10609 size-full\" src=\"\/wp-content\/uploads\/2024\/11\/PHOTO-2024-11-15-23-27-10.jpg\" alt=\"\" width=\"1200\" height=\"1600\" srcset=\"https:\/\/fundacioncajaruraldelsur.com\/wp-content\/uploads\/2024\/11\/PHOTO-2024-11-15-23-27-10.jpg 1200w, https:\/\/fundacioncajaruraldelsur.com\/wp-content\/uploads\/2024\/11\/PHOTO-2024-11-15-23-27-10-225x300.jpg 225w, https:\/\/fundacioncajaruraldelsur.com\/wp-content\/uploads\/2024\/11\/PHOTO-2024-11-15-23-27-10-768x1024.jpg 768w, https:\/\/fundacioncajaruraldelsur.com\/wp-content\/uploads\/2024\/11\/PHOTO-2024-11-15-23-27-10-1152x1536.jpg 1152w\" sizes=\"auto, (max-width: 1200px) 100vw, 1200px\" \/><\/a><\/p>","protected":false},"excerpt":{"rendered":"<p>El Ateneo de Sevilla ha presentado el cartel oficial de la Cabalgata de Reyes Magos 2025 de la ciudad, una obra \u00fanica e hist\u00f3rica creada por la escultora sevillana Guadalupe [&hellip;]<\/p>\n","protected":false},"author":6,"featured_media":10608,"comment_status":"closed","ping_status":"closed","sticky":false,"template":"","format":"standard","meta":{"footnotes":""},"categories":[84],"tags":[],"class_list":["post-10607","post","type-post","status-publish","format-standard","has-post-thumbnail","hentry","category-presentaciones"],"yoast_head":"<!-- This site is optimized with the Yoast SEO plugin v27.3 - https:\/\/yoast.com\/product\/yoast-seo-wordpress\/ -->\n<title>Un cartel escult\u00f3rico para anunciar la cabalgata de Reyes de 2025 en Sevilla - Fundaci\u00f3n Caja Rural del Sur<\/title>\n<meta name=\"robots\" content=\"index, follow, max-snippet:-1, max-image-preview:large, max-video-preview:-1\" \/>\n<link rel=\"canonical\" href=\"https:\/\/fundacioncajaruraldelsur.com\/pt\/un-cartel-escultorico-para-anunciar-la-cabalgata-de-reyes-de-2025-en-sevilla\/\" \/>\n<meta property=\"og:locale\" content=\"pt_PT\" \/>\n<meta property=\"og:type\" content=\"article\" \/>\n<meta property=\"og:title\" content=\"Un cartel escult\u00f3rico para anunciar la cabalgata de Reyes de 2025 en Sevilla - Fundaci\u00f3n Caja Rural del Sur\" \/>\n<meta property=\"og:description\" content=\"El Ateneo de Sevilla ha presentado el cartel oficial de la Cabalgata de Reyes Magos 2025 de la ciudad, una obra \u00fanica e hist\u00f3rica creada por la escultora sevillana Guadalupe [&hellip;]\" \/>\n<meta property=\"og:url\" content=\"https:\/\/fundacioncajaruraldelsur.com\/pt\/un-cartel-escultorico-para-anunciar-la-cabalgata-de-reyes-de-2025-en-sevilla\/\" \/>\n<meta property=\"og:site_name\" content=\"Fundaci\u00f3n Caja Rural del Sur\" \/>\n<meta property=\"article:published_time\" content=\"2024-11-16T09:37:10+00:00\" \/>\n<meta property=\"article:modified_time\" content=\"2024-11-16T09:41:57+00:00\" \/>\n<meta property=\"og:image\" content=\"https:\/\/fundacioncajaruraldelsur.com\/wp-content\/uploads\/2024\/11\/PHOTO-2024-11-15-23-25-09.jpg\" \/>\n\t<meta property=\"og:image:width\" content=\"1600\" \/>\n\t<meta property=\"og:image:height\" content=\"1200\" \/>\n\t<meta property=\"og:image:type\" content=\"image\/jpeg\" \/>\n<meta name=\"author\" content=\"Comunicaci\u00f3n\" \/>\n<meta name=\"twitter:card\" content=\"summary_large_image\" \/>\n<meta name=\"twitter:label1\" content=\"Written by\" \/>\n\t<meta name=\"twitter:data1\" content=\"Comunicaci\u00f3n\" \/>\n\t<meta name=\"twitter:label2\" content=\"Est. reading time\" \/>\n\t<meta name=\"twitter:data2\" content=\"2 minutes\" \/>\n<script type=\"application\/ld+json\" class=\"yoast-schema-graph\">{\"@context\":\"https:\\\/\\\/schema.org\",\"@graph\":[{\"@type\":\"Article\",\"@id\":\"https:\\\/\\\/fundacioncajaruraldelsur.com\\\/un-cartel-escultorico-para-anunciar-la-cabalgata-de-reyes-de-2025-en-sevilla\\\/#article\",\"isPartOf\":{\"@id\":\"https:\\\/\\\/fundacioncajaruraldelsur.com\\\/un-cartel-escultorico-para-anunciar-la-cabalgata-de-reyes-de-2025-en-sevilla\\\/\"},\"author\":{\"name\":\"Comunicaci\u00f3n\",\"@id\":\"https:\\\/\\\/fundacioncajaruraldelsur.com\\\/#\\\/schema\\\/person\\\/f430da9fb783d505ff061ad8b3d44577\"},\"headline\":\"Un cartel escult\u00f3rico para anunciar la cabalgata de Reyes de 2025 en Sevilla\",\"datePublished\":\"2024-11-16T09:37:10+00:00\",\"dateModified\":\"2024-11-16T09:41:57+00:00\",\"mainEntityOfPage\":{\"@id\":\"https:\\\/\\\/fundacioncajaruraldelsur.com\\\/un-cartel-escultorico-para-anunciar-la-cabalgata-de-reyes-de-2025-en-sevilla\\\/\"},\"wordCount\":208,\"image\":{\"@id\":\"https:\\\/\\\/fundacioncajaruraldelsur.com\\\/un-cartel-escultorico-para-anunciar-la-cabalgata-de-reyes-de-2025-en-sevilla\\\/#primaryimage\"},\"thumbnailUrl\":\"https:\\\/\\\/fundacioncajaruraldelsur.com\\\/wp-content\\\/uploads\\\/2024\\\/11\\\/PHOTO-2024-11-15-23-25-09.jpg\",\"articleSection\":[\"Presentaciones\"],\"inLanguage\":\"pt-PT\"},{\"@type\":\"WebPage\",\"@id\":\"https:\\\/\\\/fundacioncajaruraldelsur.com\\\/un-cartel-escultorico-para-anunciar-la-cabalgata-de-reyes-de-2025-en-sevilla\\\/\",\"url\":\"https:\\\/\\\/fundacioncajaruraldelsur.com\\\/un-cartel-escultorico-para-anunciar-la-cabalgata-de-reyes-de-2025-en-sevilla\\\/\",\"name\":\"Un cartel escult\u00f3rico para anunciar la cabalgata de Reyes de 2025 en Sevilla - Fundaci\u00f3n Caja Rural del Sur\",\"isPartOf\":{\"@id\":\"https:\\\/\\\/fundacioncajaruraldelsur.com\\\/#website\"},\"primaryImageOfPage\":{\"@id\":\"https:\\\/\\\/fundacioncajaruraldelsur.com\\\/un-cartel-escultorico-para-anunciar-la-cabalgata-de-reyes-de-2025-en-sevilla\\\/#primaryimage\"},\"image\":{\"@id\":\"https:\\\/\\\/fundacioncajaruraldelsur.com\\\/un-cartel-escultorico-para-anunciar-la-cabalgata-de-reyes-de-2025-en-sevilla\\\/#primaryimage\"},\"thumbnailUrl\":\"https:\\\/\\\/fundacioncajaruraldelsur.com\\\/wp-content\\\/uploads\\\/2024\\\/11\\\/PHOTO-2024-11-15-23-25-09.jpg\",\"datePublished\":\"2024-11-16T09:37:10+00:00\",\"dateModified\":\"2024-11-16T09:41:57+00:00\",\"author\":{\"@id\":\"https:\\\/\\\/fundacioncajaruraldelsur.com\\\/#\\\/schema\\\/person\\\/f430da9fb783d505ff061ad8b3d44577\"},\"breadcrumb\":{\"@id\":\"https:\\\/\\\/fundacioncajaruraldelsur.com\\\/un-cartel-escultorico-para-anunciar-la-cabalgata-de-reyes-de-2025-en-sevilla\\\/#breadcrumb\"},\"inLanguage\":\"pt-PT\",\"potentialAction\":[{\"@type\":\"ReadAction\",\"target\":[\"https:\\\/\\\/fundacioncajaruraldelsur.com\\\/un-cartel-escultorico-para-anunciar-la-cabalgata-de-reyes-de-2025-en-sevilla\\\/\"]}]},{\"@type\":\"ImageObject\",\"inLanguage\":\"pt-PT\",\"@id\":\"https:\\\/\\\/fundacioncajaruraldelsur.com\\\/un-cartel-escultorico-para-anunciar-la-cabalgata-de-reyes-de-2025-en-sevilla\\\/#primaryimage\",\"url\":\"https:\\\/\\\/fundacioncajaruraldelsur.com\\\/wp-content\\\/uploads\\\/2024\\\/11\\\/PHOTO-2024-11-15-23-25-09.jpg\",\"contentUrl\":\"https:\\\/\\\/fundacioncajaruraldelsur.com\\\/wp-content\\\/uploads\\\/2024\\\/11\\\/PHOTO-2024-11-15-23-25-09.jpg\",\"width\":1600,\"height\":1200},{\"@type\":\"BreadcrumbList\",\"@id\":\"https:\\\/\\\/fundacioncajaruraldelsur.com\\\/un-cartel-escultorico-para-anunciar-la-cabalgata-de-reyes-de-2025-en-sevilla\\\/#breadcrumb\",\"itemListElement\":[{\"@type\":\"ListItem\",\"position\":1,\"name\":\"Portada\",\"item\":\"https:\\\/\\\/fundacioncajaruraldelsur.com\\\/\"},{\"@type\":\"ListItem\",\"position\":2,\"name\":\"Un cartel escult\u00f3rico para anunciar la cabalgata de Reyes de 2025 en Sevilla\"}]},{\"@type\":\"WebSite\",\"@id\":\"https:\\\/\\\/fundacioncajaruraldelsur.com\\\/#website\",\"url\":\"https:\\\/\\\/fundacioncajaruraldelsur.com\\\/\",\"name\":\"Fundaci\u00f3n Caja Rural del Sur\",\"description\":\"\",\"potentialAction\":[{\"@type\":\"SearchAction\",\"target\":{\"@type\":\"EntryPoint\",\"urlTemplate\":\"https:\\\/\\\/fundacioncajaruraldelsur.com\\\/?s={search_term_string}\"},\"query-input\":{\"@type\":\"PropertyValueSpecification\",\"valueRequired\":true,\"valueName\":\"search_term_string\"}}],\"inLanguage\":\"pt-PT\"},{\"@type\":\"Person\",\"@id\":\"https:\\\/\\\/fundacioncajaruraldelsur.com\\\/#\\\/schema\\\/person\\\/f430da9fb783d505ff061ad8b3d44577\",\"name\":\"Comunicaci\u00f3n\",\"image\":{\"@type\":\"ImageObject\",\"inLanguage\":\"pt-PT\",\"@id\":\"https:\\\/\\\/secure.gravatar.com\\\/avatar\\\/0dca239875993680bac4603ad2de7942da018f52cc3a244578e0b3b09314a8d8?s=96&d=blank&r=g\",\"url\":\"https:\\\/\\\/secure.gravatar.com\\\/avatar\\\/0dca239875993680bac4603ad2de7942da018f52cc3a244578e0b3b09314a8d8?s=96&d=blank&r=g\",\"contentUrl\":\"https:\\\/\\\/secure.gravatar.com\\\/avatar\\\/0dca239875993680bac4603ad2de7942da018f52cc3a244578e0b3b09314a8d8?s=96&d=blank&r=g\",\"caption\":\"Comunicaci\u00f3n\"}}]}<\/script>\n<!-- \/ Yoast SEO plugin. -->","yoast_head_json":{"title":"Un cartel escult\u00f3rico para anunciar la cabalgata de Reyes de 2025 en Sevilla - Fundaci\u00f3n Caja Rural del Sur","robots":{"index":"index","follow":"follow","max-snippet":"max-snippet:-1","max-image-preview":"max-image-preview:large","max-video-preview":"max-video-preview:-1"},"canonical":"https:\/\/fundacioncajaruraldelsur.com\/pt\/un-cartel-escultorico-para-anunciar-la-cabalgata-de-reyes-de-2025-en-sevilla\/","og_locale":"pt_PT","og_type":"article","og_title":"Un cartel escult\u00f3rico para anunciar la cabalgata de Reyes de 2025 en Sevilla - Fundaci\u00f3n Caja Rural del Sur","og_description":"El Ateneo de Sevilla ha presentado el cartel oficial de la Cabalgata de Reyes Magos 2025 de la ciudad, una obra \u00fanica e hist\u00f3rica creada por la escultora sevillana Guadalupe [&hellip;]","og_url":"https:\/\/fundacioncajaruraldelsur.com\/pt\/un-cartel-escultorico-para-anunciar-la-cabalgata-de-reyes-de-2025-en-sevilla\/","og_site_name":"Fundaci\u00f3n Caja Rural del Sur","article_published_time":"2024-11-16T09:37:10+00:00","article_modified_time":"2024-11-16T09:41:57+00:00","og_image":[{"width":1600,"height":1200,"url":"https:\/\/fundacioncajaruraldelsur.com\/wp-content\/uploads\/2024\/11\/PHOTO-2024-11-15-23-25-09.jpg","type":"image\/jpeg"}],"author":"Comunicaci\u00f3n","twitter_card":"summary_large_image","twitter_misc":{"Written by":"Comunicaci\u00f3n","Est. reading time":"2 minutes"},"schema":{"@context":"https:\/\/schema.org","@graph":[{"@type":"Article","@id":"https:\/\/fundacioncajaruraldelsur.com\/un-cartel-escultorico-para-anunciar-la-cabalgata-de-reyes-de-2025-en-sevilla\/#article","isPartOf":{"@id":"https:\/\/fundacioncajaruraldelsur.com\/un-cartel-escultorico-para-anunciar-la-cabalgata-de-reyes-de-2025-en-sevilla\/"},"author":{"name":"Comunicaci\u00f3n","@id":"https:\/\/fundacioncajaruraldelsur.com\/#\/schema\/person\/f430da9fb783d505ff061ad8b3d44577"},"headline":"Un cartel escult\u00f3rico para anunciar la cabalgata de Reyes de 2025 en Sevilla","datePublished":"2024-11-16T09:37:10+00:00","dateModified":"2024-11-16T09:41:57+00:00","mainEntityOfPage":{"@id":"https:\/\/fundacioncajaruraldelsur.com\/un-cartel-escultorico-para-anunciar-la-cabalgata-de-reyes-de-2025-en-sevilla\/"},"wordCount":208,"image":{"@id":"https:\/\/fundacioncajaruraldelsur.com\/un-cartel-escultorico-para-anunciar-la-cabalgata-de-reyes-de-2025-en-sevilla\/#primaryimage"},"thumbnailUrl":"https:\/\/fundacioncajaruraldelsur.com\/wp-content\/uploads\/2024\/11\/PHOTO-2024-11-15-23-25-09.jpg","articleSection":["Presentaciones"],"inLanguage":"pt-PT"},{"@type":"WebPage","@id":"https:\/\/fundacioncajaruraldelsur.com\/un-cartel-escultorico-para-anunciar-la-cabalgata-de-reyes-de-2025-en-sevilla\/","url":"https:\/\/fundacioncajaruraldelsur.com\/un-cartel-escultorico-para-anunciar-la-cabalgata-de-reyes-de-2025-en-sevilla\/","name":"Un cartel escult\u00f3rico para anunciar la cabalgata de Reyes de 2025 en Sevilla - Fundaci\u00f3n Caja Rural del Sur","isPartOf":{"@id":"https:\/\/fundacioncajaruraldelsur.com\/#website"},"primaryImageOfPage":{"@id":"https:\/\/fundacioncajaruraldelsur.com\/un-cartel-escultorico-para-anunciar-la-cabalgata-de-reyes-de-2025-en-sevilla\/#primaryimage"},"image":{"@id":"https:\/\/fundacioncajaruraldelsur.com\/un-cartel-escultorico-para-anunciar-la-cabalgata-de-reyes-de-2025-en-sevilla\/#primaryimage"},"thumbnailUrl":"https:\/\/fundacioncajaruraldelsur.com\/wp-content\/uploads\/2024\/11\/PHOTO-2024-11-15-23-25-09.jpg","datePublished":"2024-11-16T09:37:10+00:00","dateModified":"2024-11-16T09:41:57+00:00","author":{"@id":"https:\/\/fundacioncajaruraldelsur.com\/#\/schema\/person\/f430da9fb783d505ff061ad8b3d44577"},"breadcrumb":{"@id":"https:\/\/fundacioncajaruraldelsur.com\/un-cartel-escultorico-para-anunciar-la-cabalgata-de-reyes-de-2025-en-sevilla\/#breadcrumb"},"inLanguage":"pt-PT","potentialAction":[{"@type":"ReadAction","target":["https:\/\/fundacioncajaruraldelsur.com\/un-cartel-escultorico-para-anunciar-la-cabalgata-de-reyes-de-2025-en-sevilla\/"]}]},{"@type":"ImageObject","inLanguage":"pt-PT","@id":"https:\/\/fundacioncajaruraldelsur.com\/un-cartel-escultorico-para-anunciar-la-cabalgata-de-reyes-de-2025-en-sevilla\/#primaryimage","url":"https:\/\/fundacioncajaruraldelsur.com\/wp-content\/uploads\/2024\/11\/PHOTO-2024-11-15-23-25-09.jpg","contentUrl":"https:\/\/fundacioncajaruraldelsur.com\/wp-content\/uploads\/2024\/11\/PHOTO-2024-11-15-23-25-09.jpg","width":1600,"height":1200},{"@type":"BreadcrumbList","@id":"https:\/\/fundacioncajaruraldelsur.com\/un-cartel-escultorico-para-anunciar-la-cabalgata-de-reyes-de-2025-en-sevilla\/#breadcrumb","itemListElement":[{"@type":"ListItem","position":1,"name":"Portada","item":"https:\/\/fundacioncajaruraldelsur.com\/"},{"@type":"ListItem","position":2,"name":"Un cartel escult\u00f3rico para anunciar la cabalgata de Reyes de 2025 en Sevilla"}]},{"@type":"WebSite","@id":"https:\/\/fundacioncajaruraldelsur.com\/#website","url":"https:\/\/fundacioncajaruraldelsur.com\/","name":"Funda\u00e7\u00e3o Caja Rural del Sur","description":"","potentialAction":[{"@type":"SearchAction","target":{"@type":"EntryPoint","urlTemplate":"https:\/\/fundacioncajaruraldelsur.com\/?s={search_term_string}"},"query-input":{"@type":"PropertyValueSpecification","valueRequired":true,"valueName":"search_term_string"}}],"inLanguage":"pt-PT"},{"@type":"Person","@id":"https:\/\/fundacioncajaruraldelsur.com\/#\/schema\/person\/f430da9fb783d505ff061ad8b3d44577","name":"Comunicaci\u00f3n","image":{"@type":"ImageObject","inLanguage":"pt-PT","@id":"https:\/\/secure.gravatar.com\/avatar\/0dca239875993680bac4603ad2de7942da018f52cc3a244578e0b3b09314a8d8?s=96&d=blank&r=g","url":"https:\/\/secure.gravatar.com\/avatar\/0dca239875993680bac4603ad2de7942da018f52cc3a244578e0b3b09314a8d8?s=96&d=blank&r=g","contentUrl":"https:\/\/secure.gravatar.com\/avatar\/0dca239875993680bac4603ad2de7942da018f52cc3a244578e0b3b09314a8d8?s=96&d=blank&r=g","caption":"Comunicaci\u00f3n"}}]}},"rttpg_featured_image_url":{"full":["https:\/\/fundacioncajaruraldelsur.com\/wp-content\/uploads\/2024\/11\/PHOTO-2024-11-15-23-25-09.jpg",1600,1200,false],"landscape":["https:\/\/fundacioncajaruraldelsur.com\/wp-content\/uploads\/2024\/11\/PHOTO-2024-11-15-23-25-09.jpg",1600,1200,false],"portraits":["https:\/\/fundacioncajaruraldelsur.com\/wp-content\/uploads\/2024\/11\/PHOTO-2024-11-15-23-25-09.jpg",1600,1200,false],"thumbnail":["https:\/\/fundacioncajaruraldelsur.com\/wp-content\/uploads\/2024\/11\/PHOTO-2024-11-15-23-25-09-150x150.jpg",150,150,true],"medium":["https:\/\/fundacioncajaruraldelsur.com\/wp-content\/uploads\/2024\/11\/PHOTO-2024-11-15-23-25-09-300x225.jpg",300,225,true],"large":["https:\/\/fundacioncajaruraldelsur.com\/wp-content\/uploads\/2024\/11\/PHOTO-2024-11-15-23-25-09-1024x768.jpg",960,720,true],"1536x1536":["https:\/\/fundacioncajaruraldelsur.com\/wp-content\/uploads\/2024\/11\/PHOTO-2024-11-15-23-25-09-1536x1152.jpg",1536,1152,true],"2048x2048":["https:\/\/fundacioncajaruraldelsur.com\/wp-content\/uploads\/2024\/11\/PHOTO-2024-11-15-23-25-09.jpg",1600,1200,false],"trp-custom-language-flag":["https:\/\/fundacioncajaruraldelsur.com\/wp-content\/uploads\/2024\/11\/PHOTO-2024-11-15-23-25-09.jpg",16,12,false],"blog-thumbnail":["https:\/\/fundacioncajaruraldelsur.com\/wp-content\/uploads\/2024\/11\/PHOTO-2024-11-15-23-25-09-400x200.jpg",400,200,true]},"rttpg_author":{"display_name":"Comunicaci\u00f3n","author_link":"https:\/\/fundacioncajaruraldelsur.com\/pt\/author\/sevillaadmin\/"},"rttpg_comment":0,"rttpg_category":"<a href=\"https:\/\/fundacioncajaruraldelsur.com\/pt\/category\/presentaciones\/\" rel=\"category tag\">Presentaciones<\/a>","rttpg_excerpt":"El Ateneo de Sevilla ha presentado el cartel oficial de la Cabalgata de Reyes Magos 2025 de la ciudad, una obra \u00fanica e hist\u00f3rica creada por la escultora sevillana Guadalupe [&hellip;]","_links":{"self":[{"href":"https:\/\/fundacioncajaruraldelsur.com\/pt\/wp-json\/wp\/v2\/posts\/10607","targetHints":{"allow":["GET"]}}],"collection":[{"href":"https:\/\/fundacioncajaruraldelsur.com\/pt\/wp-json\/wp\/v2\/posts"}],"about":[{"href":"https:\/\/fundacioncajaruraldelsur.com\/pt\/wp-json\/wp\/v2\/types\/post"}],"author":[{"embeddable":true,"href":"https:\/\/fundacioncajaruraldelsur.com\/pt\/wp-json\/wp\/v2\/users\/6"}],"replies":[{"embeddable":true,"href":"https:\/\/fundacioncajaruraldelsur.com\/pt\/wp-json\/wp\/v2\/comments?post=10607"}],"version-history":[{"count":2,"href":"https:\/\/fundacioncajaruraldelsur.com\/pt\/wp-json\/wp\/v2\/posts\/10607\/revisions"}],"predecessor-version":[{"id":10611,"href":"https:\/\/fundacioncajaruraldelsur.com\/pt\/wp-json\/wp\/v2\/posts\/10607\/revisions\/10611"}],"wp:featuredmedia":[{"embeddable":true,"href":"https:\/\/fundacioncajaruraldelsur.com\/pt\/wp-json\/wp\/v2\/media\/10608"}],"wp:attachment":[{"href":"https:\/\/fundacioncajaruraldelsur.com\/pt\/wp-json\/wp\/v2\/media?parent=10607"}],"wp:term":[{"taxonomy":"category","embeddable":true,"href":"https:\/\/fundacioncajaruraldelsur.com\/pt\/wp-json\/wp\/v2\/categories?post=10607"},{"taxonomy":"post_tag","embeddable":true,"href":"https:\/\/fundacioncajaruraldelsur.com\/pt\/wp-json\/wp\/v2\/tags?post=10607"}],"curies":[{"name":"wp","href":"https:\/\/api.w.org\/{rel}","templated":true}]}}