{"id":10589,"date":"2024-11-13T10:27:05","date_gmt":"2024-11-13T09:27:05","guid":{"rendered":"\/?p=10589"},"modified":"2024-11-13T10:27:05","modified_gmt":"2024-11-13T09:27:05","slug":"inauguracion-de-la-3a-edicion-del-seminario-portugal-agrifood-pas-24-en-san-telmo-business-school","status":"publish","type":"post","link":"https:\/\/fundacioncajaruraldelsur.com\/pt\/inauguracion-de-la-3a-edicion-del-seminario-portugal-agrifood-pas-24-en-san-telmo-business-school\/","title":{"rendered":"Inauguraci\u00f3n de la 3\u00aa Edici\u00f3n del \u201cSeminario Portugal AgriFOOD \u2013 PAS 24\u201d en San Telmo Business School"},"content":{"rendered":"<p>Con el apoyo de <strong>Caja Rural del Sur, el seminario \u00abLisbon Agri Conferences y Agrim\u00fatuo &#8211; Federa\u00e7\u00e3o das Caixas de Cr\u00e9dito Agr\u00edcola M\u00fatuo, FCRL\u00bb<\/strong>, <strong>se ha inaugurado de la mano de San Telmo Business School la tercera edici\u00f3n del seminario \u00abPortugal AgriFOOD Seminar \u2013 PAS 24\u00bb. <\/strong><\/p>\n<p>Este programa de formaci\u00f3n se centra en la estrategia y el an\u00e1lisis de la industria agroalimentaria, abordando temas actuales como las tendencias globales, el desarrollo de foodtech, y la modernizaci\u00f3n de modelos de gobernanza y financiaci\u00f3n.<\/p>\n<p>La sesi\u00f3n de apertura del seminario cont\u00f3 con la intervenci\u00f3n del Director General de la Fundaci\u00f3n Caja Rural del Sur, Emilio Ponce, quien incidi\u00f3 en la apuesta de la entidad por la formaci\u00f3n de calidad en su sector clave para nuestra econom\u00eda y la de Portugal como es el agroalimentario.<\/p>\n<p>De este modo, el seminario analiza temas basados en casos como, Prote\u00ednas alternativas y Food Tech, caso Zyrcular Foods, el discount en Europa y Portugal, caso LIDL vs. ALDI, desaf\u00edos del mundo rural, agua, regulaci\u00f3n, y envejecimiento, internacionalizaci\u00f3n y ventajas competitivas, caso Vall Companys en Am\u00e9rica Latina, mercados emergentes, caso del aceite de oliva en Brasil.<\/p>\n<p>El seminario ofrece adem\u00e1s espacios de networking para los asistentes y un programa completo que incluye an\u00e1lisis de casos y debates sobre temas de relevancia del sector.\u00a0El objetivo de esta iniciativa apoyada por Caja Rural del Sur es fortalecer el conocimiento y la reflexi\u00f3n estrat\u00e9gica en el sector agroalimentario, potenciando el intercambio de experiencias para afrontar los retos presentes y futuros.<\/p>\n<p><a href=\"\/wp-content\/uploads\/2024\/11\/CCR02248.jpg\" rel=\"lightbox-0\"><img loading=\"lazy\" decoding=\"async\" class=\"alignnone wp-image-10591 size-full\" src=\"\/wp-content\/uploads\/2024\/11\/CCR02248.jpg\" alt=\"\" width=\"2136\" height=\"1424\" srcset=\"https:\/\/fundacioncajaruraldelsur.com\/wp-content\/uploads\/2024\/11\/CCR02248.jpg 2136w, https:\/\/fundacioncajaruraldelsur.com\/wp-content\/uploads\/2024\/11\/CCR02248-300x200.jpg 300w, https:\/\/fundacioncajaruraldelsur.com\/wp-content\/uploads\/2024\/11\/CCR02248-1024x683.jpg 1024w, https:\/\/fundacioncajaruraldelsur.com\/wp-content\/uploads\/2024\/11\/CCR02248-768x512.jpg 768w, https:\/\/fundacioncajaruraldelsur.com\/wp-content\/uploads\/2024\/11\/CCR02248-1536x1024.jpg 1536w, https:\/\/fundacioncajaruraldelsur.com\/wp-content\/uploads\/2024\/11\/CCR02248-2048x1365.jpg 2048w\" sizes=\"auto, (max-width: 2136px) 100vw, 2136px\" \/><\/a><\/p>","protected":false},"excerpt":{"rendered":"<p>Con el apoyo de Caja Rural del Sur, el seminario \u00abLisbon Agri Conferences y Agrim\u00fatuo &#8211; Federa\u00e7\u00e3o das Caixas de Cr\u00e9dito Agr\u00edcola M\u00fatuo, FCRL\u00bb, se ha inaugurado de la mano [&hellip;]<\/p>\n","protected":false},"author":6,"featured_media":10590,"comment_status":"closed","ping_status":"closed","sticky":false,"template":"","format":"standard","meta":{"footnotes":""},"categories":[84],"tags":[],"class_list":["post-10589","post","type-post","status-publish","format-standard","has-post-thumbnail","hentry","category-presentaciones"],"yoast_head":"<!-- This site is optimized with the Yoast SEO plugin v27.3 - https:\/\/yoast.com\/product\/yoast-seo-wordpress\/ -->\n<title>Inauguraci\u00f3n de la 3\u00aa Edici\u00f3n del \u201cSeminario Portugal AgriFOOD \u2013 PAS 24\u201d en San Telmo Business School - Fundaci\u00f3n Caja Rural del Sur<\/title>\n<meta name=\"robots\" content=\"index, follow, max-snippet:-1, max-image-preview:large, max-video-preview:-1\" \/>\n<link rel=\"canonical\" href=\"https:\/\/fundacioncajaruraldelsur.com\/pt\/inauguracion-de-la-3a-edicion-del-seminario-portugal-agrifood-pas-24-en-san-telmo-business-school\/\" \/>\n<meta property=\"og:locale\" content=\"pt_PT\" \/>\n<meta property=\"og:type\" content=\"article\" \/>\n<meta property=\"og:title\" content=\"Inauguraci\u00f3n de la 3\u00aa Edici\u00f3n del \u201cSeminario Portugal AgriFOOD \u2013 PAS 24\u201d en San Telmo Business School - Fundaci\u00f3n Caja Rural del Sur\" \/>\n<meta property=\"og:description\" content=\"Con el apoyo de Caja Rural del Sur, el seminario \u00abLisbon Agri Conferences y Agrim\u00fatuo &#8211; Federa\u00e7\u00e3o das Caixas de Cr\u00e9dito Agr\u00edcola M\u00fatuo, FCRL\u00bb, se ha inaugurado de la mano [&hellip;]\" \/>\n<meta property=\"og:url\" content=\"https:\/\/fundacioncajaruraldelsur.com\/pt\/inauguracion-de-la-3a-edicion-del-seminario-portugal-agrifood-pas-24-en-san-telmo-business-school\/\" \/>\n<meta property=\"og:site_name\" content=\"Fundaci\u00f3n Caja Rural del Sur\" \/>\n<meta property=\"article:published_time\" content=\"2024-11-13T09:27:05+00:00\" \/>\n<meta property=\"og:image\" content=\"https:\/\/fundacioncajaruraldelsur.com\/wp-content\/uploads\/2024\/11\/CCR01947.jpg\" \/>\n\t<meta property=\"og:image:width\" content=\"2056\" \/>\n\t<meta property=\"og:image:height\" content=\"1371\" \/>\n\t<meta property=\"og:image:type\" content=\"image\/jpeg\" \/>\n<meta name=\"author\" content=\"Comunicaci\u00f3n\" \/>\n<meta name=\"twitter:card\" content=\"summary_large_image\" \/>\n<meta name=\"twitter:label1\" content=\"Written by\" \/>\n\t<meta name=\"twitter:data1\" content=\"Comunicaci\u00f3n\" \/>\n\t<meta name=\"twitter:label2\" content=\"Est. reading time\" \/>\n\t<meta name=\"twitter:data2\" content=\"2 minutes\" \/>\n<script type=\"application\/ld+json\" class=\"yoast-schema-graph\">{\"@context\":\"https:\\\/\\\/schema.org\",\"@graph\":[{\"@type\":\"Article\",\"@id\":\"https:\\\/\\\/fundacioncajaruraldelsur.com\\\/inauguracion-de-la-3a-edicion-del-seminario-portugal-agrifood-pas-24-en-san-telmo-business-school\\\/#article\",\"isPartOf\":{\"@id\":\"https:\\\/\\\/fundacioncajaruraldelsur.com\\\/inauguracion-de-la-3a-edicion-del-seminario-portugal-agrifood-pas-24-en-san-telmo-business-school\\\/\"},\"author\":{\"name\":\"Comunicaci\u00f3n\",\"@id\":\"https:\\\/\\\/fundacioncajaruraldelsur.com\\\/#\\\/schema\\\/person\\\/f430da9fb783d505ff061ad8b3d44577\"},\"headline\":\"Inauguraci\u00f3n de la 3\u00aa Edici\u00f3n del \u201cSeminario Portugal AgriFOOD \u2013 PAS 24\u201d en San Telmo Business School\",\"datePublished\":\"2024-11-13T09:27:05+00:00\",\"mainEntityOfPage\":{\"@id\":\"https:\\\/\\\/fundacioncajaruraldelsur.com\\\/inauguracion-de-la-3a-edicion-del-seminario-portugal-agrifood-pas-24-en-san-telmo-business-school\\\/\"},\"wordCount\":288,\"image\":{\"@id\":\"https:\\\/\\\/fundacioncajaruraldelsur.com\\\/inauguracion-de-la-3a-edicion-del-seminario-portugal-agrifood-pas-24-en-san-telmo-business-school\\\/#primaryimage\"},\"thumbnailUrl\":\"https:\\\/\\\/fundacioncajaruraldelsur.com\\\/wp-content\\\/uploads\\\/2024\\\/11\\\/CCR01947.jpg\",\"articleSection\":[\"Presentaciones\"],\"inLanguage\":\"pt-PT\"},{\"@type\":\"WebPage\",\"@id\":\"https:\\\/\\\/fundacioncajaruraldelsur.com\\\/inauguracion-de-la-3a-edicion-del-seminario-portugal-agrifood-pas-24-en-san-telmo-business-school\\\/\",\"url\":\"https:\\\/\\\/fundacioncajaruraldelsur.com\\\/inauguracion-de-la-3a-edicion-del-seminario-portugal-agrifood-pas-24-en-san-telmo-business-school\\\/\",\"name\":\"Inauguraci\u00f3n de la 3\u00aa Edici\u00f3n del \u201cSeminario Portugal AgriFOOD \u2013 PAS 24\u201d en San Telmo Business School - Fundaci\u00f3n Caja Rural del Sur\",\"isPartOf\":{\"@id\":\"https:\\\/\\\/fundacioncajaruraldelsur.com\\\/#website\"},\"primaryImageOfPage\":{\"@id\":\"https:\\\/\\\/fundacioncajaruraldelsur.com\\\/inauguracion-de-la-3a-edicion-del-seminario-portugal-agrifood-pas-24-en-san-telmo-business-school\\\/#primaryimage\"},\"image\":{\"@id\":\"https:\\\/\\\/fundacioncajaruraldelsur.com\\\/inauguracion-de-la-3a-edicion-del-seminario-portugal-agrifood-pas-24-en-san-telmo-business-school\\\/#primaryimage\"},\"thumbnailUrl\":\"https:\\\/\\\/fundacioncajaruraldelsur.com\\\/wp-content\\\/uploads\\\/2024\\\/11\\\/CCR01947.jpg\",\"datePublished\":\"2024-11-13T09:27:05+00:00\",\"author\":{\"@id\":\"https:\\\/\\\/fundacioncajaruraldelsur.com\\\/#\\\/schema\\\/person\\\/f430da9fb783d505ff061ad8b3d44577\"},\"breadcrumb\":{\"@id\":\"https:\\\/\\\/fundacioncajaruraldelsur.com\\\/inauguracion-de-la-3a-edicion-del-seminario-portugal-agrifood-pas-24-en-san-telmo-business-school\\\/#breadcrumb\"},\"inLanguage\":\"pt-PT\",\"potentialAction\":[{\"@type\":\"ReadAction\",\"target\":[\"https:\\\/\\\/fundacioncajaruraldelsur.com\\\/inauguracion-de-la-3a-edicion-del-seminario-portugal-agrifood-pas-24-en-san-telmo-business-school\\\/\"]}]},{\"@type\":\"ImageObject\",\"inLanguage\":\"pt-PT\",\"@id\":\"https:\\\/\\\/fundacioncajaruraldelsur.com\\\/inauguracion-de-la-3a-edicion-del-seminario-portugal-agrifood-pas-24-en-san-telmo-business-school\\\/#primaryimage\",\"url\":\"https:\\\/\\\/fundacioncajaruraldelsur.com\\\/wp-content\\\/uploads\\\/2024\\\/11\\\/CCR01947.jpg\",\"contentUrl\":\"https:\\\/\\\/fundacioncajaruraldelsur.com\\\/wp-content\\\/uploads\\\/2024\\\/11\\\/CCR01947.jpg\",\"width\":2056,\"height\":1371},{\"@type\":\"BreadcrumbList\",\"@id\":\"https:\\\/\\\/fundacioncajaruraldelsur.com\\\/inauguracion-de-la-3a-edicion-del-seminario-portugal-agrifood-pas-24-en-san-telmo-business-school\\\/#breadcrumb\",\"itemListElement\":[{\"@type\":\"ListItem\",\"position\":1,\"name\":\"Portada\",\"item\":\"https:\\\/\\\/fundacioncajaruraldelsur.com\\\/\"},{\"@type\":\"ListItem\",\"position\":2,\"name\":\"Inauguraci\u00f3n de la 3\u00aa Edici\u00f3n del \u201cSeminario Portugal AgriFOOD \u2013 PAS 24\u201d en San Telmo Business School\"}]},{\"@type\":\"WebSite\",\"@id\":\"https:\\\/\\\/fundacioncajaruraldelsur.com\\\/#website\",\"url\":\"https:\\\/\\\/fundacioncajaruraldelsur.com\\\/\",\"name\":\"Fundaci\u00f3n Caja Rural del Sur\",\"description\":\"\",\"potentialAction\":[{\"@type\":\"SearchAction\",\"target\":{\"@type\":\"EntryPoint\",\"urlTemplate\":\"https:\\\/\\\/fundacioncajaruraldelsur.com\\\/?s={search_term_string}\"},\"query-input\":{\"@type\":\"PropertyValueSpecification\",\"valueRequired\":true,\"valueName\":\"search_term_string\"}}],\"inLanguage\":\"pt-PT\"},{\"@type\":\"Person\",\"@id\":\"https:\\\/\\\/fundacioncajaruraldelsur.com\\\/#\\\/schema\\\/person\\\/f430da9fb783d505ff061ad8b3d44577\",\"name\":\"Comunicaci\u00f3n\",\"image\":{\"@type\":\"ImageObject\",\"inLanguage\":\"pt-PT\",\"@id\":\"https:\\\/\\\/secure.gravatar.com\\\/avatar\\\/0dca239875993680bac4603ad2de7942da018f52cc3a244578e0b3b09314a8d8?s=96&d=blank&r=g\",\"url\":\"https:\\\/\\\/secure.gravatar.com\\\/avatar\\\/0dca239875993680bac4603ad2de7942da018f52cc3a244578e0b3b09314a8d8?s=96&d=blank&r=g\",\"contentUrl\":\"https:\\\/\\\/secure.gravatar.com\\\/avatar\\\/0dca239875993680bac4603ad2de7942da018f52cc3a244578e0b3b09314a8d8?s=96&d=blank&r=g\",\"caption\":\"Comunicaci\u00f3n\"}}]}<\/script>\n<!-- \/ Yoast SEO plugin. -->","yoast_head_json":{"title":"Inauguraci\u00f3n de la 3\u00aa Edici\u00f3n del \u201cSeminario Portugal AgriFOOD \u2013 PAS 24\u201d en San Telmo Business School - Fundaci\u00f3n Caja Rural del Sur","robots":{"index":"index","follow":"follow","max-snippet":"max-snippet:-1","max-image-preview":"max-image-preview:large","max-video-preview":"max-video-preview:-1"},"canonical":"https:\/\/fundacioncajaruraldelsur.com\/pt\/inauguracion-de-la-3a-edicion-del-seminario-portugal-agrifood-pas-24-en-san-telmo-business-school\/","og_locale":"pt_PT","og_type":"article","og_title":"Inauguraci\u00f3n de la 3\u00aa Edici\u00f3n del \u201cSeminario Portugal AgriFOOD \u2013 PAS 24\u201d en San Telmo Business School - Fundaci\u00f3n Caja Rural del Sur","og_description":"Con el apoyo de Caja Rural del Sur, el seminario \u00abLisbon Agri Conferences y Agrim\u00fatuo &#8211; Federa\u00e7\u00e3o das Caixas de Cr\u00e9dito Agr\u00edcola M\u00fatuo, FCRL\u00bb, se ha inaugurado de la mano [&hellip;]","og_url":"https:\/\/fundacioncajaruraldelsur.com\/pt\/inauguracion-de-la-3a-edicion-del-seminario-portugal-agrifood-pas-24-en-san-telmo-business-school\/","og_site_name":"Fundaci\u00f3n Caja Rural del Sur","article_published_time":"2024-11-13T09:27:05+00:00","og_image":[{"width":2056,"height":1371,"url":"https:\/\/fundacioncajaruraldelsur.com\/wp-content\/uploads\/2024\/11\/CCR01947.jpg","type":"image\/jpeg"}],"author":"Comunicaci\u00f3n","twitter_card":"summary_large_image","twitter_misc":{"Written by":"Comunicaci\u00f3n","Est. reading time":"2 minutes"},"schema":{"@context":"https:\/\/schema.org","@graph":[{"@type":"Article","@id":"https:\/\/fundacioncajaruraldelsur.com\/inauguracion-de-la-3a-edicion-del-seminario-portugal-agrifood-pas-24-en-san-telmo-business-school\/#article","isPartOf":{"@id":"https:\/\/fundacioncajaruraldelsur.com\/inauguracion-de-la-3a-edicion-del-seminario-portugal-agrifood-pas-24-en-san-telmo-business-school\/"},"author":{"name":"Comunicaci\u00f3n","@id":"https:\/\/fundacioncajaruraldelsur.com\/#\/schema\/person\/f430da9fb783d505ff061ad8b3d44577"},"headline":"Inauguraci\u00f3n de la 3\u00aa Edici\u00f3n del \u201cSeminario Portugal AgriFOOD \u2013 PAS 24\u201d en San Telmo Business School","datePublished":"2024-11-13T09:27:05+00:00","mainEntityOfPage":{"@id":"https:\/\/fundacioncajaruraldelsur.com\/inauguracion-de-la-3a-edicion-del-seminario-portugal-agrifood-pas-24-en-san-telmo-business-school\/"},"wordCount":288,"image":{"@id":"https:\/\/fundacioncajaruraldelsur.com\/inauguracion-de-la-3a-edicion-del-seminario-portugal-agrifood-pas-24-en-san-telmo-business-school\/#primaryimage"},"thumbnailUrl":"https:\/\/fundacioncajaruraldelsur.com\/wp-content\/uploads\/2024\/11\/CCR01947.jpg","articleSection":["Presentaciones"],"inLanguage":"pt-PT"},{"@type":"WebPage","@id":"https:\/\/fundacioncajaruraldelsur.com\/inauguracion-de-la-3a-edicion-del-seminario-portugal-agrifood-pas-24-en-san-telmo-business-school\/","url":"https:\/\/fundacioncajaruraldelsur.com\/inauguracion-de-la-3a-edicion-del-seminario-portugal-agrifood-pas-24-en-san-telmo-business-school\/","name":"Inauguraci\u00f3n de la 3\u00aa Edici\u00f3n del \u201cSeminario Portugal AgriFOOD \u2013 PAS 24\u201d en San Telmo Business School - Fundaci\u00f3n Caja Rural del Sur","isPartOf":{"@id":"https:\/\/fundacioncajaruraldelsur.com\/#website"},"primaryImageOfPage":{"@id":"https:\/\/fundacioncajaruraldelsur.com\/inauguracion-de-la-3a-edicion-del-seminario-portugal-agrifood-pas-24-en-san-telmo-business-school\/#primaryimage"},"image":{"@id":"https:\/\/fundacioncajaruraldelsur.com\/inauguracion-de-la-3a-edicion-del-seminario-portugal-agrifood-pas-24-en-san-telmo-business-school\/#primaryimage"},"thumbnailUrl":"https:\/\/fundacioncajaruraldelsur.com\/wp-content\/uploads\/2024\/11\/CCR01947.jpg","datePublished":"2024-11-13T09:27:05+00:00","author":{"@id":"https:\/\/fundacioncajaruraldelsur.com\/#\/schema\/person\/f430da9fb783d505ff061ad8b3d44577"},"breadcrumb":{"@id":"https:\/\/fundacioncajaruraldelsur.com\/inauguracion-de-la-3a-edicion-del-seminario-portugal-agrifood-pas-24-en-san-telmo-business-school\/#breadcrumb"},"inLanguage":"pt-PT","potentialAction":[{"@type":"ReadAction","target":["https:\/\/fundacioncajaruraldelsur.com\/inauguracion-de-la-3a-edicion-del-seminario-portugal-agrifood-pas-24-en-san-telmo-business-school\/"]}]},{"@type":"ImageObject","inLanguage":"pt-PT","@id":"https:\/\/fundacioncajaruraldelsur.com\/inauguracion-de-la-3a-edicion-del-seminario-portugal-agrifood-pas-24-en-san-telmo-business-school\/#primaryimage","url":"https:\/\/fundacioncajaruraldelsur.com\/wp-content\/uploads\/2024\/11\/CCR01947.jpg","contentUrl":"https:\/\/fundacioncajaruraldelsur.com\/wp-content\/uploads\/2024\/11\/CCR01947.jpg","width":2056,"height":1371},{"@type":"BreadcrumbList","@id":"https:\/\/fundacioncajaruraldelsur.com\/inauguracion-de-la-3a-edicion-del-seminario-portugal-agrifood-pas-24-en-san-telmo-business-school\/#breadcrumb","itemListElement":[{"@type":"ListItem","position":1,"name":"Portada","item":"https:\/\/fundacioncajaruraldelsur.com\/"},{"@type":"ListItem","position":2,"name":"Inauguraci\u00f3n de la 3\u00aa Edici\u00f3n del \u201cSeminario Portugal AgriFOOD \u2013 PAS 24\u201d en San Telmo Business School"}]},{"@type":"WebSite","@id":"https:\/\/fundacioncajaruraldelsur.com\/#website","url":"https:\/\/fundacioncajaruraldelsur.com\/","name":"Funda\u00e7\u00e3o Caja Rural del Sur","description":"","potentialAction":[{"@type":"SearchAction","target":{"@type":"EntryPoint","urlTemplate":"https:\/\/fundacioncajaruraldelsur.com\/?s={search_term_string}"},"query-input":{"@type":"PropertyValueSpecification","valueRequired":true,"valueName":"search_term_string"}}],"inLanguage":"pt-PT"},{"@type":"Person","@id":"https:\/\/fundacioncajaruraldelsur.com\/#\/schema\/person\/f430da9fb783d505ff061ad8b3d44577","name":"Comunicaci\u00f3n","image":{"@type":"ImageObject","inLanguage":"pt-PT","@id":"https:\/\/secure.gravatar.com\/avatar\/0dca239875993680bac4603ad2de7942da018f52cc3a244578e0b3b09314a8d8?s=96&d=blank&r=g","url":"https:\/\/secure.gravatar.com\/avatar\/0dca239875993680bac4603ad2de7942da018f52cc3a244578e0b3b09314a8d8?s=96&d=blank&r=g","contentUrl":"https:\/\/secure.gravatar.com\/avatar\/0dca239875993680bac4603ad2de7942da018f52cc3a244578e0b3b09314a8d8?s=96&d=blank&r=g","caption":"Comunicaci\u00f3n"}}]}},"rttpg_featured_image_url":{"full":["https:\/\/fundacioncajaruraldelsur.com\/wp-content\/uploads\/2024\/11\/CCR01947.jpg",2056,1371,false],"landscape":["https:\/\/fundacioncajaruraldelsur.com\/wp-content\/uploads\/2024\/11\/CCR01947.jpg",2056,1371,false],"portraits":["https:\/\/fundacioncajaruraldelsur.com\/wp-content\/uploads\/2024\/11\/CCR01947.jpg",2056,1371,false],"thumbnail":["https:\/\/fundacioncajaruraldelsur.com\/wp-content\/uploads\/2024\/11\/CCR01947-150x150.jpg",150,150,true],"medium":["https:\/\/fundacioncajaruraldelsur.com\/wp-content\/uploads\/2024\/11\/CCR01947-300x200.jpg",300,200,true],"large":["https:\/\/fundacioncajaruraldelsur.com\/wp-content\/uploads\/2024\/11\/CCR01947-1024x683.jpg",960,640,true],"1536x1536":["https:\/\/fundacioncajaruraldelsur.com\/wp-content\/uploads\/2024\/11\/CCR01947-1536x1024.jpg",1536,1024,true],"2048x2048":["https:\/\/fundacioncajaruraldelsur.com\/wp-content\/uploads\/2024\/11\/CCR01947-2048x1366.jpg",2048,1366,true],"trp-custom-language-flag":["https:\/\/fundacioncajaruraldelsur.com\/wp-content\/uploads\/2024\/11\/CCR01947.jpg",18,12,false],"blog-thumbnail":["https:\/\/fundacioncajaruraldelsur.com\/wp-content\/uploads\/2024\/11\/CCR01947-400x200.jpg",400,200,true]},"rttpg_author":{"display_name":"Comunicaci\u00f3n","author_link":"https:\/\/fundacioncajaruraldelsur.com\/pt\/author\/sevillaadmin\/"},"rttpg_comment":0,"rttpg_category":"<a href=\"https:\/\/fundacioncajaruraldelsur.com\/pt\/category\/presentaciones\/\" rel=\"category tag\">Presentaciones<\/a>","rttpg_excerpt":"Con el apoyo de Caja Rural del Sur, el seminario \u00abLisbon Agri Conferences y Agrim\u00fatuo &#8211; Federa\u00e7\u00e3o das Caixas de Cr\u00e9dito Agr\u00edcola M\u00fatuo, FCRL\u00bb, se ha inaugurado de la mano [&hellip;]","_links":{"self":[{"href":"https:\/\/fundacioncajaruraldelsur.com\/pt\/wp-json\/wp\/v2\/posts\/10589","targetHints":{"allow":["GET"]}}],"collection":[{"href":"https:\/\/fundacioncajaruraldelsur.com\/pt\/wp-json\/wp\/v2\/posts"}],"about":[{"href":"https:\/\/fundacioncajaruraldelsur.com\/pt\/wp-json\/wp\/v2\/types\/post"}],"author":[{"embeddable":true,"href":"https:\/\/fundacioncajaruraldelsur.com\/pt\/wp-json\/wp\/v2\/users\/6"}],"replies":[{"embeddable":true,"href":"https:\/\/fundacioncajaruraldelsur.com\/pt\/wp-json\/wp\/v2\/comments?post=10589"}],"version-history":[{"count":1,"href":"https:\/\/fundacioncajaruraldelsur.com\/pt\/wp-json\/wp\/v2\/posts\/10589\/revisions"}],"predecessor-version":[{"id":10592,"href":"https:\/\/fundacioncajaruraldelsur.com\/pt\/wp-json\/wp\/v2\/posts\/10589\/revisions\/10592"}],"wp:featuredmedia":[{"embeddable":true,"href":"https:\/\/fundacioncajaruraldelsur.com\/pt\/wp-json\/wp\/v2\/media\/10590"}],"wp:attachment":[{"href":"https:\/\/fundacioncajaruraldelsur.com\/pt\/wp-json\/wp\/v2\/media?parent=10589"}],"wp:term":[{"taxonomy":"category","embeddable":true,"href":"https:\/\/fundacioncajaruraldelsur.com\/pt\/wp-json\/wp\/v2\/categories?post=10589"},{"taxonomy":"post_tag","embeddable":true,"href":"https:\/\/fundacioncajaruraldelsur.com\/pt\/wp-json\/wp\/v2\/tags?post=10589"}],"curies":[{"name":"wp","href":"https:\/\/api.w.org\/{rel}","templated":true}]}}