{"id":10560,"date":"2024-11-05T16:36:15","date_gmt":"2024-11-05T15:36:15","guid":{"rendered":"\/?p=10560"},"modified":"2024-11-05T16:36:58","modified_gmt":"2024-11-05T15:36:58","slug":"fundacion-caja-rural-del-sur-respalda-al-salon-internacional-del-caballo-sicab-2024","status":"publish","type":"post","link":"https:\/\/fundacioncajaruraldelsur.com\/pt\/fundacion-caja-rural-del-sur-respalda-al-salon-internacional-del-caballo-sicab-2024\/","title":{"rendered":"Fundaci\u00f3n Caja Rural del Sur respalda al Sal\u00f3n Internacional del Caballo (SICAB)\u00a02024"},"content":{"rendered":"<p><strong>Caja Rural del Sur vuelve a ser patrocinador un a\u00f1o m\u00e1s del Sal\u00f3n Internacional del Caballo (SICAB)<\/strong>\u00a0cuya edici\u00f3n de este a\u00f1o 2024 se ha presentado en Sevilla con la asistencia del Presidente de la entidad, Jos\u00e9 Luis Garc\u00eda-Palacios, adem\u00e1s del resto de representantes de patrocinadores, medios de comunicaci\u00f3n y miembros de la comunidad ecuestre.<\/p>\n<p>SICAB, que tendr\u00e1 lugar\u00a0<strong>del 19 al 24 de noviembre en el Palacio de Exposiciones y Congresos de Sevilla (FIBES)<\/strong>, se consolida como el mayor encuentro mundial del caballo de Pura Raza Espa\u00f1ola (PRE) y una\u00a0<strong>cita de gran relevancia cultural, deportiva, comercial y econ\u00f3mica para Sevilla<\/strong>.<\/p>\n<p><img loading=\"lazy\" decoding=\"async\" class=\"aligncenter\" src=\"https:\/\/www.ancce.es\/_docs\/imagenes\/2024noticias\/SICAB%202024\/presentacion_SICAB2024_cartel.jpg\" alt=\"\" width=\"580\" height=\"387\" \/><\/p>\n<p>Durante la presentaci\u00f3n,\u00a0<strong>Jos\u00e9 Luis Garc\u00eda-Palacios, presidente de Caja Rural del Sur<\/strong>, destac\u00f3 la relevancia internacional de SICAB y la importancia de esta cita para poner en valor el caballo de Pura Raza Espa\u00f1ola. \u201c<em>SICAB es un evento de repercusi\u00f3n internacional que pone en valor una raza \u00fanica\u201d, asegur\u00f3. Garc\u00eda-Palacios tambi\u00e9n subray\u00f3 el compromiso de la Fundaci\u00f3n con ANCCE, afirmando que \u201cnuestro apoyo no es por inter\u00e9s, sino por convicci\u00f3n<\/em>\u201d.como un espacio que integra competici\u00f3n, formaci\u00f3n, exhibici\u00f3n e intercambio comercial.<\/p>\n<p>En esta edici\u00f3n, el evento reunir\u00e1 a m\u00e1s de 850 ejemplares de 11 pa\u00edses, adem\u00e1s de contar con una destacada presencia comercial, que incluye 321 stands y 81 palcos ganaderos, consolid\u00e1ndose como un escaparate fundamental para la industria ecuestre y los sectores afines.<\/p>\n<p><img loading=\"lazy\" decoding=\"async\" class=\"aligncenter\" src=\"https:\/\/www.ancce.es\/_docs\/imagenes\/2024noticias\/SICAB%202024\/presentacion_SICAB2024_mesa.jpg\" alt=\"\" width=\"580\" height=\"387\" \/><\/p>\n<p><strong>Jos\u00e9 Juan Morales, presidente de ANCCE<\/strong>, destac\u00f3 el car\u00e1cter internacional de esta edici\u00f3n, afirmando que \u201c<em>este a\u00f1o damos la bienvenida a ganader\u00edas de Espa\u00f1a, Nicaragua, Panam\u00e1, Ecuador, M\u00e9xico, Costa Rica, Estados Unidos, Guatemala, B\u00e9lgica y Rep\u00fablica Dominicana. Adem\u00e1s, contaremos con delegaciones de ganaderos, suscriptores, prensa especializada e influencers de Estados Unidos, Alemania, Pa\u00edses Bajos, B\u00e9lgica y Marruecos<\/em>\u00ab.<\/p>\n<p><strong>Jos\u00e9 Luis Sanz, alcalde de Sevilla<\/strong>, destac\u00f3 en su intervenci\u00f3n que \u00ab<em>SICAB es un evento clave para Sevilla, que durante esa semana se convierte en la capital mundial del caballo de Pura Raza Espa\u00f1ola. La ciudad tiene el privilegio de acoger un evento ecuestre \u00fanico en el mundo, con un impacto econ\u00f3mico superior a los 60 millones de euros, lo que refuerza su posicionamiento como referente internacional y tercer evento m\u00e1s importante tras la Semana Santa y Feria de Abril<\/em>\u00ab.<\/p>\n<p><img loading=\"lazy\" decoding=\"async\" class=\"aligncenter\" src=\"https:\/\/www.ancce.es\/_docs\/imagenes\/2024noticias\/SICAB%202024\/presentacion_SICAB2024_alcalde.jpg\" alt=\"\" width=\"580\" height=\"387\" \/><\/p>\n<p><strong>Consolaci\u00f3n Vera, viceconsejera de Agricultura, Pesca, Agua y Desarrollo Rural de la Junta de Andaluc\u00eda<\/strong>, tambi\u00e9n mostr\u00f3 su apoyo a SICAB, se\u00f1alando que\u00a0<em>la Junta tiene un compromiso inquebrantable con los ganaderos, y queremos que SICAB siga siendo un referente mundial, donde se promocione la imagen de Andaluc\u00eda y se despliegue el potencial de todos nuestros productos<\/em>. Vera destac\u00f3 adem\u00e1s\u00a0<em>el valor de las ganader\u00edas andaluzas y el trabajo diario de los criadores, que posicionan a Andaluc\u00eda como un ejemplo para otros pa\u00edses<\/em>.<\/p>\n<p>Por su parte,\u00a0<strong>Mar\u00eda Esperanza O\u00b4Neill, viceconsejera de Cultura y Deporte de la Junta de Andaluc\u00eda<\/strong>, subray\u00f3 que\u00a0<em>SICAB pone en valor el patrimonio ancestral e inmaterial de la cultura andaluza, destacando la tradici\u00f3n ecuestre y sus oficios, un legado de todos los andaluces<\/em>. O\u00b4Neill a\u00f1adi\u00f3 que\u00a0<em>este Sal\u00f3n del Pura Raza Espa\u00f1ola es una cita ineludible en la agenda social y cultural de Sevilla, superando en cada edici\u00f3n cifras de participaci\u00f3n y visitas. Eventos como SICAB son esenciales para preservar y proyectar un bien cultural que forma parte de nuestro pasado y queremos difundir hacia el futuro<\/em>.<\/p>","protected":false},"excerpt":{"rendered":"<p>Caja Rural del Sur vuelve a ser patrocinador un a\u00f1o m\u00e1s del Sal\u00f3n Internacional del Caballo (SICAB)\u00a0cuya edici\u00f3n de este a\u00f1o 2024 se ha presentado en Sevilla con la asistencia [&hellip;]<\/p>\n","protected":false},"author":6,"featured_media":10561,"comment_status":"closed","ping_status":"closed","sticky":false,"template":"","format":"standard","meta":{"footnotes":""},"categories":[84],"tags":[],"class_list":["post-10560","post","type-post","status-publish","format-standard","has-post-thumbnail","hentry","category-presentaciones"],"yoast_head":"<!-- This site is optimized with the Yoast SEO plugin v27.3 - https:\/\/yoast.com\/product\/yoast-seo-wordpress\/ -->\n<title>Fundaci\u00f3n Caja Rural del Sur respalda al Sal\u00f3n Internacional del Caballo (SICAB)\u00a02024 - Fundaci\u00f3n Caja Rural del Sur<\/title>\n<meta name=\"robots\" content=\"index, follow, max-snippet:-1, max-image-preview:large, max-video-preview:-1\" \/>\n<link rel=\"canonical\" href=\"https:\/\/fundacioncajaruraldelsur.com\/pt\/fundacion-caja-rural-del-sur-respalda-al-salon-internacional-del-caballo-sicab-2024\/\" \/>\n<meta property=\"og:locale\" content=\"pt_PT\" \/>\n<meta property=\"og:type\" content=\"article\" \/>\n<meta property=\"og:title\" content=\"Fundaci\u00f3n Caja Rural del Sur respalda al Sal\u00f3n Internacional del Caballo (SICAB)\u00a02024 - Fundaci\u00f3n Caja Rural del Sur\" \/>\n<meta property=\"og:description\" content=\"Caja Rural del Sur vuelve a ser patrocinador un a\u00f1o m\u00e1s del Sal\u00f3n Internacional del Caballo (SICAB)\u00a0cuya edici\u00f3n de este a\u00f1o 2024 se ha presentado en Sevilla con la asistencia [&hellip;]\" \/>\n<meta property=\"og:url\" content=\"https:\/\/fundacioncajaruraldelsur.com\/pt\/fundacion-caja-rural-del-sur-respalda-al-salon-internacional-del-caballo-sicab-2024\/\" \/>\n<meta property=\"og:site_name\" content=\"Fundaci\u00f3n Caja Rural del Sur\" \/>\n<meta property=\"article:published_time\" content=\"2024-11-05T15:36:15+00:00\" \/>\n<meta property=\"article:modified_time\" content=\"2024-11-05T15:36:58+00:00\" \/>\n<meta property=\"og:image\" content=\"https:\/\/fundacioncajaruraldelsur.com\/wp-content\/uploads\/2024\/11\/sicab.jpg\" \/>\n\t<meta property=\"og:image:width\" content=\"1162\" \/>\n\t<meta property=\"og:image:height\" content=\"717\" \/>\n\t<meta property=\"og:image:type\" content=\"image\/jpeg\" \/>\n<meta name=\"author\" content=\"Comunicaci\u00f3n\" \/>\n<meta name=\"twitter:card\" content=\"summary_large_image\" \/>\n<meta name=\"twitter:label1\" content=\"Written by\" \/>\n\t<meta name=\"twitter:data1\" content=\"Comunicaci\u00f3n\" \/>\n\t<meta name=\"twitter:label2\" content=\"Est. reading time\" \/>\n\t<meta name=\"twitter:data2\" content=\"4 minutes\" \/>\n<script type=\"application\/ld+json\" class=\"yoast-schema-graph\">{\"@context\":\"https:\\\/\\\/schema.org\",\"@graph\":[{\"@type\":\"Article\",\"@id\":\"https:\\\/\\\/fundacioncajaruraldelsur.com\\\/fundacion-caja-rural-del-sur-respalda-al-salon-internacional-del-caballo-sicab-2024\\\/#article\",\"isPartOf\":{\"@id\":\"https:\\\/\\\/fundacioncajaruraldelsur.com\\\/fundacion-caja-rural-del-sur-respalda-al-salon-internacional-del-caballo-sicab-2024\\\/\"},\"author\":{\"name\":\"Comunicaci\u00f3n\",\"@id\":\"https:\\\/\\\/fundacioncajaruraldelsur.com\\\/#\\\/schema\\\/person\\\/f430da9fb783d505ff061ad8b3d44577\"},\"headline\":\"Fundaci\u00f3n Caja Rural del Sur respalda al Sal\u00f3n Internacional del Caballo (SICAB)\u00a02024\",\"datePublished\":\"2024-11-05T15:36:15+00:00\",\"dateModified\":\"2024-11-05T15:36:58+00:00\",\"mainEntityOfPage\":{\"@id\":\"https:\\\/\\\/fundacioncajaruraldelsur.com\\\/fundacion-caja-rural-del-sur-respalda-al-salon-internacional-del-caballo-sicab-2024\\\/\"},\"wordCount\":611,\"image\":{\"@id\":\"https:\\\/\\\/fundacioncajaruraldelsur.com\\\/fundacion-caja-rural-del-sur-respalda-al-salon-internacional-del-caballo-sicab-2024\\\/#primaryimage\"},\"thumbnailUrl\":\"https:\\\/\\\/fundacioncajaruraldelsur.com\\\/wp-content\\\/uploads\\\/2024\\\/11\\\/sicab.jpg\",\"articleSection\":[\"Presentaciones\"],\"inLanguage\":\"pt-PT\"},{\"@type\":\"WebPage\",\"@id\":\"https:\\\/\\\/fundacioncajaruraldelsur.com\\\/fundacion-caja-rural-del-sur-respalda-al-salon-internacional-del-caballo-sicab-2024\\\/\",\"url\":\"https:\\\/\\\/fundacioncajaruraldelsur.com\\\/fundacion-caja-rural-del-sur-respalda-al-salon-internacional-del-caballo-sicab-2024\\\/\",\"name\":\"Fundaci\u00f3n Caja Rural del Sur respalda al Sal\u00f3n Internacional del Caballo (SICAB)\u00a02024 - Fundaci\u00f3n Caja Rural del Sur\",\"isPartOf\":{\"@id\":\"https:\\\/\\\/fundacioncajaruraldelsur.com\\\/#website\"},\"primaryImageOfPage\":{\"@id\":\"https:\\\/\\\/fundacioncajaruraldelsur.com\\\/fundacion-caja-rural-del-sur-respalda-al-salon-internacional-del-caballo-sicab-2024\\\/#primaryimage\"},\"image\":{\"@id\":\"https:\\\/\\\/fundacioncajaruraldelsur.com\\\/fundacion-caja-rural-del-sur-respalda-al-salon-internacional-del-caballo-sicab-2024\\\/#primaryimage\"},\"thumbnailUrl\":\"https:\\\/\\\/fundacioncajaruraldelsur.com\\\/wp-content\\\/uploads\\\/2024\\\/11\\\/sicab.jpg\",\"datePublished\":\"2024-11-05T15:36:15+00:00\",\"dateModified\":\"2024-11-05T15:36:58+00:00\",\"author\":{\"@id\":\"https:\\\/\\\/fundacioncajaruraldelsur.com\\\/#\\\/schema\\\/person\\\/f430da9fb783d505ff061ad8b3d44577\"},\"breadcrumb\":{\"@id\":\"https:\\\/\\\/fundacioncajaruraldelsur.com\\\/fundacion-caja-rural-del-sur-respalda-al-salon-internacional-del-caballo-sicab-2024\\\/#breadcrumb\"},\"inLanguage\":\"pt-PT\",\"potentialAction\":[{\"@type\":\"ReadAction\",\"target\":[\"https:\\\/\\\/fundacioncajaruraldelsur.com\\\/fundacion-caja-rural-del-sur-respalda-al-salon-internacional-del-caballo-sicab-2024\\\/\"]}]},{\"@type\":\"ImageObject\",\"inLanguage\":\"pt-PT\",\"@id\":\"https:\\\/\\\/fundacioncajaruraldelsur.com\\\/fundacion-caja-rural-del-sur-respalda-al-salon-internacional-del-caballo-sicab-2024\\\/#primaryimage\",\"url\":\"https:\\\/\\\/fundacioncajaruraldelsur.com\\\/wp-content\\\/uploads\\\/2024\\\/11\\\/sicab.jpg\",\"contentUrl\":\"https:\\\/\\\/fundacioncajaruraldelsur.com\\\/wp-content\\\/uploads\\\/2024\\\/11\\\/sicab.jpg\",\"width\":1162,\"height\":717},{\"@type\":\"BreadcrumbList\",\"@id\":\"https:\\\/\\\/fundacioncajaruraldelsur.com\\\/fundacion-caja-rural-del-sur-respalda-al-salon-internacional-del-caballo-sicab-2024\\\/#breadcrumb\",\"itemListElement\":[{\"@type\":\"ListItem\",\"position\":1,\"name\":\"Portada\",\"item\":\"https:\\\/\\\/fundacioncajaruraldelsur.com\\\/\"},{\"@type\":\"ListItem\",\"position\":2,\"name\":\"Fundaci\u00f3n Caja Rural del Sur respalda al Sal\u00f3n Internacional del Caballo (SICAB)\u00a02024\"}]},{\"@type\":\"WebSite\",\"@id\":\"https:\\\/\\\/fundacioncajaruraldelsur.com\\\/#website\",\"url\":\"https:\\\/\\\/fundacioncajaruraldelsur.com\\\/\",\"name\":\"Fundaci\u00f3n Caja Rural del Sur\",\"description\":\"\",\"potentialAction\":[{\"@type\":\"SearchAction\",\"target\":{\"@type\":\"EntryPoint\",\"urlTemplate\":\"https:\\\/\\\/fundacioncajaruraldelsur.com\\\/?s={search_term_string}\"},\"query-input\":{\"@type\":\"PropertyValueSpecification\",\"valueRequired\":true,\"valueName\":\"search_term_string\"}}],\"inLanguage\":\"pt-PT\"},{\"@type\":\"Person\",\"@id\":\"https:\\\/\\\/fundacioncajaruraldelsur.com\\\/#\\\/schema\\\/person\\\/f430da9fb783d505ff061ad8b3d44577\",\"name\":\"Comunicaci\u00f3n\",\"image\":{\"@type\":\"ImageObject\",\"inLanguage\":\"pt-PT\",\"@id\":\"https:\\\/\\\/secure.gravatar.com\\\/avatar\\\/0dca239875993680bac4603ad2de7942da018f52cc3a244578e0b3b09314a8d8?s=96&d=blank&r=g\",\"url\":\"https:\\\/\\\/secure.gravatar.com\\\/avatar\\\/0dca239875993680bac4603ad2de7942da018f52cc3a244578e0b3b09314a8d8?s=96&d=blank&r=g\",\"contentUrl\":\"https:\\\/\\\/secure.gravatar.com\\\/avatar\\\/0dca239875993680bac4603ad2de7942da018f52cc3a244578e0b3b09314a8d8?s=96&d=blank&r=g\",\"caption\":\"Comunicaci\u00f3n\"}}]}<\/script>\n<!-- \/ Yoast SEO plugin. -->","yoast_head_json":{"title":"Fundaci\u00f3n Caja Rural del Sur respalda al Sal\u00f3n Internacional del Caballo (SICAB)\u00a02024 - Fundaci\u00f3n Caja Rural del Sur","robots":{"index":"index","follow":"follow","max-snippet":"max-snippet:-1","max-image-preview":"max-image-preview:large","max-video-preview":"max-video-preview:-1"},"canonical":"https:\/\/fundacioncajaruraldelsur.com\/pt\/fundacion-caja-rural-del-sur-respalda-al-salon-internacional-del-caballo-sicab-2024\/","og_locale":"pt_PT","og_type":"article","og_title":"Fundaci\u00f3n Caja Rural del Sur respalda al Sal\u00f3n Internacional del Caballo (SICAB)\u00a02024 - Fundaci\u00f3n Caja Rural del Sur","og_description":"Caja Rural del Sur vuelve a ser patrocinador un a\u00f1o m\u00e1s del Sal\u00f3n Internacional del Caballo (SICAB)\u00a0cuya edici\u00f3n de este a\u00f1o 2024 se ha presentado en Sevilla con la asistencia [&hellip;]","og_url":"https:\/\/fundacioncajaruraldelsur.com\/pt\/fundacion-caja-rural-del-sur-respalda-al-salon-internacional-del-caballo-sicab-2024\/","og_site_name":"Fundaci\u00f3n Caja Rural del Sur","article_published_time":"2024-11-05T15:36:15+00:00","article_modified_time":"2024-11-05T15:36:58+00:00","og_image":[{"width":1162,"height":717,"url":"https:\/\/fundacioncajaruraldelsur.com\/wp-content\/uploads\/2024\/11\/sicab.jpg","type":"image\/jpeg"}],"author":"Comunicaci\u00f3n","twitter_card":"summary_large_image","twitter_misc":{"Written by":"Comunicaci\u00f3n","Est. reading time":"4 minutes"},"schema":{"@context":"https:\/\/schema.org","@graph":[{"@type":"Article","@id":"https:\/\/fundacioncajaruraldelsur.com\/fundacion-caja-rural-del-sur-respalda-al-salon-internacional-del-caballo-sicab-2024\/#article","isPartOf":{"@id":"https:\/\/fundacioncajaruraldelsur.com\/fundacion-caja-rural-del-sur-respalda-al-salon-internacional-del-caballo-sicab-2024\/"},"author":{"name":"Comunicaci\u00f3n","@id":"https:\/\/fundacioncajaruraldelsur.com\/#\/schema\/person\/f430da9fb783d505ff061ad8b3d44577"},"headline":"Fundaci\u00f3n Caja Rural del Sur respalda al Sal\u00f3n Internacional del Caballo (SICAB)\u00a02024","datePublished":"2024-11-05T15:36:15+00:00","dateModified":"2024-11-05T15:36:58+00:00","mainEntityOfPage":{"@id":"https:\/\/fundacioncajaruraldelsur.com\/fundacion-caja-rural-del-sur-respalda-al-salon-internacional-del-caballo-sicab-2024\/"},"wordCount":611,"image":{"@id":"https:\/\/fundacioncajaruraldelsur.com\/fundacion-caja-rural-del-sur-respalda-al-salon-internacional-del-caballo-sicab-2024\/#primaryimage"},"thumbnailUrl":"https:\/\/fundacioncajaruraldelsur.com\/wp-content\/uploads\/2024\/11\/sicab.jpg","articleSection":["Presentaciones"],"inLanguage":"pt-PT"},{"@type":"WebPage","@id":"https:\/\/fundacioncajaruraldelsur.com\/fundacion-caja-rural-del-sur-respalda-al-salon-internacional-del-caballo-sicab-2024\/","url":"https:\/\/fundacioncajaruraldelsur.com\/fundacion-caja-rural-del-sur-respalda-al-salon-internacional-del-caballo-sicab-2024\/","name":"Fundaci\u00f3n Caja Rural del Sur respalda al Sal\u00f3n Internacional del Caballo (SICAB)\u00a02024 - Fundaci\u00f3n Caja Rural del Sur","isPartOf":{"@id":"https:\/\/fundacioncajaruraldelsur.com\/#website"},"primaryImageOfPage":{"@id":"https:\/\/fundacioncajaruraldelsur.com\/fundacion-caja-rural-del-sur-respalda-al-salon-internacional-del-caballo-sicab-2024\/#primaryimage"},"image":{"@id":"https:\/\/fundacioncajaruraldelsur.com\/fundacion-caja-rural-del-sur-respalda-al-salon-internacional-del-caballo-sicab-2024\/#primaryimage"},"thumbnailUrl":"https:\/\/fundacioncajaruraldelsur.com\/wp-content\/uploads\/2024\/11\/sicab.jpg","datePublished":"2024-11-05T15:36:15+00:00","dateModified":"2024-11-05T15:36:58+00:00","author":{"@id":"https:\/\/fundacioncajaruraldelsur.com\/#\/schema\/person\/f430da9fb783d505ff061ad8b3d44577"},"breadcrumb":{"@id":"https:\/\/fundacioncajaruraldelsur.com\/fundacion-caja-rural-del-sur-respalda-al-salon-internacional-del-caballo-sicab-2024\/#breadcrumb"},"inLanguage":"pt-PT","potentialAction":[{"@type":"ReadAction","target":["https:\/\/fundacioncajaruraldelsur.com\/fundacion-caja-rural-del-sur-respalda-al-salon-internacional-del-caballo-sicab-2024\/"]}]},{"@type":"ImageObject","inLanguage":"pt-PT","@id":"https:\/\/fundacioncajaruraldelsur.com\/fundacion-caja-rural-del-sur-respalda-al-salon-internacional-del-caballo-sicab-2024\/#primaryimage","url":"https:\/\/fundacioncajaruraldelsur.com\/wp-content\/uploads\/2024\/11\/sicab.jpg","contentUrl":"https:\/\/fundacioncajaruraldelsur.com\/wp-content\/uploads\/2024\/11\/sicab.jpg","width":1162,"height":717},{"@type":"BreadcrumbList","@id":"https:\/\/fundacioncajaruraldelsur.com\/fundacion-caja-rural-del-sur-respalda-al-salon-internacional-del-caballo-sicab-2024\/#breadcrumb","itemListElement":[{"@type":"ListItem","position":1,"name":"Portada","item":"https:\/\/fundacioncajaruraldelsur.com\/"},{"@type":"ListItem","position":2,"name":"Fundaci\u00f3n Caja Rural del Sur respalda al Sal\u00f3n Internacional del Caballo (SICAB)\u00a02024"}]},{"@type":"WebSite","@id":"https:\/\/fundacioncajaruraldelsur.com\/#website","url":"https:\/\/fundacioncajaruraldelsur.com\/","name":"Funda\u00e7\u00e3o Caja Rural del Sur","description":"","potentialAction":[{"@type":"SearchAction","target":{"@type":"EntryPoint","urlTemplate":"https:\/\/fundacioncajaruraldelsur.com\/?s={search_term_string}"},"query-input":{"@type":"PropertyValueSpecification","valueRequired":true,"valueName":"search_term_string"}}],"inLanguage":"pt-PT"},{"@type":"Person","@id":"https:\/\/fundacioncajaruraldelsur.com\/#\/schema\/person\/f430da9fb783d505ff061ad8b3d44577","name":"Comunicaci\u00f3n","image":{"@type":"ImageObject","inLanguage":"pt-PT","@id":"https:\/\/secure.gravatar.com\/avatar\/0dca239875993680bac4603ad2de7942da018f52cc3a244578e0b3b09314a8d8?s=96&d=blank&r=g","url":"https:\/\/secure.gravatar.com\/avatar\/0dca239875993680bac4603ad2de7942da018f52cc3a244578e0b3b09314a8d8?s=96&d=blank&r=g","contentUrl":"https:\/\/secure.gravatar.com\/avatar\/0dca239875993680bac4603ad2de7942da018f52cc3a244578e0b3b09314a8d8?s=96&d=blank&r=g","caption":"Comunicaci\u00f3n"}}]}},"rttpg_featured_image_url":{"full":["https:\/\/fundacioncajaruraldelsur.com\/wp-content\/uploads\/2024\/11\/sicab.jpg",1162,717,false],"landscape":["https:\/\/fundacioncajaruraldelsur.com\/wp-content\/uploads\/2024\/11\/sicab.jpg",1162,717,false],"portraits":["https:\/\/fundacioncajaruraldelsur.com\/wp-content\/uploads\/2024\/11\/sicab.jpg",1162,717,false],"thumbnail":["https:\/\/fundacioncajaruraldelsur.com\/wp-content\/uploads\/2024\/11\/sicab-150x150.jpg",150,150,true],"medium":["https:\/\/fundacioncajaruraldelsur.com\/wp-content\/uploads\/2024\/11\/sicab-300x185.jpg",300,185,true],"large":["https:\/\/fundacioncajaruraldelsur.com\/wp-content\/uploads\/2024\/11\/sicab-1024x632.jpg",960,593,true],"1536x1536":["https:\/\/fundacioncajaruraldelsur.com\/wp-content\/uploads\/2024\/11\/sicab.jpg",1162,717,false],"2048x2048":["https:\/\/fundacioncajaruraldelsur.com\/wp-content\/uploads\/2024\/11\/sicab.jpg",1162,717,false],"trp-custom-language-flag":["https:\/\/fundacioncajaruraldelsur.com\/wp-content\/uploads\/2024\/11\/sicab.jpg",18,12,false],"blog-thumbnail":["https:\/\/fundacioncajaruraldelsur.com\/wp-content\/uploads\/2024\/11\/sicab-400x200.jpg",400,200,true]},"rttpg_author":{"display_name":"Comunicaci\u00f3n","author_link":"https:\/\/fundacioncajaruraldelsur.com\/pt\/author\/sevillaadmin\/"},"rttpg_comment":0,"rttpg_category":"<a href=\"https:\/\/fundacioncajaruraldelsur.com\/pt\/category\/presentaciones\/\" rel=\"category tag\">Presentaciones<\/a>","rttpg_excerpt":"Caja Rural del Sur vuelve a ser patrocinador un a\u00f1o m\u00e1s del Sal\u00f3n Internacional del Caballo (SICAB)\u00a0cuya edici\u00f3n de este a\u00f1o 2024 se ha presentado en Sevilla con la asistencia [&hellip;]","_links":{"self":[{"href":"https:\/\/fundacioncajaruraldelsur.com\/pt\/wp-json\/wp\/v2\/posts\/10560","targetHints":{"allow":["GET"]}}],"collection":[{"href":"https:\/\/fundacioncajaruraldelsur.com\/pt\/wp-json\/wp\/v2\/posts"}],"about":[{"href":"https:\/\/fundacioncajaruraldelsur.com\/pt\/wp-json\/wp\/v2\/types\/post"}],"author":[{"embeddable":true,"href":"https:\/\/fundacioncajaruraldelsur.com\/pt\/wp-json\/wp\/v2\/users\/6"}],"replies":[{"embeddable":true,"href":"https:\/\/fundacioncajaruraldelsur.com\/pt\/wp-json\/wp\/v2\/comments?post=10560"}],"version-history":[{"count":1,"href":"https:\/\/fundacioncajaruraldelsur.com\/pt\/wp-json\/wp\/v2\/posts\/10560\/revisions"}],"predecessor-version":[{"id":10562,"href":"https:\/\/fundacioncajaruraldelsur.com\/pt\/wp-json\/wp\/v2\/posts\/10560\/revisions\/10562"}],"wp:featuredmedia":[{"embeddable":true,"href":"https:\/\/fundacioncajaruraldelsur.com\/pt\/wp-json\/wp\/v2\/media\/10561"}],"wp:attachment":[{"href":"https:\/\/fundacioncajaruraldelsur.com\/pt\/wp-json\/wp\/v2\/media?parent=10560"}],"wp:term":[{"taxonomy":"category","embeddable":true,"href":"https:\/\/fundacioncajaruraldelsur.com\/pt\/wp-json\/wp\/v2\/categories?post=10560"},{"taxonomy":"post_tag","embeddable":true,"href":"https:\/\/fundacioncajaruraldelsur.com\/pt\/wp-json\/wp\/v2\/tags?post=10560"}],"curies":[{"name":"wp","href":"https:\/\/api.w.org\/{rel}","templated":true}]}}