{"id":10523,"date":"2024-10-28T18:11:17","date_gmt":"2024-10-28T17:11:17","guid":{"rendered":"\/?p=10523"},"modified":"2024-10-28T18:13:31","modified_gmt":"2024-10-28T17:13:31","slug":"firma-de-convenio-entre-la-archidiocesis-consejo-y-fundacion-caja-rural-del-sur-para-la-celebracion-del-ii-congreso-internacional-de-hermandades-y-piedad-popular","status":"publish","type":"post","link":"https:\/\/fundacioncajaruraldelsur.com\/pt\/firma-de-convenio-entre-la-archidiocesis-consejo-y-fundacion-caja-rural-del-sur-para-la-celebracion-del-ii-congreso-internacional-de-hermandades-y-piedad-popular\/","title":{"rendered":"Fundaci\u00f3n Caja Rural del Sur colaborar\u00e1 con la celebraci\u00f3n del II Congreso Internacional de Hermandades y Piedad Popular"},"content":{"rendered":"<p><a href=\"https:\/\/www.archisevilla.org\/firma-de-convenio-entre-la-archidiocesis-consejo-y-fundacion-caja-rural-del-sur-para-la-celebracion-del-ii-congreso-internacional-de-hermandades-y-piedad-popular\/\">La Archidi\u00f3cesis de Sevilla, el Consejo General de Hermandades y Cofrad\u00edas de Sevilla y la Fundaci\u00f3n Caja Rural del Sur<\/a> han suscrito un convenio de colaboraci\u00f3n por el que Caja Rural se convierte en colaborador del<a href=\"https:\/\/www.hermandadesypiedadpopular.org\/\">\u00a0II Congreso Internacional de Hermandades y Piedad Popular<\/a>\u00a0que se celebrar\u00e1 en Sevilla del 4 al 8 de diciembre de 2024.<\/p>\n<p>La firma del convenio celebrada en el Palacio Arzobispal la ma\u00f1ana de este lunes 28 de octubre ha contado con la participaci\u00f3n del arzobispo de Sevilla, monse\u00f1or\u00a0<strong>Jos\u00e9 \u00c1ngel Saiz Meneses,<\/strong>\u00a0el presidente de la Fundaci\u00f3n Social y Cultural de la Caja Rural del Sur,\u00a0<strong>Jos\u00e9 Luis Garc\u00eda-Palacios \u00c1lvarez<\/strong>\u00a0y el presidente del Consejo de Hermandades y Cofrad\u00edas de Sevilla<strong>,\u00a0Francisco V\u00e9lez.<\/strong><\/p>","protected":false},"excerpt":{"rendered":"<p>La Archidi\u00f3cesis de Sevilla, el Consejo General de Hermandades y Cofrad\u00edas de Sevilla y la Fundaci\u00f3n Caja Rural del Sur han suscrito un convenio de colaboraci\u00f3n por el que Caja [&hellip;]<\/p>\n","protected":false},"author":6,"featured_media":10524,"comment_status":"closed","ping_status":"closed","sticky":false,"template":"","format":"standard","meta":{"footnotes":""},"categories":[67],"tags":[],"class_list":["post-10523","post","type-post","status-publish","format-standard","has-post-thumbnail","hentry","category-convenios"],"yoast_head":"<!-- This site is optimized with the Yoast SEO plugin v27.3 - https:\/\/yoast.com\/product\/yoast-seo-wordpress\/ -->\n<title>Fundaci\u00f3n Caja Rural del Sur colaborar\u00e1 con la celebraci\u00f3n del II Congreso Internacional de Hermandades y Piedad Popular - Fundaci\u00f3n Caja Rural del Sur<\/title>\n<meta name=\"robots\" content=\"index, follow, max-snippet:-1, max-image-preview:large, max-video-preview:-1\" \/>\n<link rel=\"canonical\" href=\"https:\/\/fundacioncajaruraldelsur.com\/pt\/firma-de-convenio-entre-la-archidiocesis-consejo-y-fundacion-caja-rural-del-sur-para-la-celebracion-del-ii-congreso-internacional-de-hermandades-y-piedad-popular\/\" \/>\n<meta property=\"og:locale\" content=\"pt_PT\" \/>\n<meta property=\"og:type\" content=\"article\" \/>\n<meta property=\"og:title\" content=\"Fundaci\u00f3n Caja Rural del Sur colaborar\u00e1 con la celebraci\u00f3n del II Congreso Internacional de Hermandades y Piedad Popular - Fundaci\u00f3n Caja Rural del Sur\" \/>\n<meta property=\"og:description\" content=\"La Archidi\u00f3cesis de Sevilla, el Consejo General de Hermandades y Cofrad\u00edas de Sevilla y la Fundaci\u00f3n Caja Rural del Sur han suscrito un convenio de colaboraci\u00f3n por el que Caja [&hellip;]\" \/>\n<meta property=\"og:url\" content=\"https:\/\/fundacioncajaruraldelsur.com\/pt\/firma-de-convenio-entre-la-archidiocesis-consejo-y-fundacion-caja-rural-del-sur-para-la-celebracion-del-ii-congreso-internacional-de-hermandades-y-piedad-popular\/\" \/>\n<meta property=\"og:site_name\" content=\"Fundaci\u00f3n Caja Rural del Sur\" \/>\n<meta property=\"article:published_time\" content=\"2024-10-28T17:11:17+00:00\" \/>\n<meta property=\"article:modified_time\" content=\"2024-10-28T17:13:31+00:00\" \/>\n<meta property=\"og:image\" content=\"https:\/\/fundacioncajaruraldelsur.com\/wp-content\/uploads\/2024\/10\/arzobispado-CRURAL.jpg\" \/>\n\t<meta property=\"og:image:width\" content=\"781\" \/>\n\t<meta property=\"og:image:height\" content=\"434\" \/>\n\t<meta property=\"og:image:type\" content=\"image\/jpeg\" \/>\n<meta name=\"author\" content=\"Comunicaci\u00f3n\" \/>\n<meta name=\"twitter:card\" content=\"summary_large_image\" \/>\n<meta name=\"twitter:label1\" content=\"Written by\" \/>\n\t<meta name=\"twitter:data1\" content=\"Comunicaci\u00f3n\" \/>\n\t<meta name=\"twitter:label2\" content=\"Est. reading time\" \/>\n\t<meta name=\"twitter:data2\" content=\"1 minute\" \/>\n<script type=\"application\/ld+json\" class=\"yoast-schema-graph\">{\"@context\":\"https:\\\/\\\/schema.org\",\"@graph\":[{\"@type\":\"Article\",\"@id\":\"https:\\\/\\\/fundacioncajaruraldelsur.com\\\/firma-de-convenio-entre-la-archidiocesis-consejo-y-fundacion-caja-rural-del-sur-para-la-celebracion-del-ii-congreso-internacional-de-hermandades-y-piedad-popular\\\/#article\",\"isPartOf\":{\"@id\":\"https:\\\/\\\/fundacioncajaruraldelsur.com\\\/firma-de-convenio-entre-la-archidiocesis-consejo-y-fundacion-caja-rural-del-sur-para-la-celebracion-del-ii-congreso-internacional-de-hermandades-y-piedad-popular\\\/\"},\"author\":{\"name\":\"Comunicaci\u00f3n\",\"@id\":\"https:\\\/\\\/fundacioncajaruraldelsur.com\\\/#\\\/schema\\\/person\\\/f430da9fb783d505ff061ad8b3d44577\"},\"headline\":\"Fundaci\u00f3n Caja Rural del Sur colaborar\u00e1 con la celebraci\u00f3n del II Congreso Internacional de Hermandades y Piedad Popular\",\"datePublished\":\"2024-10-28T17:11:17+00:00\",\"dateModified\":\"2024-10-28T17:13:31+00:00\",\"mainEntityOfPage\":{\"@id\":\"https:\\\/\\\/fundacioncajaruraldelsur.com\\\/firma-de-convenio-entre-la-archidiocesis-consejo-y-fundacion-caja-rural-del-sur-para-la-celebracion-del-ii-congreso-internacional-de-hermandades-y-piedad-popular\\\/\"},\"wordCount\":146,\"image\":{\"@id\":\"https:\\\/\\\/fundacioncajaruraldelsur.com\\\/firma-de-convenio-entre-la-archidiocesis-consejo-y-fundacion-caja-rural-del-sur-para-la-celebracion-del-ii-congreso-internacional-de-hermandades-y-piedad-popular\\\/#primaryimage\"},\"thumbnailUrl\":\"https:\\\/\\\/fundacioncajaruraldelsur.com\\\/wp-content\\\/uploads\\\/2024\\\/10\\\/arzobispado-CRURAL.jpg\",\"articleSection\":[\"Convenios\"],\"inLanguage\":\"pt-PT\"},{\"@type\":\"WebPage\",\"@id\":\"https:\\\/\\\/fundacioncajaruraldelsur.com\\\/firma-de-convenio-entre-la-archidiocesis-consejo-y-fundacion-caja-rural-del-sur-para-la-celebracion-del-ii-congreso-internacional-de-hermandades-y-piedad-popular\\\/\",\"url\":\"https:\\\/\\\/fundacioncajaruraldelsur.com\\\/firma-de-convenio-entre-la-archidiocesis-consejo-y-fundacion-caja-rural-del-sur-para-la-celebracion-del-ii-congreso-internacional-de-hermandades-y-piedad-popular\\\/\",\"name\":\"Fundaci\u00f3n Caja Rural del Sur colaborar\u00e1 con la celebraci\u00f3n del II Congreso Internacional de Hermandades y Piedad Popular - Fundaci\u00f3n Caja Rural del Sur\",\"isPartOf\":{\"@id\":\"https:\\\/\\\/fundacioncajaruraldelsur.com\\\/#website\"},\"primaryImageOfPage\":{\"@id\":\"https:\\\/\\\/fundacioncajaruraldelsur.com\\\/firma-de-convenio-entre-la-archidiocesis-consejo-y-fundacion-caja-rural-del-sur-para-la-celebracion-del-ii-congreso-internacional-de-hermandades-y-piedad-popular\\\/#primaryimage\"},\"image\":{\"@id\":\"https:\\\/\\\/fundacioncajaruraldelsur.com\\\/firma-de-convenio-entre-la-archidiocesis-consejo-y-fundacion-caja-rural-del-sur-para-la-celebracion-del-ii-congreso-internacional-de-hermandades-y-piedad-popular\\\/#primaryimage\"},\"thumbnailUrl\":\"https:\\\/\\\/fundacioncajaruraldelsur.com\\\/wp-content\\\/uploads\\\/2024\\\/10\\\/arzobispado-CRURAL.jpg\",\"datePublished\":\"2024-10-28T17:11:17+00:00\",\"dateModified\":\"2024-10-28T17:13:31+00:00\",\"author\":{\"@id\":\"https:\\\/\\\/fundacioncajaruraldelsur.com\\\/#\\\/schema\\\/person\\\/f430da9fb783d505ff061ad8b3d44577\"},\"breadcrumb\":{\"@id\":\"https:\\\/\\\/fundacioncajaruraldelsur.com\\\/firma-de-convenio-entre-la-archidiocesis-consejo-y-fundacion-caja-rural-del-sur-para-la-celebracion-del-ii-congreso-internacional-de-hermandades-y-piedad-popular\\\/#breadcrumb\"},\"inLanguage\":\"pt-PT\",\"potentialAction\":[{\"@type\":\"ReadAction\",\"target\":[\"https:\\\/\\\/fundacioncajaruraldelsur.com\\\/firma-de-convenio-entre-la-archidiocesis-consejo-y-fundacion-caja-rural-del-sur-para-la-celebracion-del-ii-congreso-internacional-de-hermandades-y-piedad-popular\\\/\"]}]},{\"@type\":\"ImageObject\",\"inLanguage\":\"pt-PT\",\"@id\":\"https:\\\/\\\/fundacioncajaruraldelsur.com\\\/firma-de-convenio-entre-la-archidiocesis-consejo-y-fundacion-caja-rural-del-sur-para-la-celebracion-del-ii-congreso-internacional-de-hermandades-y-piedad-popular\\\/#primaryimage\",\"url\":\"https:\\\/\\\/fundacioncajaruraldelsur.com\\\/wp-content\\\/uploads\\\/2024\\\/10\\\/arzobispado-CRURAL.jpg\",\"contentUrl\":\"https:\\\/\\\/fundacioncajaruraldelsur.com\\\/wp-content\\\/uploads\\\/2024\\\/10\\\/arzobispado-CRURAL.jpg\",\"width\":781,\"height\":434},{\"@type\":\"BreadcrumbList\",\"@id\":\"https:\\\/\\\/fundacioncajaruraldelsur.com\\\/firma-de-convenio-entre-la-archidiocesis-consejo-y-fundacion-caja-rural-del-sur-para-la-celebracion-del-ii-congreso-internacional-de-hermandades-y-piedad-popular\\\/#breadcrumb\",\"itemListElement\":[{\"@type\":\"ListItem\",\"position\":1,\"name\":\"Portada\",\"item\":\"https:\\\/\\\/fundacioncajaruraldelsur.com\\\/\"},{\"@type\":\"ListItem\",\"position\":2,\"name\":\"Fundaci\u00f3n Caja Rural del Sur colaborar\u00e1 con la celebraci\u00f3n del II Congreso Internacional de Hermandades y Piedad Popular\"}]},{\"@type\":\"WebSite\",\"@id\":\"https:\\\/\\\/fundacioncajaruraldelsur.com\\\/#website\",\"url\":\"https:\\\/\\\/fundacioncajaruraldelsur.com\\\/\",\"name\":\"Fundaci\u00f3n Caja Rural del Sur\",\"description\":\"\",\"potentialAction\":[{\"@type\":\"SearchAction\",\"target\":{\"@type\":\"EntryPoint\",\"urlTemplate\":\"https:\\\/\\\/fundacioncajaruraldelsur.com\\\/?s={search_term_string}\"},\"query-input\":{\"@type\":\"PropertyValueSpecification\",\"valueRequired\":true,\"valueName\":\"search_term_string\"}}],\"inLanguage\":\"pt-PT\"},{\"@type\":\"Person\",\"@id\":\"https:\\\/\\\/fundacioncajaruraldelsur.com\\\/#\\\/schema\\\/person\\\/f430da9fb783d505ff061ad8b3d44577\",\"name\":\"Comunicaci\u00f3n\",\"image\":{\"@type\":\"ImageObject\",\"inLanguage\":\"pt-PT\",\"@id\":\"https:\\\/\\\/secure.gravatar.com\\\/avatar\\\/0dca239875993680bac4603ad2de7942da018f52cc3a244578e0b3b09314a8d8?s=96&d=blank&r=g\",\"url\":\"https:\\\/\\\/secure.gravatar.com\\\/avatar\\\/0dca239875993680bac4603ad2de7942da018f52cc3a244578e0b3b09314a8d8?s=96&d=blank&r=g\",\"contentUrl\":\"https:\\\/\\\/secure.gravatar.com\\\/avatar\\\/0dca239875993680bac4603ad2de7942da018f52cc3a244578e0b3b09314a8d8?s=96&d=blank&r=g\",\"caption\":\"Comunicaci\u00f3n\"}}]}<\/script>\n<!-- \/ Yoast SEO plugin. -->","yoast_head_json":{"title":"Fundaci\u00f3n Caja Rural del Sur colaborar\u00e1 con la celebraci\u00f3n del II Congreso Internacional de Hermandades y Piedad Popular - Fundaci\u00f3n Caja Rural del Sur","robots":{"index":"index","follow":"follow","max-snippet":"max-snippet:-1","max-image-preview":"max-image-preview:large","max-video-preview":"max-video-preview:-1"},"canonical":"https:\/\/fundacioncajaruraldelsur.com\/pt\/firma-de-convenio-entre-la-archidiocesis-consejo-y-fundacion-caja-rural-del-sur-para-la-celebracion-del-ii-congreso-internacional-de-hermandades-y-piedad-popular\/","og_locale":"pt_PT","og_type":"article","og_title":"Fundaci\u00f3n Caja Rural del Sur colaborar\u00e1 con la celebraci\u00f3n del II Congreso Internacional de Hermandades y Piedad Popular - Fundaci\u00f3n Caja Rural del Sur","og_description":"La Archidi\u00f3cesis de Sevilla, el Consejo General de Hermandades y Cofrad\u00edas de Sevilla y la Fundaci\u00f3n Caja Rural del Sur han suscrito un convenio de colaboraci\u00f3n por el que Caja [&hellip;]","og_url":"https:\/\/fundacioncajaruraldelsur.com\/pt\/firma-de-convenio-entre-la-archidiocesis-consejo-y-fundacion-caja-rural-del-sur-para-la-celebracion-del-ii-congreso-internacional-de-hermandades-y-piedad-popular\/","og_site_name":"Fundaci\u00f3n Caja Rural del Sur","article_published_time":"2024-10-28T17:11:17+00:00","article_modified_time":"2024-10-28T17:13:31+00:00","og_image":[{"width":781,"height":434,"url":"https:\/\/fundacioncajaruraldelsur.com\/wp-content\/uploads\/2024\/10\/arzobispado-CRURAL.jpg","type":"image\/jpeg"}],"author":"Comunicaci\u00f3n","twitter_card":"summary_large_image","twitter_misc":{"Written by":"Comunicaci\u00f3n","Est. reading time":"1 minute"},"schema":{"@context":"https:\/\/schema.org","@graph":[{"@type":"Article","@id":"https:\/\/fundacioncajaruraldelsur.com\/firma-de-convenio-entre-la-archidiocesis-consejo-y-fundacion-caja-rural-del-sur-para-la-celebracion-del-ii-congreso-internacional-de-hermandades-y-piedad-popular\/#article","isPartOf":{"@id":"https:\/\/fundacioncajaruraldelsur.com\/firma-de-convenio-entre-la-archidiocesis-consejo-y-fundacion-caja-rural-del-sur-para-la-celebracion-del-ii-congreso-internacional-de-hermandades-y-piedad-popular\/"},"author":{"name":"Comunicaci\u00f3n","@id":"https:\/\/fundacioncajaruraldelsur.com\/#\/schema\/person\/f430da9fb783d505ff061ad8b3d44577"},"headline":"Fundaci\u00f3n Caja Rural del Sur colaborar\u00e1 con la celebraci\u00f3n del II Congreso Internacional de Hermandades y Piedad Popular","datePublished":"2024-10-28T17:11:17+00:00","dateModified":"2024-10-28T17:13:31+00:00","mainEntityOfPage":{"@id":"https:\/\/fundacioncajaruraldelsur.com\/firma-de-convenio-entre-la-archidiocesis-consejo-y-fundacion-caja-rural-del-sur-para-la-celebracion-del-ii-congreso-internacional-de-hermandades-y-piedad-popular\/"},"wordCount":146,"image":{"@id":"https:\/\/fundacioncajaruraldelsur.com\/firma-de-convenio-entre-la-archidiocesis-consejo-y-fundacion-caja-rural-del-sur-para-la-celebracion-del-ii-congreso-internacional-de-hermandades-y-piedad-popular\/#primaryimage"},"thumbnailUrl":"https:\/\/fundacioncajaruraldelsur.com\/wp-content\/uploads\/2024\/10\/arzobispado-CRURAL.jpg","articleSection":["Convenios"],"inLanguage":"pt-PT"},{"@type":"WebPage","@id":"https:\/\/fundacioncajaruraldelsur.com\/firma-de-convenio-entre-la-archidiocesis-consejo-y-fundacion-caja-rural-del-sur-para-la-celebracion-del-ii-congreso-internacional-de-hermandades-y-piedad-popular\/","url":"https:\/\/fundacioncajaruraldelsur.com\/firma-de-convenio-entre-la-archidiocesis-consejo-y-fundacion-caja-rural-del-sur-para-la-celebracion-del-ii-congreso-internacional-de-hermandades-y-piedad-popular\/","name":"Fundaci\u00f3n Caja Rural del Sur colaborar\u00e1 con la celebraci\u00f3n del II Congreso Internacional de Hermandades y Piedad Popular - Fundaci\u00f3n Caja Rural del Sur","isPartOf":{"@id":"https:\/\/fundacioncajaruraldelsur.com\/#website"},"primaryImageOfPage":{"@id":"https:\/\/fundacioncajaruraldelsur.com\/firma-de-convenio-entre-la-archidiocesis-consejo-y-fundacion-caja-rural-del-sur-para-la-celebracion-del-ii-congreso-internacional-de-hermandades-y-piedad-popular\/#primaryimage"},"image":{"@id":"https:\/\/fundacioncajaruraldelsur.com\/firma-de-convenio-entre-la-archidiocesis-consejo-y-fundacion-caja-rural-del-sur-para-la-celebracion-del-ii-congreso-internacional-de-hermandades-y-piedad-popular\/#primaryimage"},"thumbnailUrl":"https:\/\/fundacioncajaruraldelsur.com\/wp-content\/uploads\/2024\/10\/arzobispado-CRURAL.jpg","datePublished":"2024-10-28T17:11:17+00:00","dateModified":"2024-10-28T17:13:31+00:00","author":{"@id":"https:\/\/fundacioncajaruraldelsur.com\/#\/schema\/person\/f430da9fb783d505ff061ad8b3d44577"},"breadcrumb":{"@id":"https:\/\/fundacioncajaruraldelsur.com\/firma-de-convenio-entre-la-archidiocesis-consejo-y-fundacion-caja-rural-del-sur-para-la-celebracion-del-ii-congreso-internacional-de-hermandades-y-piedad-popular\/#breadcrumb"},"inLanguage":"pt-PT","potentialAction":[{"@type":"ReadAction","target":["https:\/\/fundacioncajaruraldelsur.com\/firma-de-convenio-entre-la-archidiocesis-consejo-y-fundacion-caja-rural-del-sur-para-la-celebracion-del-ii-congreso-internacional-de-hermandades-y-piedad-popular\/"]}]},{"@type":"ImageObject","inLanguage":"pt-PT","@id":"https:\/\/fundacioncajaruraldelsur.com\/firma-de-convenio-entre-la-archidiocesis-consejo-y-fundacion-caja-rural-del-sur-para-la-celebracion-del-ii-congreso-internacional-de-hermandades-y-piedad-popular\/#primaryimage","url":"https:\/\/fundacioncajaruraldelsur.com\/wp-content\/uploads\/2024\/10\/arzobispado-CRURAL.jpg","contentUrl":"https:\/\/fundacioncajaruraldelsur.com\/wp-content\/uploads\/2024\/10\/arzobispado-CRURAL.jpg","width":781,"height":434},{"@type":"BreadcrumbList","@id":"https:\/\/fundacioncajaruraldelsur.com\/firma-de-convenio-entre-la-archidiocesis-consejo-y-fundacion-caja-rural-del-sur-para-la-celebracion-del-ii-congreso-internacional-de-hermandades-y-piedad-popular\/#breadcrumb","itemListElement":[{"@type":"ListItem","position":1,"name":"Portada","item":"https:\/\/fundacioncajaruraldelsur.com\/"},{"@type":"ListItem","position":2,"name":"Fundaci\u00f3n Caja Rural del Sur colaborar\u00e1 con la celebraci\u00f3n del II Congreso Internacional de Hermandades y Piedad Popular"}]},{"@type":"WebSite","@id":"https:\/\/fundacioncajaruraldelsur.com\/#website","url":"https:\/\/fundacioncajaruraldelsur.com\/","name":"Funda\u00e7\u00e3o Caja Rural del Sur","description":"","potentialAction":[{"@type":"SearchAction","target":{"@type":"EntryPoint","urlTemplate":"https:\/\/fundacioncajaruraldelsur.com\/?s={search_term_string}"},"query-input":{"@type":"PropertyValueSpecification","valueRequired":true,"valueName":"search_term_string"}}],"inLanguage":"pt-PT"},{"@type":"Person","@id":"https:\/\/fundacioncajaruraldelsur.com\/#\/schema\/person\/f430da9fb783d505ff061ad8b3d44577","name":"Comunicaci\u00f3n","image":{"@type":"ImageObject","inLanguage":"pt-PT","@id":"https:\/\/secure.gravatar.com\/avatar\/0dca239875993680bac4603ad2de7942da018f52cc3a244578e0b3b09314a8d8?s=96&d=blank&r=g","url":"https:\/\/secure.gravatar.com\/avatar\/0dca239875993680bac4603ad2de7942da018f52cc3a244578e0b3b09314a8d8?s=96&d=blank&r=g","contentUrl":"https:\/\/secure.gravatar.com\/avatar\/0dca239875993680bac4603ad2de7942da018f52cc3a244578e0b3b09314a8d8?s=96&d=blank&r=g","caption":"Comunicaci\u00f3n"}}]}},"rttpg_featured_image_url":{"full":["https:\/\/fundacioncajaruraldelsur.com\/wp-content\/uploads\/2024\/10\/arzobispado-CRURAL.jpg",781,434,false],"landscape":["https:\/\/fundacioncajaruraldelsur.com\/wp-content\/uploads\/2024\/10\/arzobispado-CRURAL.jpg",781,434,false],"portraits":["https:\/\/fundacioncajaruraldelsur.com\/wp-content\/uploads\/2024\/10\/arzobispado-CRURAL.jpg",781,434,false],"thumbnail":["https:\/\/fundacioncajaruraldelsur.com\/wp-content\/uploads\/2024\/10\/arzobispado-CRURAL-150x150.jpg",150,150,true],"medium":["https:\/\/fundacioncajaruraldelsur.com\/wp-content\/uploads\/2024\/10\/arzobispado-CRURAL-300x167.jpg",300,167,true],"large":["https:\/\/fundacioncajaruraldelsur.com\/wp-content\/uploads\/2024\/10\/arzobispado-CRURAL.jpg",781,434,false],"1536x1536":["https:\/\/fundacioncajaruraldelsur.com\/wp-content\/uploads\/2024\/10\/arzobispado-CRURAL.jpg",781,434,false],"2048x2048":["https:\/\/fundacioncajaruraldelsur.com\/wp-content\/uploads\/2024\/10\/arzobispado-CRURAL.jpg",781,434,false],"trp-custom-language-flag":["https:\/\/fundacioncajaruraldelsur.com\/wp-content\/uploads\/2024\/10\/arzobispado-CRURAL.jpg",18,10,false],"blog-thumbnail":["https:\/\/fundacioncajaruraldelsur.com\/wp-content\/uploads\/2024\/10\/arzobispado-CRURAL-400x200.jpg",400,200,true]},"rttpg_author":{"display_name":"Comunicaci\u00f3n","author_link":"https:\/\/fundacioncajaruraldelsur.com\/pt\/author\/sevillaadmin\/"},"rttpg_comment":0,"rttpg_category":"<a href=\"https:\/\/fundacioncajaruraldelsur.com\/pt\/category\/convenios\/\" rel=\"category tag\">Convenios<\/a>","rttpg_excerpt":"La Archidi\u00f3cesis de Sevilla, el Consejo General de Hermandades y Cofrad\u00edas de Sevilla y la Fundaci\u00f3n Caja Rural del Sur han suscrito un convenio de colaboraci\u00f3n por el que Caja [&hellip;]","_links":{"self":[{"href":"https:\/\/fundacioncajaruraldelsur.com\/pt\/wp-json\/wp\/v2\/posts\/10523","targetHints":{"allow":["GET"]}}],"collection":[{"href":"https:\/\/fundacioncajaruraldelsur.com\/pt\/wp-json\/wp\/v2\/posts"}],"about":[{"href":"https:\/\/fundacioncajaruraldelsur.com\/pt\/wp-json\/wp\/v2\/types\/post"}],"author":[{"embeddable":true,"href":"https:\/\/fundacioncajaruraldelsur.com\/pt\/wp-json\/wp\/v2\/users\/6"}],"replies":[{"embeddable":true,"href":"https:\/\/fundacioncajaruraldelsur.com\/pt\/wp-json\/wp\/v2\/comments?post=10523"}],"version-history":[{"count":2,"href":"https:\/\/fundacioncajaruraldelsur.com\/pt\/wp-json\/wp\/v2\/posts\/10523\/revisions"}],"predecessor-version":[{"id":10526,"href":"https:\/\/fundacioncajaruraldelsur.com\/pt\/wp-json\/wp\/v2\/posts\/10523\/revisions\/10526"}],"wp:featuredmedia":[{"embeddable":true,"href":"https:\/\/fundacioncajaruraldelsur.com\/pt\/wp-json\/wp\/v2\/media\/10524"}],"wp:attachment":[{"href":"https:\/\/fundacioncajaruraldelsur.com\/pt\/wp-json\/wp\/v2\/media?parent=10523"}],"wp:term":[{"taxonomy":"category","embeddable":true,"href":"https:\/\/fundacioncajaruraldelsur.com\/pt\/wp-json\/wp\/v2\/categories?post=10523"},{"taxonomy":"post_tag","embeddable":true,"href":"https:\/\/fundacioncajaruraldelsur.com\/pt\/wp-json\/wp\/v2\/tags?post=10523"}],"curies":[{"name":"wp","href":"https:\/\/api.w.org\/{rel}","templated":true}]}}