{"id":10446,"date":"2024-10-07T15:11:05","date_gmt":"2024-10-07T14:11:05","guid":{"rendered":"\/?p=10446"},"modified":"2024-10-18T07:46:10","modified_gmt":"2024-10-18T06:46:10","slug":"rafael-e-cardenas-con-items-de-dudable-belleza-expone-desde-este-lunes-en-la-fundacion-caja-rural-del-sur-en-huelva","status":"publish","type":"post","link":"https:\/\/fundacioncajaruraldelsur.com\/pt\/rafael-e-cardenas-con-items-de-dudable-belleza-expone-desde-este-lunes-en-la-fundacion-caja-rural-del-sur-en-huelva\/","title":{"rendered":"Rafael E. C\u00e1rdenas, con \u201c\u00cdtems de dudable belleza\u201d, expone desde este lunes en la Fundaci\u00f3n Caja Rural del Sur en Huelva"},"content":{"rendered":"<p>Rafael E. C\u00e1rdenas expone, con el t\u00edtulo \u201c\u00cdtems de dudable belleza\u201d, desde el lunes, d\u00eda 7 de octubre, en la sala de exposiciones del Centro Cultural \u2018Jos\u00e9 Luis Garc\u00eda Palacios\u2019 de la Fundaci\u00f3n Caja Rural del Sur en Huelva, en la calle Mora Claros, 6-8 (antigua calle Botica). El acto de inauguraci\u00f3n de la muestra ser\u00e1 a las 19:00 horas y la exposici\u00f3n estar\u00e1 abierta hasta el d\u00eda 31 de octubre.<\/p>\n<p>Rafael E. C\u00e1rdenas nace en 1961 en Gr\u00f6tzingen, Alemania, y es un fot\u00f3grafo de renombre internacional. Su obra est\u00e1 ampliamente expuesta en museos y galer\u00edas de Alemania, Francia y Espa\u00f1a. Forma parte de importantes colecciones como el ZKM de Karlsruhe o el Museo del Mar del Norte en Helgoland, as\u00ed como de numerosas colecciones privadas. El autor trabaja en Espa\u00f1a y Alemania, viajando e forma virtuosa entre estas culturas, que le han formado desde la infancia y que a\u00fan hoy constituyen las ramificadas ra\u00edces de sus trabajos. Por cierto, la E. de su nombre significa Erwin y es una peque\u00f1a reminiscencia a sus ra\u00edce alemanas.<\/p>\n<p>Sobre la muestra explica el propio C\u00e1rdenas que \u201cLa obra del artista es siempre cuestionable. El tema elegido, su realizaci\u00f3n, sus diversas formas de expresi\u00f3n son aleatorios y con ellos se expone a su publico, que confirma o desmiente el artefacto creado\u201d. De esta forma, a\u00f1ade, \u201clos trabajos de esta muestra no son ninguna excepci\u00f3n. Es mas, tematiza la duda misma de lo que vemos y como lo vemos. Pueden ser flores de pl\u00e1stico en un cementerio con su belleza prestada de su ef\u00edmero original. Con la transformaci\u00f3n art\u00edstica se convierten una vez mas en en algo de impresionante belleza\u201d. As\u00ed, por ejemplo, explica \u201c Un paisaje nocturno industrial de cuestionable est\u00e9tica se rebela contra su pobre imagen a trav\u00e9s\u00a0 del artista y se convierte en un escenario de luces celestiales. O una simple pared cubierta de poliuretano se transforma en el cielo naranja de un paisaje urbano de cuento ficcional. Todo esto es dudable, cuestionable o al menos controverso, pero finalmente legitimo y m\u00e1s que ello parte esencial de lo que debe ser arte: poner en duda lo que damos, por cierto, establecer nuevas vistas y con ello crear trabajos originales y genuinos\u201d.<\/p>","protected":false},"excerpt":{"rendered":"<p>Rafael E. C\u00e1rdenas expone, con el t\u00edtulo \u201c\u00cdtems de dudable belleza\u201d, desde el lunes, d\u00eda 7 de octubre, en la sala de exposiciones del Centro Cultural \u2018Jos\u00e9 Luis Garc\u00eda Palacios\u2019 [&hellip;]<\/p>\n","protected":false},"author":6,"featured_media":10449,"comment_status":"closed","ping_status":"closed","sticky":false,"template":"","format":"standard","meta":{"footnotes":""},"categories":[82],"tags":[],"class_list":["post-10446","post","type-post","status-publish","format-standard","has-post-thumbnail","hentry","category-exposiciones"],"yoast_head":"<!-- This site is optimized with the Yoast SEO plugin v27.3 - https:\/\/yoast.com\/product\/yoast-seo-wordpress\/ -->\n<title>Rafael E. C\u00e1rdenas, con \u201c\u00cdtems de dudable belleza\u201d, expone desde este lunes en la Fundaci\u00f3n Caja Rural del Sur en Huelva - Fundaci\u00f3n Caja Rural del Sur<\/title>\n<meta name=\"robots\" content=\"index, follow, max-snippet:-1, max-image-preview:large, max-video-preview:-1\" \/>\n<link rel=\"canonical\" href=\"https:\/\/fundacioncajaruraldelsur.com\/pt\/rafael-e-cardenas-con-items-de-dudable-belleza-expone-desde-este-lunes-en-la-fundacion-caja-rural-del-sur-en-huelva\/\" \/>\n<meta property=\"og:locale\" content=\"pt_PT\" \/>\n<meta property=\"og:type\" content=\"article\" \/>\n<meta property=\"og:title\" content=\"Rafael E. C\u00e1rdenas, con \u201c\u00cdtems de dudable belleza\u201d, expone desde este lunes en la Fundaci\u00f3n Caja Rural del Sur en Huelva - Fundaci\u00f3n Caja Rural del Sur\" \/>\n<meta property=\"og:description\" content=\"Rafael E. C\u00e1rdenas expone, con el t\u00edtulo \u201c\u00cdtems de dudable belleza\u201d, desde el lunes, d\u00eda 7 de octubre, en la sala de exposiciones del Centro Cultural \u2018Jos\u00e9 Luis Garc\u00eda Palacios\u2019 [&hellip;]\" \/>\n<meta property=\"og:url\" content=\"https:\/\/fundacioncajaruraldelsur.com\/pt\/rafael-e-cardenas-con-items-de-dudable-belleza-expone-desde-este-lunes-en-la-fundacion-caja-rural-del-sur-en-huelva\/\" \/>\n<meta property=\"og:site_name\" content=\"Fundaci\u00f3n Caja Rural del Sur\" \/>\n<meta property=\"article:published_time\" content=\"2024-10-07T14:11:05+00:00\" \/>\n<meta property=\"article:modified_time\" content=\"2024-10-18T06:46:10+00:00\" \/>\n<meta property=\"og:image\" content=\"https:\/\/fundacioncajaruraldelsur.com\/wp-content\/uploads\/2024\/10\/241007.-En-la-foto-el-momento-de-la-inauguracion-de-la-exposicion.jpg\" \/>\n\t<meta property=\"og:image:width\" content=\"1530\" \/>\n\t<meta property=\"og:image:height\" content=\"1152\" \/>\n\t<meta property=\"og:image:type\" content=\"image\/jpeg\" \/>\n<meta name=\"author\" content=\"Comunicaci\u00f3n\" \/>\n<meta name=\"twitter:card\" content=\"summary_large_image\" \/>\n<meta name=\"twitter:label1\" content=\"Written by\" \/>\n\t<meta name=\"twitter:data1\" content=\"Comunicaci\u00f3n\" \/>\n\t<meta name=\"twitter:label2\" content=\"Est. reading time\" \/>\n\t<meta name=\"twitter:data2\" content=\"2 minutes\" \/>\n<script type=\"application\/ld+json\" class=\"yoast-schema-graph\">{\"@context\":\"https:\\\/\\\/schema.org\",\"@graph\":[{\"@type\":\"Article\",\"@id\":\"https:\\\/\\\/fundacioncajaruraldelsur.com\\\/rafael-e-cardenas-con-items-de-dudable-belleza-expone-desde-este-lunes-en-la-fundacion-caja-rural-del-sur-en-huelva\\\/#article\",\"isPartOf\":{\"@id\":\"https:\\\/\\\/fundacioncajaruraldelsur.com\\\/rafael-e-cardenas-con-items-de-dudable-belleza-expone-desde-este-lunes-en-la-fundacion-caja-rural-del-sur-en-huelva\\\/\"},\"author\":{\"name\":\"Comunicaci\u00f3n\",\"@id\":\"https:\\\/\\\/fundacioncajaruraldelsur.com\\\/#\\\/schema\\\/person\\\/f430da9fb783d505ff061ad8b3d44577\"},\"headline\":\"Rafael E. C\u00e1rdenas, con \u201c\u00cdtems de dudable belleza\u201d, expone desde este lunes en la Fundaci\u00f3n Caja Rural del Sur en Huelva\",\"datePublished\":\"2024-10-07T14:11:05+00:00\",\"dateModified\":\"2024-10-18T06:46:10+00:00\",\"mainEntityOfPage\":{\"@id\":\"https:\\\/\\\/fundacioncajaruraldelsur.com\\\/rafael-e-cardenas-con-items-de-dudable-belleza-expone-desde-este-lunes-en-la-fundacion-caja-rural-del-sur-en-huelva\\\/\"},\"wordCount\":418,\"image\":{\"@id\":\"https:\\\/\\\/fundacioncajaruraldelsur.com\\\/rafael-e-cardenas-con-items-de-dudable-belleza-expone-desde-este-lunes-en-la-fundacion-caja-rural-del-sur-en-huelva\\\/#primaryimage\"},\"thumbnailUrl\":\"https:\\\/\\\/fundacioncajaruraldelsur.com\\\/wp-content\\\/uploads\\\/2024\\\/10\\\/241007.-En-la-foto-el-momento-de-la-inauguracion-de-la-exposicion.jpg\",\"articleSection\":[\"Exposiciones\"],\"inLanguage\":\"pt-PT\"},{\"@type\":\"WebPage\",\"@id\":\"https:\\\/\\\/fundacioncajaruraldelsur.com\\\/rafael-e-cardenas-con-items-de-dudable-belleza-expone-desde-este-lunes-en-la-fundacion-caja-rural-del-sur-en-huelva\\\/\",\"url\":\"https:\\\/\\\/fundacioncajaruraldelsur.com\\\/rafael-e-cardenas-con-items-de-dudable-belleza-expone-desde-este-lunes-en-la-fundacion-caja-rural-del-sur-en-huelva\\\/\",\"name\":\"Rafael E. C\u00e1rdenas, con \u201c\u00cdtems de dudable belleza\u201d, expone desde este lunes en la Fundaci\u00f3n Caja Rural del Sur en Huelva - Fundaci\u00f3n Caja Rural del Sur\",\"isPartOf\":{\"@id\":\"https:\\\/\\\/fundacioncajaruraldelsur.com\\\/#website\"},\"primaryImageOfPage\":{\"@id\":\"https:\\\/\\\/fundacioncajaruraldelsur.com\\\/rafael-e-cardenas-con-items-de-dudable-belleza-expone-desde-este-lunes-en-la-fundacion-caja-rural-del-sur-en-huelva\\\/#primaryimage\"},\"image\":{\"@id\":\"https:\\\/\\\/fundacioncajaruraldelsur.com\\\/rafael-e-cardenas-con-items-de-dudable-belleza-expone-desde-este-lunes-en-la-fundacion-caja-rural-del-sur-en-huelva\\\/#primaryimage\"},\"thumbnailUrl\":\"https:\\\/\\\/fundacioncajaruraldelsur.com\\\/wp-content\\\/uploads\\\/2024\\\/10\\\/241007.-En-la-foto-el-momento-de-la-inauguracion-de-la-exposicion.jpg\",\"datePublished\":\"2024-10-07T14:11:05+00:00\",\"dateModified\":\"2024-10-18T06:46:10+00:00\",\"author\":{\"@id\":\"https:\\\/\\\/fundacioncajaruraldelsur.com\\\/#\\\/schema\\\/person\\\/f430da9fb783d505ff061ad8b3d44577\"},\"breadcrumb\":{\"@id\":\"https:\\\/\\\/fundacioncajaruraldelsur.com\\\/rafael-e-cardenas-con-items-de-dudable-belleza-expone-desde-este-lunes-en-la-fundacion-caja-rural-del-sur-en-huelva\\\/#breadcrumb\"},\"inLanguage\":\"pt-PT\",\"potentialAction\":[{\"@type\":\"ReadAction\",\"target\":[\"https:\\\/\\\/fundacioncajaruraldelsur.com\\\/rafael-e-cardenas-con-items-de-dudable-belleza-expone-desde-este-lunes-en-la-fundacion-caja-rural-del-sur-en-huelva\\\/\"]}]},{\"@type\":\"ImageObject\",\"inLanguage\":\"pt-PT\",\"@id\":\"https:\\\/\\\/fundacioncajaruraldelsur.com\\\/rafael-e-cardenas-con-items-de-dudable-belleza-expone-desde-este-lunes-en-la-fundacion-caja-rural-del-sur-en-huelva\\\/#primaryimage\",\"url\":\"https:\\\/\\\/fundacioncajaruraldelsur.com\\\/wp-content\\\/uploads\\\/2024\\\/10\\\/241007.-En-la-foto-el-momento-de-la-inauguracion-de-la-exposicion.jpg\",\"contentUrl\":\"https:\\\/\\\/fundacioncajaruraldelsur.com\\\/wp-content\\\/uploads\\\/2024\\\/10\\\/241007.-En-la-foto-el-momento-de-la-inauguracion-de-la-exposicion.jpg\",\"width\":1530,\"height\":1152},{\"@type\":\"BreadcrumbList\",\"@id\":\"https:\\\/\\\/fundacioncajaruraldelsur.com\\\/rafael-e-cardenas-con-items-de-dudable-belleza-expone-desde-este-lunes-en-la-fundacion-caja-rural-del-sur-en-huelva\\\/#breadcrumb\",\"itemListElement\":[{\"@type\":\"ListItem\",\"position\":1,\"name\":\"Portada\",\"item\":\"https:\\\/\\\/fundacioncajaruraldelsur.com\\\/\"},{\"@type\":\"ListItem\",\"position\":2,\"name\":\"Rafael E. C\u00e1rdenas, con \u201c\u00cdtems de dudable belleza\u201d, expone desde este lunes en la Fundaci\u00f3n Caja Rural del Sur en Huelva\"}]},{\"@type\":\"WebSite\",\"@id\":\"https:\\\/\\\/fundacioncajaruraldelsur.com\\\/#website\",\"url\":\"https:\\\/\\\/fundacioncajaruraldelsur.com\\\/\",\"name\":\"Fundaci\u00f3n Caja Rural del Sur\",\"description\":\"\",\"potentialAction\":[{\"@type\":\"SearchAction\",\"target\":{\"@type\":\"EntryPoint\",\"urlTemplate\":\"https:\\\/\\\/fundacioncajaruraldelsur.com\\\/?s={search_term_string}\"},\"query-input\":{\"@type\":\"PropertyValueSpecification\",\"valueRequired\":true,\"valueName\":\"search_term_string\"}}],\"inLanguage\":\"pt-PT\"},{\"@type\":\"Person\",\"@id\":\"https:\\\/\\\/fundacioncajaruraldelsur.com\\\/#\\\/schema\\\/person\\\/f430da9fb783d505ff061ad8b3d44577\",\"name\":\"Comunicaci\u00f3n\",\"image\":{\"@type\":\"ImageObject\",\"inLanguage\":\"pt-PT\",\"@id\":\"https:\\\/\\\/secure.gravatar.com\\\/avatar\\\/0dca239875993680bac4603ad2de7942da018f52cc3a244578e0b3b09314a8d8?s=96&d=blank&r=g\",\"url\":\"https:\\\/\\\/secure.gravatar.com\\\/avatar\\\/0dca239875993680bac4603ad2de7942da018f52cc3a244578e0b3b09314a8d8?s=96&d=blank&r=g\",\"contentUrl\":\"https:\\\/\\\/secure.gravatar.com\\\/avatar\\\/0dca239875993680bac4603ad2de7942da018f52cc3a244578e0b3b09314a8d8?s=96&d=blank&r=g\",\"caption\":\"Comunicaci\u00f3n\"}}]}<\/script>\n<!-- \/ Yoast SEO plugin. -->","yoast_head_json":{"title":"Rafael E. C\u00e1rdenas, con \u201c\u00cdtems de dudable belleza\u201d, expone desde este lunes en la Fundaci\u00f3n Caja Rural del Sur en Huelva - Fundaci\u00f3n Caja Rural del Sur","robots":{"index":"index","follow":"follow","max-snippet":"max-snippet:-1","max-image-preview":"max-image-preview:large","max-video-preview":"max-video-preview:-1"},"canonical":"https:\/\/fundacioncajaruraldelsur.com\/pt\/rafael-e-cardenas-con-items-de-dudable-belleza-expone-desde-este-lunes-en-la-fundacion-caja-rural-del-sur-en-huelva\/","og_locale":"pt_PT","og_type":"article","og_title":"Rafael E. C\u00e1rdenas, con \u201c\u00cdtems de dudable belleza\u201d, expone desde este lunes en la Fundaci\u00f3n Caja Rural del Sur en Huelva - Fundaci\u00f3n Caja Rural del Sur","og_description":"Rafael E. C\u00e1rdenas expone, con el t\u00edtulo \u201c\u00cdtems de dudable belleza\u201d, desde el lunes, d\u00eda 7 de octubre, en la sala de exposiciones del Centro Cultural \u2018Jos\u00e9 Luis Garc\u00eda Palacios\u2019 [&hellip;]","og_url":"https:\/\/fundacioncajaruraldelsur.com\/pt\/rafael-e-cardenas-con-items-de-dudable-belleza-expone-desde-este-lunes-en-la-fundacion-caja-rural-del-sur-en-huelva\/","og_site_name":"Fundaci\u00f3n Caja Rural del Sur","article_published_time":"2024-10-07T14:11:05+00:00","article_modified_time":"2024-10-18T06:46:10+00:00","og_image":[{"width":1530,"height":1152,"url":"https:\/\/fundacioncajaruraldelsur.com\/wp-content\/uploads\/2024\/10\/241007.-En-la-foto-el-momento-de-la-inauguracion-de-la-exposicion.jpg","type":"image\/jpeg"}],"author":"Comunicaci\u00f3n","twitter_card":"summary_large_image","twitter_misc":{"Written by":"Comunicaci\u00f3n","Est. reading time":"2 minutes"},"schema":{"@context":"https:\/\/schema.org","@graph":[{"@type":"Article","@id":"https:\/\/fundacioncajaruraldelsur.com\/rafael-e-cardenas-con-items-de-dudable-belleza-expone-desde-este-lunes-en-la-fundacion-caja-rural-del-sur-en-huelva\/#article","isPartOf":{"@id":"https:\/\/fundacioncajaruraldelsur.com\/rafael-e-cardenas-con-items-de-dudable-belleza-expone-desde-este-lunes-en-la-fundacion-caja-rural-del-sur-en-huelva\/"},"author":{"name":"Comunicaci\u00f3n","@id":"https:\/\/fundacioncajaruraldelsur.com\/#\/schema\/person\/f430da9fb783d505ff061ad8b3d44577"},"headline":"Rafael E. C\u00e1rdenas, con \u201c\u00cdtems de dudable belleza\u201d, expone desde este lunes en la Fundaci\u00f3n Caja Rural del Sur en Huelva","datePublished":"2024-10-07T14:11:05+00:00","dateModified":"2024-10-18T06:46:10+00:00","mainEntityOfPage":{"@id":"https:\/\/fundacioncajaruraldelsur.com\/rafael-e-cardenas-con-items-de-dudable-belleza-expone-desde-este-lunes-en-la-fundacion-caja-rural-del-sur-en-huelva\/"},"wordCount":418,"image":{"@id":"https:\/\/fundacioncajaruraldelsur.com\/rafael-e-cardenas-con-items-de-dudable-belleza-expone-desde-este-lunes-en-la-fundacion-caja-rural-del-sur-en-huelva\/#primaryimage"},"thumbnailUrl":"https:\/\/fundacioncajaruraldelsur.com\/wp-content\/uploads\/2024\/10\/241007.-En-la-foto-el-momento-de-la-inauguracion-de-la-exposicion.jpg","articleSection":["Exposiciones"],"inLanguage":"pt-PT"},{"@type":"WebPage","@id":"https:\/\/fundacioncajaruraldelsur.com\/rafael-e-cardenas-con-items-de-dudable-belleza-expone-desde-este-lunes-en-la-fundacion-caja-rural-del-sur-en-huelva\/","url":"https:\/\/fundacioncajaruraldelsur.com\/rafael-e-cardenas-con-items-de-dudable-belleza-expone-desde-este-lunes-en-la-fundacion-caja-rural-del-sur-en-huelva\/","name":"Rafael E. C\u00e1rdenas, con \u201c\u00cdtems de dudable belleza\u201d, expone desde este lunes en la Fundaci\u00f3n Caja Rural del Sur en Huelva - Fundaci\u00f3n Caja Rural del Sur","isPartOf":{"@id":"https:\/\/fundacioncajaruraldelsur.com\/#website"},"primaryImageOfPage":{"@id":"https:\/\/fundacioncajaruraldelsur.com\/rafael-e-cardenas-con-items-de-dudable-belleza-expone-desde-este-lunes-en-la-fundacion-caja-rural-del-sur-en-huelva\/#primaryimage"},"image":{"@id":"https:\/\/fundacioncajaruraldelsur.com\/rafael-e-cardenas-con-items-de-dudable-belleza-expone-desde-este-lunes-en-la-fundacion-caja-rural-del-sur-en-huelva\/#primaryimage"},"thumbnailUrl":"https:\/\/fundacioncajaruraldelsur.com\/wp-content\/uploads\/2024\/10\/241007.-En-la-foto-el-momento-de-la-inauguracion-de-la-exposicion.jpg","datePublished":"2024-10-07T14:11:05+00:00","dateModified":"2024-10-18T06:46:10+00:00","author":{"@id":"https:\/\/fundacioncajaruraldelsur.com\/#\/schema\/person\/f430da9fb783d505ff061ad8b3d44577"},"breadcrumb":{"@id":"https:\/\/fundacioncajaruraldelsur.com\/rafael-e-cardenas-con-items-de-dudable-belleza-expone-desde-este-lunes-en-la-fundacion-caja-rural-del-sur-en-huelva\/#breadcrumb"},"inLanguage":"pt-PT","potentialAction":[{"@type":"ReadAction","target":["https:\/\/fundacioncajaruraldelsur.com\/rafael-e-cardenas-con-items-de-dudable-belleza-expone-desde-este-lunes-en-la-fundacion-caja-rural-del-sur-en-huelva\/"]}]},{"@type":"ImageObject","inLanguage":"pt-PT","@id":"https:\/\/fundacioncajaruraldelsur.com\/rafael-e-cardenas-con-items-de-dudable-belleza-expone-desde-este-lunes-en-la-fundacion-caja-rural-del-sur-en-huelva\/#primaryimage","url":"https:\/\/fundacioncajaruraldelsur.com\/wp-content\/uploads\/2024\/10\/241007.-En-la-foto-el-momento-de-la-inauguracion-de-la-exposicion.jpg","contentUrl":"https:\/\/fundacioncajaruraldelsur.com\/wp-content\/uploads\/2024\/10\/241007.-En-la-foto-el-momento-de-la-inauguracion-de-la-exposicion.jpg","width":1530,"height":1152},{"@type":"BreadcrumbList","@id":"https:\/\/fundacioncajaruraldelsur.com\/rafael-e-cardenas-con-items-de-dudable-belleza-expone-desde-este-lunes-en-la-fundacion-caja-rural-del-sur-en-huelva\/#breadcrumb","itemListElement":[{"@type":"ListItem","position":1,"name":"Portada","item":"https:\/\/fundacioncajaruraldelsur.com\/"},{"@type":"ListItem","position":2,"name":"Rafael E. C\u00e1rdenas, con \u201c\u00cdtems de dudable belleza\u201d, expone desde este lunes en la Fundaci\u00f3n Caja Rural del Sur en Huelva"}]},{"@type":"WebSite","@id":"https:\/\/fundacioncajaruraldelsur.com\/#website","url":"https:\/\/fundacioncajaruraldelsur.com\/","name":"Funda\u00e7\u00e3o Caja Rural del Sur","description":"","potentialAction":[{"@type":"SearchAction","target":{"@type":"EntryPoint","urlTemplate":"https:\/\/fundacioncajaruraldelsur.com\/?s={search_term_string}"},"query-input":{"@type":"PropertyValueSpecification","valueRequired":true,"valueName":"search_term_string"}}],"inLanguage":"pt-PT"},{"@type":"Person","@id":"https:\/\/fundacioncajaruraldelsur.com\/#\/schema\/person\/f430da9fb783d505ff061ad8b3d44577","name":"Comunicaci\u00f3n","image":{"@type":"ImageObject","inLanguage":"pt-PT","@id":"https:\/\/secure.gravatar.com\/avatar\/0dca239875993680bac4603ad2de7942da018f52cc3a244578e0b3b09314a8d8?s=96&d=blank&r=g","url":"https:\/\/secure.gravatar.com\/avatar\/0dca239875993680bac4603ad2de7942da018f52cc3a244578e0b3b09314a8d8?s=96&d=blank&r=g","contentUrl":"https:\/\/secure.gravatar.com\/avatar\/0dca239875993680bac4603ad2de7942da018f52cc3a244578e0b3b09314a8d8?s=96&d=blank&r=g","caption":"Comunicaci\u00f3n"}}]}},"rttpg_featured_image_url":{"full":["https:\/\/fundacioncajaruraldelsur.com\/wp-content\/uploads\/2024\/10\/241007.-En-la-foto-el-momento-de-la-inauguracion-de-la-exposicion.jpg",1530,1152,false],"landscape":["https:\/\/fundacioncajaruraldelsur.com\/wp-content\/uploads\/2024\/10\/241007.-En-la-foto-el-momento-de-la-inauguracion-de-la-exposicion.jpg",1530,1152,false],"portraits":["https:\/\/fundacioncajaruraldelsur.com\/wp-content\/uploads\/2024\/10\/241007.-En-la-foto-el-momento-de-la-inauguracion-de-la-exposicion.jpg",1530,1152,false],"thumbnail":["https:\/\/fundacioncajaruraldelsur.com\/wp-content\/uploads\/2024\/10\/241007.-En-la-foto-el-momento-de-la-inauguracion-de-la-exposicion-150x150.jpg",150,150,true],"medium":["https:\/\/fundacioncajaruraldelsur.com\/wp-content\/uploads\/2024\/10\/241007.-En-la-foto-el-momento-de-la-inauguracion-de-la-exposicion-300x226.jpg",300,226,true],"large":["https:\/\/fundacioncajaruraldelsur.com\/wp-content\/uploads\/2024\/10\/241007.-En-la-foto-el-momento-de-la-inauguracion-de-la-exposicion-1024x771.jpg",960,723,true],"1536x1536":["https:\/\/fundacioncajaruraldelsur.com\/wp-content\/uploads\/2024\/10\/241007.-En-la-foto-el-momento-de-la-inauguracion-de-la-exposicion.jpg",1530,1152,false],"2048x2048":["https:\/\/fundacioncajaruraldelsur.com\/wp-content\/uploads\/2024\/10\/241007.-En-la-foto-el-momento-de-la-inauguracion-de-la-exposicion.jpg",1530,1152,false],"trp-custom-language-flag":["https:\/\/fundacioncajaruraldelsur.com\/wp-content\/uploads\/2024\/10\/241007.-En-la-foto-el-momento-de-la-inauguracion-de-la-exposicion.jpg",16,12,false],"blog-thumbnail":["https:\/\/fundacioncajaruraldelsur.com\/wp-content\/uploads\/2024\/10\/241007.-En-la-foto-el-momento-de-la-inauguracion-de-la-exposicion-400x200.jpg",400,200,true]},"rttpg_author":{"display_name":"Comunicaci\u00f3n","author_link":"https:\/\/fundacioncajaruraldelsur.com\/pt\/author\/sevillaadmin\/"},"rttpg_comment":0,"rttpg_category":"<a href=\"https:\/\/fundacioncajaruraldelsur.com\/pt\/category\/exposiciones\/\" rel=\"category tag\">Exposiciones<\/a>","rttpg_excerpt":"Rafael E. C\u00e1rdenas expone, con el t\u00edtulo \u201c\u00cdtems de dudable belleza\u201d, desde el lunes, d\u00eda 7 de octubre, en la sala de exposiciones del Centro Cultural \u2018Jos\u00e9 Luis Garc\u00eda Palacios\u2019 [&hellip;]","_links":{"self":[{"href":"https:\/\/fundacioncajaruraldelsur.com\/pt\/wp-json\/wp\/v2\/posts\/10446","targetHints":{"allow":["GET"]}}],"collection":[{"href":"https:\/\/fundacioncajaruraldelsur.com\/pt\/wp-json\/wp\/v2\/posts"}],"about":[{"href":"https:\/\/fundacioncajaruraldelsur.com\/pt\/wp-json\/wp\/v2\/types\/post"}],"author":[{"embeddable":true,"href":"https:\/\/fundacioncajaruraldelsur.com\/pt\/wp-json\/wp\/v2\/users\/6"}],"replies":[{"embeddable":true,"href":"https:\/\/fundacioncajaruraldelsur.com\/pt\/wp-json\/wp\/v2\/comments?post=10446"}],"version-history":[{"count":2,"href":"https:\/\/fundacioncajaruraldelsur.com\/pt\/wp-json\/wp\/v2\/posts\/10446\/revisions"}],"predecessor-version":[{"id":10506,"href":"https:\/\/fundacioncajaruraldelsur.com\/pt\/wp-json\/wp\/v2\/posts\/10446\/revisions\/10506"}],"wp:featuredmedia":[{"embeddable":true,"href":"https:\/\/fundacioncajaruraldelsur.com\/pt\/wp-json\/wp\/v2\/media\/10449"}],"wp:attachment":[{"href":"https:\/\/fundacioncajaruraldelsur.com\/pt\/wp-json\/wp\/v2\/media?parent=10446"}],"wp:term":[{"taxonomy":"category","embeddable":true,"href":"https:\/\/fundacioncajaruraldelsur.com\/pt\/wp-json\/wp\/v2\/categories?post=10446"},{"taxonomy":"post_tag","embeddable":true,"href":"https:\/\/fundacioncajaruraldelsur.com\/pt\/wp-json\/wp\/v2\/tags?post=10446"}],"curies":[{"name":"wp","href":"https:\/\/api.w.org\/{rel}","templated":true}]}}