{"id":10441,"date":"2024-10-03T08:35:30","date_gmt":"2024-10-03T07:35:30","guid":{"rendered":"\/?p=10441"},"modified":"2024-10-03T08:35:30","modified_gmt":"2024-10-03T07:35:30","slug":"jose-luis-garcia-palacios-condecorado-en-el-acto-central-del-dia-de-la-policia-en-sevilla","status":"publish","type":"post","link":"https:\/\/fundacioncajaruraldelsur.com\/pt\/jose-luis-garcia-palacios-condecorado-en-el-acto-central-del-dia-de-la-policia-en-sevilla\/","title":{"rendered":"Jos\u00e9 Luis Garc\u00eda-Palacios, condecorado en el acto central del D\u00eda de la Polic\u00eda en Sevilla"},"content":{"rendered":"<p>Jos\u00e9 Luis Garc\u00eda-Palacios, presidente de Caja Rural del Sur, ha recibido una\u00a0<strong>destacada condecoraci\u00f3n durante el acto central del D\u00eda de la Polic\u00eda<\/strong>, celebrado el pasado mi\u00e9rcoles, 2 de octubre, en la emblem\u00e1tica Plaza de Espa\u00f1a de Sevilla. La ceremonia incluy\u00f3 varios momentos solemnes y emotivos, entre ellos, la entrega de condecoraciones a personalidades que han destacado por su compromiso y dedicaci\u00f3n al servicio p\u00fablico. Entre los condecorados, el presidente de Caja Rural del Sur, Jos\u00e9 Luis Garc\u00eda-Palacios,\u00a0 recibi\u00f3 la medalla en reconocimiento a su trayectoria y apoyo institucional.<\/p>\n<p><a href=\"\/wp-content\/uploads\/2024\/10\/medalla-2.jpg\" rel=\"lightbox-0\"><img loading=\"lazy\" decoding=\"async\" class=\"alignnone wp-image-10443 size-full\" src=\"\/wp-content\/uploads\/2024\/10\/medalla-2.jpg\" alt=\"\" width=\"757\" height=\"426\" srcset=\"https:\/\/fundacioncajaruraldelsur.com\/wp-content\/uploads\/2024\/10\/medalla-2.jpg 757w, https:\/\/fundacioncajaruraldelsur.com\/wp-content\/uploads\/2024\/10\/medalla-2-300x169.jpg 300w\" sizes=\"auto, (max-width: 757px) 100vw, 757px\" \/><\/a><\/p>\n<p>Este evento, de gran relevancia para el Cuerpo de la Polic\u00eda Nacional, cont\u00f3 con la presencia de diversas autoridades, entre ellas el Ministro de Interior, Fernando Grande-Marlaska, quien presidi\u00f3 el acto, destacando la importancia de este tipo de ceremonias para reforzar el reconocimiento social hacia los agentes de la Polic\u00eda Nacional. En su discurso, subray\u00f3 la labor que desempe\u00f1an los polic\u00edas en la protecci\u00f3n de los derechos y libertades de la ciudadan\u00eda, as\u00ed como la relevancia hist\u00f3rica de alcanzar los 200 a\u00f1os de existencia del cuerpo.<\/p>\n<p>El acto forma parte de las celebraciones por el\u00a0<strong>D\u00eda de los Santos \u00c1ngeles Custodios, patrones de la Polic\u00eda Nacional,<\/strong>\u00a0una festividad que se conmemora cada a\u00f1o para rendir homenaje a la labor de los agentes que velan por la seguridad y el orden p\u00fablico. Este a\u00f1o, el evento adquiri\u00f3 una relevancia especial al coincidir con la\u00a0<strong>conmemoraci\u00f3n del bicentenario de la creaci\u00f3n de la Polic\u00eda Nacional<\/strong>.<\/p>\n<p><a href=\"\/wp-content\/uploads\/2024\/10\/policia.jpg\" rel=\"lightbox-1\"><img loading=\"lazy\" decoding=\"async\" class=\"alignnone wp-image-10444 size-full\" src=\"\/wp-content\/uploads\/2024\/10\/policia.jpg\" alt=\"\" width=\"1081\" height=\"510\" srcset=\"https:\/\/fundacioncajaruraldelsur.com\/wp-content\/uploads\/2024\/10\/policia.jpg 1081w, https:\/\/fundacioncajaruraldelsur.com\/wp-content\/uploads\/2024\/10\/policia-300x142.jpg 300w, https:\/\/fundacioncajaruraldelsur.com\/wp-content\/uploads\/2024\/10\/policia-1024x483.jpg 1024w, https:\/\/fundacioncajaruraldelsur.com\/wp-content\/uploads\/2024\/10\/policia-768x362.jpg 768w\" sizes=\"auto, (max-width: 1081px) 100vw, 1081px\" \/><\/a><\/p>","protected":false},"excerpt":{"rendered":"<p>Jos\u00e9 Luis Garc\u00eda-Palacios, presidente de Caja Rural del Sur, ha recibido una\u00a0destacada condecoraci\u00f3n durante el acto central del D\u00eda de la Polic\u00eda, celebrado el pasado mi\u00e9rcoles, 2 de octubre, en [&hellip;]<\/p>\n","protected":false},"author":6,"featured_media":10442,"comment_status":"closed","ping_status":"closed","sticky":false,"template":"","format":"standard","meta":{"footnotes":""},"categories":[64],"tags":[],"class_list":["post-10441","post","type-post","status-publish","format-standard","has-post-thumbnail","hentry","category-premios"],"yoast_head":"<!-- This site is optimized with the Yoast SEO plugin v27.3 - https:\/\/yoast.com\/product\/yoast-seo-wordpress\/ -->\n<title>Jos\u00e9 Luis Garc\u00eda-Palacios, condecorado en el acto central del D\u00eda de la Polic\u00eda en Sevilla - Fundaci\u00f3n Caja Rural del Sur<\/title>\n<meta name=\"robots\" content=\"index, follow, max-snippet:-1, max-image-preview:large, max-video-preview:-1\" \/>\n<link rel=\"canonical\" href=\"https:\/\/fundacioncajaruraldelsur.com\/pt\/jose-luis-garcia-palacios-condecorado-en-el-acto-central-del-dia-de-la-policia-en-sevilla\/\" \/>\n<meta property=\"og:locale\" content=\"pt_PT\" \/>\n<meta property=\"og:type\" content=\"article\" \/>\n<meta property=\"og:title\" content=\"Jos\u00e9 Luis Garc\u00eda-Palacios, condecorado en el acto central del D\u00eda de la Polic\u00eda en Sevilla - Fundaci\u00f3n Caja Rural del Sur\" \/>\n<meta property=\"og:description\" content=\"Jos\u00e9 Luis Garc\u00eda-Palacios, presidente de Caja Rural del Sur, ha recibido una\u00a0destacada condecoraci\u00f3n durante el acto central del D\u00eda de la Polic\u00eda, celebrado el pasado mi\u00e9rcoles, 2 de octubre, en [&hellip;]\" \/>\n<meta property=\"og:url\" content=\"https:\/\/fundacioncajaruraldelsur.com\/pt\/jose-luis-garcia-palacios-condecorado-en-el-acto-central-del-dia-de-la-policia-en-sevilla\/\" \/>\n<meta property=\"og:site_name\" content=\"Fundaci\u00f3n Caja Rural del Sur\" \/>\n<meta property=\"article:published_time\" content=\"2024-10-03T07:35:30+00:00\" \/>\n<meta property=\"og:image\" content=\"https:\/\/fundacioncajaruraldelsur.com\/wp-content\/uploads\/2024\/10\/medalla-.jpg\" \/>\n\t<meta property=\"og:image:width\" content=\"739\" \/>\n\t<meta property=\"og:image:height\" content=\"478\" \/>\n\t<meta property=\"og:image:type\" content=\"image\/jpeg\" \/>\n<meta name=\"author\" content=\"Comunicaci\u00f3n\" \/>\n<meta name=\"twitter:card\" content=\"summary_large_image\" \/>\n<meta name=\"twitter:label1\" content=\"Written by\" \/>\n\t<meta name=\"twitter:data1\" content=\"Comunicaci\u00f3n\" \/>\n\t<meta name=\"twitter:label2\" content=\"Est. reading time\" \/>\n\t<meta name=\"twitter:data2\" content=\"2 minutes\" \/>\n<script type=\"application\/ld+json\" class=\"yoast-schema-graph\">{\"@context\":\"https:\\\/\\\/schema.org\",\"@graph\":[{\"@type\":\"Article\",\"@id\":\"https:\\\/\\\/fundacioncajaruraldelsur.com\\\/jose-luis-garcia-palacios-condecorado-en-el-acto-central-del-dia-de-la-policia-en-sevilla\\\/#article\",\"isPartOf\":{\"@id\":\"https:\\\/\\\/fundacioncajaruraldelsur.com\\\/jose-luis-garcia-palacios-condecorado-en-el-acto-central-del-dia-de-la-policia-en-sevilla\\\/\"},\"author\":{\"name\":\"Comunicaci\u00f3n\",\"@id\":\"https:\\\/\\\/fundacioncajaruraldelsur.com\\\/#\\\/schema\\\/person\\\/f430da9fb783d505ff061ad8b3d44577\"},\"headline\":\"Jos\u00e9 Luis Garc\u00eda-Palacios, condecorado en el acto central del D\u00eda de la Polic\u00eda en Sevilla\",\"datePublished\":\"2024-10-03T07:35:30+00:00\",\"mainEntityOfPage\":{\"@id\":\"https:\\\/\\\/fundacioncajaruraldelsur.com\\\/jose-luis-garcia-palacios-condecorado-en-el-acto-central-del-dia-de-la-policia-en-sevilla\\\/\"},\"wordCount\":284,\"image\":{\"@id\":\"https:\\\/\\\/fundacioncajaruraldelsur.com\\\/jose-luis-garcia-palacios-condecorado-en-el-acto-central-del-dia-de-la-policia-en-sevilla\\\/#primaryimage\"},\"thumbnailUrl\":\"https:\\\/\\\/fundacioncajaruraldelsur.com\\\/wp-content\\\/uploads\\\/2024\\\/10\\\/medalla-.jpg\",\"articleSection\":[\"Premios\"],\"inLanguage\":\"pt-PT\"},{\"@type\":\"WebPage\",\"@id\":\"https:\\\/\\\/fundacioncajaruraldelsur.com\\\/jose-luis-garcia-palacios-condecorado-en-el-acto-central-del-dia-de-la-policia-en-sevilla\\\/\",\"url\":\"https:\\\/\\\/fundacioncajaruraldelsur.com\\\/jose-luis-garcia-palacios-condecorado-en-el-acto-central-del-dia-de-la-policia-en-sevilla\\\/\",\"name\":\"Jos\u00e9 Luis Garc\u00eda-Palacios, condecorado en el acto central del D\u00eda de la Polic\u00eda en Sevilla - Fundaci\u00f3n Caja Rural del Sur\",\"isPartOf\":{\"@id\":\"https:\\\/\\\/fundacioncajaruraldelsur.com\\\/#website\"},\"primaryImageOfPage\":{\"@id\":\"https:\\\/\\\/fundacioncajaruraldelsur.com\\\/jose-luis-garcia-palacios-condecorado-en-el-acto-central-del-dia-de-la-policia-en-sevilla\\\/#primaryimage\"},\"image\":{\"@id\":\"https:\\\/\\\/fundacioncajaruraldelsur.com\\\/jose-luis-garcia-palacios-condecorado-en-el-acto-central-del-dia-de-la-policia-en-sevilla\\\/#primaryimage\"},\"thumbnailUrl\":\"https:\\\/\\\/fundacioncajaruraldelsur.com\\\/wp-content\\\/uploads\\\/2024\\\/10\\\/medalla-.jpg\",\"datePublished\":\"2024-10-03T07:35:30+00:00\",\"author\":{\"@id\":\"https:\\\/\\\/fundacioncajaruraldelsur.com\\\/#\\\/schema\\\/person\\\/f430da9fb783d505ff061ad8b3d44577\"},\"breadcrumb\":{\"@id\":\"https:\\\/\\\/fundacioncajaruraldelsur.com\\\/jose-luis-garcia-palacios-condecorado-en-el-acto-central-del-dia-de-la-policia-en-sevilla\\\/#breadcrumb\"},\"inLanguage\":\"pt-PT\",\"potentialAction\":[{\"@type\":\"ReadAction\",\"target\":[\"https:\\\/\\\/fundacioncajaruraldelsur.com\\\/jose-luis-garcia-palacios-condecorado-en-el-acto-central-del-dia-de-la-policia-en-sevilla\\\/\"]}]},{\"@type\":\"ImageObject\",\"inLanguage\":\"pt-PT\",\"@id\":\"https:\\\/\\\/fundacioncajaruraldelsur.com\\\/jose-luis-garcia-palacios-condecorado-en-el-acto-central-del-dia-de-la-policia-en-sevilla\\\/#primaryimage\",\"url\":\"https:\\\/\\\/fundacioncajaruraldelsur.com\\\/wp-content\\\/uploads\\\/2024\\\/10\\\/medalla-.jpg\",\"contentUrl\":\"https:\\\/\\\/fundacioncajaruraldelsur.com\\\/wp-content\\\/uploads\\\/2024\\\/10\\\/medalla-.jpg\",\"width\":739,\"height\":478},{\"@type\":\"BreadcrumbList\",\"@id\":\"https:\\\/\\\/fundacioncajaruraldelsur.com\\\/jose-luis-garcia-palacios-condecorado-en-el-acto-central-del-dia-de-la-policia-en-sevilla\\\/#breadcrumb\",\"itemListElement\":[{\"@type\":\"ListItem\",\"position\":1,\"name\":\"Portada\",\"item\":\"https:\\\/\\\/fundacioncajaruraldelsur.com\\\/\"},{\"@type\":\"ListItem\",\"position\":2,\"name\":\"Jos\u00e9 Luis Garc\u00eda-Palacios, condecorado en el acto central del D\u00eda de la Polic\u00eda en Sevilla\"}]},{\"@type\":\"WebSite\",\"@id\":\"https:\\\/\\\/fundacioncajaruraldelsur.com\\\/#website\",\"url\":\"https:\\\/\\\/fundacioncajaruraldelsur.com\\\/\",\"name\":\"Fundaci\u00f3n Caja Rural del Sur\",\"description\":\"\",\"potentialAction\":[{\"@type\":\"SearchAction\",\"target\":{\"@type\":\"EntryPoint\",\"urlTemplate\":\"https:\\\/\\\/fundacioncajaruraldelsur.com\\\/?s={search_term_string}\"},\"query-input\":{\"@type\":\"PropertyValueSpecification\",\"valueRequired\":true,\"valueName\":\"search_term_string\"}}],\"inLanguage\":\"pt-PT\"},{\"@type\":\"Person\",\"@id\":\"https:\\\/\\\/fundacioncajaruraldelsur.com\\\/#\\\/schema\\\/person\\\/f430da9fb783d505ff061ad8b3d44577\",\"name\":\"Comunicaci\u00f3n\",\"image\":{\"@type\":\"ImageObject\",\"inLanguage\":\"pt-PT\",\"@id\":\"https:\\\/\\\/secure.gravatar.com\\\/avatar\\\/0dca239875993680bac4603ad2de7942da018f52cc3a244578e0b3b09314a8d8?s=96&d=blank&r=g\",\"url\":\"https:\\\/\\\/secure.gravatar.com\\\/avatar\\\/0dca239875993680bac4603ad2de7942da018f52cc3a244578e0b3b09314a8d8?s=96&d=blank&r=g\",\"contentUrl\":\"https:\\\/\\\/secure.gravatar.com\\\/avatar\\\/0dca239875993680bac4603ad2de7942da018f52cc3a244578e0b3b09314a8d8?s=96&d=blank&r=g\",\"caption\":\"Comunicaci\u00f3n\"}}]}<\/script>\n<!-- \/ Yoast SEO plugin. -->","yoast_head_json":{"title":"Jos\u00e9 Luis Garc\u00eda-Palacios, condecorado en el acto central del D\u00eda de la Polic\u00eda en Sevilla - Fundaci\u00f3n Caja Rural del Sur","robots":{"index":"index","follow":"follow","max-snippet":"max-snippet:-1","max-image-preview":"max-image-preview:large","max-video-preview":"max-video-preview:-1"},"canonical":"https:\/\/fundacioncajaruraldelsur.com\/pt\/jose-luis-garcia-palacios-condecorado-en-el-acto-central-del-dia-de-la-policia-en-sevilla\/","og_locale":"pt_PT","og_type":"article","og_title":"Jos\u00e9 Luis Garc\u00eda-Palacios, condecorado en el acto central del D\u00eda de la Polic\u00eda en Sevilla - Fundaci\u00f3n Caja Rural del Sur","og_description":"Jos\u00e9 Luis Garc\u00eda-Palacios, presidente de Caja Rural del Sur, ha recibido una\u00a0destacada condecoraci\u00f3n durante el acto central del D\u00eda de la Polic\u00eda, celebrado el pasado mi\u00e9rcoles, 2 de octubre, en [&hellip;]","og_url":"https:\/\/fundacioncajaruraldelsur.com\/pt\/jose-luis-garcia-palacios-condecorado-en-el-acto-central-del-dia-de-la-policia-en-sevilla\/","og_site_name":"Fundaci\u00f3n Caja Rural del Sur","article_published_time":"2024-10-03T07:35:30+00:00","og_image":[{"width":739,"height":478,"url":"https:\/\/fundacioncajaruraldelsur.com\/wp-content\/uploads\/2024\/10\/medalla-.jpg","type":"image\/jpeg"}],"author":"Comunicaci\u00f3n","twitter_card":"summary_large_image","twitter_misc":{"Written by":"Comunicaci\u00f3n","Est. reading time":"2 minutes"},"schema":{"@context":"https:\/\/schema.org","@graph":[{"@type":"Article","@id":"https:\/\/fundacioncajaruraldelsur.com\/jose-luis-garcia-palacios-condecorado-en-el-acto-central-del-dia-de-la-policia-en-sevilla\/#article","isPartOf":{"@id":"https:\/\/fundacioncajaruraldelsur.com\/jose-luis-garcia-palacios-condecorado-en-el-acto-central-del-dia-de-la-policia-en-sevilla\/"},"author":{"name":"Comunicaci\u00f3n","@id":"https:\/\/fundacioncajaruraldelsur.com\/#\/schema\/person\/f430da9fb783d505ff061ad8b3d44577"},"headline":"Jos\u00e9 Luis Garc\u00eda-Palacios, condecorado en el acto central del D\u00eda de la Polic\u00eda en Sevilla","datePublished":"2024-10-03T07:35:30+00:00","mainEntityOfPage":{"@id":"https:\/\/fundacioncajaruraldelsur.com\/jose-luis-garcia-palacios-condecorado-en-el-acto-central-del-dia-de-la-policia-en-sevilla\/"},"wordCount":284,"image":{"@id":"https:\/\/fundacioncajaruraldelsur.com\/jose-luis-garcia-palacios-condecorado-en-el-acto-central-del-dia-de-la-policia-en-sevilla\/#primaryimage"},"thumbnailUrl":"https:\/\/fundacioncajaruraldelsur.com\/wp-content\/uploads\/2024\/10\/medalla-.jpg","articleSection":["Premios"],"inLanguage":"pt-PT"},{"@type":"WebPage","@id":"https:\/\/fundacioncajaruraldelsur.com\/jose-luis-garcia-palacios-condecorado-en-el-acto-central-del-dia-de-la-policia-en-sevilla\/","url":"https:\/\/fundacioncajaruraldelsur.com\/jose-luis-garcia-palacios-condecorado-en-el-acto-central-del-dia-de-la-policia-en-sevilla\/","name":"Jos\u00e9 Luis Garc\u00eda-Palacios, condecorado en el acto central del D\u00eda de la Polic\u00eda en Sevilla - Fundaci\u00f3n Caja Rural del Sur","isPartOf":{"@id":"https:\/\/fundacioncajaruraldelsur.com\/#website"},"primaryImageOfPage":{"@id":"https:\/\/fundacioncajaruraldelsur.com\/jose-luis-garcia-palacios-condecorado-en-el-acto-central-del-dia-de-la-policia-en-sevilla\/#primaryimage"},"image":{"@id":"https:\/\/fundacioncajaruraldelsur.com\/jose-luis-garcia-palacios-condecorado-en-el-acto-central-del-dia-de-la-policia-en-sevilla\/#primaryimage"},"thumbnailUrl":"https:\/\/fundacioncajaruraldelsur.com\/wp-content\/uploads\/2024\/10\/medalla-.jpg","datePublished":"2024-10-03T07:35:30+00:00","author":{"@id":"https:\/\/fundacioncajaruraldelsur.com\/#\/schema\/person\/f430da9fb783d505ff061ad8b3d44577"},"breadcrumb":{"@id":"https:\/\/fundacioncajaruraldelsur.com\/jose-luis-garcia-palacios-condecorado-en-el-acto-central-del-dia-de-la-policia-en-sevilla\/#breadcrumb"},"inLanguage":"pt-PT","potentialAction":[{"@type":"ReadAction","target":["https:\/\/fundacioncajaruraldelsur.com\/jose-luis-garcia-palacios-condecorado-en-el-acto-central-del-dia-de-la-policia-en-sevilla\/"]}]},{"@type":"ImageObject","inLanguage":"pt-PT","@id":"https:\/\/fundacioncajaruraldelsur.com\/jose-luis-garcia-palacios-condecorado-en-el-acto-central-del-dia-de-la-policia-en-sevilla\/#primaryimage","url":"https:\/\/fundacioncajaruraldelsur.com\/wp-content\/uploads\/2024\/10\/medalla-.jpg","contentUrl":"https:\/\/fundacioncajaruraldelsur.com\/wp-content\/uploads\/2024\/10\/medalla-.jpg","width":739,"height":478},{"@type":"BreadcrumbList","@id":"https:\/\/fundacioncajaruraldelsur.com\/jose-luis-garcia-palacios-condecorado-en-el-acto-central-del-dia-de-la-policia-en-sevilla\/#breadcrumb","itemListElement":[{"@type":"ListItem","position":1,"name":"Portada","item":"https:\/\/fundacioncajaruraldelsur.com\/"},{"@type":"ListItem","position":2,"name":"Jos\u00e9 Luis Garc\u00eda-Palacios, condecorado en el acto central del D\u00eda de la Polic\u00eda en Sevilla"}]},{"@type":"WebSite","@id":"https:\/\/fundacioncajaruraldelsur.com\/#website","url":"https:\/\/fundacioncajaruraldelsur.com\/","name":"Funda\u00e7\u00e3o Caja Rural del Sur","description":"","potentialAction":[{"@type":"SearchAction","target":{"@type":"EntryPoint","urlTemplate":"https:\/\/fundacioncajaruraldelsur.com\/?s={search_term_string}"},"query-input":{"@type":"PropertyValueSpecification","valueRequired":true,"valueName":"search_term_string"}}],"inLanguage":"pt-PT"},{"@type":"Person","@id":"https:\/\/fundacioncajaruraldelsur.com\/#\/schema\/person\/f430da9fb783d505ff061ad8b3d44577","name":"Comunicaci\u00f3n","image":{"@type":"ImageObject","inLanguage":"pt-PT","@id":"https:\/\/secure.gravatar.com\/avatar\/0dca239875993680bac4603ad2de7942da018f52cc3a244578e0b3b09314a8d8?s=96&d=blank&r=g","url":"https:\/\/secure.gravatar.com\/avatar\/0dca239875993680bac4603ad2de7942da018f52cc3a244578e0b3b09314a8d8?s=96&d=blank&r=g","contentUrl":"https:\/\/secure.gravatar.com\/avatar\/0dca239875993680bac4603ad2de7942da018f52cc3a244578e0b3b09314a8d8?s=96&d=blank&r=g","caption":"Comunicaci\u00f3n"}}]}},"rttpg_featured_image_url":{"full":["https:\/\/fundacioncajaruraldelsur.com\/wp-content\/uploads\/2024\/10\/medalla-.jpg",739,478,false],"landscape":["https:\/\/fundacioncajaruraldelsur.com\/wp-content\/uploads\/2024\/10\/medalla-.jpg",739,478,false],"portraits":["https:\/\/fundacioncajaruraldelsur.com\/wp-content\/uploads\/2024\/10\/medalla-.jpg",739,478,false],"thumbnail":["https:\/\/fundacioncajaruraldelsur.com\/wp-content\/uploads\/2024\/10\/medalla--150x150.jpg",150,150,true],"medium":["https:\/\/fundacioncajaruraldelsur.com\/wp-content\/uploads\/2024\/10\/medalla--300x194.jpg",300,194,true],"large":["https:\/\/fundacioncajaruraldelsur.com\/wp-content\/uploads\/2024\/10\/medalla-.jpg",739,478,false],"1536x1536":["https:\/\/fundacioncajaruraldelsur.com\/wp-content\/uploads\/2024\/10\/medalla-.jpg",739,478,false],"2048x2048":["https:\/\/fundacioncajaruraldelsur.com\/wp-content\/uploads\/2024\/10\/medalla-.jpg",739,478,false],"trp-custom-language-flag":["https:\/\/fundacioncajaruraldelsur.com\/wp-content\/uploads\/2024\/10\/medalla-.jpg",18,12,false],"blog-thumbnail":["https:\/\/fundacioncajaruraldelsur.com\/wp-content\/uploads\/2024\/10\/medalla--400x200.jpg",400,200,true]},"rttpg_author":{"display_name":"Comunicaci\u00f3n","author_link":"https:\/\/fundacioncajaruraldelsur.com\/pt\/author\/sevillaadmin\/"},"rttpg_comment":0,"rttpg_category":"<a href=\"https:\/\/fundacioncajaruraldelsur.com\/pt\/category\/premios\/\" rel=\"category tag\">Premios<\/a>","rttpg_excerpt":"Jos\u00e9 Luis Garc\u00eda-Palacios, presidente de Caja Rural del Sur, ha recibido una\u00a0destacada condecoraci\u00f3n durante el acto central del D\u00eda de la Polic\u00eda, celebrado el pasado mi\u00e9rcoles, 2 de octubre, en [&hellip;]","_links":{"self":[{"href":"https:\/\/fundacioncajaruraldelsur.com\/pt\/wp-json\/wp\/v2\/posts\/10441","targetHints":{"allow":["GET"]}}],"collection":[{"href":"https:\/\/fundacioncajaruraldelsur.com\/pt\/wp-json\/wp\/v2\/posts"}],"about":[{"href":"https:\/\/fundacioncajaruraldelsur.com\/pt\/wp-json\/wp\/v2\/types\/post"}],"author":[{"embeddable":true,"href":"https:\/\/fundacioncajaruraldelsur.com\/pt\/wp-json\/wp\/v2\/users\/6"}],"replies":[{"embeddable":true,"href":"https:\/\/fundacioncajaruraldelsur.com\/pt\/wp-json\/wp\/v2\/comments?post=10441"}],"version-history":[{"count":1,"href":"https:\/\/fundacioncajaruraldelsur.com\/pt\/wp-json\/wp\/v2\/posts\/10441\/revisions"}],"predecessor-version":[{"id":10445,"href":"https:\/\/fundacioncajaruraldelsur.com\/pt\/wp-json\/wp\/v2\/posts\/10441\/revisions\/10445"}],"wp:featuredmedia":[{"embeddable":true,"href":"https:\/\/fundacioncajaruraldelsur.com\/pt\/wp-json\/wp\/v2\/media\/10442"}],"wp:attachment":[{"href":"https:\/\/fundacioncajaruraldelsur.com\/pt\/wp-json\/wp\/v2\/media?parent=10441"}],"wp:term":[{"taxonomy":"category","embeddable":true,"href":"https:\/\/fundacioncajaruraldelsur.com\/pt\/wp-json\/wp\/v2\/categories?post=10441"},{"taxonomy":"post_tag","embeddable":true,"href":"https:\/\/fundacioncajaruraldelsur.com\/pt\/wp-json\/wp\/v2\/tags?post=10441"}],"curies":[{"name":"wp","href":"https:\/\/api.w.org\/{rel}","templated":true}]}}