{"id":10302,"date":"2024-08-13T08:07:20","date_gmt":"2024-08-13T07:07:20","guid":{"rendered":"\/?p=10302"},"modified":"2024-08-13T18:08:00","modified_gmt":"2024-08-13T17:08:00","slug":"la-fundacion-caja-rural-del-sur-y-la-real-escuela-andaluza-del-arte-ecuestre-continuaran-colaborando-para-promover-la-cultura-del-caballo-andaluz","status":"publish","type":"post","link":"https:\/\/fundacioncajaruraldelsur.com\/pt\/la-fundacion-caja-rural-del-sur-y-la-real-escuela-andaluza-del-arte-ecuestre-continuaran-colaborando-para-promover-la-cultura-del-caballo-andaluz\/","title":{"rendered":"La Fundaci\u00f3n Caja Rural del Sur y la Real Escuela Andaluza del Arte Ecuestre continuar\u00e1n colaborando para promover la cultura del caballo andaluz"},"content":{"rendered":"<p>La Real Escuela Andaluza del Arte Ecuestre (REAAE), fundaci\u00f3n dependiente de la Consejer\u00eda de Turismo, Cultura y Deporte de la Junta de Andaluc\u00eda, y la Fundaci\u00f3n Caja Rural del Sur, han renovado el acuerdo de colaboraci\u00f3n que vienen desarrollando a lo largo de los \u00faltimos a\u00f1os para el apoyo a la labor y las actividades que desarrolla esta instituci\u00f3n con sede en Jerez de la Frontera.<\/p>\n<p>La firma del convenio ha sido ratificada en al sede de la entidad en Sevilla por el director gerente de la Fundaci\u00f3n Real Escuela Andaluza del Arte Ecuestre, Rafael Olvera Porcel, y, el presidente de la Fundaci\u00f3n Caja Rural del Sur, Jos\u00e9 Luis Garc\u00eda-Palacios.<\/p>\n<p>De este modo, la Fundaci\u00f3n Caja Rural del Sur muestra su respaldo a esta instituci\u00f3n andaluza a la que se une en sus objetivos de proteger la ganader\u00eda caballar y sus industrias derivadas, as\u00ed como difundir, a trav\u00e9s de sus m\u00faltiples actividades y espect\u00e1culos, el arte ecuestre y fomentar el respeto y la cultura del caballo andaluz entendido como parte de la identidad andaluza.<\/p>\n<p>Como entidad financiera vinculada a Andaluc\u00eda la Fundaci\u00f3n Caja Rural del Sur apoya a las actividades econ\u00f3micas de nuestra tierra, como el mundo del caballo que forma parte de las tradiciones, de nuestra cultura, pero tambi\u00e9n de nuestra econom\u00eda.<\/p>\n<p>&nbsp;<\/p>\n<p>&nbsp;<\/p>","protected":false},"excerpt":{"rendered":"<p>La Real Escuela Andaluza del Arte Ecuestre (REAAE), fundaci\u00f3n dependiente de la Consejer\u00eda de Turismo, Cultura y Deporte de la Junta de Andaluc\u00eda, y la Fundaci\u00f3n Caja Rural del Sur, [&hellip;]<\/p>\n","protected":false},"author":6,"featured_media":10295,"comment_status":"closed","ping_status":"closed","sticky":false,"template":"","format":"standard","meta":{"footnotes":""},"categories":[67],"tags":[],"class_list":["post-10302","post","type-post","status-publish","format-standard","has-post-thumbnail","hentry","category-convenios"],"yoast_head":"<!-- This site is optimized with the Yoast SEO plugin v27.3 - https:\/\/yoast.com\/product\/yoast-seo-wordpress\/ -->\n<title>La Fundaci\u00f3n Caja Rural del Sur y la Real Escuela Andaluza del Arte Ecuestre continuar\u00e1n colaborando para promover la cultura del caballo andaluz - Fundaci\u00f3n Caja Rural del Sur<\/title>\n<meta name=\"robots\" content=\"index, follow, max-snippet:-1, max-image-preview:large, max-video-preview:-1\" \/>\n<link rel=\"canonical\" href=\"https:\/\/fundacioncajaruraldelsur.com\/pt\/la-fundacion-caja-rural-del-sur-y-la-real-escuela-andaluza-del-arte-ecuestre-continuaran-colaborando-para-promover-la-cultura-del-caballo-andaluz\/\" \/>\n<meta property=\"og:locale\" content=\"pt_PT\" \/>\n<meta property=\"og:type\" content=\"article\" \/>\n<meta property=\"og:title\" content=\"La Fundaci\u00f3n Caja Rural del Sur y la Real Escuela Andaluza del Arte Ecuestre continuar\u00e1n colaborando para promover la cultura del caballo andaluz - Fundaci\u00f3n Caja Rural del Sur\" \/>\n<meta property=\"og:description\" content=\"La Real Escuela Andaluza del Arte Ecuestre (REAAE), fundaci\u00f3n dependiente de la Consejer\u00eda de Turismo, Cultura y Deporte de la Junta de Andaluc\u00eda, y la Fundaci\u00f3n Caja Rural del Sur, [&hellip;]\" \/>\n<meta property=\"og:url\" content=\"https:\/\/fundacioncajaruraldelsur.com\/pt\/la-fundacion-caja-rural-del-sur-y-la-real-escuela-andaluza-del-arte-ecuestre-continuaran-colaborando-para-promover-la-cultura-del-caballo-andaluz\/\" \/>\n<meta property=\"og:site_name\" content=\"Fundaci\u00f3n Caja Rural del Sur\" \/>\n<meta property=\"article:published_time\" content=\"2024-08-13T07:07:20+00:00\" \/>\n<meta property=\"article:modified_time\" content=\"2024-08-13T17:08:00+00:00\" \/>\n<meta property=\"og:image\" content=\"https:\/\/fundacioncajaruraldelsur.com\/wp-content\/uploads\/2024\/08\/Firma-convenio-Rafael-Olvera-y-JL-Garcia-Palacios.jpg\" \/>\n\t<meta property=\"og:image:width\" content=\"1600\" \/>\n\t<meta property=\"og:image:height\" content=\"1200\" \/>\n\t<meta property=\"og:image:type\" content=\"image\/jpeg\" \/>\n<meta name=\"author\" content=\"Comunicaci\u00f3n\" \/>\n<meta name=\"twitter:card\" content=\"summary_large_image\" \/>\n<meta name=\"twitter:label1\" content=\"Written by\" \/>\n\t<meta name=\"twitter:data1\" content=\"Comunicaci\u00f3n\" \/>\n\t<meta name=\"twitter:label2\" content=\"Est. reading time\" \/>\n\t<meta name=\"twitter:data2\" content=\"2 minutes\" \/>\n<script type=\"application\/ld+json\" class=\"yoast-schema-graph\">{\"@context\":\"https:\\\/\\\/schema.org\",\"@graph\":[{\"@type\":\"Article\",\"@id\":\"https:\\\/\\\/fundacioncajaruraldelsur.com\\\/la-fundacion-caja-rural-del-sur-y-la-real-escuela-andaluza-del-arte-ecuestre-continuaran-colaborando-para-promover-la-cultura-del-caballo-andaluz\\\/#article\",\"isPartOf\":{\"@id\":\"https:\\\/\\\/fundacioncajaruraldelsur.com\\\/la-fundacion-caja-rural-del-sur-y-la-real-escuela-andaluza-del-arte-ecuestre-continuaran-colaborando-para-promover-la-cultura-del-caballo-andaluz\\\/\"},\"author\":{\"name\":\"Comunicaci\u00f3n\",\"@id\":\"https:\\\/\\\/fundacioncajaruraldelsur.com\\\/#\\\/schema\\\/person\\\/f430da9fb783d505ff061ad8b3d44577\"},\"headline\":\"La Fundaci\u00f3n Caja Rural del Sur y la Real Escuela Andaluza del Arte Ecuestre continuar\u00e1n colaborando para promover la cultura del caballo andaluz\",\"datePublished\":\"2024-08-13T07:07:20+00:00\",\"dateModified\":\"2024-08-13T17:08:00+00:00\",\"mainEntityOfPage\":{\"@id\":\"https:\\\/\\\/fundacioncajaruraldelsur.com\\\/la-fundacion-caja-rural-del-sur-y-la-real-escuela-andaluza-del-arte-ecuestre-continuaran-colaborando-para-promover-la-cultura-del-caballo-andaluz\\\/\"},\"wordCount\":261,\"image\":{\"@id\":\"https:\\\/\\\/fundacioncajaruraldelsur.com\\\/la-fundacion-caja-rural-del-sur-y-la-real-escuela-andaluza-del-arte-ecuestre-continuaran-colaborando-para-promover-la-cultura-del-caballo-andaluz\\\/#primaryimage\"},\"thumbnailUrl\":\"https:\\\/\\\/fundacioncajaruraldelsur.com\\\/wp-content\\\/uploads\\\/2024\\\/08\\\/Firma-convenio-Rafael-Olvera-y-JL-Garcia-Palacios.jpg\",\"articleSection\":[\"Convenios\"],\"inLanguage\":\"pt-PT\"},{\"@type\":\"WebPage\",\"@id\":\"https:\\\/\\\/fundacioncajaruraldelsur.com\\\/la-fundacion-caja-rural-del-sur-y-la-real-escuela-andaluza-del-arte-ecuestre-continuaran-colaborando-para-promover-la-cultura-del-caballo-andaluz\\\/\",\"url\":\"https:\\\/\\\/fundacioncajaruraldelsur.com\\\/la-fundacion-caja-rural-del-sur-y-la-real-escuela-andaluza-del-arte-ecuestre-continuaran-colaborando-para-promover-la-cultura-del-caballo-andaluz\\\/\",\"name\":\"La Fundaci\u00f3n Caja Rural del Sur y la Real Escuela Andaluza del Arte Ecuestre continuar\u00e1n colaborando para promover la cultura del caballo andaluz - Fundaci\u00f3n Caja Rural del Sur\",\"isPartOf\":{\"@id\":\"https:\\\/\\\/fundacioncajaruraldelsur.com\\\/#website\"},\"primaryImageOfPage\":{\"@id\":\"https:\\\/\\\/fundacioncajaruraldelsur.com\\\/la-fundacion-caja-rural-del-sur-y-la-real-escuela-andaluza-del-arte-ecuestre-continuaran-colaborando-para-promover-la-cultura-del-caballo-andaluz\\\/#primaryimage\"},\"image\":{\"@id\":\"https:\\\/\\\/fundacioncajaruraldelsur.com\\\/la-fundacion-caja-rural-del-sur-y-la-real-escuela-andaluza-del-arte-ecuestre-continuaran-colaborando-para-promover-la-cultura-del-caballo-andaluz\\\/#primaryimage\"},\"thumbnailUrl\":\"https:\\\/\\\/fundacioncajaruraldelsur.com\\\/wp-content\\\/uploads\\\/2024\\\/08\\\/Firma-convenio-Rafael-Olvera-y-JL-Garcia-Palacios.jpg\",\"datePublished\":\"2024-08-13T07:07:20+00:00\",\"dateModified\":\"2024-08-13T17:08:00+00:00\",\"author\":{\"@id\":\"https:\\\/\\\/fundacioncajaruraldelsur.com\\\/#\\\/schema\\\/person\\\/f430da9fb783d505ff061ad8b3d44577\"},\"breadcrumb\":{\"@id\":\"https:\\\/\\\/fundacioncajaruraldelsur.com\\\/la-fundacion-caja-rural-del-sur-y-la-real-escuela-andaluza-del-arte-ecuestre-continuaran-colaborando-para-promover-la-cultura-del-caballo-andaluz\\\/#breadcrumb\"},\"inLanguage\":\"pt-PT\",\"potentialAction\":[{\"@type\":\"ReadAction\",\"target\":[\"https:\\\/\\\/fundacioncajaruraldelsur.com\\\/la-fundacion-caja-rural-del-sur-y-la-real-escuela-andaluza-del-arte-ecuestre-continuaran-colaborando-para-promover-la-cultura-del-caballo-andaluz\\\/\"]}]},{\"@type\":\"ImageObject\",\"inLanguage\":\"pt-PT\",\"@id\":\"https:\\\/\\\/fundacioncajaruraldelsur.com\\\/la-fundacion-caja-rural-del-sur-y-la-real-escuela-andaluza-del-arte-ecuestre-continuaran-colaborando-para-promover-la-cultura-del-caballo-andaluz\\\/#primaryimage\",\"url\":\"https:\\\/\\\/fundacioncajaruraldelsur.com\\\/wp-content\\\/uploads\\\/2024\\\/08\\\/Firma-convenio-Rafael-Olvera-y-JL-Garcia-Palacios.jpg\",\"contentUrl\":\"https:\\\/\\\/fundacioncajaruraldelsur.com\\\/wp-content\\\/uploads\\\/2024\\\/08\\\/Firma-convenio-Rafael-Olvera-y-JL-Garcia-Palacios.jpg\",\"width\":1600,\"height\":1200},{\"@type\":\"BreadcrumbList\",\"@id\":\"https:\\\/\\\/fundacioncajaruraldelsur.com\\\/la-fundacion-caja-rural-del-sur-y-la-real-escuela-andaluza-del-arte-ecuestre-continuaran-colaborando-para-promover-la-cultura-del-caballo-andaluz\\\/#breadcrumb\",\"itemListElement\":[{\"@type\":\"ListItem\",\"position\":1,\"name\":\"Portada\",\"item\":\"https:\\\/\\\/fundacioncajaruraldelsur.com\\\/\"},{\"@type\":\"ListItem\",\"position\":2,\"name\":\"La Fundaci\u00f3n Caja Rural del Sur y la Real Escuela Andaluza del Arte Ecuestre continuar\u00e1n colaborando para promover la cultura del caballo andaluz\"}]},{\"@type\":\"WebSite\",\"@id\":\"https:\\\/\\\/fundacioncajaruraldelsur.com\\\/#website\",\"url\":\"https:\\\/\\\/fundacioncajaruraldelsur.com\\\/\",\"name\":\"Fundaci\u00f3n Caja Rural del Sur\",\"description\":\"\",\"potentialAction\":[{\"@type\":\"SearchAction\",\"target\":{\"@type\":\"EntryPoint\",\"urlTemplate\":\"https:\\\/\\\/fundacioncajaruraldelsur.com\\\/?s={search_term_string}\"},\"query-input\":{\"@type\":\"PropertyValueSpecification\",\"valueRequired\":true,\"valueName\":\"search_term_string\"}}],\"inLanguage\":\"pt-PT\"},{\"@type\":\"Person\",\"@id\":\"https:\\\/\\\/fundacioncajaruraldelsur.com\\\/#\\\/schema\\\/person\\\/f430da9fb783d505ff061ad8b3d44577\",\"name\":\"Comunicaci\u00f3n\",\"image\":{\"@type\":\"ImageObject\",\"inLanguage\":\"pt-PT\",\"@id\":\"https:\\\/\\\/secure.gravatar.com\\\/avatar\\\/0dca239875993680bac4603ad2de7942da018f52cc3a244578e0b3b09314a8d8?s=96&d=blank&r=g\",\"url\":\"https:\\\/\\\/secure.gravatar.com\\\/avatar\\\/0dca239875993680bac4603ad2de7942da018f52cc3a244578e0b3b09314a8d8?s=96&d=blank&r=g\",\"contentUrl\":\"https:\\\/\\\/secure.gravatar.com\\\/avatar\\\/0dca239875993680bac4603ad2de7942da018f52cc3a244578e0b3b09314a8d8?s=96&d=blank&r=g\",\"caption\":\"Comunicaci\u00f3n\"}}]}<\/script>\n<!-- \/ Yoast SEO plugin. -->","yoast_head_json":{"title":"La Fundaci\u00f3n Caja Rural del Sur y la Real Escuela Andaluza del Arte Ecuestre continuar\u00e1n colaborando para promover la cultura del caballo andaluz - Fundaci\u00f3n Caja Rural del Sur","robots":{"index":"index","follow":"follow","max-snippet":"max-snippet:-1","max-image-preview":"max-image-preview:large","max-video-preview":"max-video-preview:-1"},"canonical":"https:\/\/fundacioncajaruraldelsur.com\/pt\/la-fundacion-caja-rural-del-sur-y-la-real-escuela-andaluza-del-arte-ecuestre-continuaran-colaborando-para-promover-la-cultura-del-caballo-andaluz\/","og_locale":"pt_PT","og_type":"article","og_title":"La Fundaci\u00f3n Caja Rural del Sur y la Real Escuela Andaluza del Arte Ecuestre continuar\u00e1n colaborando para promover la cultura del caballo andaluz - Fundaci\u00f3n Caja Rural del Sur","og_description":"La Real Escuela Andaluza del Arte Ecuestre (REAAE), fundaci\u00f3n dependiente de la Consejer\u00eda de Turismo, Cultura y Deporte de la Junta de Andaluc\u00eda, y la Fundaci\u00f3n Caja Rural del Sur, [&hellip;]","og_url":"https:\/\/fundacioncajaruraldelsur.com\/pt\/la-fundacion-caja-rural-del-sur-y-la-real-escuela-andaluza-del-arte-ecuestre-continuaran-colaborando-para-promover-la-cultura-del-caballo-andaluz\/","og_site_name":"Fundaci\u00f3n Caja Rural del Sur","article_published_time":"2024-08-13T07:07:20+00:00","article_modified_time":"2024-08-13T17:08:00+00:00","og_image":[{"width":1600,"height":1200,"url":"https:\/\/fundacioncajaruraldelsur.com\/wp-content\/uploads\/2024\/08\/Firma-convenio-Rafael-Olvera-y-JL-Garcia-Palacios.jpg","type":"image\/jpeg"}],"author":"Comunicaci\u00f3n","twitter_card":"summary_large_image","twitter_misc":{"Written by":"Comunicaci\u00f3n","Est. reading time":"2 minutes"},"schema":{"@context":"https:\/\/schema.org","@graph":[{"@type":"Article","@id":"https:\/\/fundacioncajaruraldelsur.com\/la-fundacion-caja-rural-del-sur-y-la-real-escuela-andaluza-del-arte-ecuestre-continuaran-colaborando-para-promover-la-cultura-del-caballo-andaluz\/#article","isPartOf":{"@id":"https:\/\/fundacioncajaruraldelsur.com\/la-fundacion-caja-rural-del-sur-y-la-real-escuela-andaluza-del-arte-ecuestre-continuaran-colaborando-para-promover-la-cultura-del-caballo-andaluz\/"},"author":{"name":"Comunicaci\u00f3n","@id":"https:\/\/fundacioncajaruraldelsur.com\/#\/schema\/person\/f430da9fb783d505ff061ad8b3d44577"},"headline":"La Fundaci\u00f3n Caja Rural del Sur y la Real Escuela Andaluza del Arte Ecuestre continuar\u00e1n colaborando para promover la cultura del caballo andaluz","datePublished":"2024-08-13T07:07:20+00:00","dateModified":"2024-08-13T17:08:00+00:00","mainEntityOfPage":{"@id":"https:\/\/fundacioncajaruraldelsur.com\/la-fundacion-caja-rural-del-sur-y-la-real-escuela-andaluza-del-arte-ecuestre-continuaran-colaborando-para-promover-la-cultura-del-caballo-andaluz\/"},"wordCount":261,"image":{"@id":"https:\/\/fundacioncajaruraldelsur.com\/la-fundacion-caja-rural-del-sur-y-la-real-escuela-andaluza-del-arte-ecuestre-continuaran-colaborando-para-promover-la-cultura-del-caballo-andaluz\/#primaryimage"},"thumbnailUrl":"https:\/\/fundacioncajaruraldelsur.com\/wp-content\/uploads\/2024\/08\/Firma-convenio-Rafael-Olvera-y-JL-Garcia-Palacios.jpg","articleSection":["Convenios"],"inLanguage":"pt-PT"},{"@type":"WebPage","@id":"https:\/\/fundacioncajaruraldelsur.com\/la-fundacion-caja-rural-del-sur-y-la-real-escuela-andaluza-del-arte-ecuestre-continuaran-colaborando-para-promover-la-cultura-del-caballo-andaluz\/","url":"https:\/\/fundacioncajaruraldelsur.com\/la-fundacion-caja-rural-del-sur-y-la-real-escuela-andaluza-del-arte-ecuestre-continuaran-colaborando-para-promover-la-cultura-del-caballo-andaluz\/","name":"La Fundaci\u00f3n Caja Rural del Sur y la Real Escuela Andaluza del Arte Ecuestre continuar\u00e1n colaborando para promover la cultura del caballo andaluz - Fundaci\u00f3n Caja Rural del Sur","isPartOf":{"@id":"https:\/\/fundacioncajaruraldelsur.com\/#website"},"primaryImageOfPage":{"@id":"https:\/\/fundacioncajaruraldelsur.com\/la-fundacion-caja-rural-del-sur-y-la-real-escuela-andaluza-del-arte-ecuestre-continuaran-colaborando-para-promover-la-cultura-del-caballo-andaluz\/#primaryimage"},"image":{"@id":"https:\/\/fundacioncajaruraldelsur.com\/la-fundacion-caja-rural-del-sur-y-la-real-escuela-andaluza-del-arte-ecuestre-continuaran-colaborando-para-promover-la-cultura-del-caballo-andaluz\/#primaryimage"},"thumbnailUrl":"https:\/\/fundacioncajaruraldelsur.com\/wp-content\/uploads\/2024\/08\/Firma-convenio-Rafael-Olvera-y-JL-Garcia-Palacios.jpg","datePublished":"2024-08-13T07:07:20+00:00","dateModified":"2024-08-13T17:08:00+00:00","author":{"@id":"https:\/\/fundacioncajaruraldelsur.com\/#\/schema\/person\/f430da9fb783d505ff061ad8b3d44577"},"breadcrumb":{"@id":"https:\/\/fundacioncajaruraldelsur.com\/la-fundacion-caja-rural-del-sur-y-la-real-escuela-andaluza-del-arte-ecuestre-continuaran-colaborando-para-promover-la-cultura-del-caballo-andaluz\/#breadcrumb"},"inLanguage":"pt-PT","potentialAction":[{"@type":"ReadAction","target":["https:\/\/fundacioncajaruraldelsur.com\/la-fundacion-caja-rural-del-sur-y-la-real-escuela-andaluza-del-arte-ecuestre-continuaran-colaborando-para-promover-la-cultura-del-caballo-andaluz\/"]}]},{"@type":"ImageObject","inLanguage":"pt-PT","@id":"https:\/\/fundacioncajaruraldelsur.com\/la-fundacion-caja-rural-del-sur-y-la-real-escuela-andaluza-del-arte-ecuestre-continuaran-colaborando-para-promover-la-cultura-del-caballo-andaluz\/#primaryimage","url":"https:\/\/fundacioncajaruraldelsur.com\/wp-content\/uploads\/2024\/08\/Firma-convenio-Rafael-Olvera-y-JL-Garcia-Palacios.jpg","contentUrl":"https:\/\/fundacioncajaruraldelsur.com\/wp-content\/uploads\/2024\/08\/Firma-convenio-Rafael-Olvera-y-JL-Garcia-Palacios.jpg","width":1600,"height":1200},{"@type":"BreadcrumbList","@id":"https:\/\/fundacioncajaruraldelsur.com\/la-fundacion-caja-rural-del-sur-y-la-real-escuela-andaluza-del-arte-ecuestre-continuaran-colaborando-para-promover-la-cultura-del-caballo-andaluz\/#breadcrumb","itemListElement":[{"@type":"ListItem","position":1,"name":"Portada","item":"https:\/\/fundacioncajaruraldelsur.com\/"},{"@type":"ListItem","position":2,"name":"La Fundaci\u00f3n Caja Rural del Sur y la Real Escuela Andaluza del Arte Ecuestre continuar\u00e1n colaborando para promover la cultura del caballo andaluz"}]},{"@type":"WebSite","@id":"https:\/\/fundacioncajaruraldelsur.com\/#website","url":"https:\/\/fundacioncajaruraldelsur.com\/","name":"Funda\u00e7\u00e3o Caja Rural del Sur","description":"","potentialAction":[{"@type":"SearchAction","target":{"@type":"EntryPoint","urlTemplate":"https:\/\/fundacioncajaruraldelsur.com\/?s={search_term_string}"},"query-input":{"@type":"PropertyValueSpecification","valueRequired":true,"valueName":"search_term_string"}}],"inLanguage":"pt-PT"},{"@type":"Person","@id":"https:\/\/fundacioncajaruraldelsur.com\/#\/schema\/person\/f430da9fb783d505ff061ad8b3d44577","name":"Comunicaci\u00f3n","image":{"@type":"ImageObject","inLanguage":"pt-PT","@id":"https:\/\/secure.gravatar.com\/avatar\/0dca239875993680bac4603ad2de7942da018f52cc3a244578e0b3b09314a8d8?s=96&d=blank&r=g","url":"https:\/\/secure.gravatar.com\/avatar\/0dca239875993680bac4603ad2de7942da018f52cc3a244578e0b3b09314a8d8?s=96&d=blank&r=g","contentUrl":"https:\/\/secure.gravatar.com\/avatar\/0dca239875993680bac4603ad2de7942da018f52cc3a244578e0b3b09314a8d8?s=96&d=blank&r=g","caption":"Comunicaci\u00f3n"}}]}},"rttpg_featured_image_url":{"full":["https:\/\/fundacioncajaruraldelsur.com\/wp-content\/uploads\/2024\/08\/Firma-convenio-Rafael-Olvera-y-JL-Garcia-Palacios.jpg",1600,1200,false],"landscape":["https:\/\/fundacioncajaruraldelsur.com\/wp-content\/uploads\/2024\/08\/Firma-convenio-Rafael-Olvera-y-JL-Garcia-Palacios.jpg",1600,1200,false],"portraits":["https:\/\/fundacioncajaruraldelsur.com\/wp-content\/uploads\/2024\/08\/Firma-convenio-Rafael-Olvera-y-JL-Garcia-Palacios.jpg",1600,1200,false],"thumbnail":["https:\/\/fundacioncajaruraldelsur.com\/wp-content\/uploads\/2024\/08\/Firma-convenio-Rafael-Olvera-y-JL-Garcia-Palacios-150x150.jpg",150,150,true],"medium":["https:\/\/fundacioncajaruraldelsur.com\/wp-content\/uploads\/2024\/08\/Firma-convenio-Rafael-Olvera-y-JL-Garcia-Palacios-300x225.jpg",300,225,true],"large":["https:\/\/fundacioncajaruraldelsur.com\/wp-content\/uploads\/2024\/08\/Firma-convenio-Rafael-Olvera-y-JL-Garcia-Palacios-1024x768.jpg",960,720,true],"1536x1536":["https:\/\/fundacioncajaruraldelsur.com\/wp-content\/uploads\/2024\/08\/Firma-convenio-Rafael-Olvera-y-JL-Garcia-Palacios-1536x1152.jpg",1536,1152,true],"2048x2048":["https:\/\/fundacioncajaruraldelsur.com\/wp-content\/uploads\/2024\/08\/Firma-convenio-Rafael-Olvera-y-JL-Garcia-Palacios.jpg",1600,1200,false],"trp-custom-language-flag":["https:\/\/fundacioncajaruraldelsur.com\/wp-content\/uploads\/2024\/08\/Firma-convenio-Rafael-Olvera-y-JL-Garcia-Palacios.jpg",16,12,false],"blog-thumbnail":["https:\/\/fundacioncajaruraldelsur.com\/wp-content\/uploads\/2024\/08\/Firma-convenio-Rafael-Olvera-y-JL-Garcia-Palacios-400x200.jpg",400,200,true]},"rttpg_author":{"display_name":"Comunicaci\u00f3n","author_link":"https:\/\/fundacioncajaruraldelsur.com\/pt\/author\/sevillaadmin\/"},"rttpg_comment":0,"rttpg_category":"<a href=\"https:\/\/fundacioncajaruraldelsur.com\/pt\/category\/convenios\/\" rel=\"category tag\">Convenios<\/a>","rttpg_excerpt":"La Real Escuela Andaluza del Arte Ecuestre (REAAE), fundaci\u00f3n dependiente de la Consejer\u00eda de Turismo, Cultura y Deporte de la Junta de Andaluc\u00eda, y la Fundaci\u00f3n Caja Rural del Sur, [&hellip;]","_links":{"self":[{"href":"https:\/\/fundacioncajaruraldelsur.com\/pt\/wp-json\/wp\/v2\/posts\/10302","targetHints":{"allow":["GET"]}}],"collection":[{"href":"https:\/\/fundacioncajaruraldelsur.com\/pt\/wp-json\/wp\/v2\/posts"}],"about":[{"href":"https:\/\/fundacioncajaruraldelsur.com\/pt\/wp-json\/wp\/v2\/types\/post"}],"author":[{"embeddable":true,"href":"https:\/\/fundacioncajaruraldelsur.com\/pt\/wp-json\/wp\/v2\/users\/6"}],"replies":[{"embeddable":true,"href":"https:\/\/fundacioncajaruraldelsur.com\/pt\/wp-json\/wp\/v2\/comments?post=10302"}],"version-history":[{"count":1,"href":"https:\/\/fundacioncajaruraldelsur.com\/pt\/wp-json\/wp\/v2\/posts\/10302\/revisions"}],"predecessor-version":[{"id":10303,"href":"https:\/\/fundacioncajaruraldelsur.com\/pt\/wp-json\/wp\/v2\/posts\/10302\/revisions\/10303"}],"wp:featuredmedia":[{"embeddable":true,"href":"https:\/\/fundacioncajaruraldelsur.com\/pt\/wp-json\/wp\/v2\/media\/10295"}],"wp:attachment":[{"href":"https:\/\/fundacioncajaruraldelsur.com\/pt\/wp-json\/wp\/v2\/media?parent=10302"}],"wp:term":[{"taxonomy":"category","embeddable":true,"href":"https:\/\/fundacioncajaruraldelsur.com\/pt\/wp-json\/wp\/v2\/categories?post=10302"},{"taxonomy":"post_tag","embeddable":true,"href":"https:\/\/fundacioncajaruraldelsur.com\/pt\/wp-json\/wp\/v2\/tags?post=10302"}],"curies":[{"name":"wp","href":"https:\/\/api.w.org\/{rel}","templated":true}]}}