{"id":10288,"date":"2024-08-01T15:11:24","date_gmt":"2024-08-01T14:11:24","guid":{"rendered":"\/?p=10288"},"modified":"2024-08-02T16:02:55","modified_gmt":"2024-08-02T15:02:55","slug":"fundacion-caja-rural-del-sur-se-convierte-en-patrocinador-principal-de-los-actos-del-25-aniversario-de-la-cr-palos","status":"publish","type":"post","link":"https:\/\/fundacioncajaruraldelsur.com\/pt\/fundacion-caja-rural-del-sur-se-convierte-en-patrocinador-principal-de-los-actos-del-25-aniversario-de-la-cr-palos\/","title":{"rendered":"Fundaci\u00f3n Caja Rural del Sur se convierte en patrocinador principal de los actos del 25 aniversario de la CR Palos"},"content":{"rendered":"<p>El presidente de la Fundaci\u00f3n Caja Rural del Sur, Jos\u00e9 Luis Garc\u00eda-Palacios y el presidente de la Comunidad de Regantes Palos de la Frontera, D\u00e1maso Cerezo, han rubricado este jueves el convenio mediante el cual la fundaci\u00f3n se convierte en el patrocinador principal de los actos de celebraci\u00f3n del 25 Aniversario de la entidad de riego que se celebrar\u00e1n a partir del mes de septiembre.<\/p>\n<p>En el acto de firma, tambi\u00e9n han estado presentes el director de la Fundaci\u00f3n Caja Rural del Sur, Emilio Ponce y el secretario gerente de la CR Palos, Fernando S\u00e1nchez para ser testigos de un acuerdo que garantiza la viabilidad econ\u00f3mica de las numerosas actividades que tiene planeadas la entidad de riego para los pr\u00f3ximos meses.<\/p>\n<p>Cerezo, ha agradecido la atenci\u00f3n de la Fundaci\u00f3n Caja Rural del Sur para poder llevar a cabo estas actividades que son \u201cmuy importantes para nosotros ya que queremos celebrar la importancia de una entidad que en muy poco tiempo ha marcado grandes hitos en la historia de la agricultura onubense y especialmente en el sector de los frutos rojos\u201d.<\/p>\n<p>Adem\u00e1s, Cerezo ha destacado que, repasando los 25 a\u00f1os de historia de la entidad, \u201cson muchas las veces en las que el nombre de Caja Rural del Sur aparece\u201d, lo que da a entender el \u201ccompromiso continuo que tanto la entidad bancaria como su Fundaci\u00f3n, han tenido siempre con el mundo de la agricultura y el regad\u00edo, participando siempre de los principales hitos y actividades que se han ido logrando a lo largo del tiempo y que han supuesto un impulso evidente a este sector econ\u00f3mico\u201d.<\/p>\n<p>As\u00ed, Caja Rural del Sur ha estado implicada desde el nacimiento mismo de la entidad \u201cfavoreciendo con su financiaci\u00f3n las numerosas obras de modernizaci\u00f3n que dieron lugar al nacimiento de la entidad y que han hecho posible que las berries de Huelva sean conocidas en todo el mundo\u201d.<\/p>\n<p><strong>Programa de actividades<\/strong><\/p>\n<p>Las actividades conmemorativas se empezar\u00e1n a desarrollar en septiembre, fecha en la que se cumplen los 25 a\u00f1os de la constituci\u00f3n de la Comunidad de Regantes Palos de la Frontera y tendr\u00e1 como punto de partida una convivencia entre los socios, entidades y empresas colaboradoras que durante este cuarto de siglo han contribuido al fortalecimiento de la CR Palos, un encuentro para el que se esperan unas 1.200 personas. Adem\u00e1s, se llevar\u00e1 a cabo una serie de reconocimientos a personas y entidades de especial relevancia para la comunidad de regantes durante este periodo de tiempo.<\/p>\n<p>Del mismo modo, el programa de actividades incluye exposiciones (una de fotograf\u00edas y otra de paneles explicativos con la historia de la comunidad), la realizaci\u00f3n de rutas del agua para dar a conocer a los socios el camino que lleva a cabo el l\u00edquido elemento en el sistema Tinto-Odiel-Piedras, un libro que recoja la historia de la comunidad y un acto con mujeres para poner en valor el trabajo de la mujer rural en el entorno y su influencia en la entidad de riego.<\/p>\n<p>Tambi\u00e9n se llevar\u00e1n a cabo una serie de jornadas t\u00e9cnicas que pongan de relieve la actual problem\u00e1tica de la sequ\u00eda y la falta de infraestructuras como eje fundamental.<\/p>\n<p>Adem\u00e1s, el programa queda abierto a otras iniciativas que esperan llevar a cabo en los pr\u00f3ximos meses y para lo cual se est\u00e1 buscando el apoyo de empresas e instituciones.<\/p>\n<p><a href=\"\/wp-content\/uploads\/2024\/08\/240801.-Los-dos-presidentes-tras-el-acuerdo-firmado.jpg\" rel=\"lightbox-0\"><img loading=\"lazy\" decoding=\"async\" class=\"alignnone wp-image-10289 size-full\" src=\"\/wp-content\/uploads\/2024\/08\/240801.-Los-dos-presidentes-tras-el-acuerdo-firmado.jpg\" alt=\"\" width=\"2048\" height=\"1536\" srcset=\"https:\/\/fundacioncajaruraldelsur.com\/wp-content\/uploads\/2024\/08\/240801.-Los-dos-presidentes-tras-el-acuerdo-firmado.jpg 2048w, https:\/\/fundacioncajaruraldelsur.com\/wp-content\/uploads\/2024\/08\/240801.-Los-dos-presidentes-tras-el-acuerdo-firmado-300x225.jpg 300w, https:\/\/fundacioncajaruraldelsur.com\/wp-content\/uploads\/2024\/08\/240801.-Los-dos-presidentes-tras-el-acuerdo-firmado-1024x768.jpg 1024w, https:\/\/fundacioncajaruraldelsur.com\/wp-content\/uploads\/2024\/08\/240801.-Los-dos-presidentes-tras-el-acuerdo-firmado-768x576.jpg 768w, https:\/\/fundacioncajaruraldelsur.com\/wp-content\/uploads\/2024\/08\/240801.-Los-dos-presidentes-tras-el-acuerdo-firmado-1536x1152.jpg 1536w\" sizes=\"auto, (max-width: 2048px) 100vw, 2048px\" \/><\/a><\/p>","protected":false},"excerpt":{"rendered":"<p>El presidente de la Fundaci\u00f3n Caja Rural del Sur, Jos\u00e9 Luis Garc\u00eda-Palacios y el presidente de la Comunidad de Regantes Palos de la Frontera, D\u00e1maso Cerezo, han rubricado este jueves [&hellip;]<\/p>\n","protected":false},"author":6,"featured_media":10290,"comment_status":"closed","ping_status":"closed","sticky":false,"template":"","format":"standard","meta":{"footnotes":""},"categories":[67],"tags":[],"class_list":["post-10288","post","type-post","status-publish","format-standard","has-post-thumbnail","hentry","category-convenios"],"yoast_head":"<!-- This site is optimized with the Yoast SEO plugin v27.3 - https:\/\/yoast.com\/product\/yoast-seo-wordpress\/ -->\n<title>Fundaci\u00f3n Caja Rural del Sur se convierte en patrocinador principal de los actos del 25 aniversario de la CR Palos - Fundaci\u00f3n Caja Rural del Sur<\/title>\n<meta name=\"robots\" content=\"index, follow, max-snippet:-1, max-image-preview:large, max-video-preview:-1\" \/>\n<link rel=\"canonical\" href=\"https:\/\/fundacioncajaruraldelsur.com\/pt\/fundacion-caja-rural-del-sur-se-convierte-en-patrocinador-principal-de-los-actos-del-25-aniversario-de-la-cr-palos\/\" \/>\n<meta property=\"og:locale\" content=\"pt_PT\" \/>\n<meta property=\"og:type\" content=\"article\" \/>\n<meta property=\"og:title\" content=\"Fundaci\u00f3n Caja Rural del Sur se convierte en patrocinador principal de los actos del 25 aniversario de la CR Palos - Fundaci\u00f3n Caja Rural del Sur\" \/>\n<meta property=\"og:description\" content=\"El presidente de la Fundaci\u00f3n Caja Rural del Sur, Jos\u00e9 Luis Garc\u00eda-Palacios y el presidente de la Comunidad de Regantes Palos de la Frontera, D\u00e1maso Cerezo, han rubricado este jueves [&hellip;]\" \/>\n<meta property=\"og:url\" content=\"https:\/\/fundacioncajaruraldelsur.com\/pt\/fundacion-caja-rural-del-sur-se-convierte-en-patrocinador-principal-de-los-actos-del-25-aniversario-de-la-cr-palos\/\" \/>\n<meta property=\"og:site_name\" content=\"Fundaci\u00f3n Caja Rural del Sur\" \/>\n<meta property=\"article:published_time\" content=\"2024-08-01T14:11:24+00:00\" \/>\n<meta property=\"article:modified_time\" content=\"2024-08-02T15:02:55+00:00\" \/>\n<meta property=\"og:image\" content=\"https:\/\/fundacioncajaruraldelsur.com\/wp-content\/uploads\/2024\/08\/240801.-Firma-del-acuerdo.jpg\" \/>\n\t<meta property=\"og:image:width\" content=\"2048\" \/>\n\t<meta property=\"og:image:height\" content=\"1536\" \/>\n\t<meta property=\"og:image:type\" content=\"image\/jpeg\" \/>\n<meta name=\"author\" content=\"Comunicaci\u00f3n\" \/>\n<meta name=\"twitter:card\" content=\"summary_large_image\" \/>\n<meta name=\"twitter:label1\" content=\"Written by\" \/>\n\t<meta name=\"twitter:data1\" content=\"Comunicaci\u00f3n\" \/>\n\t<meta name=\"twitter:label2\" content=\"Est. reading time\" \/>\n\t<meta name=\"twitter:data2\" content=\"3 minutes\" \/>\n<script type=\"application\/ld+json\" class=\"yoast-schema-graph\">{\"@context\":\"https:\\\/\\\/schema.org\",\"@graph\":[{\"@type\":\"Article\",\"@id\":\"https:\\\/\\\/fundacioncajaruraldelsur.com\\\/fundacion-caja-rural-del-sur-se-convierte-en-patrocinador-principal-de-los-actos-del-25-aniversario-de-la-cr-palos\\\/#article\",\"isPartOf\":{\"@id\":\"https:\\\/\\\/fundacioncajaruraldelsur.com\\\/fundacion-caja-rural-del-sur-se-convierte-en-patrocinador-principal-de-los-actos-del-25-aniversario-de-la-cr-palos\\\/\"},\"author\":{\"name\":\"Comunicaci\u00f3n\",\"@id\":\"https:\\\/\\\/fundacioncajaruraldelsur.com\\\/#\\\/schema\\\/person\\\/f430da9fb783d505ff061ad8b3d44577\"},\"headline\":\"Fundaci\u00f3n Caja Rural del Sur se convierte en patrocinador principal de los actos del 25 aniversario de la CR Palos\",\"datePublished\":\"2024-08-01T14:11:24+00:00\",\"dateModified\":\"2024-08-02T15:02:55+00:00\",\"mainEntityOfPage\":{\"@id\":\"https:\\\/\\\/fundacioncajaruraldelsur.com\\\/fundacion-caja-rural-del-sur-se-convierte-en-patrocinador-principal-de-los-actos-del-25-aniversario-de-la-cr-palos\\\/\"},\"wordCount\":604,\"image\":{\"@id\":\"https:\\\/\\\/fundacioncajaruraldelsur.com\\\/fundacion-caja-rural-del-sur-se-convierte-en-patrocinador-principal-de-los-actos-del-25-aniversario-de-la-cr-palos\\\/#primaryimage\"},\"thumbnailUrl\":\"https:\\\/\\\/fundacioncajaruraldelsur.com\\\/wp-content\\\/uploads\\\/2024\\\/08\\\/240801.-Firma-del-acuerdo.jpg\",\"articleSection\":[\"Convenios\"],\"inLanguage\":\"pt-PT\"},{\"@type\":\"WebPage\",\"@id\":\"https:\\\/\\\/fundacioncajaruraldelsur.com\\\/fundacion-caja-rural-del-sur-se-convierte-en-patrocinador-principal-de-los-actos-del-25-aniversario-de-la-cr-palos\\\/\",\"url\":\"https:\\\/\\\/fundacioncajaruraldelsur.com\\\/fundacion-caja-rural-del-sur-se-convierte-en-patrocinador-principal-de-los-actos-del-25-aniversario-de-la-cr-palos\\\/\",\"name\":\"Fundaci\u00f3n Caja Rural del Sur se convierte en patrocinador principal de los actos del 25 aniversario de la CR Palos - Fundaci\u00f3n Caja Rural del Sur\",\"isPartOf\":{\"@id\":\"https:\\\/\\\/fundacioncajaruraldelsur.com\\\/#website\"},\"primaryImageOfPage\":{\"@id\":\"https:\\\/\\\/fundacioncajaruraldelsur.com\\\/fundacion-caja-rural-del-sur-se-convierte-en-patrocinador-principal-de-los-actos-del-25-aniversario-de-la-cr-palos\\\/#primaryimage\"},\"image\":{\"@id\":\"https:\\\/\\\/fundacioncajaruraldelsur.com\\\/fundacion-caja-rural-del-sur-se-convierte-en-patrocinador-principal-de-los-actos-del-25-aniversario-de-la-cr-palos\\\/#primaryimage\"},\"thumbnailUrl\":\"https:\\\/\\\/fundacioncajaruraldelsur.com\\\/wp-content\\\/uploads\\\/2024\\\/08\\\/240801.-Firma-del-acuerdo.jpg\",\"datePublished\":\"2024-08-01T14:11:24+00:00\",\"dateModified\":\"2024-08-02T15:02:55+00:00\",\"author\":{\"@id\":\"https:\\\/\\\/fundacioncajaruraldelsur.com\\\/#\\\/schema\\\/person\\\/f430da9fb783d505ff061ad8b3d44577\"},\"breadcrumb\":{\"@id\":\"https:\\\/\\\/fundacioncajaruraldelsur.com\\\/fundacion-caja-rural-del-sur-se-convierte-en-patrocinador-principal-de-los-actos-del-25-aniversario-de-la-cr-palos\\\/#breadcrumb\"},\"inLanguage\":\"pt-PT\",\"potentialAction\":[{\"@type\":\"ReadAction\",\"target\":[\"https:\\\/\\\/fundacioncajaruraldelsur.com\\\/fundacion-caja-rural-del-sur-se-convierte-en-patrocinador-principal-de-los-actos-del-25-aniversario-de-la-cr-palos\\\/\"]}]},{\"@type\":\"ImageObject\",\"inLanguage\":\"pt-PT\",\"@id\":\"https:\\\/\\\/fundacioncajaruraldelsur.com\\\/fundacion-caja-rural-del-sur-se-convierte-en-patrocinador-principal-de-los-actos-del-25-aniversario-de-la-cr-palos\\\/#primaryimage\",\"url\":\"https:\\\/\\\/fundacioncajaruraldelsur.com\\\/wp-content\\\/uploads\\\/2024\\\/08\\\/240801.-Firma-del-acuerdo.jpg\",\"contentUrl\":\"https:\\\/\\\/fundacioncajaruraldelsur.com\\\/wp-content\\\/uploads\\\/2024\\\/08\\\/240801.-Firma-del-acuerdo.jpg\",\"width\":2048,\"height\":1536},{\"@type\":\"BreadcrumbList\",\"@id\":\"https:\\\/\\\/fundacioncajaruraldelsur.com\\\/fundacion-caja-rural-del-sur-se-convierte-en-patrocinador-principal-de-los-actos-del-25-aniversario-de-la-cr-palos\\\/#breadcrumb\",\"itemListElement\":[{\"@type\":\"ListItem\",\"position\":1,\"name\":\"Portada\",\"item\":\"https:\\\/\\\/fundacioncajaruraldelsur.com\\\/\"},{\"@type\":\"ListItem\",\"position\":2,\"name\":\"Fundaci\u00f3n Caja Rural del Sur se convierte en patrocinador principal de los actos del 25 aniversario de la CR Palos\"}]},{\"@type\":\"WebSite\",\"@id\":\"https:\\\/\\\/fundacioncajaruraldelsur.com\\\/#website\",\"url\":\"https:\\\/\\\/fundacioncajaruraldelsur.com\\\/\",\"name\":\"Fundaci\u00f3n Caja Rural del Sur\",\"description\":\"\",\"potentialAction\":[{\"@type\":\"SearchAction\",\"target\":{\"@type\":\"EntryPoint\",\"urlTemplate\":\"https:\\\/\\\/fundacioncajaruraldelsur.com\\\/?s={search_term_string}\"},\"query-input\":{\"@type\":\"PropertyValueSpecification\",\"valueRequired\":true,\"valueName\":\"search_term_string\"}}],\"inLanguage\":\"pt-PT\"},{\"@type\":\"Person\",\"@id\":\"https:\\\/\\\/fundacioncajaruraldelsur.com\\\/#\\\/schema\\\/person\\\/f430da9fb783d505ff061ad8b3d44577\",\"name\":\"Comunicaci\u00f3n\",\"image\":{\"@type\":\"ImageObject\",\"inLanguage\":\"pt-PT\",\"@id\":\"https:\\\/\\\/secure.gravatar.com\\\/avatar\\\/0dca239875993680bac4603ad2de7942da018f52cc3a244578e0b3b09314a8d8?s=96&d=blank&r=g\",\"url\":\"https:\\\/\\\/secure.gravatar.com\\\/avatar\\\/0dca239875993680bac4603ad2de7942da018f52cc3a244578e0b3b09314a8d8?s=96&d=blank&r=g\",\"contentUrl\":\"https:\\\/\\\/secure.gravatar.com\\\/avatar\\\/0dca239875993680bac4603ad2de7942da018f52cc3a244578e0b3b09314a8d8?s=96&d=blank&r=g\",\"caption\":\"Comunicaci\u00f3n\"}}]}<\/script>\n<!-- \/ Yoast SEO plugin. -->","yoast_head_json":{"title":"Fundaci\u00f3n Caja Rural del Sur se convierte en patrocinador principal de los actos del 25 aniversario de la CR Palos - Fundaci\u00f3n Caja Rural del Sur","robots":{"index":"index","follow":"follow","max-snippet":"max-snippet:-1","max-image-preview":"max-image-preview:large","max-video-preview":"max-video-preview:-1"},"canonical":"https:\/\/fundacioncajaruraldelsur.com\/pt\/fundacion-caja-rural-del-sur-se-convierte-en-patrocinador-principal-de-los-actos-del-25-aniversario-de-la-cr-palos\/","og_locale":"pt_PT","og_type":"article","og_title":"Fundaci\u00f3n Caja Rural del Sur se convierte en patrocinador principal de los actos del 25 aniversario de la CR Palos - Fundaci\u00f3n Caja Rural del Sur","og_description":"El presidente de la Fundaci\u00f3n Caja Rural del Sur, Jos\u00e9 Luis Garc\u00eda-Palacios y el presidente de la Comunidad de Regantes Palos de la Frontera, D\u00e1maso Cerezo, han rubricado este jueves [&hellip;]","og_url":"https:\/\/fundacioncajaruraldelsur.com\/pt\/fundacion-caja-rural-del-sur-se-convierte-en-patrocinador-principal-de-los-actos-del-25-aniversario-de-la-cr-palos\/","og_site_name":"Fundaci\u00f3n Caja Rural del Sur","article_published_time":"2024-08-01T14:11:24+00:00","article_modified_time":"2024-08-02T15:02:55+00:00","og_image":[{"width":2048,"height":1536,"url":"https:\/\/fundacioncajaruraldelsur.com\/wp-content\/uploads\/2024\/08\/240801.-Firma-del-acuerdo.jpg","type":"image\/jpeg"}],"author":"Comunicaci\u00f3n","twitter_card":"summary_large_image","twitter_misc":{"Written by":"Comunicaci\u00f3n","Est. reading time":"3 minutes"},"schema":{"@context":"https:\/\/schema.org","@graph":[{"@type":"Article","@id":"https:\/\/fundacioncajaruraldelsur.com\/fundacion-caja-rural-del-sur-se-convierte-en-patrocinador-principal-de-los-actos-del-25-aniversario-de-la-cr-palos\/#article","isPartOf":{"@id":"https:\/\/fundacioncajaruraldelsur.com\/fundacion-caja-rural-del-sur-se-convierte-en-patrocinador-principal-de-los-actos-del-25-aniversario-de-la-cr-palos\/"},"author":{"name":"Comunicaci\u00f3n","@id":"https:\/\/fundacioncajaruraldelsur.com\/#\/schema\/person\/f430da9fb783d505ff061ad8b3d44577"},"headline":"Fundaci\u00f3n Caja Rural del Sur se convierte en patrocinador principal de los actos del 25 aniversario de la CR Palos","datePublished":"2024-08-01T14:11:24+00:00","dateModified":"2024-08-02T15:02:55+00:00","mainEntityOfPage":{"@id":"https:\/\/fundacioncajaruraldelsur.com\/fundacion-caja-rural-del-sur-se-convierte-en-patrocinador-principal-de-los-actos-del-25-aniversario-de-la-cr-palos\/"},"wordCount":604,"image":{"@id":"https:\/\/fundacioncajaruraldelsur.com\/fundacion-caja-rural-del-sur-se-convierte-en-patrocinador-principal-de-los-actos-del-25-aniversario-de-la-cr-palos\/#primaryimage"},"thumbnailUrl":"https:\/\/fundacioncajaruraldelsur.com\/wp-content\/uploads\/2024\/08\/240801.-Firma-del-acuerdo.jpg","articleSection":["Convenios"],"inLanguage":"pt-PT"},{"@type":"WebPage","@id":"https:\/\/fundacioncajaruraldelsur.com\/fundacion-caja-rural-del-sur-se-convierte-en-patrocinador-principal-de-los-actos-del-25-aniversario-de-la-cr-palos\/","url":"https:\/\/fundacioncajaruraldelsur.com\/fundacion-caja-rural-del-sur-se-convierte-en-patrocinador-principal-de-los-actos-del-25-aniversario-de-la-cr-palos\/","name":"Fundaci\u00f3n Caja Rural del Sur se convierte en patrocinador principal de los actos del 25 aniversario de la CR Palos - Fundaci\u00f3n Caja Rural del Sur","isPartOf":{"@id":"https:\/\/fundacioncajaruraldelsur.com\/#website"},"primaryImageOfPage":{"@id":"https:\/\/fundacioncajaruraldelsur.com\/fundacion-caja-rural-del-sur-se-convierte-en-patrocinador-principal-de-los-actos-del-25-aniversario-de-la-cr-palos\/#primaryimage"},"image":{"@id":"https:\/\/fundacioncajaruraldelsur.com\/fundacion-caja-rural-del-sur-se-convierte-en-patrocinador-principal-de-los-actos-del-25-aniversario-de-la-cr-palos\/#primaryimage"},"thumbnailUrl":"https:\/\/fundacioncajaruraldelsur.com\/wp-content\/uploads\/2024\/08\/240801.-Firma-del-acuerdo.jpg","datePublished":"2024-08-01T14:11:24+00:00","dateModified":"2024-08-02T15:02:55+00:00","author":{"@id":"https:\/\/fundacioncajaruraldelsur.com\/#\/schema\/person\/f430da9fb783d505ff061ad8b3d44577"},"breadcrumb":{"@id":"https:\/\/fundacioncajaruraldelsur.com\/fundacion-caja-rural-del-sur-se-convierte-en-patrocinador-principal-de-los-actos-del-25-aniversario-de-la-cr-palos\/#breadcrumb"},"inLanguage":"pt-PT","potentialAction":[{"@type":"ReadAction","target":["https:\/\/fundacioncajaruraldelsur.com\/fundacion-caja-rural-del-sur-se-convierte-en-patrocinador-principal-de-los-actos-del-25-aniversario-de-la-cr-palos\/"]}]},{"@type":"ImageObject","inLanguage":"pt-PT","@id":"https:\/\/fundacioncajaruraldelsur.com\/fundacion-caja-rural-del-sur-se-convierte-en-patrocinador-principal-de-los-actos-del-25-aniversario-de-la-cr-palos\/#primaryimage","url":"https:\/\/fundacioncajaruraldelsur.com\/wp-content\/uploads\/2024\/08\/240801.-Firma-del-acuerdo.jpg","contentUrl":"https:\/\/fundacioncajaruraldelsur.com\/wp-content\/uploads\/2024\/08\/240801.-Firma-del-acuerdo.jpg","width":2048,"height":1536},{"@type":"BreadcrumbList","@id":"https:\/\/fundacioncajaruraldelsur.com\/fundacion-caja-rural-del-sur-se-convierte-en-patrocinador-principal-de-los-actos-del-25-aniversario-de-la-cr-palos\/#breadcrumb","itemListElement":[{"@type":"ListItem","position":1,"name":"Portada","item":"https:\/\/fundacioncajaruraldelsur.com\/"},{"@type":"ListItem","position":2,"name":"Fundaci\u00f3n Caja Rural del Sur se convierte en patrocinador principal de los actos del 25 aniversario de la CR Palos"}]},{"@type":"WebSite","@id":"https:\/\/fundacioncajaruraldelsur.com\/#website","url":"https:\/\/fundacioncajaruraldelsur.com\/","name":"Funda\u00e7\u00e3o Caja Rural del Sur","description":"","potentialAction":[{"@type":"SearchAction","target":{"@type":"EntryPoint","urlTemplate":"https:\/\/fundacioncajaruraldelsur.com\/?s={search_term_string}"},"query-input":{"@type":"PropertyValueSpecification","valueRequired":true,"valueName":"search_term_string"}}],"inLanguage":"pt-PT"},{"@type":"Person","@id":"https:\/\/fundacioncajaruraldelsur.com\/#\/schema\/person\/f430da9fb783d505ff061ad8b3d44577","name":"Comunicaci\u00f3n","image":{"@type":"ImageObject","inLanguage":"pt-PT","@id":"https:\/\/secure.gravatar.com\/avatar\/0dca239875993680bac4603ad2de7942da018f52cc3a244578e0b3b09314a8d8?s=96&d=blank&r=g","url":"https:\/\/secure.gravatar.com\/avatar\/0dca239875993680bac4603ad2de7942da018f52cc3a244578e0b3b09314a8d8?s=96&d=blank&r=g","contentUrl":"https:\/\/secure.gravatar.com\/avatar\/0dca239875993680bac4603ad2de7942da018f52cc3a244578e0b3b09314a8d8?s=96&d=blank&r=g","caption":"Comunicaci\u00f3n"}}]}},"rttpg_featured_image_url":{"full":["https:\/\/fundacioncajaruraldelsur.com\/wp-content\/uploads\/2024\/08\/240801.-Firma-del-acuerdo.jpg",2048,1536,false],"landscape":["https:\/\/fundacioncajaruraldelsur.com\/wp-content\/uploads\/2024\/08\/240801.-Firma-del-acuerdo.jpg",2048,1536,false],"portraits":["https:\/\/fundacioncajaruraldelsur.com\/wp-content\/uploads\/2024\/08\/240801.-Firma-del-acuerdo.jpg",2048,1536,false],"thumbnail":["https:\/\/fundacioncajaruraldelsur.com\/wp-content\/uploads\/2024\/08\/240801.-Firma-del-acuerdo-150x150.jpg",150,150,true],"medium":["https:\/\/fundacioncajaruraldelsur.com\/wp-content\/uploads\/2024\/08\/240801.-Firma-del-acuerdo-300x225.jpg",300,225,true],"large":["https:\/\/fundacioncajaruraldelsur.com\/wp-content\/uploads\/2024\/08\/240801.-Firma-del-acuerdo-1024x768.jpg",960,720,true],"1536x1536":["https:\/\/fundacioncajaruraldelsur.com\/wp-content\/uploads\/2024\/08\/240801.-Firma-del-acuerdo-1536x1152.jpg",1536,1152,true],"2048x2048":["https:\/\/fundacioncajaruraldelsur.com\/wp-content\/uploads\/2024\/08\/240801.-Firma-del-acuerdo.jpg",2048,1536,false],"trp-custom-language-flag":["https:\/\/fundacioncajaruraldelsur.com\/wp-content\/uploads\/2024\/08\/240801.-Firma-del-acuerdo.jpg",16,12,false],"blog-thumbnail":["https:\/\/fundacioncajaruraldelsur.com\/wp-content\/uploads\/2024\/08\/240801.-Firma-del-acuerdo-400x200.jpg",400,200,true]},"rttpg_author":{"display_name":"Comunicaci\u00f3n","author_link":"https:\/\/fundacioncajaruraldelsur.com\/pt\/author\/sevillaadmin\/"},"rttpg_comment":0,"rttpg_category":"<a href=\"https:\/\/fundacioncajaruraldelsur.com\/pt\/category\/convenios\/\" rel=\"category tag\">Convenios<\/a>","rttpg_excerpt":"El presidente de la Fundaci\u00f3n Caja Rural del Sur, Jos\u00e9 Luis Garc\u00eda-Palacios y el presidente de la Comunidad de Regantes Palos de la Frontera, D\u00e1maso Cerezo, han rubricado este jueves [&hellip;]","_links":{"self":[{"href":"https:\/\/fundacioncajaruraldelsur.com\/pt\/wp-json\/wp\/v2\/posts\/10288","targetHints":{"allow":["GET"]}}],"collection":[{"href":"https:\/\/fundacioncajaruraldelsur.com\/pt\/wp-json\/wp\/v2\/posts"}],"about":[{"href":"https:\/\/fundacioncajaruraldelsur.com\/pt\/wp-json\/wp\/v2\/types\/post"}],"author":[{"embeddable":true,"href":"https:\/\/fundacioncajaruraldelsur.com\/pt\/wp-json\/wp\/v2\/users\/6"}],"replies":[{"embeddable":true,"href":"https:\/\/fundacioncajaruraldelsur.com\/pt\/wp-json\/wp\/v2\/comments?post=10288"}],"version-history":[{"count":1,"href":"https:\/\/fundacioncajaruraldelsur.com\/pt\/wp-json\/wp\/v2\/posts\/10288\/revisions"}],"predecessor-version":[{"id":10291,"href":"https:\/\/fundacioncajaruraldelsur.com\/pt\/wp-json\/wp\/v2\/posts\/10288\/revisions\/10291"}],"wp:featuredmedia":[{"embeddable":true,"href":"https:\/\/fundacioncajaruraldelsur.com\/pt\/wp-json\/wp\/v2\/media\/10290"}],"wp:attachment":[{"href":"https:\/\/fundacioncajaruraldelsur.com\/pt\/wp-json\/wp\/v2\/media?parent=10288"}],"wp:term":[{"taxonomy":"category","embeddable":true,"href":"https:\/\/fundacioncajaruraldelsur.com\/pt\/wp-json\/wp\/v2\/categories?post=10288"},{"taxonomy":"post_tag","embeddable":true,"href":"https:\/\/fundacioncajaruraldelsur.com\/pt\/wp-json\/wp\/v2\/tags?post=10288"}],"curies":[{"name":"wp","href":"https:\/\/api.w.org\/{rel}","templated":true}]}}