{"id":10279,"date":"2024-07-26T08:18:55","date_gmt":"2024-07-26T07:18:55","guid":{"rendered":"\/?p=10279"},"modified":"2024-07-26T08:19:33","modified_gmt":"2024-07-26T07:19:33","slug":"la-fundacion-caja-rural-del-sur-nuevo-accionista-del-proyecto-de-construccion-del-aeropuerto-de-huelva","status":"publish","type":"post","link":"https:\/\/fundacioncajaruraldelsur.com\/pt\/la-fundacion-caja-rural-del-sur-nuevo-accionista-del-proyecto-de-construccion-del-aeropuerto-de-huelva\/","title":{"rendered":"La Fundaci\u00f3n Caja Rural del Sur nuevo accionista del proyecto de construcci\u00f3n del aeropuerto de Huelva"},"content":{"rendered":"<p><strong>Desde nuestra entidad, a trav\u00e9s de la Fundaci\u00f3n Caja Rural del Sur, junto con el Grupo AZVI y Avoris (Barcel\u00f3), nos hemos unido como socios al proyecto de construcci\u00f3n del aeropuerto Crist\u00f3bal Col\u00f3n en Huelva<\/strong>, impulsado por la C\u00e1mara de Comercio de Huelva. Este proyecto, con una inversi\u00f3n estimada de 100 millones de euros y financiado completamente por capital privado, tiene como objetivo dotar a Huelva de su propio aeropuerto.<\/p>\n<p>La sociedad Huelva Desarrollo y Progreso se ha reestructurado para dar entrada a estos los inversores privados, entre los que se encuentra la Fundaci\u00f3n Caja Rural del Sur que preside Jos\u00e9 Luis Garc\u00eda-Palacios quien ha destacado \u00abla importancia de esta iniciativa para la creaci\u00f3n de empleo y riqueza en la regi\u00f3n, resaltando la visi\u00f3n y generosidad del promotor Alfredo Gonz\u00e1lez\u00bb.<\/p>\n<p><strong>El presidente de AZVI, Manuel Contreras, enfatiz\u00f3 el compromiso de su grupo con el desarrollo econ\u00f3mico de Huelva, mientras que Vicente Fenollar, presidente del grupo Avoris, subray\u00f3 la importancia de la conectividad<\/strong> para el crecimiento econ\u00f3mico de la zona. Alfredo Gonz\u00e1lez, del Grupo Lyncis, reafirm\u00f3 la solidez financiera del proyecto tras la incorporaci\u00f3n de estos nuevos socios.<\/p>\n<p><strong>Daniel Toscano, presidente de la C\u00e1mara de Comercio de Huelva<\/strong>, celebr\u00f3 este avance como un hito hist\u00f3rico para la provincia, destacando el valor de la inversi\u00f3n privada en la transformaci\u00f3n econ\u00f3mica de Huelva.<\/p>","protected":false},"excerpt":{"rendered":"<p>Desde nuestra entidad, a trav\u00e9s de la Fundaci\u00f3n Caja Rural del Sur, junto con el Grupo AZVI y Avoris (Barcel\u00f3), nos hemos unido como socios al proyecto de construcci\u00f3n del [&hellip;]<\/p>\n","protected":false},"author":6,"featured_media":10280,"comment_status":"closed","ping_status":"closed","sticky":false,"template":"","format":"standard","meta":{"footnotes":""},"categories":[67],"tags":[],"class_list":["post-10279","post","type-post","status-publish","format-standard","has-post-thumbnail","hentry","category-convenios"],"yoast_head":"<!-- This site is optimized with the Yoast SEO plugin v27.3 - https:\/\/yoast.com\/product\/yoast-seo-wordpress\/ -->\n<title>La Fundaci\u00f3n Caja Rural del Sur nuevo accionista del proyecto de construcci\u00f3n del aeropuerto de Huelva - Fundaci\u00f3n Caja Rural del Sur<\/title>\n<meta name=\"robots\" content=\"index, follow, max-snippet:-1, max-image-preview:large, max-video-preview:-1\" \/>\n<link rel=\"canonical\" href=\"https:\/\/fundacioncajaruraldelsur.com\/pt\/la-fundacion-caja-rural-del-sur-nuevo-accionista-del-proyecto-de-construccion-del-aeropuerto-de-huelva\/\" \/>\n<meta property=\"og:locale\" content=\"pt_PT\" \/>\n<meta property=\"og:type\" content=\"article\" \/>\n<meta property=\"og:title\" content=\"La Fundaci\u00f3n Caja Rural del Sur nuevo accionista del proyecto de construcci\u00f3n del aeropuerto de Huelva - Fundaci\u00f3n Caja Rural del Sur\" \/>\n<meta property=\"og:description\" content=\"Desde nuestra entidad, a trav\u00e9s de la Fundaci\u00f3n Caja Rural del Sur, junto con el Grupo AZVI y Avoris (Barcel\u00f3), nos hemos unido como socios al proyecto de construcci\u00f3n del [&hellip;]\" \/>\n<meta property=\"og:url\" content=\"https:\/\/fundacioncajaruraldelsur.com\/pt\/la-fundacion-caja-rural-del-sur-nuevo-accionista-del-proyecto-de-construccion-del-aeropuerto-de-huelva\/\" \/>\n<meta property=\"og:site_name\" content=\"Fundaci\u00f3n Caja Rural del Sur\" \/>\n<meta property=\"article:published_time\" content=\"2024-07-26T07:18:55+00:00\" \/>\n<meta property=\"article:modified_time\" content=\"2024-07-26T07:19:33+00:00\" \/>\n<meta property=\"og:image\" content=\"https:\/\/fundacioncajaruraldelsur.com\/wp-content\/uploads\/2024\/07\/Aeropuerto.jpg\" \/>\n\t<meta property=\"og:image:width\" content=\"739\" \/>\n\t<meta property=\"og:image:height\" content=\"412\" \/>\n\t<meta property=\"og:image:type\" content=\"image\/jpeg\" \/>\n<meta name=\"author\" content=\"Comunicaci\u00f3n\" \/>\n<meta name=\"twitter:card\" content=\"summary_large_image\" \/>\n<meta name=\"twitter:label1\" content=\"Written by\" \/>\n\t<meta name=\"twitter:data1\" content=\"Comunicaci\u00f3n\" \/>\n\t<meta name=\"twitter:label2\" content=\"Est. reading time\" \/>\n\t<meta name=\"twitter:data2\" content=\"2 minutes\" \/>\n<script type=\"application\/ld+json\" class=\"yoast-schema-graph\">{\"@context\":\"https:\\\/\\\/schema.org\",\"@graph\":[{\"@type\":\"Article\",\"@id\":\"https:\\\/\\\/fundacioncajaruraldelsur.com\\\/la-fundacion-caja-rural-del-sur-nuevo-accionista-del-proyecto-de-construccion-del-aeropuerto-de-huelva\\\/#article\",\"isPartOf\":{\"@id\":\"https:\\\/\\\/fundacioncajaruraldelsur.com\\\/la-fundacion-caja-rural-del-sur-nuevo-accionista-del-proyecto-de-construccion-del-aeropuerto-de-huelva\\\/\"},\"author\":{\"name\":\"Comunicaci\u00f3n\",\"@id\":\"https:\\\/\\\/fundacioncajaruraldelsur.com\\\/#\\\/schema\\\/person\\\/f430da9fb783d505ff061ad8b3d44577\"},\"headline\":\"La Fundaci\u00f3n Caja Rural del Sur nuevo accionista del proyecto de construcci\u00f3n del aeropuerto de Huelva\",\"datePublished\":\"2024-07-26T07:18:55+00:00\",\"dateModified\":\"2024-07-26T07:19:33+00:00\",\"mainEntityOfPage\":{\"@id\":\"https:\\\/\\\/fundacioncajaruraldelsur.com\\\/la-fundacion-caja-rural-del-sur-nuevo-accionista-del-proyecto-de-construccion-del-aeropuerto-de-huelva\\\/\"},\"wordCount\":259,\"image\":{\"@id\":\"https:\\\/\\\/fundacioncajaruraldelsur.com\\\/la-fundacion-caja-rural-del-sur-nuevo-accionista-del-proyecto-de-construccion-del-aeropuerto-de-huelva\\\/#primaryimage\"},\"thumbnailUrl\":\"https:\\\/\\\/fundacioncajaruraldelsur.com\\\/wp-content\\\/uploads\\\/2024\\\/07\\\/Aeropuerto.jpg\",\"articleSection\":[\"Convenios\"],\"inLanguage\":\"pt-PT\"},{\"@type\":\"WebPage\",\"@id\":\"https:\\\/\\\/fundacioncajaruraldelsur.com\\\/la-fundacion-caja-rural-del-sur-nuevo-accionista-del-proyecto-de-construccion-del-aeropuerto-de-huelva\\\/\",\"url\":\"https:\\\/\\\/fundacioncajaruraldelsur.com\\\/la-fundacion-caja-rural-del-sur-nuevo-accionista-del-proyecto-de-construccion-del-aeropuerto-de-huelva\\\/\",\"name\":\"La Fundaci\u00f3n Caja Rural del Sur nuevo accionista del proyecto de construcci\u00f3n del aeropuerto de Huelva - Fundaci\u00f3n Caja Rural del Sur\",\"isPartOf\":{\"@id\":\"https:\\\/\\\/fundacioncajaruraldelsur.com\\\/#website\"},\"primaryImageOfPage\":{\"@id\":\"https:\\\/\\\/fundacioncajaruraldelsur.com\\\/la-fundacion-caja-rural-del-sur-nuevo-accionista-del-proyecto-de-construccion-del-aeropuerto-de-huelva\\\/#primaryimage\"},\"image\":{\"@id\":\"https:\\\/\\\/fundacioncajaruraldelsur.com\\\/la-fundacion-caja-rural-del-sur-nuevo-accionista-del-proyecto-de-construccion-del-aeropuerto-de-huelva\\\/#primaryimage\"},\"thumbnailUrl\":\"https:\\\/\\\/fundacioncajaruraldelsur.com\\\/wp-content\\\/uploads\\\/2024\\\/07\\\/Aeropuerto.jpg\",\"datePublished\":\"2024-07-26T07:18:55+00:00\",\"dateModified\":\"2024-07-26T07:19:33+00:00\",\"author\":{\"@id\":\"https:\\\/\\\/fundacioncajaruraldelsur.com\\\/#\\\/schema\\\/person\\\/f430da9fb783d505ff061ad8b3d44577\"},\"breadcrumb\":{\"@id\":\"https:\\\/\\\/fundacioncajaruraldelsur.com\\\/la-fundacion-caja-rural-del-sur-nuevo-accionista-del-proyecto-de-construccion-del-aeropuerto-de-huelva\\\/#breadcrumb\"},\"inLanguage\":\"pt-PT\",\"potentialAction\":[{\"@type\":\"ReadAction\",\"target\":[\"https:\\\/\\\/fundacioncajaruraldelsur.com\\\/la-fundacion-caja-rural-del-sur-nuevo-accionista-del-proyecto-de-construccion-del-aeropuerto-de-huelva\\\/\"]}]},{\"@type\":\"ImageObject\",\"inLanguage\":\"pt-PT\",\"@id\":\"https:\\\/\\\/fundacioncajaruraldelsur.com\\\/la-fundacion-caja-rural-del-sur-nuevo-accionista-del-proyecto-de-construccion-del-aeropuerto-de-huelva\\\/#primaryimage\",\"url\":\"https:\\\/\\\/fundacioncajaruraldelsur.com\\\/wp-content\\\/uploads\\\/2024\\\/07\\\/Aeropuerto.jpg\",\"contentUrl\":\"https:\\\/\\\/fundacioncajaruraldelsur.com\\\/wp-content\\\/uploads\\\/2024\\\/07\\\/Aeropuerto.jpg\",\"width\":739,\"height\":412},{\"@type\":\"BreadcrumbList\",\"@id\":\"https:\\\/\\\/fundacioncajaruraldelsur.com\\\/la-fundacion-caja-rural-del-sur-nuevo-accionista-del-proyecto-de-construccion-del-aeropuerto-de-huelva\\\/#breadcrumb\",\"itemListElement\":[{\"@type\":\"ListItem\",\"position\":1,\"name\":\"Portada\",\"item\":\"https:\\\/\\\/fundacioncajaruraldelsur.com\\\/\"},{\"@type\":\"ListItem\",\"position\":2,\"name\":\"La Fundaci\u00f3n Caja Rural del Sur nuevo accionista del proyecto de construcci\u00f3n del aeropuerto de Huelva\"}]},{\"@type\":\"WebSite\",\"@id\":\"https:\\\/\\\/fundacioncajaruraldelsur.com\\\/#website\",\"url\":\"https:\\\/\\\/fundacioncajaruraldelsur.com\\\/\",\"name\":\"Fundaci\u00f3n Caja Rural del Sur\",\"description\":\"\",\"potentialAction\":[{\"@type\":\"SearchAction\",\"target\":{\"@type\":\"EntryPoint\",\"urlTemplate\":\"https:\\\/\\\/fundacioncajaruraldelsur.com\\\/?s={search_term_string}\"},\"query-input\":{\"@type\":\"PropertyValueSpecification\",\"valueRequired\":true,\"valueName\":\"search_term_string\"}}],\"inLanguage\":\"pt-PT\"},{\"@type\":\"Person\",\"@id\":\"https:\\\/\\\/fundacioncajaruraldelsur.com\\\/#\\\/schema\\\/person\\\/f430da9fb783d505ff061ad8b3d44577\",\"name\":\"Comunicaci\u00f3n\",\"image\":{\"@type\":\"ImageObject\",\"inLanguage\":\"pt-PT\",\"@id\":\"https:\\\/\\\/secure.gravatar.com\\\/avatar\\\/0dca239875993680bac4603ad2de7942da018f52cc3a244578e0b3b09314a8d8?s=96&d=blank&r=g\",\"url\":\"https:\\\/\\\/secure.gravatar.com\\\/avatar\\\/0dca239875993680bac4603ad2de7942da018f52cc3a244578e0b3b09314a8d8?s=96&d=blank&r=g\",\"contentUrl\":\"https:\\\/\\\/secure.gravatar.com\\\/avatar\\\/0dca239875993680bac4603ad2de7942da018f52cc3a244578e0b3b09314a8d8?s=96&d=blank&r=g\",\"caption\":\"Comunicaci\u00f3n\"}}]}<\/script>\n<!-- \/ Yoast SEO plugin. -->","yoast_head_json":{"title":"La Fundaci\u00f3n Caja Rural del Sur nuevo accionista del proyecto de construcci\u00f3n del aeropuerto de Huelva - Fundaci\u00f3n Caja Rural del Sur","robots":{"index":"index","follow":"follow","max-snippet":"max-snippet:-1","max-image-preview":"max-image-preview:large","max-video-preview":"max-video-preview:-1"},"canonical":"https:\/\/fundacioncajaruraldelsur.com\/pt\/la-fundacion-caja-rural-del-sur-nuevo-accionista-del-proyecto-de-construccion-del-aeropuerto-de-huelva\/","og_locale":"pt_PT","og_type":"article","og_title":"La Fundaci\u00f3n Caja Rural del Sur nuevo accionista del proyecto de construcci\u00f3n del aeropuerto de Huelva - Fundaci\u00f3n Caja Rural del Sur","og_description":"Desde nuestra entidad, a trav\u00e9s de la Fundaci\u00f3n Caja Rural del Sur, junto con el Grupo AZVI y Avoris (Barcel\u00f3), nos hemos unido como socios al proyecto de construcci\u00f3n del [&hellip;]","og_url":"https:\/\/fundacioncajaruraldelsur.com\/pt\/la-fundacion-caja-rural-del-sur-nuevo-accionista-del-proyecto-de-construccion-del-aeropuerto-de-huelva\/","og_site_name":"Fundaci\u00f3n Caja Rural del Sur","article_published_time":"2024-07-26T07:18:55+00:00","article_modified_time":"2024-07-26T07:19:33+00:00","og_image":[{"width":739,"height":412,"url":"https:\/\/fundacioncajaruraldelsur.com\/wp-content\/uploads\/2024\/07\/Aeropuerto.jpg","type":"image\/jpeg"}],"author":"Comunicaci\u00f3n","twitter_card":"summary_large_image","twitter_misc":{"Written by":"Comunicaci\u00f3n","Est. reading time":"2 minutes"},"schema":{"@context":"https:\/\/schema.org","@graph":[{"@type":"Article","@id":"https:\/\/fundacioncajaruraldelsur.com\/la-fundacion-caja-rural-del-sur-nuevo-accionista-del-proyecto-de-construccion-del-aeropuerto-de-huelva\/#article","isPartOf":{"@id":"https:\/\/fundacioncajaruraldelsur.com\/la-fundacion-caja-rural-del-sur-nuevo-accionista-del-proyecto-de-construccion-del-aeropuerto-de-huelva\/"},"author":{"name":"Comunicaci\u00f3n","@id":"https:\/\/fundacioncajaruraldelsur.com\/#\/schema\/person\/f430da9fb783d505ff061ad8b3d44577"},"headline":"La Fundaci\u00f3n Caja Rural del Sur nuevo accionista del proyecto de construcci\u00f3n del aeropuerto de Huelva","datePublished":"2024-07-26T07:18:55+00:00","dateModified":"2024-07-26T07:19:33+00:00","mainEntityOfPage":{"@id":"https:\/\/fundacioncajaruraldelsur.com\/la-fundacion-caja-rural-del-sur-nuevo-accionista-del-proyecto-de-construccion-del-aeropuerto-de-huelva\/"},"wordCount":259,"image":{"@id":"https:\/\/fundacioncajaruraldelsur.com\/la-fundacion-caja-rural-del-sur-nuevo-accionista-del-proyecto-de-construccion-del-aeropuerto-de-huelva\/#primaryimage"},"thumbnailUrl":"https:\/\/fundacioncajaruraldelsur.com\/wp-content\/uploads\/2024\/07\/Aeropuerto.jpg","articleSection":["Convenios"],"inLanguage":"pt-PT"},{"@type":"WebPage","@id":"https:\/\/fundacioncajaruraldelsur.com\/la-fundacion-caja-rural-del-sur-nuevo-accionista-del-proyecto-de-construccion-del-aeropuerto-de-huelva\/","url":"https:\/\/fundacioncajaruraldelsur.com\/la-fundacion-caja-rural-del-sur-nuevo-accionista-del-proyecto-de-construccion-del-aeropuerto-de-huelva\/","name":"La Fundaci\u00f3n Caja Rural del Sur nuevo accionista del proyecto de construcci\u00f3n del aeropuerto de Huelva - Fundaci\u00f3n Caja Rural del Sur","isPartOf":{"@id":"https:\/\/fundacioncajaruraldelsur.com\/#website"},"primaryImageOfPage":{"@id":"https:\/\/fundacioncajaruraldelsur.com\/la-fundacion-caja-rural-del-sur-nuevo-accionista-del-proyecto-de-construccion-del-aeropuerto-de-huelva\/#primaryimage"},"image":{"@id":"https:\/\/fundacioncajaruraldelsur.com\/la-fundacion-caja-rural-del-sur-nuevo-accionista-del-proyecto-de-construccion-del-aeropuerto-de-huelva\/#primaryimage"},"thumbnailUrl":"https:\/\/fundacioncajaruraldelsur.com\/wp-content\/uploads\/2024\/07\/Aeropuerto.jpg","datePublished":"2024-07-26T07:18:55+00:00","dateModified":"2024-07-26T07:19:33+00:00","author":{"@id":"https:\/\/fundacioncajaruraldelsur.com\/#\/schema\/person\/f430da9fb783d505ff061ad8b3d44577"},"breadcrumb":{"@id":"https:\/\/fundacioncajaruraldelsur.com\/la-fundacion-caja-rural-del-sur-nuevo-accionista-del-proyecto-de-construccion-del-aeropuerto-de-huelva\/#breadcrumb"},"inLanguage":"pt-PT","potentialAction":[{"@type":"ReadAction","target":["https:\/\/fundacioncajaruraldelsur.com\/la-fundacion-caja-rural-del-sur-nuevo-accionista-del-proyecto-de-construccion-del-aeropuerto-de-huelva\/"]}]},{"@type":"ImageObject","inLanguage":"pt-PT","@id":"https:\/\/fundacioncajaruraldelsur.com\/la-fundacion-caja-rural-del-sur-nuevo-accionista-del-proyecto-de-construccion-del-aeropuerto-de-huelva\/#primaryimage","url":"https:\/\/fundacioncajaruraldelsur.com\/wp-content\/uploads\/2024\/07\/Aeropuerto.jpg","contentUrl":"https:\/\/fundacioncajaruraldelsur.com\/wp-content\/uploads\/2024\/07\/Aeropuerto.jpg","width":739,"height":412},{"@type":"BreadcrumbList","@id":"https:\/\/fundacioncajaruraldelsur.com\/la-fundacion-caja-rural-del-sur-nuevo-accionista-del-proyecto-de-construccion-del-aeropuerto-de-huelva\/#breadcrumb","itemListElement":[{"@type":"ListItem","position":1,"name":"Portada","item":"https:\/\/fundacioncajaruraldelsur.com\/"},{"@type":"ListItem","position":2,"name":"La Fundaci\u00f3n Caja Rural del Sur nuevo accionista del proyecto de construcci\u00f3n del aeropuerto de Huelva"}]},{"@type":"WebSite","@id":"https:\/\/fundacioncajaruraldelsur.com\/#website","url":"https:\/\/fundacioncajaruraldelsur.com\/","name":"Funda\u00e7\u00e3o Caja Rural del Sur","description":"","potentialAction":[{"@type":"SearchAction","target":{"@type":"EntryPoint","urlTemplate":"https:\/\/fundacioncajaruraldelsur.com\/?s={search_term_string}"},"query-input":{"@type":"PropertyValueSpecification","valueRequired":true,"valueName":"search_term_string"}}],"inLanguage":"pt-PT"},{"@type":"Person","@id":"https:\/\/fundacioncajaruraldelsur.com\/#\/schema\/person\/f430da9fb783d505ff061ad8b3d44577","name":"Comunicaci\u00f3n","image":{"@type":"ImageObject","inLanguage":"pt-PT","@id":"https:\/\/secure.gravatar.com\/avatar\/0dca239875993680bac4603ad2de7942da018f52cc3a244578e0b3b09314a8d8?s=96&d=blank&r=g","url":"https:\/\/secure.gravatar.com\/avatar\/0dca239875993680bac4603ad2de7942da018f52cc3a244578e0b3b09314a8d8?s=96&d=blank&r=g","contentUrl":"https:\/\/secure.gravatar.com\/avatar\/0dca239875993680bac4603ad2de7942da018f52cc3a244578e0b3b09314a8d8?s=96&d=blank&r=g","caption":"Comunicaci\u00f3n"}}]}},"rttpg_featured_image_url":{"full":["https:\/\/fundacioncajaruraldelsur.com\/wp-content\/uploads\/2024\/07\/Aeropuerto.jpg",739,412,false],"landscape":["https:\/\/fundacioncajaruraldelsur.com\/wp-content\/uploads\/2024\/07\/Aeropuerto.jpg",739,412,false],"portraits":["https:\/\/fundacioncajaruraldelsur.com\/wp-content\/uploads\/2024\/07\/Aeropuerto.jpg",739,412,false],"thumbnail":["https:\/\/fundacioncajaruraldelsur.com\/wp-content\/uploads\/2024\/07\/Aeropuerto-150x150.jpg",150,150,true],"medium":["https:\/\/fundacioncajaruraldelsur.com\/wp-content\/uploads\/2024\/07\/Aeropuerto-300x167.jpg",300,167,true],"large":["https:\/\/fundacioncajaruraldelsur.com\/wp-content\/uploads\/2024\/07\/Aeropuerto.jpg",739,412,false],"1536x1536":["https:\/\/fundacioncajaruraldelsur.com\/wp-content\/uploads\/2024\/07\/Aeropuerto.jpg",739,412,false],"2048x2048":["https:\/\/fundacioncajaruraldelsur.com\/wp-content\/uploads\/2024\/07\/Aeropuerto.jpg",739,412,false],"trp-custom-language-flag":["https:\/\/fundacioncajaruraldelsur.com\/wp-content\/uploads\/2024\/07\/Aeropuerto.jpg",18,10,false],"blog-thumbnail":["https:\/\/fundacioncajaruraldelsur.com\/wp-content\/uploads\/2024\/07\/Aeropuerto-400x200.jpg",400,200,true]},"rttpg_author":{"display_name":"Comunicaci\u00f3n","author_link":"https:\/\/fundacioncajaruraldelsur.com\/pt\/author\/sevillaadmin\/"},"rttpg_comment":0,"rttpg_category":"<a href=\"https:\/\/fundacioncajaruraldelsur.com\/pt\/category\/convenios\/\" rel=\"category tag\">Convenios<\/a>","rttpg_excerpt":"Desde nuestra entidad, a trav\u00e9s de la Fundaci\u00f3n Caja Rural del Sur, junto con el Grupo AZVI y Avoris (Barcel\u00f3), nos hemos unido como socios al proyecto de construcci\u00f3n del [&hellip;]","_links":{"self":[{"href":"https:\/\/fundacioncajaruraldelsur.com\/pt\/wp-json\/wp\/v2\/posts\/10279","targetHints":{"allow":["GET"]}}],"collection":[{"href":"https:\/\/fundacioncajaruraldelsur.com\/pt\/wp-json\/wp\/v2\/posts"}],"about":[{"href":"https:\/\/fundacioncajaruraldelsur.com\/pt\/wp-json\/wp\/v2\/types\/post"}],"author":[{"embeddable":true,"href":"https:\/\/fundacioncajaruraldelsur.com\/pt\/wp-json\/wp\/v2\/users\/6"}],"replies":[{"embeddable":true,"href":"https:\/\/fundacioncajaruraldelsur.com\/pt\/wp-json\/wp\/v2\/comments?post=10279"}],"version-history":[{"count":2,"href":"https:\/\/fundacioncajaruraldelsur.com\/pt\/wp-json\/wp\/v2\/posts\/10279\/revisions"}],"predecessor-version":[{"id":10282,"href":"https:\/\/fundacioncajaruraldelsur.com\/pt\/wp-json\/wp\/v2\/posts\/10279\/revisions\/10282"}],"wp:featuredmedia":[{"embeddable":true,"href":"https:\/\/fundacioncajaruraldelsur.com\/pt\/wp-json\/wp\/v2\/media\/10280"}],"wp:attachment":[{"href":"https:\/\/fundacioncajaruraldelsur.com\/pt\/wp-json\/wp\/v2\/media?parent=10279"}],"wp:term":[{"taxonomy":"category","embeddable":true,"href":"https:\/\/fundacioncajaruraldelsur.com\/pt\/wp-json\/wp\/v2\/categories?post=10279"},{"taxonomy":"post_tag","embeddable":true,"href":"https:\/\/fundacioncajaruraldelsur.com\/pt\/wp-json\/wp\/v2\/tags?post=10279"}],"curies":[{"name":"wp","href":"https:\/\/api.w.org\/{rel}","templated":true}]}}