{"id":10255,"date":"2024-07-08T13:15:17","date_gmt":"2024-07-08T12:15:17","guid":{"rendered":"\/?p=10255"},"modified":"2024-07-08T13:35:06","modified_gmt":"2024-07-08T12:35:06","slug":"fundacion-caja-rural-del-sur-estara-junto-al-real-club-recreativo-de-tenis-en-la-99-edicion-de-la-copa-el-rey","status":"publish","type":"post","link":"https:\/\/fundacioncajaruraldelsur.com\/pt\/fundacion-caja-rural-del-sur-estara-junto-al-real-club-recreativo-de-tenis-en-la-99-edicion-de-la-copa-el-rey\/","title":{"rendered":"Fundaci\u00f3n Caja Rural del Sur estar\u00e1 junto al Real Club Recreativo de Tenis en la 99 edici\u00f3n de la Copa el Rey"},"content":{"rendered":"<p><strong>La Fundaci\u00f3n Caja del Sur<\/strong> estar\u00e1 presente en la <strong>99 edici\u00f3n de la Copa del Rey de Tenis de Huelva<\/strong>, que organiza el <strong>Real Club Recreativo de Tenis<\/strong> y que se celebrar\u00e1 en Huelva desde el pr\u00f3ximo d\u00eda 11 y 12 de julio tras la firma de un convenio por parte de los presidentes de ambas entidades, Jos\u00e9 Luis Garc\u00eda-Palacios \u00c1lvarez y Rafael Romero, respectivamente.<\/p>\n<p><strong>Desde el a\u00f1o 1912, el Real Club Recreativo de Tenis de Huelva,<\/strong> que es una asociaci\u00f3n con fines deportivos, sociales y culturales, entroncada firmemente en la cultura de Huelva y su provincia, con una actividad destacada en el mundo del tenis y otros deportes, viene organizando la Copa del Rey con la presencia en esta edici\u00f3n del austriaco Dominic Thiem, el canadiense Denis Shapovalov, el espa\u00f1ol Pablo Llamas y un cuarto jugador a\u00fan por determinar en el cuadro masculino. La final femenina la disputar\u00e1n la polaca Magda Minette y la rusa Elina Avanesyan. Adem\u00e1s, este a\u00f1o la novedad es que se incluir\u00e1 la categor\u00eda sub-15, por la que las mayores promesas del tenis nacional tambi\u00e9n se dar\u00e1n cita en la capital onubense.<\/p>\n<p><strong>Por su parte, la Fundaci\u00f3n Caja Rural del Sur<\/strong> es una entidad fuertemente vinculada desde su creaci\u00f3n con la sociedad onubense, dedicada a organizar, apoyar y colaborar con actividades, sobre todo relacionadas con actividades sociales, culturales y deportivas; y viene realizando una importante labor en el mantenimiento de las tradiciones en Andaluc\u00eda.<\/p>\n<p>Los presidentes de ambas entidades, Jos\u00e9 Luis Garc\u00eda-Palacios \u00c1lvarez y Rafael Romero han valorado este acuerdo dada la larga trayectoria de la Copa del Rey, ya que como ha dicho este \u00faltimo: \u201c\u00bbSin patrocinadores como Fundaci\u00f3n Caja Rural del Sur, la Copa del Rey de Tenis tal y como la conocemos hoy no ser\u00eda posible. Por eso solo puedo dar las gracias en nombre del Real Club Recreativo de Tenis y de toda la sociedad onubense aficionada al deporte en general y al tenis en particular y m\u00e1s cuando que se acerca ya a cumplir su centenario y que es una referencia hist\u00f3rica del mundo de tenis en toda Espa\u00f1a\u201d.<\/p>","protected":false},"excerpt":{"rendered":"<p>La Fundaci\u00f3n Caja del Sur estar\u00e1 presente en la 99 edici\u00f3n de la Copa del Rey de Tenis de Huelva, que organiza el Real Club Recreativo de Tenis y que [&hellip;]<\/p>\n","protected":false},"author":6,"featured_media":10256,"comment_status":"closed","ping_status":"closed","sticky":false,"template":"","format":"standard","meta":{"footnotes":""},"categories":[67],"tags":[],"class_list":["post-10255","post","type-post","status-publish","format-standard","has-post-thumbnail","hentry","category-convenios"],"yoast_head":"<!-- This site is optimized with the Yoast SEO plugin v27.3 - https:\/\/yoast.com\/product\/yoast-seo-wordpress\/ -->\n<title>Fundaci\u00f3n Caja Rural del Sur estar\u00e1 junto al Real Club Recreativo de Tenis en la 99 edici\u00f3n de la Copa el Rey - Fundaci\u00f3n Caja Rural del Sur<\/title>\n<meta name=\"robots\" content=\"index, follow, max-snippet:-1, max-image-preview:large, max-video-preview:-1\" \/>\n<link rel=\"canonical\" href=\"https:\/\/fundacioncajaruraldelsur.com\/pt\/fundacion-caja-rural-del-sur-estara-junto-al-real-club-recreativo-de-tenis-en-la-99-edicion-de-la-copa-el-rey\/\" \/>\n<meta property=\"og:locale\" content=\"pt_PT\" \/>\n<meta property=\"og:type\" content=\"article\" \/>\n<meta property=\"og:title\" content=\"Fundaci\u00f3n Caja Rural del Sur estar\u00e1 junto al Real Club Recreativo de Tenis en la 99 edici\u00f3n de la Copa el Rey - Fundaci\u00f3n Caja Rural del Sur\" \/>\n<meta property=\"og:description\" content=\"La Fundaci\u00f3n Caja del Sur estar\u00e1 presente en la 99 edici\u00f3n de la Copa del Rey de Tenis de Huelva, que organiza el Real Club Recreativo de Tenis y que [&hellip;]\" \/>\n<meta property=\"og:url\" content=\"https:\/\/fundacioncajaruraldelsur.com\/pt\/fundacion-caja-rural-del-sur-estara-junto-al-real-club-recreativo-de-tenis-en-la-99-edicion-de-la-copa-el-rey\/\" \/>\n<meta property=\"og:site_name\" content=\"Fundaci\u00f3n Caja Rural del Sur\" \/>\n<meta property=\"article:published_time\" content=\"2024-07-08T12:15:17+00:00\" \/>\n<meta property=\"article:modified_time\" content=\"2024-07-08T12:35:06+00:00\" \/>\n<meta property=\"og:image\" content=\"https:\/\/fundacioncajaruraldelsur.com\/wp-content\/uploads\/2024\/07\/240708.-El-presidente-de-Fundacion-Caja-Rural-del-Sur-con-los-directivos-del-Real-Club-de-Tenis.jpg\" \/>\n\t<meta property=\"og:image:width\" content=\"2558\" \/>\n\t<meta property=\"og:image:height\" content=\"1391\" \/>\n\t<meta property=\"og:image:type\" content=\"image\/jpeg\" \/>\n<meta name=\"author\" content=\"Comunicaci\u00f3n\" \/>\n<meta name=\"twitter:card\" content=\"summary_large_image\" \/>\n<meta name=\"twitter:label1\" content=\"Written by\" \/>\n\t<meta name=\"twitter:data1\" content=\"Comunicaci\u00f3n\" \/>\n\t<meta name=\"twitter:label2\" content=\"Est. reading time\" \/>\n\t<meta name=\"twitter:data2\" content=\"2 minutes\" \/>\n<script type=\"application\/ld+json\" class=\"yoast-schema-graph\">{\"@context\":\"https:\\\/\\\/schema.org\",\"@graph\":[{\"@type\":\"Article\",\"@id\":\"https:\\\/\\\/fundacioncajaruraldelsur.com\\\/fundacion-caja-rural-del-sur-estara-junto-al-real-club-recreativo-de-tenis-en-la-99-edicion-de-la-copa-el-rey\\\/#article\",\"isPartOf\":{\"@id\":\"https:\\\/\\\/fundacioncajaruraldelsur.com\\\/fundacion-caja-rural-del-sur-estara-junto-al-real-club-recreativo-de-tenis-en-la-99-edicion-de-la-copa-el-rey\\\/\"},\"author\":{\"name\":\"Comunicaci\u00f3n\",\"@id\":\"https:\\\/\\\/fundacioncajaruraldelsur.com\\\/#\\\/schema\\\/person\\\/f430da9fb783d505ff061ad8b3d44577\"},\"headline\":\"Fundaci\u00f3n Caja Rural del Sur estar\u00e1 junto al Real Club Recreativo de Tenis en la 99 edici\u00f3n de la Copa el Rey\",\"datePublished\":\"2024-07-08T12:15:17+00:00\",\"dateModified\":\"2024-07-08T12:35:06+00:00\",\"mainEntityOfPage\":{\"@id\":\"https:\\\/\\\/fundacioncajaruraldelsur.com\\\/fundacion-caja-rural-del-sur-estara-junto-al-real-club-recreativo-de-tenis-en-la-99-edicion-de-la-copa-el-rey\\\/\"},\"wordCount\":393,\"image\":{\"@id\":\"https:\\\/\\\/fundacioncajaruraldelsur.com\\\/fundacion-caja-rural-del-sur-estara-junto-al-real-club-recreativo-de-tenis-en-la-99-edicion-de-la-copa-el-rey\\\/#primaryimage\"},\"thumbnailUrl\":\"https:\\\/\\\/fundacioncajaruraldelsur.com\\\/wp-content\\\/uploads\\\/2024\\\/07\\\/240708.-El-presidente-de-Fundacion-Caja-Rural-del-Sur-con-los-directivos-del-Real-Club-de-Tenis.jpg\",\"articleSection\":[\"Convenios\"],\"inLanguage\":\"pt-PT\"},{\"@type\":\"WebPage\",\"@id\":\"https:\\\/\\\/fundacioncajaruraldelsur.com\\\/fundacion-caja-rural-del-sur-estara-junto-al-real-club-recreativo-de-tenis-en-la-99-edicion-de-la-copa-el-rey\\\/\",\"url\":\"https:\\\/\\\/fundacioncajaruraldelsur.com\\\/fundacion-caja-rural-del-sur-estara-junto-al-real-club-recreativo-de-tenis-en-la-99-edicion-de-la-copa-el-rey\\\/\",\"name\":\"Fundaci\u00f3n Caja Rural del Sur estar\u00e1 junto al Real Club Recreativo de Tenis en la 99 edici\u00f3n de la Copa el Rey - Fundaci\u00f3n Caja Rural del Sur\",\"isPartOf\":{\"@id\":\"https:\\\/\\\/fundacioncajaruraldelsur.com\\\/#website\"},\"primaryImageOfPage\":{\"@id\":\"https:\\\/\\\/fundacioncajaruraldelsur.com\\\/fundacion-caja-rural-del-sur-estara-junto-al-real-club-recreativo-de-tenis-en-la-99-edicion-de-la-copa-el-rey\\\/#primaryimage\"},\"image\":{\"@id\":\"https:\\\/\\\/fundacioncajaruraldelsur.com\\\/fundacion-caja-rural-del-sur-estara-junto-al-real-club-recreativo-de-tenis-en-la-99-edicion-de-la-copa-el-rey\\\/#primaryimage\"},\"thumbnailUrl\":\"https:\\\/\\\/fundacioncajaruraldelsur.com\\\/wp-content\\\/uploads\\\/2024\\\/07\\\/240708.-El-presidente-de-Fundacion-Caja-Rural-del-Sur-con-los-directivos-del-Real-Club-de-Tenis.jpg\",\"datePublished\":\"2024-07-08T12:15:17+00:00\",\"dateModified\":\"2024-07-08T12:35:06+00:00\",\"author\":{\"@id\":\"https:\\\/\\\/fundacioncajaruraldelsur.com\\\/#\\\/schema\\\/person\\\/f430da9fb783d505ff061ad8b3d44577\"},\"breadcrumb\":{\"@id\":\"https:\\\/\\\/fundacioncajaruraldelsur.com\\\/fundacion-caja-rural-del-sur-estara-junto-al-real-club-recreativo-de-tenis-en-la-99-edicion-de-la-copa-el-rey\\\/#breadcrumb\"},\"inLanguage\":\"pt-PT\",\"potentialAction\":[{\"@type\":\"ReadAction\",\"target\":[\"https:\\\/\\\/fundacioncajaruraldelsur.com\\\/fundacion-caja-rural-del-sur-estara-junto-al-real-club-recreativo-de-tenis-en-la-99-edicion-de-la-copa-el-rey\\\/\"]}]},{\"@type\":\"ImageObject\",\"inLanguage\":\"pt-PT\",\"@id\":\"https:\\\/\\\/fundacioncajaruraldelsur.com\\\/fundacion-caja-rural-del-sur-estara-junto-al-real-club-recreativo-de-tenis-en-la-99-edicion-de-la-copa-el-rey\\\/#primaryimage\",\"url\":\"https:\\\/\\\/fundacioncajaruraldelsur.com\\\/wp-content\\\/uploads\\\/2024\\\/07\\\/240708.-El-presidente-de-Fundacion-Caja-Rural-del-Sur-con-los-directivos-del-Real-Club-de-Tenis.jpg\",\"contentUrl\":\"https:\\\/\\\/fundacioncajaruraldelsur.com\\\/wp-content\\\/uploads\\\/2024\\\/07\\\/240708.-El-presidente-de-Fundacion-Caja-Rural-del-Sur-con-los-directivos-del-Real-Club-de-Tenis.jpg\",\"width\":2558,\"height\":1391},{\"@type\":\"BreadcrumbList\",\"@id\":\"https:\\\/\\\/fundacioncajaruraldelsur.com\\\/fundacion-caja-rural-del-sur-estara-junto-al-real-club-recreativo-de-tenis-en-la-99-edicion-de-la-copa-el-rey\\\/#breadcrumb\",\"itemListElement\":[{\"@type\":\"ListItem\",\"position\":1,\"name\":\"Portada\",\"item\":\"https:\\\/\\\/fundacioncajaruraldelsur.com\\\/\"},{\"@type\":\"ListItem\",\"position\":2,\"name\":\"Fundaci\u00f3n Caja Rural del Sur estar\u00e1 junto al Real Club Recreativo de Tenis en la 99 edici\u00f3n de la Copa el Rey\"}]},{\"@type\":\"WebSite\",\"@id\":\"https:\\\/\\\/fundacioncajaruraldelsur.com\\\/#website\",\"url\":\"https:\\\/\\\/fundacioncajaruraldelsur.com\\\/\",\"name\":\"Fundaci\u00f3n Caja Rural del Sur\",\"description\":\"\",\"potentialAction\":[{\"@type\":\"SearchAction\",\"target\":{\"@type\":\"EntryPoint\",\"urlTemplate\":\"https:\\\/\\\/fundacioncajaruraldelsur.com\\\/?s={search_term_string}\"},\"query-input\":{\"@type\":\"PropertyValueSpecification\",\"valueRequired\":true,\"valueName\":\"search_term_string\"}}],\"inLanguage\":\"pt-PT\"},{\"@type\":\"Person\",\"@id\":\"https:\\\/\\\/fundacioncajaruraldelsur.com\\\/#\\\/schema\\\/person\\\/f430da9fb783d505ff061ad8b3d44577\",\"name\":\"Comunicaci\u00f3n\",\"image\":{\"@type\":\"ImageObject\",\"inLanguage\":\"pt-PT\",\"@id\":\"https:\\\/\\\/secure.gravatar.com\\\/avatar\\\/0dca239875993680bac4603ad2de7942da018f52cc3a244578e0b3b09314a8d8?s=96&d=blank&r=g\",\"url\":\"https:\\\/\\\/secure.gravatar.com\\\/avatar\\\/0dca239875993680bac4603ad2de7942da018f52cc3a244578e0b3b09314a8d8?s=96&d=blank&r=g\",\"contentUrl\":\"https:\\\/\\\/secure.gravatar.com\\\/avatar\\\/0dca239875993680bac4603ad2de7942da018f52cc3a244578e0b3b09314a8d8?s=96&d=blank&r=g\",\"caption\":\"Comunicaci\u00f3n\"}}]}<\/script>\n<!-- \/ Yoast SEO plugin. -->","yoast_head_json":{"title":"Fundaci\u00f3n Caja Rural del Sur estar\u00e1 junto al Real Club Recreativo de Tenis en la 99 edici\u00f3n de la Copa el Rey - Fundaci\u00f3n Caja Rural del Sur","robots":{"index":"index","follow":"follow","max-snippet":"max-snippet:-1","max-image-preview":"max-image-preview:large","max-video-preview":"max-video-preview:-1"},"canonical":"https:\/\/fundacioncajaruraldelsur.com\/pt\/fundacion-caja-rural-del-sur-estara-junto-al-real-club-recreativo-de-tenis-en-la-99-edicion-de-la-copa-el-rey\/","og_locale":"pt_PT","og_type":"article","og_title":"Fundaci\u00f3n Caja Rural del Sur estar\u00e1 junto al Real Club Recreativo de Tenis en la 99 edici\u00f3n de la Copa el Rey - Fundaci\u00f3n Caja Rural del Sur","og_description":"La Fundaci\u00f3n Caja del Sur estar\u00e1 presente en la 99 edici\u00f3n de la Copa del Rey de Tenis de Huelva, que organiza el Real Club Recreativo de Tenis y que [&hellip;]","og_url":"https:\/\/fundacioncajaruraldelsur.com\/pt\/fundacion-caja-rural-del-sur-estara-junto-al-real-club-recreativo-de-tenis-en-la-99-edicion-de-la-copa-el-rey\/","og_site_name":"Fundaci\u00f3n Caja Rural del Sur","article_published_time":"2024-07-08T12:15:17+00:00","article_modified_time":"2024-07-08T12:35:06+00:00","og_image":[{"width":2558,"height":1391,"url":"https:\/\/fundacioncajaruraldelsur.com\/wp-content\/uploads\/2024\/07\/240708.-El-presidente-de-Fundacion-Caja-Rural-del-Sur-con-los-directivos-del-Real-Club-de-Tenis.jpg","type":"image\/jpeg"}],"author":"Comunicaci\u00f3n","twitter_card":"summary_large_image","twitter_misc":{"Written by":"Comunicaci\u00f3n","Est. reading time":"2 minutes"},"schema":{"@context":"https:\/\/schema.org","@graph":[{"@type":"Article","@id":"https:\/\/fundacioncajaruraldelsur.com\/fundacion-caja-rural-del-sur-estara-junto-al-real-club-recreativo-de-tenis-en-la-99-edicion-de-la-copa-el-rey\/#article","isPartOf":{"@id":"https:\/\/fundacioncajaruraldelsur.com\/fundacion-caja-rural-del-sur-estara-junto-al-real-club-recreativo-de-tenis-en-la-99-edicion-de-la-copa-el-rey\/"},"author":{"name":"Comunicaci\u00f3n","@id":"https:\/\/fundacioncajaruraldelsur.com\/#\/schema\/person\/f430da9fb783d505ff061ad8b3d44577"},"headline":"Fundaci\u00f3n Caja Rural del Sur estar\u00e1 junto al Real Club Recreativo de Tenis en la 99 edici\u00f3n de la Copa el Rey","datePublished":"2024-07-08T12:15:17+00:00","dateModified":"2024-07-08T12:35:06+00:00","mainEntityOfPage":{"@id":"https:\/\/fundacioncajaruraldelsur.com\/fundacion-caja-rural-del-sur-estara-junto-al-real-club-recreativo-de-tenis-en-la-99-edicion-de-la-copa-el-rey\/"},"wordCount":393,"image":{"@id":"https:\/\/fundacioncajaruraldelsur.com\/fundacion-caja-rural-del-sur-estara-junto-al-real-club-recreativo-de-tenis-en-la-99-edicion-de-la-copa-el-rey\/#primaryimage"},"thumbnailUrl":"https:\/\/fundacioncajaruraldelsur.com\/wp-content\/uploads\/2024\/07\/240708.-El-presidente-de-Fundacion-Caja-Rural-del-Sur-con-los-directivos-del-Real-Club-de-Tenis.jpg","articleSection":["Convenios"],"inLanguage":"pt-PT"},{"@type":"WebPage","@id":"https:\/\/fundacioncajaruraldelsur.com\/fundacion-caja-rural-del-sur-estara-junto-al-real-club-recreativo-de-tenis-en-la-99-edicion-de-la-copa-el-rey\/","url":"https:\/\/fundacioncajaruraldelsur.com\/fundacion-caja-rural-del-sur-estara-junto-al-real-club-recreativo-de-tenis-en-la-99-edicion-de-la-copa-el-rey\/","name":"Fundaci\u00f3n Caja Rural del Sur estar\u00e1 junto al Real Club Recreativo de Tenis en la 99 edici\u00f3n de la Copa el Rey - Fundaci\u00f3n Caja Rural del Sur","isPartOf":{"@id":"https:\/\/fundacioncajaruraldelsur.com\/#website"},"primaryImageOfPage":{"@id":"https:\/\/fundacioncajaruraldelsur.com\/fundacion-caja-rural-del-sur-estara-junto-al-real-club-recreativo-de-tenis-en-la-99-edicion-de-la-copa-el-rey\/#primaryimage"},"image":{"@id":"https:\/\/fundacioncajaruraldelsur.com\/fundacion-caja-rural-del-sur-estara-junto-al-real-club-recreativo-de-tenis-en-la-99-edicion-de-la-copa-el-rey\/#primaryimage"},"thumbnailUrl":"https:\/\/fundacioncajaruraldelsur.com\/wp-content\/uploads\/2024\/07\/240708.-El-presidente-de-Fundacion-Caja-Rural-del-Sur-con-los-directivos-del-Real-Club-de-Tenis.jpg","datePublished":"2024-07-08T12:15:17+00:00","dateModified":"2024-07-08T12:35:06+00:00","author":{"@id":"https:\/\/fundacioncajaruraldelsur.com\/#\/schema\/person\/f430da9fb783d505ff061ad8b3d44577"},"breadcrumb":{"@id":"https:\/\/fundacioncajaruraldelsur.com\/fundacion-caja-rural-del-sur-estara-junto-al-real-club-recreativo-de-tenis-en-la-99-edicion-de-la-copa-el-rey\/#breadcrumb"},"inLanguage":"pt-PT","potentialAction":[{"@type":"ReadAction","target":["https:\/\/fundacioncajaruraldelsur.com\/fundacion-caja-rural-del-sur-estara-junto-al-real-club-recreativo-de-tenis-en-la-99-edicion-de-la-copa-el-rey\/"]}]},{"@type":"ImageObject","inLanguage":"pt-PT","@id":"https:\/\/fundacioncajaruraldelsur.com\/fundacion-caja-rural-del-sur-estara-junto-al-real-club-recreativo-de-tenis-en-la-99-edicion-de-la-copa-el-rey\/#primaryimage","url":"https:\/\/fundacioncajaruraldelsur.com\/wp-content\/uploads\/2024\/07\/240708.-El-presidente-de-Fundacion-Caja-Rural-del-Sur-con-los-directivos-del-Real-Club-de-Tenis.jpg","contentUrl":"https:\/\/fundacioncajaruraldelsur.com\/wp-content\/uploads\/2024\/07\/240708.-El-presidente-de-Fundacion-Caja-Rural-del-Sur-con-los-directivos-del-Real-Club-de-Tenis.jpg","width":2558,"height":1391},{"@type":"BreadcrumbList","@id":"https:\/\/fundacioncajaruraldelsur.com\/fundacion-caja-rural-del-sur-estara-junto-al-real-club-recreativo-de-tenis-en-la-99-edicion-de-la-copa-el-rey\/#breadcrumb","itemListElement":[{"@type":"ListItem","position":1,"name":"Portada","item":"https:\/\/fundacioncajaruraldelsur.com\/"},{"@type":"ListItem","position":2,"name":"Fundaci\u00f3n Caja Rural del Sur estar\u00e1 junto al Real Club Recreativo de Tenis en la 99 edici\u00f3n de la Copa el Rey"}]},{"@type":"WebSite","@id":"https:\/\/fundacioncajaruraldelsur.com\/#website","url":"https:\/\/fundacioncajaruraldelsur.com\/","name":"Funda\u00e7\u00e3o Caja Rural del Sur","description":"","potentialAction":[{"@type":"SearchAction","target":{"@type":"EntryPoint","urlTemplate":"https:\/\/fundacioncajaruraldelsur.com\/?s={search_term_string}"},"query-input":{"@type":"PropertyValueSpecification","valueRequired":true,"valueName":"search_term_string"}}],"inLanguage":"pt-PT"},{"@type":"Person","@id":"https:\/\/fundacioncajaruraldelsur.com\/#\/schema\/person\/f430da9fb783d505ff061ad8b3d44577","name":"Comunicaci\u00f3n","image":{"@type":"ImageObject","inLanguage":"pt-PT","@id":"https:\/\/secure.gravatar.com\/avatar\/0dca239875993680bac4603ad2de7942da018f52cc3a244578e0b3b09314a8d8?s=96&d=blank&r=g","url":"https:\/\/secure.gravatar.com\/avatar\/0dca239875993680bac4603ad2de7942da018f52cc3a244578e0b3b09314a8d8?s=96&d=blank&r=g","contentUrl":"https:\/\/secure.gravatar.com\/avatar\/0dca239875993680bac4603ad2de7942da018f52cc3a244578e0b3b09314a8d8?s=96&d=blank&r=g","caption":"Comunicaci\u00f3n"}}]}},"rttpg_featured_image_url":{"full":["https:\/\/fundacioncajaruraldelsur.com\/wp-content\/uploads\/2024\/07\/240708.-El-presidente-de-Fundacion-Caja-Rural-del-Sur-con-los-directivos-del-Real-Club-de-Tenis.jpg",2558,1391,false],"landscape":["https:\/\/fundacioncajaruraldelsur.com\/wp-content\/uploads\/2024\/07\/240708.-El-presidente-de-Fundacion-Caja-Rural-del-Sur-con-los-directivos-del-Real-Club-de-Tenis.jpg",2558,1391,false],"portraits":["https:\/\/fundacioncajaruraldelsur.com\/wp-content\/uploads\/2024\/07\/240708.-El-presidente-de-Fundacion-Caja-Rural-del-Sur-con-los-directivos-del-Real-Club-de-Tenis.jpg",2558,1391,false],"thumbnail":["https:\/\/fundacioncajaruraldelsur.com\/wp-content\/uploads\/2024\/07\/240708.-El-presidente-de-Fundacion-Caja-Rural-del-Sur-con-los-directivos-del-Real-Club-de-Tenis-150x150.jpg",150,150,true],"medium":["https:\/\/fundacioncajaruraldelsur.com\/wp-content\/uploads\/2024\/07\/240708.-El-presidente-de-Fundacion-Caja-Rural-del-Sur-con-los-directivos-del-Real-Club-de-Tenis-300x163.jpg",300,163,true],"large":["https:\/\/fundacioncajaruraldelsur.com\/wp-content\/uploads\/2024\/07\/240708.-El-presidente-de-Fundacion-Caja-Rural-del-Sur-con-los-directivos-del-Real-Club-de-Tenis-1024x557.jpg",960,522,true],"1536x1536":["https:\/\/fundacioncajaruraldelsur.com\/wp-content\/uploads\/2024\/07\/240708.-El-presidente-de-Fundacion-Caja-Rural-del-Sur-con-los-directivos-del-Real-Club-de-Tenis-1536x835.jpg",1536,835,true],"2048x2048":["https:\/\/fundacioncajaruraldelsur.com\/wp-content\/uploads\/2024\/07\/240708.-El-presidente-de-Fundacion-Caja-Rural-del-Sur-con-los-directivos-del-Real-Club-de-Tenis-2048x1114.jpg",2048,1114,true],"trp-custom-language-flag":["https:\/\/fundacioncajaruraldelsur.com\/wp-content\/uploads\/2024\/07\/240708.-El-presidente-de-Fundacion-Caja-Rural-del-Sur-con-los-directivos-del-Real-Club-de-Tenis.jpg",18,10,false],"blog-thumbnail":["https:\/\/fundacioncajaruraldelsur.com\/wp-content\/uploads\/2024\/07\/240708.-El-presidente-de-Fundacion-Caja-Rural-del-Sur-con-los-directivos-del-Real-Club-de-Tenis-400x200.jpg",400,200,true]},"rttpg_author":{"display_name":"Comunicaci\u00f3n","author_link":"https:\/\/fundacioncajaruraldelsur.com\/pt\/author\/sevillaadmin\/"},"rttpg_comment":0,"rttpg_category":"<a href=\"https:\/\/fundacioncajaruraldelsur.com\/pt\/category\/convenios\/\" rel=\"category tag\">Convenios<\/a>","rttpg_excerpt":"La Fundaci\u00f3n Caja del Sur estar\u00e1 presente en la 99 edici\u00f3n de la Copa del Rey de Tenis de Huelva, que organiza el Real Club Recreativo de Tenis y que [&hellip;]","_links":{"self":[{"href":"https:\/\/fundacioncajaruraldelsur.com\/pt\/wp-json\/wp\/v2\/posts\/10255","targetHints":{"allow":["GET"]}}],"collection":[{"href":"https:\/\/fundacioncajaruraldelsur.com\/pt\/wp-json\/wp\/v2\/posts"}],"about":[{"href":"https:\/\/fundacioncajaruraldelsur.com\/pt\/wp-json\/wp\/v2\/types\/post"}],"author":[{"embeddable":true,"href":"https:\/\/fundacioncajaruraldelsur.com\/pt\/wp-json\/wp\/v2\/users\/6"}],"replies":[{"embeddable":true,"href":"https:\/\/fundacioncajaruraldelsur.com\/pt\/wp-json\/wp\/v2\/comments?post=10255"}],"version-history":[{"count":1,"href":"https:\/\/fundacioncajaruraldelsur.com\/pt\/wp-json\/wp\/v2\/posts\/10255\/revisions"}],"predecessor-version":[{"id":10257,"href":"https:\/\/fundacioncajaruraldelsur.com\/pt\/wp-json\/wp\/v2\/posts\/10255\/revisions\/10257"}],"wp:featuredmedia":[{"embeddable":true,"href":"https:\/\/fundacioncajaruraldelsur.com\/pt\/wp-json\/wp\/v2\/media\/10256"}],"wp:attachment":[{"href":"https:\/\/fundacioncajaruraldelsur.com\/pt\/wp-json\/wp\/v2\/media?parent=10255"}],"wp:term":[{"taxonomy":"category","embeddable":true,"href":"https:\/\/fundacioncajaruraldelsur.com\/pt\/wp-json\/wp\/v2\/categories?post=10255"},{"taxonomy":"post_tag","embeddable":true,"href":"https:\/\/fundacioncajaruraldelsur.com\/pt\/wp-json\/wp\/v2\/tags?post=10255"}],"curies":[{"name":"wp","href":"https:\/\/api.w.org\/{rel}","templated":true}]}}