{"id":10251,"date":"2024-07-08T12:54:16","date_gmt":"2024-07-08T11:54:16","guid":{"rendered":"\/?p=10251"},"modified":"2024-07-08T12:58:16","modified_gmt":"2024-07-08T11:58:16","slug":"renovamos-nuestro-apoyo-a-la-lonja-de-cereales-de-sevilla","status":"publish","type":"post","link":"https:\/\/fundacioncajaruraldelsur.com\/pt\/renovamos-nuestro-apoyo-a-la-lonja-de-cereales-de-sevilla\/","title":{"rendered":"Renovamos nuestro apoyo a la Lonja de Cereales de Sevilla"},"content":{"rendered":"<p><strong>Caja Rural del Sur y la C\u00e1mara de Comercio de Sevilla <\/strong>han renovado su colaboraci\u00f3n para apoyar a la <strong>Lonja de Cereales y Oleaginosas de Sevilla<\/strong> para impulsar el sector mediante un convenio que promueve precios orientativos y transparencia en el mercado, as\u00ed como el desarrollo de actividades y foros empresariales.<\/p>\n<p><strong>La Lonja de Cereales y Oleaginosas de Sevilla<\/strong> ha celebrado su <strong>asamblea anual<\/strong> con un <strong>nutrido grupo de empresarios<\/strong> del sector que han analizado la situaci\u00f3n de la cosecha y las calidades de los cereales y oleaginosas en Andaluc\u00eda y los mercados agr\u00edcolas.<\/p>\n<p>La clausura de la asamblea estuvo presidida por la\u00a0<b>delegada de Agricultura, Pesca, Agua y Desarrollo Rural en Sevilla,\u00a0<\/b><strong> Isabel Sol\u00eds Benjumea<\/strong><b>,\u00a0<\/b>por el<strong> presidente de la Fundaci\u00f3n Caja Rural del Sur, Jos\u00e9 Luis Garc\u00eda Palacios,<\/strong> por el <strong>presidente de la C\u00e1mara de Comercio de Sevilla, Francisco Herrero<\/strong> y por el <strong>Presidente de la Lonja de Cereales y Oleaginosas de Sevilla, Pablo Gonz\u00e1lez del Corral.<\/strong><\/p>\n<p><strong>Jos\u00e9 Luis Garc\u00eda-Palacios \u00c1lvarez, presidente de Caja Rural del Sur,<\/strong> enfatiz\u00f3 la complejidad del sector agroalimentario y critic\u00f3 a la UE por errores hist\u00f3ricos, subrayando la importancia estrat\u00e9gica de la agricultura. Reiter\u00f3 el apoyo a esta instituci\u00f3n y la presencia de la Caja Rural en la Lonja de Cereales basada en el respaldo al asociacionismo empresarial sobre todo el agroalimentario e industrial.\u00a0Asimismo, Garc\u00eda-Palacios anim\u00f3 a la Lonja de Cereales a continuar con la labor que viene realizando tras la consolidaci\u00f3n lograda durante los pasados a\u00f1os \u00abcoordinando y consensuando los intereses de todo el sector en unos momentos complejos para el \u00e1mbito agroalimentario para impulsar su desarrollo presente y futuro\u00bb.<\/p>\n<p><strong>Isabel Sol\u00eds Benjumea, delegada de la Consejer\u00eda de Agricultura en Sevilla,<\/strong> destac\u00f3 una mejora en la producci\u00f3n de cereales respecto a a\u00f1os anteriores, alcanzando aproximadamente 2 millones de toneladas, aunque lament\u00f3 la baja cotizaci\u00f3n y la reducci\u00f3n de hect\u00e1reas cultivadas. Tambi\u00e9n mencion\u00f3 el estr\u00e9s h\u00eddrico y la reducci\u00f3n de ayudas de la PAC.<\/p>\n<p><strong>En el acto, Jos\u00e9 Mar\u00eda Mateo Alujas, del Advisory Board Panda Agriculture and Water Fund,<\/strong> detall\u00f3 la producci\u00f3n y los usos de cereales y oleaginosas, resaltando la innovaci\u00f3n y sostenibilidad del sector. Francisco Herrero, presidente de la C\u00e1mara de Comercio de Sevilla, elogi\u00f3 el trabajo de la Lonja y su impacto positivo en la econom\u00eda local.<\/p>\n<p><strong>El presidente de la Lonja, Pablo Gonz\u00e1lez del Corral,<\/strong> se\u00f1al\u00f3 la volatilidad en los precios debido a conflictos internacionales y sequ\u00eda.<\/p>","protected":false},"excerpt":{"rendered":"<p>Caja Rural del Sur y la C\u00e1mara de Comercio de Sevilla han renovado su colaboraci\u00f3n para apoyar a la Lonja de Cereales y Oleaginosas de Sevilla para impulsar el sector [&hellip;]<\/p>\n","protected":false},"author":6,"featured_media":10252,"comment_status":"closed","ping_status":"closed","sticky":false,"template":"","format":"standard","meta":{"footnotes":""},"categories":[67],"tags":[],"class_list":["post-10251","post","type-post","status-publish","format-standard","has-post-thumbnail","hentry","category-convenios"],"yoast_head":"<!-- This site is optimized with the Yoast SEO plugin v27.3 - https:\/\/yoast.com\/product\/yoast-seo-wordpress\/ -->\n<title>Renovamos nuestro apoyo a la Lonja de Cereales de Sevilla - Fundaci\u00f3n Caja Rural del Sur<\/title>\n<meta name=\"robots\" content=\"index, follow, max-snippet:-1, max-image-preview:large, max-video-preview:-1\" \/>\n<link rel=\"canonical\" href=\"https:\/\/fundacioncajaruraldelsur.com\/pt\/renovamos-nuestro-apoyo-a-la-lonja-de-cereales-de-sevilla\/\" \/>\n<meta property=\"og:locale\" content=\"pt_PT\" \/>\n<meta property=\"og:type\" content=\"article\" \/>\n<meta property=\"og:title\" content=\"Renovamos nuestro apoyo a la Lonja de Cereales de Sevilla - Fundaci\u00f3n Caja Rural del Sur\" \/>\n<meta property=\"og:description\" content=\"Caja Rural del Sur y la C\u00e1mara de Comercio de Sevilla han renovado su colaboraci\u00f3n para apoyar a la Lonja de Cereales y Oleaginosas de Sevilla para impulsar el sector [&hellip;]\" \/>\n<meta property=\"og:url\" content=\"https:\/\/fundacioncajaruraldelsur.com\/pt\/renovamos-nuestro-apoyo-a-la-lonja-de-cereales-de-sevilla\/\" \/>\n<meta property=\"og:site_name\" content=\"Fundaci\u00f3n Caja Rural del Sur\" \/>\n<meta property=\"article:published_time\" content=\"2024-07-08T11:54:16+00:00\" \/>\n<meta property=\"article:modified_time\" content=\"2024-07-08T11:58:16+00:00\" \/>\n<meta property=\"og:image\" content=\"https:\/\/fundacioncajaruraldelsur.com\/wp-content\/uploads\/2024\/07\/Lonja.jpg\" \/>\n\t<meta property=\"og:image:width\" content=\"1170\" \/>\n\t<meta property=\"og:image:height\" content=\"763\" \/>\n\t<meta property=\"og:image:type\" content=\"image\/jpeg\" \/>\n<meta name=\"author\" content=\"Comunicaci\u00f3n\" \/>\n<meta name=\"twitter:card\" content=\"summary_large_image\" \/>\n<meta name=\"twitter:label1\" content=\"Written by\" \/>\n\t<meta name=\"twitter:data1\" content=\"Comunicaci\u00f3n\" \/>\n\t<meta name=\"twitter:label2\" content=\"Est. reading time\" \/>\n\t<meta name=\"twitter:data2\" content=\"3 minutes\" \/>\n<script type=\"application\/ld+json\" class=\"yoast-schema-graph\">{\"@context\":\"https:\\\/\\\/schema.org\",\"@graph\":[{\"@type\":\"Article\",\"@id\":\"https:\\\/\\\/fundacioncajaruraldelsur.com\\\/renovamos-nuestro-apoyo-a-la-lonja-de-cereales-de-sevilla\\\/#article\",\"isPartOf\":{\"@id\":\"https:\\\/\\\/fundacioncajaruraldelsur.com\\\/renovamos-nuestro-apoyo-a-la-lonja-de-cereales-de-sevilla\\\/\"},\"author\":{\"name\":\"Comunicaci\u00f3n\",\"@id\":\"https:\\\/\\\/fundacioncajaruraldelsur.com\\\/#\\\/schema\\\/person\\\/f430da9fb783d505ff061ad8b3d44577\"},\"headline\":\"Renovamos nuestro apoyo a la Lonja de Cereales de Sevilla\",\"datePublished\":\"2024-07-08T11:54:16+00:00\",\"dateModified\":\"2024-07-08T11:58:16+00:00\",\"mainEntityOfPage\":{\"@id\":\"https:\\\/\\\/fundacioncajaruraldelsur.com\\\/renovamos-nuestro-apoyo-a-la-lonja-de-cereales-de-sevilla\\\/\"},\"wordCount\":444,\"image\":{\"@id\":\"https:\\\/\\\/fundacioncajaruraldelsur.com\\\/renovamos-nuestro-apoyo-a-la-lonja-de-cereales-de-sevilla\\\/#primaryimage\"},\"thumbnailUrl\":\"https:\\\/\\\/fundacioncajaruraldelsur.com\\\/wp-content\\\/uploads\\\/2024\\\/07\\\/Lonja.jpg\",\"articleSection\":[\"Convenios\"],\"inLanguage\":\"pt-PT\"},{\"@type\":\"WebPage\",\"@id\":\"https:\\\/\\\/fundacioncajaruraldelsur.com\\\/renovamos-nuestro-apoyo-a-la-lonja-de-cereales-de-sevilla\\\/\",\"url\":\"https:\\\/\\\/fundacioncajaruraldelsur.com\\\/renovamos-nuestro-apoyo-a-la-lonja-de-cereales-de-sevilla\\\/\",\"name\":\"Renovamos nuestro apoyo a la Lonja de Cereales de Sevilla - Fundaci\u00f3n Caja Rural del Sur\",\"isPartOf\":{\"@id\":\"https:\\\/\\\/fundacioncajaruraldelsur.com\\\/#website\"},\"primaryImageOfPage\":{\"@id\":\"https:\\\/\\\/fundacioncajaruraldelsur.com\\\/renovamos-nuestro-apoyo-a-la-lonja-de-cereales-de-sevilla\\\/#primaryimage\"},\"image\":{\"@id\":\"https:\\\/\\\/fundacioncajaruraldelsur.com\\\/renovamos-nuestro-apoyo-a-la-lonja-de-cereales-de-sevilla\\\/#primaryimage\"},\"thumbnailUrl\":\"https:\\\/\\\/fundacioncajaruraldelsur.com\\\/wp-content\\\/uploads\\\/2024\\\/07\\\/Lonja.jpg\",\"datePublished\":\"2024-07-08T11:54:16+00:00\",\"dateModified\":\"2024-07-08T11:58:16+00:00\",\"author\":{\"@id\":\"https:\\\/\\\/fundacioncajaruraldelsur.com\\\/#\\\/schema\\\/person\\\/f430da9fb783d505ff061ad8b3d44577\"},\"breadcrumb\":{\"@id\":\"https:\\\/\\\/fundacioncajaruraldelsur.com\\\/renovamos-nuestro-apoyo-a-la-lonja-de-cereales-de-sevilla\\\/#breadcrumb\"},\"inLanguage\":\"pt-PT\",\"potentialAction\":[{\"@type\":\"ReadAction\",\"target\":[\"https:\\\/\\\/fundacioncajaruraldelsur.com\\\/renovamos-nuestro-apoyo-a-la-lonja-de-cereales-de-sevilla\\\/\"]}]},{\"@type\":\"ImageObject\",\"inLanguage\":\"pt-PT\",\"@id\":\"https:\\\/\\\/fundacioncajaruraldelsur.com\\\/renovamos-nuestro-apoyo-a-la-lonja-de-cereales-de-sevilla\\\/#primaryimage\",\"url\":\"https:\\\/\\\/fundacioncajaruraldelsur.com\\\/wp-content\\\/uploads\\\/2024\\\/07\\\/Lonja.jpg\",\"contentUrl\":\"https:\\\/\\\/fundacioncajaruraldelsur.com\\\/wp-content\\\/uploads\\\/2024\\\/07\\\/Lonja.jpg\",\"width\":1170,\"height\":763},{\"@type\":\"BreadcrumbList\",\"@id\":\"https:\\\/\\\/fundacioncajaruraldelsur.com\\\/renovamos-nuestro-apoyo-a-la-lonja-de-cereales-de-sevilla\\\/#breadcrumb\",\"itemListElement\":[{\"@type\":\"ListItem\",\"position\":1,\"name\":\"Portada\",\"item\":\"https:\\\/\\\/fundacioncajaruraldelsur.com\\\/\"},{\"@type\":\"ListItem\",\"position\":2,\"name\":\"Renovamos nuestro apoyo a la Lonja de Cereales de Sevilla\"}]},{\"@type\":\"WebSite\",\"@id\":\"https:\\\/\\\/fundacioncajaruraldelsur.com\\\/#website\",\"url\":\"https:\\\/\\\/fundacioncajaruraldelsur.com\\\/\",\"name\":\"Fundaci\u00f3n Caja Rural del Sur\",\"description\":\"\",\"potentialAction\":[{\"@type\":\"SearchAction\",\"target\":{\"@type\":\"EntryPoint\",\"urlTemplate\":\"https:\\\/\\\/fundacioncajaruraldelsur.com\\\/?s={search_term_string}\"},\"query-input\":{\"@type\":\"PropertyValueSpecification\",\"valueRequired\":true,\"valueName\":\"search_term_string\"}}],\"inLanguage\":\"pt-PT\"},{\"@type\":\"Person\",\"@id\":\"https:\\\/\\\/fundacioncajaruraldelsur.com\\\/#\\\/schema\\\/person\\\/f430da9fb783d505ff061ad8b3d44577\",\"name\":\"Comunicaci\u00f3n\",\"image\":{\"@type\":\"ImageObject\",\"inLanguage\":\"pt-PT\",\"@id\":\"https:\\\/\\\/secure.gravatar.com\\\/avatar\\\/0dca239875993680bac4603ad2de7942da018f52cc3a244578e0b3b09314a8d8?s=96&d=blank&r=g\",\"url\":\"https:\\\/\\\/secure.gravatar.com\\\/avatar\\\/0dca239875993680bac4603ad2de7942da018f52cc3a244578e0b3b09314a8d8?s=96&d=blank&r=g\",\"contentUrl\":\"https:\\\/\\\/secure.gravatar.com\\\/avatar\\\/0dca239875993680bac4603ad2de7942da018f52cc3a244578e0b3b09314a8d8?s=96&d=blank&r=g\",\"caption\":\"Comunicaci\u00f3n\"}}]}<\/script>\n<!-- \/ Yoast SEO plugin. -->","yoast_head_json":{"title":"Renovamos nuestro apoyo a la Lonja de Cereales de Sevilla - Fundaci\u00f3n Caja Rural del Sur","robots":{"index":"index","follow":"follow","max-snippet":"max-snippet:-1","max-image-preview":"max-image-preview:large","max-video-preview":"max-video-preview:-1"},"canonical":"https:\/\/fundacioncajaruraldelsur.com\/pt\/renovamos-nuestro-apoyo-a-la-lonja-de-cereales-de-sevilla\/","og_locale":"pt_PT","og_type":"article","og_title":"Renovamos nuestro apoyo a la Lonja de Cereales de Sevilla - Fundaci\u00f3n Caja Rural del Sur","og_description":"Caja Rural del Sur y la C\u00e1mara de Comercio de Sevilla han renovado su colaboraci\u00f3n para apoyar a la Lonja de Cereales y Oleaginosas de Sevilla para impulsar el sector [&hellip;]","og_url":"https:\/\/fundacioncajaruraldelsur.com\/pt\/renovamos-nuestro-apoyo-a-la-lonja-de-cereales-de-sevilla\/","og_site_name":"Fundaci\u00f3n Caja Rural del Sur","article_published_time":"2024-07-08T11:54:16+00:00","article_modified_time":"2024-07-08T11:58:16+00:00","og_image":[{"width":1170,"height":763,"url":"https:\/\/fundacioncajaruraldelsur.com\/wp-content\/uploads\/2024\/07\/Lonja.jpg","type":"image\/jpeg"}],"author":"Comunicaci\u00f3n","twitter_card":"summary_large_image","twitter_misc":{"Written by":"Comunicaci\u00f3n","Est. reading time":"3 minutes"},"schema":{"@context":"https:\/\/schema.org","@graph":[{"@type":"Article","@id":"https:\/\/fundacioncajaruraldelsur.com\/renovamos-nuestro-apoyo-a-la-lonja-de-cereales-de-sevilla\/#article","isPartOf":{"@id":"https:\/\/fundacioncajaruraldelsur.com\/renovamos-nuestro-apoyo-a-la-lonja-de-cereales-de-sevilla\/"},"author":{"name":"Comunicaci\u00f3n","@id":"https:\/\/fundacioncajaruraldelsur.com\/#\/schema\/person\/f430da9fb783d505ff061ad8b3d44577"},"headline":"Renovamos nuestro apoyo a la Lonja de Cereales de Sevilla","datePublished":"2024-07-08T11:54:16+00:00","dateModified":"2024-07-08T11:58:16+00:00","mainEntityOfPage":{"@id":"https:\/\/fundacioncajaruraldelsur.com\/renovamos-nuestro-apoyo-a-la-lonja-de-cereales-de-sevilla\/"},"wordCount":444,"image":{"@id":"https:\/\/fundacioncajaruraldelsur.com\/renovamos-nuestro-apoyo-a-la-lonja-de-cereales-de-sevilla\/#primaryimage"},"thumbnailUrl":"https:\/\/fundacioncajaruraldelsur.com\/wp-content\/uploads\/2024\/07\/Lonja.jpg","articleSection":["Convenios"],"inLanguage":"pt-PT"},{"@type":"WebPage","@id":"https:\/\/fundacioncajaruraldelsur.com\/renovamos-nuestro-apoyo-a-la-lonja-de-cereales-de-sevilla\/","url":"https:\/\/fundacioncajaruraldelsur.com\/renovamos-nuestro-apoyo-a-la-lonja-de-cereales-de-sevilla\/","name":"Renovamos nuestro apoyo a la Lonja de Cereales de Sevilla - Fundaci\u00f3n Caja Rural del Sur","isPartOf":{"@id":"https:\/\/fundacioncajaruraldelsur.com\/#website"},"primaryImageOfPage":{"@id":"https:\/\/fundacioncajaruraldelsur.com\/renovamos-nuestro-apoyo-a-la-lonja-de-cereales-de-sevilla\/#primaryimage"},"image":{"@id":"https:\/\/fundacioncajaruraldelsur.com\/renovamos-nuestro-apoyo-a-la-lonja-de-cereales-de-sevilla\/#primaryimage"},"thumbnailUrl":"https:\/\/fundacioncajaruraldelsur.com\/wp-content\/uploads\/2024\/07\/Lonja.jpg","datePublished":"2024-07-08T11:54:16+00:00","dateModified":"2024-07-08T11:58:16+00:00","author":{"@id":"https:\/\/fundacioncajaruraldelsur.com\/#\/schema\/person\/f430da9fb783d505ff061ad8b3d44577"},"breadcrumb":{"@id":"https:\/\/fundacioncajaruraldelsur.com\/renovamos-nuestro-apoyo-a-la-lonja-de-cereales-de-sevilla\/#breadcrumb"},"inLanguage":"pt-PT","potentialAction":[{"@type":"ReadAction","target":["https:\/\/fundacioncajaruraldelsur.com\/renovamos-nuestro-apoyo-a-la-lonja-de-cereales-de-sevilla\/"]}]},{"@type":"ImageObject","inLanguage":"pt-PT","@id":"https:\/\/fundacioncajaruraldelsur.com\/renovamos-nuestro-apoyo-a-la-lonja-de-cereales-de-sevilla\/#primaryimage","url":"https:\/\/fundacioncajaruraldelsur.com\/wp-content\/uploads\/2024\/07\/Lonja.jpg","contentUrl":"https:\/\/fundacioncajaruraldelsur.com\/wp-content\/uploads\/2024\/07\/Lonja.jpg","width":1170,"height":763},{"@type":"BreadcrumbList","@id":"https:\/\/fundacioncajaruraldelsur.com\/renovamos-nuestro-apoyo-a-la-lonja-de-cereales-de-sevilla\/#breadcrumb","itemListElement":[{"@type":"ListItem","position":1,"name":"Portada","item":"https:\/\/fundacioncajaruraldelsur.com\/"},{"@type":"ListItem","position":2,"name":"Renovamos nuestro apoyo a la Lonja de Cereales de Sevilla"}]},{"@type":"WebSite","@id":"https:\/\/fundacioncajaruraldelsur.com\/#website","url":"https:\/\/fundacioncajaruraldelsur.com\/","name":"Funda\u00e7\u00e3o Caja Rural del Sur","description":"","potentialAction":[{"@type":"SearchAction","target":{"@type":"EntryPoint","urlTemplate":"https:\/\/fundacioncajaruraldelsur.com\/?s={search_term_string}"},"query-input":{"@type":"PropertyValueSpecification","valueRequired":true,"valueName":"search_term_string"}}],"inLanguage":"pt-PT"},{"@type":"Person","@id":"https:\/\/fundacioncajaruraldelsur.com\/#\/schema\/person\/f430da9fb783d505ff061ad8b3d44577","name":"Comunicaci\u00f3n","image":{"@type":"ImageObject","inLanguage":"pt-PT","@id":"https:\/\/secure.gravatar.com\/avatar\/0dca239875993680bac4603ad2de7942da018f52cc3a244578e0b3b09314a8d8?s=96&d=blank&r=g","url":"https:\/\/secure.gravatar.com\/avatar\/0dca239875993680bac4603ad2de7942da018f52cc3a244578e0b3b09314a8d8?s=96&d=blank&r=g","contentUrl":"https:\/\/secure.gravatar.com\/avatar\/0dca239875993680bac4603ad2de7942da018f52cc3a244578e0b3b09314a8d8?s=96&d=blank&r=g","caption":"Comunicaci\u00f3n"}}]}},"rttpg_featured_image_url":{"full":["https:\/\/fundacioncajaruraldelsur.com\/wp-content\/uploads\/2024\/07\/Lonja.jpg",1170,763,false],"landscape":["https:\/\/fundacioncajaruraldelsur.com\/wp-content\/uploads\/2024\/07\/Lonja.jpg",1170,763,false],"portraits":["https:\/\/fundacioncajaruraldelsur.com\/wp-content\/uploads\/2024\/07\/Lonja.jpg",1170,763,false],"thumbnail":["https:\/\/fundacioncajaruraldelsur.com\/wp-content\/uploads\/2024\/07\/Lonja-150x150.jpg",150,150,true],"medium":["https:\/\/fundacioncajaruraldelsur.com\/wp-content\/uploads\/2024\/07\/Lonja-300x196.jpg",300,196,true],"large":["https:\/\/fundacioncajaruraldelsur.com\/wp-content\/uploads\/2024\/07\/Lonja-1024x668.jpg",960,626,true],"1536x1536":["https:\/\/fundacioncajaruraldelsur.com\/wp-content\/uploads\/2024\/07\/Lonja.jpg",1170,763,false],"2048x2048":["https:\/\/fundacioncajaruraldelsur.com\/wp-content\/uploads\/2024\/07\/Lonja.jpg",1170,763,false],"trp-custom-language-flag":["https:\/\/fundacioncajaruraldelsur.com\/wp-content\/uploads\/2024\/07\/Lonja.jpg",18,12,false],"blog-thumbnail":["https:\/\/fundacioncajaruraldelsur.com\/wp-content\/uploads\/2024\/07\/Lonja-400x200.jpg",400,200,true]},"rttpg_author":{"display_name":"Comunicaci\u00f3n","author_link":"https:\/\/fundacioncajaruraldelsur.com\/pt\/author\/sevillaadmin\/"},"rttpg_comment":0,"rttpg_category":"<a href=\"https:\/\/fundacioncajaruraldelsur.com\/pt\/category\/convenios\/\" rel=\"category tag\">Convenios<\/a>","rttpg_excerpt":"Caja Rural del Sur y la C\u00e1mara de Comercio de Sevilla han renovado su colaboraci\u00f3n para apoyar a la Lonja de Cereales y Oleaginosas de Sevilla para impulsar el sector [&hellip;]","_links":{"self":[{"href":"https:\/\/fundacioncajaruraldelsur.com\/pt\/wp-json\/wp\/v2\/posts\/10251","targetHints":{"allow":["GET"]}}],"collection":[{"href":"https:\/\/fundacioncajaruraldelsur.com\/pt\/wp-json\/wp\/v2\/posts"}],"about":[{"href":"https:\/\/fundacioncajaruraldelsur.com\/pt\/wp-json\/wp\/v2\/types\/post"}],"author":[{"embeddable":true,"href":"https:\/\/fundacioncajaruraldelsur.com\/pt\/wp-json\/wp\/v2\/users\/6"}],"replies":[{"embeddable":true,"href":"https:\/\/fundacioncajaruraldelsur.com\/pt\/wp-json\/wp\/v2\/comments?post=10251"}],"version-history":[{"count":2,"href":"https:\/\/fundacioncajaruraldelsur.com\/pt\/wp-json\/wp\/v2\/posts\/10251\/revisions"}],"predecessor-version":[{"id":10254,"href":"https:\/\/fundacioncajaruraldelsur.com\/pt\/wp-json\/wp\/v2\/posts\/10251\/revisions\/10254"}],"wp:featuredmedia":[{"embeddable":true,"href":"https:\/\/fundacioncajaruraldelsur.com\/pt\/wp-json\/wp\/v2\/media\/10252"}],"wp:attachment":[{"href":"https:\/\/fundacioncajaruraldelsur.com\/pt\/wp-json\/wp\/v2\/media?parent=10251"}],"wp:term":[{"taxonomy":"category","embeddable":true,"href":"https:\/\/fundacioncajaruraldelsur.com\/pt\/wp-json\/wp\/v2\/categories?post=10251"},{"taxonomy":"post_tag","embeddable":true,"href":"https:\/\/fundacioncajaruraldelsur.com\/pt\/wp-json\/wp\/v2\/tags?post=10251"}],"curies":[{"name":"wp","href":"https:\/\/api.w.org\/{rel}","templated":true}]}}