{"id":10247,"date":"2024-07-05T16:19:27","date_gmt":"2024-07-05T15:19:27","guid":{"rendered":"\/?p=10247"},"modified":"2024-07-05T16:19:27","modified_gmt":"2024-07-05T15:19:27","slug":"la-fundacion-caja-rural-del-sur-renueva-su-colaboracion-con-la-uco-para-la-catedra-de-innovacion-agraria-y-alimentaria","status":"publish","type":"post","link":"https:\/\/fundacioncajaruraldelsur.com\/pt\/la-fundacion-caja-rural-del-sur-renueva-su-colaboracion-con-la-uco-para-la-catedra-de-innovacion-agraria-y-alimentaria\/","title":{"rendered":"La Fundaci\u00f3n Caja Rural del Sur renueva su colaboraci\u00f3n con la UCO para la C\u00e1tedra de Innovaci\u00f3n Agraria y Alimentaria"},"content":{"rendered":"<p>La Fundaci\u00f3n Caja Rural Sur ha renovado su confianza en la C\u00e1tedra de Innovaci\u00f3n Agraria y Alimentaria de la UCO, en virtud del convenio firmado por el rector, Manuel Torralbo Rodr\u00edguez,\u00a0 y el vicepresidente de la Fundaci\u00f3n, Ricardo L\u00f3pez- Crespo, quienes estuvieron acompa\u00f1ados de la vicerrectora de Innovaci\u00f3n y Transferencia de la Universidad, Lourdes Arce Jim\u00e9nez.<\/p>\n<p>La C\u00e1tedra de Innovaci\u00f3n Agraria y Alimentaria UCO &#8211; Fundaci\u00f3n Caja Rural del Sur naci\u00f3 en 2020 para dar respuestas a las necesidades que tiene la sociedad en relaci\u00f3n con problemas que se sit\u00faan como grandes retos globales: la alimentaci\u00f3n, la seguridad alimentaria, el medio ambiente, el agua, el cambio clim\u00e1tico, el despoblamiento o la transformaci\u00f3n digital.<\/p>\n<p>La direcci\u00f3n de la C\u00e1tedra que, durante estos a\u00f1os, ha reca\u00eddo en M.\u00aa del Carmen Campillo, actual directora de la ETSIAM, pasa ahora a Isabel Castillejo Gonz\u00e1lez, profesora titular de Ingenier\u00eda Cartogr\u00e1fica, Geodesia y Fotogrametr\u00eda.<\/p>\n<p>En su andadura, la C\u00e1tedra de Innovaci\u00f3n Agraria y Alimentaria UCO &#8211; Fundaci\u00f3n Caja Rural del Sur ha promovido la celebraci\u00f3n de varias jornadas en torno a retos globales y soluciones innovadoras en la producci\u00f3n de alimentos, y ha impulsado el programa &#8216;J\u00f3venes con Alto Potencial Innovador en el sector agroalimentario&#8217;, adem\u00e1s de la convocatoria de distintas becas de pr\u00e1cticas.<\/p>\n<p>Gracias a la renovaci\u00f3n del convenio, en la C\u00e1tedra se desarrollar\u00e1n proyectos acad\u00e9micos y cient\u00edficos en colaboraci\u00f3n con el mundo empresarial que permitir\u00e1n transferir todo el conocimiento que se genera en la UCO a las empresas del sector agroalimentario. Adem\u00e1s, gracias a esta C\u00e1tedra se fomenta la colaboraci\u00f3n directa entre el mundo acad\u00e9mico y empresarial para poder estar atentos a nuevos problemas o demandas que necesiten de innovaci\u00f3n para mejorar productos o servicios y se podr\u00e1 formar al estudiantado de la UCO en temas que son ahora de especial inter\u00e9s para la sociedad.<\/p>\n<p><a href=\"\/wp-content\/uploads\/2024\/07\/240705.-Satisfacion-de-ambas-partes-por-la-renovacion-del-acuerdo-entre-la-UCO-y-la-Fundacion-Caja-Rural-del-Sur-1.jpg\" rel=\"lightbox-0\"><img loading=\"lazy\" decoding=\"async\" class=\"alignnone wp-image-10249 size-full\" src=\"\/wp-content\/uploads\/2024\/07\/240705.-Satisfacion-de-ambas-partes-por-la-renovacion-del-acuerdo-entre-la-UCO-y-la-Fundacion-Caja-Rural-del-Sur-1.jpg\" alt=\"\" width=\"2398\" height=\"1599\" srcset=\"https:\/\/fundacioncajaruraldelsur.com\/wp-content\/uploads\/2024\/07\/240705.-Satisfacion-de-ambas-partes-por-la-renovacion-del-acuerdo-entre-la-UCO-y-la-Fundacion-Caja-Rural-del-Sur-1.jpg 2398w, https:\/\/fundacioncajaruraldelsur.com\/wp-content\/uploads\/2024\/07\/240705.-Satisfacion-de-ambas-partes-por-la-renovacion-del-acuerdo-entre-la-UCO-y-la-Fundacion-Caja-Rural-del-Sur-1-300x200.jpg 300w, https:\/\/fundacioncajaruraldelsur.com\/wp-content\/uploads\/2024\/07\/240705.-Satisfacion-de-ambas-partes-por-la-renovacion-del-acuerdo-entre-la-UCO-y-la-Fundacion-Caja-Rural-del-Sur-1-1024x683.jpg 1024w, https:\/\/fundacioncajaruraldelsur.com\/wp-content\/uploads\/2024\/07\/240705.-Satisfacion-de-ambas-partes-por-la-renovacion-del-acuerdo-entre-la-UCO-y-la-Fundacion-Caja-Rural-del-Sur-1-768x512.jpg 768w, https:\/\/fundacioncajaruraldelsur.com\/wp-content\/uploads\/2024\/07\/240705.-Satisfacion-de-ambas-partes-por-la-renovacion-del-acuerdo-entre-la-UCO-y-la-Fundacion-Caja-Rural-del-Sur-1-1536x1024.jpg 1536w, https:\/\/fundacioncajaruraldelsur.com\/wp-content\/uploads\/2024\/07\/240705.-Satisfacion-de-ambas-partes-por-la-renovacion-del-acuerdo-entre-la-UCO-y-la-Fundacion-Caja-Rural-del-Sur-1-2048x1366.jpg 2048w\" sizes=\"auto, (max-width: 2398px) 100vw, 2398px\" \/><\/a><\/p>\n<p>&nbsp;<\/p>","protected":false},"excerpt":{"rendered":"<p>La Fundaci\u00f3n Caja Rural Sur ha renovado su confianza en la C\u00e1tedra de Innovaci\u00f3n Agraria y Alimentaria de la UCO, en virtud del convenio firmado por el rector, Manuel Torralbo [&hellip;]<\/p>\n","protected":false},"author":6,"featured_media":10248,"comment_status":"closed","ping_status":"closed","sticky":false,"template":"","format":"standard","meta":{"footnotes":""},"categories":[67],"tags":[],"class_list":["post-10247","post","type-post","status-publish","format-standard","has-post-thumbnail","hentry","category-convenios"],"yoast_head":"<!-- This site is optimized with the Yoast SEO plugin v27.3 - https:\/\/yoast.com\/product\/yoast-seo-wordpress\/ -->\n<title>La Fundaci\u00f3n Caja Rural del Sur renueva su colaboraci\u00f3n con la UCO para la C\u00e1tedra de Innovaci\u00f3n Agraria y Alimentaria - Fundaci\u00f3n Caja Rural del Sur<\/title>\n<meta name=\"robots\" content=\"index, follow, max-snippet:-1, max-image-preview:large, max-video-preview:-1\" \/>\n<link rel=\"canonical\" href=\"https:\/\/fundacioncajaruraldelsur.com\/pt\/la-fundacion-caja-rural-del-sur-renueva-su-colaboracion-con-la-uco-para-la-catedra-de-innovacion-agraria-y-alimentaria\/\" \/>\n<meta property=\"og:locale\" content=\"pt_PT\" \/>\n<meta property=\"og:type\" content=\"article\" \/>\n<meta property=\"og:title\" content=\"La Fundaci\u00f3n Caja Rural del Sur renueva su colaboraci\u00f3n con la UCO para la C\u00e1tedra de Innovaci\u00f3n Agraria y Alimentaria - Fundaci\u00f3n Caja Rural del Sur\" \/>\n<meta property=\"og:description\" content=\"La Fundaci\u00f3n Caja Rural Sur ha renovado su confianza en la C\u00e1tedra de Innovaci\u00f3n Agraria y Alimentaria de la UCO, en virtud del convenio firmado por el rector, Manuel Torralbo [&hellip;]\" \/>\n<meta property=\"og:url\" content=\"https:\/\/fundacioncajaruraldelsur.com\/pt\/la-fundacion-caja-rural-del-sur-renueva-su-colaboracion-con-la-uco-para-la-catedra-de-innovacion-agraria-y-alimentaria\/\" \/>\n<meta property=\"og:site_name\" content=\"Fundaci\u00f3n Caja Rural del Sur\" \/>\n<meta property=\"article:published_time\" content=\"2024-07-05T15:19:27+00:00\" \/>\n<meta property=\"og:image\" content=\"https:\/\/fundacioncajaruraldelsur.com\/wp-content\/uploads\/2024\/07\/240705.-Asistentes-a-la-firma-del-acuerdo-entre-la-Universidad-de-Cordoba-y-la-Fundacion-Caja-Rural-del-Sur-1.jpg\" \/>\n\t<meta property=\"og:image:width\" content=\"1560\" \/>\n\t<meta property=\"og:image:height\" content=\"1040\" \/>\n\t<meta property=\"og:image:type\" content=\"image\/jpeg\" \/>\n<meta name=\"author\" content=\"Comunicaci\u00f3n\" \/>\n<meta name=\"twitter:card\" content=\"summary_large_image\" \/>\n<meta name=\"twitter:label1\" content=\"Written by\" \/>\n\t<meta name=\"twitter:data1\" content=\"Comunicaci\u00f3n\" \/>\n\t<meta name=\"twitter:label2\" content=\"Est. reading time\" \/>\n\t<meta name=\"twitter:data2\" content=\"2 minutes\" \/>\n<script type=\"application\/ld+json\" class=\"yoast-schema-graph\">{\"@context\":\"https:\\\/\\\/schema.org\",\"@graph\":[{\"@type\":\"Article\",\"@id\":\"https:\\\/\\\/fundacioncajaruraldelsur.com\\\/la-fundacion-caja-rural-del-sur-renueva-su-colaboracion-con-la-uco-para-la-catedra-de-innovacion-agraria-y-alimentaria\\\/#article\",\"isPartOf\":{\"@id\":\"https:\\\/\\\/fundacioncajaruraldelsur.com\\\/la-fundacion-caja-rural-del-sur-renueva-su-colaboracion-con-la-uco-para-la-catedra-de-innovacion-agraria-y-alimentaria\\\/\"},\"author\":{\"name\":\"Comunicaci\u00f3n\",\"@id\":\"https:\\\/\\\/fundacioncajaruraldelsur.com\\\/#\\\/schema\\\/person\\\/f430da9fb783d505ff061ad8b3d44577\"},\"headline\":\"La Fundaci\u00f3n Caja Rural del Sur renueva su colaboraci\u00f3n con la UCO para la C\u00e1tedra de Innovaci\u00f3n Agraria y Alimentaria\",\"datePublished\":\"2024-07-05T15:19:27+00:00\",\"mainEntityOfPage\":{\"@id\":\"https:\\\/\\\/fundacioncajaruraldelsur.com\\\/la-fundacion-caja-rural-del-sur-renueva-su-colaboracion-con-la-uco-para-la-catedra-de-innovacion-agraria-y-alimentaria\\\/\"},\"wordCount\":371,\"image\":{\"@id\":\"https:\\\/\\\/fundacioncajaruraldelsur.com\\\/la-fundacion-caja-rural-del-sur-renueva-su-colaboracion-con-la-uco-para-la-catedra-de-innovacion-agraria-y-alimentaria\\\/#primaryimage\"},\"thumbnailUrl\":\"https:\\\/\\\/fundacioncajaruraldelsur.com\\\/wp-content\\\/uploads\\\/2024\\\/07\\\/240705.-Asistentes-a-la-firma-del-acuerdo-entre-la-Universidad-de-Cordoba-y-la-Fundacion-Caja-Rural-del-Sur-1.jpg\",\"articleSection\":[\"Convenios\"],\"inLanguage\":\"pt-PT\"},{\"@type\":\"WebPage\",\"@id\":\"https:\\\/\\\/fundacioncajaruraldelsur.com\\\/la-fundacion-caja-rural-del-sur-renueva-su-colaboracion-con-la-uco-para-la-catedra-de-innovacion-agraria-y-alimentaria\\\/\",\"url\":\"https:\\\/\\\/fundacioncajaruraldelsur.com\\\/la-fundacion-caja-rural-del-sur-renueva-su-colaboracion-con-la-uco-para-la-catedra-de-innovacion-agraria-y-alimentaria\\\/\",\"name\":\"La Fundaci\u00f3n Caja Rural del Sur renueva su colaboraci\u00f3n con la UCO para la C\u00e1tedra de Innovaci\u00f3n Agraria y Alimentaria - Fundaci\u00f3n Caja Rural del Sur\",\"isPartOf\":{\"@id\":\"https:\\\/\\\/fundacioncajaruraldelsur.com\\\/#website\"},\"primaryImageOfPage\":{\"@id\":\"https:\\\/\\\/fundacioncajaruraldelsur.com\\\/la-fundacion-caja-rural-del-sur-renueva-su-colaboracion-con-la-uco-para-la-catedra-de-innovacion-agraria-y-alimentaria\\\/#primaryimage\"},\"image\":{\"@id\":\"https:\\\/\\\/fundacioncajaruraldelsur.com\\\/la-fundacion-caja-rural-del-sur-renueva-su-colaboracion-con-la-uco-para-la-catedra-de-innovacion-agraria-y-alimentaria\\\/#primaryimage\"},\"thumbnailUrl\":\"https:\\\/\\\/fundacioncajaruraldelsur.com\\\/wp-content\\\/uploads\\\/2024\\\/07\\\/240705.-Asistentes-a-la-firma-del-acuerdo-entre-la-Universidad-de-Cordoba-y-la-Fundacion-Caja-Rural-del-Sur-1.jpg\",\"datePublished\":\"2024-07-05T15:19:27+00:00\",\"author\":{\"@id\":\"https:\\\/\\\/fundacioncajaruraldelsur.com\\\/#\\\/schema\\\/person\\\/f430da9fb783d505ff061ad8b3d44577\"},\"breadcrumb\":{\"@id\":\"https:\\\/\\\/fundacioncajaruraldelsur.com\\\/la-fundacion-caja-rural-del-sur-renueva-su-colaboracion-con-la-uco-para-la-catedra-de-innovacion-agraria-y-alimentaria\\\/#breadcrumb\"},\"inLanguage\":\"pt-PT\",\"potentialAction\":[{\"@type\":\"ReadAction\",\"target\":[\"https:\\\/\\\/fundacioncajaruraldelsur.com\\\/la-fundacion-caja-rural-del-sur-renueva-su-colaboracion-con-la-uco-para-la-catedra-de-innovacion-agraria-y-alimentaria\\\/\"]}]},{\"@type\":\"ImageObject\",\"inLanguage\":\"pt-PT\",\"@id\":\"https:\\\/\\\/fundacioncajaruraldelsur.com\\\/la-fundacion-caja-rural-del-sur-renueva-su-colaboracion-con-la-uco-para-la-catedra-de-innovacion-agraria-y-alimentaria\\\/#primaryimage\",\"url\":\"https:\\\/\\\/fundacioncajaruraldelsur.com\\\/wp-content\\\/uploads\\\/2024\\\/07\\\/240705.-Asistentes-a-la-firma-del-acuerdo-entre-la-Universidad-de-Cordoba-y-la-Fundacion-Caja-Rural-del-Sur-1.jpg\",\"contentUrl\":\"https:\\\/\\\/fundacioncajaruraldelsur.com\\\/wp-content\\\/uploads\\\/2024\\\/07\\\/240705.-Asistentes-a-la-firma-del-acuerdo-entre-la-Universidad-de-Cordoba-y-la-Fundacion-Caja-Rural-del-Sur-1.jpg\",\"width\":1560,\"height\":1040},{\"@type\":\"BreadcrumbList\",\"@id\":\"https:\\\/\\\/fundacioncajaruraldelsur.com\\\/la-fundacion-caja-rural-del-sur-renueva-su-colaboracion-con-la-uco-para-la-catedra-de-innovacion-agraria-y-alimentaria\\\/#breadcrumb\",\"itemListElement\":[{\"@type\":\"ListItem\",\"position\":1,\"name\":\"Portada\",\"item\":\"https:\\\/\\\/fundacioncajaruraldelsur.com\\\/\"},{\"@type\":\"ListItem\",\"position\":2,\"name\":\"La Fundaci\u00f3n Caja Rural del Sur renueva su colaboraci\u00f3n con la UCO para la C\u00e1tedra de Innovaci\u00f3n Agraria y Alimentaria\"}]},{\"@type\":\"WebSite\",\"@id\":\"https:\\\/\\\/fundacioncajaruraldelsur.com\\\/#website\",\"url\":\"https:\\\/\\\/fundacioncajaruraldelsur.com\\\/\",\"name\":\"Fundaci\u00f3n Caja Rural del Sur\",\"description\":\"\",\"potentialAction\":[{\"@type\":\"SearchAction\",\"target\":{\"@type\":\"EntryPoint\",\"urlTemplate\":\"https:\\\/\\\/fundacioncajaruraldelsur.com\\\/?s={search_term_string}\"},\"query-input\":{\"@type\":\"PropertyValueSpecification\",\"valueRequired\":true,\"valueName\":\"search_term_string\"}}],\"inLanguage\":\"pt-PT\"},{\"@type\":\"Person\",\"@id\":\"https:\\\/\\\/fundacioncajaruraldelsur.com\\\/#\\\/schema\\\/person\\\/f430da9fb783d505ff061ad8b3d44577\",\"name\":\"Comunicaci\u00f3n\",\"image\":{\"@type\":\"ImageObject\",\"inLanguage\":\"pt-PT\",\"@id\":\"https:\\\/\\\/secure.gravatar.com\\\/avatar\\\/0dca239875993680bac4603ad2de7942da018f52cc3a244578e0b3b09314a8d8?s=96&d=blank&r=g\",\"url\":\"https:\\\/\\\/secure.gravatar.com\\\/avatar\\\/0dca239875993680bac4603ad2de7942da018f52cc3a244578e0b3b09314a8d8?s=96&d=blank&r=g\",\"contentUrl\":\"https:\\\/\\\/secure.gravatar.com\\\/avatar\\\/0dca239875993680bac4603ad2de7942da018f52cc3a244578e0b3b09314a8d8?s=96&d=blank&r=g\",\"caption\":\"Comunicaci\u00f3n\"}}]}<\/script>\n<!-- \/ Yoast SEO plugin. -->","yoast_head_json":{"title":"La Fundaci\u00f3n Caja Rural del Sur renueva su colaboraci\u00f3n con la UCO para la C\u00e1tedra de Innovaci\u00f3n Agraria y Alimentaria - Fundaci\u00f3n Caja Rural del Sur","robots":{"index":"index","follow":"follow","max-snippet":"max-snippet:-1","max-image-preview":"max-image-preview:large","max-video-preview":"max-video-preview:-1"},"canonical":"https:\/\/fundacioncajaruraldelsur.com\/pt\/la-fundacion-caja-rural-del-sur-renueva-su-colaboracion-con-la-uco-para-la-catedra-de-innovacion-agraria-y-alimentaria\/","og_locale":"pt_PT","og_type":"article","og_title":"La Fundaci\u00f3n Caja Rural del Sur renueva su colaboraci\u00f3n con la UCO para la C\u00e1tedra de Innovaci\u00f3n Agraria y Alimentaria - Fundaci\u00f3n Caja Rural del Sur","og_description":"La Fundaci\u00f3n Caja Rural Sur ha renovado su confianza en la C\u00e1tedra de Innovaci\u00f3n Agraria y Alimentaria de la UCO, en virtud del convenio firmado por el rector, Manuel Torralbo [&hellip;]","og_url":"https:\/\/fundacioncajaruraldelsur.com\/pt\/la-fundacion-caja-rural-del-sur-renueva-su-colaboracion-con-la-uco-para-la-catedra-de-innovacion-agraria-y-alimentaria\/","og_site_name":"Fundaci\u00f3n Caja Rural del Sur","article_published_time":"2024-07-05T15:19:27+00:00","og_image":[{"width":1560,"height":1040,"url":"https:\/\/fundacioncajaruraldelsur.com\/wp-content\/uploads\/2024\/07\/240705.-Asistentes-a-la-firma-del-acuerdo-entre-la-Universidad-de-Cordoba-y-la-Fundacion-Caja-Rural-del-Sur-1.jpg","type":"image\/jpeg"}],"author":"Comunicaci\u00f3n","twitter_card":"summary_large_image","twitter_misc":{"Written by":"Comunicaci\u00f3n","Est. reading time":"2 minutes"},"schema":{"@context":"https:\/\/schema.org","@graph":[{"@type":"Article","@id":"https:\/\/fundacioncajaruraldelsur.com\/la-fundacion-caja-rural-del-sur-renueva-su-colaboracion-con-la-uco-para-la-catedra-de-innovacion-agraria-y-alimentaria\/#article","isPartOf":{"@id":"https:\/\/fundacioncajaruraldelsur.com\/la-fundacion-caja-rural-del-sur-renueva-su-colaboracion-con-la-uco-para-la-catedra-de-innovacion-agraria-y-alimentaria\/"},"author":{"name":"Comunicaci\u00f3n","@id":"https:\/\/fundacioncajaruraldelsur.com\/#\/schema\/person\/f430da9fb783d505ff061ad8b3d44577"},"headline":"La Fundaci\u00f3n Caja Rural del Sur renueva su colaboraci\u00f3n con la UCO para la C\u00e1tedra de Innovaci\u00f3n Agraria y Alimentaria","datePublished":"2024-07-05T15:19:27+00:00","mainEntityOfPage":{"@id":"https:\/\/fundacioncajaruraldelsur.com\/la-fundacion-caja-rural-del-sur-renueva-su-colaboracion-con-la-uco-para-la-catedra-de-innovacion-agraria-y-alimentaria\/"},"wordCount":371,"image":{"@id":"https:\/\/fundacioncajaruraldelsur.com\/la-fundacion-caja-rural-del-sur-renueva-su-colaboracion-con-la-uco-para-la-catedra-de-innovacion-agraria-y-alimentaria\/#primaryimage"},"thumbnailUrl":"https:\/\/fundacioncajaruraldelsur.com\/wp-content\/uploads\/2024\/07\/240705.-Asistentes-a-la-firma-del-acuerdo-entre-la-Universidad-de-Cordoba-y-la-Fundacion-Caja-Rural-del-Sur-1.jpg","articleSection":["Convenios"],"inLanguage":"pt-PT"},{"@type":"WebPage","@id":"https:\/\/fundacioncajaruraldelsur.com\/la-fundacion-caja-rural-del-sur-renueva-su-colaboracion-con-la-uco-para-la-catedra-de-innovacion-agraria-y-alimentaria\/","url":"https:\/\/fundacioncajaruraldelsur.com\/la-fundacion-caja-rural-del-sur-renueva-su-colaboracion-con-la-uco-para-la-catedra-de-innovacion-agraria-y-alimentaria\/","name":"La Fundaci\u00f3n Caja Rural del Sur renueva su colaboraci\u00f3n con la UCO para la C\u00e1tedra de Innovaci\u00f3n Agraria y Alimentaria - Fundaci\u00f3n Caja Rural del Sur","isPartOf":{"@id":"https:\/\/fundacioncajaruraldelsur.com\/#website"},"primaryImageOfPage":{"@id":"https:\/\/fundacioncajaruraldelsur.com\/la-fundacion-caja-rural-del-sur-renueva-su-colaboracion-con-la-uco-para-la-catedra-de-innovacion-agraria-y-alimentaria\/#primaryimage"},"image":{"@id":"https:\/\/fundacioncajaruraldelsur.com\/la-fundacion-caja-rural-del-sur-renueva-su-colaboracion-con-la-uco-para-la-catedra-de-innovacion-agraria-y-alimentaria\/#primaryimage"},"thumbnailUrl":"https:\/\/fundacioncajaruraldelsur.com\/wp-content\/uploads\/2024\/07\/240705.-Asistentes-a-la-firma-del-acuerdo-entre-la-Universidad-de-Cordoba-y-la-Fundacion-Caja-Rural-del-Sur-1.jpg","datePublished":"2024-07-05T15:19:27+00:00","author":{"@id":"https:\/\/fundacioncajaruraldelsur.com\/#\/schema\/person\/f430da9fb783d505ff061ad8b3d44577"},"breadcrumb":{"@id":"https:\/\/fundacioncajaruraldelsur.com\/la-fundacion-caja-rural-del-sur-renueva-su-colaboracion-con-la-uco-para-la-catedra-de-innovacion-agraria-y-alimentaria\/#breadcrumb"},"inLanguage":"pt-PT","potentialAction":[{"@type":"ReadAction","target":["https:\/\/fundacioncajaruraldelsur.com\/la-fundacion-caja-rural-del-sur-renueva-su-colaboracion-con-la-uco-para-la-catedra-de-innovacion-agraria-y-alimentaria\/"]}]},{"@type":"ImageObject","inLanguage":"pt-PT","@id":"https:\/\/fundacioncajaruraldelsur.com\/la-fundacion-caja-rural-del-sur-renueva-su-colaboracion-con-la-uco-para-la-catedra-de-innovacion-agraria-y-alimentaria\/#primaryimage","url":"https:\/\/fundacioncajaruraldelsur.com\/wp-content\/uploads\/2024\/07\/240705.-Asistentes-a-la-firma-del-acuerdo-entre-la-Universidad-de-Cordoba-y-la-Fundacion-Caja-Rural-del-Sur-1.jpg","contentUrl":"https:\/\/fundacioncajaruraldelsur.com\/wp-content\/uploads\/2024\/07\/240705.-Asistentes-a-la-firma-del-acuerdo-entre-la-Universidad-de-Cordoba-y-la-Fundacion-Caja-Rural-del-Sur-1.jpg","width":1560,"height":1040},{"@type":"BreadcrumbList","@id":"https:\/\/fundacioncajaruraldelsur.com\/la-fundacion-caja-rural-del-sur-renueva-su-colaboracion-con-la-uco-para-la-catedra-de-innovacion-agraria-y-alimentaria\/#breadcrumb","itemListElement":[{"@type":"ListItem","position":1,"name":"Portada","item":"https:\/\/fundacioncajaruraldelsur.com\/"},{"@type":"ListItem","position":2,"name":"La Fundaci\u00f3n Caja Rural del Sur renueva su colaboraci\u00f3n con la UCO para la C\u00e1tedra de Innovaci\u00f3n Agraria y Alimentaria"}]},{"@type":"WebSite","@id":"https:\/\/fundacioncajaruraldelsur.com\/#website","url":"https:\/\/fundacioncajaruraldelsur.com\/","name":"Funda\u00e7\u00e3o Caja Rural del Sur","description":"","potentialAction":[{"@type":"SearchAction","target":{"@type":"EntryPoint","urlTemplate":"https:\/\/fundacioncajaruraldelsur.com\/?s={search_term_string}"},"query-input":{"@type":"PropertyValueSpecification","valueRequired":true,"valueName":"search_term_string"}}],"inLanguage":"pt-PT"},{"@type":"Person","@id":"https:\/\/fundacioncajaruraldelsur.com\/#\/schema\/person\/f430da9fb783d505ff061ad8b3d44577","name":"Comunicaci\u00f3n","image":{"@type":"ImageObject","inLanguage":"pt-PT","@id":"https:\/\/secure.gravatar.com\/avatar\/0dca239875993680bac4603ad2de7942da018f52cc3a244578e0b3b09314a8d8?s=96&d=blank&r=g","url":"https:\/\/secure.gravatar.com\/avatar\/0dca239875993680bac4603ad2de7942da018f52cc3a244578e0b3b09314a8d8?s=96&d=blank&r=g","contentUrl":"https:\/\/secure.gravatar.com\/avatar\/0dca239875993680bac4603ad2de7942da018f52cc3a244578e0b3b09314a8d8?s=96&d=blank&r=g","caption":"Comunicaci\u00f3n"}}]}},"rttpg_featured_image_url":{"full":["https:\/\/fundacioncajaruraldelsur.com\/wp-content\/uploads\/2024\/07\/240705.-Asistentes-a-la-firma-del-acuerdo-entre-la-Universidad-de-Cordoba-y-la-Fundacion-Caja-Rural-del-Sur-1.jpg",1560,1040,false],"landscape":["https:\/\/fundacioncajaruraldelsur.com\/wp-content\/uploads\/2024\/07\/240705.-Asistentes-a-la-firma-del-acuerdo-entre-la-Universidad-de-Cordoba-y-la-Fundacion-Caja-Rural-del-Sur-1.jpg",1560,1040,false],"portraits":["https:\/\/fundacioncajaruraldelsur.com\/wp-content\/uploads\/2024\/07\/240705.-Asistentes-a-la-firma-del-acuerdo-entre-la-Universidad-de-Cordoba-y-la-Fundacion-Caja-Rural-del-Sur-1.jpg",1560,1040,false],"thumbnail":["https:\/\/fundacioncajaruraldelsur.com\/wp-content\/uploads\/2024\/07\/240705.-Asistentes-a-la-firma-del-acuerdo-entre-la-Universidad-de-Cordoba-y-la-Fundacion-Caja-Rural-del-Sur-1-150x150.jpg",150,150,true],"medium":["https:\/\/fundacioncajaruraldelsur.com\/wp-content\/uploads\/2024\/07\/240705.-Asistentes-a-la-firma-del-acuerdo-entre-la-Universidad-de-Cordoba-y-la-Fundacion-Caja-Rural-del-Sur-1-300x200.jpg",300,200,true],"large":["https:\/\/fundacioncajaruraldelsur.com\/wp-content\/uploads\/2024\/07\/240705.-Asistentes-a-la-firma-del-acuerdo-entre-la-Universidad-de-Cordoba-y-la-Fundacion-Caja-Rural-del-Sur-1-1024x683.jpg",960,640,true],"1536x1536":["https:\/\/fundacioncajaruraldelsur.com\/wp-content\/uploads\/2024\/07\/240705.-Asistentes-a-la-firma-del-acuerdo-entre-la-Universidad-de-Cordoba-y-la-Fundacion-Caja-Rural-del-Sur-1-1536x1024.jpg",1536,1024,true],"2048x2048":["https:\/\/fundacioncajaruraldelsur.com\/wp-content\/uploads\/2024\/07\/240705.-Asistentes-a-la-firma-del-acuerdo-entre-la-Universidad-de-Cordoba-y-la-Fundacion-Caja-Rural-del-Sur-1.jpg",1560,1040,false],"trp-custom-language-flag":["https:\/\/fundacioncajaruraldelsur.com\/wp-content\/uploads\/2024\/07\/240705.-Asistentes-a-la-firma-del-acuerdo-entre-la-Universidad-de-Cordoba-y-la-Fundacion-Caja-Rural-del-Sur-1.jpg",18,12,false],"blog-thumbnail":["https:\/\/fundacioncajaruraldelsur.com\/wp-content\/uploads\/2024\/07\/240705.-Asistentes-a-la-firma-del-acuerdo-entre-la-Universidad-de-Cordoba-y-la-Fundacion-Caja-Rural-del-Sur-1-400x200.jpg",400,200,true]},"rttpg_author":{"display_name":"Comunicaci\u00f3n","author_link":"https:\/\/fundacioncajaruraldelsur.com\/pt\/author\/sevillaadmin\/"},"rttpg_comment":0,"rttpg_category":"<a href=\"https:\/\/fundacioncajaruraldelsur.com\/pt\/category\/convenios\/\" rel=\"category tag\">Convenios<\/a>","rttpg_excerpt":"La Fundaci\u00f3n Caja Rural Sur ha renovado su confianza en la C\u00e1tedra de Innovaci\u00f3n Agraria y Alimentaria de la UCO, en virtud del convenio firmado por el rector, Manuel Torralbo [&hellip;]","_links":{"self":[{"href":"https:\/\/fundacioncajaruraldelsur.com\/pt\/wp-json\/wp\/v2\/posts\/10247","targetHints":{"allow":["GET"]}}],"collection":[{"href":"https:\/\/fundacioncajaruraldelsur.com\/pt\/wp-json\/wp\/v2\/posts"}],"about":[{"href":"https:\/\/fundacioncajaruraldelsur.com\/pt\/wp-json\/wp\/v2\/types\/post"}],"author":[{"embeddable":true,"href":"https:\/\/fundacioncajaruraldelsur.com\/pt\/wp-json\/wp\/v2\/users\/6"}],"replies":[{"embeddable":true,"href":"https:\/\/fundacioncajaruraldelsur.com\/pt\/wp-json\/wp\/v2\/comments?post=10247"}],"version-history":[{"count":1,"href":"https:\/\/fundacioncajaruraldelsur.com\/pt\/wp-json\/wp\/v2\/posts\/10247\/revisions"}],"predecessor-version":[{"id":10250,"href":"https:\/\/fundacioncajaruraldelsur.com\/pt\/wp-json\/wp\/v2\/posts\/10247\/revisions\/10250"}],"wp:featuredmedia":[{"embeddable":true,"href":"https:\/\/fundacioncajaruraldelsur.com\/pt\/wp-json\/wp\/v2\/media\/10248"}],"wp:attachment":[{"href":"https:\/\/fundacioncajaruraldelsur.com\/pt\/wp-json\/wp\/v2\/media?parent=10247"}],"wp:term":[{"taxonomy":"category","embeddable":true,"href":"https:\/\/fundacioncajaruraldelsur.com\/pt\/wp-json\/wp\/v2\/categories?post=10247"},{"taxonomy":"post_tag","embeddable":true,"href":"https:\/\/fundacioncajaruraldelsur.com\/pt\/wp-json\/wp\/v2\/tags?post=10247"}],"curies":[{"name":"wp","href":"https:\/\/api.w.org\/{rel}","templated":true}]}}