{"id":10240,"date":"2024-06-30T15:21:48","date_gmt":"2024-06-30T14:21:48","guid":{"rendered":"\/?p=10240"},"modified":"2024-06-30T15:24:55","modified_gmt":"2024-06-30T14:24:55","slug":"la-fundacion-caja-rural-del-sur-colaborara-con-la-de-emet-arco-iris-de-cordoba-en-su-labor-asistencial","status":"publish","type":"post","link":"https:\/\/fundacioncajaruraldelsur.com\/pt\/la-fundacion-caja-rural-del-sur-colaborara-con-la-de-emet-arco-iris-de-cordoba-en-su-labor-asistencial\/","title":{"rendered":"La Fundaci\u00f3n Caja Rural del Sur colaborar\u00e1 con \u2018Emet Arco Iris\u2019 de C\u00f3rdoba en su labor asistencial"},"content":{"rendered":"<p>La Fundaci\u00f3n Caja Rural del Sur y la de \u2018Emet Arco Iris\u2019 han formalizado un convenio de colaboraci\u00f3n para estrechar su relaci\u00f3n y poder colaborar en la importante labor asistencial que se viene realizado por la entidad solidaria cordobesa para dar respuesta a la demanda de los tratamientos a enfermos afectados por t\u00f3xicos, as\u00ed como ayudar a otros colectivos vulnerables que pueden encontrarse desasistidos ya que, su objetivo principal es promover la salud de las personas, entendiendo esta como el bienestar f\u00edsico, mental y social generando impacto positivo en la sociedad.<\/p>\n<p>La firma del convenio tuvo lugar en C\u00f3rdoba con la participaci\u00f3n del presidente de la entidad, Jos\u00e9 Luis Garc\u00eda-Palacios \u00c1lvarez, y el presidente de la Fundaci\u00f3n \u2018Emet Arco Iris\u2019, Alfonso Fern\u00e1ndez Zamorano.<\/p>\n<p>La Fundaci\u00f3n Emet Arco Iris, que cuenta en la actualidad con 9 centros en la provincia de C\u00f3rdoba, naci\u00f3 en 1983 y desde entonces ha contribuido a la igualdad en los colectivos insuficientemente atendidos, siendo capaz de dar respuesta a las nuevas demandas de la sociedad y las administraciones p\u00fablicas, mediante una intervenci\u00f3n profesional e interdisciplinar.<\/p>\n<p>&nbsp;<\/p>\n<p>&nbsp;<\/p>","protected":false},"excerpt":{"rendered":"<p>La Fundaci\u00f3n Caja Rural del Sur y la de \u2018Emet Arco Iris\u2019 han formalizado un convenio de colaboraci\u00f3n para estrechar su relaci\u00f3n y poder colaborar en la importante labor asistencial [&hellip;]<\/p>\n","protected":false},"author":6,"featured_media":10241,"comment_status":"closed","ping_status":"closed","sticky":false,"template":"","format":"standard","meta":{"footnotes":""},"categories":[67],"tags":[],"class_list":["post-10240","post","type-post","status-publish","format-standard","has-post-thumbnail","hentry","category-convenios"],"yoast_head":"<!-- This site is optimized with the Yoast SEO plugin v27.3 - https:\/\/yoast.com\/product\/yoast-seo-wordpress\/ -->\n<title>La Fundaci\u00f3n Caja Rural del Sur colaborar\u00e1 con \u2018Emet Arco Iris\u2019 de C\u00f3rdoba en su labor asistencial - Fundaci\u00f3n Caja Rural del Sur<\/title>\n<meta name=\"robots\" content=\"index, follow, max-snippet:-1, max-image-preview:large, max-video-preview:-1\" \/>\n<link rel=\"canonical\" href=\"https:\/\/fundacioncajaruraldelsur.com\/pt\/la-fundacion-caja-rural-del-sur-colaborara-con-la-de-emet-arco-iris-de-cordoba-en-su-labor-asistencial\/\" \/>\n<meta property=\"og:locale\" content=\"pt_PT\" \/>\n<meta property=\"og:type\" content=\"article\" \/>\n<meta property=\"og:title\" content=\"La Fundaci\u00f3n Caja Rural del Sur colaborar\u00e1 con \u2018Emet Arco Iris\u2019 de C\u00f3rdoba en su labor asistencial - Fundaci\u00f3n Caja Rural del Sur\" \/>\n<meta property=\"og:description\" content=\"La Fundaci\u00f3n Caja Rural del Sur y la de \u2018Emet Arco Iris\u2019 han formalizado un convenio de colaboraci\u00f3n para estrechar su relaci\u00f3n y poder colaborar en la importante labor asistencial [&hellip;]\" \/>\n<meta property=\"og:url\" content=\"https:\/\/fundacioncajaruraldelsur.com\/pt\/la-fundacion-caja-rural-del-sur-colaborara-con-la-de-emet-arco-iris-de-cordoba-en-su-labor-asistencial\/\" \/>\n<meta property=\"og:site_name\" content=\"Fundaci\u00f3n Caja Rural del Sur\" \/>\n<meta property=\"article:published_time\" content=\"2024-06-30T14:21:48+00:00\" \/>\n<meta property=\"article:modified_time\" content=\"2024-06-30T14:24:55+00:00\" \/>\n<meta property=\"og:image\" content=\"https:\/\/fundacioncajaruraldelsur.com\/wp-content\/uploads\/2024\/06\/240630.-Los-presidentes-de-las-Fundaciones-Caja-Rural-del-Sur-y-Emet-Arco-Iris-tras-la-firma-del-acuerdo-de-colaboracion.jpg\" \/>\n\t<meta property=\"og:image:width\" content=\"1600\" \/>\n\t<meta property=\"og:image:height\" content=\"1200\" \/>\n\t<meta property=\"og:image:type\" content=\"image\/jpeg\" \/>\n<meta name=\"author\" content=\"Comunicaci\u00f3n\" \/>\n<meta name=\"twitter:card\" content=\"summary_large_image\" \/>\n<meta name=\"twitter:label1\" content=\"Written by\" \/>\n\t<meta name=\"twitter:data1\" content=\"Comunicaci\u00f3n\" \/>\n\t<meta name=\"twitter:label2\" content=\"Est. reading time\" \/>\n\t<meta name=\"twitter:data2\" content=\"2 minutes\" \/>\n<script type=\"application\/ld+json\" class=\"yoast-schema-graph\">{\"@context\":\"https:\\\/\\\/schema.org\",\"@graph\":[{\"@type\":\"Article\",\"@id\":\"https:\\\/\\\/fundacioncajaruraldelsur.com\\\/la-fundacion-caja-rural-del-sur-colaborara-con-la-de-emet-arco-iris-de-cordoba-en-su-labor-asistencial\\\/#article\",\"isPartOf\":{\"@id\":\"https:\\\/\\\/fundacioncajaruraldelsur.com\\\/la-fundacion-caja-rural-del-sur-colaborara-con-la-de-emet-arco-iris-de-cordoba-en-su-labor-asistencial\\\/\"},\"author\":{\"name\":\"Comunicaci\u00f3n\",\"@id\":\"https:\\\/\\\/fundacioncajaruraldelsur.com\\\/#\\\/schema\\\/person\\\/f430da9fb783d505ff061ad8b3d44577\"},\"headline\":\"La Fundaci\u00f3n Caja Rural del Sur colaborar\u00e1 con \u2018Emet Arco Iris\u2019 de C\u00f3rdoba en su labor asistencial\",\"datePublished\":\"2024-06-30T14:21:48+00:00\",\"dateModified\":\"2024-06-30T14:24:55+00:00\",\"mainEntityOfPage\":{\"@id\":\"https:\\\/\\\/fundacioncajaruraldelsur.com\\\/la-fundacion-caja-rural-del-sur-colaborara-con-la-de-emet-arco-iris-de-cordoba-en-su-labor-asistencial\\\/\"},\"wordCount\":212,\"image\":{\"@id\":\"https:\\\/\\\/fundacioncajaruraldelsur.com\\\/la-fundacion-caja-rural-del-sur-colaborara-con-la-de-emet-arco-iris-de-cordoba-en-su-labor-asistencial\\\/#primaryimage\"},\"thumbnailUrl\":\"https:\\\/\\\/fundacioncajaruraldelsur.com\\\/wp-content\\\/uploads\\\/2024\\\/06\\\/240630.-Los-presidentes-de-las-Fundaciones-Caja-Rural-del-Sur-y-Emet-Arco-Iris-tras-la-firma-del-acuerdo-de-colaboracion.jpg\",\"articleSection\":[\"Convenios\"],\"inLanguage\":\"pt-PT\"},{\"@type\":\"WebPage\",\"@id\":\"https:\\\/\\\/fundacioncajaruraldelsur.com\\\/la-fundacion-caja-rural-del-sur-colaborara-con-la-de-emet-arco-iris-de-cordoba-en-su-labor-asistencial\\\/\",\"url\":\"https:\\\/\\\/fundacioncajaruraldelsur.com\\\/la-fundacion-caja-rural-del-sur-colaborara-con-la-de-emet-arco-iris-de-cordoba-en-su-labor-asistencial\\\/\",\"name\":\"La Fundaci\u00f3n Caja Rural del Sur colaborar\u00e1 con \u2018Emet Arco Iris\u2019 de C\u00f3rdoba en su labor asistencial - Fundaci\u00f3n Caja Rural del Sur\",\"isPartOf\":{\"@id\":\"https:\\\/\\\/fundacioncajaruraldelsur.com\\\/#website\"},\"primaryImageOfPage\":{\"@id\":\"https:\\\/\\\/fundacioncajaruraldelsur.com\\\/la-fundacion-caja-rural-del-sur-colaborara-con-la-de-emet-arco-iris-de-cordoba-en-su-labor-asistencial\\\/#primaryimage\"},\"image\":{\"@id\":\"https:\\\/\\\/fundacioncajaruraldelsur.com\\\/la-fundacion-caja-rural-del-sur-colaborara-con-la-de-emet-arco-iris-de-cordoba-en-su-labor-asistencial\\\/#primaryimage\"},\"thumbnailUrl\":\"https:\\\/\\\/fundacioncajaruraldelsur.com\\\/wp-content\\\/uploads\\\/2024\\\/06\\\/240630.-Los-presidentes-de-las-Fundaciones-Caja-Rural-del-Sur-y-Emet-Arco-Iris-tras-la-firma-del-acuerdo-de-colaboracion.jpg\",\"datePublished\":\"2024-06-30T14:21:48+00:00\",\"dateModified\":\"2024-06-30T14:24:55+00:00\",\"author\":{\"@id\":\"https:\\\/\\\/fundacioncajaruraldelsur.com\\\/#\\\/schema\\\/person\\\/f430da9fb783d505ff061ad8b3d44577\"},\"breadcrumb\":{\"@id\":\"https:\\\/\\\/fundacioncajaruraldelsur.com\\\/la-fundacion-caja-rural-del-sur-colaborara-con-la-de-emet-arco-iris-de-cordoba-en-su-labor-asistencial\\\/#breadcrumb\"},\"inLanguage\":\"pt-PT\",\"potentialAction\":[{\"@type\":\"ReadAction\",\"target\":[\"https:\\\/\\\/fundacioncajaruraldelsur.com\\\/la-fundacion-caja-rural-del-sur-colaborara-con-la-de-emet-arco-iris-de-cordoba-en-su-labor-asistencial\\\/\"]}]},{\"@type\":\"ImageObject\",\"inLanguage\":\"pt-PT\",\"@id\":\"https:\\\/\\\/fundacioncajaruraldelsur.com\\\/la-fundacion-caja-rural-del-sur-colaborara-con-la-de-emet-arco-iris-de-cordoba-en-su-labor-asistencial\\\/#primaryimage\",\"url\":\"https:\\\/\\\/fundacioncajaruraldelsur.com\\\/wp-content\\\/uploads\\\/2024\\\/06\\\/240630.-Los-presidentes-de-las-Fundaciones-Caja-Rural-del-Sur-y-Emet-Arco-Iris-tras-la-firma-del-acuerdo-de-colaboracion.jpg\",\"contentUrl\":\"https:\\\/\\\/fundacioncajaruraldelsur.com\\\/wp-content\\\/uploads\\\/2024\\\/06\\\/240630.-Los-presidentes-de-las-Fundaciones-Caja-Rural-del-Sur-y-Emet-Arco-Iris-tras-la-firma-del-acuerdo-de-colaboracion.jpg\",\"width\":1600,\"height\":1200},{\"@type\":\"BreadcrumbList\",\"@id\":\"https:\\\/\\\/fundacioncajaruraldelsur.com\\\/la-fundacion-caja-rural-del-sur-colaborara-con-la-de-emet-arco-iris-de-cordoba-en-su-labor-asistencial\\\/#breadcrumb\",\"itemListElement\":[{\"@type\":\"ListItem\",\"position\":1,\"name\":\"Portada\",\"item\":\"https:\\\/\\\/fundacioncajaruraldelsur.com\\\/\"},{\"@type\":\"ListItem\",\"position\":2,\"name\":\"La Fundaci\u00f3n Caja Rural del Sur colaborar\u00e1 con \u2018Emet Arco Iris\u2019 de C\u00f3rdoba en su labor asistencial\"}]},{\"@type\":\"WebSite\",\"@id\":\"https:\\\/\\\/fundacioncajaruraldelsur.com\\\/#website\",\"url\":\"https:\\\/\\\/fundacioncajaruraldelsur.com\\\/\",\"name\":\"Fundaci\u00f3n Caja Rural del Sur\",\"description\":\"\",\"potentialAction\":[{\"@type\":\"SearchAction\",\"target\":{\"@type\":\"EntryPoint\",\"urlTemplate\":\"https:\\\/\\\/fundacioncajaruraldelsur.com\\\/?s={search_term_string}\"},\"query-input\":{\"@type\":\"PropertyValueSpecification\",\"valueRequired\":true,\"valueName\":\"search_term_string\"}}],\"inLanguage\":\"pt-PT\"},{\"@type\":\"Person\",\"@id\":\"https:\\\/\\\/fundacioncajaruraldelsur.com\\\/#\\\/schema\\\/person\\\/f430da9fb783d505ff061ad8b3d44577\",\"name\":\"Comunicaci\u00f3n\",\"image\":{\"@type\":\"ImageObject\",\"inLanguage\":\"pt-PT\",\"@id\":\"https:\\\/\\\/secure.gravatar.com\\\/avatar\\\/0dca239875993680bac4603ad2de7942da018f52cc3a244578e0b3b09314a8d8?s=96&d=blank&r=g\",\"url\":\"https:\\\/\\\/secure.gravatar.com\\\/avatar\\\/0dca239875993680bac4603ad2de7942da018f52cc3a244578e0b3b09314a8d8?s=96&d=blank&r=g\",\"contentUrl\":\"https:\\\/\\\/secure.gravatar.com\\\/avatar\\\/0dca239875993680bac4603ad2de7942da018f52cc3a244578e0b3b09314a8d8?s=96&d=blank&r=g\",\"caption\":\"Comunicaci\u00f3n\"}}]}<\/script>\n<!-- \/ Yoast SEO plugin. -->","yoast_head_json":{"title":"La Fundaci\u00f3n Caja Rural del Sur colaborar\u00e1 con \u2018Emet Arco Iris\u2019 de C\u00f3rdoba en su labor asistencial - Fundaci\u00f3n Caja Rural del Sur","robots":{"index":"index","follow":"follow","max-snippet":"max-snippet:-1","max-image-preview":"max-image-preview:large","max-video-preview":"max-video-preview:-1"},"canonical":"https:\/\/fundacioncajaruraldelsur.com\/pt\/la-fundacion-caja-rural-del-sur-colaborara-con-la-de-emet-arco-iris-de-cordoba-en-su-labor-asistencial\/","og_locale":"pt_PT","og_type":"article","og_title":"La Fundaci\u00f3n Caja Rural del Sur colaborar\u00e1 con \u2018Emet Arco Iris\u2019 de C\u00f3rdoba en su labor asistencial - Fundaci\u00f3n Caja Rural del Sur","og_description":"La Fundaci\u00f3n Caja Rural del Sur y la de \u2018Emet Arco Iris\u2019 han formalizado un convenio de colaboraci\u00f3n para estrechar su relaci\u00f3n y poder colaborar en la importante labor asistencial [&hellip;]","og_url":"https:\/\/fundacioncajaruraldelsur.com\/pt\/la-fundacion-caja-rural-del-sur-colaborara-con-la-de-emet-arco-iris-de-cordoba-en-su-labor-asistencial\/","og_site_name":"Fundaci\u00f3n Caja Rural del Sur","article_published_time":"2024-06-30T14:21:48+00:00","article_modified_time":"2024-06-30T14:24:55+00:00","og_image":[{"width":1600,"height":1200,"url":"https:\/\/fundacioncajaruraldelsur.com\/wp-content\/uploads\/2024\/06\/240630.-Los-presidentes-de-las-Fundaciones-Caja-Rural-del-Sur-y-Emet-Arco-Iris-tras-la-firma-del-acuerdo-de-colaboracion.jpg","type":"image\/jpeg"}],"author":"Comunicaci\u00f3n","twitter_card":"summary_large_image","twitter_misc":{"Written by":"Comunicaci\u00f3n","Est. reading time":"2 minutes"},"schema":{"@context":"https:\/\/schema.org","@graph":[{"@type":"Article","@id":"https:\/\/fundacioncajaruraldelsur.com\/la-fundacion-caja-rural-del-sur-colaborara-con-la-de-emet-arco-iris-de-cordoba-en-su-labor-asistencial\/#article","isPartOf":{"@id":"https:\/\/fundacioncajaruraldelsur.com\/la-fundacion-caja-rural-del-sur-colaborara-con-la-de-emet-arco-iris-de-cordoba-en-su-labor-asistencial\/"},"author":{"name":"Comunicaci\u00f3n","@id":"https:\/\/fundacioncajaruraldelsur.com\/#\/schema\/person\/f430da9fb783d505ff061ad8b3d44577"},"headline":"La Fundaci\u00f3n Caja Rural del Sur colaborar\u00e1 con \u2018Emet Arco Iris\u2019 de C\u00f3rdoba en su labor asistencial","datePublished":"2024-06-30T14:21:48+00:00","dateModified":"2024-06-30T14:24:55+00:00","mainEntityOfPage":{"@id":"https:\/\/fundacioncajaruraldelsur.com\/la-fundacion-caja-rural-del-sur-colaborara-con-la-de-emet-arco-iris-de-cordoba-en-su-labor-asistencial\/"},"wordCount":212,"image":{"@id":"https:\/\/fundacioncajaruraldelsur.com\/la-fundacion-caja-rural-del-sur-colaborara-con-la-de-emet-arco-iris-de-cordoba-en-su-labor-asistencial\/#primaryimage"},"thumbnailUrl":"https:\/\/fundacioncajaruraldelsur.com\/wp-content\/uploads\/2024\/06\/240630.-Los-presidentes-de-las-Fundaciones-Caja-Rural-del-Sur-y-Emet-Arco-Iris-tras-la-firma-del-acuerdo-de-colaboracion.jpg","articleSection":["Convenios"],"inLanguage":"pt-PT"},{"@type":"WebPage","@id":"https:\/\/fundacioncajaruraldelsur.com\/la-fundacion-caja-rural-del-sur-colaborara-con-la-de-emet-arco-iris-de-cordoba-en-su-labor-asistencial\/","url":"https:\/\/fundacioncajaruraldelsur.com\/la-fundacion-caja-rural-del-sur-colaborara-con-la-de-emet-arco-iris-de-cordoba-en-su-labor-asistencial\/","name":"La Fundaci\u00f3n Caja Rural del Sur colaborar\u00e1 con \u2018Emet Arco Iris\u2019 de C\u00f3rdoba en su labor asistencial - Fundaci\u00f3n Caja Rural del Sur","isPartOf":{"@id":"https:\/\/fundacioncajaruraldelsur.com\/#website"},"primaryImageOfPage":{"@id":"https:\/\/fundacioncajaruraldelsur.com\/la-fundacion-caja-rural-del-sur-colaborara-con-la-de-emet-arco-iris-de-cordoba-en-su-labor-asistencial\/#primaryimage"},"image":{"@id":"https:\/\/fundacioncajaruraldelsur.com\/la-fundacion-caja-rural-del-sur-colaborara-con-la-de-emet-arco-iris-de-cordoba-en-su-labor-asistencial\/#primaryimage"},"thumbnailUrl":"https:\/\/fundacioncajaruraldelsur.com\/wp-content\/uploads\/2024\/06\/240630.-Los-presidentes-de-las-Fundaciones-Caja-Rural-del-Sur-y-Emet-Arco-Iris-tras-la-firma-del-acuerdo-de-colaboracion.jpg","datePublished":"2024-06-30T14:21:48+00:00","dateModified":"2024-06-30T14:24:55+00:00","author":{"@id":"https:\/\/fundacioncajaruraldelsur.com\/#\/schema\/person\/f430da9fb783d505ff061ad8b3d44577"},"breadcrumb":{"@id":"https:\/\/fundacioncajaruraldelsur.com\/la-fundacion-caja-rural-del-sur-colaborara-con-la-de-emet-arco-iris-de-cordoba-en-su-labor-asistencial\/#breadcrumb"},"inLanguage":"pt-PT","potentialAction":[{"@type":"ReadAction","target":["https:\/\/fundacioncajaruraldelsur.com\/la-fundacion-caja-rural-del-sur-colaborara-con-la-de-emet-arco-iris-de-cordoba-en-su-labor-asistencial\/"]}]},{"@type":"ImageObject","inLanguage":"pt-PT","@id":"https:\/\/fundacioncajaruraldelsur.com\/la-fundacion-caja-rural-del-sur-colaborara-con-la-de-emet-arco-iris-de-cordoba-en-su-labor-asistencial\/#primaryimage","url":"https:\/\/fundacioncajaruraldelsur.com\/wp-content\/uploads\/2024\/06\/240630.-Los-presidentes-de-las-Fundaciones-Caja-Rural-del-Sur-y-Emet-Arco-Iris-tras-la-firma-del-acuerdo-de-colaboracion.jpg","contentUrl":"https:\/\/fundacioncajaruraldelsur.com\/wp-content\/uploads\/2024\/06\/240630.-Los-presidentes-de-las-Fundaciones-Caja-Rural-del-Sur-y-Emet-Arco-Iris-tras-la-firma-del-acuerdo-de-colaboracion.jpg","width":1600,"height":1200},{"@type":"BreadcrumbList","@id":"https:\/\/fundacioncajaruraldelsur.com\/la-fundacion-caja-rural-del-sur-colaborara-con-la-de-emet-arco-iris-de-cordoba-en-su-labor-asistencial\/#breadcrumb","itemListElement":[{"@type":"ListItem","position":1,"name":"Portada","item":"https:\/\/fundacioncajaruraldelsur.com\/"},{"@type":"ListItem","position":2,"name":"La Fundaci\u00f3n Caja Rural del Sur colaborar\u00e1 con \u2018Emet Arco Iris\u2019 de C\u00f3rdoba en su labor asistencial"}]},{"@type":"WebSite","@id":"https:\/\/fundacioncajaruraldelsur.com\/#website","url":"https:\/\/fundacioncajaruraldelsur.com\/","name":"Funda\u00e7\u00e3o Caja Rural del Sur","description":"","potentialAction":[{"@type":"SearchAction","target":{"@type":"EntryPoint","urlTemplate":"https:\/\/fundacioncajaruraldelsur.com\/?s={search_term_string}"},"query-input":{"@type":"PropertyValueSpecification","valueRequired":true,"valueName":"search_term_string"}}],"inLanguage":"pt-PT"},{"@type":"Person","@id":"https:\/\/fundacioncajaruraldelsur.com\/#\/schema\/person\/f430da9fb783d505ff061ad8b3d44577","name":"Comunicaci\u00f3n","image":{"@type":"ImageObject","inLanguage":"pt-PT","@id":"https:\/\/secure.gravatar.com\/avatar\/0dca239875993680bac4603ad2de7942da018f52cc3a244578e0b3b09314a8d8?s=96&d=blank&r=g","url":"https:\/\/secure.gravatar.com\/avatar\/0dca239875993680bac4603ad2de7942da018f52cc3a244578e0b3b09314a8d8?s=96&d=blank&r=g","contentUrl":"https:\/\/secure.gravatar.com\/avatar\/0dca239875993680bac4603ad2de7942da018f52cc3a244578e0b3b09314a8d8?s=96&d=blank&r=g","caption":"Comunicaci\u00f3n"}}]}},"rttpg_featured_image_url":{"full":["https:\/\/fundacioncajaruraldelsur.com\/wp-content\/uploads\/2024\/06\/240630.-Los-presidentes-de-las-Fundaciones-Caja-Rural-del-Sur-y-Emet-Arco-Iris-tras-la-firma-del-acuerdo-de-colaboracion.jpg",1600,1200,false],"landscape":["https:\/\/fundacioncajaruraldelsur.com\/wp-content\/uploads\/2024\/06\/240630.-Los-presidentes-de-las-Fundaciones-Caja-Rural-del-Sur-y-Emet-Arco-Iris-tras-la-firma-del-acuerdo-de-colaboracion.jpg",1600,1200,false],"portraits":["https:\/\/fundacioncajaruraldelsur.com\/wp-content\/uploads\/2024\/06\/240630.-Los-presidentes-de-las-Fundaciones-Caja-Rural-del-Sur-y-Emet-Arco-Iris-tras-la-firma-del-acuerdo-de-colaboracion.jpg",1600,1200,false],"thumbnail":["https:\/\/fundacioncajaruraldelsur.com\/wp-content\/uploads\/2024\/06\/240630.-Los-presidentes-de-las-Fundaciones-Caja-Rural-del-Sur-y-Emet-Arco-Iris-tras-la-firma-del-acuerdo-de-colaboracion-150x150.jpg",150,150,true],"medium":["https:\/\/fundacioncajaruraldelsur.com\/wp-content\/uploads\/2024\/06\/240630.-Los-presidentes-de-las-Fundaciones-Caja-Rural-del-Sur-y-Emet-Arco-Iris-tras-la-firma-del-acuerdo-de-colaboracion-300x225.jpg",300,225,true],"large":["https:\/\/fundacioncajaruraldelsur.com\/wp-content\/uploads\/2024\/06\/240630.-Los-presidentes-de-las-Fundaciones-Caja-Rural-del-Sur-y-Emet-Arco-Iris-tras-la-firma-del-acuerdo-de-colaboracion-1024x768.jpg",960,720,true],"1536x1536":["https:\/\/fundacioncajaruraldelsur.com\/wp-content\/uploads\/2024\/06\/240630.-Los-presidentes-de-las-Fundaciones-Caja-Rural-del-Sur-y-Emet-Arco-Iris-tras-la-firma-del-acuerdo-de-colaboracion-1536x1152.jpg",1536,1152,true],"2048x2048":["https:\/\/fundacioncajaruraldelsur.com\/wp-content\/uploads\/2024\/06\/240630.-Los-presidentes-de-las-Fundaciones-Caja-Rural-del-Sur-y-Emet-Arco-Iris-tras-la-firma-del-acuerdo-de-colaboracion.jpg",1600,1200,false],"trp-custom-language-flag":["https:\/\/fundacioncajaruraldelsur.com\/wp-content\/uploads\/2024\/06\/240630.-Los-presidentes-de-las-Fundaciones-Caja-Rural-del-Sur-y-Emet-Arco-Iris-tras-la-firma-del-acuerdo-de-colaboracion.jpg",16,12,false],"blog-thumbnail":["https:\/\/fundacioncajaruraldelsur.com\/wp-content\/uploads\/2024\/06\/240630.-Los-presidentes-de-las-Fundaciones-Caja-Rural-del-Sur-y-Emet-Arco-Iris-tras-la-firma-del-acuerdo-de-colaboracion-400x200.jpg",400,200,true]},"rttpg_author":{"display_name":"Comunicaci\u00f3n","author_link":"https:\/\/fundacioncajaruraldelsur.com\/pt\/author\/sevillaadmin\/"},"rttpg_comment":0,"rttpg_category":"<a href=\"https:\/\/fundacioncajaruraldelsur.com\/pt\/category\/convenios\/\" rel=\"category tag\">Convenios<\/a>","rttpg_excerpt":"La Fundaci\u00f3n Caja Rural del Sur y la de \u2018Emet Arco Iris\u2019 han formalizado un convenio de colaboraci\u00f3n para estrechar su relaci\u00f3n y poder colaborar en la importante labor asistencial [&hellip;]","_links":{"self":[{"href":"https:\/\/fundacioncajaruraldelsur.com\/pt\/wp-json\/wp\/v2\/posts\/10240","targetHints":{"allow":["GET"]}}],"collection":[{"href":"https:\/\/fundacioncajaruraldelsur.com\/pt\/wp-json\/wp\/v2\/posts"}],"about":[{"href":"https:\/\/fundacioncajaruraldelsur.com\/pt\/wp-json\/wp\/v2\/types\/post"}],"author":[{"embeddable":true,"href":"https:\/\/fundacioncajaruraldelsur.com\/pt\/wp-json\/wp\/v2\/users\/6"}],"replies":[{"embeddable":true,"href":"https:\/\/fundacioncajaruraldelsur.com\/pt\/wp-json\/wp\/v2\/comments?post=10240"}],"version-history":[{"count":2,"href":"https:\/\/fundacioncajaruraldelsur.com\/pt\/wp-json\/wp\/v2\/posts\/10240\/revisions"}],"predecessor-version":[{"id":10243,"href":"https:\/\/fundacioncajaruraldelsur.com\/pt\/wp-json\/wp\/v2\/posts\/10240\/revisions\/10243"}],"wp:featuredmedia":[{"embeddable":true,"href":"https:\/\/fundacioncajaruraldelsur.com\/pt\/wp-json\/wp\/v2\/media\/10241"}],"wp:attachment":[{"href":"https:\/\/fundacioncajaruraldelsur.com\/pt\/wp-json\/wp\/v2\/media?parent=10240"}],"wp:term":[{"taxonomy":"category","embeddable":true,"href":"https:\/\/fundacioncajaruraldelsur.com\/pt\/wp-json\/wp\/v2\/categories?post=10240"},{"taxonomy":"post_tag","embeddable":true,"href":"https:\/\/fundacioncajaruraldelsur.com\/pt\/wp-json\/wp\/v2\/tags?post=10240"}],"curies":[{"name":"wp","href":"https:\/\/api.w.org\/{rel}","templated":true}]}}