{"id":10235,"date":"2024-06-19T15:48:27","date_gmt":"2024-06-19T14:48:27","guid":{"rendered":"\/?p=10235"},"modified":"2024-06-19T15:48:27","modified_gmt":"2024-06-19T14:48:27","slug":"se-celebra-el-ix-congreso-de-frutos-rojos-en-huelva-con-el-patrocinio-de-caja-rural-del-sur","status":"publish","type":"post","link":"https:\/\/fundacioncajaruraldelsur.com\/pt\/se-celebra-el-ix-congreso-de-frutos-rojos-en-huelva-con-el-patrocinio-de-caja-rural-del-sur\/","title":{"rendered":"Se celebra el IX Congreso de Frutos Rojos en Huelva con el patrocinio de Caja Rural del Sur"},"content":{"rendered":"<p>A\u00a0<a href=\"https:\/\/congresofrutosrojos.com\/presentacion\/\">novena edici\u00f3n del\u00a0<\/a><strong>Congreso Internacional de Frutos Rojos, celebrado este a\u00f1o los d\u00edas 19 y 20 de junio\u00a0<\/strong>en la\u00a0<strong>Casa Col\u00f3n<\/strong>\u00a0de Huelva,\u00a0<strong>ha congregado a\u00a0productores, comercializadores y empresas auxiliares del sector,<\/strong>\u00a0con el patrocinio de Caja Rural del Sur y la asistencial del\u00a0<strong>presidente de la entidad, Jos\u00e9 Luis Garc\u00eda-Palacios \u00c1lvarez, as\u00ed como una amplia representaci\u00f3n del equipo directivo de la entidad, encabezada por Guillermo T\u00e9llez, Director General, Jos\u00e9 Mar\u00eda Vera, Subdirector General y\u00a0Director Comercial, y el Director General de la Fundaci\u00f3n, Emilio Ponce.<\/strong><\/p>\n<p>De este modo, Caja Rural del Sur ha acompa\u00f1ando un a\u00f1o m\u00e1s a un sector esencial de la econom\u00eda onubense y andaluza del que se ha hecho en el encuentro una \u00abencendida\u00bb<strong>\u00a0defensa del mismo, y del campo en general as\u00ed como del valor de la agricultura<\/strong>\u00a0como \u201cmotores esenciales\u201d de la sociedad.<\/p>\n<p><img loading=\"lazy\" decoding=\"async\" class=\"alignnone wp-image-13069 size-full\" src=\"https:\/\/blogcrsur.es\/wp-content\/uploads\/2024\/06\/caja-rural-huelva.jpg\" sizes=\"auto, (max-width: 829px) 100vw, 829px\" srcset=\"https:\/\/blogcrsur.es\/wp-content\/uploads\/2024\/06\/caja-rural-huelva.jpg 829w, https:\/\/blogcrsur.es\/wp-content\/uploads\/2024\/06\/caja-rural-huelva-300x183.jpg 300w, https:\/\/blogcrsur.es\/wp-content\/uploads\/2024\/06\/caja-rural-huelva-768x470.jpg 768w\" alt=\"\" width=\"829\" height=\"507\" \/><\/p>\n<p><strong>En la inauguraci\u00f3n oficial del Congreso, participaba adem\u00e1s del presidente de la entidad y la Fundaci\u00f3n Caja Rural del Sur,\u00a0Jos\u00e9 Luis Garc\u00eda-Palacios \u00c1lvarez, tambi\u00e9n\u00a0<\/strong>la alcaldesa de Huelva, Pilar Miranda; el presidente de la Diputaci\u00f3n, David Toscano; el secretario general de Recursos Agrarios y Seguridad Alimentaria del Ministerio de Agricultura, Pesca y Alimentaci\u00f3n, Fernando Miranda; el secretario general de Agricultura, Ganader\u00eda y Alimentaci\u00f3n de la Consejer\u00eda de Agricultura, Pesca, Agua y Desarrollo Rural de la Junta de Andaluc\u00eda, Manuel G\u00f3mez Galera; \u00a0y el presidente de\u00a0<strong>Freshuelva<\/strong>, Francisco J. G\u00f3mez Garc\u00eda, en un acto que ha contado tambi\u00e9n con la presencia de numerosos alcaldes de municipios agr\u00edcolas, as\u00ed como de otros representantes institucionales, pol\u00edticos, sindicales y empresariales.<\/p>\n<p><img loading=\"lazy\" decoding=\"async\" class=\"alignnone wp-image-13068 size-full\" src=\"https:\/\/blogcrsur.es\/wp-content\/uploads\/2024\/06\/Captura-de-pantalla-2024-06-19-160742-1.jpg\" sizes=\"auto, (max-width: 941px) 100vw, 941px\" srcset=\"https:\/\/blogcrsur.es\/wp-content\/uploads\/2024\/06\/Captura-de-pantalla-2024-06-19-160742-1.jpg 941w, https:\/\/blogcrsur.es\/wp-content\/uploads\/2024\/06\/Captura-de-pantalla-2024-06-19-160742-1-300x186.jpg 300w, https:\/\/blogcrsur.es\/wp-content\/uploads\/2024\/06\/Captura-de-pantalla-2024-06-19-160742-1-768x476.jpg 768w\" alt=\"\" width=\"941\" height=\"583\" \/><\/p>\n<p><strong>En el acto inaugural, el presidente de la Caja Rural del Sur,\u00a0Jos\u00e9 Luis Garc\u00eda-Palacios,<\/strong>\u00a0destac\u00f3 la necesaria uni\u00f3n del sector para que \u201centre todos los agentes implicados tenemos darle un gran impulso al sector de los frutos rojos, que ha demostrado con creces su sostenibilidad e innovaci\u00f3n\u201d, por lo que se felicit\u00f3 de que este Congreso \u201csiga creciendo, porque, sin duda, beneficiar\u00e1 al sector\u201d. As\u00ed, Garc\u00eda-Palacios asegur\u00f3 que Caja Rural del Sur \u201cseguir\u00e1, como hasta ahora, apoyando al sector de los frutos rojos en lo que necesite para su avance\u201d.<\/p>\n<p><img loading=\"lazy\" decoding=\"async\" class=\"alignnone wp-image-13067 size-full\" src=\"https:\/\/blogcrsur.es\/wp-content\/uploads\/2024\/06\/congreso-1-1.jpg\" sizes=\"auto, (max-width: 896px) 100vw, 896px\" srcset=\"https:\/\/blogcrsur.es\/wp-content\/uploads\/2024\/06\/congreso-1-1.jpg 896w, https:\/\/blogcrsur.es\/wp-content\/uploads\/2024\/06\/congreso-1-1-300x160.jpg 300w, https:\/\/blogcrsur.es\/wp-content\/uploads\/2024\/06\/congreso-1-1-768x409.jpg 768w\" alt=\"\" width=\"896\" height=\"477\" \/><\/p>\n<p>Por su parte, la alcaldesa de la ciudad,\u00a0<strong>Pilar Miranda<\/strong>, indic\u00f3 que para la capital es un orgullo ejercer un a\u00f1o m\u00e1s como anfitriona del Congreso Internacional de Frutos Rojos, \u201cporque es un evento que nos permite estrechar los lazos entre la capital con su provincia, convirtiendo durante dos d\u00edas a la Casa Col\u00f3n en el punto de referencia de un sector agrario que es santo y se\u00f1a de esta tierra\u201d.<\/p>\n<p>El presidente de la Diputaci\u00f3n,\u00a0<strong>David Toscano<\/strong>, subray\u00f3 el liderazgo de la provincia de Huelva en la producci\u00f3n de frutos rojos, \u201cuna posici\u00f3n que es resultado d\u00e9cadas de esfuerzo e innovaci\u00f3n de nuestros agricultores y empresas\u201d.<\/p>\n<p>Adem\u00e1s,\u00a0<strong>el presidente de Freshuelva,\u00a0Francisco Jos\u00e9 G\u00f3mez,<\/strong>\u00a0dijo que este congreso ser\u00e1 \u201cuna gran mesa de debate a la que nos sentamos todos unidos para defender al sector\u201d, del que reivindic\u00f3 su importancia como generador de riqueza y empleo para la provincia, \u201cya que representamos el 11,5 % del PIB de la provincia y generamos casi 200.000 puestos de trabajo directos e indirectos\u201d.<\/p>\n<p><strong>El acto inaugural cont\u00f3 con un emotivo homenaje p\u00f3stumo al empresario Antonio \u00c1ngel Soltero Le\u00f3n<\/strong>, quien recibi\u00f3 la Fresa de Oro otorgada por Freshuelva por toda una vida de entrega, dedicaci\u00f3n y defensa del sector. El galard\u00f3n fue recogido por los miembros de su familia, quienes agradecieron a la asociaci\u00f3n el galard\u00f3n entregado \u201ca un hombre bueno y dedicado en cuerpo y alma al sector\u201d.<\/p>\n<p><strong>Conferencia de Manuel Pimentel<\/strong><\/p>\n<p>Previamente, el escritor y editor de Almuzara Libros\u00a0<strong>Manuel Pimentel<\/strong>\u00a0abri\u00f3 el 9\u00ba Congreso Internacional de Frutos Rojos con la conferencia inaugural \u2018La venganza del campo\u2019, en la que ha hecho una \u00abclara y encendida\u00bb defensa del papel del campo y de la agricultura en la sociedad actual.<\/p>\n<p>Pimentel explic\u00f3 que actualmente \u201cestamos en pleno cambio de ciclo\u201d. \u201cVenimos de unos a\u00f1os, entre 2000 y 2020 en los que comer, llenar la cesta de la compra, sal\u00eda bueno, bonito y barato, y eso hizo que la sociedad le restara el valor que realmente tiene la agricultura. Ahora eso est\u00e1 cambiando porque los precios han subido y los ciudadanos saben del valor de los productos\u201d.<\/p>\n<p>El ex ministro asegur\u00f3 que el \u201cfinal de esta fiesta\u201d fue la \u00faltima PAC de la Uni\u00f3n Europea, \u201cen la que pr\u00e1cticamente al campo se le da un valor para pasear y disfrutar de \u00e9l desde un punto de vista medioambiental, y que los alimentos los conseguir\u00edamos de fuera, de otros pa\u00edses\u201d.<\/p>\n<p>Con el cambio de ciclo actual, \u201cel campo se est\u00e1 \u2018vengando\u2019 porque eso provoca una subida de precios en los pa\u00edses ricos y escasez de productos en los pobres\u201d, ha dicho Pimentel, quien abog\u00f3 por iniciar un camino \u201cque nos lleve al entendimiento y en el que todos estemos c\u00f3modos\u201d.<\/p>\n<p>60 empresas y 1.500 profesionales<\/p>\n<p>Una vez finalizada la conferencia de apertura y la inauguraci\u00f3n institucional del congreso, con m\u00e1s de 1.500 profesionales, los representantes de las diferentes administraciones y entidades realizaron un recorrido por la parte expositiva, en la que participaron m\u00e1s de 60 empresas auxiliares del sector de los frutos rojos, que expusieron sus productos y servicios.<\/p>\n<p>Tras la inauguraci\u00f3n comenz\u00f3\u00a0<a href=\"https:\/\/congresofrutosrojos.com\/programa\/\">el programa de conferencias t\u00e9cnicas<\/a>\u00a0que en horario de ma\u00f1ana y de tarde se desarroll\u00f3 en las salas A y B de la Casa Col\u00f3n, con presentaciones a cargo de empresas sobre las \u00faltimas innovaciones tecnol\u00f3gicas del sector, y que corren a cargo de expertos de varias de las empresas expositoras y colaboradoras del evento.<\/p>\n<figure id=\"attachment_353189\" class=\"wp-caption alignnone\" aria-describedby=\"caption-attachment-353189\">Ver m\u00e1s informaci\u00f3n Congreso Frutos Rojos \u2013 Huelva Informaci\u00f3n:<\/figure>\n<figure class=\"wp-caption alignnone\" aria-describedby=\"caption-attachment-353189\"><a href=\"https:\/\/www.huelvainformacion.es\/galerias_graficas\/imagenes-inauguracion-ix-congreso-internacional_3_2000105797.html?utm_source=twitter.com&amp;utm_medium=social&amp;utm_campaign=noticias#slide-9\">https:\/\/www.huelvainformacion.es\/galerias_graficas\/imagenes-inauguracion-ix-congreso-internacional_3_2000105797.html?utm_source=twitter.com&amp;utm_medium=social&amp;utm_campaign=noticias#slide-9<\/a><\/figure>","protected":false},"excerpt":{"rendered":"<p>La\u00a0novena edici\u00f3n del\u00a0Congreso Internacional de Frutos Rojos, celebrado este a\u00f1o los d\u00edas 19 y 20 de junio\u00a0en la\u00a0Casa Col\u00f3n\u00a0de Huelva,\u00a0ha congregado a\u00a0productores, comercializadores y empresas auxiliares del sector,\u00a0con el patrocinio [&hellip;]<\/p>\n","protected":false},"author":6,"featured_media":10236,"comment_status":"closed","ping_status":"closed","sticky":false,"template":"","format":"standard","meta":{"footnotes":""},"categories":[69,84],"tags":[],"class_list":["post-10235","post","type-post","status-publish","format-standard","has-post-thumbnail","hentry","category-colaboracion","category-presentaciones"],"yoast_head":"<!-- This site is optimized with the Yoast SEO plugin v27.3 - https:\/\/yoast.com\/product\/yoast-seo-wordpress\/ -->\n<title>Se celebra el IX Congreso de Frutos Rojos en Huelva con el patrocinio de Caja Rural del Sur - Fundaci\u00f3n Caja Rural del Sur<\/title>\n<meta name=\"robots\" content=\"index, follow, max-snippet:-1, max-image-preview:large, max-video-preview:-1\" \/>\n<link rel=\"canonical\" href=\"https:\/\/fundacioncajaruraldelsur.com\/pt\/se-celebra-el-ix-congreso-de-frutos-rojos-en-huelva-con-el-patrocinio-de-caja-rural-del-sur\/\" \/>\n<meta property=\"og:locale\" content=\"pt_PT\" \/>\n<meta property=\"og:type\" content=\"article\" \/>\n<meta property=\"og:title\" content=\"Se celebra el IX Congreso de Frutos Rojos en Huelva con el patrocinio de Caja Rural del Sur - Fundaci\u00f3n Caja Rural del Sur\" \/>\n<meta property=\"og:description\" content=\"La\u00a0novena edici\u00f3n del\u00a0Congreso Internacional de Frutos Rojos, celebrado este a\u00f1o los d\u00edas 19 y 20 de junio\u00a0en la\u00a0Casa Col\u00f3n\u00a0de Huelva,\u00a0ha congregado a\u00a0productores, comercializadores y empresas auxiliares del sector,\u00a0con el patrocinio [&hellip;]\" \/>\n<meta property=\"og:url\" content=\"https:\/\/fundacioncajaruraldelsur.com\/pt\/se-celebra-el-ix-congreso-de-frutos-rojos-en-huelva-con-el-patrocinio-de-caja-rural-del-sur\/\" \/>\n<meta property=\"og:site_name\" content=\"Fundaci\u00f3n Caja Rural del Sur\" \/>\n<meta property=\"article:published_time\" content=\"2024-06-19T14:48:27+00:00\" \/>\n<meta property=\"og:image\" content=\"https:\/\/fundacioncajaruraldelsur.com\/wp-content\/uploads\/2024\/06\/e270c436-3e9c-4c99-8023-bf6d5b37c8c5_source-aspect-ratio_850w_0.webp\" \/>\n\t<meta property=\"og:image:width\" content=\"850\" \/>\n\t<meta property=\"og:image:height\" content=\"567\" \/>\n\t<meta property=\"og:image:type\" content=\"image\/webp\" \/>\n<meta name=\"author\" content=\"Comunicaci\u00f3n\" \/>\n<meta name=\"twitter:card\" content=\"summary_large_image\" \/>\n<meta name=\"twitter:label1\" content=\"Written by\" \/>\n\t<meta name=\"twitter:data1\" content=\"Comunicaci\u00f3n\" \/>\n\t<meta name=\"twitter:label2\" content=\"Est. reading time\" \/>\n\t<meta name=\"twitter:data2\" content=\"6 minutes\" \/>\n<script type=\"application\/ld+json\" class=\"yoast-schema-graph\">{\"@context\":\"https:\\\/\\\/schema.org\",\"@graph\":[{\"@type\":\"Article\",\"@id\":\"https:\\\/\\\/fundacioncajaruraldelsur.com\\\/se-celebra-el-ix-congreso-de-frutos-rojos-en-huelva-con-el-patrocinio-de-caja-rural-del-sur\\\/#article\",\"isPartOf\":{\"@id\":\"https:\\\/\\\/fundacioncajaruraldelsur.com\\\/se-celebra-el-ix-congreso-de-frutos-rojos-en-huelva-con-el-patrocinio-de-caja-rural-del-sur\\\/\"},\"author\":{\"name\":\"Comunicaci\u00f3n\",\"@id\":\"https:\\\/\\\/fundacioncajaruraldelsur.com\\\/#\\\/schema\\\/person\\\/f430da9fb783d505ff061ad8b3d44577\"},\"headline\":\"Se celebra el IX Congreso de Frutos Rojos en Huelva con el patrocinio de Caja Rural del Sur\",\"datePublished\":\"2024-06-19T14:48:27+00:00\",\"mainEntityOfPage\":{\"@id\":\"https:\\\/\\\/fundacioncajaruraldelsur.com\\\/se-celebra-el-ix-congreso-de-frutos-rojos-en-huelva-con-el-patrocinio-de-caja-rural-del-sur\\\/\"},\"wordCount\":1030,\"image\":{\"@id\":\"https:\\\/\\\/fundacioncajaruraldelsur.com\\\/se-celebra-el-ix-congreso-de-frutos-rojos-en-huelva-con-el-patrocinio-de-caja-rural-del-sur\\\/#primaryimage\"},\"thumbnailUrl\":\"https:\\\/\\\/fundacioncajaruraldelsur.com\\\/wp-content\\\/uploads\\\/2024\\\/06\\\/e270c436-3e9c-4c99-8023-bf6d5b37c8c5_source-aspect-ratio_850w_0.webp\",\"articleSection\":[\"Colaboraci\u00f3n\",\"Presentaciones\"],\"inLanguage\":\"pt-PT\"},{\"@type\":\"WebPage\",\"@id\":\"https:\\\/\\\/fundacioncajaruraldelsur.com\\\/se-celebra-el-ix-congreso-de-frutos-rojos-en-huelva-con-el-patrocinio-de-caja-rural-del-sur\\\/\",\"url\":\"https:\\\/\\\/fundacioncajaruraldelsur.com\\\/se-celebra-el-ix-congreso-de-frutos-rojos-en-huelva-con-el-patrocinio-de-caja-rural-del-sur\\\/\",\"name\":\"Se celebra el IX Congreso de Frutos Rojos en Huelva con el patrocinio de Caja Rural del Sur - Fundaci\u00f3n Caja Rural del Sur\",\"isPartOf\":{\"@id\":\"https:\\\/\\\/fundacioncajaruraldelsur.com\\\/#website\"},\"primaryImageOfPage\":{\"@id\":\"https:\\\/\\\/fundacioncajaruraldelsur.com\\\/se-celebra-el-ix-congreso-de-frutos-rojos-en-huelva-con-el-patrocinio-de-caja-rural-del-sur\\\/#primaryimage\"},\"image\":{\"@id\":\"https:\\\/\\\/fundacioncajaruraldelsur.com\\\/se-celebra-el-ix-congreso-de-frutos-rojos-en-huelva-con-el-patrocinio-de-caja-rural-del-sur\\\/#primaryimage\"},\"thumbnailUrl\":\"https:\\\/\\\/fundacioncajaruraldelsur.com\\\/wp-content\\\/uploads\\\/2024\\\/06\\\/e270c436-3e9c-4c99-8023-bf6d5b37c8c5_source-aspect-ratio_850w_0.webp\",\"datePublished\":\"2024-06-19T14:48:27+00:00\",\"author\":{\"@id\":\"https:\\\/\\\/fundacioncajaruraldelsur.com\\\/#\\\/schema\\\/person\\\/f430da9fb783d505ff061ad8b3d44577\"},\"breadcrumb\":{\"@id\":\"https:\\\/\\\/fundacioncajaruraldelsur.com\\\/se-celebra-el-ix-congreso-de-frutos-rojos-en-huelva-con-el-patrocinio-de-caja-rural-del-sur\\\/#breadcrumb\"},\"inLanguage\":\"pt-PT\",\"potentialAction\":[{\"@type\":\"ReadAction\",\"target\":[\"https:\\\/\\\/fundacioncajaruraldelsur.com\\\/se-celebra-el-ix-congreso-de-frutos-rojos-en-huelva-con-el-patrocinio-de-caja-rural-del-sur\\\/\"]}]},{\"@type\":\"ImageObject\",\"inLanguage\":\"pt-PT\",\"@id\":\"https:\\\/\\\/fundacioncajaruraldelsur.com\\\/se-celebra-el-ix-congreso-de-frutos-rojos-en-huelva-con-el-patrocinio-de-caja-rural-del-sur\\\/#primaryimage\",\"url\":\"https:\\\/\\\/fundacioncajaruraldelsur.com\\\/wp-content\\\/uploads\\\/2024\\\/06\\\/e270c436-3e9c-4c99-8023-bf6d5b37c8c5_source-aspect-ratio_850w_0.webp\",\"contentUrl\":\"https:\\\/\\\/fundacioncajaruraldelsur.com\\\/wp-content\\\/uploads\\\/2024\\\/06\\\/e270c436-3e9c-4c99-8023-bf6d5b37c8c5_source-aspect-ratio_850w_0.webp\",\"width\":850,\"height\":567},{\"@type\":\"BreadcrumbList\",\"@id\":\"https:\\\/\\\/fundacioncajaruraldelsur.com\\\/se-celebra-el-ix-congreso-de-frutos-rojos-en-huelva-con-el-patrocinio-de-caja-rural-del-sur\\\/#breadcrumb\",\"itemListElement\":[{\"@type\":\"ListItem\",\"position\":1,\"name\":\"Portada\",\"item\":\"https:\\\/\\\/fundacioncajaruraldelsur.com\\\/\"},{\"@type\":\"ListItem\",\"position\":2,\"name\":\"Se celebra el IX Congreso de Frutos Rojos en Huelva con el patrocinio de Caja Rural del Sur\"}]},{\"@type\":\"WebSite\",\"@id\":\"https:\\\/\\\/fundacioncajaruraldelsur.com\\\/#website\",\"url\":\"https:\\\/\\\/fundacioncajaruraldelsur.com\\\/\",\"name\":\"Fundaci\u00f3n Caja Rural del Sur\",\"description\":\"\",\"potentialAction\":[{\"@type\":\"SearchAction\",\"target\":{\"@type\":\"EntryPoint\",\"urlTemplate\":\"https:\\\/\\\/fundacioncajaruraldelsur.com\\\/?s={search_term_string}\"},\"query-input\":{\"@type\":\"PropertyValueSpecification\",\"valueRequired\":true,\"valueName\":\"search_term_string\"}}],\"inLanguage\":\"pt-PT\"},{\"@type\":\"Person\",\"@id\":\"https:\\\/\\\/fundacioncajaruraldelsur.com\\\/#\\\/schema\\\/person\\\/f430da9fb783d505ff061ad8b3d44577\",\"name\":\"Comunicaci\u00f3n\",\"image\":{\"@type\":\"ImageObject\",\"inLanguage\":\"pt-PT\",\"@id\":\"https:\\\/\\\/secure.gravatar.com\\\/avatar\\\/0dca239875993680bac4603ad2de7942da018f52cc3a244578e0b3b09314a8d8?s=96&d=blank&r=g\",\"url\":\"https:\\\/\\\/secure.gravatar.com\\\/avatar\\\/0dca239875993680bac4603ad2de7942da018f52cc3a244578e0b3b09314a8d8?s=96&d=blank&r=g\",\"contentUrl\":\"https:\\\/\\\/secure.gravatar.com\\\/avatar\\\/0dca239875993680bac4603ad2de7942da018f52cc3a244578e0b3b09314a8d8?s=96&d=blank&r=g\",\"caption\":\"Comunicaci\u00f3n\"}}]}<\/script>\n<!-- \/ Yoast SEO plugin. -->","yoast_head_json":{"title":"Se celebra el IX Congreso de Frutos Rojos en Huelva con el patrocinio de Caja Rural del Sur - Fundaci\u00f3n Caja Rural del Sur","robots":{"index":"index","follow":"follow","max-snippet":"max-snippet:-1","max-image-preview":"max-image-preview:large","max-video-preview":"max-video-preview:-1"},"canonical":"https:\/\/fundacioncajaruraldelsur.com\/pt\/se-celebra-el-ix-congreso-de-frutos-rojos-en-huelva-con-el-patrocinio-de-caja-rural-del-sur\/","og_locale":"pt_PT","og_type":"article","og_title":"Se celebra el IX Congreso de Frutos Rojos en Huelva con el patrocinio de Caja Rural del Sur - Fundaci\u00f3n Caja Rural del Sur","og_description":"La\u00a0novena edici\u00f3n del\u00a0Congreso Internacional de Frutos Rojos, celebrado este a\u00f1o los d\u00edas 19 y 20 de junio\u00a0en la\u00a0Casa Col\u00f3n\u00a0de Huelva,\u00a0ha congregado a\u00a0productores, comercializadores y empresas auxiliares del sector,\u00a0con el patrocinio [&hellip;]","og_url":"https:\/\/fundacioncajaruraldelsur.com\/pt\/se-celebra-el-ix-congreso-de-frutos-rojos-en-huelva-con-el-patrocinio-de-caja-rural-del-sur\/","og_site_name":"Fundaci\u00f3n Caja Rural del Sur","article_published_time":"2024-06-19T14:48:27+00:00","og_image":[{"width":850,"height":567,"url":"https:\/\/fundacioncajaruraldelsur.com\/wp-content\/uploads\/2024\/06\/e270c436-3e9c-4c99-8023-bf6d5b37c8c5_source-aspect-ratio_850w_0.webp","type":"image\/webp"}],"author":"Comunicaci\u00f3n","twitter_card":"summary_large_image","twitter_misc":{"Written by":"Comunicaci\u00f3n","Est. reading time":"6 minutes"},"schema":{"@context":"https:\/\/schema.org","@graph":[{"@type":"Article","@id":"https:\/\/fundacioncajaruraldelsur.com\/se-celebra-el-ix-congreso-de-frutos-rojos-en-huelva-con-el-patrocinio-de-caja-rural-del-sur\/#article","isPartOf":{"@id":"https:\/\/fundacioncajaruraldelsur.com\/se-celebra-el-ix-congreso-de-frutos-rojos-en-huelva-con-el-patrocinio-de-caja-rural-del-sur\/"},"author":{"name":"Comunicaci\u00f3n","@id":"https:\/\/fundacioncajaruraldelsur.com\/#\/schema\/person\/f430da9fb783d505ff061ad8b3d44577"},"headline":"Se celebra el IX Congreso de Frutos Rojos en Huelva con el patrocinio de Caja Rural del Sur","datePublished":"2024-06-19T14:48:27+00:00","mainEntityOfPage":{"@id":"https:\/\/fundacioncajaruraldelsur.com\/se-celebra-el-ix-congreso-de-frutos-rojos-en-huelva-con-el-patrocinio-de-caja-rural-del-sur\/"},"wordCount":1030,"image":{"@id":"https:\/\/fundacioncajaruraldelsur.com\/se-celebra-el-ix-congreso-de-frutos-rojos-en-huelva-con-el-patrocinio-de-caja-rural-del-sur\/#primaryimage"},"thumbnailUrl":"https:\/\/fundacioncajaruraldelsur.com\/wp-content\/uploads\/2024\/06\/e270c436-3e9c-4c99-8023-bf6d5b37c8c5_source-aspect-ratio_850w_0.webp","articleSection":["Colaboraci\u00f3n","Presentaciones"],"inLanguage":"pt-PT"},{"@type":"WebPage","@id":"https:\/\/fundacioncajaruraldelsur.com\/se-celebra-el-ix-congreso-de-frutos-rojos-en-huelva-con-el-patrocinio-de-caja-rural-del-sur\/","url":"https:\/\/fundacioncajaruraldelsur.com\/se-celebra-el-ix-congreso-de-frutos-rojos-en-huelva-con-el-patrocinio-de-caja-rural-del-sur\/","name":"Se celebra el IX Congreso de Frutos Rojos en Huelva con el patrocinio de Caja Rural del Sur - Fundaci\u00f3n Caja Rural del Sur","isPartOf":{"@id":"https:\/\/fundacioncajaruraldelsur.com\/#website"},"primaryImageOfPage":{"@id":"https:\/\/fundacioncajaruraldelsur.com\/se-celebra-el-ix-congreso-de-frutos-rojos-en-huelva-con-el-patrocinio-de-caja-rural-del-sur\/#primaryimage"},"image":{"@id":"https:\/\/fundacioncajaruraldelsur.com\/se-celebra-el-ix-congreso-de-frutos-rojos-en-huelva-con-el-patrocinio-de-caja-rural-del-sur\/#primaryimage"},"thumbnailUrl":"https:\/\/fundacioncajaruraldelsur.com\/wp-content\/uploads\/2024\/06\/e270c436-3e9c-4c99-8023-bf6d5b37c8c5_source-aspect-ratio_850w_0.webp","datePublished":"2024-06-19T14:48:27+00:00","author":{"@id":"https:\/\/fundacioncajaruraldelsur.com\/#\/schema\/person\/f430da9fb783d505ff061ad8b3d44577"},"breadcrumb":{"@id":"https:\/\/fundacioncajaruraldelsur.com\/se-celebra-el-ix-congreso-de-frutos-rojos-en-huelva-con-el-patrocinio-de-caja-rural-del-sur\/#breadcrumb"},"inLanguage":"pt-PT","potentialAction":[{"@type":"ReadAction","target":["https:\/\/fundacioncajaruraldelsur.com\/se-celebra-el-ix-congreso-de-frutos-rojos-en-huelva-con-el-patrocinio-de-caja-rural-del-sur\/"]}]},{"@type":"ImageObject","inLanguage":"pt-PT","@id":"https:\/\/fundacioncajaruraldelsur.com\/se-celebra-el-ix-congreso-de-frutos-rojos-en-huelva-con-el-patrocinio-de-caja-rural-del-sur\/#primaryimage","url":"https:\/\/fundacioncajaruraldelsur.com\/wp-content\/uploads\/2024\/06\/e270c436-3e9c-4c99-8023-bf6d5b37c8c5_source-aspect-ratio_850w_0.webp","contentUrl":"https:\/\/fundacioncajaruraldelsur.com\/wp-content\/uploads\/2024\/06\/e270c436-3e9c-4c99-8023-bf6d5b37c8c5_source-aspect-ratio_850w_0.webp","width":850,"height":567},{"@type":"BreadcrumbList","@id":"https:\/\/fundacioncajaruraldelsur.com\/se-celebra-el-ix-congreso-de-frutos-rojos-en-huelva-con-el-patrocinio-de-caja-rural-del-sur\/#breadcrumb","itemListElement":[{"@type":"ListItem","position":1,"name":"Portada","item":"https:\/\/fundacioncajaruraldelsur.com\/"},{"@type":"ListItem","position":2,"name":"Se celebra el IX Congreso de Frutos Rojos en Huelva con el patrocinio de Caja Rural del Sur"}]},{"@type":"WebSite","@id":"https:\/\/fundacioncajaruraldelsur.com\/#website","url":"https:\/\/fundacioncajaruraldelsur.com\/","name":"Funda\u00e7\u00e3o Caja Rural del Sur","description":"","potentialAction":[{"@type":"SearchAction","target":{"@type":"EntryPoint","urlTemplate":"https:\/\/fundacioncajaruraldelsur.com\/?s={search_term_string}"},"query-input":{"@type":"PropertyValueSpecification","valueRequired":true,"valueName":"search_term_string"}}],"inLanguage":"pt-PT"},{"@type":"Person","@id":"https:\/\/fundacioncajaruraldelsur.com\/#\/schema\/person\/f430da9fb783d505ff061ad8b3d44577","name":"Comunicaci\u00f3n","image":{"@type":"ImageObject","inLanguage":"pt-PT","@id":"https:\/\/secure.gravatar.com\/avatar\/0dca239875993680bac4603ad2de7942da018f52cc3a244578e0b3b09314a8d8?s=96&d=blank&r=g","url":"https:\/\/secure.gravatar.com\/avatar\/0dca239875993680bac4603ad2de7942da018f52cc3a244578e0b3b09314a8d8?s=96&d=blank&r=g","contentUrl":"https:\/\/secure.gravatar.com\/avatar\/0dca239875993680bac4603ad2de7942da018f52cc3a244578e0b3b09314a8d8?s=96&d=blank&r=g","caption":"Comunicaci\u00f3n"}}]}},"rttpg_featured_image_url":{"full":["https:\/\/fundacioncajaruraldelsur.com\/wp-content\/uploads\/2024\/06\/e270c436-3e9c-4c99-8023-bf6d5b37c8c5_source-aspect-ratio_850w_0.webp",850,567,false],"landscape":["https:\/\/fundacioncajaruraldelsur.com\/wp-content\/uploads\/2024\/06\/e270c436-3e9c-4c99-8023-bf6d5b37c8c5_source-aspect-ratio_850w_0.webp",850,567,false],"portraits":["https:\/\/fundacioncajaruraldelsur.com\/wp-content\/uploads\/2024\/06\/e270c436-3e9c-4c99-8023-bf6d5b37c8c5_source-aspect-ratio_850w_0.webp",850,567,false],"thumbnail":["https:\/\/fundacioncajaruraldelsur.com\/wp-content\/uploads\/2024\/06\/e270c436-3e9c-4c99-8023-bf6d5b37c8c5_source-aspect-ratio_850w_0-150x150.webp",150,150,true],"medium":["https:\/\/fundacioncajaruraldelsur.com\/wp-content\/uploads\/2024\/06\/e270c436-3e9c-4c99-8023-bf6d5b37c8c5_source-aspect-ratio_850w_0-300x200.webp",300,200,true],"large":["https:\/\/fundacioncajaruraldelsur.com\/wp-content\/uploads\/2024\/06\/e270c436-3e9c-4c99-8023-bf6d5b37c8c5_source-aspect-ratio_850w_0.webp",850,567,false],"1536x1536":["https:\/\/fundacioncajaruraldelsur.com\/wp-content\/uploads\/2024\/06\/e270c436-3e9c-4c99-8023-bf6d5b37c8c5_source-aspect-ratio_850w_0.webp",850,567,false],"2048x2048":["https:\/\/fundacioncajaruraldelsur.com\/wp-content\/uploads\/2024\/06\/e270c436-3e9c-4c99-8023-bf6d5b37c8c5_source-aspect-ratio_850w_0.webp",850,567,false],"trp-custom-language-flag":["https:\/\/fundacioncajaruraldelsur.com\/wp-content\/uploads\/2024\/06\/e270c436-3e9c-4c99-8023-bf6d5b37c8c5_source-aspect-ratio_850w_0.webp",18,12,false],"blog-thumbnail":["https:\/\/fundacioncajaruraldelsur.com\/wp-content\/uploads\/2024\/06\/e270c436-3e9c-4c99-8023-bf6d5b37c8c5_source-aspect-ratio_850w_0-400x200.webp",400,200,true]},"rttpg_author":{"display_name":"Comunicaci\u00f3n","author_link":"https:\/\/fundacioncajaruraldelsur.com\/pt\/author\/sevillaadmin\/"},"rttpg_comment":0,"rttpg_category":"<a href=\"https:\/\/fundacioncajaruraldelsur.com\/pt\/category\/colaboracion\/\" rel=\"category tag\">Colaboraci\u00f3n<\/a> <a href=\"https:\/\/fundacioncajaruraldelsur.com\/pt\/category\/presentaciones\/\" rel=\"category tag\">Presentaciones<\/a>","rttpg_excerpt":"La\u00a0novena edici\u00f3n del\u00a0Congreso Internacional de Frutos Rojos, celebrado este a\u00f1o los d\u00edas 19 y 20 de junio\u00a0en la\u00a0Casa Col\u00f3n\u00a0de Huelva,\u00a0ha congregado a\u00a0productores, comercializadores y empresas auxiliares del sector,\u00a0con el patrocinio [&hellip;]","_links":{"self":[{"href":"https:\/\/fundacioncajaruraldelsur.com\/pt\/wp-json\/wp\/v2\/posts\/10235","targetHints":{"allow":["GET"]}}],"collection":[{"href":"https:\/\/fundacioncajaruraldelsur.com\/pt\/wp-json\/wp\/v2\/posts"}],"about":[{"href":"https:\/\/fundacioncajaruraldelsur.com\/pt\/wp-json\/wp\/v2\/types\/post"}],"author":[{"embeddable":true,"href":"https:\/\/fundacioncajaruraldelsur.com\/pt\/wp-json\/wp\/v2\/users\/6"}],"replies":[{"embeddable":true,"href":"https:\/\/fundacioncajaruraldelsur.com\/pt\/wp-json\/wp\/v2\/comments?post=10235"}],"version-history":[{"count":1,"href":"https:\/\/fundacioncajaruraldelsur.com\/pt\/wp-json\/wp\/v2\/posts\/10235\/revisions"}],"predecessor-version":[{"id":10237,"href":"https:\/\/fundacioncajaruraldelsur.com\/pt\/wp-json\/wp\/v2\/posts\/10235\/revisions\/10237"}],"wp:featuredmedia":[{"embeddable":true,"href":"https:\/\/fundacioncajaruraldelsur.com\/pt\/wp-json\/wp\/v2\/media\/10236"}],"wp:attachment":[{"href":"https:\/\/fundacioncajaruraldelsur.com\/pt\/wp-json\/wp\/v2\/media?parent=10235"}],"wp:term":[{"taxonomy":"category","embeddable":true,"href":"https:\/\/fundacioncajaruraldelsur.com\/pt\/wp-json\/wp\/v2\/categories?post=10235"},{"taxonomy":"post_tag","embeddable":true,"href":"https:\/\/fundacioncajaruraldelsur.com\/pt\/wp-json\/wp\/v2\/tags?post=10235"}],"curies":[{"name":"wp","href":"https:\/\/api.w.org\/{rel}","templated":true}]}}