{"id":10169,"date":"2024-06-07T10:17:55","date_gmt":"2024-06-07T09:17:55","guid":{"rendered":"\/?p=10169"},"modified":"2024-06-07T10:17:55","modified_gmt":"2024-06-07T09:17:55","slug":"san-telmo-y-caja-rural-del-sur-imparten-en-junio-en-huelva-una-nueva-edicion-del-curso-especializado-para-miembros-de-consejos-rectores","status":"publish","type":"post","link":"https:\/\/fundacioncajaruraldelsur.com\/pt\/san-telmo-y-caja-rural-del-sur-imparten-en-junio-en-huelva-una-nueva-edicion-del-curso-especializado-para-miembros-de-consejos-rectores\/","title":{"rendered":"San Telmo y Caja Rural del Sur imparten en junio en Huelva una nueva edici\u00f3n del curso especializado para miembros de Consejos Rectores"},"content":{"rendered":"<p><strong>La escuela de negocios San Telmo Business School<\/strong> en alianza con <strong>Caja Rural del Sur han inaugurado en Huelva una nueva edici\u00f3n del \u2018Curso de Gobierno para Consejos Rectores de Cooperativas Agroalimentarias\u2019,<\/strong> que se impartir\u00e1 a lo largo de todo el mes de junio, en horario de 10 a 19 horas, en la sede de la Federaci\u00f3n Onubense de Empresarios, con el fin de avanzar en la modernizaci\u00f3n de este \u00e1mbito econ\u00f3mico en Andaluc\u00eda.<\/p>\n<p>En el acto de inauguraci\u00f3n del curso, que cuenta con una amplia representaci\u00f3n de miembros de Consejos Rectores de las Cooperativas de la provincia de Huelva, <strong>el director de la Fundaci\u00f3n Caja Rural del Sur, Emilio Ponce<\/strong>, explic\u00f3 a los asistentes la importancia de actualizar la formaci\u00f3n y el empe\u00f1o tanto de Caja Rural del Sur como de la propia Fundaci\u00f3n de que se mantenga esta actividad docente con San Telmo Business School, que desde hace diez a\u00f1os viene recorriendo las provincias andaluzas donde la entidad tiene implantaci\u00f3n territorial.<\/p>\n<p><strong>Se trata de una formaci\u00f3n especializada y adaptada a los cambios que est\u00e1 viviendo el sector agroalimentario<\/strong>, cada vez m\u00e1s global, y especialmente dise\u00f1ada para que los Consejos Rectores, representantes de los socios de las cooperativas, dispongan de la formaci\u00f3n necesaria para comprender todos los retos competitivos y el papel que debe jugar este \u00f3rgano de direcci\u00f3n para desarrollar con eficacia su labor de gobierno.<\/p>\n<p><strong>Se dirige as\u00ed principalmente esta formaci\u00f3n a miembros de Consejos Rectores de cooperativas<\/strong>, con una dilatada experiencia y m\u00e1xima responsabilidad, de todos los eslabones de la cadena agroalimentaria (agr\u00edcola, ganadera, suministros, industria, distribuci\u00f3n y servicios) quienes podr\u00e1n mejorar sus capacidades para ejercer la gesti\u00f3n empresarial en el \u00e1mbito cooperativo.<\/p>\n<p><strong>Tanto Caja Rural del Sur como San Telmo Business School<\/strong> consideran que este programa es toda una oportunidad por su especializaci\u00f3n para quien lo realice ya que no existe otro similar, y se trata de una formaci\u00f3n de alto nivel en la gesti\u00f3n global de cooperativas, al contar con un cuadro de docentes expertos y especializados en el sector.<\/p>\n<p>Es adem\u00e1s de <strong>referencia la metodolog\u00eda<\/strong> que emplea el curso que desde un enfoque pr\u00e1ctico sigue el m\u00e9todo del caso, con un completo programa de contenidos especializados en empresas de la cadena agroalimentaria.<\/p>\n<p>Este programa se estructura con tres m\u00f3dulos de formaci\u00f3n. Los retos competitivos de la cadena Agroalimentaria para comprender los retos del negocio de la cooperativa m\u00e1s all\u00e1 de la producci\u00f3n, finanzas para Consejos Rectores para conocer los criterios y conceptos financieros necesarios para tomar decisiones como consejero, y, finalmente, el Gobierno de la Cooperativa para potenciar y diferenciar sus tareas respecto a los \u00f3rganos de gesti\u00f3n.<\/p>\n<p>En definitiva, el curso dota a sus participantes de todas las herramientas necesarias para el gobierno de una cooperativa, ayudando a desarrollar la funci\u00f3n del consejero para liderar el futuro de su organizaci\u00f3n modo eficiente y adaptado a los cambios de la econom\u00eda actual.-<\/p>","protected":false},"excerpt":{"rendered":"<p>La escuela de negocios San Telmo Business School en alianza con Caja Rural del Sur han inaugurado en Huelva una nueva edici\u00f3n del \u2018Curso de Gobierno para Consejos Rectores de [&hellip;]<\/p>\n","protected":false},"author":6,"featured_media":10170,"comment_status":"closed","ping_status":"closed","sticky":false,"template":"","format":"standard","meta":{"footnotes":""},"categories":[84],"tags":[],"class_list":["post-10169","post","type-post","status-publish","format-standard","has-post-thumbnail","hentry","category-presentaciones"],"yoast_head":"<!-- This site is optimized with the Yoast SEO plugin v27.3 - https:\/\/yoast.com\/product\/yoast-seo-wordpress\/ -->\n<title>San Telmo y Caja Rural del Sur imparten en junio en Huelva una nueva edici\u00f3n del curso especializado para miembros de Consejos Rectores - Fundaci\u00f3n Caja Rural del Sur<\/title>\n<meta name=\"robots\" content=\"index, follow, max-snippet:-1, max-image-preview:large, max-video-preview:-1\" \/>\n<link rel=\"canonical\" href=\"https:\/\/fundacioncajaruraldelsur.com\/pt\/san-telmo-y-caja-rural-del-sur-imparten-en-junio-en-huelva-una-nueva-edicion-del-curso-especializado-para-miembros-de-consejos-rectores\/\" \/>\n<meta property=\"og:locale\" content=\"pt_PT\" \/>\n<meta property=\"og:type\" content=\"article\" \/>\n<meta property=\"og:title\" content=\"San Telmo y Caja Rural del Sur imparten en junio en Huelva una nueva edici\u00f3n del curso especializado para miembros de Consejos Rectores - Fundaci\u00f3n Caja Rural del Sur\" \/>\n<meta property=\"og:description\" content=\"La escuela de negocios San Telmo Business School en alianza con Caja Rural del Sur han inaugurado en Huelva una nueva edici\u00f3n del \u2018Curso de Gobierno para Consejos Rectores de [&hellip;]\" \/>\n<meta property=\"og:url\" content=\"https:\/\/fundacioncajaruraldelsur.com\/pt\/san-telmo-y-caja-rural-del-sur-imparten-en-junio-en-huelva-una-nueva-edicion-del-curso-especializado-para-miembros-de-consejos-rectores\/\" \/>\n<meta property=\"og:site_name\" content=\"Fundaci\u00f3n Caja Rural del Sur\" \/>\n<meta property=\"article:published_time\" content=\"2024-06-07T09:17:55+00:00\" \/>\n<meta property=\"og:image\" content=\"https:\/\/fundacioncajaruraldelsur.com\/wp-content\/uploads\/2024\/06\/240607.-Asistentes-al-curso-para-miembros-de-Consejos-Rectores-que-imparte-San-Telmo-con-Fundacion-Caja-Rural-del-Sur-2.jpg\" \/>\n\t<meta property=\"og:image:width\" content=\"1813\" \/>\n\t<meta property=\"og:image:height\" content=\"1360\" \/>\n\t<meta property=\"og:image:type\" content=\"image\/jpeg\" \/>\n<meta name=\"author\" content=\"Comunicaci\u00f3n\" \/>\n<meta name=\"twitter:card\" content=\"summary_large_image\" \/>\n<meta name=\"twitter:label1\" content=\"Written by\" \/>\n\t<meta name=\"twitter:data1\" content=\"Comunicaci\u00f3n\" \/>\n\t<meta name=\"twitter:label2\" content=\"Est. reading time\" \/>\n\t<meta name=\"twitter:data2\" content=\"3 minutes\" \/>\n<script type=\"application\/ld+json\" class=\"yoast-schema-graph\">{\"@context\":\"https:\\\/\\\/schema.org\",\"@graph\":[{\"@type\":\"Article\",\"@id\":\"https:\\\/\\\/fundacioncajaruraldelsur.com\\\/san-telmo-y-caja-rural-del-sur-imparten-en-junio-en-huelva-una-nueva-edicion-del-curso-especializado-para-miembros-de-consejos-rectores\\\/#article\",\"isPartOf\":{\"@id\":\"https:\\\/\\\/fundacioncajaruraldelsur.com\\\/san-telmo-y-caja-rural-del-sur-imparten-en-junio-en-huelva-una-nueva-edicion-del-curso-especializado-para-miembros-de-consejos-rectores\\\/\"},\"author\":{\"name\":\"Comunicaci\u00f3n\",\"@id\":\"https:\\\/\\\/fundacioncajaruraldelsur.com\\\/#\\\/schema\\\/person\\\/f430da9fb783d505ff061ad8b3d44577\"},\"headline\":\"San Telmo y Caja Rural del Sur imparten en junio en Huelva una nueva edici\u00f3n del curso especializado para miembros de Consejos Rectores\",\"datePublished\":\"2024-06-07T09:17:55+00:00\",\"mainEntityOfPage\":{\"@id\":\"https:\\\/\\\/fundacioncajaruraldelsur.com\\\/san-telmo-y-caja-rural-del-sur-imparten-en-junio-en-huelva-una-nueva-edicion-del-curso-especializado-para-miembros-de-consejos-rectores\\\/\"},\"wordCount\":540,\"image\":{\"@id\":\"https:\\\/\\\/fundacioncajaruraldelsur.com\\\/san-telmo-y-caja-rural-del-sur-imparten-en-junio-en-huelva-una-nueva-edicion-del-curso-especializado-para-miembros-de-consejos-rectores\\\/#primaryimage\"},\"thumbnailUrl\":\"https:\\\/\\\/fundacioncajaruraldelsur.com\\\/wp-content\\\/uploads\\\/2024\\\/06\\\/240607.-Asistentes-al-curso-para-miembros-de-Consejos-Rectores-que-imparte-San-Telmo-con-Fundacion-Caja-Rural-del-Sur-2.jpg\",\"articleSection\":[\"Presentaciones\"],\"inLanguage\":\"pt-PT\"},{\"@type\":\"WebPage\",\"@id\":\"https:\\\/\\\/fundacioncajaruraldelsur.com\\\/san-telmo-y-caja-rural-del-sur-imparten-en-junio-en-huelva-una-nueva-edicion-del-curso-especializado-para-miembros-de-consejos-rectores\\\/\",\"url\":\"https:\\\/\\\/fundacioncajaruraldelsur.com\\\/san-telmo-y-caja-rural-del-sur-imparten-en-junio-en-huelva-una-nueva-edicion-del-curso-especializado-para-miembros-de-consejos-rectores\\\/\",\"name\":\"San Telmo y Caja Rural del Sur imparten en junio en Huelva una nueva edici\u00f3n del curso especializado para miembros de Consejos Rectores - Fundaci\u00f3n Caja Rural del Sur\",\"isPartOf\":{\"@id\":\"https:\\\/\\\/fundacioncajaruraldelsur.com\\\/#website\"},\"primaryImageOfPage\":{\"@id\":\"https:\\\/\\\/fundacioncajaruraldelsur.com\\\/san-telmo-y-caja-rural-del-sur-imparten-en-junio-en-huelva-una-nueva-edicion-del-curso-especializado-para-miembros-de-consejos-rectores\\\/#primaryimage\"},\"image\":{\"@id\":\"https:\\\/\\\/fundacioncajaruraldelsur.com\\\/san-telmo-y-caja-rural-del-sur-imparten-en-junio-en-huelva-una-nueva-edicion-del-curso-especializado-para-miembros-de-consejos-rectores\\\/#primaryimage\"},\"thumbnailUrl\":\"https:\\\/\\\/fundacioncajaruraldelsur.com\\\/wp-content\\\/uploads\\\/2024\\\/06\\\/240607.-Asistentes-al-curso-para-miembros-de-Consejos-Rectores-que-imparte-San-Telmo-con-Fundacion-Caja-Rural-del-Sur-2.jpg\",\"datePublished\":\"2024-06-07T09:17:55+00:00\",\"author\":{\"@id\":\"https:\\\/\\\/fundacioncajaruraldelsur.com\\\/#\\\/schema\\\/person\\\/f430da9fb783d505ff061ad8b3d44577\"},\"breadcrumb\":{\"@id\":\"https:\\\/\\\/fundacioncajaruraldelsur.com\\\/san-telmo-y-caja-rural-del-sur-imparten-en-junio-en-huelva-una-nueva-edicion-del-curso-especializado-para-miembros-de-consejos-rectores\\\/#breadcrumb\"},\"inLanguage\":\"pt-PT\",\"potentialAction\":[{\"@type\":\"ReadAction\",\"target\":[\"https:\\\/\\\/fundacioncajaruraldelsur.com\\\/san-telmo-y-caja-rural-del-sur-imparten-en-junio-en-huelva-una-nueva-edicion-del-curso-especializado-para-miembros-de-consejos-rectores\\\/\"]}]},{\"@type\":\"ImageObject\",\"inLanguage\":\"pt-PT\",\"@id\":\"https:\\\/\\\/fundacioncajaruraldelsur.com\\\/san-telmo-y-caja-rural-del-sur-imparten-en-junio-en-huelva-una-nueva-edicion-del-curso-especializado-para-miembros-de-consejos-rectores\\\/#primaryimage\",\"url\":\"https:\\\/\\\/fundacioncajaruraldelsur.com\\\/wp-content\\\/uploads\\\/2024\\\/06\\\/240607.-Asistentes-al-curso-para-miembros-de-Consejos-Rectores-que-imparte-San-Telmo-con-Fundacion-Caja-Rural-del-Sur-2.jpg\",\"contentUrl\":\"https:\\\/\\\/fundacioncajaruraldelsur.com\\\/wp-content\\\/uploads\\\/2024\\\/06\\\/240607.-Asistentes-al-curso-para-miembros-de-Consejos-Rectores-que-imparte-San-Telmo-con-Fundacion-Caja-Rural-del-Sur-2.jpg\",\"width\":1813,\"height\":1360},{\"@type\":\"BreadcrumbList\",\"@id\":\"https:\\\/\\\/fundacioncajaruraldelsur.com\\\/san-telmo-y-caja-rural-del-sur-imparten-en-junio-en-huelva-una-nueva-edicion-del-curso-especializado-para-miembros-de-consejos-rectores\\\/#breadcrumb\",\"itemListElement\":[{\"@type\":\"ListItem\",\"position\":1,\"name\":\"Portada\",\"item\":\"https:\\\/\\\/fundacioncajaruraldelsur.com\\\/\"},{\"@type\":\"ListItem\",\"position\":2,\"name\":\"San Telmo y Caja Rural del Sur imparten en junio en Huelva una nueva edici\u00f3n del curso especializado para miembros de Consejos Rectores\"}]},{\"@type\":\"WebSite\",\"@id\":\"https:\\\/\\\/fundacioncajaruraldelsur.com\\\/#website\",\"url\":\"https:\\\/\\\/fundacioncajaruraldelsur.com\\\/\",\"name\":\"Fundaci\u00f3n Caja Rural del Sur\",\"description\":\"\",\"potentialAction\":[{\"@type\":\"SearchAction\",\"target\":{\"@type\":\"EntryPoint\",\"urlTemplate\":\"https:\\\/\\\/fundacioncajaruraldelsur.com\\\/?s={search_term_string}\"},\"query-input\":{\"@type\":\"PropertyValueSpecification\",\"valueRequired\":true,\"valueName\":\"search_term_string\"}}],\"inLanguage\":\"pt-PT\"},{\"@type\":\"Person\",\"@id\":\"https:\\\/\\\/fundacioncajaruraldelsur.com\\\/#\\\/schema\\\/person\\\/f430da9fb783d505ff061ad8b3d44577\",\"name\":\"Comunicaci\u00f3n\",\"image\":{\"@type\":\"ImageObject\",\"inLanguage\":\"pt-PT\",\"@id\":\"https:\\\/\\\/secure.gravatar.com\\\/avatar\\\/0dca239875993680bac4603ad2de7942da018f52cc3a244578e0b3b09314a8d8?s=96&d=blank&r=g\",\"url\":\"https:\\\/\\\/secure.gravatar.com\\\/avatar\\\/0dca239875993680bac4603ad2de7942da018f52cc3a244578e0b3b09314a8d8?s=96&d=blank&r=g\",\"contentUrl\":\"https:\\\/\\\/secure.gravatar.com\\\/avatar\\\/0dca239875993680bac4603ad2de7942da018f52cc3a244578e0b3b09314a8d8?s=96&d=blank&r=g\",\"caption\":\"Comunicaci\u00f3n\"}}]}<\/script>\n<!-- \/ Yoast SEO plugin. -->","yoast_head_json":{"title":"San Telmo y Caja Rural del Sur imparten en junio en Huelva una nueva edici\u00f3n del curso especializado para miembros de Consejos Rectores - Fundaci\u00f3n Caja Rural del Sur","robots":{"index":"index","follow":"follow","max-snippet":"max-snippet:-1","max-image-preview":"max-image-preview:large","max-video-preview":"max-video-preview:-1"},"canonical":"https:\/\/fundacioncajaruraldelsur.com\/pt\/san-telmo-y-caja-rural-del-sur-imparten-en-junio-en-huelva-una-nueva-edicion-del-curso-especializado-para-miembros-de-consejos-rectores\/","og_locale":"pt_PT","og_type":"article","og_title":"San Telmo y Caja Rural del Sur imparten en junio en Huelva una nueva edici\u00f3n del curso especializado para miembros de Consejos Rectores - Fundaci\u00f3n Caja Rural del Sur","og_description":"La escuela de negocios San Telmo Business School en alianza con Caja Rural del Sur han inaugurado en Huelva una nueva edici\u00f3n del \u2018Curso de Gobierno para Consejos Rectores de [&hellip;]","og_url":"https:\/\/fundacioncajaruraldelsur.com\/pt\/san-telmo-y-caja-rural-del-sur-imparten-en-junio-en-huelva-una-nueva-edicion-del-curso-especializado-para-miembros-de-consejos-rectores\/","og_site_name":"Fundaci\u00f3n Caja Rural del Sur","article_published_time":"2024-06-07T09:17:55+00:00","og_image":[{"width":1813,"height":1360,"url":"https:\/\/fundacioncajaruraldelsur.com\/wp-content\/uploads\/2024\/06\/240607.-Asistentes-al-curso-para-miembros-de-Consejos-Rectores-que-imparte-San-Telmo-con-Fundacion-Caja-Rural-del-Sur-2.jpg","type":"image\/jpeg"}],"author":"Comunicaci\u00f3n","twitter_card":"summary_large_image","twitter_misc":{"Written by":"Comunicaci\u00f3n","Est. reading time":"3 minutes"},"schema":{"@context":"https:\/\/schema.org","@graph":[{"@type":"Article","@id":"https:\/\/fundacioncajaruraldelsur.com\/san-telmo-y-caja-rural-del-sur-imparten-en-junio-en-huelva-una-nueva-edicion-del-curso-especializado-para-miembros-de-consejos-rectores\/#article","isPartOf":{"@id":"https:\/\/fundacioncajaruraldelsur.com\/san-telmo-y-caja-rural-del-sur-imparten-en-junio-en-huelva-una-nueva-edicion-del-curso-especializado-para-miembros-de-consejos-rectores\/"},"author":{"name":"Comunicaci\u00f3n","@id":"https:\/\/fundacioncajaruraldelsur.com\/#\/schema\/person\/f430da9fb783d505ff061ad8b3d44577"},"headline":"San Telmo y Caja Rural del Sur imparten en junio en Huelva una nueva edici\u00f3n del curso especializado para miembros de Consejos Rectores","datePublished":"2024-06-07T09:17:55+00:00","mainEntityOfPage":{"@id":"https:\/\/fundacioncajaruraldelsur.com\/san-telmo-y-caja-rural-del-sur-imparten-en-junio-en-huelva-una-nueva-edicion-del-curso-especializado-para-miembros-de-consejos-rectores\/"},"wordCount":540,"image":{"@id":"https:\/\/fundacioncajaruraldelsur.com\/san-telmo-y-caja-rural-del-sur-imparten-en-junio-en-huelva-una-nueva-edicion-del-curso-especializado-para-miembros-de-consejos-rectores\/#primaryimage"},"thumbnailUrl":"https:\/\/fundacioncajaruraldelsur.com\/wp-content\/uploads\/2024\/06\/240607.-Asistentes-al-curso-para-miembros-de-Consejos-Rectores-que-imparte-San-Telmo-con-Fundacion-Caja-Rural-del-Sur-2.jpg","articleSection":["Presentaciones"],"inLanguage":"pt-PT"},{"@type":"WebPage","@id":"https:\/\/fundacioncajaruraldelsur.com\/san-telmo-y-caja-rural-del-sur-imparten-en-junio-en-huelva-una-nueva-edicion-del-curso-especializado-para-miembros-de-consejos-rectores\/","url":"https:\/\/fundacioncajaruraldelsur.com\/san-telmo-y-caja-rural-del-sur-imparten-en-junio-en-huelva-una-nueva-edicion-del-curso-especializado-para-miembros-de-consejos-rectores\/","name":"San Telmo y Caja Rural del Sur imparten en junio en Huelva una nueva edici\u00f3n del curso especializado para miembros de Consejos Rectores - Fundaci\u00f3n Caja Rural del Sur","isPartOf":{"@id":"https:\/\/fundacioncajaruraldelsur.com\/#website"},"primaryImageOfPage":{"@id":"https:\/\/fundacioncajaruraldelsur.com\/san-telmo-y-caja-rural-del-sur-imparten-en-junio-en-huelva-una-nueva-edicion-del-curso-especializado-para-miembros-de-consejos-rectores\/#primaryimage"},"image":{"@id":"https:\/\/fundacioncajaruraldelsur.com\/san-telmo-y-caja-rural-del-sur-imparten-en-junio-en-huelva-una-nueva-edicion-del-curso-especializado-para-miembros-de-consejos-rectores\/#primaryimage"},"thumbnailUrl":"https:\/\/fundacioncajaruraldelsur.com\/wp-content\/uploads\/2024\/06\/240607.-Asistentes-al-curso-para-miembros-de-Consejos-Rectores-que-imparte-San-Telmo-con-Fundacion-Caja-Rural-del-Sur-2.jpg","datePublished":"2024-06-07T09:17:55+00:00","author":{"@id":"https:\/\/fundacioncajaruraldelsur.com\/#\/schema\/person\/f430da9fb783d505ff061ad8b3d44577"},"breadcrumb":{"@id":"https:\/\/fundacioncajaruraldelsur.com\/san-telmo-y-caja-rural-del-sur-imparten-en-junio-en-huelva-una-nueva-edicion-del-curso-especializado-para-miembros-de-consejos-rectores\/#breadcrumb"},"inLanguage":"pt-PT","potentialAction":[{"@type":"ReadAction","target":["https:\/\/fundacioncajaruraldelsur.com\/san-telmo-y-caja-rural-del-sur-imparten-en-junio-en-huelva-una-nueva-edicion-del-curso-especializado-para-miembros-de-consejos-rectores\/"]}]},{"@type":"ImageObject","inLanguage":"pt-PT","@id":"https:\/\/fundacioncajaruraldelsur.com\/san-telmo-y-caja-rural-del-sur-imparten-en-junio-en-huelva-una-nueva-edicion-del-curso-especializado-para-miembros-de-consejos-rectores\/#primaryimage","url":"https:\/\/fundacioncajaruraldelsur.com\/wp-content\/uploads\/2024\/06\/240607.-Asistentes-al-curso-para-miembros-de-Consejos-Rectores-que-imparte-San-Telmo-con-Fundacion-Caja-Rural-del-Sur-2.jpg","contentUrl":"https:\/\/fundacioncajaruraldelsur.com\/wp-content\/uploads\/2024\/06\/240607.-Asistentes-al-curso-para-miembros-de-Consejos-Rectores-que-imparte-San-Telmo-con-Fundacion-Caja-Rural-del-Sur-2.jpg","width":1813,"height":1360},{"@type":"BreadcrumbList","@id":"https:\/\/fundacioncajaruraldelsur.com\/san-telmo-y-caja-rural-del-sur-imparten-en-junio-en-huelva-una-nueva-edicion-del-curso-especializado-para-miembros-de-consejos-rectores\/#breadcrumb","itemListElement":[{"@type":"ListItem","position":1,"name":"Portada","item":"https:\/\/fundacioncajaruraldelsur.com\/"},{"@type":"ListItem","position":2,"name":"San Telmo y Caja Rural del Sur imparten en junio en Huelva una nueva edici\u00f3n del curso especializado para miembros de Consejos Rectores"}]},{"@type":"WebSite","@id":"https:\/\/fundacioncajaruraldelsur.com\/#website","url":"https:\/\/fundacioncajaruraldelsur.com\/","name":"Funda\u00e7\u00e3o Caja Rural del Sur","description":"","potentialAction":[{"@type":"SearchAction","target":{"@type":"EntryPoint","urlTemplate":"https:\/\/fundacioncajaruraldelsur.com\/?s={search_term_string}"},"query-input":{"@type":"PropertyValueSpecification","valueRequired":true,"valueName":"search_term_string"}}],"inLanguage":"pt-PT"},{"@type":"Person","@id":"https:\/\/fundacioncajaruraldelsur.com\/#\/schema\/person\/f430da9fb783d505ff061ad8b3d44577","name":"Comunicaci\u00f3n","image":{"@type":"ImageObject","inLanguage":"pt-PT","@id":"https:\/\/secure.gravatar.com\/avatar\/0dca239875993680bac4603ad2de7942da018f52cc3a244578e0b3b09314a8d8?s=96&d=blank&r=g","url":"https:\/\/secure.gravatar.com\/avatar\/0dca239875993680bac4603ad2de7942da018f52cc3a244578e0b3b09314a8d8?s=96&d=blank&r=g","contentUrl":"https:\/\/secure.gravatar.com\/avatar\/0dca239875993680bac4603ad2de7942da018f52cc3a244578e0b3b09314a8d8?s=96&d=blank&r=g","caption":"Comunicaci\u00f3n"}}]}},"rttpg_featured_image_url":{"full":["https:\/\/fundacioncajaruraldelsur.com\/wp-content\/uploads\/2024\/06\/240607.-Asistentes-al-curso-para-miembros-de-Consejos-Rectores-que-imparte-San-Telmo-con-Fundacion-Caja-Rural-del-Sur-2.jpg",1813,1360,false],"landscape":["https:\/\/fundacioncajaruraldelsur.com\/wp-content\/uploads\/2024\/06\/240607.-Asistentes-al-curso-para-miembros-de-Consejos-Rectores-que-imparte-San-Telmo-con-Fundacion-Caja-Rural-del-Sur-2.jpg",1813,1360,false],"portraits":["https:\/\/fundacioncajaruraldelsur.com\/wp-content\/uploads\/2024\/06\/240607.-Asistentes-al-curso-para-miembros-de-Consejos-Rectores-que-imparte-San-Telmo-con-Fundacion-Caja-Rural-del-Sur-2.jpg",1813,1360,false],"thumbnail":["https:\/\/fundacioncajaruraldelsur.com\/wp-content\/uploads\/2024\/06\/240607.-Asistentes-al-curso-para-miembros-de-Consejos-Rectores-que-imparte-San-Telmo-con-Fundacion-Caja-Rural-del-Sur-2-150x150.jpg",150,150,true],"medium":["https:\/\/fundacioncajaruraldelsur.com\/wp-content\/uploads\/2024\/06\/240607.-Asistentes-al-curso-para-miembros-de-Consejos-Rectores-que-imparte-San-Telmo-con-Fundacion-Caja-Rural-del-Sur-2-300x225.jpg",300,225,true],"large":["https:\/\/fundacioncajaruraldelsur.com\/wp-content\/uploads\/2024\/06\/240607.-Asistentes-al-curso-para-miembros-de-Consejos-Rectores-que-imparte-San-Telmo-con-Fundacion-Caja-Rural-del-Sur-2-1024x768.jpg",960,720,true],"1536x1536":["https:\/\/fundacioncajaruraldelsur.com\/wp-content\/uploads\/2024\/06\/240607.-Asistentes-al-curso-para-miembros-de-Consejos-Rectores-que-imparte-San-Telmo-con-Fundacion-Caja-Rural-del-Sur-2-1536x1152.jpg",1536,1152,true],"2048x2048":["https:\/\/fundacioncajaruraldelsur.com\/wp-content\/uploads\/2024\/06\/240607.-Asistentes-al-curso-para-miembros-de-Consejos-Rectores-que-imparte-San-Telmo-con-Fundacion-Caja-Rural-del-Sur-2.jpg",1813,1360,false],"trp-custom-language-flag":["https:\/\/fundacioncajaruraldelsur.com\/wp-content\/uploads\/2024\/06\/240607.-Asistentes-al-curso-para-miembros-de-Consejos-Rectores-que-imparte-San-Telmo-con-Fundacion-Caja-Rural-del-Sur-2.jpg",16,12,false],"blog-thumbnail":["https:\/\/fundacioncajaruraldelsur.com\/wp-content\/uploads\/2024\/06\/240607.-Asistentes-al-curso-para-miembros-de-Consejos-Rectores-que-imparte-San-Telmo-con-Fundacion-Caja-Rural-del-Sur-2-400x200.jpg",400,200,true]},"rttpg_author":{"display_name":"Comunicaci\u00f3n","author_link":"https:\/\/fundacioncajaruraldelsur.com\/pt\/author\/sevillaadmin\/"},"rttpg_comment":0,"rttpg_category":"<a href=\"https:\/\/fundacioncajaruraldelsur.com\/pt\/category\/presentaciones\/\" rel=\"category tag\">Presentaciones<\/a>","rttpg_excerpt":"La escuela de negocios San Telmo Business School en alianza con Caja Rural del Sur han inaugurado en Huelva una nueva edici\u00f3n del \u2018Curso de Gobierno para Consejos Rectores de [&hellip;]","_links":{"self":[{"href":"https:\/\/fundacioncajaruraldelsur.com\/pt\/wp-json\/wp\/v2\/posts\/10169","targetHints":{"allow":["GET"]}}],"collection":[{"href":"https:\/\/fundacioncajaruraldelsur.com\/pt\/wp-json\/wp\/v2\/posts"}],"about":[{"href":"https:\/\/fundacioncajaruraldelsur.com\/pt\/wp-json\/wp\/v2\/types\/post"}],"author":[{"embeddable":true,"href":"https:\/\/fundacioncajaruraldelsur.com\/pt\/wp-json\/wp\/v2\/users\/6"}],"replies":[{"embeddable":true,"href":"https:\/\/fundacioncajaruraldelsur.com\/pt\/wp-json\/wp\/v2\/comments?post=10169"}],"version-history":[{"count":1,"href":"https:\/\/fundacioncajaruraldelsur.com\/pt\/wp-json\/wp\/v2\/posts\/10169\/revisions"}],"predecessor-version":[{"id":10171,"href":"https:\/\/fundacioncajaruraldelsur.com\/pt\/wp-json\/wp\/v2\/posts\/10169\/revisions\/10171"}],"wp:featuredmedia":[{"embeddable":true,"href":"https:\/\/fundacioncajaruraldelsur.com\/pt\/wp-json\/wp\/v2\/media\/10170"}],"wp:attachment":[{"href":"https:\/\/fundacioncajaruraldelsur.com\/pt\/wp-json\/wp\/v2\/media?parent=10169"}],"wp:term":[{"taxonomy":"category","embeddable":true,"href":"https:\/\/fundacioncajaruraldelsur.com\/pt\/wp-json\/wp\/v2\/categories?post=10169"},{"taxonomy":"post_tag","embeddable":true,"href":"https:\/\/fundacioncajaruraldelsur.com\/pt\/wp-json\/wp\/v2\/tags?post=10169"}],"curies":[{"name":"wp","href":"https:\/\/api.w.org\/{rel}","templated":true}]}}