{"id":10161,"date":"2024-06-05T07:40:53","date_gmt":"2024-06-05T06:40:53","guid":{"rendered":"\/?p=10161"},"modified":"2024-06-05T07:41:16","modified_gmt":"2024-06-05T06:41:16","slug":"joaquin-sanchez-el-litri-y-el-cid-hablan-del-toreo-y-la-devocion-baratillera-en-caja-rural-del-sur","status":"publish","type":"post","link":"https:\/\/fundacioncajaruraldelsur.com\/pt\/joaquin-sanchez-el-litri-y-el-cid-hablan-del-toreo-y-la-devocion-baratillera-en-caja-rural-del-sur\/","title":{"rendered":"Joaqu\u00edn S\u00e1nchez, El Litri y El Cid hablan del &#8216;Toreo y la Devoci\u00f3n Baratillera&#8217; en la Fundaci\u00f3n Caja Rural del Sur"},"content":{"rendered":"<p>El sal\u00f3n de actos de la Fundaci\u00f3n Caja Rural del Sur en Sevilla ha acogido el acto taurino organizado por la Hermandad del Baratillo, en honor a la pr\u00f3xima coronaci\u00f3n de la Virgen de la Piedad el 14 de septiembre en la Catedral de Sevilla. Joaqu\u00edn S\u00e1nchez, exfutbolista del Real Betis, moder\u00f3 la charla con los maestros Miguel B\u00e1ez &#8216;Litri&#8217; y Manuel Jes\u00fas &#8216;El Cid&#8217;, sobre &#8216;Toreo y la Devoci\u00f3n Baratillera&#8217;.<\/p>\n<p>Luis Fernando Rodr\u00edguez, hermano mayor de la corporaci\u00f3n de la calle Adriano, y responsable del \u00c1rea de Personas y RRHH de Caja Rural del Sur, fue el encargado de dar la bienvenida despu\u00e9s de la oraci\u00f3n inicial, dirigida por don Andr\u00e9s Ybarra que defini\u00f3 a la Virgen de la Piedad como \u201ccapote de Dios\u201d.<\/p>\n<p>Desde sus inicios, numerosos toreros han donado trajes de luces y han visitado la Capilla de la Hermandad para orar antes de las corridas en la Real Maestranza de Caballer\u00eda de Sevilla. La estrecha relaci\u00f3n se remonta a figuras hist\u00f3ricas como Jos\u00e9 Delgado Guerra &#8216;Pepe Hillo&#8217;, quien don\u00f3 la imagen del Patriarca Bendito Se\u00f1or San Jos\u00e9, Titular de la Hermandad.<\/p>\n<p>En 1937, la Hermandad nombr\u00f3 a Mar\u00eda Sant\u00edsima de la Caridad en su Soledad como Patrona de la Vejez del Torero, celebrando una Eucarist\u00eda en julio en su honor. Adem\u00e1s, la Hermandad organiza conferencias y eventos taurinos, resaltando la profunda conexi\u00f3n entre la cofrad\u00eda y la tauromaquia. Este v\u00ednculo se refleja tambi\u00e9n en elementos como sayas con bordados taurinos, vidrieras y el llamador del paso de palio con \u00e1ngeles portando un capote, subrayando la influencia taurina en su patrimonio art\u00edstico.<\/p>\n<p>M\u00e1s informaci\u00f3n y foto:<a href=\"https:\/\/www.diariodesevilla.es\/toros\/Baratillo-virgen-Piedad-toreros_0_1909011282.html\"> https:\/\/www.diariodesevilla.es\/toros\/Baratillo-virgen-Piedad-toreros_0_1909011282.html<\/a><\/p>","protected":false},"excerpt":{"rendered":"<p>El sal\u00f3n de actos de la Fundaci\u00f3n Caja Rural del Sur en Sevilla ha acogido el acto taurino organizado por la Hermandad del Baratillo, en honor a la pr\u00f3xima coronaci\u00f3n [&hellip;]<\/p>\n","protected":false},"author":6,"featured_media":10162,"comment_status":"closed","ping_status":"closed","sticky":false,"template":"","format":"standard","meta":{"footnotes":""},"categories":[66],"tags":[],"class_list":["post-10161","post","type-post","status-publish","format-standard","has-post-thumbnail","hentry","category-actos"],"yoast_head":"<!-- This site is optimized with the Yoast SEO plugin v27.3 - https:\/\/yoast.com\/product\/yoast-seo-wordpress\/ -->\n<title>Joaqu\u00edn S\u00e1nchez, El Litri y El Cid hablan del &#039;Toreo y la Devoci\u00f3n Baratillera&#039; en la Fundaci\u00f3n Caja Rural del Sur - Fundaci\u00f3n Caja Rural del Sur<\/title>\n<meta name=\"robots\" content=\"index, follow, max-snippet:-1, max-image-preview:large, max-video-preview:-1\" \/>\n<link rel=\"canonical\" href=\"https:\/\/fundacioncajaruraldelsur.com\/pt\/joaquin-sanchez-el-litri-y-el-cid-hablan-del-toreo-y-la-devocion-baratillera-en-caja-rural-del-sur\/\" \/>\n<meta property=\"og:locale\" content=\"pt_PT\" \/>\n<meta property=\"og:type\" content=\"article\" \/>\n<meta property=\"og:title\" content=\"Joaqu\u00edn S\u00e1nchez, El Litri y El Cid hablan del &#039;Toreo y la Devoci\u00f3n Baratillera&#039; en la Fundaci\u00f3n Caja Rural del Sur - Fundaci\u00f3n Caja Rural del Sur\" \/>\n<meta property=\"og:description\" content=\"El sal\u00f3n de actos de la Fundaci\u00f3n Caja Rural del Sur en Sevilla ha acogido el acto taurino organizado por la Hermandad del Baratillo, en honor a la pr\u00f3xima coronaci\u00f3n [&hellip;]\" \/>\n<meta property=\"og:url\" content=\"https:\/\/fundacioncajaruraldelsur.com\/pt\/joaquin-sanchez-el-litri-y-el-cid-hablan-del-toreo-y-la-devocion-baratillera-en-caja-rural-del-sur\/\" \/>\n<meta property=\"og:site_name\" content=\"Fundaci\u00f3n Caja Rural del Sur\" \/>\n<meta property=\"article:published_time\" content=\"2024-06-05T06:40:53+00:00\" \/>\n<meta property=\"article:modified_time\" content=\"2024-06-05T06:41:16+00:00\" \/>\n<meta property=\"og:image\" content=\"https:\/\/fundacioncajaruraldelsur.com\/wp-content\/uploads\/2024\/06\/Cid-Litri-Joaquin-Caja-Rural_1909020434_214208527_667x375.jpg\" \/>\n\t<meta property=\"og:image:width\" content=\"667\" \/>\n\t<meta property=\"og:image:height\" content=\"375\" \/>\n\t<meta property=\"og:image:type\" content=\"image\/jpeg\" \/>\n<meta name=\"author\" content=\"Comunicaci\u00f3n\" \/>\n<meta name=\"twitter:card\" content=\"summary_large_image\" \/>\n<meta name=\"twitter:label1\" content=\"Written by\" \/>\n\t<meta name=\"twitter:data1\" content=\"Comunicaci\u00f3n\" \/>\n\t<meta name=\"twitter:label2\" content=\"Est. reading time\" \/>\n\t<meta name=\"twitter:data2\" content=\"2 minutes\" \/>\n<script type=\"application\/ld+json\" class=\"yoast-schema-graph\">{\"@context\":\"https:\\\/\\\/schema.org\",\"@graph\":[{\"@type\":\"Article\",\"@id\":\"https:\\\/\\\/fundacioncajaruraldelsur.com\\\/joaquin-sanchez-el-litri-y-el-cid-hablan-del-toreo-y-la-devocion-baratillera-en-caja-rural-del-sur\\\/#article\",\"isPartOf\":{\"@id\":\"https:\\\/\\\/fundacioncajaruraldelsur.com\\\/joaquin-sanchez-el-litri-y-el-cid-hablan-del-toreo-y-la-devocion-baratillera-en-caja-rural-del-sur\\\/\"},\"author\":{\"name\":\"Comunicaci\u00f3n\",\"@id\":\"https:\\\/\\\/fundacioncajaruraldelsur.com\\\/#\\\/schema\\\/person\\\/f430da9fb783d505ff061ad8b3d44577\"},\"headline\":\"Joaqu\u00edn S\u00e1nchez, El Litri y El Cid hablan del &#8216;Toreo y la Devoci\u00f3n Baratillera&#8217; en la Fundaci\u00f3n Caja Rural del Sur\",\"datePublished\":\"2024-06-05T06:40:53+00:00\",\"dateModified\":\"2024-06-05T06:41:16+00:00\",\"mainEntityOfPage\":{\"@id\":\"https:\\\/\\\/fundacioncajaruraldelsur.com\\\/joaquin-sanchez-el-litri-y-el-cid-hablan-del-toreo-y-la-devocion-baratillera-en-caja-rural-del-sur\\\/\"},\"wordCount\":328,\"image\":{\"@id\":\"https:\\\/\\\/fundacioncajaruraldelsur.com\\\/joaquin-sanchez-el-litri-y-el-cid-hablan-del-toreo-y-la-devocion-baratillera-en-caja-rural-del-sur\\\/#primaryimage\"},\"thumbnailUrl\":\"https:\\\/\\\/fundacioncajaruraldelsur.com\\\/wp-content\\\/uploads\\\/2024\\\/06\\\/Cid-Litri-Joaquin-Caja-Rural_1909020434_214208527_667x375.jpg\",\"articleSection\":[\"Actos\"],\"inLanguage\":\"pt-PT\"},{\"@type\":\"WebPage\",\"@id\":\"https:\\\/\\\/fundacioncajaruraldelsur.com\\\/joaquin-sanchez-el-litri-y-el-cid-hablan-del-toreo-y-la-devocion-baratillera-en-caja-rural-del-sur\\\/\",\"url\":\"https:\\\/\\\/fundacioncajaruraldelsur.com\\\/joaquin-sanchez-el-litri-y-el-cid-hablan-del-toreo-y-la-devocion-baratillera-en-caja-rural-del-sur\\\/\",\"name\":\"Joaqu\u00edn S\u00e1nchez, El Litri y El Cid hablan del 'Toreo y la Devoci\u00f3n Baratillera' en la Fundaci\u00f3n Caja Rural del Sur - Fundaci\u00f3n Caja Rural del Sur\",\"isPartOf\":{\"@id\":\"https:\\\/\\\/fundacioncajaruraldelsur.com\\\/#website\"},\"primaryImageOfPage\":{\"@id\":\"https:\\\/\\\/fundacioncajaruraldelsur.com\\\/joaquin-sanchez-el-litri-y-el-cid-hablan-del-toreo-y-la-devocion-baratillera-en-caja-rural-del-sur\\\/#primaryimage\"},\"image\":{\"@id\":\"https:\\\/\\\/fundacioncajaruraldelsur.com\\\/joaquin-sanchez-el-litri-y-el-cid-hablan-del-toreo-y-la-devocion-baratillera-en-caja-rural-del-sur\\\/#primaryimage\"},\"thumbnailUrl\":\"https:\\\/\\\/fundacioncajaruraldelsur.com\\\/wp-content\\\/uploads\\\/2024\\\/06\\\/Cid-Litri-Joaquin-Caja-Rural_1909020434_214208527_667x375.jpg\",\"datePublished\":\"2024-06-05T06:40:53+00:00\",\"dateModified\":\"2024-06-05T06:41:16+00:00\",\"author\":{\"@id\":\"https:\\\/\\\/fundacioncajaruraldelsur.com\\\/#\\\/schema\\\/person\\\/f430da9fb783d505ff061ad8b3d44577\"},\"breadcrumb\":{\"@id\":\"https:\\\/\\\/fundacioncajaruraldelsur.com\\\/joaquin-sanchez-el-litri-y-el-cid-hablan-del-toreo-y-la-devocion-baratillera-en-caja-rural-del-sur\\\/#breadcrumb\"},\"inLanguage\":\"pt-PT\",\"potentialAction\":[{\"@type\":\"ReadAction\",\"target\":[\"https:\\\/\\\/fundacioncajaruraldelsur.com\\\/joaquin-sanchez-el-litri-y-el-cid-hablan-del-toreo-y-la-devocion-baratillera-en-caja-rural-del-sur\\\/\"]}]},{\"@type\":\"ImageObject\",\"inLanguage\":\"pt-PT\",\"@id\":\"https:\\\/\\\/fundacioncajaruraldelsur.com\\\/joaquin-sanchez-el-litri-y-el-cid-hablan-del-toreo-y-la-devocion-baratillera-en-caja-rural-del-sur\\\/#primaryimage\",\"url\":\"https:\\\/\\\/fundacioncajaruraldelsur.com\\\/wp-content\\\/uploads\\\/2024\\\/06\\\/Cid-Litri-Joaquin-Caja-Rural_1909020434_214208527_667x375.jpg\",\"contentUrl\":\"https:\\\/\\\/fundacioncajaruraldelsur.com\\\/wp-content\\\/uploads\\\/2024\\\/06\\\/Cid-Litri-Joaquin-Caja-Rural_1909020434_214208527_667x375.jpg\",\"width\":667,\"height\":375},{\"@type\":\"BreadcrumbList\",\"@id\":\"https:\\\/\\\/fundacioncajaruraldelsur.com\\\/joaquin-sanchez-el-litri-y-el-cid-hablan-del-toreo-y-la-devocion-baratillera-en-caja-rural-del-sur\\\/#breadcrumb\",\"itemListElement\":[{\"@type\":\"ListItem\",\"position\":1,\"name\":\"Portada\",\"item\":\"https:\\\/\\\/fundacioncajaruraldelsur.com\\\/\"},{\"@type\":\"ListItem\",\"position\":2,\"name\":\"Joaqu\u00edn S\u00e1nchez, El Litri y El Cid hablan del &#8216;Toreo y la Devoci\u00f3n Baratillera&#8217; en la Fundaci\u00f3n Caja Rural del Sur\"}]},{\"@type\":\"WebSite\",\"@id\":\"https:\\\/\\\/fundacioncajaruraldelsur.com\\\/#website\",\"url\":\"https:\\\/\\\/fundacioncajaruraldelsur.com\\\/\",\"name\":\"Fundaci\u00f3n Caja Rural del Sur\",\"description\":\"\",\"potentialAction\":[{\"@type\":\"SearchAction\",\"target\":{\"@type\":\"EntryPoint\",\"urlTemplate\":\"https:\\\/\\\/fundacioncajaruraldelsur.com\\\/?s={search_term_string}\"},\"query-input\":{\"@type\":\"PropertyValueSpecification\",\"valueRequired\":true,\"valueName\":\"search_term_string\"}}],\"inLanguage\":\"pt-PT\"},{\"@type\":\"Person\",\"@id\":\"https:\\\/\\\/fundacioncajaruraldelsur.com\\\/#\\\/schema\\\/person\\\/f430da9fb783d505ff061ad8b3d44577\",\"name\":\"Comunicaci\u00f3n\",\"image\":{\"@type\":\"ImageObject\",\"inLanguage\":\"pt-PT\",\"@id\":\"https:\\\/\\\/secure.gravatar.com\\\/avatar\\\/0dca239875993680bac4603ad2de7942da018f52cc3a244578e0b3b09314a8d8?s=96&d=blank&r=g\",\"url\":\"https:\\\/\\\/secure.gravatar.com\\\/avatar\\\/0dca239875993680bac4603ad2de7942da018f52cc3a244578e0b3b09314a8d8?s=96&d=blank&r=g\",\"contentUrl\":\"https:\\\/\\\/secure.gravatar.com\\\/avatar\\\/0dca239875993680bac4603ad2de7942da018f52cc3a244578e0b3b09314a8d8?s=96&d=blank&r=g\",\"caption\":\"Comunicaci\u00f3n\"}}]}<\/script>\n<!-- \/ Yoast SEO plugin. -->","yoast_head_json":{"title":"Joaqu\u00edn S\u00e1nchez, El Litri y El Cid hablan del 'Toreo y la Devoci\u00f3n Baratillera' en la Fundaci\u00f3n Caja Rural del Sur - Fundaci\u00f3n Caja Rural del Sur","robots":{"index":"index","follow":"follow","max-snippet":"max-snippet:-1","max-image-preview":"max-image-preview:large","max-video-preview":"max-video-preview:-1"},"canonical":"https:\/\/fundacioncajaruraldelsur.com\/pt\/joaquin-sanchez-el-litri-y-el-cid-hablan-del-toreo-y-la-devocion-baratillera-en-caja-rural-del-sur\/","og_locale":"pt_PT","og_type":"article","og_title":"Joaqu\u00edn S\u00e1nchez, El Litri y El Cid hablan del 'Toreo y la Devoci\u00f3n Baratillera' en la Fundaci\u00f3n Caja Rural del Sur - Fundaci\u00f3n Caja Rural del Sur","og_description":"El sal\u00f3n de actos de la Fundaci\u00f3n Caja Rural del Sur en Sevilla ha acogido el acto taurino organizado por la Hermandad del Baratillo, en honor a la pr\u00f3xima coronaci\u00f3n [&hellip;]","og_url":"https:\/\/fundacioncajaruraldelsur.com\/pt\/joaquin-sanchez-el-litri-y-el-cid-hablan-del-toreo-y-la-devocion-baratillera-en-caja-rural-del-sur\/","og_site_name":"Fundaci\u00f3n Caja Rural del Sur","article_published_time":"2024-06-05T06:40:53+00:00","article_modified_time":"2024-06-05T06:41:16+00:00","og_image":[{"width":667,"height":375,"url":"https:\/\/fundacioncajaruraldelsur.com\/wp-content\/uploads\/2024\/06\/Cid-Litri-Joaquin-Caja-Rural_1909020434_214208527_667x375.jpg","type":"image\/jpeg"}],"author":"Comunicaci\u00f3n","twitter_card":"summary_large_image","twitter_misc":{"Written by":"Comunicaci\u00f3n","Est. reading time":"2 minutes"},"schema":{"@context":"https:\/\/schema.org","@graph":[{"@type":"Article","@id":"https:\/\/fundacioncajaruraldelsur.com\/joaquin-sanchez-el-litri-y-el-cid-hablan-del-toreo-y-la-devocion-baratillera-en-caja-rural-del-sur\/#article","isPartOf":{"@id":"https:\/\/fundacioncajaruraldelsur.com\/joaquin-sanchez-el-litri-y-el-cid-hablan-del-toreo-y-la-devocion-baratillera-en-caja-rural-del-sur\/"},"author":{"name":"Comunicaci\u00f3n","@id":"https:\/\/fundacioncajaruraldelsur.com\/#\/schema\/person\/f430da9fb783d505ff061ad8b3d44577"},"headline":"Joaqu\u00edn S\u00e1nchez, El Litri y El Cid hablan del &#8216;Toreo y la Devoci\u00f3n Baratillera&#8217; en la Fundaci\u00f3n Caja Rural del Sur","datePublished":"2024-06-05T06:40:53+00:00","dateModified":"2024-06-05T06:41:16+00:00","mainEntityOfPage":{"@id":"https:\/\/fundacioncajaruraldelsur.com\/joaquin-sanchez-el-litri-y-el-cid-hablan-del-toreo-y-la-devocion-baratillera-en-caja-rural-del-sur\/"},"wordCount":328,"image":{"@id":"https:\/\/fundacioncajaruraldelsur.com\/joaquin-sanchez-el-litri-y-el-cid-hablan-del-toreo-y-la-devocion-baratillera-en-caja-rural-del-sur\/#primaryimage"},"thumbnailUrl":"https:\/\/fundacioncajaruraldelsur.com\/wp-content\/uploads\/2024\/06\/Cid-Litri-Joaquin-Caja-Rural_1909020434_214208527_667x375.jpg","articleSection":["Actos"],"inLanguage":"pt-PT"},{"@type":"WebPage","@id":"https:\/\/fundacioncajaruraldelsur.com\/joaquin-sanchez-el-litri-y-el-cid-hablan-del-toreo-y-la-devocion-baratillera-en-caja-rural-del-sur\/","url":"https:\/\/fundacioncajaruraldelsur.com\/joaquin-sanchez-el-litri-y-el-cid-hablan-del-toreo-y-la-devocion-baratillera-en-caja-rural-del-sur\/","name":"Joaqu\u00edn S\u00e1nchez, El Litri y El Cid hablan del 'Toreo y la Devoci\u00f3n Baratillera' en la Fundaci\u00f3n Caja Rural del Sur - Fundaci\u00f3n Caja Rural del Sur","isPartOf":{"@id":"https:\/\/fundacioncajaruraldelsur.com\/#website"},"primaryImageOfPage":{"@id":"https:\/\/fundacioncajaruraldelsur.com\/joaquin-sanchez-el-litri-y-el-cid-hablan-del-toreo-y-la-devocion-baratillera-en-caja-rural-del-sur\/#primaryimage"},"image":{"@id":"https:\/\/fundacioncajaruraldelsur.com\/joaquin-sanchez-el-litri-y-el-cid-hablan-del-toreo-y-la-devocion-baratillera-en-caja-rural-del-sur\/#primaryimage"},"thumbnailUrl":"https:\/\/fundacioncajaruraldelsur.com\/wp-content\/uploads\/2024\/06\/Cid-Litri-Joaquin-Caja-Rural_1909020434_214208527_667x375.jpg","datePublished":"2024-06-05T06:40:53+00:00","dateModified":"2024-06-05T06:41:16+00:00","author":{"@id":"https:\/\/fundacioncajaruraldelsur.com\/#\/schema\/person\/f430da9fb783d505ff061ad8b3d44577"},"breadcrumb":{"@id":"https:\/\/fundacioncajaruraldelsur.com\/joaquin-sanchez-el-litri-y-el-cid-hablan-del-toreo-y-la-devocion-baratillera-en-caja-rural-del-sur\/#breadcrumb"},"inLanguage":"pt-PT","potentialAction":[{"@type":"ReadAction","target":["https:\/\/fundacioncajaruraldelsur.com\/joaquin-sanchez-el-litri-y-el-cid-hablan-del-toreo-y-la-devocion-baratillera-en-caja-rural-del-sur\/"]}]},{"@type":"ImageObject","inLanguage":"pt-PT","@id":"https:\/\/fundacioncajaruraldelsur.com\/joaquin-sanchez-el-litri-y-el-cid-hablan-del-toreo-y-la-devocion-baratillera-en-caja-rural-del-sur\/#primaryimage","url":"https:\/\/fundacioncajaruraldelsur.com\/wp-content\/uploads\/2024\/06\/Cid-Litri-Joaquin-Caja-Rural_1909020434_214208527_667x375.jpg","contentUrl":"https:\/\/fundacioncajaruraldelsur.com\/wp-content\/uploads\/2024\/06\/Cid-Litri-Joaquin-Caja-Rural_1909020434_214208527_667x375.jpg","width":667,"height":375},{"@type":"BreadcrumbList","@id":"https:\/\/fundacioncajaruraldelsur.com\/joaquin-sanchez-el-litri-y-el-cid-hablan-del-toreo-y-la-devocion-baratillera-en-caja-rural-del-sur\/#breadcrumb","itemListElement":[{"@type":"ListItem","position":1,"name":"Portada","item":"https:\/\/fundacioncajaruraldelsur.com\/"},{"@type":"ListItem","position":2,"name":"Joaqu\u00edn S\u00e1nchez, El Litri y El Cid hablan del &#8216;Toreo y la Devoci\u00f3n Baratillera&#8217; en la Fundaci\u00f3n Caja Rural del Sur"}]},{"@type":"WebSite","@id":"https:\/\/fundacioncajaruraldelsur.com\/#website","url":"https:\/\/fundacioncajaruraldelsur.com\/","name":"Funda\u00e7\u00e3o Caja Rural del Sur","description":"","potentialAction":[{"@type":"SearchAction","target":{"@type":"EntryPoint","urlTemplate":"https:\/\/fundacioncajaruraldelsur.com\/?s={search_term_string}"},"query-input":{"@type":"PropertyValueSpecification","valueRequired":true,"valueName":"search_term_string"}}],"inLanguage":"pt-PT"},{"@type":"Person","@id":"https:\/\/fundacioncajaruraldelsur.com\/#\/schema\/person\/f430da9fb783d505ff061ad8b3d44577","name":"Comunicaci\u00f3n","image":{"@type":"ImageObject","inLanguage":"pt-PT","@id":"https:\/\/secure.gravatar.com\/avatar\/0dca239875993680bac4603ad2de7942da018f52cc3a244578e0b3b09314a8d8?s=96&d=blank&r=g","url":"https:\/\/secure.gravatar.com\/avatar\/0dca239875993680bac4603ad2de7942da018f52cc3a244578e0b3b09314a8d8?s=96&d=blank&r=g","contentUrl":"https:\/\/secure.gravatar.com\/avatar\/0dca239875993680bac4603ad2de7942da018f52cc3a244578e0b3b09314a8d8?s=96&d=blank&r=g","caption":"Comunicaci\u00f3n"}}]}},"rttpg_featured_image_url":{"full":["https:\/\/fundacioncajaruraldelsur.com\/wp-content\/uploads\/2024\/06\/Cid-Litri-Joaquin-Caja-Rural_1909020434_214208527_667x375.jpg",667,375,false],"landscape":["https:\/\/fundacioncajaruraldelsur.com\/wp-content\/uploads\/2024\/06\/Cid-Litri-Joaquin-Caja-Rural_1909020434_214208527_667x375.jpg",667,375,false],"portraits":["https:\/\/fundacioncajaruraldelsur.com\/wp-content\/uploads\/2024\/06\/Cid-Litri-Joaquin-Caja-Rural_1909020434_214208527_667x375.jpg",667,375,false],"thumbnail":["https:\/\/fundacioncajaruraldelsur.com\/wp-content\/uploads\/2024\/06\/Cid-Litri-Joaquin-Caja-Rural_1909020434_214208527_667x375-150x150.jpg",150,150,true],"medium":["https:\/\/fundacioncajaruraldelsur.com\/wp-content\/uploads\/2024\/06\/Cid-Litri-Joaquin-Caja-Rural_1909020434_214208527_667x375-300x169.jpg",300,169,true],"large":["https:\/\/fundacioncajaruraldelsur.com\/wp-content\/uploads\/2024\/06\/Cid-Litri-Joaquin-Caja-Rural_1909020434_214208527_667x375.jpg",667,375,false],"1536x1536":["https:\/\/fundacioncajaruraldelsur.com\/wp-content\/uploads\/2024\/06\/Cid-Litri-Joaquin-Caja-Rural_1909020434_214208527_667x375.jpg",667,375,false],"2048x2048":["https:\/\/fundacioncajaruraldelsur.com\/wp-content\/uploads\/2024\/06\/Cid-Litri-Joaquin-Caja-Rural_1909020434_214208527_667x375.jpg",667,375,false],"trp-custom-language-flag":["https:\/\/fundacioncajaruraldelsur.com\/wp-content\/uploads\/2024\/06\/Cid-Litri-Joaquin-Caja-Rural_1909020434_214208527_667x375.jpg",18,10,false],"blog-thumbnail":["https:\/\/fundacioncajaruraldelsur.com\/wp-content\/uploads\/2024\/06\/Cid-Litri-Joaquin-Caja-Rural_1909020434_214208527_667x375-400x200.jpg",400,200,true]},"rttpg_author":{"display_name":"Comunicaci\u00f3n","author_link":"https:\/\/fundacioncajaruraldelsur.com\/pt\/author\/sevillaadmin\/"},"rttpg_comment":0,"rttpg_category":"<a href=\"https:\/\/fundacioncajaruraldelsur.com\/pt\/category\/actos\/\" rel=\"category tag\">Actos<\/a>","rttpg_excerpt":"El sal\u00f3n de actos de la Fundaci\u00f3n Caja Rural del Sur en Sevilla ha acogido el acto taurino organizado por la Hermandad del Baratillo, en honor a la pr\u00f3xima coronaci\u00f3n [&hellip;]","_links":{"self":[{"href":"https:\/\/fundacioncajaruraldelsur.com\/pt\/wp-json\/wp\/v2\/posts\/10161","targetHints":{"allow":["GET"]}}],"collection":[{"href":"https:\/\/fundacioncajaruraldelsur.com\/pt\/wp-json\/wp\/v2\/posts"}],"about":[{"href":"https:\/\/fundacioncajaruraldelsur.com\/pt\/wp-json\/wp\/v2\/types\/post"}],"author":[{"embeddable":true,"href":"https:\/\/fundacioncajaruraldelsur.com\/pt\/wp-json\/wp\/v2\/users\/6"}],"replies":[{"embeddable":true,"href":"https:\/\/fundacioncajaruraldelsur.com\/pt\/wp-json\/wp\/v2\/comments?post=10161"}],"version-history":[{"count":2,"href":"https:\/\/fundacioncajaruraldelsur.com\/pt\/wp-json\/wp\/v2\/posts\/10161\/revisions"}],"predecessor-version":[{"id":10164,"href":"https:\/\/fundacioncajaruraldelsur.com\/pt\/wp-json\/wp\/v2\/posts\/10161\/revisions\/10164"}],"wp:featuredmedia":[{"embeddable":true,"href":"https:\/\/fundacioncajaruraldelsur.com\/pt\/wp-json\/wp\/v2\/media\/10162"}],"wp:attachment":[{"href":"https:\/\/fundacioncajaruraldelsur.com\/pt\/wp-json\/wp\/v2\/media?parent=10161"}],"wp:term":[{"taxonomy":"category","embeddable":true,"href":"https:\/\/fundacioncajaruraldelsur.com\/pt\/wp-json\/wp\/v2\/categories?post=10161"},{"taxonomy":"post_tag","embeddable":true,"href":"https:\/\/fundacioncajaruraldelsur.com\/pt\/wp-json\/wp\/v2\/tags?post=10161"}],"curies":[{"name":"wp","href":"https:\/\/api.w.org\/{rel}","templated":true}]}}