{"id":10115,"date":"2024-05-28T17:26:57","date_gmt":"2024-05-28T16:26:57","guid":{"rendered":"\/?p=10115"},"modified":"2024-05-28T17:28:29","modified_gmt":"2024-05-28T16:28:29","slug":"presentado-en-la-fundacion-caja-rural-del-sur-historia-de-una-taberna-el-rinconcillo-de-sevilla-con-la-trayectoria-de-350-anos-de-un-bar-legendario","status":"publish","type":"post","link":"https:\/\/fundacioncajaruraldelsur.com\/pt\/presentado-en-la-fundacion-caja-rural-del-sur-historia-de-una-taberna-el-rinconcillo-de-sevilla-con-la-trayectoria-de-350-anos-de-un-bar-legendario\/","title":{"rendered":"Presentado en la Fundaci\u00f3n Caja Rural del Sur el libro \u00abHistoria de una taberna: El Rinconcillo de Sevilla\u00bb"},"content":{"rendered":"<p>La Fundaci\u00f3n Caja Rural del Sur ha acogido este martes, 28 de mayo, la presentaci\u00f3n del libro \u00abHistoria de una taberna: El Rinconcillo de Sevilla\u00bb\u00a0y un documental que conmemoran los 350 a\u00f1os de historia de El Rinconcillo, una de los establecimientos hosteleros con m\u00e1s solera y m\u00e1s antiguos de Sevilla.<\/p>\n<p>La celebraci\u00f3n, organizada por Javier y Carlos de Rueda, propietarios actuales de El Rinconcillo, estaba prevista originalmente para el 350 aniversario, pero se retras\u00f3 debido a la pandemia.<\/p>\n<p><a href=\"\/wp-content\/uploads\/2024\/05\/familia-Rueda.jpg\" rel=\"lightbox-0\"><img loading=\"lazy\" decoding=\"async\" class=\"wp-image-10121 size-full aligncenter\" src=\"\/wp-content\/uploads\/2024\/05\/familia-Rueda.jpg\" alt=\"\" width=\"748\" height=\"495\" srcset=\"https:\/\/fundacioncajaruraldelsur.com\/wp-content\/uploads\/2024\/05\/familia-Rueda.jpg 748w, https:\/\/fundacioncajaruraldelsur.com\/wp-content\/uploads\/2024\/05\/familia-Rueda-300x199.jpg 300w\" sizes=\"auto, (max-width: 748px) 100vw, 748px\" \/><\/a><\/p>\n<p>La apertura y bienvenida al acto ha correspondido al <strong>Presidente de la Fundaci\u00f3n Caja Rural del Sur, Jos\u00e9 Luis Garc\u00eda-Palacios,<\/strong> quien ha elogiado la labor de la familia Rueda para preservar en el tiempo la esencia de calidad hostelera y de servicio que se dispensa en El Rinconcillo a lo largo de su historia.<\/p>\n<p>Un establecimiento del que Garc\u00eda-Palacios asegur\u00f3 que es <strong>\u00abimprescindible para entender la historia de la hosteler\u00eda de Sevilla<\/strong> y de la sociolog\u00eda de la ciudad\u00bb. En cuanto al libro asegur\u00f3 que \u00abm\u00e1s que un relato es una radiograf\u00eda \u00edntima de la sociedad sevillana\u00bb.<\/p>\n<p><a href=\"\/wp-content\/uploads\/2024\/05\/WhatsApp-Image-2024-05-28-at-18.07.33.jpeg\" rel=\"lightbox-1\"><img loading=\"lazy\" decoding=\"async\" class=\"alignnone wp-image-10117 size-full\" src=\"\/wp-content\/uploads\/2024\/05\/WhatsApp-Image-2024-05-28-at-18.07.33.jpeg\" alt=\"\" width=\"2048\" height=\"1320\" srcset=\"https:\/\/fundacioncajaruraldelsur.com\/wp-content\/uploads\/2024\/05\/WhatsApp-Image-2024-05-28-at-18.07.33.jpeg 2048w, https:\/\/fundacioncajaruraldelsur.com\/wp-content\/uploads\/2024\/05\/WhatsApp-Image-2024-05-28-at-18.07.33-300x193.jpeg 300w, https:\/\/fundacioncajaruraldelsur.com\/wp-content\/uploads\/2024\/05\/WhatsApp-Image-2024-05-28-at-18.07.33-1024x660.jpeg 1024w, https:\/\/fundacioncajaruraldelsur.com\/wp-content\/uploads\/2024\/05\/WhatsApp-Image-2024-05-28-at-18.07.33-768x495.jpeg 768w, https:\/\/fundacioncajaruraldelsur.com\/wp-content\/uploads\/2024\/05\/WhatsApp-Image-2024-05-28-at-18.07.33-1536x990.jpeg 1536w\" sizes=\"auto, (max-width: 2048px) 100vw, 2048px\" \/><\/a><\/p>\n<p>En el acto adem\u00e1s intervino el <strong>Catedr\u00e1tico de Historia del Arte de la Universidad de Sevilla, Enrique Valdivieso<\/strong>, como cliente y amigo de la familia propietaria del establecimiento quien subray\u00f3 <strong>el car\u00e1cter de \u00abateneo\u00bb<\/strong>\u00a0que siempre ha rodeado a la taberna, que ha visto pasar a grandes intelectuales de la talla de los hermanos Machado o Luis Cernuda.<\/p>\n<p><a href=\"\/wp-content\/uploads\/2024\/05\/WhatsApp-Image-2024-05-28-at-18.07.32.jpeg\" rel=\"lightbox-2\"><img loading=\"lazy\" decoding=\"async\" class=\"alignnone wp-image-10118 size-full\" src=\"\/wp-content\/uploads\/2024\/05\/WhatsApp-Image-2024-05-28-at-18.07.32.jpeg\" alt=\"\" width=\"2048\" height=\"1082\" srcset=\"https:\/\/fundacioncajaruraldelsur.com\/wp-content\/uploads\/2024\/05\/WhatsApp-Image-2024-05-28-at-18.07.32.jpeg 2048w, https:\/\/fundacioncajaruraldelsur.com\/wp-content\/uploads\/2024\/05\/WhatsApp-Image-2024-05-28-at-18.07.32-300x158.jpeg 300w, https:\/\/fundacioncajaruraldelsur.com\/wp-content\/uploads\/2024\/05\/WhatsApp-Image-2024-05-28-at-18.07.32-1024x541.jpeg 1024w, https:\/\/fundacioncajaruraldelsur.com\/wp-content\/uploads\/2024\/05\/WhatsApp-Image-2024-05-28-at-18.07.32-768x406.jpeg 768w, https:\/\/fundacioncajaruraldelsur.com\/wp-content\/uploads\/2024\/05\/WhatsApp-Image-2024-05-28-at-18.07.32-1536x812.jpeg 1536w\" sizes=\"auto, (max-width: 2048px) 100vw, 2048px\" \/><\/a><\/p>\n<p>Posteriormente tom\u00f3 la palabra <strong>F\u00e1tima Rosado de Rueda, autora del libro<\/strong> \u00abHistoria de una taberna: El Rinconcillo de Sevilla\u00bb\u00a0en el que ofrece una investigaci\u00f3n detallada sobre los primeros 350 a\u00f1os de El Rinconcillo, explorando no solo los inicios de la taberna, sino tambi\u00e9n la historia del edificio desde el siglo XIII hasta el XXI.<\/p>\n<p><a href=\"\/wp-content\/uploads\/2024\/05\/WhatsApp-Image-2024-05-28-at-18.07.31-1.jpeg\" rel=\"lightbox-3\"><img loading=\"lazy\" decoding=\"async\" class=\"alignnone wp-image-10119 size-full\" src=\"\/wp-content\/uploads\/2024\/05\/WhatsApp-Image-2024-05-28-at-18.07.31-1.jpeg\" alt=\"\" width=\"2048\" height=\"1536\" srcset=\"https:\/\/fundacioncajaruraldelsur.com\/wp-content\/uploads\/2024\/05\/WhatsApp-Image-2024-05-28-at-18.07.31-1.jpeg 2048w, https:\/\/fundacioncajaruraldelsur.com\/wp-content\/uploads\/2024\/05\/WhatsApp-Image-2024-05-28-at-18.07.31-1-300x225.jpeg 300w, https:\/\/fundacioncajaruraldelsur.com\/wp-content\/uploads\/2024\/05\/WhatsApp-Image-2024-05-28-at-18.07.31-1-1024x768.jpeg 1024w, https:\/\/fundacioncajaruraldelsur.com\/wp-content\/uploads\/2024\/05\/WhatsApp-Image-2024-05-28-at-18.07.31-1-768x576.jpeg 768w, https:\/\/fundacioncajaruraldelsur.com\/wp-content\/uploads\/2024\/05\/WhatsApp-Image-2024-05-28-at-18.07.31-1-1536x1152.jpeg 1536w\" sizes=\"auto, (max-width: 2048px) 100vw, 2048px\" \/><\/a><\/p>\n<p>En el libro se destacan referencias documentales desde la \u00e9poca de Alfonso X y se proporciona una descripci\u00f3n minuciosa del edificio y su evoluci\u00f3n. Adem\u00e1s, se contextualiza la historia de El Rinconcillo dentro de la evoluci\u00f3n de la ciudad de Sevilla y se incluyen an\u00e9cdotas y entrevistas con clientes habituales.<\/p>\n<p><a href=\"\/wp-content\/uploads\/2024\/05\/WhatsApp-Image-2024-05-28-at-18.07.31.jpeg\" rel=\"lightbox-4\"><img loading=\"lazy\" decoding=\"async\" class=\"alignnone wp-image-10120 size-full\" src=\"\/wp-content\/uploads\/2024\/05\/WhatsApp-Image-2024-05-28-at-18.07.31.jpeg\" alt=\"\" width=\"2048\" height=\"1536\" srcset=\"https:\/\/fundacioncajaruraldelsur.com\/wp-content\/uploads\/2024\/05\/WhatsApp-Image-2024-05-28-at-18.07.31.jpeg 2048w, https:\/\/fundacioncajaruraldelsur.com\/wp-content\/uploads\/2024\/05\/WhatsApp-Image-2024-05-28-at-18.07.31-300x225.jpeg 300w, https:\/\/fundacioncajaruraldelsur.com\/wp-content\/uploads\/2024\/05\/WhatsApp-Image-2024-05-28-at-18.07.31-1024x768.jpeg 1024w, https:\/\/fundacioncajaruraldelsur.com\/wp-content\/uploads\/2024\/05\/WhatsApp-Image-2024-05-28-at-18.07.31-768x576.jpeg 768w, https:\/\/fundacioncajaruraldelsur.com\/wp-content\/uploads\/2024\/05\/WhatsApp-Image-2024-05-28-at-18.07.31-1536x1152.jpeg 1536w\" sizes=\"auto, (max-width: 2048px) 100vw, 2048px\" \/><\/a><\/p>\n<p><strong>Documental: \u00abVivir sobre lo vivido\u00bb<\/strong><\/p>\n<p>El documental, producido por Metrosoneto Producciones y dirigido por el periodista Paco Robles, se centra en c\u00f3mo era Sevilla antes de la fundaci\u00f3n de El Rinconcillo en 1670, poco despu\u00e9s de la Gran Peste, y c\u00f3mo ha evolucionado la ciudad desde entonces. El documental incluye declaraciones de la familia Rueda y de varias personalidades importantes de Sevilla, y se estrenar\u00e1 en el canal de YouTube de El Rinconcillo el 3 de junio.<\/p>\n<p>Entre las numerosas personalidades que participan en el documental se encuentran cuatro alcaldes de Sevilla, el presidente de la C\u00e1mara de Comercio, y diversas figuras del \u00e1mbito cultural, social, pol\u00edtico y deportivo de la ciudad. El documental y el libro juntos ofrecen una visi\u00f3n completa y rica en detalles sobre la historia de esta emblem\u00e1tica taberna y su papel en la vida de Sevilla.<\/p>","protected":false},"excerpt":{"rendered":"<p>La Fundaci\u00f3n Caja Rural del Sur ha acogido este martes, 28 de mayo, la presentaci\u00f3n del libro \u00abHistoria de una taberna: El Rinconcillo de Sevilla\u00bb\u00a0y un documental que conmemoran los [&hellip;]<\/p>\n","protected":false},"author":6,"featured_media":10116,"comment_status":"closed","ping_status":"closed","sticky":false,"template":"","format":"standard","meta":{"footnotes":""},"categories":[84],"tags":[],"class_list":["post-10115","post","type-post","status-publish","format-standard","has-post-thumbnail","hentry","category-presentaciones"],"yoast_head":"<!-- This site is optimized with the Yoast SEO plugin v27.3 - https:\/\/yoast.com\/product\/yoast-seo-wordpress\/ -->\n<title>Presentado en la Fundaci\u00f3n Caja Rural del Sur el libro \u00abHistoria de una taberna: El Rinconcillo de Sevilla\u00bb - Fundaci\u00f3n Caja Rural del Sur<\/title>\n<meta name=\"robots\" content=\"index, follow, max-snippet:-1, max-image-preview:large, max-video-preview:-1\" \/>\n<link rel=\"canonical\" href=\"https:\/\/fundacioncajaruraldelsur.com\/pt\/presentado-en-la-fundacion-caja-rural-del-sur-historia-de-una-taberna-el-rinconcillo-de-sevilla-con-la-trayectoria-de-350-anos-de-un-bar-legendario\/\" \/>\n<meta property=\"og:locale\" content=\"pt_PT\" \/>\n<meta property=\"og:type\" content=\"article\" \/>\n<meta property=\"og:title\" content=\"Presentado en la Fundaci\u00f3n Caja Rural del Sur el libro \u00abHistoria de una taberna: El Rinconcillo de Sevilla\u00bb - Fundaci\u00f3n Caja Rural del Sur\" \/>\n<meta property=\"og:description\" content=\"La Fundaci\u00f3n Caja Rural del Sur ha acogido este martes, 28 de mayo, la presentaci\u00f3n del libro \u00abHistoria de una taberna: El Rinconcillo de Sevilla\u00bb\u00a0y un documental que conmemoran los [&hellip;]\" \/>\n<meta property=\"og:url\" content=\"https:\/\/fundacioncajaruraldelsur.com\/pt\/presentado-en-la-fundacion-caja-rural-del-sur-historia-de-una-taberna-el-rinconcillo-de-sevilla-con-la-trayectoria-de-350-anos-de-un-bar-legendario\/\" \/>\n<meta property=\"og:site_name\" content=\"Fundaci\u00f3n Caja Rural del Sur\" \/>\n<meta property=\"article:published_time\" content=\"2024-05-28T16:26:57+00:00\" \/>\n<meta property=\"article:modified_time\" content=\"2024-05-28T16:28:29+00:00\" \/>\n<meta property=\"og:image\" content=\"https:\/\/fundacioncajaruraldelsur.com\/wp-content\/uploads\/2024\/05\/WhatsApp-Image-2024-05-28-at-18.07.33-1.jpeg\" \/>\n\t<meta property=\"og:image:width\" content=\"2048\" \/>\n\t<meta property=\"og:image:height\" content=\"1536\" \/>\n\t<meta property=\"og:image:type\" content=\"image\/jpeg\" \/>\n<meta name=\"author\" content=\"Comunicaci\u00f3n\" \/>\n<meta name=\"twitter:card\" content=\"summary_large_image\" \/>\n<meta name=\"twitter:label1\" content=\"Written by\" \/>\n\t<meta name=\"twitter:data1\" content=\"Comunicaci\u00f3n\" \/>\n\t<meta name=\"twitter:label2\" content=\"Est. reading time\" \/>\n\t<meta name=\"twitter:data2\" content=\"4 minutes\" \/>\n<script type=\"application\/ld+json\" class=\"yoast-schema-graph\">{\"@context\":\"https:\\\/\\\/schema.org\",\"@graph\":[{\"@type\":\"Article\",\"@id\":\"https:\\\/\\\/fundacioncajaruraldelsur.com\\\/presentado-en-la-fundacion-caja-rural-del-sur-historia-de-una-taberna-el-rinconcillo-de-sevilla-con-la-trayectoria-de-350-anos-de-un-bar-legendario\\\/#article\",\"isPartOf\":{\"@id\":\"https:\\\/\\\/fundacioncajaruraldelsur.com\\\/presentado-en-la-fundacion-caja-rural-del-sur-historia-de-una-taberna-el-rinconcillo-de-sevilla-con-la-trayectoria-de-350-anos-de-un-bar-legendario\\\/\"},\"author\":{\"name\":\"Comunicaci\u00f3n\",\"@id\":\"https:\\\/\\\/fundacioncajaruraldelsur.com\\\/#\\\/schema\\\/person\\\/f430da9fb783d505ff061ad8b3d44577\"},\"headline\":\"Presentado en la Fundaci\u00f3n Caja Rural del Sur el libro \u00abHistoria de una taberna: El Rinconcillo de Sevilla\u00bb\",\"datePublished\":\"2024-05-28T16:26:57+00:00\",\"dateModified\":\"2024-05-28T16:28:29+00:00\",\"mainEntityOfPage\":{\"@id\":\"https:\\\/\\\/fundacioncajaruraldelsur.com\\\/presentado-en-la-fundacion-caja-rural-del-sur-historia-de-una-taberna-el-rinconcillo-de-sevilla-con-la-trayectoria-de-350-anos-de-un-bar-legendario\\\/\"},\"wordCount\":526,\"image\":{\"@id\":\"https:\\\/\\\/fundacioncajaruraldelsur.com\\\/presentado-en-la-fundacion-caja-rural-del-sur-historia-de-una-taberna-el-rinconcillo-de-sevilla-con-la-trayectoria-de-350-anos-de-un-bar-legendario\\\/#primaryimage\"},\"thumbnailUrl\":\"https:\\\/\\\/fundacioncajaruraldelsur.com\\\/wp-content\\\/uploads\\\/2024\\\/05\\\/WhatsApp-Image-2024-05-28-at-18.07.33-1.jpeg\",\"articleSection\":[\"Presentaciones\"],\"inLanguage\":\"pt-PT\"},{\"@type\":\"WebPage\",\"@id\":\"https:\\\/\\\/fundacioncajaruraldelsur.com\\\/presentado-en-la-fundacion-caja-rural-del-sur-historia-de-una-taberna-el-rinconcillo-de-sevilla-con-la-trayectoria-de-350-anos-de-un-bar-legendario\\\/\",\"url\":\"https:\\\/\\\/fundacioncajaruraldelsur.com\\\/presentado-en-la-fundacion-caja-rural-del-sur-historia-de-una-taberna-el-rinconcillo-de-sevilla-con-la-trayectoria-de-350-anos-de-un-bar-legendario\\\/\",\"name\":\"Presentado en la Fundaci\u00f3n Caja Rural del Sur el libro \u00abHistoria de una taberna: El Rinconcillo de Sevilla\u00bb - Fundaci\u00f3n Caja Rural del Sur\",\"isPartOf\":{\"@id\":\"https:\\\/\\\/fundacioncajaruraldelsur.com\\\/#website\"},\"primaryImageOfPage\":{\"@id\":\"https:\\\/\\\/fundacioncajaruraldelsur.com\\\/presentado-en-la-fundacion-caja-rural-del-sur-historia-de-una-taberna-el-rinconcillo-de-sevilla-con-la-trayectoria-de-350-anos-de-un-bar-legendario\\\/#primaryimage\"},\"image\":{\"@id\":\"https:\\\/\\\/fundacioncajaruraldelsur.com\\\/presentado-en-la-fundacion-caja-rural-del-sur-historia-de-una-taberna-el-rinconcillo-de-sevilla-con-la-trayectoria-de-350-anos-de-un-bar-legendario\\\/#primaryimage\"},\"thumbnailUrl\":\"https:\\\/\\\/fundacioncajaruraldelsur.com\\\/wp-content\\\/uploads\\\/2024\\\/05\\\/WhatsApp-Image-2024-05-28-at-18.07.33-1.jpeg\",\"datePublished\":\"2024-05-28T16:26:57+00:00\",\"dateModified\":\"2024-05-28T16:28:29+00:00\",\"author\":{\"@id\":\"https:\\\/\\\/fundacioncajaruraldelsur.com\\\/#\\\/schema\\\/person\\\/f430da9fb783d505ff061ad8b3d44577\"},\"breadcrumb\":{\"@id\":\"https:\\\/\\\/fundacioncajaruraldelsur.com\\\/presentado-en-la-fundacion-caja-rural-del-sur-historia-de-una-taberna-el-rinconcillo-de-sevilla-con-la-trayectoria-de-350-anos-de-un-bar-legendario\\\/#breadcrumb\"},\"inLanguage\":\"pt-PT\",\"potentialAction\":[{\"@type\":\"ReadAction\",\"target\":[\"https:\\\/\\\/fundacioncajaruraldelsur.com\\\/presentado-en-la-fundacion-caja-rural-del-sur-historia-de-una-taberna-el-rinconcillo-de-sevilla-con-la-trayectoria-de-350-anos-de-un-bar-legendario\\\/\"]}]},{\"@type\":\"ImageObject\",\"inLanguage\":\"pt-PT\",\"@id\":\"https:\\\/\\\/fundacioncajaruraldelsur.com\\\/presentado-en-la-fundacion-caja-rural-del-sur-historia-de-una-taberna-el-rinconcillo-de-sevilla-con-la-trayectoria-de-350-anos-de-un-bar-legendario\\\/#primaryimage\",\"url\":\"https:\\\/\\\/fundacioncajaruraldelsur.com\\\/wp-content\\\/uploads\\\/2024\\\/05\\\/WhatsApp-Image-2024-05-28-at-18.07.33-1.jpeg\",\"contentUrl\":\"https:\\\/\\\/fundacioncajaruraldelsur.com\\\/wp-content\\\/uploads\\\/2024\\\/05\\\/WhatsApp-Image-2024-05-28-at-18.07.33-1.jpeg\",\"width\":2048,\"height\":1536},{\"@type\":\"BreadcrumbList\",\"@id\":\"https:\\\/\\\/fundacioncajaruraldelsur.com\\\/presentado-en-la-fundacion-caja-rural-del-sur-historia-de-una-taberna-el-rinconcillo-de-sevilla-con-la-trayectoria-de-350-anos-de-un-bar-legendario\\\/#breadcrumb\",\"itemListElement\":[{\"@type\":\"ListItem\",\"position\":1,\"name\":\"Portada\",\"item\":\"https:\\\/\\\/fundacioncajaruraldelsur.com\\\/\"},{\"@type\":\"ListItem\",\"position\":2,\"name\":\"Presentado en la Fundaci\u00f3n Caja Rural del Sur el libro \u00abHistoria de una taberna: El Rinconcillo de Sevilla\u00bb\"}]},{\"@type\":\"WebSite\",\"@id\":\"https:\\\/\\\/fundacioncajaruraldelsur.com\\\/#website\",\"url\":\"https:\\\/\\\/fundacioncajaruraldelsur.com\\\/\",\"name\":\"Fundaci\u00f3n Caja Rural del Sur\",\"description\":\"\",\"potentialAction\":[{\"@type\":\"SearchAction\",\"target\":{\"@type\":\"EntryPoint\",\"urlTemplate\":\"https:\\\/\\\/fundacioncajaruraldelsur.com\\\/?s={search_term_string}\"},\"query-input\":{\"@type\":\"PropertyValueSpecification\",\"valueRequired\":true,\"valueName\":\"search_term_string\"}}],\"inLanguage\":\"pt-PT\"},{\"@type\":\"Person\",\"@id\":\"https:\\\/\\\/fundacioncajaruraldelsur.com\\\/#\\\/schema\\\/person\\\/f430da9fb783d505ff061ad8b3d44577\",\"name\":\"Comunicaci\u00f3n\",\"image\":{\"@type\":\"ImageObject\",\"inLanguage\":\"pt-PT\",\"@id\":\"https:\\\/\\\/secure.gravatar.com\\\/avatar\\\/0dca239875993680bac4603ad2de7942da018f52cc3a244578e0b3b09314a8d8?s=96&d=blank&r=g\",\"url\":\"https:\\\/\\\/secure.gravatar.com\\\/avatar\\\/0dca239875993680bac4603ad2de7942da018f52cc3a244578e0b3b09314a8d8?s=96&d=blank&r=g\",\"contentUrl\":\"https:\\\/\\\/secure.gravatar.com\\\/avatar\\\/0dca239875993680bac4603ad2de7942da018f52cc3a244578e0b3b09314a8d8?s=96&d=blank&r=g\",\"caption\":\"Comunicaci\u00f3n\"}}]}<\/script>\n<!-- \/ Yoast SEO plugin. -->","yoast_head_json":{"title":"Presentado en la Fundaci\u00f3n Caja Rural del Sur el libro \u00abHistoria de una taberna: El Rinconcillo de Sevilla\u00bb - Fundaci\u00f3n Caja Rural del Sur","robots":{"index":"index","follow":"follow","max-snippet":"max-snippet:-1","max-image-preview":"max-image-preview:large","max-video-preview":"max-video-preview:-1"},"canonical":"https:\/\/fundacioncajaruraldelsur.com\/pt\/presentado-en-la-fundacion-caja-rural-del-sur-historia-de-una-taberna-el-rinconcillo-de-sevilla-con-la-trayectoria-de-350-anos-de-un-bar-legendario\/","og_locale":"pt_PT","og_type":"article","og_title":"Presentado en la Fundaci\u00f3n Caja Rural del Sur el libro \u00abHistoria de una taberna: El Rinconcillo de Sevilla\u00bb - Fundaci\u00f3n Caja Rural del Sur","og_description":"La Fundaci\u00f3n Caja Rural del Sur ha acogido este martes, 28 de mayo, la presentaci\u00f3n del libro \u00abHistoria de una taberna: El Rinconcillo de Sevilla\u00bb\u00a0y un documental que conmemoran los [&hellip;]","og_url":"https:\/\/fundacioncajaruraldelsur.com\/pt\/presentado-en-la-fundacion-caja-rural-del-sur-historia-de-una-taberna-el-rinconcillo-de-sevilla-con-la-trayectoria-de-350-anos-de-un-bar-legendario\/","og_site_name":"Fundaci\u00f3n Caja Rural del Sur","article_published_time":"2024-05-28T16:26:57+00:00","article_modified_time":"2024-05-28T16:28:29+00:00","og_image":[{"width":2048,"height":1536,"url":"https:\/\/fundacioncajaruraldelsur.com\/wp-content\/uploads\/2024\/05\/WhatsApp-Image-2024-05-28-at-18.07.33-1.jpeg","type":"image\/jpeg"}],"author":"Comunicaci\u00f3n","twitter_card":"summary_large_image","twitter_misc":{"Written by":"Comunicaci\u00f3n","Est. reading time":"4 minutes"},"schema":{"@context":"https:\/\/schema.org","@graph":[{"@type":"Article","@id":"https:\/\/fundacioncajaruraldelsur.com\/presentado-en-la-fundacion-caja-rural-del-sur-historia-de-una-taberna-el-rinconcillo-de-sevilla-con-la-trayectoria-de-350-anos-de-un-bar-legendario\/#article","isPartOf":{"@id":"https:\/\/fundacioncajaruraldelsur.com\/presentado-en-la-fundacion-caja-rural-del-sur-historia-de-una-taberna-el-rinconcillo-de-sevilla-con-la-trayectoria-de-350-anos-de-un-bar-legendario\/"},"author":{"name":"Comunicaci\u00f3n","@id":"https:\/\/fundacioncajaruraldelsur.com\/#\/schema\/person\/f430da9fb783d505ff061ad8b3d44577"},"headline":"Presentado en la Fundaci\u00f3n Caja Rural del Sur el libro \u00abHistoria de una taberna: El Rinconcillo de Sevilla\u00bb","datePublished":"2024-05-28T16:26:57+00:00","dateModified":"2024-05-28T16:28:29+00:00","mainEntityOfPage":{"@id":"https:\/\/fundacioncajaruraldelsur.com\/presentado-en-la-fundacion-caja-rural-del-sur-historia-de-una-taberna-el-rinconcillo-de-sevilla-con-la-trayectoria-de-350-anos-de-un-bar-legendario\/"},"wordCount":526,"image":{"@id":"https:\/\/fundacioncajaruraldelsur.com\/presentado-en-la-fundacion-caja-rural-del-sur-historia-de-una-taberna-el-rinconcillo-de-sevilla-con-la-trayectoria-de-350-anos-de-un-bar-legendario\/#primaryimage"},"thumbnailUrl":"https:\/\/fundacioncajaruraldelsur.com\/wp-content\/uploads\/2024\/05\/WhatsApp-Image-2024-05-28-at-18.07.33-1.jpeg","articleSection":["Presentaciones"],"inLanguage":"pt-PT"},{"@type":"WebPage","@id":"https:\/\/fundacioncajaruraldelsur.com\/presentado-en-la-fundacion-caja-rural-del-sur-historia-de-una-taberna-el-rinconcillo-de-sevilla-con-la-trayectoria-de-350-anos-de-un-bar-legendario\/","url":"https:\/\/fundacioncajaruraldelsur.com\/presentado-en-la-fundacion-caja-rural-del-sur-historia-de-una-taberna-el-rinconcillo-de-sevilla-con-la-trayectoria-de-350-anos-de-un-bar-legendario\/","name":"Presentado en la Fundaci\u00f3n Caja Rural del Sur el libro \u00abHistoria de una taberna: El Rinconcillo de Sevilla\u00bb - Fundaci\u00f3n Caja Rural del Sur","isPartOf":{"@id":"https:\/\/fundacioncajaruraldelsur.com\/#website"},"primaryImageOfPage":{"@id":"https:\/\/fundacioncajaruraldelsur.com\/presentado-en-la-fundacion-caja-rural-del-sur-historia-de-una-taberna-el-rinconcillo-de-sevilla-con-la-trayectoria-de-350-anos-de-un-bar-legendario\/#primaryimage"},"image":{"@id":"https:\/\/fundacioncajaruraldelsur.com\/presentado-en-la-fundacion-caja-rural-del-sur-historia-de-una-taberna-el-rinconcillo-de-sevilla-con-la-trayectoria-de-350-anos-de-un-bar-legendario\/#primaryimage"},"thumbnailUrl":"https:\/\/fundacioncajaruraldelsur.com\/wp-content\/uploads\/2024\/05\/WhatsApp-Image-2024-05-28-at-18.07.33-1.jpeg","datePublished":"2024-05-28T16:26:57+00:00","dateModified":"2024-05-28T16:28:29+00:00","author":{"@id":"https:\/\/fundacioncajaruraldelsur.com\/#\/schema\/person\/f430da9fb783d505ff061ad8b3d44577"},"breadcrumb":{"@id":"https:\/\/fundacioncajaruraldelsur.com\/presentado-en-la-fundacion-caja-rural-del-sur-historia-de-una-taberna-el-rinconcillo-de-sevilla-con-la-trayectoria-de-350-anos-de-un-bar-legendario\/#breadcrumb"},"inLanguage":"pt-PT","potentialAction":[{"@type":"ReadAction","target":["https:\/\/fundacioncajaruraldelsur.com\/presentado-en-la-fundacion-caja-rural-del-sur-historia-de-una-taberna-el-rinconcillo-de-sevilla-con-la-trayectoria-de-350-anos-de-un-bar-legendario\/"]}]},{"@type":"ImageObject","inLanguage":"pt-PT","@id":"https:\/\/fundacioncajaruraldelsur.com\/presentado-en-la-fundacion-caja-rural-del-sur-historia-de-una-taberna-el-rinconcillo-de-sevilla-con-la-trayectoria-de-350-anos-de-un-bar-legendario\/#primaryimage","url":"https:\/\/fundacioncajaruraldelsur.com\/wp-content\/uploads\/2024\/05\/WhatsApp-Image-2024-05-28-at-18.07.33-1.jpeg","contentUrl":"https:\/\/fundacioncajaruraldelsur.com\/wp-content\/uploads\/2024\/05\/WhatsApp-Image-2024-05-28-at-18.07.33-1.jpeg","width":2048,"height":1536},{"@type":"BreadcrumbList","@id":"https:\/\/fundacioncajaruraldelsur.com\/presentado-en-la-fundacion-caja-rural-del-sur-historia-de-una-taberna-el-rinconcillo-de-sevilla-con-la-trayectoria-de-350-anos-de-un-bar-legendario\/#breadcrumb","itemListElement":[{"@type":"ListItem","position":1,"name":"Portada","item":"https:\/\/fundacioncajaruraldelsur.com\/"},{"@type":"ListItem","position":2,"name":"Presentado en la Fundaci\u00f3n Caja Rural del Sur el libro \u00abHistoria de una taberna: El Rinconcillo de Sevilla\u00bb"}]},{"@type":"WebSite","@id":"https:\/\/fundacioncajaruraldelsur.com\/#website","url":"https:\/\/fundacioncajaruraldelsur.com\/","name":"Funda\u00e7\u00e3o Caja Rural del Sur","description":"","potentialAction":[{"@type":"SearchAction","target":{"@type":"EntryPoint","urlTemplate":"https:\/\/fundacioncajaruraldelsur.com\/?s={search_term_string}"},"query-input":{"@type":"PropertyValueSpecification","valueRequired":true,"valueName":"search_term_string"}}],"inLanguage":"pt-PT"},{"@type":"Person","@id":"https:\/\/fundacioncajaruraldelsur.com\/#\/schema\/person\/f430da9fb783d505ff061ad8b3d44577","name":"Comunicaci\u00f3n","image":{"@type":"ImageObject","inLanguage":"pt-PT","@id":"https:\/\/secure.gravatar.com\/avatar\/0dca239875993680bac4603ad2de7942da018f52cc3a244578e0b3b09314a8d8?s=96&d=blank&r=g","url":"https:\/\/secure.gravatar.com\/avatar\/0dca239875993680bac4603ad2de7942da018f52cc3a244578e0b3b09314a8d8?s=96&d=blank&r=g","contentUrl":"https:\/\/secure.gravatar.com\/avatar\/0dca239875993680bac4603ad2de7942da018f52cc3a244578e0b3b09314a8d8?s=96&d=blank&r=g","caption":"Comunicaci\u00f3n"}}]}},"rttpg_featured_image_url":{"full":["https:\/\/fundacioncajaruraldelsur.com\/wp-content\/uploads\/2024\/05\/WhatsApp-Image-2024-05-28-at-18.07.33-1.jpeg",2048,1536,false],"landscape":["https:\/\/fundacioncajaruraldelsur.com\/wp-content\/uploads\/2024\/05\/WhatsApp-Image-2024-05-28-at-18.07.33-1.jpeg",2048,1536,false],"portraits":["https:\/\/fundacioncajaruraldelsur.com\/wp-content\/uploads\/2024\/05\/WhatsApp-Image-2024-05-28-at-18.07.33-1.jpeg",2048,1536,false],"thumbnail":["https:\/\/fundacioncajaruraldelsur.com\/wp-content\/uploads\/2024\/05\/WhatsApp-Image-2024-05-28-at-18.07.33-1-150x150.jpeg",150,150,true],"medium":["https:\/\/fundacioncajaruraldelsur.com\/wp-content\/uploads\/2024\/05\/WhatsApp-Image-2024-05-28-at-18.07.33-1-300x225.jpeg",300,225,true],"large":["https:\/\/fundacioncajaruraldelsur.com\/wp-content\/uploads\/2024\/05\/WhatsApp-Image-2024-05-28-at-18.07.33-1-1024x768.jpeg",960,720,true],"1536x1536":["https:\/\/fundacioncajaruraldelsur.com\/wp-content\/uploads\/2024\/05\/WhatsApp-Image-2024-05-28-at-18.07.33-1-1536x1152.jpeg",1536,1152,true],"2048x2048":["https:\/\/fundacioncajaruraldelsur.com\/wp-content\/uploads\/2024\/05\/WhatsApp-Image-2024-05-28-at-18.07.33-1.jpeg",2048,1536,false],"trp-custom-language-flag":["https:\/\/fundacioncajaruraldelsur.com\/wp-content\/uploads\/2024\/05\/WhatsApp-Image-2024-05-28-at-18.07.33-1.jpeg",16,12,false],"blog-thumbnail":["https:\/\/fundacioncajaruraldelsur.com\/wp-content\/uploads\/2024\/05\/WhatsApp-Image-2024-05-28-at-18.07.33-1-400x200.jpeg",400,200,true]},"rttpg_author":{"display_name":"Comunicaci\u00f3n","author_link":"https:\/\/fundacioncajaruraldelsur.com\/pt\/author\/sevillaadmin\/"},"rttpg_comment":0,"rttpg_category":"<a href=\"https:\/\/fundacioncajaruraldelsur.com\/pt\/category\/presentaciones\/\" rel=\"category tag\">Presentaciones<\/a>","rttpg_excerpt":"La Fundaci\u00f3n Caja Rural del Sur ha acogido este martes, 28 de mayo, la presentaci\u00f3n del libro \u00abHistoria de una taberna: El Rinconcillo de Sevilla\u00bb\u00a0y un documental que conmemoran los [&hellip;]","_links":{"self":[{"href":"https:\/\/fundacioncajaruraldelsur.com\/pt\/wp-json\/wp\/v2\/posts\/10115","targetHints":{"allow":["GET"]}}],"collection":[{"href":"https:\/\/fundacioncajaruraldelsur.com\/pt\/wp-json\/wp\/v2\/posts"}],"about":[{"href":"https:\/\/fundacioncajaruraldelsur.com\/pt\/wp-json\/wp\/v2\/types\/post"}],"author":[{"embeddable":true,"href":"https:\/\/fundacioncajaruraldelsur.com\/pt\/wp-json\/wp\/v2\/users\/6"}],"replies":[{"embeddable":true,"href":"https:\/\/fundacioncajaruraldelsur.com\/pt\/wp-json\/wp\/v2\/comments?post=10115"}],"version-history":[{"count":3,"href":"https:\/\/fundacioncajaruraldelsur.com\/pt\/wp-json\/wp\/v2\/posts\/10115\/revisions"}],"predecessor-version":[{"id":10124,"href":"https:\/\/fundacioncajaruraldelsur.com\/pt\/wp-json\/wp\/v2\/posts\/10115\/revisions\/10124"}],"wp:featuredmedia":[{"embeddable":true,"href":"https:\/\/fundacioncajaruraldelsur.com\/pt\/wp-json\/wp\/v2\/media\/10116"}],"wp:attachment":[{"href":"https:\/\/fundacioncajaruraldelsur.com\/pt\/wp-json\/wp\/v2\/media?parent=10115"}],"wp:term":[{"taxonomy":"category","embeddable":true,"href":"https:\/\/fundacioncajaruraldelsur.com\/pt\/wp-json\/wp\/v2\/categories?post=10115"},{"taxonomy":"post_tag","embeddable":true,"href":"https:\/\/fundacioncajaruraldelsur.com\/pt\/wp-json\/wp\/v2\/tags?post=10115"}],"curies":[{"name":"wp","href":"https:\/\/api.w.org\/{rel}","templated":true}]}}