{"id":10019,"date":"2024-04-30T15:26:18","date_gmt":"2024-04-30T14:26:18","guid":{"rendered":"\/?p=10019"},"modified":"2024-04-30T15:26:18","modified_gmt":"2024-04-30T14:26:18","slug":"presentacion-en-caja-rural-del-sur-en-sevilla-del-iv-indice-closingap","status":"publish","type":"post","link":"https:\/\/fundacioncajaruraldelsur.com\/pt\/presentacion-en-caja-rural-del-sur-en-sevilla-del-iv-indice-closingap\/","title":{"rendered":"Presentaci\u00f3n en Caja Rural del Sur en Sevilla del IV \u00cdndice ClosinGap"},"content":{"rendered":"<p><strong>El Presidente de Caja Rural del Sur, Jos\u00e9 Luis Garc\u00eda-Palacios<\/strong>, ha participado en la clausura del acto de presentaci\u00f3n del <strong>IV \u00cdndice ClosinGap en Sevilla<\/strong> celebrado en la sede de la entidad en la que han intervenido la presidenta de la Fundaci\u00f3n CEOE, F\u00e1tima B\u00e1\u00f1ez; la consejera de Econom\u00eda y Hacienda de Junta de Andaluc\u00eda, Carolina Espa\u00f1a; la presidenta de la Comisi\u00f3n de Igualdad de la CES y presidenta de la Asociaci\u00f3n de Mujeres Empresarias de Sevilla, Vanessa Mu\u00f1oz; la presidenta de la Asociaci\u00f3n ClosinGap, Marieta Jim\u00e9nez, y su directora general, Lucila Garc\u00eda; adem\u00e1s de la directora de Relaciones Institucionales de Centro San Isidoro, Roc\u00edo G\u00e1lvez.<\/p>\n<p><strong>La presentaci\u00f3n del IV \u00cdndice ClosinGap<\/strong>, el primer indicador en Espa\u00f1a que cuantifica anualmente el impacto de las distintas brechas de g\u00e9nero en el PIB espa\u00f1ol a trav\u00e9s de cinco grandes categor\u00edas: Empleo, Educaci\u00f3n, Conciliaci\u00f3n, Digitalizaci\u00f3n y Salud y Bienestar, ha corrido a cargo de la directora general de la Asociaci\u00f3n ClosinGap, Lucila Garc\u00eda.<\/p>\n<p><strong>Seg\u00fan el \u00cdndice ClosinGap, que entiende el 100% como igualdad plena, el nivel de paridad de g\u00e9nero en Espa\u00f1a en 2023 fue del 64,9%<\/strong>, 0,2 puntos porcentuales superior al del ejercicio anterior, y refleja que todav\u00eda queda una brecha del 35,1% por cerrar. En clave econ\u00f3mica, el coste de oportunidad de la brecha de g\u00e9nero en Espa\u00f1a fue de 213.013 millones de euros, lo que equivale a un 15,85 del PIB de 2022.<\/p>\n<p>De este modo, la paridad de g\u00e9nero mejor\u00f3 ligeramente en Espa\u00f1a durante 2023 (hasta el 64,9%) y sit\u00faa en 2062 el horizonte para cerrar la brecha de g\u00e9nero entre hombres y mujeres, si se mantiene la tendencia en los pr\u00f3ximos a\u00f1os.<\/p>\n<p>A continuaci\u00f3n, ha tenido lugar una mesa inspiracional en la que F<strong>\u00e1tima B\u00e1\u00f1ez, presidenta de Fundaci\u00f3n CEOE, y Marieta Jim\u00e9nez Urgal, presidenta de la Asociaci\u00f3n ClosinGap<\/strong> han debatido sobre la gesti\u00f3n empresarial desde el liderazgo femenino.<\/p>\n<p>\u201cHoy presentamos el \u00cdndice Closingap, un indicador b\u00e1sico para conocer el avance recorrido y el camino pendiente en materia de igualdad, en Andaluc\u00eda, una tierra donde mujeres y hombres estamos comprometidos con la igualdad real para todos\u201d, ha dicho B\u00e1\u00f1ez, quien ha a\u00f1adido que \u201cAndaluc\u00eda es l\u00edder en creaci\u00f3n de empresas y en vocaciones empresariales femeninas\u201d.<\/p>\n<p><strong>En este sentido, la presidenta de la Fundaci\u00f3n CEOE<\/strong> ha dicho que el reto es que las pymes y los aut\u00f3nomos, que son el 99 por ciento del tejido productivo, sigan avanzando en igualdad, que es una tarea de todos y que en Andaluc\u00eda la paridad total supondr\u00eda que podr\u00edan incorporarse 350.000 nuevas mujeres al mercado de trabajo, con un crecimiento de 11 mil millones de euros de riqueza regional y 30000 nuevas empresas. Tenemos una gran oportunidad. \u201cPara eso, pongamos en valor las alianzas. M\u00e1s alianzas es m\u00e1s crecimiento econ\u00f3mico, m\u00e1s oportunidades de empleo y m\u00e1s apuesta decidida por el tejido productivo y el emprendimiento femenino\u201d.<\/p>\n<p><strong>Por su parte, Marieta Jim\u00e9nez<\/strong> ha resaltado la importancia de la conciliaci\u00f3n y la corresponsabilidad como \u00e1reas clave para abordar y afrontar las disparidades, y es que, tal como se menciona en el Informe de ClosinGap sobre la brecha de g\u00e9nero en la conciliaci\u00f3n, el coste de oportunidad cuando se produce una renuncia total o parcial de las mujeres a participar en el mercado laboral asciende a 1.280 millones de euros. Asimismo, ha puesto \u00e9nfasis en la situaci\u00f3n de los j\u00f3venes, indicando que, en Espa\u00f1a, el 92% de los j\u00f3venes considera que su bienestar emocional es uno de los aspectos m\u00e1s significativos de su vida, de acuerdo con la encuesta de Merck: \u00abSalud Emocional. Qu\u00e9 mueve a los Z y millennials europeos\u00bb.<\/p>\n<p><strong>Finalmente, la consejera de Econom\u00eda y Hacienda de la Junta de Andaluc\u00eda, Carolina Espa\u00f1a,<\/strong> quien se ha encargado del cierre institucional del acto, ha apuntado que \u201cla integraci\u00f3n de la mujer en el mundo laboral en igualdad de condiciones no es s\u00f3lo un derecho, sino una necesidad econ\u00f3mica\u201d. De hecho, ha alertado contra el coste que supone que \u201ctodav\u00eda haya demasiadas mujeres que renuncian al desarrollo profesional a cambio de la crianza: No podemos permitirnos el lujo de perder ning\u00fan talento, y especialmente el talento de la mujer, porque las mujeres tienen un papel fundamental en el cambio andaluz. Las mujeres cambian Andaluc\u00eda\u201d.<\/p>\n<p>En el acto el encargado de dar la bienvenida fue,\u00a0<b>Luis Fernando Rodr\u00edguez, Director del \u00c1rea de Gesti\u00f3n de Personas de Caja Rural del Sur.\u00a0<\/b><\/p>\n<p><a href=\"\/wp-content\/uploads\/2024\/04\/WhatsApp-Image-2024-04-30-at-16.16.56.jpeg\" rel=\"lightbox-0\"><img loading=\"lazy\" decoding=\"async\" class=\"alignnone wp-image-10021 size-full\" src=\"\/wp-content\/uploads\/2024\/04\/WhatsApp-Image-2024-04-30-at-16.16.56.jpeg\" alt=\"\" width=\"2048\" height=\"1234\" srcset=\"https:\/\/fundacioncajaruraldelsur.com\/wp-content\/uploads\/2024\/04\/WhatsApp-Image-2024-04-30-at-16.16.56.jpeg 2048w, https:\/\/fundacioncajaruraldelsur.com\/wp-content\/uploads\/2024\/04\/WhatsApp-Image-2024-04-30-at-16.16.56-300x181.jpeg 300w, https:\/\/fundacioncajaruraldelsur.com\/wp-content\/uploads\/2024\/04\/WhatsApp-Image-2024-04-30-at-16.16.56-1024x617.jpeg 1024w, https:\/\/fundacioncajaruraldelsur.com\/wp-content\/uploads\/2024\/04\/WhatsApp-Image-2024-04-30-at-16.16.56-768x463.jpeg 768w, https:\/\/fundacioncajaruraldelsur.com\/wp-content\/uploads\/2024\/04\/WhatsApp-Image-2024-04-30-at-16.16.56-1536x926.jpeg 1536w\" sizes=\"auto, (max-width: 2048px) 100vw, 2048px\" \/><\/a> <a href=\"\/wp-content\/uploads\/2024\/04\/WhatsApp-Image-2024-04-30-at-16.16.58.jpeg\" rel=\"lightbox-1\"><img loading=\"lazy\" decoding=\"async\" class=\"alignnone wp-image-10022 size-full\" src=\"\/wp-content\/uploads\/2024\/04\/WhatsApp-Image-2024-04-30-at-16.16.58.jpeg\" alt=\"\" width=\"2048\" height=\"1536\" srcset=\"https:\/\/fundacioncajaruraldelsur.com\/wp-content\/uploads\/2024\/04\/WhatsApp-Image-2024-04-30-at-16.16.58.jpeg 2048w, https:\/\/fundacioncajaruraldelsur.com\/wp-content\/uploads\/2024\/04\/WhatsApp-Image-2024-04-30-at-16.16.58-300x225.jpeg 300w, https:\/\/fundacioncajaruraldelsur.com\/wp-content\/uploads\/2024\/04\/WhatsApp-Image-2024-04-30-at-16.16.58-1024x768.jpeg 1024w, https:\/\/fundacioncajaruraldelsur.com\/wp-content\/uploads\/2024\/04\/WhatsApp-Image-2024-04-30-at-16.16.58-768x576.jpeg 768w, https:\/\/fundacioncajaruraldelsur.com\/wp-content\/uploads\/2024\/04\/WhatsApp-Image-2024-04-30-at-16.16.58-1536x1152.jpeg 1536w\" sizes=\"auto, (max-width: 2048px) 100vw, 2048px\" \/><\/a><\/p>\n<p>&nbsp;<\/p>","protected":false},"excerpt":{"rendered":"<p>El Presidente de Caja Rural del Sur, Jos\u00e9 Luis Garc\u00eda-Palacios, ha participado en la clausura del acto de presentaci\u00f3n del IV \u00cdndice ClosinGap en Sevilla celebrado en la sede de [&hellip;]<\/p>\n","protected":false},"author":6,"featured_media":10020,"comment_status":"closed","ping_status":"closed","sticky":false,"template":"","format":"standard","meta":{"footnotes":""},"categories":[84],"tags":[],"class_list":["post-10019","post","type-post","status-publish","format-standard","has-post-thumbnail","hentry","category-presentaciones"],"yoast_head":"<!-- This site is optimized with the Yoast SEO plugin v27.3 - https:\/\/yoast.com\/product\/yoast-seo-wordpress\/ -->\n<title>Presentaci\u00f3n en Caja Rural del Sur en Sevilla del IV \u00cdndice ClosinGap - Fundaci\u00f3n Caja Rural del Sur<\/title>\n<meta name=\"robots\" content=\"index, follow, max-snippet:-1, max-image-preview:large, max-video-preview:-1\" \/>\n<link rel=\"canonical\" href=\"https:\/\/fundacioncajaruraldelsur.com\/pt\/presentacion-en-caja-rural-del-sur-en-sevilla-del-iv-indice-closingap\/\" \/>\n<meta property=\"og:locale\" content=\"pt_PT\" \/>\n<meta property=\"og:type\" content=\"article\" \/>\n<meta property=\"og:title\" content=\"Presentaci\u00f3n en Caja Rural del Sur en Sevilla del IV \u00cdndice ClosinGap - Fundaci\u00f3n Caja Rural del Sur\" \/>\n<meta property=\"og:description\" content=\"El Presidente de Caja Rural del Sur, Jos\u00e9 Luis Garc\u00eda-Palacios, ha participado en la clausura del acto de presentaci\u00f3n del IV \u00cdndice ClosinGap en Sevilla celebrado en la sede de [&hellip;]\" \/>\n<meta property=\"og:url\" content=\"https:\/\/fundacioncajaruraldelsur.com\/pt\/presentacion-en-caja-rural-del-sur-en-sevilla-del-iv-indice-closingap\/\" \/>\n<meta property=\"og:site_name\" content=\"Fundaci\u00f3n Caja Rural del Sur\" \/>\n<meta property=\"article:published_time\" content=\"2024-04-30T14:26:18+00:00\" \/>\n<meta property=\"og:image\" content=\"https:\/\/fundacioncajaruraldelsur.com\/wp-content\/uploads\/2024\/04\/Presentacion-Indice-Closingap.jpg\" \/>\n\t<meta property=\"og:image:width\" content=\"1280\" \/>\n\t<meta property=\"og:image:height\" content=\"1079\" \/>\n\t<meta property=\"og:image:type\" content=\"image\/jpeg\" \/>\n<meta name=\"author\" content=\"Comunicaci\u00f3n\" \/>\n<meta name=\"twitter:card\" content=\"summary_large_image\" \/>\n<meta name=\"twitter:label1\" content=\"Written by\" \/>\n\t<meta name=\"twitter:data1\" content=\"Comunicaci\u00f3n\" \/>\n\t<meta name=\"twitter:label2\" content=\"Est. reading time\" \/>\n\t<meta name=\"twitter:data2\" content=\"4 minutes\" \/>\n<script type=\"application\/ld+json\" class=\"yoast-schema-graph\">{\"@context\":\"https:\\\/\\\/schema.org\",\"@graph\":[{\"@type\":\"Article\",\"@id\":\"https:\\\/\\\/fundacioncajaruraldelsur.com\\\/presentacion-en-caja-rural-del-sur-en-sevilla-del-iv-indice-closingap\\\/#article\",\"isPartOf\":{\"@id\":\"https:\\\/\\\/fundacioncajaruraldelsur.com\\\/presentacion-en-caja-rural-del-sur-en-sevilla-del-iv-indice-closingap\\\/\"},\"author\":{\"name\":\"Comunicaci\u00f3n\",\"@id\":\"https:\\\/\\\/fundacioncajaruraldelsur.com\\\/#\\\/schema\\\/person\\\/f430da9fb783d505ff061ad8b3d44577\"},\"headline\":\"Presentaci\u00f3n en Caja Rural del Sur en Sevilla del IV \u00cdndice ClosinGap\",\"datePublished\":\"2024-04-30T14:26:18+00:00\",\"mainEntityOfPage\":{\"@id\":\"https:\\\/\\\/fundacioncajaruraldelsur.com\\\/presentacion-en-caja-rural-del-sur-en-sevilla-del-iv-indice-closingap\\\/\"},\"wordCount\":805,\"image\":{\"@id\":\"https:\\\/\\\/fundacioncajaruraldelsur.com\\\/presentacion-en-caja-rural-del-sur-en-sevilla-del-iv-indice-closingap\\\/#primaryimage\"},\"thumbnailUrl\":\"https:\\\/\\\/fundacioncajaruraldelsur.com\\\/wp-content\\\/uploads\\\/2024\\\/04\\\/Presentacion-Indice-Closingap.jpg\",\"articleSection\":[\"Presentaciones\"],\"inLanguage\":\"pt-PT\"},{\"@type\":\"WebPage\",\"@id\":\"https:\\\/\\\/fundacioncajaruraldelsur.com\\\/presentacion-en-caja-rural-del-sur-en-sevilla-del-iv-indice-closingap\\\/\",\"url\":\"https:\\\/\\\/fundacioncajaruraldelsur.com\\\/presentacion-en-caja-rural-del-sur-en-sevilla-del-iv-indice-closingap\\\/\",\"name\":\"Presentaci\u00f3n en Caja Rural del Sur en Sevilla del IV \u00cdndice ClosinGap - Fundaci\u00f3n Caja Rural del Sur\",\"isPartOf\":{\"@id\":\"https:\\\/\\\/fundacioncajaruraldelsur.com\\\/#website\"},\"primaryImageOfPage\":{\"@id\":\"https:\\\/\\\/fundacioncajaruraldelsur.com\\\/presentacion-en-caja-rural-del-sur-en-sevilla-del-iv-indice-closingap\\\/#primaryimage\"},\"image\":{\"@id\":\"https:\\\/\\\/fundacioncajaruraldelsur.com\\\/presentacion-en-caja-rural-del-sur-en-sevilla-del-iv-indice-closingap\\\/#primaryimage\"},\"thumbnailUrl\":\"https:\\\/\\\/fundacioncajaruraldelsur.com\\\/wp-content\\\/uploads\\\/2024\\\/04\\\/Presentacion-Indice-Closingap.jpg\",\"datePublished\":\"2024-04-30T14:26:18+00:00\",\"author\":{\"@id\":\"https:\\\/\\\/fundacioncajaruraldelsur.com\\\/#\\\/schema\\\/person\\\/f430da9fb783d505ff061ad8b3d44577\"},\"breadcrumb\":{\"@id\":\"https:\\\/\\\/fundacioncajaruraldelsur.com\\\/presentacion-en-caja-rural-del-sur-en-sevilla-del-iv-indice-closingap\\\/#breadcrumb\"},\"inLanguage\":\"pt-PT\",\"potentialAction\":[{\"@type\":\"ReadAction\",\"target\":[\"https:\\\/\\\/fundacioncajaruraldelsur.com\\\/presentacion-en-caja-rural-del-sur-en-sevilla-del-iv-indice-closingap\\\/\"]}]},{\"@type\":\"ImageObject\",\"inLanguage\":\"pt-PT\",\"@id\":\"https:\\\/\\\/fundacioncajaruraldelsur.com\\\/presentacion-en-caja-rural-del-sur-en-sevilla-del-iv-indice-closingap\\\/#primaryimage\",\"url\":\"https:\\\/\\\/fundacioncajaruraldelsur.com\\\/wp-content\\\/uploads\\\/2024\\\/04\\\/Presentacion-Indice-Closingap.jpg\",\"contentUrl\":\"https:\\\/\\\/fundacioncajaruraldelsur.com\\\/wp-content\\\/uploads\\\/2024\\\/04\\\/Presentacion-Indice-Closingap.jpg\",\"width\":1280,\"height\":1079},{\"@type\":\"BreadcrumbList\",\"@id\":\"https:\\\/\\\/fundacioncajaruraldelsur.com\\\/presentacion-en-caja-rural-del-sur-en-sevilla-del-iv-indice-closingap\\\/#breadcrumb\",\"itemListElement\":[{\"@type\":\"ListItem\",\"position\":1,\"name\":\"Portada\",\"item\":\"https:\\\/\\\/fundacioncajaruraldelsur.com\\\/\"},{\"@type\":\"ListItem\",\"position\":2,\"name\":\"Presentaci\u00f3n en Caja Rural del Sur en Sevilla del IV \u00cdndice ClosinGap\"}]},{\"@type\":\"WebSite\",\"@id\":\"https:\\\/\\\/fundacioncajaruraldelsur.com\\\/#website\",\"url\":\"https:\\\/\\\/fundacioncajaruraldelsur.com\\\/\",\"name\":\"Fundaci\u00f3n Caja Rural del Sur\",\"description\":\"\",\"potentialAction\":[{\"@type\":\"SearchAction\",\"target\":{\"@type\":\"EntryPoint\",\"urlTemplate\":\"https:\\\/\\\/fundacioncajaruraldelsur.com\\\/?s={search_term_string}\"},\"query-input\":{\"@type\":\"PropertyValueSpecification\",\"valueRequired\":true,\"valueName\":\"search_term_string\"}}],\"inLanguage\":\"pt-PT\"},{\"@type\":\"Person\",\"@id\":\"https:\\\/\\\/fundacioncajaruraldelsur.com\\\/#\\\/schema\\\/person\\\/f430da9fb783d505ff061ad8b3d44577\",\"name\":\"Comunicaci\u00f3n\",\"image\":{\"@type\":\"ImageObject\",\"inLanguage\":\"pt-PT\",\"@id\":\"https:\\\/\\\/secure.gravatar.com\\\/avatar\\\/0dca239875993680bac4603ad2de7942da018f52cc3a244578e0b3b09314a8d8?s=96&d=blank&r=g\",\"url\":\"https:\\\/\\\/secure.gravatar.com\\\/avatar\\\/0dca239875993680bac4603ad2de7942da018f52cc3a244578e0b3b09314a8d8?s=96&d=blank&r=g\",\"contentUrl\":\"https:\\\/\\\/secure.gravatar.com\\\/avatar\\\/0dca239875993680bac4603ad2de7942da018f52cc3a244578e0b3b09314a8d8?s=96&d=blank&r=g\",\"caption\":\"Comunicaci\u00f3n\"}}]}<\/script>\n<!-- \/ Yoast SEO plugin. -->","yoast_head_json":{"title":"Presentaci\u00f3n en Caja Rural del Sur en Sevilla del IV \u00cdndice ClosinGap - Fundaci\u00f3n Caja Rural del Sur","robots":{"index":"index","follow":"follow","max-snippet":"max-snippet:-1","max-image-preview":"max-image-preview:large","max-video-preview":"max-video-preview:-1"},"canonical":"https:\/\/fundacioncajaruraldelsur.com\/pt\/presentacion-en-caja-rural-del-sur-en-sevilla-del-iv-indice-closingap\/","og_locale":"pt_PT","og_type":"article","og_title":"Presentaci\u00f3n en Caja Rural del Sur en Sevilla del IV \u00cdndice ClosinGap - Fundaci\u00f3n Caja Rural del Sur","og_description":"El Presidente de Caja Rural del Sur, Jos\u00e9 Luis Garc\u00eda-Palacios, ha participado en la clausura del acto de presentaci\u00f3n del IV \u00cdndice ClosinGap en Sevilla celebrado en la sede de [&hellip;]","og_url":"https:\/\/fundacioncajaruraldelsur.com\/pt\/presentacion-en-caja-rural-del-sur-en-sevilla-del-iv-indice-closingap\/","og_site_name":"Fundaci\u00f3n Caja Rural del Sur","article_published_time":"2024-04-30T14:26:18+00:00","og_image":[{"width":1280,"height":1079,"url":"https:\/\/fundacioncajaruraldelsur.com\/wp-content\/uploads\/2024\/04\/Presentacion-Indice-Closingap.jpg","type":"image\/jpeg"}],"author":"Comunicaci\u00f3n","twitter_card":"summary_large_image","twitter_misc":{"Written by":"Comunicaci\u00f3n","Est. reading time":"4 minutes"},"schema":{"@context":"https:\/\/schema.org","@graph":[{"@type":"Article","@id":"https:\/\/fundacioncajaruraldelsur.com\/presentacion-en-caja-rural-del-sur-en-sevilla-del-iv-indice-closingap\/#article","isPartOf":{"@id":"https:\/\/fundacioncajaruraldelsur.com\/presentacion-en-caja-rural-del-sur-en-sevilla-del-iv-indice-closingap\/"},"author":{"name":"Comunicaci\u00f3n","@id":"https:\/\/fundacioncajaruraldelsur.com\/#\/schema\/person\/f430da9fb783d505ff061ad8b3d44577"},"headline":"Presentaci\u00f3n en Caja Rural del Sur en Sevilla del IV \u00cdndice ClosinGap","datePublished":"2024-04-30T14:26:18+00:00","mainEntityOfPage":{"@id":"https:\/\/fundacioncajaruraldelsur.com\/presentacion-en-caja-rural-del-sur-en-sevilla-del-iv-indice-closingap\/"},"wordCount":805,"image":{"@id":"https:\/\/fundacioncajaruraldelsur.com\/presentacion-en-caja-rural-del-sur-en-sevilla-del-iv-indice-closingap\/#primaryimage"},"thumbnailUrl":"https:\/\/fundacioncajaruraldelsur.com\/wp-content\/uploads\/2024\/04\/Presentacion-Indice-Closingap.jpg","articleSection":["Presentaciones"],"inLanguage":"pt-PT"},{"@type":"WebPage","@id":"https:\/\/fundacioncajaruraldelsur.com\/presentacion-en-caja-rural-del-sur-en-sevilla-del-iv-indice-closingap\/","url":"https:\/\/fundacioncajaruraldelsur.com\/presentacion-en-caja-rural-del-sur-en-sevilla-del-iv-indice-closingap\/","name":"Presentaci\u00f3n en Caja Rural del Sur en Sevilla del IV \u00cdndice ClosinGap - Fundaci\u00f3n Caja Rural del Sur","isPartOf":{"@id":"https:\/\/fundacioncajaruraldelsur.com\/#website"},"primaryImageOfPage":{"@id":"https:\/\/fundacioncajaruraldelsur.com\/presentacion-en-caja-rural-del-sur-en-sevilla-del-iv-indice-closingap\/#primaryimage"},"image":{"@id":"https:\/\/fundacioncajaruraldelsur.com\/presentacion-en-caja-rural-del-sur-en-sevilla-del-iv-indice-closingap\/#primaryimage"},"thumbnailUrl":"https:\/\/fundacioncajaruraldelsur.com\/wp-content\/uploads\/2024\/04\/Presentacion-Indice-Closingap.jpg","datePublished":"2024-04-30T14:26:18+00:00","author":{"@id":"https:\/\/fundacioncajaruraldelsur.com\/#\/schema\/person\/f430da9fb783d505ff061ad8b3d44577"},"breadcrumb":{"@id":"https:\/\/fundacioncajaruraldelsur.com\/presentacion-en-caja-rural-del-sur-en-sevilla-del-iv-indice-closingap\/#breadcrumb"},"inLanguage":"pt-PT","potentialAction":[{"@type":"ReadAction","target":["https:\/\/fundacioncajaruraldelsur.com\/presentacion-en-caja-rural-del-sur-en-sevilla-del-iv-indice-closingap\/"]}]},{"@type":"ImageObject","inLanguage":"pt-PT","@id":"https:\/\/fundacioncajaruraldelsur.com\/presentacion-en-caja-rural-del-sur-en-sevilla-del-iv-indice-closingap\/#primaryimage","url":"https:\/\/fundacioncajaruraldelsur.com\/wp-content\/uploads\/2024\/04\/Presentacion-Indice-Closingap.jpg","contentUrl":"https:\/\/fundacioncajaruraldelsur.com\/wp-content\/uploads\/2024\/04\/Presentacion-Indice-Closingap.jpg","width":1280,"height":1079},{"@type":"BreadcrumbList","@id":"https:\/\/fundacioncajaruraldelsur.com\/presentacion-en-caja-rural-del-sur-en-sevilla-del-iv-indice-closingap\/#breadcrumb","itemListElement":[{"@type":"ListItem","position":1,"name":"Portada","item":"https:\/\/fundacioncajaruraldelsur.com\/"},{"@type":"ListItem","position":2,"name":"Presentaci\u00f3n en Caja Rural del Sur en Sevilla del IV \u00cdndice ClosinGap"}]},{"@type":"WebSite","@id":"https:\/\/fundacioncajaruraldelsur.com\/#website","url":"https:\/\/fundacioncajaruraldelsur.com\/","name":"Funda\u00e7\u00e3o Caja Rural del Sur","description":"","potentialAction":[{"@type":"SearchAction","target":{"@type":"EntryPoint","urlTemplate":"https:\/\/fundacioncajaruraldelsur.com\/?s={search_term_string}"},"query-input":{"@type":"PropertyValueSpecification","valueRequired":true,"valueName":"search_term_string"}}],"inLanguage":"pt-PT"},{"@type":"Person","@id":"https:\/\/fundacioncajaruraldelsur.com\/#\/schema\/person\/f430da9fb783d505ff061ad8b3d44577","name":"Comunicaci\u00f3n","image":{"@type":"ImageObject","inLanguage":"pt-PT","@id":"https:\/\/secure.gravatar.com\/avatar\/0dca239875993680bac4603ad2de7942da018f52cc3a244578e0b3b09314a8d8?s=96&d=blank&r=g","url":"https:\/\/secure.gravatar.com\/avatar\/0dca239875993680bac4603ad2de7942da018f52cc3a244578e0b3b09314a8d8?s=96&d=blank&r=g","contentUrl":"https:\/\/secure.gravatar.com\/avatar\/0dca239875993680bac4603ad2de7942da018f52cc3a244578e0b3b09314a8d8?s=96&d=blank&r=g","caption":"Comunicaci\u00f3n"}}]}},"rttpg_featured_image_url":{"full":["https:\/\/fundacioncajaruraldelsur.com\/wp-content\/uploads\/2024\/04\/Presentacion-Indice-Closingap.jpg",1280,1079,false],"landscape":["https:\/\/fundacioncajaruraldelsur.com\/wp-content\/uploads\/2024\/04\/Presentacion-Indice-Closingap.jpg",1280,1079,false],"portraits":["https:\/\/fundacioncajaruraldelsur.com\/wp-content\/uploads\/2024\/04\/Presentacion-Indice-Closingap.jpg",1280,1079,false],"thumbnail":["https:\/\/fundacioncajaruraldelsur.com\/wp-content\/uploads\/2024\/04\/Presentacion-Indice-Closingap-150x150.jpg",150,150,true],"medium":["https:\/\/fundacioncajaruraldelsur.com\/wp-content\/uploads\/2024\/04\/Presentacion-Indice-Closingap-300x253.jpg",300,253,true],"large":["https:\/\/fundacioncajaruraldelsur.com\/wp-content\/uploads\/2024\/04\/Presentacion-Indice-Closingap-1024x863.jpg",960,809,true],"1536x1536":["https:\/\/fundacioncajaruraldelsur.com\/wp-content\/uploads\/2024\/04\/Presentacion-Indice-Closingap.jpg",1280,1079,false],"2048x2048":["https:\/\/fundacioncajaruraldelsur.com\/wp-content\/uploads\/2024\/04\/Presentacion-Indice-Closingap.jpg",1280,1079,false],"trp-custom-language-flag":["https:\/\/fundacioncajaruraldelsur.com\/wp-content\/uploads\/2024\/04\/Presentacion-Indice-Closingap.jpg",14,12,false],"blog-thumbnail":["https:\/\/fundacioncajaruraldelsur.com\/wp-content\/uploads\/2024\/04\/Presentacion-Indice-Closingap-400x200.jpg",400,200,true]},"rttpg_author":{"display_name":"Comunicaci\u00f3n","author_link":"https:\/\/fundacioncajaruraldelsur.com\/pt\/author\/sevillaadmin\/"},"rttpg_comment":0,"rttpg_category":"<a href=\"https:\/\/fundacioncajaruraldelsur.com\/pt\/category\/presentaciones\/\" rel=\"category tag\">Presentaciones<\/a>","rttpg_excerpt":"El Presidente de Caja Rural del Sur, Jos\u00e9 Luis Garc\u00eda-Palacios, ha participado en la clausura del acto de presentaci\u00f3n del IV \u00cdndice ClosinGap en Sevilla celebrado en la sede de [&hellip;]","_links":{"self":[{"href":"https:\/\/fundacioncajaruraldelsur.com\/pt\/wp-json\/wp\/v2\/posts\/10019","targetHints":{"allow":["GET"]}}],"collection":[{"href":"https:\/\/fundacioncajaruraldelsur.com\/pt\/wp-json\/wp\/v2\/posts"}],"about":[{"href":"https:\/\/fundacioncajaruraldelsur.com\/pt\/wp-json\/wp\/v2\/types\/post"}],"author":[{"embeddable":true,"href":"https:\/\/fundacioncajaruraldelsur.com\/pt\/wp-json\/wp\/v2\/users\/6"}],"replies":[{"embeddable":true,"href":"https:\/\/fundacioncajaruraldelsur.com\/pt\/wp-json\/wp\/v2\/comments?post=10019"}],"version-history":[{"count":1,"href":"https:\/\/fundacioncajaruraldelsur.com\/pt\/wp-json\/wp\/v2\/posts\/10019\/revisions"}],"predecessor-version":[{"id":10023,"href":"https:\/\/fundacioncajaruraldelsur.com\/pt\/wp-json\/wp\/v2\/posts\/10019\/revisions\/10023"}],"wp:featuredmedia":[{"embeddable":true,"href":"https:\/\/fundacioncajaruraldelsur.com\/pt\/wp-json\/wp\/v2\/media\/10020"}],"wp:attachment":[{"href":"https:\/\/fundacioncajaruraldelsur.com\/pt\/wp-json\/wp\/v2\/media?parent=10019"}],"wp:term":[{"taxonomy":"category","embeddable":true,"href":"https:\/\/fundacioncajaruraldelsur.com\/pt\/wp-json\/wp\/v2\/categories?post=10019"},{"taxonomy":"post_tag","embeddable":true,"href":"https:\/\/fundacioncajaruraldelsur.com\/pt\/wp-json\/wp\/v2\/tags?post=10019"}],"curies":[{"name":"wp","href":"https:\/\/api.w.org\/{rel}","templated":true}]}}