{"id":9271,"global_id":"fundacioncajaruraldelsur.com\/pt?id=9271","global_id_lineage":["fundacioncajaruraldelsur.com\/pt?id=9271"],"author":"8","status":"publish","date":"2023-10-17 12:51:30","date_utc":"2023-10-17 11:51:30","modified":"2023-10-17 13:08:09","modified_utc":"2023-10-17 12:08:09","url":"https:\/\/fundacioncajaruraldelsur.com\/pt\/evento\/charla-coloquio-musicos-valencianos-y-sevillanos-vinculos-e-inspiracion\/","rest_url":"https:\/\/fundacioncajaruraldelsur.com\/pt\/wp-json\/tribe\/events\/v1\/events\/9271","title":"Charla-Coloquio: \u00abM\u00fasicos Valencianos y Sevillanos: v\u00ednculos e inspiraci\u00f3n\u00bb","description":"<p><a href=\"\/wp-content\/uploads\/2023\/10\/Conferencia-David-Gomez-scaled.jpeg\" rel=\"lightbox-0\"><img loading=\"lazy\" decoding=\"async\" class=\"alignnone size-full wp-image-9272\" src=\"\/wp-content\/uploads\/2023\/10\/Conferencia-David-Gomez-scaled.jpeg\" alt=\"\" width=\"1920\" height=\"2560\" srcset=\"https:\/\/fundacioncajaruraldelsur.com\/wp-content\/uploads\/2023\/10\/Conferencia-David-Gomez-scaled.jpeg 1920w, https:\/\/fundacioncajaruraldelsur.com\/wp-content\/uploads\/2023\/10\/Conferencia-David-Gomez-225x300.jpeg 225w, https:\/\/fundacioncajaruraldelsur.com\/wp-content\/uploads\/2023\/10\/Conferencia-David-Gomez-768x1024.jpeg 768w, https:\/\/fundacioncajaruraldelsur.com\/wp-content\/uploads\/2023\/10\/Conferencia-David-Gomez-1152x1536.jpeg 1152w, https:\/\/fundacioncajaruraldelsur.com\/wp-content\/uploads\/2023\/10\/Conferencia-David-Gomez-1536x2048.jpeg 1536w\" sizes=\"auto, (max-width: 1920px) 100vw, 1920px\" \/><\/a><\/p>","excerpt":"","slug":"charla-coloquio-musicos-valencianos-y-sevillanos-vinculos-e-inspiracion","image":{"url":"https:\/\/fundacioncajaruraldelsur.com\/wp-content\/uploads\/2023\/10\/Diseno-sin-titulo-26.png","id":9274,"extension":"png","width":1925,"height":500,"filesize":1348044,"sizes":{"medium":{"width":300,"height":78,"mime-type":"image\/png","filesize":47989,"url":"https:\/\/fundacioncajaruraldelsur.com\/wp-content\/uploads\/2023\/10\/Diseno-sin-titulo-26-300x78.png"},"large":{"width":1024,"height":266,"mime-type":"image\/png","filesize":407873,"url":"https:\/\/fundacioncajaruraldelsur.com\/wp-content\/uploads\/2023\/10\/Diseno-sin-titulo-26-1024x266.png"},"thumbnail":{"width":150,"height":150,"mime-type":"image\/png","filesize":36519,"url":"https:\/\/fundacioncajaruraldelsur.com\/wp-content\/uploads\/2023\/10\/Diseno-sin-titulo-26-150x150.png"},"medium_large":{"width":768,"height":199,"mime-type":"image\/png","filesize":245060,"url":"https:\/\/fundacioncajaruraldelsur.com\/wp-content\/uploads\/2023\/10\/Diseno-sin-titulo-26-768x199.png"},"1536x1536":{"width":1536,"height":399,"mime-type":"image\/png","filesize":845142,"url":"https:\/\/fundacioncajaruraldelsur.com\/wp-content\/uploads\/2023\/10\/Diseno-sin-titulo-26-1536x399.png"},"blog-thumbnail":{"width":400,"height":200,"mime-type":"image\/png","filesize":127806,"url":"https:\/\/fundacioncajaruraldelsur.com\/wp-content\/uploads\/2023\/10\/Diseno-sin-titulo-26-400x200.png"}}},"all_day":false,"start_date":"2023-10-20 20:00:00","start_date_details":{"year":"2023","month":"10","day":"20","hour":"20","minutes":"00","seconds":"00"},"end_date":"2023-10-20 20:00:00","end_date_details":{"year":"2023","month":"10","day":"20","hour":"20","minutes":"00","seconds":"00"},"utc_start_date":"2023-10-20 18:00:00","utc_start_date_details":{"year":"2023","month":"10","day":"20","hour":"18","minutes":"00","seconds":"00"},"utc_end_date":"2023-10-20 18:00:00","utc_end_date_details":{"year":"2023","month":"10","day":"20","hour":"18","minutes":"00","seconds":"00"},"timezone":"UTC+1","timezone_abbr":"UTC+1","cost":"","cost_details":{"currency_symbol":"","currency_code":"","currency_position":"prefix","values":[]},"website":"","show_map":true,"show_map_link":true,"hide_from_listings":false,"sticky":false,"featured":false,"categories":[{"name":"conferencias","slug":"conferencias","term_group":0,"term_taxonomy_id":59,"taxonomy":"tribe_events_cat","description":"","parent":0,"count":129,"filter":"raw","id":59,"urls":{"self":"https:\/\/fundacioncajaruraldelsur.com\/pt\/wp-json\/tribe\/events\/v1\/categories\/59","collection":"https:\/\/fundacioncajaruraldelsur.com\/pt\/wp-json\/tribe\/events\/v1\/categories"}}],"tags":[],"venue":{"id":2638,"author":"4","status":"publish","date":"2015-05-15 11:40:51","date_utc":"2015-05-15 09:40:51","modified":"2022-09-23 12:28:07","modified_utc":"2022-09-23 10:28:07","url":"https:\/\/fundacioncajaruraldelsur.com\/pt\/local\/fundacion-caja-rural-del-sur-en-sevilla\/","venue":"Fundaci\u00f3n Caja Rural del Sur Sevilla","slug":"fundacion-caja-rural-del-sur-en-sevilla","address":"C\/ Murillo, 2","city":"Sevilla","country":"Espa\u00f1a","province":"Sevilla","zip":"41001","stateprovince":"Sevilla","geo_lat":37.2583599,"geo_lng":-6.9535303,"json_ld":{"@type":"Place","name":"Fundaci\u00f3n Caja Rural del Sur Sevilla","description":"","url":"https:\/\/fundacioncajaruraldelsur.com\/pt\/local\/fundacion-caja-rural-del-sur-en-sevilla\/","address":{"@type":"PostalAddress","streetAddress":"C\/ Murillo, 2","addressLocality":"Sevilla","addressRegion":"Sevilla","postalCode":"41001","addressCountry":"Espa\u00f1a"},"geo":{"@type":"GeoCoordinates","latitude":37.2583599,"longitude":-6.9535303},"telephone":"","sameAs":""},"show_map":false,"show_map_link":true,"global_id":"fundacioncajaruraldelsur.com\/pt?id=2638","global_id_lineage":["fundacioncajaruraldelsur.com\/pt?id=2638"]},"organizer":[],"custom_fields":[],"json_ld":{"@context":"http:\/\/schema.org","@type":"Event","name":"Charla-Coloquio: \u00abM\u00fasicos Valencianos y Sevillanos: v\u00ednculos e inspiraci\u00f3n\u00bb","description":"","image":"https:\/\/fundacioncajaruraldelsur.com\/wp-content\/uploads\/2023\/10\/Diseno-sin-titulo-26.png","url":"https:\/\/fundacioncajaruraldelsur.com\/pt\/evento\/charla-coloquio-musicos-valencianos-y-sevillanos-vinculos-e-inspiracion\/","eventAttendanceMode":"https:\/\/schema.org\/OfflineEventAttendanceMode","eventStatus":"https:\/\/schema.org\/EventScheduled","startDate":"2023-10-20T20:00:00+01:00","endDate":"2023-10-20T20:00:00+01:00","location":{"@type":"Place","name":"Fundaci\u00f3n Caja Rural del Sur Sevilla","description":"","url":"https:\/\/fundacioncajaruraldelsur.com\/pt\/local\/fundacion-caja-rural-del-sur-en-sevilla\/","address":{"@type":"PostalAddress","streetAddress":"C\/ Murillo, 2","addressLocality":"Sevilla","addressRegion":"Sevilla","postalCode":"41001","addressCountry":"Espa\u00f1a"},"geo":{"@type":"GeoCoordinates","latitude":37.2583599,"longitude":-6.9535303},"telephone":"","sameAs":""},"performer":"Organization"},"is_virtual":false,"virtual_url":null,"virtual_video_source":""}